{"id":10340,"date":"2024-03-15T13:14:40","date_gmt":"2024-03-15T12:14:40","guid":{"rendered":"https:\/\/blog.ocasionplus.com\/?p=10340"},"modified":"2025-03-27T14:04:33","modified_gmt":"2025-03-27T13:04:33","slug":"toyota-registra-record-de-ventas-coches-en-2023","status":"publish","type":"post","link":"https:\/\/www.ocasionplus.com\/noticias\/toyota-registra-record-de-ventas-coches-en-2023\/","title":{"rendered":"Toyota registra r\u00e9cord de ventas coches en 2023"},"content":{"rendered":"\n<p>El <strong>grupo Toyota Motor Europa<\/strong> vendi\u00f3 un total de <strong>1.173.419 veh\u00edculos de Toyota y Lexus en 2023<\/strong>, lo que supuso un aumento interanual del 9% y una cuota de mercado del 6,7%. Toyota obtuvo el mejor dato de la historia en el continente europeo, lo que demuestra la estrategia aceptada de la marca japonesa, pues <strong>las ventas de coches electrificados<\/strong> aumentaron un 14% y representan el 70% del volumen total del mercado. Adem\u00e1s, las ventas de modelos de la marca Lexus crecieron un 46% en 2023 con respecto al curso anterior, lo que la convierte en la marca premium con un mayor crecimiento en Europa, mientras que Toyota pas\u00f3 a ser la segunda marca de coches m\u00e1s vendida en el continente europeo.&nbsp;<\/p>\n\n\n\n<h2 class=\"wp-block-heading\"><strong>Marcas y rendimiento del modelo.<\/strong><\/h2>\n\n\n\n<p>Por su parte, <strong><a href=\"https:\/\/www.ocasionplus.com\/coches-ocasion\/toyota\" target=\"_blank\" rel=\"noreferrer noopener\"><mark style=\"background-color:rgba(0, 0, 0, 0);color:#189bd7\" class=\"has-inline-color\">Toyota <\/mark><\/a><\/strong>vendi\u00f3 en el a\u00f1o 2023 1.099.782 coches, lo que supuso un aumento interanual del 7%. Mientras que los modelos m\u00e1s fueron el <strong><a href=\"https:\/\/www.ocasionplus.com\/coches-ocasion\/toyota\/yaris\"><mark style=\"background-color:rgba(0, 0, 0, 0);color:#189bd7\" class=\"has-inline-color\">Toyota Yaris de segunda mano<\/mark><\/a> <\/strong>166.925 de unidades vendidas, el <strong><a href=\"https:\/\/www.ocasionplus.com\/coches-ocasion\/toyota\/corolla\"><mark style=\"background-color:rgba(0, 0, 0, 0);color:#189bd7\" class=\"has-inline-color\">Toyota Corolla de ocasi\u00f3n<\/mark><\/a><mark style=\"background-color:rgba(0, 0, 0, 0)\" class=\"has-inline-color has-vivid-cyan-blue-color\"> <\/mark><\/strong>con 111.046 unidades comercializadas, el<strong> <a href=\"https:\/\/www.ocasionplus.com\/coches-ocasion\/toyota\/c-hr\"><mark style=\"background-color:rgba(0, 0, 0, 0);color:#189bd7\" class=\"has-inline-color\">Toyota C-HR de segunda mano<\/mark><\/a> <\/strong>con 117.549 unidades vendidas y el <strong><a href=\"https:\/\/www.ocasionplus.com\/coches-ocasion\/toyota\/rav4\"><mark style=\"background-color:rgba(0, 0, 0, 0);color:#189bd7\" class=\"has-inline-color\">Toyota RAV4 de segunda mano<\/mark><\/a><\/strong> con 87.582 unidades vendidas.<\/p>\n\n\n\n<p>Por otro lado, <strong>Toyota <\/strong>tambi\u00e9n observ\u00f3 un aumento del 11% de modelos electrificados en 2023, alcanzando las 755.005 unidades vendidas, lideradas por el Toyota bZ4X, el primer SUV compacto 100% el\u00e9ctrico de Toyota que vendi\u00f3 19.606 unidades.&nbsp;<\/p>\n\n\n\n<p>Adem\u00e1s, se espera que la marca japonesa contin\u00fae su crecimiento en Europa con la llegada del nuevo <strong>Toyota C-HR<\/strong> durante el primer trimestre de 2024 y la nueva generaci\u00f3n del <strong><a href=\"https:\/\/www.ocasionplus.com\/coches-ocasion\/toyota\/land-cruiser\"><mark style=\"background-color:rgba(0, 0, 0, 0);color:#189bd7\" class=\"has-inline-color\">Toyota Land Cruiser<\/mark><\/a><\/strong><mark style=\"background-color:rgba(0, 0, 0, 0)\" class=\"has-inline-color has-vivid-cyan-blue-color\"> <\/mark>que promete ser el todoterreno mejor equipado del mercado de coches SUV.<\/p>\n\n\n\n<p>En el apartado de Toyota Professional, la marca vendi\u00f3 un total de 140.062 unidades en 2023, suponiendo un aumento del 18%. Adem\u00e1s, las ventas de veh\u00edculos industriales el\u00e9ctricos crecieron un 14% gracias a las ventas del <strong><a href=\"https:\/\/www.ocasionplus.com\/coches-ocasion\/toyota\/proace\"><mark style=\"background-color:rgba(0, 0, 0, 0);color:#189bd7\" class=\"has-inline-color\">Toyota Proace y Proace City<\/mark><\/a><\/strong>, a los que se incorpor\u00f3 recientemente el <strong>Proace Max<\/strong> que ofrece un mayor habit\u00e1culo de carga y una capacidad hasta de 7 pasajeros. Por otro lado, la nueva generaci\u00f3n del <strong><a href=\"https:\/\/www.ocasionplus.com\/coches-ocasion\/toyota\/hilux\"><mark style=\"background-color:rgba(0, 0, 0, 0);color:#189bd7\" class=\"has-inline-color\">Toyota Hilux Hybrid de 48V<\/mark><\/a> <\/strong>prev\u00e9 un aumento del volumen de venta en el apartado de Toyota Professional, pues est\u00e9 pickup se presenta como uno de los modelos m\u00e1s fiables de la historia de la marca, con 56 a\u00f1os a sus espaldas como referente de la marca japonesa. Para este modelo, <strong>Toyota <\/strong>tiene la ambici\u00f3n de poder superar las 180.000 unidades vendidas para el a\u00f1o 2025.<\/p>\n\n\n\n<figure class=\"wp-block-image size-large\"><img loading=\"lazy\" decoding=\"async\" width=\"1024\" height=\"683\" src=\"http:\/\/127.0.0.1\/wp-content\/uploads\/2023\/03\/Toyota-Hilux-1024x683.jpg\" alt=\"Toyota Hilux\" class=\"wp-image-9345\" srcset=\"https:\/\/www.ocasionplus.com\/wp-content\/uploads\/2023\/03\/Toyota-Hilux-1024x683.jpg 1024w, https:\/\/www.ocasionplus.com\/wp-content\/uploads\/2023\/03\/Toyota-Hilux-300x200.jpg 300w, https:\/\/www.ocasionplus.com\/wp-content\/uploads\/2023\/03\/Toyota-Hilux-768x512.jpg 768w, https:\/\/www.ocasionplus.com\/wp-content\/uploads\/2023\/03\/Toyota-Hilux-398x265.jpg 398w, https:\/\/www.ocasionplus.com\/wp-content\/uploads\/2023\/03\/Toyota-Hilux-600x400.jpg 600w, https:\/\/www.ocasionplus.com\/wp-content\/uploads\/2023\/03\/Toyota-Hilux.jpg 1200w\" sizes=\"auto, (max-width: 1024px) 100vw, 1024px\" \/><\/figure>\n\n\n\n<p>La marca premium de <strong>Toyota <\/strong>no se queda atr\u00e1s y<mark style=\"background-color:rgba(0, 0, 0, 0)\" class=\"has-inline-color has-vivid-cyan-blue-color\"> <\/mark><strong><a href=\"https:\/\/www.ocasionplus.com\/coches-ocasion\/lexus\"><mark style=\"background-color:rgba(0, 0, 0, 0);color:#189bd7\" class=\"has-inline-color\">Lexus <\/mark><\/a><\/strong>ha visto un gran crecimiento del 46% en el a\u00f1o 2023, con 73.637 unidades vendidas en Europa. De esta manera, el 84% de los <strong>Lexus<\/strong> comercializados contaban electrificaci\u00f3n en sus motorizaciones, de manera que todos los modelos de Lexus obtienen<mark style=\"background-color:rgba(0, 0, 0, 0)\" class=\"has-inline-color has-vivid-cyan-blue-color\"> <strong>la etiqueta medioambiental ECO y 0<\/strong><\/mark>. Este aumento exponencial de la venta de modelos electrificados por la marca Lexus viene relacionada por la fuerte ofensiva de la marca en la <strong>comercializaci\u00f3n de modelos SUV premium<\/strong> con propulsi\u00f3n h\u00edbrida, h\u00edbrida enchufable y 100% el\u00e9ctricos. De esta manera, el <strong><a href=\"https:\/\/www.ocasionplus.com\/coches-ocasion\/lexus\/nx\"><span style=\"text-decoration: underline;\"><mark style=\"background-color:rgba(0, 0, 0, 0);color:#189bd7\" class=\"has-inline-color\">Lexus NX <\/mark><\/span><\/a><\/strong>vio aumentadas sus ventas un 47% las ventas del modelo semih\u00edbrido y un 50% para los modelos h\u00edbridos enchufables. El <strong><a href=\"https:\/\/www.ocasionplus.com\/coches-ocasion\/lexus\/rx\"><mark style=\"background-color:rgba(0, 0, 0, 0);color:#189bd7\" class=\"has-inline-color\">Lexus RX<\/mark><\/a><mark style=\"background-color:rgba(0, 0, 0, 0)\" class=\"has-inline-color has-vivid-cyan-blue-color\"> <\/mark><\/strong>observ\u00f3 un aumento del 44% de las ventas y su versi\u00f3n h\u00edbrido enchufable un 33% del total de las ventas totales del modelo.\u00a0<\/p>\n\n\n\n<p>En el a\u00f1o 2024, Lexus prev\u00e9 que continuar con el crecimiento en Europa con la presentaci\u00f3n y comercializaci\u00f3n del nuevo<strong> Lexus LM<\/strong> como el monovolumen de lujo ofrece un equipamiento de confort de uno de los veh\u00edculos m\u00e1s selectos. Adem\u00e1s, Lexus va a hacer crecer su gama de modelos con el nuevo crossover, el <strong>Lexus LBX <\/strong>a principios del 2024.&nbsp;<\/p>\n\n\n\n<h2 class=\"wp-block-heading\">Expectativas de cara a 2024 y m\u00e1s all\u00e1.<\/h2>\n\n\n\n<p>En el mercado de coches de segunda mano, durante el a\u00f1o 2024, se espera que el precio de los modelos <strong>de la marca japonesa <\/strong>reduzca su precio gracias al aumento de <strong>las unidades disponibles en el mercado<\/strong>, pues Toyota se ha posicionado como la segunda marca vendida en todo el a\u00f1o 2023 y tambi\u00e9n durante los primeros dos meses de 2024. Adem\u00e1s, todas las marcas tienen previsto reducir el precio de los coches con electrificaci\u00f3n, pues se est\u00e1 observando una <strong>reducci\u00f3n en el precio de producci\u00f3n de las bater\u00edas.<\/strong><\/p>\n\n\n\n<p>En <strong>t\u00e9rminos de fiabilidad<\/strong>, Toyota y Lexus se posicionan como <strong>las marcas m\u00e1s fiables a nivel internacional,<\/strong> con sus pilares de trabajo principales como la mejora continua e ir a la fuente. Ambas pr\u00e1cticas buscan minimizar todos los errores desde los primeros pasos de producci\u00f3n y evitar productos defectuosos, estando comprometidos con la m\u00e1xima calidad y fidelizaci\u00f3n con los clientes. Adem\u00e1s, Toyota <strong>cuenta con m\u00e1s de 2.000 puntos de verificaci\u00f3n <\/strong>antes de salir de f\u00e1brica para asegurar y garantizar la protecci\u00f3n, rendimiento y calidad de todos los Toyota.\u00a0<\/p>\n\n\n\n<figure class=\"wp-block-image size-large\"><img loading=\"lazy\" decoding=\"async\" width=\"1024\" height=\"576\" src=\"http:\/\/127.0.0.1\/wp-content\/uploads\/2023\/05\/Toyota-Corolla-Touring-Sports-1024x576.jpg\" alt=\"Toyota Corolla Touring Sports\" class=\"wp-image-9615\" srcset=\"https:\/\/www.ocasionplus.com\/wp-content\/uploads\/2023\/05\/Toyota-Corolla-Touring-Sports-1024x576.jpg 1024w, https:\/\/www.ocasionplus.com\/wp-content\/uploads\/2023\/05\/Toyota-Corolla-Touring-Sports-300x169.jpg 300w, https:\/\/www.ocasionplus.com\/wp-content\/uploads\/2023\/05\/Toyota-Corolla-Touring-Sports-768x432.jpg 768w, https:\/\/www.ocasionplus.com\/wp-content\/uploads\/2023\/05\/Toyota-Corolla-Touring-Sports.jpg 1280w\" sizes=\"auto, (max-width: 1024px) 100vw, 1024px\" \/><\/figure>\n\n\n\n<p>Adem\u00e1s, Toyota se propone unos <strong>objetivos muy ambiciosos<\/strong> de cara a 2028 con su gama de cero emisiones, que incluir\u00e1 modelos con hasta <strong>1.000 kil\u00f3metros de autonom\u00eda<\/strong> y promete que ser\u00e1n veh\u00edculos asequibles para la mayor\u00eda de los compradores en Europa. Todo ello, sin olvidarse del <strong>Toyota Mirai<\/strong> impulsado por hidr\u00f3geno y pila de combustible, el cual se encuentra en pleno desarrollo, para ampliar su gama de modelos. De esta manera, <strong>Toyota <\/strong>no quiere cerrar la puerta a ning\u00fan tipo de combustible en un paradigma mundial, donde todav\u00eda no est\u00e1 claro cu\u00e1l ser\u00e1 la forma de movilidad para las pr\u00f3ximas d\u00e9cadas, pues Toyota se encuentra inmersa en la producci\u00f3n de coches<strong> impulsados por gasolina, h\u00edbridos, 100% el\u00e9ctricos e impulsados por hidr\u00f3geno.<\/strong><\/p>\n\n\n\n<p>La marca <strong>Toyota <\/strong>se encuentra en uno de los momentos m\u00e1s dulces de su larga trayectoria, tras los buenos resultados obtenidos en el ejercicio de 2023 y principios de 2024.<\/p>\n\n\n\n<p>Lea tambi\u00e9n:<mark style=\"background-color:rgba(0, 0, 0, 0)\" class=\"has-inline-color has-vivid-cyan-blue-color\"> <strong><a href=\"https:\/\/blog.ocasionplus.com\/la-venta-de-coches-de-segunda-crece-un-113-mano-en-2024-hasta-las-375-000-unidades\/\">La venta de coches de segunda mano crece un 11,3% en 2024, hasta las 375.000 unidades<\/a><\/strong><\/mark><\/p>\n","protected":false},"excerpt":{"rendered":"<p>El grupo Toyota Motor Europa vendi\u00f3 un total de 1.173.419 veh\u00edculos de Toyota y Lexus en 2023, lo que supuso un aumento interanual del 9% y una cuota de mercado del 6,7%. Toyota obtuvo el mejor dato de la historia en el continente europeo, lo que demuestra la estrategia aceptada de la marca japonesa, pues&#8230;<\/p>\n","protected":false},"author":2,"featured_media":9657,"comment_status":"closed","ping_status":"closed","sticky":false,"template":"","format":"standard","meta":{"footnotes":""},"categories":[2],"tags":[372],"class_list":["post-10340","post","type-post","status-publish","format-standard","has-post-thumbnail","hentry","category-ultimas-noticias","tag-toyota"],"yoast_head":"<!-- This site is optimized with the Yoast SEO Premium plugin v24.8 (Yoast SEO v24.8.1) - https:\/\/yoast.com\/wordpress\/plugins\/seo\/ -->\n<title>Toyota registra r\u00e9cord de ventas coches en 2023 - OcasionPlus Blog<\/title>\n<meta name=\"robots\" content=\"index, follow, max-snippet:-1, max-image-preview:large, max-video-preview:-1\" \/>\n<link rel=\"canonical\" href=\"https:\/\/www.ocasionplus.com\/noticias\/toyota-registra-record-de-ventas-coches-en-2023\/\" \/>\n<meta property=\"og:locale\" content=\"es_ES\" \/>\n<meta property=\"og:type\" content=\"article\" \/>\n<meta property=\"og:title\" content=\"Toyota registra r\u00e9cord de ventas coches en 2023\" \/>\n<meta property=\"og:description\" content=\"El grupo Toyota Motor Europa vendi\u00f3 un total de 1.173.419 veh\u00edculos de Toyota y Lexus en 2023, lo que supuso un aumento interanual del 9% y una cuota de mercado del 6,7%. Toyota obtuvo el mejor dato de la historia en el continente europeo, lo que demuestra la estrategia aceptada de la marca japonesa, pues...\" \/>\n<meta property=\"og:url\" content=\"https:\/\/www.ocasionplus.com\/noticias\/toyota-registra-record-de-ventas-coches-en-2023\/\" \/>\n<meta property=\"og:site_name\" content=\"OcasionPlus Blog\" \/>\n<meta property=\"article:publisher\" content=\"https:\/\/www.facebook.com\/ocasionplus\" \/>\n<meta property=\"article:published_time\" content=\"2024-03-15T12:14:40+00:00\" \/>\n<meta property=\"article:modified_time\" content=\"2025-03-27T13:04:33+00:00\" \/>\n<meta property=\"og:image\" content=\"https:\/\/www.ocasionplus.com\/wp-content\/uploads\/2023\/05\/Toyota-Camry.jpg\" \/>\n\t<meta property=\"og:image:width\" content=\"1280\" \/>\n\t<meta property=\"og:image:height\" content=\"720\" \/>\n\t<meta property=\"og:image:type\" content=\"image\/jpeg\" \/>\n<meta name=\"author\" content=\"OcasionPlus\" \/>\n<meta name=\"twitter:card\" content=\"summary_large_image\" \/>\n<meta name=\"twitter:creator\" content=\"@ocasionplus\" \/>\n<meta name=\"twitter:site\" content=\"@ocasionplus\" \/>\n<meta name=\"twitter:label1\" content=\"Escrito por\" \/>\n\t<meta name=\"twitter:data1\" content=\"OcasionPlus\" \/>\n\t<meta name=\"twitter:label2\" content=\"Tiempo de lectura\" \/>\n\t<meta name=\"twitter:data2\" content=\"5 minutos\" \/>\n<script type=\"application\/ld+json\" class=\"yoast-schema-graph\">{\"@context\":\"https:\/\/schema.org\",\"@graph\":[{\"@type\":\"Article\",\"@id\":\"https:\/\/www.ocasionplus.com\/noticias\/toyota-registra-record-de-ventas-coches-en-2023\/#article\",\"isPartOf\":{\"@id\":\"https:\/\/www.ocasionplus.com\/noticias\/toyota-registra-record-de-ventas-coches-en-2023\/\"},\"author\":{\"name\":\"OcasionPlus\",\"@id\":\"https:\/\/www.ocasionplus.com\/noticias\/#\/schema\/person\/7ab10ae859759ef2622b28e83ba868eb\"},\"headline\":\"Toyota registra r\u00e9cord de ventas coches en 2023\",\"datePublished\":\"2024-03-15T12:14:40+00:00\",\"dateModified\":\"2025-03-27T13:04:33+00:00\",\"mainEntityOfPage\":{\"@id\":\"https:\/\/www.ocasionplus.com\/noticias\/toyota-registra-record-de-ventas-coches-en-2023\/\"},\"wordCount\":1004,\"publisher\":{\"@id\":\"https:\/\/www.ocasionplus.com\/noticias\/#organization\"},\"image\":{\"@id\":\"https:\/\/www.ocasionplus.com\/noticias\/toyota-registra-record-de-ventas-coches-en-2023\/#primaryimage\"},\"thumbnailUrl\":\"https:\/\/www.ocasionplus.com\/wp-content\/uploads\/2023\/05\/Toyota-Camry.jpg\",\"keywords\":[\"toyota\"],\"articleSection\":[\"\u00daltimas Noticias\"],\"inLanguage\":\"es\",\"copyrightYear\":\"2024\",\"copyrightHolder\":{\"@id\":\"https:\/\/www.ocasionplus.com\/noticias\/#organization\"}},{\"@type\":\"WebPage\",\"@id\":\"https:\/\/www.ocasionplus.com\/noticias\/toyota-registra-record-de-ventas-coches-en-2023\/\",\"url\":\"https:\/\/www.ocasionplus.com\/noticias\/toyota-registra-record-de-ventas-coches-en-2023\/\",\"name\":\"Toyota registra r\u00e9cord de ventas coches en 2023 - OcasionPlus Blog\",\"isPartOf\":{\"@id\":\"https:\/\/www.ocasionplus.com\/noticias\/#website\"},\"primaryImageOfPage\":{\"@id\":\"https:\/\/www.ocasionplus.com\/noticias\/toyota-registra-record-de-ventas-coches-en-2023\/#primaryimage\"},\"image\":{\"@id\":\"https:\/\/www.ocasionplus.com\/noticias\/toyota-registra-record-de-ventas-coches-en-2023\/#primaryimage\"},\"thumbnailUrl\":\"https:\/\/www.ocasionplus.com\/wp-content\/uploads\/2023\/05\/Toyota-Camry.jpg\",\"datePublished\":\"2024-03-15T12:14:40+00:00\",\"dateModified\":\"2025-03-27T13:04:33+00:00\",\"breadcrumb\":{\"@id\":\"https:\/\/www.ocasionplus.com\/noticias\/toyota-registra-record-de-ventas-coches-en-2023\/#breadcrumb\"},\"inLanguage\":\"es\",\"potentialAction\":[{\"@type\":\"ReadAction\",\"target\":[\"https:\/\/www.ocasionplus.com\/noticias\/toyota-registra-record-de-ventas-coches-en-2023\/\"]}]},{\"@type\":\"ImageObject\",\"inLanguage\":\"es\",\"@id\":\"https:\/\/www.ocasionplus.com\/noticias\/toyota-registra-record-de-ventas-coches-en-2023\/#primaryimage\",\"url\":\"https:\/\/www.ocasionplus.com\/wp-content\/uploads\/2023\/05\/Toyota-Camry.jpg\",\"contentUrl\":\"https:\/\/www.ocasionplus.com\/wp-content\/uploads\/2023\/05\/Toyota-Camry.jpg\",\"width\":1280,\"height\":720,\"caption\":\"Toyota Camry\"},{\"@type\":\"BreadcrumbList\",\"@id\":\"https:\/\/www.ocasionplus.com\/noticias\/toyota-registra-record-de-ventas-coches-en-2023\/#breadcrumb\",\"itemListElement\":[{\"@type\":\"ListItem\",\"position\":1,\"name\":\"Portada\",\"item\":\"https:\/\/www.ocasionplus.com\/noticias\/\"},{\"@type\":\"ListItem\",\"position\":2,\"name\":\"Toyota registra r\u00e9cord de ventas coches en 2023\"}]},{\"@type\":\"WebSite\",\"@id\":\"https:\/\/www.ocasionplus.com\/noticias\/#website\",\"url\":\"https:\/\/www.ocasionplus.com\/noticias\/\",\"name\":\"OcasionPlus Blog\",\"description\":\"Veh\u00edculos de ocasi\u00f3n\",\"publisher\":{\"@id\":\"https:\/\/www.ocasionplus.com\/noticias\/#organization\"},\"potentialAction\":[{\"@type\":\"SearchAction\",\"target\":{\"@type\":\"EntryPoint\",\"urlTemplate\":\"https:\/\/www.ocasionplus.com\/noticias\/?s={search_term_string}\"},\"query-input\":{\"@type\":\"PropertyValueSpecification\",\"valueRequired\":true,\"valueName\":\"search_term_string\"}}],\"inLanguage\":\"es\"},{\"@type\":\"Organization\",\"@id\":\"https:\/\/www.ocasionplus.com\/noticias\/#organization\",\"name\":\"OcasionPlus\",\"url\":\"https:\/\/www.ocasionplus.com\/noticias\/\",\"logo\":{\"@type\":\"ImageObject\",\"inLanguage\":\"es\",\"@id\":\"https:\/\/www.ocasionplus.com\/noticias\/#\/schema\/logo\/image\/\",\"url\":\"https:\/\/www.ocasionplus.com\/wp-content\/uploads\/2024\/05\/cropped-cropped-oplus-logo-blog.png\",\"contentUrl\":\"https:\/\/www.ocasionplus.com\/wp-content\/uploads\/2024\/05\/cropped-cropped-oplus-logo-blog.png\",\"width\":360,\"height\":71,\"caption\":\"OcasionPlus\"},\"image\":{\"@id\":\"https:\/\/www.ocasionplus.com\/noticias\/#\/schema\/logo\/image\/\"},\"sameAs\":[\"https:\/\/www.facebook.com\/ocasionplus\",\"https:\/\/x.com\/ocasionplus\",\"https:\/\/www.instagram.com\/ocasion_plus\",\"https:\/\/www.youtube.com\/channel\/UCBiCAto61Lyu27CgI95wrYQ\",\"https:\/\/www.tiktok.com\/@ocasionplus.com\",\"https:\/\/es.linkedin.com\/company\/ocasionplus\"]},{\"@type\":\"Person\",\"@id\":\"https:\/\/www.ocasionplus.com\/noticias\/#\/schema\/person\/7ab10ae859759ef2622b28e83ba868eb\",\"name\":\"OcasionPlus\",\"image\":{\"@type\":\"ImageObject\",\"inLanguage\":\"es\",\"@id\":\"https:\/\/www.ocasionplus.com\/noticias\/#\/schema\/person\/image\/\",\"url\":\"https:\/\/www.ocasionplus.com\/wp-content\/uploads\/2024\/07\/ocasionplus_avatar-96x96.jpg\",\"contentUrl\":\"https:\/\/www.ocasionplus.com\/wp-content\/uploads\/2024\/07\/ocasionplus_avatar-96x96.jpg\",\"caption\":\"OcasionPlus\"}}]}<\/script>\n<!-- \/ Yoast SEO Premium plugin. -->","yoast_head_json":{"title":"Toyota registra r\u00e9cord de ventas coches en 2023 - OcasionPlus Blog","robots":{"index":"index","follow":"follow","max-snippet":"max-snippet:-1","max-image-preview":"max-image-preview:large","max-video-preview":"max-video-preview:-1"},"canonical":"https:\/\/www.ocasionplus.com\/noticias\/toyota-registra-record-de-ventas-coches-en-2023\/","og_locale":"es_ES","og_type":"article","og_title":"Toyota registra r\u00e9cord de ventas coches en 2023","og_description":"El grupo Toyota Motor Europa vendi\u00f3 un total de 1.173.419 veh\u00edculos de Toyota y Lexus en 2023, lo que supuso un aumento interanual del 9% y una cuota de mercado del 6,7%. Toyota obtuvo el mejor dato de la historia en el continente europeo, lo que demuestra la estrategia aceptada de la marca japonesa, pues...","og_url":"https:\/\/www.ocasionplus.com\/noticias\/toyota-registra-record-de-ventas-coches-en-2023\/","og_site_name":"OcasionPlus Blog","article_publisher":"https:\/\/www.facebook.com\/ocasionplus","article_published_time":"2024-03-15T12:14:40+00:00","article_modified_time":"2025-03-27T13:04:33+00:00","og_image":[{"width":1280,"height":720,"url":"https:\/\/www.ocasionplus.com\/wp-content\/uploads\/2023\/05\/Toyota-Camry.jpg","type":"image\/jpeg"}],"author":"OcasionPlus","twitter_card":"summary_large_image","twitter_creator":"@ocasionplus","twitter_site":"@ocasionplus","twitter_misc":{"Escrito por":"OcasionPlus","Tiempo de lectura":"5 minutos"},"schema":{"@context":"https:\/\/schema.org","@graph":[{"@type":"Article","@id":"https:\/\/www.ocasionplus.com\/noticias\/toyota-registra-record-de-ventas-coches-en-2023\/#article","isPartOf":{"@id":"https:\/\/www.ocasionplus.com\/noticias\/toyota-registra-record-de-ventas-coches-en-2023\/"},"author":{"name":"OcasionPlus","@id":"https:\/\/www.ocasionplus.com\/noticias\/#\/schema\/person\/7ab10ae859759ef2622b28e83ba868eb"},"headline":"Toyota registra r\u00e9cord de ventas coches en 2023","datePublished":"2024-03-15T12:14:40+00:00","dateModified":"2025-03-27T13:04:33+00:00","mainEntityOfPage":{"@id":"https:\/\/www.ocasionplus.com\/noticias\/toyota-registra-record-de-ventas-coches-en-2023\/"},"wordCount":1004,"publisher":{"@id":"https:\/\/www.ocasionplus.com\/noticias\/#organization"},"image":{"@id":"https:\/\/www.ocasionplus.com\/noticias\/toyota-registra-record-de-ventas-coches-en-2023\/#primaryimage"},"thumbnailUrl":"https:\/\/www.ocasionplus.com\/wp-content\/uploads\/2023\/05\/Toyota-Camry.jpg","keywords":["toyota"],"articleSection":["\u00daltimas Noticias"],"inLanguage":"es","copyrightYear":"2024","copyrightHolder":{"@id":"https:\/\/www.ocasionplus.com\/noticias\/#organization"}},{"@type":"WebPage","@id":"https:\/\/www.ocasionplus.com\/noticias\/toyota-registra-record-de-ventas-coches-en-2023\/","url":"https:\/\/www.ocasionplus.com\/noticias\/toyota-registra-record-de-ventas-coches-en-2023\/","name":"Toyota registra r\u00e9cord de ventas coches en 2023 - OcasionPlus Blog","isPartOf":{"@id":"https:\/\/www.ocasionplus.com\/noticias\/#website"},"primaryImageOfPage":{"@id":"https:\/\/www.ocasionplus.com\/noticias\/toyota-registra-record-de-ventas-coches-en-2023\/#primaryimage"},"image":{"@id":"https:\/\/www.ocasionplus.com\/noticias\/toyota-registra-record-de-ventas-coches-en-2023\/#primaryimage"},"thumbnailUrl":"https:\/\/www.ocasionplus.com\/wp-content\/uploads\/2023\/05\/Toyota-Camry.jpg","datePublished":"2024-03-15T12:14:40+00:00","dateModified":"2025-03-27T13:04:33+00:00","breadcrumb":{"@id":"https:\/\/www.ocasionplus.com\/noticias\/toyota-registra-record-de-ventas-coches-en-2023\/#breadcrumb"},"inLanguage":"es","potentialAction":[{"@type":"ReadAction","target":["https:\/\/www.ocasionplus.com\/noticias\/toyota-registra-record-de-ventas-coches-en-2023\/"]}]},{"@type":"ImageObject","inLanguage":"es","@id":"https:\/\/www.ocasionplus.com\/noticias\/toyota-registra-record-de-ventas-coches-en-2023\/#primaryimage","url":"https:\/\/www.ocasionplus.com\/wp-content\/uploads\/2023\/05\/Toyota-Camry.jpg","contentUrl":"https:\/\/www.ocasionplus.com\/wp-content\/uploads\/2023\/05\/Toyota-Camry.jpg","width":1280,"height":720,"caption":"Toyota Camry"},{"@type":"BreadcrumbList","@id":"https:\/\/www.ocasionplus.com\/noticias\/toyota-registra-record-de-ventas-coches-en-2023\/#breadcrumb","itemListElement":[{"@type":"ListItem","position":1,"name":"Portada","item":"https:\/\/www.ocasionplus.com\/noticias\/"},{"@type":"ListItem","position":2,"name":"Toyota registra r\u00e9cord de ventas coches en 2023"}]},{"@type":"WebSite","@id":"https:\/\/www.ocasionplus.com\/noticias\/#website","url":"https:\/\/www.ocasionplus.com\/noticias\/","name":"OcasionPlus Blog","description":"Veh\u00edculos de ocasi\u00f3n","publisher":{"@id":"https:\/\/www.ocasionplus.com\/noticias\/#organization"},"potentialAction":[{"@type":"SearchAction","target":{"@type":"EntryPoint","urlTemplate":"https:\/\/www.ocasionplus.com\/noticias\/?s={search_term_string}"},"query-input":{"@type":"PropertyValueSpecification","valueRequired":true,"valueName":"search_term_string"}}],"inLanguage":"es"},{"@type":"Organization","@id":"https:\/\/www.ocasionplus.com\/noticias\/#organization","name":"OcasionPlus","url":"https:\/\/www.ocasionplus.com\/noticias\/","logo":{"@type":"ImageObject","inLanguage":"es","@id":"https:\/\/www.ocasionplus.com\/noticias\/#\/schema\/logo\/image\/","url":"https:\/\/www.ocasionplus.com\/wp-content\/uploads\/2024\/05\/cropped-cropped-oplus-logo-blog.png","contentUrl":"https:\/\/www.ocasionplus.com\/wp-content\/uploads\/2024\/05\/cropped-cropped-oplus-logo-blog.png","width":360,"height":71,"caption":"OcasionPlus"},"image":{"@id":"https:\/\/www.ocasionplus.com\/noticias\/#\/schema\/logo\/image\/"},"sameAs":["https:\/\/www.facebook.com\/ocasionplus","https:\/\/x.com\/ocasionplus","https:\/\/www.instagram.com\/ocasion_plus","https:\/\/www.youtube.com\/channel\/UCBiCAto61Lyu27CgI95wrYQ","https:\/\/www.tiktok.com\/@ocasionplus.com","https:\/\/es.linkedin.com\/company\/ocasionplus"]},{"@type":"Person","@id":"https:\/\/www.ocasionplus.com\/noticias\/#\/schema\/person\/7ab10ae859759ef2622b28e83ba868eb","name":"OcasionPlus","image":{"@type":"ImageObject","inLanguage":"es","@id":"https:\/\/www.ocasionplus.com\/noticias\/#\/schema\/person\/image\/","url":"https:\/\/www.ocasionplus.com\/wp-content\/uploads\/2024\/07\/ocasionplus_avatar-96x96.jpg","contentUrl":"https:\/\/www.ocasionplus.com\/wp-content\/uploads\/2024\/07\/ocasionplus_avatar-96x96.jpg","caption":"OcasionPlus"}}]}},"jetpack_featured_media_url":"https:\/\/www.ocasionplus.com\/wp-content\/uploads\/2023\/05\/Toyota-Camry.jpg","_links":{"self":[{"href":"https:\/\/www.ocasionplus.com\/noticias\/wp-json\/wp\/v2\/posts\/10340","targetHints":{"allow":["GET"]}}],"collection":[{"href":"https:\/\/www.ocasionplus.com\/noticias\/wp-json\/wp\/v2\/posts"}],"about":[{"href":"https:\/\/www.ocasionplus.com\/noticias\/wp-json\/wp\/v2\/types\/post"}],"author":[{"embeddable":true,"href":"https:\/\/www.ocasionplus.com\/noticias\/wp-json\/wp\/v2\/users\/2"}],"replies":[{"embeddable":true,"href":"https:\/\/www.ocasionplus.com\/noticias\/wp-json\/wp\/v2\/comments?post=10340"}],"version-history":[{"count":1,"href":"https:\/\/www.ocasionplus.com\/noticias\/wp-json\/wp\/v2\/posts\/10340\/revisions"}],"predecessor-version":[{"id":11449,"href":"https:\/\/www.ocasionplus.com\/noticias\/wp-json\/wp\/v2\/posts\/10340\/revisions\/11449"}],"wp:featuredmedia":[{"embeddable":true,"href":"https:\/\/www.ocasionplus.com\/noticias\/wp-json\/wp\/v2\/media\/9657"}],"wp:attachment":[{"href":"https:\/\/www.ocasionplus.com\/noticias\/wp-json\/wp\/v2\/media?parent=10340"}],"wp:term":[{"taxonomy":"category","embeddable":true,"href":"https:\/\/www.ocasionplus.com\/noticias\/wp-json\/wp\/v2\/categories?post=10340"},{"taxonomy":"post_tag","embeddable":true,"href":"https:\/\/www.ocasionplus.com\/noticias\/wp-json\/wp\/v2\/tags?post=10340"}],"curies":[{"name":"wp","href":"https:\/\/api.w.org\/{rel}","templated":true}]}}