{"id":10384,"date":"2024-03-19T13:05:08","date_gmt":"2024-03-19T12:05:08","guid":{"rendered":"https:\/\/blog.ocasionplus.com\/?p=10384"},"modified":"2025-03-27T14:04:32","modified_gmt":"2025-03-27T13:04:32","slug":"bajara-el-precio-de-los-coches-de-segunda-mano-en-2024","status":"publish","type":"post","link":"https:\/\/www.ocasionplus.com\/noticias\/bajara-el-precio-de-los-coches-de-segunda-mano-en-2024\/","title":{"rendered":"\u00bfBajar\u00e1 el precio de los coches de segunda mano en 2024?"},"content":{"rendered":"\n<p>El mercado de <strong><a href=\"https:\/\/www.ocasionplus.com\/coches-ocasion\"><mark style=\"background-color:rgba(0, 0, 0, 0)\" class=\"has-inline-color has-vivid-cyan-blue-color\">coches de segunda mano<\/mark><\/a><\/strong> ha fluctuado mucho en los \u00faltimos a\u00f1os, dependiendo directamente de las ventas de los coches nuevos, tanto a nivel nacional, como a nivel mundial. Un mercado que ha comenzado su recuperaci\u00f3n en el a\u00f1o 2023 por primera vez tras<strong> el COVID<\/strong> y se espera que en 2024 contin\u00fae esta misma tendencia a pesar del momento de inestabilidad econ\u00f3mica y pol\u00edtica que se vive a nivel internacional, donde se espera que el <strong>precio de los coches de segunda mano se reduzca.<\/strong><\/p>\n\n\n\n<p>Esta <strong>reducci\u00f3n de los precios y posterior recuperaci\u00f3n de las ventas de coches<\/strong> viene dada por varios factores, pero la m\u00e1s importante es el restablecimiento de la cadena de suministro que se vio afectada por la pandemia y se encuentra en pleno proceso de recuperaci\u00f3n. Este proceso est\u00e1 provocando que los precios de los <strong>chips, semiconductores y bater\u00edas se est\u00e9n viendo reducidos<\/strong> a valores prepandemia, lo que se traslada a una reducci\u00f3n del precio de los <strong>coches<\/strong> <strong>de segunda mano<\/strong> <strong> <\/strong>y nuevos final. Adem\u00e1s, si la cadena de producci\u00f3n se restablece por completo, la producci\u00f3n de los materiales que construyen un coche aumentar\u00e1, de manera que los precios se reducir\u00e1n al haber una gran oferta y la misma demanda.\u00a0<\/p>\n\n\n\n<figure class=\"wp-block-image size-large\"><img loading=\"lazy\" decoding=\"async\" width=\"1024\" height=\"683\" src=\"http:\/\/127.0.0.1\/wp-content\/uploads\/2024\/03\/Img-blog-1024x683.jpg\" alt=\"\" class=\"wp-image-10393\" srcset=\"https:\/\/www.ocasionplus.com\/wp-content\/uploads\/2024\/03\/Img-blog-1024x683.jpg 1024w, https:\/\/www.ocasionplus.com\/wp-content\/uploads\/2024\/03\/Img-blog-300x200.jpg 300w, https:\/\/www.ocasionplus.com\/wp-content\/uploads\/2024\/03\/Img-blog-768x512.jpg 768w, https:\/\/www.ocasionplus.com\/wp-content\/uploads\/2024\/03\/Img-blog-1536x1024.jpg 1536w, https:\/\/www.ocasionplus.com\/wp-content\/uploads\/2024\/03\/Img-blog.jpg 1920w\" sizes=\"auto, (max-width: 1024px) 100vw, 1024px\" \/><\/figure>\n\n\n\n<p>Por ello, si la<strong> producci\u00f3n de componentes vuelve a ser estable<\/strong>, habr\u00e1 una mayor disponibilidad de piezas para poder fabricar coches, lo que reducir\u00e1 tambi\u00e9n los <strong>tiempos de espera y entrega<\/strong> los coches a los clientes. Adem\u00e1s, los <strong>precios de las bater\u00edas<\/strong> para los coches el\u00e9ctricos se han <strong>reducido hasta un 70%<\/strong> desde 2022 cuando el precio se situaba en los <strong>140 euros por kWh<\/strong>, mientras que en la actualidad el precio ronda aproximadamente entre los<strong> 55 y los 85 euros por kWh<\/strong>. Esto, prev\u00e9 que el precio de los coches el\u00e9ctricos se reduzca a niveles de los de combusti\u00f3n, lo que permitir\u00e1 que la electrificaci\u00f3n del parque automovil\u00edstico crezca.<\/p>\n\n\n\n<p>Para 2024, el mercado de coches de segunda mano entrar\u00e1 en un escenario de constante reducci\u00f3n de los precios de los veh\u00edculos y se espera que el <strong>precio de los coches de segunda mano caiga un 2,3%<\/strong> con respecto al a\u00f1o anterior. Adem\u00e1s, el sector automovil\u00edstico se ver\u00e1 afectado por otros mercados, como el energ\u00e9tico, la inflaci\u00f3n desbocada y la recuperaci\u00f3n de la cadena de suministro, como hemos mencionado. Adem\u00e1s, se espera que los tipos de inter\u00e9s de los pr\u00e9stamos comiencen a bajar en los pr\u00f3ximos meses, lo que facilitar\u00e1 a los compradores poder financiar sus pr\u00f3ximos coches de segunda mano o nuevos.<\/p>\n\n\n\n<p><strong><a href=\"https:\/\/www.ocasionplus.com\/concesionarios\"><mark style=\"background-color:rgba(0, 0, 0, 0)\" class=\"has-inline-color has-vivid-cyan-blue-color\">OcasionPlus<\/mark> <\/a><\/strong>espera continuar durante este 2024 con el crecimiento constante que est\u00e1 observando la empresa l\u00edder en compra-venta de coches de segunda mano, que alcanz\u00f3 una facturaci\u00f3n de <strong>430 millones de euros en 2023,<\/strong> aumentando un 54% con respecto a 2022. Adem\u00e1s, gracias a este gran crecimiento, OcasionPlus espera a<strong>brir 10 nuevos centros<\/strong> en 2024 repartidos por toda Espa\u00f1a con el objetivo de hacer crecer su oferta de coches de segunda mano y ocasi\u00f3n y acercarlos a todos los posibles compradores.<\/p>\n","protected":false},"excerpt":{"rendered":"<p>El mercado de coches de segunda mano ha fluctuado mucho en los \u00faltimos a\u00f1os, dependiendo directamente de las ventas de los coches nuevos, tanto a nivel nacional, como a nivel mundial. Un mercado que ha comenzado su recuperaci\u00f3n en el a\u00f1o 2023 por primera vez tras el COVID y se espera que en 2024 contin\u00fae&#8230;<\/p>\n","protected":false},"author":2,"featured_media":2477,"comment_status":"closed","ping_status":"closed","sticky":false,"template":"","format":"standard","meta":{"footnotes":""},"categories":[2],"tags":[],"class_list":["post-10384","post","type-post","status-publish","format-standard","has-post-thumbnail","hentry","category-ultimas-noticias"],"yoast_head":"<!-- This site is optimized with the Yoast SEO Premium plugin v24.8 (Yoast SEO v24.8.1) - https:\/\/yoast.com\/wordpress\/plugins\/seo\/ -->\n<title>\u00bfBajar\u00e1 el precio de los coches de segunda mano en 2024? - OcasionPlus Blog<\/title>\n<meta name=\"robots\" content=\"index, follow, max-snippet:-1, max-image-preview:large, max-video-preview:-1\" \/>\n<link rel=\"canonical\" href=\"https:\/\/www.ocasionplus.com\/noticias\/bajara-el-precio-de-los-coches-de-segunda-mano-en-2024\/\" \/>\n<meta property=\"og:locale\" content=\"es_ES\" \/>\n<meta property=\"og:type\" content=\"article\" \/>\n<meta property=\"og:title\" content=\"\u00bfBajar\u00e1 el precio de los coches de segunda mano en 2024?\" \/>\n<meta property=\"og:description\" content=\"El mercado de coches de segunda mano ha fluctuado mucho en los \u00faltimos a\u00f1os, dependiendo directamente de las ventas de los coches nuevos, tanto a nivel nacional, como a nivel mundial. Un mercado que ha comenzado su recuperaci\u00f3n en el a\u00f1o 2023 por primera vez tras el COVID y se espera que en 2024 contin\u00fae...\" \/>\n<meta property=\"og:url\" content=\"https:\/\/www.ocasionplus.com\/noticias\/bajara-el-precio-de-los-coches-de-segunda-mano-en-2024\/\" \/>\n<meta property=\"og:site_name\" content=\"OcasionPlus Blog\" \/>\n<meta property=\"article:publisher\" content=\"https:\/\/www.facebook.com\/ocasionplus\" \/>\n<meta property=\"article:published_time\" content=\"2024-03-19T12:05:08+00:00\" \/>\n<meta property=\"article:modified_time\" content=\"2025-03-27T13:04:32+00:00\" \/>\n<meta property=\"og:image\" content=\"https:\/\/www.ocasionplus.com\/wp-content\/uploads\/2015\/09\/mercado-segunda-mano-sube-1-scaled.jpg\" \/>\n\t<meta property=\"og:image:width\" content=\"2560\" \/>\n\t<meta property=\"og:image:height\" content=\"1707\" \/>\n\t<meta property=\"og:image:type\" content=\"image\/jpeg\" \/>\n<meta name=\"author\" content=\"OcasionPlus\" \/>\n<meta name=\"twitter:card\" content=\"summary_large_image\" \/>\n<meta name=\"twitter:creator\" content=\"@ocasionplus\" \/>\n<meta name=\"twitter:site\" content=\"@ocasionplus\" \/>\n<meta name=\"twitter:label1\" content=\"Escrito por\" \/>\n\t<meta name=\"twitter:data1\" content=\"OcasionPlus\" \/>\n\t<meta name=\"twitter:label2\" content=\"Tiempo de lectura\" \/>\n\t<meta name=\"twitter:data2\" content=\"3 minutos\" \/>\n<script type=\"application\/ld+json\" class=\"yoast-schema-graph\">{\"@context\":\"https:\/\/schema.org\",\"@graph\":[{\"@type\":\"Article\",\"@id\":\"https:\/\/www.ocasionplus.com\/noticias\/bajara-el-precio-de-los-coches-de-segunda-mano-en-2024\/#article\",\"isPartOf\":{\"@id\":\"https:\/\/www.ocasionplus.com\/noticias\/bajara-el-precio-de-los-coches-de-segunda-mano-en-2024\/\"},\"author\":{\"name\":\"OcasionPlus\",\"@id\":\"https:\/\/www.ocasionplus.com\/noticias\/#\/schema\/person\/7ab10ae859759ef2622b28e83ba868eb\"},\"headline\":\"\u00bfBajar\u00e1 el precio de los coches de segunda mano en 2024?\",\"datePublished\":\"2024-03-19T12:05:08+00:00\",\"dateModified\":\"2025-03-27T13:04:32+00:00\",\"mainEntityOfPage\":{\"@id\":\"https:\/\/www.ocasionplus.com\/noticias\/bajara-el-precio-de-los-coches-de-segunda-mano-en-2024\/\"},\"wordCount\":538,\"publisher\":{\"@id\":\"https:\/\/www.ocasionplus.com\/noticias\/#organization\"},\"image\":{\"@id\":\"https:\/\/www.ocasionplus.com\/noticias\/bajara-el-precio-de-los-coches-de-segunda-mano-en-2024\/#primaryimage\"},\"thumbnailUrl\":\"https:\/\/www.ocasionplus.com\/wp-content\/uploads\/2015\/09\/mercado-segunda-mano-sube-1-scaled.jpg\",\"articleSection\":[\"\u00daltimas Noticias\"],\"inLanguage\":\"es\",\"copyrightYear\":\"2024\",\"copyrightHolder\":{\"@id\":\"https:\/\/www.ocasionplus.com\/noticias\/#organization\"}},{\"@type\":\"WebPage\",\"@id\":\"https:\/\/www.ocasionplus.com\/noticias\/bajara-el-precio-de-los-coches-de-segunda-mano-en-2024\/\",\"url\":\"https:\/\/www.ocasionplus.com\/noticias\/bajara-el-precio-de-los-coches-de-segunda-mano-en-2024\/\",\"name\":\"\u00bfBajar\u00e1 el precio de los coches de segunda mano en 2024? - OcasionPlus Blog\",\"isPartOf\":{\"@id\":\"https:\/\/www.ocasionplus.com\/noticias\/#website\"},\"primaryImageOfPage\":{\"@id\":\"https:\/\/www.ocasionplus.com\/noticias\/bajara-el-precio-de-los-coches-de-segunda-mano-en-2024\/#primaryimage\"},\"image\":{\"@id\":\"https:\/\/www.ocasionplus.com\/noticias\/bajara-el-precio-de-los-coches-de-segunda-mano-en-2024\/#primaryimage\"},\"thumbnailUrl\":\"https:\/\/www.ocasionplus.com\/wp-content\/uploads\/2015\/09\/mercado-segunda-mano-sube-1-scaled.jpg\",\"datePublished\":\"2024-03-19T12:05:08+00:00\",\"dateModified\":\"2025-03-27T13:04:32+00:00\",\"breadcrumb\":{\"@id\":\"https:\/\/www.ocasionplus.com\/noticias\/bajara-el-precio-de-los-coches-de-segunda-mano-en-2024\/#breadcrumb\"},\"inLanguage\":\"es\",\"potentialAction\":[{\"@type\":\"ReadAction\",\"target\":[\"https:\/\/www.ocasionplus.com\/noticias\/bajara-el-precio-de-los-coches-de-segunda-mano-en-2024\/\"]}]},{\"@type\":\"ImageObject\",\"inLanguage\":\"es\",\"@id\":\"https:\/\/www.ocasionplus.com\/noticias\/bajara-el-precio-de-los-coches-de-segunda-mano-en-2024\/#primaryimage\",\"url\":\"https:\/\/www.ocasionplus.com\/wp-content\/uploads\/2015\/09\/mercado-segunda-mano-sube-1-scaled.jpg\",\"contentUrl\":\"https:\/\/www.ocasionplus.com\/wp-content\/uploads\/2015\/09\/mercado-segunda-mano-sube-1-scaled.jpg\",\"width\":2560,\"height\":1707,\"caption\":\"Las ventas en el mercado de segunda mano suben\"},{\"@type\":\"BreadcrumbList\",\"@id\":\"https:\/\/www.ocasionplus.com\/noticias\/bajara-el-precio-de-los-coches-de-segunda-mano-en-2024\/#breadcrumb\",\"itemListElement\":[{\"@type\":\"ListItem\",\"position\":1,\"name\":\"Portada\",\"item\":\"https:\/\/www.ocasionplus.com\/noticias\/\"},{\"@type\":\"ListItem\",\"position\":2,\"name\":\"\u00bfBajar\u00e1 el precio de los coches de segunda mano en 2024?\"}]},{\"@type\":\"WebSite\",\"@id\":\"https:\/\/www.ocasionplus.com\/noticias\/#website\",\"url\":\"https:\/\/www.ocasionplus.com\/noticias\/\",\"name\":\"OcasionPlus Blog\",\"description\":\"Veh\u00edculos de ocasi\u00f3n\",\"publisher\":{\"@id\":\"https:\/\/www.ocasionplus.com\/noticias\/#organization\"},\"potentialAction\":[{\"@type\":\"SearchAction\",\"target\":{\"@type\":\"EntryPoint\",\"urlTemplate\":\"https:\/\/www.ocasionplus.com\/noticias\/?s={search_term_string}\"},\"query-input\":{\"@type\":\"PropertyValueSpecification\",\"valueRequired\":true,\"valueName\":\"search_term_string\"}}],\"inLanguage\":\"es\"},{\"@type\":\"Organization\",\"@id\":\"https:\/\/www.ocasionplus.com\/noticias\/#organization\",\"name\":\"OcasionPlus\",\"url\":\"https:\/\/www.ocasionplus.com\/noticias\/\",\"logo\":{\"@type\":\"ImageObject\",\"inLanguage\":\"es\",\"@id\":\"https:\/\/www.ocasionplus.com\/noticias\/#\/schema\/logo\/image\/\",\"url\":\"https:\/\/www.ocasionplus.com\/wp-content\/uploads\/2024\/05\/cropped-cropped-oplus-logo-blog.png\",\"contentUrl\":\"https:\/\/www.ocasionplus.com\/wp-content\/uploads\/2024\/05\/cropped-cropped-oplus-logo-blog.png\",\"width\":360,\"height\":71,\"caption\":\"OcasionPlus\"},\"image\":{\"@id\":\"https:\/\/www.ocasionplus.com\/noticias\/#\/schema\/logo\/image\/\"},\"sameAs\":[\"https:\/\/www.facebook.com\/ocasionplus\",\"https:\/\/x.com\/ocasionplus\",\"https:\/\/www.instagram.com\/ocasion_plus\",\"https:\/\/www.youtube.com\/channel\/UCBiCAto61Lyu27CgI95wrYQ\",\"https:\/\/www.tiktok.com\/@ocasionplus.com\",\"https:\/\/es.linkedin.com\/company\/ocasionplus\"]},{\"@type\":\"Person\",\"@id\":\"https:\/\/www.ocasionplus.com\/noticias\/#\/schema\/person\/7ab10ae859759ef2622b28e83ba868eb\",\"name\":\"OcasionPlus\",\"image\":{\"@type\":\"ImageObject\",\"inLanguage\":\"es\",\"@id\":\"https:\/\/www.ocasionplus.com\/noticias\/#\/schema\/person\/image\/\",\"url\":\"https:\/\/www.ocasionplus.com\/wp-content\/uploads\/2024\/07\/ocasionplus_avatar-96x96.jpg\",\"contentUrl\":\"https:\/\/www.ocasionplus.com\/wp-content\/uploads\/2024\/07\/ocasionplus_avatar-96x96.jpg\",\"caption\":\"OcasionPlus\"}}]}<\/script>\n<!-- \/ Yoast SEO Premium plugin. -->","yoast_head_json":{"title":"\u00bfBajar\u00e1 el precio de los coches de segunda mano en 2024? - OcasionPlus Blog","robots":{"index":"index","follow":"follow","max-snippet":"max-snippet:-1","max-image-preview":"max-image-preview:large","max-video-preview":"max-video-preview:-1"},"canonical":"https:\/\/www.ocasionplus.com\/noticias\/bajara-el-precio-de-los-coches-de-segunda-mano-en-2024\/","og_locale":"es_ES","og_type":"article","og_title":"\u00bfBajar\u00e1 el precio de los coches de segunda mano en 2024?","og_description":"El mercado de coches de segunda mano ha fluctuado mucho en los \u00faltimos a\u00f1os, dependiendo directamente de las ventas de los coches nuevos, tanto a nivel nacional, como a nivel mundial. Un mercado que ha comenzado su recuperaci\u00f3n en el a\u00f1o 2023 por primera vez tras el COVID y se espera que en 2024 contin\u00fae...","og_url":"https:\/\/www.ocasionplus.com\/noticias\/bajara-el-precio-de-los-coches-de-segunda-mano-en-2024\/","og_site_name":"OcasionPlus Blog","article_publisher":"https:\/\/www.facebook.com\/ocasionplus","article_published_time":"2024-03-19T12:05:08+00:00","article_modified_time":"2025-03-27T13:04:32+00:00","og_image":[{"width":2560,"height":1707,"url":"https:\/\/www.ocasionplus.com\/wp-content\/uploads\/2015\/09\/mercado-segunda-mano-sube-1-scaled.jpg","type":"image\/jpeg"}],"author":"OcasionPlus","twitter_card":"summary_large_image","twitter_creator":"@ocasionplus","twitter_site":"@ocasionplus","twitter_misc":{"Escrito por":"OcasionPlus","Tiempo de lectura":"3 minutos"},"schema":{"@context":"https:\/\/schema.org","@graph":[{"@type":"Article","@id":"https:\/\/www.ocasionplus.com\/noticias\/bajara-el-precio-de-los-coches-de-segunda-mano-en-2024\/#article","isPartOf":{"@id":"https:\/\/www.ocasionplus.com\/noticias\/bajara-el-precio-de-los-coches-de-segunda-mano-en-2024\/"},"author":{"name":"OcasionPlus","@id":"https:\/\/www.ocasionplus.com\/noticias\/#\/schema\/person\/7ab10ae859759ef2622b28e83ba868eb"},"headline":"\u00bfBajar\u00e1 el precio de los coches de segunda mano en 2024?","datePublished":"2024-03-19T12:05:08+00:00","dateModified":"2025-03-27T13:04:32+00:00","mainEntityOfPage":{"@id":"https:\/\/www.ocasionplus.com\/noticias\/bajara-el-precio-de-los-coches-de-segunda-mano-en-2024\/"},"wordCount":538,"publisher":{"@id":"https:\/\/www.ocasionplus.com\/noticias\/#organization"},"image":{"@id":"https:\/\/www.ocasionplus.com\/noticias\/bajara-el-precio-de-los-coches-de-segunda-mano-en-2024\/#primaryimage"},"thumbnailUrl":"https:\/\/www.ocasionplus.com\/wp-content\/uploads\/2015\/09\/mercado-segunda-mano-sube-1-scaled.jpg","articleSection":["\u00daltimas Noticias"],"inLanguage":"es","copyrightYear":"2024","copyrightHolder":{"@id":"https:\/\/www.ocasionplus.com\/noticias\/#organization"}},{"@type":"WebPage","@id":"https:\/\/www.ocasionplus.com\/noticias\/bajara-el-precio-de-los-coches-de-segunda-mano-en-2024\/","url":"https:\/\/www.ocasionplus.com\/noticias\/bajara-el-precio-de-los-coches-de-segunda-mano-en-2024\/","name":"\u00bfBajar\u00e1 el precio de los coches de segunda mano en 2024? - OcasionPlus Blog","isPartOf":{"@id":"https:\/\/www.ocasionplus.com\/noticias\/#website"},"primaryImageOfPage":{"@id":"https:\/\/www.ocasionplus.com\/noticias\/bajara-el-precio-de-los-coches-de-segunda-mano-en-2024\/#primaryimage"},"image":{"@id":"https:\/\/www.ocasionplus.com\/noticias\/bajara-el-precio-de-los-coches-de-segunda-mano-en-2024\/#primaryimage"},"thumbnailUrl":"https:\/\/www.ocasionplus.com\/wp-content\/uploads\/2015\/09\/mercado-segunda-mano-sube-1-scaled.jpg","datePublished":"2024-03-19T12:05:08+00:00","dateModified":"2025-03-27T13:04:32+00:00","breadcrumb":{"@id":"https:\/\/www.ocasionplus.com\/noticias\/bajara-el-precio-de-los-coches-de-segunda-mano-en-2024\/#breadcrumb"},"inLanguage":"es","potentialAction":[{"@type":"ReadAction","target":["https:\/\/www.ocasionplus.com\/noticias\/bajara-el-precio-de-los-coches-de-segunda-mano-en-2024\/"]}]},{"@type":"ImageObject","inLanguage":"es","@id":"https:\/\/www.ocasionplus.com\/noticias\/bajara-el-precio-de-los-coches-de-segunda-mano-en-2024\/#primaryimage","url":"https:\/\/www.ocasionplus.com\/wp-content\/uploads\/2015\/09\/mercado-segunda-mano-sube-1-scaled.jpg","contentUrl":"https:\/\/www.ocasionplus.com\/wp-content\/uploads\/2015\/09\/mercado-segunda-mano-sube-1-scaled.jpg","width":2560,"height":1707,"caption":"Las ventas en el mercado de segunda mano suben"},{"@type":"BreadcrumbList","@id":"https:\/\/www.ocasionplus.com\/noticias\/bajara-el-precio-de-los-coches-de-segunda-mano-en-2024\/#breadcrumb","itemListElement":[{"@type":"ListItem","position":1,"name":"Portada","item":"https:\/\/www.ocasionplus.com\/noticias\/"},{"@type":"ListItem","position":2,"name":"\u00bfBajar\u00e1 el precio de los coches de segunda mano en 2024?"}]},{"@type":"WebSite","@id":"https:\/\/www.ocasionplus.com\/noticias\/#website","url":"https:\/\/www.ocasionplus.com\/noticias\/","name":"OcasionPlus Blog","description":"Veh\u00edculos de ocasi\u00f3n","publisher":{"@id":"https:\/\/www.ocasionplus.com\/noticias\/#organization"},"potentialAction":[{"@type":"SearchAction","target":{"@type":"EntryPoint","urlTemplate":"https:\/\/www.ocasionplus.com\/noticias\/?s={search_term_string}"},"query-input":{"@type":"PropertyValueSpecification","valueRequired":true,"valueName":"search_term_string"}}],"inLanguage":"es"},{"@type":"Organization","@id":"https:\/\/www.ocasionplus.com\/noticias\/#organization","name":"OcasionPlus","url":"https:\/\/www.ocasionplus.com\/noticias\/","logo":{"@type":"ImageObject","inLanguage":"es","@id":"https:\/\/www.ocasionplus.com\/noticias\/#\/schema\/logo\/image\/","url":"https:\/\/www.ocasionplus.com\/wp-content\/uploads\/2024\/05\/cropped-cropped-oplus-logo-blog.png","contentUrl":"https:\/\/www.ocasionplus.com\/wp-content\/uploads\/2024\/05\/cropped-cropped-oplus-logo-blog.png","width":360,"height":71,"caption":"OcasionPlus"},"image":{"@id":"https:\/\/www.ocasionplus.com\/noticias\/#\/schema\/logo\/image\/"},"sameAs":["https:\/\/www.facebook.com\/ocasionplus","https:\/\/x.com\/ocasionplus","https:\/\/www.instagram.com\/ocasion_plus","https:\/\/www.youtube.com\/channel\/UCBiCAto61Lyu27CgI95wrYQ","https:\/\/www.tiktok.com\/@ocasionplus.com","https:\/\/es.linkedin.com\/company\/ocasionplus"]},{"@type":"Person","@id":"https:\/\/www.ocasionplus.com\/noticias\/#\/schema\/person\/7ab10ae859759ef2622b28e83ba868eb","name":"OcasionPlus","image":{"@type":"ImageObject","inLanguage":"es","@id":"https:\/\/www.ocasionplus.com\/noticias\/#\/schema\/person\/image\/","url":"https:\/\/www.ocasionplus.com\/wp-content\/uploads\/2024\/07\/ocasionplus_avatar-96x96.jpg","contentUrl":"https:\/\/www.ocasionplus.com\/wp-content\/uploads\/2024\/07\/ocasionplus_avatar-96x96.jpg","caption":"OcasionPlus"}}]}},"jetpack_featured_media_url":"https:\/\/www.ocasionplus.com\/wp-content\/uploads\/2015\/09\/mercado-segunda-mano-sube-1-scaled.jpg","_links":{"self":[{"href":"https:\/\/www.ocasionplus.com\/noticias\/wp-json\/wp\/v2\/posts\/10384","targetHints":{"allow":["GET"]}}],"collection":[{"href":"https:\/\/www.ocasionplus.com\/noticias\/wp-json\/wp\/v2\/posts"}],"about":[{"href":"https:\/\/www.ocasionplus.com\/noticias\/wp-json\/wp\/v2\/types\/post"}],"author":[{"embeddable":true,"href":"https:\/\/www.ocasionplus.com\/noticias\/wp-json\/wp\/v2\/users\/2"}],"replies":[{"embeddable":true,"href":"https:\/\/www.ocasionplus.com\/noticias\/wp-json\/wp\/v2\/comments?post=10384"}],"version-history":[{"count":1,"href":"https:\/\/www.ocasionplus.com\/noticias\/wp-json\/wp\/v2\/posts\/10384\/revisions"}],"predecessor-version":[{"id":13101,"href":"https:\/\/www.ocasionplus.com\/noticias\/wp-json\/wp\/v2\/posts\/10384\/revisions\/13101"}],"wp:featuredmedia":[{"embeddable":true,"href":"https:\/\/www.ocasionplus.com\/noticias\/wp-json\/wp\/v2\/media\/2477"}],"wp:attachment":[{"href":"https:\/\/www.ocasionplus.com\/noticias\/wp-json\/wp\/v2\/media?parent=10384"}],"wp:term":[{"taxonomy":"category","embeddable":true,"href":"https:\/\/www.ocasionplus.com\/noticias\/wp-json\/wp\/v2\/categories?post=10384"},{"taxonomy":"post_tag","embeddable":true,"href":"https:\/\/www.ocasionplus.com\/noticias\/wp-json\/wp\/v2\/tags?post=10384"}],"curies":[{"name":"wp","href":"https:\/\/api.w.org\/{rel}","templated":true}]}}