{"id":10395,"date":"2024-03-19T16:21:12","date_gmt":"2024-03-19T15:21:12","guid":{"rendered":"https:\/\/blog.ocasionplus.com\/?p=10395"},"modified":"2025-03-27T14:04:32","modified_gmt":"2025-03-27T13:04:32","slug":"nuevo-peugeot-208","status":"publish","type":"post","link":"https:\/\/www.ocasionplus.com\/noticias\/nuevo-peugeot-208\/","title":{"rendered":"Nuevo Peugeot 208: m\u00e1s tecnolog\u00eda y mejor conectividad"},"content":{"rendered":"\n<p>El nuevo Peugeot 208 se empez\u00f3 a comercializar desde hace a\u00f1os, esto se debe que es el sucesor del Peugeot 205 desde 1983. Este compacto lleva m\u00e1s de un cuarto de siglo reflejando la evoluci\u00f3n de un coche, con nuevos motores t\u00e9rmicos, la incorporaci\u00f3n de ayudas a la conducci\u00f3n y nuevas motorizaciones como la el\u00e9ctrica o h\u00edbrida.&nbsp;<\/p>\n\n\n\n<p>La marca del le\u00f3n presenta un nuevo redise\u00f1o del Peugeot 208, esta actualizaci\u00f3n viene acompa\u00f1ada de cambios en dise\u00f1o, tecnolog\u00eda y seguridad. En materia de dise\u00f1o, adopta un estilo deportivo, sin aristas ni l\u00edneas marcadas y aspecto ligero. Adem\u00e1s, de una parrilla delantera con unos grupos \u00f3pticos que dan una sensaci\u00f3n de tres garras en las luces diurnas delanteras y unos faros LED en la parte trasera.\u00a0<\/p>\n\n\n\n<p><strong><em>Tambi\u00e9n te puede interesar:<\/em><\/strong><em> <\/em><a href=\"https:\/\/blog.ocasionplus.com\/peugeot-205-gti\/\"><em>Peugeot 205 GTi: Un deportivo compacto ic\u00f3nico<\/em><\/a><\/p>\n\n\n\n<p>El dise\u00f1o interior del nuevo Peugeot 208 incorpora una pantalla t\u00e1ctil central de 10 pulgadas, que se complementa con los i-Toggles Switches (botones en forma de piano que dan un acceso r\u00e1pido) y el sistema Mirror Screen inal\u00e1mbrico. El puesto del conductor presenta un cuadro de instrumentos digital de 10 pulgadas 2D de serie en el acabado Allure y 3D en la serie GT.&nbsp;<\/p>\n\n\n\n<p>En t\u00e9rminos de seguridad, este nuevo 208 presenta una c\u00e1mara de visi\u00f3n trasera HD de 180\u00ba asociada a sensores de aparcamiento delanteros y traseros. Tambi\u00e9n, cuenta con el Pack Safety, que incluye la frenada autom\u00e1tica de emergencia diurna y nocturna con reconocimiento de peatones y ciclistas. Al igual que ayudas al conductor como el control de crucero adaptativo con funci\u00f3n Stop and Go, alerta de cambio involuntario de carril con correcci\u00f3n de salida de carril, alerta de detecci\u00f3n de fatiga y control pasivo de \u00e1ngulos muertos.&nbsp;<\/p>\n\n\n\n<p><strong><em>Lee tambi\u00e9n:<\/em><\/strong><em> <\/em><a href=\"https:\/\/blog.ocasionplus.com\/mejores-coches-compacto\/\"><em><span style=\"text-decoration: underline;\"><mark style=\"background-color:rgba(0, 0, 0, 0);color:#189bd7\" class=\"has-inline-color\">Conoce los 10 mejores coches compacto de segunda mano del 2024<\/mark><\/span><\/em><\/a><\/p>\n\n\n\n<p>El nuevo Peugeot 208 se presenta en diferentes motorizaciones. Hay dos alternativas de gasolina PureTech de 75 CV y 100 CV con cambio manual de 5 y 6 velocidades. Dos di\u00e9sel de 1.8 y 1.8 turbo, que desarrollan entre 60 CV y 78 CV. Dos versiones h\u00edbridas que generan 100 CV y 136 CV. Adem\u00e1s de su versi\u00f3n el\u00e9ctrica, la denominada Peugeot e-208, que genera una potencia de 156 CV y una autonom\u00eda de 566 kil\u00f3metros seg\u00fan el ciclo WLTP.<\/p>\n\n\n\n<p>Ya se puede reservar esta nueva versi\u00f3n del 208; sin embargo, la versi\u00f3n el\u00e9ctrica tiene una demora de unos meses para la entrega del veh\u00edculo. Si deseas conseguir la versi\u00f3n anterior de este coche, en OcasionPlus encontrar\u00e1s todos los acabados y versiones del <a href=\"https:\/\/www.ocasionplus.com\/coches-ocasion\/peugeot\/208\"><span style=\"text-decoration: underline;\"><mark style=\"background-color:rgba(0, 0, 0, 0);color:#189bd7\" class=\"has-inline-color\">Peugeot 208 de segunda mano<\/mark><\/span><\/a> con la mejor calidad y garant\u00eda.&nbsp;<\/p>\n","protected":false},"excerpt":{"rendered":"<p>El nuevo Peugeot 208 se empez\u00f3 a comercializar desde hace a\u00f1os, esto se debe que es el sucesor del Peugeot 205 desde 1983. Este compacto lleva m\u00e1s de un cuarto de siglo reflejando la evoluci\u00f3n de un coche, con nuevos motores t\u00e9rmicos, la incorporaci\u00f3n de ayudas a la conducci\u00f3n y nuevas motorizaciones como la el\u00e9ctrica&#8230;<\/p>\n","protected":false},"author":3,"featured_media":10397,"comment_status":"closed","ping_status":"closed","sticky":false,"template":"","format":"standard","meta":{"footnotes":""},"categories":[2],"tags":[],"class_list":["post-10395","post","type-post","status-publish","format-standard","has-post-thumbnail","hentry","category-ultimas-noticias"],"yoast_head":"<!-- This site is optimized with the Yoast SEO Premium plugin v24.8 (Yoast SEO v24.8.1) - https:\/\/yoast.com\/wordpress\/plugins\/seo\/ -->\n<title>Nuevo Peugeot 208: m\u00e1s tecnolog\u00eda y mejor conectividad - OcasionPlus Blog<\/title>\n<meta name=\"description\" content=\"Descubre el nuevo Peugeot 208. La marca del le\u00f3n ya permite reservar la \u00faltima versi\u00f3n y electrificada, el Peugeot e-208.\" \/>\n<meta name=\"robots\" content=\"index, follow, max-snippet:-1, max-image-preview:large, max-video-preview:-1\" \/>\n<link rel=\"canonical\" href=\"https:\/\/www.ocasionplus.com\/noticias\/nuevo-peugeot-208\/\" \/>\n<meta property=\"og:locale\" content=\"es_ES\" \/>\n<meta property=\"og:type\" content=\"article\" \/>\n<meta property=\"og:title\" content=\"Nuevo Peugeot 208: m\u00e1s tecnolog\u00eda y mejor conectividad\" \/>\n<meta property=\"og:description\" content=\"Descubre el nuevo Peugeot 208. La marca del le\u00f3n ya permite reservar la \u00faltima versi\u00f3n y electrificada, el Peugeot e-208.\" \/>\n<meta property=\"og:url\" content=\"https:\/\/www.ocasionplus.com\/noticias\/nuevo-peugeot-208\/\" \/>\n<meta property=\"og:site_name\" content=\"OcasionPlus Blog\" \/>\n<meta property=\"article:publisher\" content=\"https:\/\/www.facebook.com\/ocasionplus\" \/>\n<meta property=\"article:published_time\" content=\"2024-03-19T15:21:12+00:00\" \/>\n<meta property=\"article:modified_time\" content=\"2025-03-27T13:04:32+00:00\" \/>\n<meta property=\"og:image\" content=\"https:\/\/www.ocasionplus.com\/wp-content\/uploads\/2024\/03\/Peugeot-208.jpg\" \/>\n\t<meta property=\"og:image:width\" content=\"1920\" \/>\n\t<meta property=\"og:image:height\" content=\"1067\" \/>\n\t<meta property=\"og:image:type\" content=\"image\/jpeg\" \/>\n<meta name=\"author\" content=\"Cristhian Gonz\u00e1lez\" \/>\n<meta name=\"twitter:card\" content=\"summary_large_image\" \/>\n<meta name=\"twitter:creator\" content=\"@ocasionplus\" \/>\n<meta name=\"twitter:site\" content=\"@ocasionplus\" \/>\n<meta name=\"twitter:label1\" content=\"Escrito por\" \/>\n\t<meta name=\"twitter:data1\" content=\"Cristhian Gonz\u00e1lez\" \/>\n\t<meta name=\"twitter:label2\" content=\"Tiempo de lectura\" \/>\n\t<meta name=\"twitter:data2\" content=\"2 minutos\" \/>\n<script type=\"application\/ld+json\" class=\"yoast-schema-graph\">{\"@context\":\"https:\/\/schema.org\",\"@graph\":[{\"@type\":\"Article\",\"@id\":\"https:\/\/www.ocasionplus.com\/noticias\/nuevo-peugeot-208\/#article\",\"isPartOf\":{\"@id\":\"https:\/\/www.ocasionplus.com\/noticias\/nuevo-peugeot-208\/\"},\"author\":{\"name\":\"Cristhian Gonz\u00e1lez\",\"@id\":\"https:\/\/www.ocasionplus.com\/noticias\/#\/schema\/person\/db1203be564cc3ded97ad1dbd8aadc5b\"},\"headline\":\"Nuevo Peugeot 208: m\u00e1s tecnolog\u00eda y mejor conectividad\",\"datePublished\":\"2024-03-19T15:21:12+00:00\",\"dateModified\":\"2025-03-27T13:04:32+00:00\",\"mainEntityOfPage\":{\"@id\":\"https:\/\/www.ocasionplus.com\/noticias\/nuevo-peugeot-208\/\"},\"wordCount\":466,\"publisher\":{\"@id\":\"https:\/\/www.ocasionplus.com\/noticias\/#organization\"},\"image\":{\"@id\":\"https:\/\/www.ocasionplus.com\/noticias\/nuevo-peugeot-208\/#primaryimage\"},\"thumbnailUrl\":\"https:\/\/www.ocasionplus.com\/wp-content\/uploads\/2024\/03\/Peugeot-208.jpg\",\"articleSection\":[\"\u00daltimas Noticias\"],\"inLanguage\":\"es\",\"copyrightYear\":\"2024\",\"copyrightHolder\":{\"@id\":\"https:\/\/www.ocasionplus.com\/noticias\/#organization\"}},{\"@type\":\"WebPage\",\"@id\":\"https:\/\/www.ocasionplus.com\/noticias\/nuevo-peugeot-208\/\",\"url\":\"https:\/\/www.ocasionplus.com\/noticias\/nuevo-peugeot-208\/\",\"name\":\"Nuevo Peugeot 208: m\u00e1s tecnolog\u00eda y mejor conectividad - OcasionPlus Blog\",\"isPartOf\":{\"@id\":\"https:\/\/www.ocasionplus.com\/noticias\/#website\"},\"primaryImageOfPage\":{\"@id\":\"https:\/\/www.ocasionplus.com\/noticias\/nuevo-peugeot-208\/#primaryimage\"},\"image\":{\"@id\":\"https:\/\/www.ocasionplus.com\/noticias\/nuevo-peugeot-208\/#primaryimage\"},\"thumbnailUrl\":\"https:\/\/www.ocasionplus.com\/wp-content\/uploads\/2024\/03\/Peugeot-208.jpg\",\"datePublished\":\"2024-03-19T15:21:12+00:00\",\"dateModified\":\"2025-03-27T13:04:32+00:00\",\"description\":\"Descubre el nuevo Peugeot 208. La marca del le\u00f3n ya permite reservar la \u00faltima versi\u00f3n y electrificada, el Peugeot e-208.\",\"breadcrumb\":{\"@id\":\"https:\/\/www.ocasionplus.com\/noticias\/nuevo-peugeot-208\/#breadcrumb\"},\"inLanguage\":\"es\",\"potentialAction\":[{\"@type\":\"ReadAction\",\"target\":[\"https:\/\/www.ocasionplus.com\/noticias\/nuevo-peugeot-208\/\"]}]},{\"@type\":\"ImageObject\",\"inLanguage\":\"es\",\"@id\":\"https:\/\/www.ocasionplus.com\/noticias\/nuevo-peugeot-208\/#primaryimage\",\"url\":\"https:\/\/www.ocasionplus.com\/wp-content\/uploads\/2024\/03\/Peugeot-208.jpg\",\"contentUrl\":\"https:\/\/www.ocasionplus.com\/wp-content\/uploads\/2024\/03\/Peugeot-208.jpg\",\"width\":1920,\"height\":1067,\"caption\":\"Peugeot 208 2024\"},{\"@type\":\"BreadcrumbList\",\"@id\":\"https:\/\/www.ocasionplus.com\/noticias\/nuevo-peugeot-208\/#breadcrumb\",\"itemListElement\":[{\"@type\":\"ListItem\",\"position\":1,\"name\":\"Portada\",\"item\":\"https:\/\/www.ocasionplus.com\/noticias\/\"},{\"@type\":\"ListItem\",\"position\":2,\"name\":\"Nuevo Peugeot 208: m\u00e1s tecnolog\u00eda y mejor conectividad\"}]},{\"@type\":\"WebSite\",\"@id\":\"https:\/\/www.ocasionplus.com\/noticias\/#website\",\"url\":\"https:\/\/www.ocasionplus.com\/noticias\/\",\"name\":\"OcasionPlus Blog\",\"description\":\"Veh\u00edculos de ocasi\u00f3n\",\"publisher\":{\"@id\":\"https:\/\/www.ocasionplus.com\/noticias\/#organization\"},\"potentialAction\":[{\"@type\":\"SearchAction\",\"target\":{\"@type\":\"EntryPoint\",\"urlTemplate\":\"https:\/\/www.ocasionplus.com\/noticias\/?s={search_term_string}\"},\"query-input\":{\"@type\":\"PropertyValueSpecification\",\"valueRequired\":true,\"valueName\":\"search_term_string\"}}],\"inLanguage\":\"es\"},{\"@type\":\"Organization\",\"@id\":\"https:\/\/www.ocasionplus.com\/noticias\/#organization\",\"name\":\"OcasionPlus\",\"url\":\"https:\/\/www.ocasionplus.com\/noticias\/\",\"logo\":{\"@type\":\"ImageObject\",\"inLanguage\":\"es\",\"@id\":\"https:\/\/www.ocasionplus.com\/noticias\/#\/schema\/logo\/image\/\",\"url\":\"https:\/\/www.ocasionplus.com\/wp-content\/uploads\/2024\/05\/cropped-cropped-oplus-logo-blog.png\",\"contentUrl\":\"https:\/\/www.ocasionplus.com\/wp-content\/uploads\/2024\/05\/cropped-cropped-oplus-logo-blog.png\",\"width\":360,\"height\":71,\"caption\":\"OcasionPlus\"},\"image\":{\"@id\":\"https:\/\/www.ocasionplus.com\/noticias\/#\/schema\/logo\/image\/\"},\"sameAs\":[\"https:\/\/www.facebook.com\/ocasionplus\",\"https:\/\/x.com\/ocasionplus\",\"https:\/\/www.instagram.com\/ocasion_plus\",\"https:\/\/www.youtube.com\/channel\/UCBiCAto61Lyu27CgI95wrYQ\",\"https:\/\/www.tiktok.com\/@ocasionplus.com\",\"https:\/\/es.linkedin.com\/company\/ocasionplus\"]},{\"@type\":\"Person\",\"@id\":\"https:\/\/www.ocasionplus.com\/noticias\/#\/schema\/person\/db1203be564cc3ded97ad1dbd8aadc5b\",\"name\":\"Cristhian Gonz\u00e1lez\",\"image\":{\"@type\":\"ImageObject\",\"inLanguage\":\"es\",\"@id\":\"https:\/\/www.ocasionplus.com\/noticias\/#\/schema\/person\/image\/\",\"url\":\"https:\/\/secure.gravatar.com\/avatar\/30c0388f0815fd0ab8fb4cfad29866ac?s=96&d=mm&r=g\",\"contentUrl\":\"https:\/\/secure.gravatar.com\/avatar\/30c0388f0815fd0ab8fb4cfad29866ac?s=96&d=mm&r=g\",\"caption\":\"Cristhian Gonz\u00e1lez\"},\"description\":\"Periodista formado en Colombia. Siempre vinculado al deporte y con pasi\u00f3n por los coches. He asistido y cubierto diferentes eventos deportivos para diferentes medios de comunicaci\u00f3n.\"}]}<\/script>\n<!-- \/ Yoast SEO Premium plugin. -->","yoast_head_json":{"title":"Nuevo Peugeot 208: m\u00e1s tecnolog\u00eda y mejor conectividad - OcasionPlus Blog","description":"Descubre el nuevo Peugeot 208. La marca del le\u00f3n ya permite reservar la \u00faltima versi\u00f3n y electrificada, el Peugeot e-208.","robots":{"index":"index","follow":"follow","max-snippet":"max-snippet:-1","max-image-preview":"max-image-preview:large","max-video-preview":"max-video-preview:-1"},"canonical":"https:\/\/www.ocasionplus.com\/noticias\/nuevo-peugeot-208\/","og_locale":"es_ES","og_type":"article","og_title":"Nuevo Peugeot 208: m\u00e1s tecnolog\u00eda y mejor conectividad","og_description":"Descubre el nuevo Peugeot 208. La marca del le\u00f3n ya permite reservar la \u00faltima versi\u00f3n y electrificada, el Peugeot e-208.","og_url":"https:\/\/www.ocasionplus.com\/noticias\/nuevo-peugeot-208\/","og_site_name":"OcasionPlus Blog","article_publisher":"https:\/\/www.facebook.com\/ocasionplus","article_published_time":"2024-03-19T15:21:12+00:00","article_modified_time":"2025-03-27T13:04:32+00:00","og_image":[{"width":1920,"height":1067,"url":"https:\/\/www.ocasionplus.com\/wp-content\/uploads\/2024\/03\/Peugeot-208.jpg","type":"image\/jpeg"}],"author":"Cristhian Gonz\u00e1lez","twitter_card":"summary_large_image","twitter_creator":"@ocasionplus","twitter_site":"@ocasionplus","twitter_misc":{"Escrito por":"Cristhian Gonz\u00e1lez","Tiempo de lectura":"2 minutos"},"schema":{"@context":"https:\/\/schema.org","@graph":[{"@type":"Article","@id":"https:\/\/www.ocasionplus.com\/noticias\/nuevo-peugeot-208\/#article","isPartOf":{"@id":"https:\/\/www.ocasionplus.com\/noticias\/nuevo-peugeot-208\/"},"author":{"name":"Cristhian Gonz\u00e1lez","@id":"https:\/\/www.ocasionplus.com\/noticias\/#\/schema\/person\/db1203be564cc3ded97ad1dbd8aadc5b"},"headline":"Nuevo Peugeot 208: m\u00e1s tecnolog\u00eda y mejor conectividad","datePublished":"2024-03-19T15:21:12+00:00","dateModified":"2025-03-27T13:04:32+00:00","mainEntityOfPage":{"@id":"https:\/\/www.ocasionplus.com\/noticias\/nuevo-peugeot-208\/"},"wordCount":466,"publisher":{"@id":"https:\/\/www.ocasionplus.com\/noticias\/#organization"},"image":{"@id":"https:\/\/www.ocasionplus.com\/noticias\/nuevo-peugeot-208\/#primaryimage"},"thumbnailUrl":"https:\/\/www.ocasionplus.com\/wp-content\/uploads\/2024\/03\/Peugeot-208.jpg","articleSection":["\u00daltimas Noticias"],"inLanguage":"es","copyrightYear":"2024","copyrightHolder":{"@id":"https:\/\/www.ocasionplus.com\/noticias\/#organization"}},{"@type":"WebPage","@id":"https:\/\/www.ocasionplus.com\/noticias\/nuevo-peugeot-208\/","url":"https:\/\/www.ocasionplus.com\/noticias\/nuevo-peugeot-208\/","name":"Nuevo Peugeot 208: m\u00e1s tecnolog\u00eda y mejor conectividad - OcasionPlus Blog","isPartOf":{"@id":"https:\/\/www.ocasionplus.com\/noticias\/#website"},"primaryImageOfPage":{"@id":"https:\/\/www.ocasionplus.com\/noticias\/nuevo-peugeot-208\/#primaryimage"},"image":{"@id":"https:\/\/www.ocasionplus.com\/noticias\/nuevo-peugeot-208\/#primaryimage"},"thumbnailUrl":"https:\/\/www.ocasionplus.com\/wp-content\/uploads\/2024\/03\/Peugeot-208.jpg","datePublished":"2024-03-19T15:21:12+00:00","dateModified":"2025-03-27T13:04:32+00:00","description":"Descubre el nuevo Peugeot 208. La marca del le\u00f3n ya permite reservar la \u00faltima versi\u00f3n y electrificada, el Peugeot e-208.","breadcrumb":{"@id":"https:\/\/www.ocasionplus.com\/noticias\/nuevo-peugeot-208\/#breadcrumb"},"inLanguage":"es","potentialAction":[{"@type":"ReadAction","target":["https:\/\/www.ocasionplus.com\/noticias\/nuevo-peugeot-208\/"]}]},{"@type":"ImageObject","inLanguage":"es","@id":"https:\/\/www.ocasionplus.com\/noticias\/nuevo-peugeot-208\/#primaryimage","url":"https:\/\/www.ocasionplus.com\/wp-content\/uploads\/2024\/03\/Peugeot-208.jpg","contentUrl":"https:\/\/www.ocasionplus.com\/wp-content\/uploads\/2024\/03\/Peugeot-208.jpg","width":1920,"height":1067,"caption":"Peugeot 208 2024"},{"@type":"BreadcrumbList","@id":"https:\/\/www.ocasionplus.com\/noticias\/nuevo-peugeot-208\/#breadcrumb","itemListElement":[{"@type":"ListItem","position":1,"name":"Portada","item":"https:\/\/www.ocasionplus.com\/noticias\/"},{"@type":"ListItem","position":2,"name":"Nuevo Peugeot 208: m\u00e1s tecnolog\u00eda y mejor conectividad"}]},{"@type":"WebSite","@id":"https:\/\/www.ocasionplus.com\/noticias\/#website","url":"https:\/\/www.ocasionplus.com\/noticias\/","name":"OcasionPlus Blog","description":"Veh\u00edculos de ocasi\u00f3n","publisher":{"@id":"https:\/\/www.ocasionplus.com\/noticias\/#organization"},"potentialAction":[{"@type":"SearchAction","target":{"@type":"EntryPoint","urlTemplate":"https:\/\/www.ocasionplus.com\/noticias\/?s={search_term_string}"},"query-input":{"@type":"PropertyValueSpecification","valueRequired":true,"valueName":"search_term_string"}}],"inLanguage":"es"},{"@type":"Organization","@id":"https:\/\/www.ocasionplus.com\/noticias\/#organization","name":"OcasionPlus","url":"https:\/\/www.ocasionplus.com\/noticias\/","logo":{"@type":"ImageObject","inLanguage":"es","@id":"https:\/\/www.ocasionplus.com\/noticias\/#\/schema\/logo\/image\/","url":"https:\/\/www.ocasionplus.com\/wp-content\/uploads\/2024\/05\/cropped-cropped-oplus-logo-blog.png","contentUrl":"https:\/\/www.ocasionplus.com\/wp-content\/uploads\/2024\/05\/cropped-cropped-oplus-logo-blog.png","width":360,"height":71,"caption":"OcasionPlus"},"image":{"@id":"https:\/\/www.ocasionplus.com\/noticias\/#\/schema\/logo\/image\/"},"sameAs":["https:\/\/www.facebook.com\/ocasionplus","https:\/\/x.com\/ocasionplus","https:\/\/www.instagram.com\/ocasion_plus","https:\/\/www.youtube.com\/channel\/UCBiCAto61Lyu27CgI95wrYQ","https:\/\/www.tiktok.com\/@ocasionplus.com","https:\/\/es.linkedin.com\/company\/ocasionplus"]},{"@type":"Person","@id":"https:\/\/www.ocasionplus.com\/noticias\/#\/schema\/person\/db1203be564cc3ded97ad1dbd8aadc5b","name":"Cristhian Gonz\u00e1lez","image":{"@type":"ImageObject","inLanguage":"es","@id":"https:\/\/www.ocasionplus.com\/noticias\/#\/schema\/person\/image\/","url":"https:\/\/secure.gravatar.com\/avatar\/30c0388f0815fd0ab8fb4cfad29866ac?s=96&d=mm&r=g","contentUrl":"https:\/\/secure.gravatar.com\/avatar\/30c0388f0815fd0ab8fb4cfad29866ac?s=96&d=mm&r=g","caption":"Cristhian Gonz\u00e1lez"},"description":"Periodista formado en Colombia. Siempre vinculado al deporte y con pasi\u00f3n por los coches. He asistido y cubierto diferentes eventos deportivos para diferentes medios de comunicaci\u00f3n."}]}},"jetpack_featured_media_url":"https:\/\/www.ocasionplus.com\/wp-content\/uploads\/2024\/03\/Peugeot-208.jpg","_links":{"self":[{"href":"https:\/\/www.ocasionplus.com\/noticias\/wp-json\/wp\/v2\/posts\/10395","targetHints":{"allow":["GET"]}}],"collection":[{"href":"https:\/\/www.ocasionplus.com\/noticias\/wp-json\/wp\/v2\/posts"}],"about":[{"href":"https:\/\/www.ocasionplus.com\/noticias\/wp-json\/wp\/v2\/types\/post"}],"author":[{"embeddable":true,"href":"https:\/\/www.ocasionplus.com\/noticias\/wp-json\/wp\/v2\/users\/3"}],"replies":[{"embeddable":true,"href":"https:\/\/www.ocasionplus.com\/noticias\/wp-json\/wp\/v2\/comments?post=10395"}],"version-history":[{"count":1,"href":"https:\/\/www.ocasionplus.com\/noticias\/wp-json\/wp\/v2\/posts\/10395\/revisions"}],"predecessor-version":[{"id":13100,"href":"https:\/\/www.ocasionplus.com\/noticias\/wp-json\/wp\/v2\/posts\/10395\/revisions\/13100"}],"wp:featuredmedia":[{"embeddable":true,"href":"https:\/\/www.ocasionplus.com\/noticias\/wp-json\/wp\/v2\/media\/10397"}],"wp:attachment":[{"href":"https:\/\/www.ocasionplus.com\/noticias\/wp-json\/wp\/v2\/media?parent=10395"}],"wp:term":[{"taxonomy":"category","embeddable":true,"href":"https:\/\/www.ocasionplus.com\/noticias\/wp-json\/wp\/v2\/categories?post=10395"},{"taxonomy":"post_tag","embeddable":true,"href":"https:\/\/www.ocasionplus.com\/noticias\/wp-json\/wp\/v2\/tags?post=10395"}],"curies":[{"name":"wp","href":"https:\/\/api.w.org\/{rel}","templated":true}]}}