{"id":10420,"date":"2024-03-20T13:26:07","date_gmt":"2024-03-20T12:26:07","guid":{"rendered":"https:\/\/blog.ocasionplus.com\/?p=10420"},"modified":"2025-03-27T14:04:31","modified_gmt":"2025-03-27T13:04:31","slug":"nuevo-peugeot-e-5008","status":"publish","type":"post","link":"https:\/\/www.ocasionplus.com\/noticias\/nuevo-peugeot-e-5008\/","title":{"rendered":"La marca del le\u00f3n estrena el Peugeot e-5008, un SUV el\u00e9ctrico"},"content":{"rendered":"\n<p>El nuevo Peugeot e-5008 saldr\u00e1 a la venta en oto\u00f1o de 2024. Se encontrar\u00e1 disponible con dos acabados: Allure y GT; adem\u00e1s, de tres motorizaciones el\u00e9ctricas y dos h\u00edbridas. Este modelo presenta actualizaciones a nivel de dise\u00f1o exterior e interior, seguridad y tecnolog\u00eda.&nbsp;<\/p>\n\n\n\n<h2 class=\"wp-block-heading\">Dise\u00f1o exterior del Peugeot e-5008<\/h2>\n\n\n\n<p>El nuevo Peugeot e-5008 es un SUV el\u00e9ctrico que destaca por su robustez y seguridad, combinando con una silueta din\u00e1mica. Su parrilla delantera destaca por una fina banda negra que envuelve todo el frontal del SUV y que incorpora faros LED ultracompactos. En el acabado GT incorpora una tecnolog\u00eda Pixel LED, que adapta autom\u00e1ticamente el haz de luz de los faros, seg\u00fan las condiciones del tr\u00e1fico.&nbsp;<\/p>\n\n\n\n<p>La l\u00ednea de cintura es relativamente alta, con una altura de 1,69 metros, y con unos hombros pronunciados que le dan el aspecto robusto al e5008. Adem\u00e1s, incorpora llanta de 19\u201d y 20\u201d, de dise\u00f1o geom\u00e9trico y que llevan en el centro el emblema de Peugeot.&nbsp;<\/p>\n\n\n\n<p>Se encontrar\u00e1 disponible en seis colores: azul obsesi\u00f3n, azul ingaro, blanco okenita, negro perla, gris artense y gris titanio. En el acabado GT, se ofrece con acabado bitono con el techo en color negro brillante.\u00a0<\/p>\n\n\n\n<figure class=\"wp-block-image size-large\"><img loading=\"lazy\" decoding=\"async\" width=\"1024\" height=\"569\" src=\"http:\/\/127.0.0.1\/wp-content\/uploads\/2024\/03\/Peugeot-e5008-1024x569.jpg\" alt=\"\" class=\"wp-image-10421\" srcset=\"https:\/\/www.ocasionplus.com\/wp-content\/uploads\/2024\/03\/Peugeot-e5008-1024x569.jpg 1024w, https:\/\/www.ocasionplus.com\/wp-content\/uploads\/2024\/03\/Peugeot-e5008-300x167.jpg 300w, https:\/\/www.ocasionplus.com\/wp-content\/uploads\/2024\/03\/Peugeot-e5008-768x427.jpg 768w, https:\/\/www.ocasionplus.com\/wp-content\/uploads\/2024\/03\/Peugeot-e5008.jpg 1280w\" sizes=\"auto, (max-width: 1024px) 100vw, 1024px\" \/><\/figure>\n\n\n\n<h2 class=\"wp-block-heading\">Dise\u00f1o interior<\/h2>\n\n\n\n<p>El Peugeot e-5008 presenta el nuevo Panoramic i-Cockpit, que combina un head-up display, una gran pantalla t\u00e1ctil central y el volante de tama\u00f1o reducido. Todo se encuentra integrado a una pantalla panor\u00e1mica curvada formada por un panel de alta definici\u00f3n de 21\u201d. El nuevo Panoramic i-Cockpit se encuentra as\u00ed:<\/p>\n\n\n\n<ul class=\"wp-block-list\">\n<li>A la izquierda de la pantalla, sobre el volante compacto, el cuadro de instrumentos que re\u00fane toda la informaci\u00f3n de velocidad, indicador de potencia, ayudas a la conducci\u00f3n y flujo de energ\u00eda.&nbsp;<\/li>\n\n\n\n<li>A la derecha, en el centro del salpicadero, la secci\u00f3n de la pantalla t\u00e1ctil que es accesible al conductor y el pasajero. Se utiliza para controlar el aire acondicionado, navegaci\u00f3n y sistemas multimedia.&nbsp;<\/li>\n<\/ul>\n\n\n\n<p>Tambi\u00e9n te puede interesar: <a href=\"https:\/\/blog.ocasionplus.com\/mejores-coches-compacto\/\"><span style=\"text-decoration: underline;\"><mark style=\"background-color:rgba(0, 0, 0, 0);color:#189bd7\" class=\"has-inline-color\">Conoce los 10 mejores coches compacto de segunda mano del 2024<\/mark><\/span><\/a><\/p>\n\n\n\n<p>Adem\u00e1s, el volante presenta unos nuevos mandos, que mejoran la ergonom\u00eda y le permiten al conductor acceder de forma m\u00e1s r\u00e1pida a algunas funciones del veh\u00edculo. A su vez, integra los i-Toggles, botones t\u00e1ctiles personalizables que ofrecen un acceso r\u00e1pido a 10 de las funciones favoritas del conductor, como llamar a un contacto, iniciar la navegaci\u00f3n, sintonizar la radio, ajustar temperatura, entre otros.\u00a0<\/p>\n\n\n\n<p>Este SUV se puede encontrar disponible con 5 o 7 plazas, siendo uno de los SUV el\u00e9ctricos m\u00e1s amplios. Con una tercera fila de asientos que presentan el sistema Easy Acces, que permite inclinar la segunda fila de asientos y deslizarla hacia adelante al mismo tiempo.<\/p>\n\n\n\n<h2 class=\"wp-block-heading\">Tecnolog\u00eda y seguridad del e-5008<\/h2>\n\n\n\n<p>Este nuevo Peugeot e-5008 ofrece una conectividad total a una funci\u00f3n de mirroring inal\u00e1mbrico, es decir, permite conectar Apple CarPlay o Android Auto. Adem\u00e1s, en el acabado GT integra el Peugeot i-Connect Advanced, que integra la navegaci\u00f3n TomTom. Esta \u00faltima versi\u00f3n permite el comando de reconocimiento de voz \u201cOK Peugeot\u201d, que permite acceder a funciones como el infoentretenimiento, calefacci\u00f3n y climatizaci\u00f3n, y el tel\u00e9fono.&nbsp;<\/p>\n\n\n\n<p>Este SUV el\u00e9ctrico se encuentra equipo con m\u00e1s de 40 sistemas de asistencia a la conducci\u00f3n y equipos de seguridad, que permite un paso m\u00e1s a la conducci\u00f3n semiaut\u00f3noma. Entre la tecnolog\u00eda presenta un control de crucero adaptativo con funci\u00f3n Stop &amp; Go y asistente de mantenimiento de carril, cambio de carril semiautom\u00e1tico y recomendaci\u00f3n de velocidad anticipada.&nbsp;<\/p>\n\n\n\n<h2 class=\"wp-block-heading\">Motorizaci\u00f3n&nbsp;<\/h2>\n\n\n\n<p>La gama de&nbsp; motores el\u00e9ctricos ofrecen m\u00e1s potencia y mayor eficiencia. Las versiones de 2 motores ofrecen 157 kW o 170 kW, es decir, 210 CV o 230 CV. En la opci\u00f3n 4&#215;4 presenta un motor que entrega 237 kW, es decir, 320 CV.&nbsp;<\/p>\n\n\n\n<p>La bater\u00eda de iones de litio de alto voltaje, de 400 V, brinda una autonom\u00eda de 500 a 660 kil\u00f3metros, seg\u00fan la versi\u00f3n. Adem\u00e1s, de una bater\u00eda con carga ultrarr\u00e1pida, autonom\u00eda optimizada y una mayor duraci\u00f3n de la bater\u00eda.&nbsp;<\/p>\n\n\n\n<p>Habr\u00e1 que esperar hasta oto\u00f1o del 2024 para poder reservar este SUV el\u00e9ctrico; sin embargo, si est\u00e1s interesado en adquirir un <a href=\"https:\/\/www.ocasionplus.com\/coches-ocasion\/peugeot\/5008\"><span style=\"text-decoration: underline;\"><mark style=\"background-color:rgba(0, 0, 0, 0);color:#189bd7\" class=\"has-inline-color\">Peugeot 5008 de segunda mano<\/mark><\/span><\/a>, en OcasionPlus encontrar\u00e1s m\u00e1s de 50 versiones diferentes con la mejor calidad y el mejor precio del mercado.<\/p>\n","protected":false},"excerpt":{"rendered":"<p>El nuevo Peugeot e-5008 saldr\u00e1 a la venta en oto\u00f1o de 2024. Se encontrar\u00e1 disponible con dos acabados: Allure y GT; adem\u00e1s, de tres motorizaciones el\u00e9ctricas y dos h\u00edbridas. Este modelo presenta actualizaciones a nivel de dise\u00f1o exterior e interior, seguridad y tecnolog\u00eda.&nbsp; Dise\u00f1o exterior del Peugeot e-5008 El nuevo Peugeot e-5008 es un SUV&#8230;<\/p>\n","protected":false},"author":3,"featured_media":10422,"comment_status":"closed","ping_status":"closed","sticky":false,"template":"","format":"standard","meta":{"footnotes":""},"categories":[2],"tags":[],"class_list":["post-10420","post","type-post","status-publish","format-standard","has-post-thumbnail","hentry","category-ultimas-noticias"],"yoast_head":"<!-- This site is optimized with the Yoast SEO Premium plugin v24.8 (Yoast SEO v24.8.1) - https:\/\/yoast.com\/wordpress\/plugins\/seo\/ -->\n<title>La marca del le\u00f3n estrena el Peugeot e-5008, un SUV el\u00e9ctrico - OcasionPlus Blog<\/title>\n<meta name=\"description\" content=\"Descubre el nuevo Peugeot e-5008, un SUV el\u00e9ctrico con dos niveles de acabados: Allure y GT. Se encuentra disponible desde oto\u00f1o.\" \/>\n<meta name=\"robots\" content=\"index, follow, max-snippet:-1, max-image-preview:large, max-video-preview:-1\" \/>\n<link rel=\"canonical\" href=\"https:\/\/www.ocasionplus.com\/noticias\/nuevo-peugeot-e-5008\/\" \/>\n<meta property=\"og:locale\" content=\"es_ES\" \/>\n<meta property=\"og:type\" content=\"article\" \/>\n<meta property=\"og:title\" content=\"La marca del le\u00f3n estrena el Peugeot e-5008, un SUV el\u00e9ctrico\" \/>\n<meta property=\"og:description\" content=\"Descubre el nuevo Peugeot e-5008, un SUV el\u00e9ctrico con dos niveles de acabados: Allure y GT. Se encuentra disponible desde oto\u00f1o.\" \/>\n<meta property=\"og:url\" content=\"https:\/\/www.ocasionplus.com\/noticias\/nuevo-peugeot-e-5008\/\" \/>\n<meta property=\"og:site_name\" content=\"OcasionPlus Blog\" \/>\n<meta property=\"article:publisher\" content=\"https:\/\/www.facebook.com\/ocasionplus\" \/>\n<meta property=\"article:published_time\" content=\"2024-03-20T12:26:07+00:00\" \/>\n<meta property=\"article:modified_time\" content=\"2025-03-27T13:04:31+00:00\" \/>\n<meta property=\"og:image\" content=\"https:\/\/www.ocasionplus.com\/wp-content\/uploads\/2024\/03\/Peugeot-e5008.1.jpg\" \/>\n\t<meta property=\"og:image:width\" content=\"1200\" \/>\n\t<meta property=\"og:image:height\" content=\"878\" \/>\n\t<meta property=\"og:image:type\" content=\"image\/jpeg\" \/>\n<meta name=\"author\" content=\"Cristhian Gonz\u00e1lez\" \/>\n<meta name=\"twitter:card\" content=\"summary_large_image\" \/>\n<meta name=\"twitter:creator\" content=\"@ocasionplus\" \/>\n<meta name=\"twitter:site\" content=\"@ocasionplus\" \/>\n<meta name=\"twitter:label1\" content=\"Escrito por\" \/>\n\t<meta name=\"twitter:data1\" content=\"Cristhian Gonz\u00e1lez\" \/>\n\t<meta name=\"twitter:label2\" content=\"Tiempo de lectura\" \/>\n\t<meta name=\"twitter:data2\" content=\"4 minutos\" \/>\n<script type=\"application\/ld+json\" class=\"yoast-schema-graph\">{\"@context\":\"https:\/\/schema.org\",\"@graph\":[{\"@type\":\"Article\",\"@id\":\"https:\/\/www.ocasionplus.com\/noticias\/nuevo-peugeot-e-5008\/#article\",\"isPartOf\":{\"@id\":\"https:\/\/www.ocasionplus.com\/noticias\/nuevo-peugeot-e-5008\/\"},\"author\":{\"name\":\"Cristhian Gonz\u00e1lez\",\"@id\":\"https:\/\/www.ocasionplus.com\/noticias\/#\/schema\/person\/db1203be564cc3ded97ad1dbd8aadc5b\"},\"headline\":\"La marca del le\u00f3n estrena el Peugeot e-5008, un SUV el\u00e9ctrico\",\"datePublished\":\"2024-03-20T12:26:07+00:00\",\"dateModified\":\"2025-03-27T13:04:31+00:00\",\"mainEntityOfPage\":{\"@id\":\"https:\/\/www.ocasionplus.com\/noticias\/nuevo-peugeot-e-5008\/\"},\"wordCount\":770,\"publisher\":{\"@id\":\"https:\/\/www.ocasionplus.com\/noticias\/#organization\"},\"image\":{\"@id\":\"https:\/\/www.ocasionplus.com\/noticias\/nuevo-peugeot-e-5008\/#primaryimage\"},\"thumbnailUrl\":\"https:\/\/www.ocasionplus.com\/wp-content\/uploads\/2024\/03\/Peugeot-e5008.1.jpg\",\"articleSection\":[\"\u00daltimas Noticias\"],\"inLanguage\":\"es\",\"copyrightYear\":\"2024\",\"copyrightHolder\":{\"@id\":\"https:\/\/www.ocasionplus.com\/noticias\/#organization\"}},{\"@type\":\"WebPage\",\"@id\":\"https:\/\/www.ocasionplus.com\/noticias\/nuevo-peugeot-e-5008\/\",\"url\":\"https:\/\/www.ocasionplus.com\/noticias\/nuevo-peugeot-e-5008\/\",\"name\":\"La marca del le\u00f3n estrena el Peugeot e-5008, un SUV el\u00e9ctrico - OcasionPlus Blog\",\"isPartOf\":{\"@id\":\"https:\/\/www.ocasionplus.com\/noticias\/#website\"},\"primaryImageOfPage\":{\"@id\":\"https:\/\/www.ocasionplus.com\/noticias\/nuevo-peugeot-e-5008\/#primaryimage\"},\"image\":{\"@id\":\"https:\/\/www.ocasionplus.com\/noticias\/nuevo-peugeot-e-5008\/#primaryimage\"},\"thumbnailUrl\":\"https:\/\/www.ocasionplus.com\/wp-content\/uploads\/2024\/03\/Peugeot-e5008.1.jpg\",\"datePublished\":\"2024-03-20T12:26:07+00:00\",\"dateModified\":\"2025-03-27T13:04:31+00:00\",\"description\":\"Descubre el nuevo Peugeot e-5008, un SUV el\u00e9ctrico con dos niveles de acabados: Allure y GT. Se encuentra disponible desde oto\u00f1o.\",\"breadcrumb\":{\"@id\":\"https:\/\/www.ocasionplus.com\/noticias\/nuevo-peugeot-e-5008\/#breadcrumb\"},\"inLanguage\":\"es\",\"potentialAction\":[{\"@type\":\"ReadAction\",\"target\":[\"https:\/\/www.ocasionplus.com\/noticias\/nuevo-peugeot-e-5008\/\"]}]},{\"@type\":\"ImageObject\",\"inLanguage\":\"es\",\"@id\":\"https:\/\/www.ocasionplus.com\/noticias\/nuevo-peugeot-e-5008\/#primaryimage\",\"url\":\"https:\/\/www.ocasionplus.com\/wp-content\/uploads\/2024\/03\/Peugeot-e5008.1.jpg\",\"contentUrl\":\"https:\/\/www.ocasionplus.com\/wp-content\/uploads\/2024\/03\/Peugeot-e5008.1.jpg\",\"width\":1200,\"height\":878,\"caption\":\"Peugeot e5008 de color gris\"},{\"@type\":\"BreadcrumbList\",\"@id\":\"https:\/\/www.ocasionplus.com\/noticias\/nuevo-peugeot-e-5008\/#breadcrumb\",\"itemListElement\":[{\"@type\":\"ListItem\",\"position\":1,\"name\":\"Portada\",\"item\":\"https:\/\/www.ocasionplus.com\/noticias\/\"},{\"@type\":\"ListItem\",\"position\":2,\"name\":\"La marca del le\u00f3n estrena el Peugeot e-5008, un SUV el\u00e9ctrico\"}]},{\"@type\":\"WebSite\",\"@id\":\"https:\/\/www.ocasionplus.com\/noticias\/#website\",\"url\":\"https:\/\/www.ocasionplus.com\/noticias\/\",\"name\":\"OcasionPlus Blog\",\"description\":\"Veh\u00edculos de ocasi\u00f3n\",\"publisher\":{\"@id\":\"https:\/\/www.ocasionplus.com\/noticias\/#organization\"},\"potentialAction\":[{\"@type\":\"SearchAction\",\"target\":{\"@type\":\"EntryPoint\",\"urlTemplate\":\"https:\/\/www.ocasionplus.com\/noticias\/?s={search_term_string}\"},\"query-input\":{\"@type\":\"PropertyValueSpecification\",\"valueRequired\":true,\"valueName\":\"search_term_string\"}}],\"inLanguage\":\"es\"},{\"@type\":\"Organization\",\"@id\":\"https:\/\/www.ocasionplus.com\/noticias\/#organization\",\"name\":\"OcasionPlus\",\"url\":\"https:\/\/www.ocasionplus.com\/noticias\/\",\"logo\":{\"@type\":\"ImageObject\",\"inLanguage\":\"es\",\"@id\":\"https:\/\/www.ocasionplus.com\/noticias\/#\/schema\/logo\/image\/\",\"url\":\"https:\/\/www.ocasionplus.com\/wp-content\/uploads\/2024\/05\/cropped-cropped-oplus-logo-blog.png\",\"contentUrl\":\"https:\/\/www.ocasionplus.com\/wp-content\/uploads\/2024\/05\/cropped-cropped-oplus-logo-blog.png\",\"width\":360,\"height\":71,\"caption\":\"OcasionPlus\"},\"image\":{\"@id\":\"https:\/\/www.ocasionplus.com\/noticias\/#\/schema\/logo\/image\/\"},\"sameAs\":[\"https:\/\/www.facebook.com\/ocasionplus\",\"https:\/\/x.com\/ocasionplus\",\"https:\/\/www.instagram.com\/ocasion_plus\",\"https:\/\/www.youtube.com\/channel\/UCBiCAto61Lyu27CgI95wrYQ\",\"https:\/\/www.tiktok.com\/@ocasionplus.com\",\"https:\/\/es.linkedin.com\/company\/ocasionplus\"]},{\"@type\":\"Person\",\"@id\":\"https:\/\/www.ocasionplus.com\/noticias\/#\/schema\/person\/db1203be564cc3ded97ad1dbd8aadc5b\",\"name\":\"Cristhian Gonz\u00e1lez\",\"image\":{\"@type\":\"ImageObject\",\"inLanguage\":\"es\",\"@id\":\"https:\/\/www.ocasionplus.com\/noticias\/#\/schema\/person\/image\/\",\"url\":\"https:\/\/secure.gravatar.com\/avatar\/30c0388f0815fd0ab8fb4cfad29866ac?s=96&d=mm&r=g\",\"contentUrl\":\"https:\/\/secure.gravatar.com\/avatar\/30c0388f0815fd0ab8fb4cfad29866ac?s=96&d=mm&r=g\",\"caption\":\"Cristhian Gonz\u00e1lez\"},\"description\":\"Periodista formado en Colombia. Siempre vinculado al deporte y con pasi\u00f3n por los coches. He asistido y cubierto diferentes eventos deportivos para diferentes medios de comunicaci\u00f3n.\"}]}<\/script>\n<!-- \/ Yoast SEO Premium plugin. -->","yoast_head_json":{"title":"La marca del le\u00f3n estrena el Peugeot e-5008, un SUV el\u00e9ctrico - OcasionPlus Blog","description":"Descubre el nuevo Peugeot e-5008, un SUV el\u00e9ctrico con dos niveles de acabados: Allure y GT. Se encuentra disponible desde oto\u00f1o.","robots":{"index":"index","follow":"follow","max-snippet":"max-snippet:-1","max-image-preview":"max-image-preview:large","max-video-preview":"max-video-preview:-1"},"canonical":"https:\/\/www.ocasionplus.com\/noticias\/nuevo-peugeot-e-5008\/","og_locale":"es_ES","og_type":"article","og_title":"La marca del le\u00f3n estrena el Peugeot e-5008, un SUV el\u00e9ctrico","og_description":"Descubre el nuevo Peugeot e-5008, un SUV el\u00e9ctrico con dos niveles de acabados: Allure y GT. Se encuentra disponible desde oto\u00f1o.","og_url":"https:\/\/www.ocasionplus.com\/noticias\/nuevo-peugeot-e-5008\/","og_site_name":"OcasionPlus Blog","article_publisher":"https:\/\/www.facebook.com\/ocasionplus","article_published_time":"2024-03-20T12:26:07+00:00","article_modified_time":"2025-03-27T13:04:31+00:00","og_image":[{"width":1200,"height":878,"url":"https:\/\/www.ocasionplus.com\/wp-content\/uploads\/2024\/03\/Peugeot-e5008.1.jpg","type":"image\/jpeg"}],"author":"Cristhian Gonz\u00e1lez","twitter_card":"summary_large_image","twitter_creator":"@ocasionplus","twitter_site":"@ocasionplus","twitter_misc":{"Escrito por":"Cristhian Gonz\u00e1lez","Tiempo de lectura":"4 minutos"},"schema":{"@context":"https:\/\/schema.org","@graph":[{"@type":"Article","@id":"https:\/\/www.ocasionplus.com\/noticias\/nuevo-peugeot-e-5008\/#article","isPartOf":{"@id":"https:\/\/www.ocasionplus.com\/noticias\/nuevo-peugeot-e-5008\/"},"author":{"name":"Cristhian Gonz\u00e1lez","@id":"https:\/\/www.ocasionplus.com\/noticias\/#\/schema\/person\/db1203be564cc3ded97ad1dbd8aadc5b"},"headline":"La marca del le\u00f3n estrena el Peugeot e-5008, un SUV el\u00e9ctrico","datePublished":"2024-03-20T12:26:07+00:00","dateModified":"2025-03-27T13:04:31+00:00","mainEntityOfPage":{"@id":"https:\/\/www.ocasionplus.com\/noticias\/nuevo-peugeot-e-5008\/"},"wordCount":770,"publisher":{"@id":"https:\/\/www.ocasionplus.com\/noticias\/#organization"},"image":{"@id":"https:\/\/www.ocasionplus.com\/noticias\/nuevo-peugeot-e-5008\/#primaryimage"},"thumbnailUrl":"https:\/\/www.ocasionplus.com\/wp-content\/uploads\/2024\/03\/Peugeot-e5008.1.jpg","articleSection":["\u00daltimas Noticias"],"inLanguage":"es","copyrightYear":"2024","copyrightHolder":{"@id":"https:\/\/www.ocasionplus.com\/noticias\/#organization"}},{"@type":"WebPage","@id":"https:\/\/www.ocasionplus.com\/noticias\/nuevo-peugeot-e-5008\/","url":"https:\/\/www.ocasionplus.com\/noticias\/nuevo-peugeot-e-5008\/","name":"La marca del le\u00f3n estrena el Peugeot e-5008, un SUV el\u00e9ctrico - OcasionPlus Blog","isPartOf":{"@id":"https:\/\/www.ocasionplus.com\/noticias\/#website"},"primaryImageOfPage":{"@id":"https:\/\/www.ocasionplus.com\/noticias\/nuevo-peugeot-e-5008\/#primaryimage"},"image":{"@id":"https:\/\/www.ocasionplus.com\/noticias\/nuevo-peugeot-e-5008\/#primaryimage"},"thumbnailUrl":"https:\/\/www.ocasionplus.com\/wp-content\/uploads\/2024\/03\/Peugeot-e5008.1.jpg","datePublished":"2024-03-20T12:26:07+00:00","dateModified":"2025-03-27T13:04:31+00:00","description":"Descubre el nuevo Peugeot e-5008, un SUV el\u00e9ctrico con dos niveles de acabados: Allure y GT. Se encuentra disponible desde oto\u00f1o.","breadcrumb":{"@id":"https:\/\/www.ocasionplus.com\/noticias\/nuevo-peugeot-e-5008\/#breadcrumb"},"inLanguage":"es","potentialAction":[{"@type":"ReadAction","target":["https:\/\/www.ocasionplus.com\/noticias\/nuevo-peugeot-e-5008\/"]}]},{"@type":"ImageObject","inLanguage":"es","@id":"https:\/\/www.ocasionplus.com\/noticias\/nuevo-peugeot-e-5008\/#primaryimage","url":"https:\/\/www.ocasionplus.com\/wp-content\/uploads\/2024\/03\/Peugeot-e5008.1.jpg","contentUrl":"https:\/\/www.ocasionplus.com\/wp-content\/uploads\/2024\/03\/Peugeot-e5008.1.jpg","width":1200,"height":878,"caption":"Peugeot e5008 de color gris"},{"@type":"BreadcrumbList","@id":"https:\/\/www.ocasionplus.com\/noticias\/nuevo-peugeot-e-5008\/#breadcrumb","itemListElement":[{"@type":"ListItem","position":1,"name":"Portada","item":"https:\/\/www.ocasionplus.com\/noticias\/"},{"@type":"ListItem","position":2,"name":"La marca del le\u00f3n estrena el Peugeot e-5008, un SUV el\u00e9ctrico"}]},{"@type":"WebSite","@id":"https:\/\/www.ocasionplus.com\/noticias\/#website","url":"https:\/\/www.ocasionplus.com\/noticias\/","name":"OcasionPlus Blog","description":"Veh\u00edculos de ocasi\u00f3n","publisher":{"@id":"https:\/\/www.ocasionplus.com\/noticias\/#organization"},"potentialAction":[{"@type":"SearchAction","target":{"@type":"EntryPoint","urlTemplate":"https:\/\/www.ocasionplus.com\/noticias\/?s={search_term_string}"},"query-input":{"@type":"PropertyValueSpecification","valueRequired":true,"valueName":"search_term_string"}}],"inLanguage":"es"},{"@type":"Organization","@id":"https:\/\/www.ocasionplus.com\/noticias\/#organization","name":"OcasionPlus","url":"https:\/\/www.ocasionplus.com\/noticias\/","logo":{"@type":"ImageObject","inLanguage":"es","@id":"https:\/\/www.ocasionplus.com\/noticias\/#\/schema\/logo\/image\/","url":"https:\/\/www.ocasionplus.com\/wp-content\/uploads\/2024\/05\/cropped-cropped-oplus-logo-blog.png","contentUrl":"https:\/\/www.ocasionplus.com\/wp-content\/uploads\/2024\/05\/cropped-cropped-oplus-logo-blog.png","width":360,"height":71,"caption":"OcasionPlus"},"image":{"@id":"https:\/\/www.ocasionplus.com\/noticias\/#\/schema\/logo\/image\/"},"sameAs":["https:\/\/www.facebook.com\/ocasionplus","https:\/\/x.com\/ocasionplus","https:\/\/www.instagram.com\/ocasion_plus","https:\/\/www.youtube.com\/channel\/UCBiCAto61Lyu27CgI95wrYQ","https:\/\/www.tiktok.com\/@ocasionplus.com","https:\/\/es.linkedin.com\/company\/ocasionplus"]},{"@type":"Person","@id":"https:\/\/www.ocasionplus.com\/noticias\/#\/schema\/person\/db1203be564cc3ded97ad1dbd8aadc5b","name":"Cristhian Gonz\u00e1lez","image":{"@type":"ImageObject","inLanguage":"es","@id":"https:\/\/www.ocasionplus.com\/noticias\/#\/schema\/person\/image\/","url":"https:\/\/secure.gravatar.com\/avatar\/30c0388f0815fd0ab8fb4cfad29866ac?s=96&d=mm&r=g","contentUrl":"https:\/\/secure.gravatar.com\/avatar\/30c0388f0815fd0ab8fb4cfad29866ac?s=96&d=mm&r=g","caption":"Cristhian Gonz\u00e1lez"},"description":"Periodista formado en Colombia. Siempre vinculado al deporte y con pasi\u00f3n por los coches. He asistido y cubierto diferentes eventos deportivos para diferentes medios de comunicaci\u00f3n."}]}},"jetpack_featured_media_url":"https:\/\/www.ocasionplus.com\/wp-content\/uploads\/2024\/03\/Peugeot-e5008.1.jpg","_links":{"self":[{"href":"https:\/\/www.ocasionplus.com\/noticias\/wp-json\/wp\/v2\/posts\/10420","targetHints":{"allow":["GET"]}}],"collection":[{"href":"https:\/\/www.ocasionplus.com\/noticias\/wp-json\/wp\/v2\/posts"}],"about":[{"href":"https:\/\/www.ocasionplus.com\/noticias\/wp-json\/wp\/v2\/types\/post"}],"author":[{"embeddable":true,"href":"https:\/\/www.ocasionplus.com\/noticias\/wp-json\/wp\/v2\/users\/3"}],"replies":[{"embeddable":true,"href":"https:\/\/www.ocasionplus.com\/noticias\/wp-json\/wp\/v2\/comments?post=10420"}],"version-history":[{"count":1,"href":"https:\/\/www.ocasionplus.com\/noticias\/wp-json\/wp\/v2\/posts\/10420\/revisions"}],"predecessor-version":[{"id":13097,"href":"https:\/\/www.ocasionplus.com\/noticias\/wp-json\/wp\/v2\/posts\/10420\/revisions\/13097"}],"wp:featuredmedia":[{"embeddable":true,"href":"https:\/\/www.ocasionplus.com\/noticias\/wp-json\/wp\/v2\/media\/10422"}],"wp:attachment":[{"href":"https:\/\/www.ocasionplus.com\/noticias\/wp-json\/wp\/v2\/media?parent=10420"}],"wp:term":[{"taxonomy":"category","embeddable":true,"href":"https:\/\/www.ocasionplus.com\/noticias\/wp-json\/wp\/v2\/categories?post=10420"},{"taxonomy":"post_tag","embeddable":true,"href":"https:\/\/www.ocasionplus.com\/noticias\/wp-json\/wp\/v2\/tags?post=10420"}],"curies":[{"name":"wp","href":"https:\/\/api.w.org\/{rel}","templated":true}]}}