{"id":10526,"date":"2024-03-28T17:27:00","date_gmt":"2024-03-28T16:27:00","guid":{"rendered":"https:\/\/blog.ocasionplus.com\/?p=10526"},"modified":"2025-03-27T14:03:05","modified_gmt":"2025-03-27T13:03:05","slug":"seat-ibiza-y-seat-leon-cual-es-la-mejor-decision-de-compra","status":"publish","type":"post","link":"https:\/\/www.ocasionplus.com\/noticias\/seat-ibiza-y-seat-leon-cual-es-la-mejor-decision-de-compra\/","title":{"rendered":"SEAT Ibiza y SEAT Le\u00f3n: \u00bfcu\u00e1l es la mejor decisi\u00f3n de compra?"},"content":{"rendered":"\n<p>SEAT se encuentra en uno de los momentos m\u00e1s boyantes de los \u00faltimos a\u00f1os al anunciar los buenos resultados de 2023 con los que cuenta la marca espa\u00f1ola y que est\u00e1 permitiendo que <strong>SEAT <\/strong>no sea sacrificada en el Grupo Volkswagen en detrimento de Cupra, gracias al SEAT Ibiza y SEAT Le\u00f3n su marca premium. Durante el ejercicio anterior, SEAT posicion\u00f3 al Ibiza como el segundo compacto m\u00e1s vendido en Espa\u00f1a con un total de 16.644 unidades comercializadas, solo superado por el econ\u00f3mico Dacia Sandero. Adem\u00e1s, tambi\u00e9n, fue el segundo modelo m\u00e1s vendido de la marca SEAT, solo por detr\u00e1s del SEAT Arona. Por su parte, el SEAT Le\u00f3n vio reducidas las ventas del modelo del segmento, debido a la gran competencia con la marca Cupra, que comercializa el mismo modelo bajo esta nueva marca y las ventas quedan separadas.<\/p>\n\n\n\n<p>Presentados los datos de ventas de ambos modelos durante el a\u00f1o 2023, vamos a entrar en la comparativa entre el <strong>SEAT Ibiza<\/strong> y el <strong>SEAT Le\u00f3n<\/strong> y ayudarte por cu\u00e1l decidirte a la hora de comprar uno de estos dos modelos.<\/p>\n\n\n\n<h2 class=\"wp-block-heading\">Dimensiones exteriores y Maletero del SEAT Ibiza y SEAT Le\u00f3n <\/h2>\n\n\n\n<p>Ambos modelos pertenecen a diferentes segmentos automovil\u00edsticos y, por lo tanto, obtienen unas dimensiones diferentes. De esta manera, el <strong>SEAT Ibiza <\/strong>cuenta con una longitud de casi 4,1 metros de largo, 1,8 de ancho y 1,5 de alto, mientras que el <strong>SEAT Le\u00f3n <\/strong>alcanza casi los 4,4 metros de longitud, una anchura de 1,8 metros y es unos mil\u00edmetros m\u00e1s bajo que el <strong>Ibiza<\/strong>.<\/p>\n\n\n\n<p>En el maletero tambi\u00e9n existe una clara diferencia entre ambos modelos, pues el <strong>SEAT Ibiza<\/strong> cuenta con una capacidad de 355 litros, mientras que el <strong>SEAT Le\u00f3n<\/strong> crece hasta los 380 litros. Dando cabida a los maleteros m\u00e1s grandes de sus segmentos respectivamente, pues en <a href=\"https:\/\/www.ocasionplus.com\/coches-ocasion\/seat\"><strong><mark style=\"background-color:rgba(0, 0, 0, 0)\" class=\"has-inline-color has-vivid-cyan-blue-color\">SEAT<\/mark><\/strong><\/a> priorizan la capacidad de carga en sus modelos.<\/p>\n\n\n\n<figure class=\"wp-block-image size-large\"><img loading=\"lazy\" decoding=\"async\" width=\"1024\" height=\"683\" src=\"http:\/\/127.0.0.1\/wp-content\/uploads\/2017\/11\/seat-ibiza-fr-15-tsi-evo-150-cv-1-1024x683.jpg\" alt=\"SEAT Ibiza FR 1.5 TSi EVO 150\" class=\"wp-image-4141\" srcset=\"https:\/\/www.ocasionplus.com\/wp-content\/uploads\/2017\/11\/seat-ibiza-fr-15-tsi-evo-150-cv-1-1024x683.jpg 1024w, https:\/\/www.ocasionplus.com\/wp-content\/uploads\/2017\/11\/seat-ibiza-fr-15-tsi-evo-150-cv-1-300x200.jpg 300w, https:\/\/www.ocasionplus.com\/wp-content\/uploads\/2017\/11\/seat-ibiza-fr-15-tsi-evo-150-cv-1-768x512.jpg 768w, https:\/\/www.ocasionplus.com\/wp-content\/uploads\/2017\/11\/seat-ibiza-fr-15-tsi-evo-150-cv-1.jpg 1200w\" sizes=\"auto, (max-width: 1024px) 100vw, 1024px\" \/><\/figure>\n\n\n\n<h2 class=\"wp-block-heading\">Medidas interiores y habitabilidad SEAT Ibiza y SEAT Le\u00f3n <\/h2>\n\n\n\n<p><strong>SEAT <\/strong>ha mejorado la habitabilidad interior e innovaci\u00f3n tecnol\u00f3gica en t\u00e9rminos de seguridad, de manera que el <strong>SEAT <\/strong>Ibiza incorpora climatizador autom\u00e1tico bizona, cuadro digital de 8 pulgadas, tapicer\u00eda con pl\u00e1sticos reciclados, luz ambiental interior, alerta de cambio de carril involuntario, control de crucero adaptativo, sensores de aparcamiento delanteros y traseros y c\u00e1mara de marcha atr\u00e1s. Adem\u00e1s, incorpora otras novedades como techo solar, asientos, calefactadles, equipo de sonido Beats Audio o un cuadro de instrumentos digital Cockpit de 10 pulgadas.<\/p>\n\n\n\n<p>Por su parte, el <strong>SEAT Le\u00f3n<\/strong> cuenta con una mayor habitabilidad interior gracias a su mayor distancia entre ejes, lo que permite un mayor en las plazas traseras. Adem\u00e1s, cuenta con un mayor nivel de acabado e innovaciones tecnol\u00f3gicas que su hermano peque\u00f1o, el <strong>Ibiza<\/strong>, pues incorpora&nbsp; el Control de crucero adaptativo, asistente de luces largas y cortas, detector de \u00e1ngulo muerto, alerta de tr\u00e1fico posterior, asistente en atascos, asistencia de emergencia 3.0, asistente de salida involuntaria de carril, volante calefactado, asistente de frenado autom\u00e1tico, control electr\u00f3nico de estabilidad, freno de mano electr\u00f3nico, detector de fatiga y reconocimiento de se\u00f1ales de tr\u00e1fico.<\/p>\n\n\n\n<p>Adem\u00e1s, el <strong>SEAT Le\u00f3n<\/strong> cuenta con innovaciones para mejorar la comodidad de los conductores con el sistema de apertura sin llave, bolsa en el respaldo de asientos delanteros, espejo retrovisor antideslumbramiento y calefactables, control por voz y cuadro de instrumentaci\u00f3n digital de 10,25 pulgadas.<\/p>\n\n\n\n<figure class=\"wp-block-image size-large\"><img loading=\"lazy\" decoding=\"async\" width=\"1024\" height=\"683\" src=\"http:\/\/127.0.0.1\/wp-content\/uploads\/2017\/11\/seat-ibiza-fr-15-tsi-evo-150-cv-15-1024x683.jpg\" alt=\"\" class=\"wp-image-4154\" srcset=\"https:\/\/www.ocasionplus.com\/wp-content\/uploads\/2017\/11\/seat-ibiza-fr-15-tsi-evo-150-cv-15-1024x683.jpg 1024w, https:\/\/www.ocasionplus.com\/wp-content\/uploads\/2017\/11\/seat-ibiza-fr-15-tsi-evo-150-cv-15-300x200.jpg 300w, https:\/\/www.ocasionplus.com\/wp-content\/uploads\/2017\/11\/seat-ibiza-fr-15-tsi-evo-150-cv-15-768x512.jpg 768w, https:\/\/www.ocasionplus.com\/wp-content\/uploads\/2017\/11\/seat-ibiza-fr-15-tsi-evo-150-cv-15.jpg 1200w\" sizes=\"auto, (max-width: 1024px) 100vw, 1024px\" \/><\/figure>\n\n\n\n<h2 class=\"wp-block-heading\">Motorizaciones SEAT Ibiza y SEAT Le\u00f3n <\/h2>\n\n\n\n<p>Ahora vamos a realizar la comparativa en motorizaciones, donde el <strong>SEAT Le\u00f3n<\/strong> vuelve a obtener una mayor gama de posibilidades al contar con 4 motorizaciones gasolina, 2 con el bloque 1.0 TSI de 90 y 110 caballos de potencia y 2 con el bloque 1.5 TSI de 130 y 150 caballos de potencia. Las opciones de motores di\u00e9sel se reducen a tan solo 2, con el bloque 2.0 TDI de 115 y 150 caballos de potencia. Adem\u00e1s, entran en acci\u00f3n las motorizaciones con etiqueta ECO con el bloque gasolina\/hibrido de 110 y 150 caballos, el GNC de 130 caballos y el h\u00edbrido enchufable 1.4 de 204 caballos de potencia.<\/p>\n\n\n\n<p>Por su parte, el <strong>SEAT Ibiza<\/strong> solo cuenta con motorizaciones de gasolina y deja de lado al combustible di\u00e9sel. De esta manera, el Ibiza parte desde el bloque 1.0 de 80, 95, 110 y 150 caballos de potencia. A estos motores, se suma el modelo que incorpora GNC con una potencia de 90 caballos.<\/p>\n\n\n\n<p>En cuanto a los consumos de combustible, el <strong>SEAT Le\u00f3n<\/strong> m\u00e1s eficiente otorga unos 1,2 litros cada 100 kil\u00f3metros en su versi\u00f3n h\u00edbrida enchufable, mientras que el modelo de combustible di\u00e9sel ofrece unos 4,3 litros cada 100 kil\u00f3metros. Mientras que el <strong>SEAT Ibiza<\/strong> observa un consumo medio de 6,2 litros a los 100 kil\u00f3metros en sus motores gasolina.<\/p>\n\n\n\n<figure class=\"wp-block-image size-large\"><img loading=\"lazy\" decoding=\"async\" width=\"1024\" height=\"627\" src=\"http:\/\/127.0.0.1\/wp-content\/uploads\/2023\/04\/SEAT-Leon-Hybrid-1024x627.jpg\" alt=\"SEAT Le\u00f3n Hybrid\" class=\"wp-image-9555\" srcset=\"https:\/\/www.ocasionplus.com\/wp-content\/uploads\/2023\/04\/SEAT-Leon-Hybrid-1024x627.jpg 1024w, https:\/\/www.ocasionplus.com\/wp-content\/uploads\/2023\/04\/SEAT-Leon-Hybrid-300x184.jpg 300w, https:\/\/www.ocasionplus.com\/wp-content\/uploads\/2023\/04\/SEAT-Leon-Hybrid-768x470.jpg 768w, https:\/\/www.ocasionplus.com\/wp-content\/uploads\/2023\/04\/SEAT-Leon-Hybrid-266x163.jpg 266w, https:\/\/www.ocasionplus.com\/wp-content\/uploads\/2023\/04\/SEAT-Leon-Hybrid-255x156.jpg 255w, https:\/\/www.ocasionplus.com\/wp-content\/uploads\/2023\/04\/SEAT-Leon-Hybrid-398x244.jpg 398w, https:\/\/www.ocasionplus.com\/wp-content\/uploads\/2023\/04\/SEAT-Leon-Hybrid-600x368.jpg 600w, https:\/\/www.ocasionplus.com\/wp-content\/uploads\/2023\/04\/SEAT-Leon-Hybrid.jpg 1280w\" sizes=\"auto, (max-width: 1024px) 100vw, 1024px\" \/><figcaption class=\"wp-element-caption\">El SEAT Le\u00f3n es el segundo modelo m\u00e1s vendido por la marca espa\u00f1ola<\/figcaption><\/figure>\n\n\n\n<h2 class=\"wp-block-heading\">Precios SEAT Ibiza y SEAT Le\u00f3n <\/h2>\n\n\n\n<p>Los precios tambi\u00e9n var\u00edan dependiendo de nivel de acabado, pero el <strong>SEAT Le\u00f3n<\/strong> nuevo parte desde un precio de 24.350 euros, pero en OcasionPlus, podr\u00e1s encontrar tu <a href=\"https:\/\/www.ocasionplus.com\/coches-ocasion\/seat\/leon\"><strong><mark style=\"background-color:rgba(0, 0, 0, 0)\" class=\"has-inline-color has-vivid-cyan-blue-color\">SEAT Le\u00f3n de segunda mano<\/mark><\/strong><\/a> al mejor precio y con grandes descuentos. Por otro lado, el <strong>SEAT Ibiza<\/strong> parte desde los 15.430 euros y al igualmente, en OcasionPlus podr\u00e1s encontrar todos los modelos de <a href=\"https:\/\/www.ocasionplus.com\/coches-ocasion\/seat\/ibiza\"><strong><mark style=\"background-color:rgba(0, 0, 0, 0)\" class=\"has-inline-color has-vivid-cyan-blue-color\">SEAT Ibiza de segunda mano<\/mark><\/strong><\/a><strong> <\/strong>a un precio mucho m\u00e1s reducido.<\/p>\n\n\n\n<h2 class=\"wp-block-heading\">Conclusi\u00f3n<\/h2>\n\n\n\n<p>Como conclusi\u00f3n a este an\u00e1lisis de los <strong>SEAT Ibiza<\/strong> y <strong>SEAT Le\u00f3n<\/strong>, ser\u00e1 f\u00e1cil decidirte por uno de los dos modelos que oferta la marca espa\u00f1ola dependiendo de tus necesidades. El <strong>SEAT Ibiza<\/strong> est\u00e1 orientado hacia un p\u00fablico joven, sin cargas familiares y que no necesiten las plazas traseras muy a menudo para realizar viajes. Este es otro handicap del modelo compacto, pues no cuenta con motorizaciones di\u00e9sel, de manera que a la hora de realizar un viaje de larga distancia, los consumos se elevar\u00e1n considerablemente, adem\u00e1s de no contar con un gran espacio en el maletero para llevar grandes cantidades de equipaje. En cambio, el<strong> SEAT Le\u00f3n<\/strong> es un compacto de mayores dimensiones que permite adaptarse a una familia reducida, pues cuenta con un maletero amplio para el equipaje de tres personas, sus motores di\u00e9sel permitir\u00e1n un reducido consumo de combustible en carretera y un amplio listado de equipamiento de serie.<\/p>\n\n\n\n<p>Lea tambi\u00e9n: <strong><a href=\"https:\/\/blog.ocasionplus.com\/los-nuevos-seat-ibiza-y-seat-arona-en-2025\/\"><mark style=\"background-color:rgba(0, 0, 0, 0)\" class=\"has-inline-color has-vivid-cyan-blue-color\">Los nuevos SEAT Ibiza y SEAT Arona en 2025<\/mark><\/a><\/strong><\/p>\n","protected":false},"excerpt":{"rendered":"<p>SEAT se encuentra en uno de los momentos m\u00e1s boyantes de los \u00faltimos a\u00f1os al anunciar los buenos resultados de 2023 con los que cuenta la marca espa\u00f1ola y que est\u00e1 permitiendo que SEAT no sea sacrificada en el Grupo Volkswagen en detrimento de Cupra, gracias al SEAT Ibiza y SEAT Le\u00f3n su marca premium&#8230;.<\/p>\n","protected":false},"author":2,"featured_media":10533,"comment_status":"closed","ping_status":"closed","sticky":false,"template":"","format":"standard","meta":{"footnotes":""},"categories":[6,366],"tags":[],"class_list":["post-10526","post","type-post","status-publish","format-standard","has-post-thumbnail","hentry","category-comparativas","category-mundo-motor"],"yoast_head":"<!-- This site is optimized with the Yoast SEO Premium plugin v24.8 (Yoast SEO v24.8.1) - https:\/\/yoast.com\/wordpress\/plugins\/seo\/ -->\n<title>SEAT Ibiza y SEAT Le\u00f3n: \u00bfcu\u00e1l es la mejor decisi\u00f3n de compra? - OcasionPlus Blog<\/title>\n<meta name=\"robots\" content=\"index, follow, max-snippet:-1, max-image-preview:large, max-video-preview:-1\" \/>\n<link rel=\"canonical\" href=\"https:\/\/www.ocasionplus.com\/noticias\/seat-ibiza-y-seat-leon-cual-es-la-mejor-decision-de-compra\/\" \/>\n<meta property=\"og:locale\" content=\"es_ES\" \/>\n<meta property=\"og:type\" content=\"article\" \/>\n<meta property=\"og:title\" content=\"SEAT Ibiza y SEAT Le\u00f3n: \u00bfcu\u00e1l es la mejor decisi\u00f3n de compra?\" \/>\n<meta property=\"og:description\" content=\"SEAT se encuentra en uno de los momentos m\u00e1s boyantes de los \u00faltimos a\u00f1os al anunciar los buenos resultados de 2023 con los que cuenta la marca espa\u00f1ola y que est\u00e1 permitiendo que SEAT no sea sacrificada en el Grupo Volkswagen en detrimento de Cupra, gracias al SEAT Ibiza y SEAT Le\u00f3n su marca premium....\" \/>\n<meta property=\"og:url\" content=\"https:\/\/www.ocasionplus.com\/noticias\/seat-ibiza-y-seat-leon-cual-es-la-mejor-decision-de-compra\/\" \/>\n<meta property=\"og:site_name\" content=\"OcasionPlus Blog\" \/>\n<meta property=\"article:publisher\" content=\"https:\/\/www.facebook.com\/ocasionplus\" \/>\n<meta property=\"article:published_time\" content=\"2024-03-28T16:27:00+00:00\" \/>\n<meta property=\"article:modified_time\" content=\"2025-03-27T13:03:05+00:00\" \/>\n<meta property=\"og:image\" content=\"https:\/\/www.ocasionplus.com\/wp-content\/uploads\/2024\/03\/seat-cupra.media-center-1024x640.jpg\" \/>\n\t<meta property=\"og:image:width\" content=\"1024\" \/>\n\t<meta property=\"og:image:height\" content=\"640\" \/>\n\t<meta property=\"og:image:type\" content=\"image\/jpeg\" \/>\n<meta name=\"author\" content=\"OcasionPlus\" \/>\n<meta name=\"twitter:card\" content=\"summary_large_image\" \/>\n<meta name=\"twitter:creator\" content=\"@ocasionplus\" \/>\n<meta name=\"twitter:site\" content=\"@ocasionplus\" \/>\n<meta name=\"twitter:label1\" content=\"Escrito por\" \/>\n\t<meta name=\"twitter:data1\" content=\"OcasionPlus\" \/>\n\t<meta name=\"twitter:label2\" content=\"Tiempo de lectura\" \/>\n\t<meta name=\"twitter:data2\" content=\"5 minutos\" \/>\n<script type=\"application\/ld+json\" class=\"yoast-schema-graph\">{\"@context\":\"https:\/\/schema.org\",\"@graph\":[{\"@type\":\"Article\",\"@id\":\"https:\/\/www.ocasionplus.com\/noticias\/seat-ibiza-y-seat-leon-cual-es-la-mejor-decision-de-compra\/#article\",\"isPartOf\":{\"@id\":\"https:\/\/www.ocasionplus.com\/noticias\/seat-ibiza-y-seat-leon-cual-es-la-mejor-decision-de-compra\/\"},\"author\":{\"name\":\"OcasionPlus\",\"@id\":\"https:\/\/www.ocasionplus.com\/noticias\/#\/schema\/person\/7ab10ae859759ef2622b28e83ba868eb\"},\"headline\":\"SEAT Ibiza y SEAT Le\u00f3n: \u00bfcu\u00e1l es la mejor decisi\u00f3n de compra?\",\"datePublished\":\"2024-03-28T16:27:00+00:00\",\"dateModified\":\"2025-03-27T13:03:05+00:00\",\"mainEntityOfPage\":{\"@id\":\"https:\/\/www.ocasionplus.com\/noticias\/seat-ibiza-y-seat-leon-cual-es-la-mejor-decision-de-compra\/\"},\"wordCount\":1082,\"publisher\":{\"@id\":\"https:\/\/www.ocasionplus.com\/noticias\/#organization\"},\"image\":{\"@id\":\"https:\/\/www.ocasionplus.com\/noticias\/seat-ibiza-y-seat-leon-cual-es-la-mejor-decision-de-compra\/#primaryimage\"},\"thumbnailUrl\":\"https:\/\/www.ocasionplus.com\/wp-content\/uploads\/2024\/03\/seat-cupra.media-center.jpg\",\"articleSection\":[\"Comparativas\",\"Mundo Motor\"],\"inLanguage\":\"es\",\"copyrightYear\":\"2024\",\"copyrightHolder\":{\"@id\":\"https:\/\/www.ocasionplus.com\/noticias\/#organization\"}},{\"@type\":\"WebPage\",\"@id\":\"https:\/\/www.ocasionplus.com\/noticias\/seat-ibiza-y-seat-leon-cual-es-la-mejor-decision-de-compra\/\",\"url\":\"https:\/\/www.ocasionplus.com\/noticias\/seat-ibiza-y-seat-leon-cual-es-la-mejor-decision-de-compra\/\",\"name\":\"SEAT Ibiza y SEAT Le\u00f3n: \u00bfcu\u00e1l es la mejor decisi\u00f3n de compra? - OcasionPlus Blog\",\"isPartOf\":{\"@id\":\"https:\/\/www.ocasionplus.com\/noticias\/#website\"},\"primaryImageOfPage\":{\"@id\":\"https:\/\/www.ocasionplus.com\/noticias\/seat-ibiza-y-seat-leon-cual-es-la-mejor-decision-de-compra\/#primaryimage\"},\"image\":{\"@id\":\"https:\/\/www.ocasionplus.com\/noticias\/seat-ibiza-y-seat-leon-cual-es-la-mejor-decision-de-compra\/#primaryimage\"},\"thumbnailUrl\":\"https:\/\/www.ocasionplus.com\/wp-content\/uploads\/2024\/03\/seat-cupra.media-center.jpg\",\"datePublished\":\"2024-03-28T16:27:00+00:00\",\"dateModified\":\"2025-03-27T13:03:05+00:00\",\"breadcrumb\":{\"@id\":\"https:\/\/www.ocasionplus.com\/noticias\/seat-ibiza-y-seat-leon-cual-es-la-mejor-decision-de-compra\/#breadcrumb\"},\"inLanguage\":\"es\",\"potentialAction\":[{\"@type\":\"ReadAction\",\"target\":[\"https:\/\/www.ocasionplus.com\/noticias\/seat-ibiza-y-seat-leon-cual-es-la-mejor-decision-de-compra\/\"]}]},{\"@type\":\"ImageObject\",\"inLanguage\":\"es\",\"@id\":\"https:\/\/www.ocasionplus.com\/noticias\/seat-ibiza-y-seat-leon-cual-es-la-mejor-decision-de-compra\/#primaryimage\",\"url\":\"https:\/\/www.ocasionplus.com\/wp-content\/uploads\/2024\/03\/seat-cupra.media-center.jpg\",\"contentUrl\":\"https:\/\/www.ocasionplus.com\/wp-content\/uploads\/2024\/03\/seat-cupra.media-center.jpg\",\"width\":9504,\"height\":5941,\"caption\":\"El SEAT L\"},{\"@type\":\"BreadcrumbList\",\"@id\":\"https:\/\/www.ocasionplus.com\/noticias\/seat-ibiza-y-seat-leon-cual-es-la-mejor-decision-de-compra\/#breadcrumb\",\"itemListElement\":[{\"@type\":\"ListItem\",\"position\":1,\"name\":\"Portada\",\"item\":\"https:\/\/www.ocasionplus.com\/noticias\/\"},{\"@type\":\"ListItem\",\"position\":2,\"name\":\"SEAT Ibiza y SEAT Le\u00f3n: \u00bfcu\u00e1l es la mejor decisi\u00f3n de compra?\"}]},{\"@type\":\"WebSite\",\"@id\":\"https:\/\/www.ocasionplus.com\/noticias\/#website\",\"url\":\"https:\/\/www.ocasionplus.com\/noticias\/\",\"name\":\"OcasionPlus Blog\",\"description\":\"Veh\u00edculos de ocasi\u00f3n\",\"publisher\":{\"@id\":\"https:\/\/www.ocasionplus.com\/noticias\/#organization\"},\"potentialAction\":[{\"@type\":\"SearchAction\",\"target\":{\"@type\":\"EntryPoint\",\"urlTemplate\":\"https:\/\/www.ocasionplus.com\/noticias\/?s={search_term_string}\"},\"query-input\":{\"@type\":\"PropertyValueSpecification\",\"valueRequired\":true,\"valueName\":\"search_term_string\"}}],\"inLanguage\":\"es\"},{\"@type\":\"Organization\",\"@id\":\"https:\/\/www.ocasionplus.com\/noticias\/#organization\",\"name\":\"OcasionPlus\",\"url\":\"https:\/\/www.ocasionplus.com\/noticias\/\",\"logo\":{\"@type\":\"ImageObject\",\"inLanguage\":\"es\",\"@id\":\"https:\/\/www.ocasionplus.com\/noticias\/#\/schema\/logo\/image\/\",\"url\":\"https:\/\/www.ocasionplus.com\/wp-content\/uploads\/2024\/05\/cropped-cropped-oplus-logo-blog.png\",\"contentUrl\":\"https:\/\/www.ocasionplus.com\/wp-content\/uploads\/2024\/05\/cropped-cropped-oplus-logo-blog.png\",\"width\":360,\"height\":71,\"caption\":\"OcasionPlus\"},\"image\":{\"@id\":\"https:\/\/www.ocasionplus.com\/noticias\/#\/schema\/logo\/image\/\"},\"sameAs\":[\"https:\/\/www.facebook.com\/ocasionplus\",\"https:\/\/x.com\/ocasionplus\",\"https:\/\/www.instagram.com\/ocasion_plus\",\"https:\/\/www.youtube.com\/channel\/UCBiCAto61Lyu27CgI95wrYQ\",\"https:\/\/www.tiktok.com\/@ocasionplus.com\",\"https:\/\/es.linkedin.com\/company\/ocasionplus\"]},{\"@type\":\"Person\",\"@id\":\"https:\/\/www.ocasionplus.com\/noticias\/#\/schema\/person\/7ab10ae859759ef2622b28e83ba868eb\",\"name\":\"OcasionPlus\",\"image\":{\"@type\":\"ImageObject\",\"inLanguage\":\"es\",\"@id\":\"https:\/\/www.ocasionplus.com\/noticias\/#\/schema\/person\/image\/\",\"url\":\"https:\/\/www.ocasionplus.com\/wp-content\/uploads\/2024\/07\/ocasionplus_avatar-96x96.jpg\",\"contentUrl\":\"https:\/\/www.ocasionplus.com\/wp-content\/uploads\/2024\/07\/ocasionplus_avatar-96x96.jpg\",\"caption\":\"OcasionPlus\"}}]}<\/script>\n<!-- \/ Yoast SEO Premium plugin. -->","yoast_head_json":{"title":"SEAT Ibiza y SEAT Le\u00f3n: \u00bfcu\u00e1l es la mejor decisi\u00f3n de compra? - OcasionPlus Blog","robots":{"index":"index","follow":"follow","max-snippet":"max-snippet:-1","max-image-preview":"max-image-preview:large","max-video-preview":"max-video-preview:-1"},"canonical":"https:\/\/www.ocasionplus.com\/noticias\/seat-ibiza-y-seat-leon-cual-es-la-mejor-decision-de-compra\/","og_locale":"es_ES","og_type":"article","og_title":"SEAT Ibiza y SEAT Le\u00f3n: \u00bfcu\u00e1l es la mejor decisi\u00f3n de compra?","og_description":"SEAT se encuentra en uno de los momentos m\u00e1s boyantes de los \u00faltimos a\u00f1os al anunciar los buenos resultados de 2023 con los que cuenta la marca espa\u00f1ola y que est\u00e1 permitiendo que SEAT no sea sacrificada en el Grupo Volkswagen en detrimento de Cupra, gracias al SEAT Ibiza y SEAT Le\u00f3n su marca premium....","og_url":"https:\/\/www.ocasionplus.com\/noticias\/seat-ibiza-y-seat-leon-cual-es-la-mejor-decision-de-compra\/","og_site_name":"OcasionPlus Blog","article_publisher":"https:\/\/www.facebook.com\/ocasionplus","article_published_time":"2024-03-28T16:27:00+00:00","article_modified_time":"2025-03-27T13:03:05+00:00","og_image":[{"width":1024,"height":640,"url":"https:\/\/www.ocasionplus.com\/wp-content\/uploads\/2024\/03\/seat-cupra.media-center-1024x640.jpg","type":"image\/jpeg"}],"author":"OcasionPlus","twitter_card":"summary_large_image","twitter_creator":"@ocasionplus","twitter_site":"@ocasionplus","twitter_misc":{"Escrito por":"OcasionPlus","Tiempo de lectura":"5 minutos"},"schema":{"@context":"https:\/\/schema.org","@graph":[{"@type":"Article","@id":"https:\/\/www.ocasionplus.com\/noticias\/seat-ibiza-y-seat-leon-cual-es-la-mejor-decision-de-compra\/#article","isPartOf":{"@id":"https:\/\/www.ocasionplus.com\/noticias\/seat-ibiza-y-seat-leon-cual-es-la-mejor-decision-de-compra\/"},"author":{"name":"OcasionPlus","@id":"https:\/\/www.ocasionplus.com\/noticias\/#\/schema\/person\/7ab10ae859759ef2622b28e83ba868eb"},"headline":"SEAT Ibiza y SEAT Le\u00f3n: \u00bfcu\u00e1l es la mejor decisi\u00f3n de compra?","datePublished":"2024-03-28T16:27:00+00:00","dateModified":"2025-03-27T13:03:05+00:00","mainEntityOfPage":{"@id":"https:\/\/www.ocasionplus.com\/noticias\/seat-ibiza-y-seat-leon-cual-es-la-mejor-decision-de-compra\/"},"wordCount":1082,"publisher":{"@id":"https:\/\/www.ocasionplus.com\/noticias\/#organization"},"image":{"@id":"https:\/\/www.ocasionplus.com\/noticias\/seat-ibiza-y-seat-leon-cual-es-la-mejor-decision-de-compra\/#primaryimage"},"thumbnailUrl":"https:\/\/www.ocasionplus.com\/wp-content\/uploads\/2024\/03\/seat-cupra.media-center.jpg","articleSection":["Comparativas","Mundo Motor"],"inLanguage":"es","copyrightYear":"2024","copyrightHolder":{"@id":"https:\/\/www.ocasionplus.com\/noticias\/#organization"}},{"@type":"WebPage","@id":"https:\/\/www.ocasionplus.com\/noticias\/seat-ibiza-y-seat-leon-cual-es-la-mejor-decision-de-compra\/","url":"https:\/\/www.ocasionplus.com\/noticias\/seat-ibiza-y-seat-leon-cual-es-la-mejor-decision-de-compra\/","name":"SEAT Ibiza y SEAT Le\u00f3n: \u00bfcu\u00e1l es la mejor decisi\u00f3n de compra? - OcasionPlus Blog","isPartOf":{"@id":"https:\/\/www.ocasionplus.com\/noticias\/#website"},"primaryImageOfPage":{"@id":"https:\/\/www.ocasionplus.com\/noticias\/seat-ibiza-y-seat-leon-cual-es-la-mejor-decision-de-compra\/#primaryimage"},"image":{"@id":"https:\/\/www.ocasionplus.com\/noticias\/seat-ibiza-y-seat-leon-cual-es-la-mejor-decision-de-compra\/#primaryimage"},"thumbnailUrl":"https:\/\/www.ocasionplus.com\/wp-content\/uploads\/2024\/03\/seat-cupra.media-center.jpg","datePublished":"2024-03-28T16:27:00+00:00","dateModified":"2025-03-27T13:03:05+00:00","breadcrumb":{"@id":"https:\/\/www.ocasionplus.com\/noticias\/seat-ibiza-y-seat-leon-cual-es-la-mejor-decision-de-compra\/#breadcrumb"},"inLanguage":"es","potentialAction":[{"@type":"ReadAction","target":["https:\/\/www.ocasionplus.com\/noticias\/seat-ibiza-y-seat-leon-cual-es-la-mejor-decision-de-compra\/"]}]},{"@type":"ImageObject","inLanguage":"es","@id":"https:\/\/www.ocasionplus.com\/noticias\/seat-ibiza-y-seat-leon-cual-es-la-mejor-decision-de-compra\/#primaryimage","url":"https:\/\/www.ocasionplus.com\/wp-content\/uploads\/2024\/03\/seat-cupra.media-center.jpg","contentUrl":"https:\/\/www.ocasionplus.com\/wp-content\/uploads\/2024\/03\/seat-cupra.media-center.jpg","width":9504,"height":5941,"caption":"El SEAT L"},{"@type":"BreadcrumbList","@id":"https:\/\/www.ocasionplus.com\/noticias\/seat-ibiza-y-seat-leon-cual-es-la-mejor-decision-de-compra\/#breadcrumb","itemListElement":[{"@type":"ListItem","position":1,"name":"Portada","item":"https:\/\/www.ocasionplus.com\/noticias\/"},{"@type":"ListItem","position":2,"name":"SEAT Ibiza y SEAT Le\u00f3n: \u00bfcu\u00e1l es la mejor decisi\u00f3n de compra?"}]},{"@type":"WebSite","@id":"https:\/\/www.ocasionplus.com\/noticias\/#website","url":"https:\/\/www.ocasionplus.com\/noticias\/","name":"OcasionPlus Blog","description":"Veh\u00edculos de ocasi\u00f3n","publisher":{"@id":"https:\/\/www.ocasionplus.com\/noticias\/#organization"},"potentialAction":[{"@type":"SearchAction","target":{"@type":"EntryPoint","urlTemplate":"https:\/\/www.ocasionplus.com\/noticias\/?s={search_term_string}"},"query-input":{"@type":"PropertyValueSpecification","valueRequired":true,"valueName":"search_term_string"}}],"inLanguage":"es"},{"@type":"Organization","@id":"https:\/\/www.ocasionplus.com\/noticias\/#organization","name":"OcasionPlus","url":"https:\/\/www.ocasionplus.com\/noticias\/","logo":{"@type":"ImageObject","inLanguage":"es","@id":"https:\/\/www.ocasionplus.com\/noticias\/#\/schema\/logo\/image\/","url":"https:\/\/www.ocasionplus.com\/wp-content\/uploads\/2024\/05\/cropped-cropped-oplus-logo-blog.png","contentUrl":"https:\/\/www.ocasionplus.com\/wp-content\/uploads\/2024\/05\/cropped-cropped-oplus-logo-blog.png","width":360,"height":71,"caption":"OcasionPlus"},"image":{"@id":"https:\/\/www.ocasionplus.com\/noticias\/#\/schema\/logo\/image\/"},"sameAs":["https:\/\/www.facebook.com\/ocasionplus","https:\/\/x.com\/ocasionplus","https:\/\/www.instagram.com\/ocasion_plus","https:\/\/www.youtube.com\/channel\/UCBiCAto61Lyu27CgI95wrYQ","https:\/\/www.tiktok.com\/@ocasionplus.com","https:\/\/es.linkedin.com\/company\/ocasionplus"]},{"@type":"Person","@id":"https:\/\/www.ocasionplus.com\/noticias\/#\/schema\/person\/7ab10ae859759ef2622b28e83ba868eb","name":"OcasionPlus","image":{"@type":"ImageObject","inLanguage":"es","@id":"https:\/\/www.ocasionplus.com\/noticias\/#\/schema\/person\/image\/","url":"https:\/\/www.ocasionplus.com\/wp-content\/uploads\/2024\/07\/ocasionplus_avatar-96x96.jpg","contentUrl":"https:\/\/www.ocasionplus.com\/wp-content\/uploads\/2024\/07\/ocasionplus_avatar-96x96.jpg","caption":"OcasionPlus"}}]}},"jetpack_featured_media_url":"https:\/\/www.ocasionplus.com\/wp-content\/uploads\/2024\/03\/seat-cupra.media-center.jpg","_links":{"self":[{"href":"https:\/\/www.ocasionplus.com\/noticias\/wp-json\/wp\/v2\/posts\/10526","targetHints":{"allow":["GET"]}}],"collection":[{"href":"https:\/\/www.ocasionplus.com\/noticias\/wp-json\/wp\/v2\/posts"}],"about":[{"href":"https:\/\/www.ocasionplus.com\/noticias\/wp-json\/wp\/v2\/types\/post"}],"author":[{"embeddable":true,"href":"https:\/\/www.ocasionplus.com\/noticias\/wp-json\/wp\/v2\/users\/2"}],"replies":[{"embeddable":true,"href":"https:\/\/www.ocasionplus.com\/noticias\/wp-json\/wp\/v2\/comments?post=10526"}],"version-history":[{"count":1,"href":"https:\/\/www.ocasionplus.com\/noticias\/wp-json\/wp\/v2\/posts\/10526\/revisions"}],"predecessor-version":[{"id":13090,"href":"https:\/\/www.ocasionplus.com\/noticias\/wp-json\/wp\/v2\/posts\/10526\/revisions\/13090"}],"wp:featuredmedia":[{"embeddable":true,"href":"https:\/\/www.ocasionplus.com\/noticias\/wp-json\/wp\/v2\/media\/10533"}],"wp:attachment":[{"href":"https:\/\/www.ocasionplus.com\/noticias\/wp-json\/wp\/v2\/media?parent=10526"}],"wp:term":[{"taxonomy":"category","embeddable":true,"href":"https:\/\/www.ocasionplus.com\/noticias\/wp-json\/wp\/v2\/categories?post=10526"},{"taxonomy":"post_tag","embeddable":true,"href":"https:\/\/www.ocasionplus.com\/noticias\/wp-json\/wp\/v2\/tags?post=10526"}],"curies":[{"name":"wp","href":"https:\/\/api.w.org\/{rel}","templated":true}]}}