{"id":10527,"date":"2024-03-27T16:58:55","date_gmt":"2024-03-27T15:58:55","guid":{"rendered":"https:\/\/blog.ocasionplus.com\/?p=10527"},"modified":"2025-03-27T14:03:08","modified_gmt":"2025-03-27T13:03:08","slug":"citroen-basalt-vision","status":"publish","type":"post","link":"https:\/\/www.ocasionplus.com\/noticias\/citroen-basalt-vision\/","title":{"rendered":"Citro\u00ebn presenta el Basalt Vision, un SUV compacto que sale a la venta en 2024"},"content":{"rendered":"\n<p>El Citro\u00ebn Basalt Vision es un SUV cup\u00e9 compacto que se incorporar\u00e1 a la gama de veh\u00edculos de la marca francesa en el segundo semestre del 2024. Este coche combina la fluidez y el dinamismo de un coupe, las ventajas y la robustez de un SUV elevado, y el equilibrio y el espacio a bordo de una berlina de cinco puertas.&nbsp;<\/p>\n\n\n\n<p>Este modelo apoyar\u00e1 el crecimiento internacional de marca Citro\u00ebn en el exterior, junto a la presencia de dos de sus principales modelos, el <a href=\"https:\/\/www.ocasionplus.com\/coches-ocasion\/citroen\/c3\"><span style=\"text-decoration: underline;\"><mark style=\"background-color:rgba(0, 0, 0, 0);color:#189bd7\" class=\"has-inline-color\">Citro\u00ebn C3<\/mark><\/span><\/a> y el <a href=\"https:\/\/www.ocasionplus.com\/coches-ocasion\/citroen\/c3-aircross\"><span style=\"text-decoration: underline;\"><mark style=\"background-color:rgba(0, 0, 0, 0);color:#189bd7\" class=\"has-inline-color\">Citro\u00ebn C3 Aircross<\/mark><\/span><\/a>. Seg\u00fan la compa\u00f1\u00eda, \u201cestos tres modelos se inscriben en el mismo programa para lanzar al mercado modelos con car\u00e1cter y una experiencia de confort a bordo\u201d.\u00a0<\/p>\n\n\n\n<h2 class=\"wp-block-heading\">Un nuevo concepto el Basalt Vision<\/h2>\n\n\n\n<figure class=\"wp-block-image size-large\"><img loading=\"lazy\" decoding=\"async\" width=\"1024\" height=\"577\" src=\"http:\/\/127.0.0.1\/wp-content\/uploads\/2024\/03\/Citroen-Basalt-Vision-atras-1024x577.webp\" alt=\"Citro\u00ebn Basalt Vision atr\u00e1s de lado de color amarillo\" class=\"wp-image-10530\" srcset=\"https:\/\/www.ocasionplus.com\/wp-content\/uploads\/2024\/03\/Citroen-Basalt-Vision-atras-1024x577.webp 1024w, https:\/\/www.ocasionplus.com\/wp-content\/uploads\/2024\/03\/Citroen-Basalt-Vision-atras-300x169.webp 300w, https:\/\/www.ocasionplus.com\/wp-content\/uploads\/2024\/03\/Citroen-Basalt-Vision-atras-768x433.webp 768w, https:\/\/www.ocasionplus.com\/wp-content\/uploads\/2024\/03\/Citroen-Basalt-Vision-atras.webp 1200w\" sizes=\"auto, (max-width: 1024px) 100vw, 1024px\" \/><\/figure>\n\n\n\n<p>El Citro\u00ebn Basalt Vision es un concepto audaz de SUV coupe que presenta car\u00e1cter, expresando modernidad, robustez y seguridad. Adem\u00e1s, es un coche que refleja potencia y m\u00fasculo, gracias a su elevada distancia al suelo, cap\u00f3 alto, frontal erguido, aletas ensanchadas y pasos de rueda protegidos con formas geom\u00e9tricas.&nbsp;<\/p>\n\n\n\n<p>Su parte trasera es similar a la de un coupe, aporta fluidez y dinamismo a un modelo que expresa energ\u00eda y tensi\u00f3n. Con proporciones equilibradas y una silueta estilizada que sugiere eficiencia aerodin\u00e1mica.&nbsp;<\/p>\n\n\n\n<p>Las motorizaciones populares de otros modelos del Grupo Stellantis incorpora el 1.0 Turbonaftero (120 CV) y 1.3 Turbonaftero (174 CV), en modelos como el Citro\u00ebn C3 Aircross y el Citro\u00ebn C5. Se espera que estos sean los motores que equipar\u00e1 el Basalt Vision.&nbsp;<\/p>\n\n\n\n<h2 class=\"wp-block-heading\">La incorporaci\u00f3n de un nuevo modelo a su gama<\/h2>\n\n\n\n<p>El Basalt Vision se incorporar\u00e1 como el tercer modelo, tras el C3 y el C3 Aircross, al programa C-Cubed desplegado para el crecimiento de la marca francesa en regiones como India y Am\u00e9rica del Sur.&nbsp;<\/p>\n\n\n\n<p>La marca declara que \u201cNuestra ambici\u00f3n es desarrollar una oferta de productos fuerte y distintiva, con un dise\u00f1o \u00fanico y una facilidad de uso que creen valor para los clientes. Los tres modelos se basan en la misma plataforma Smart Car, configurada para responder a las necesidades de los clientes de estos mercados\u201d.<\/p>\n\n\n\n<p>Se espera que este modelo se lance al mercado en el segundo semestre del 2024, siendo un veh\u00edculo que seduzca a j\u00f3venes, profesionales y familias, ofreciendo una experiencia de confort a bordo inigualable.&nbsp;<\/p>\n","protected":false},"excerpt":{"rendered":"<p>El Citro\u00ebn Basalt Vision es un SUV cup\u00e9 compacto que se incorporar\u00e1 a la gama de veh\u00edculos de la marca francesa en el segundo semestre del 2024. Este coche combina la fluidez y el dinamismo de un coupe, las ventajas y la robustez de un SUV elevado, y el equilibrio y el espacio a bordo&#8230;<\/p>\n","protected":false},"author":3,"featured_media":10529,"comment_status":"closed","ping_status":"closed","sticky":false,"template":"","format":"standard","meta":{"footnotes":""},"categories":[2],"tags":[],"class_list":["post-10527","post","type-post","status-publish","format-standard","has-post-thumbnail","hentry","category-ultimas-noticias"],"yoast_head":"<!-- This site is optimized with the Yoast SEO Premium plugin v24.8 (Yoast SEO v24.8.1) - https:\/\/yoast.com\/wordpress\/plugins\/seo\/ -->\n<title>Citro\u00ebn presenta el Basalt Vision, un SUV compacto que sale a la venta en 2024 - OcasionPlus Blog<\/title>\n<meta name=\"description\" content=\"El Citro\u00ebn Basalt Vision es un SUV coupe compacto que lanza la marca francesa y se lanzar\u00e1 al mercado en el segundo semestre del 2024.\" \/>\n<meta name=\"robots\" content=\"index, follow, max-snippet:-1, max-image-preview:large, max-video-preview:-1\" \/>\n<link rel=\"canonical\" href=\"https:\/\/www.ocasionplus.com\/noticias\/citroen-basalt-vision\/\" \/>\n<meta property=\"og:locale\" content=\"es_ES\" \/>\n<meta property=\"og:type\" content=\"article\" \/>\n<meta property=\"og:title\" content=\"Citro\u00ebn presenta el Basalt Vision, un SUV compacto que sale a la venta en 2024\" \/>\n<meta property=\"og:description\" content=\"El Citro\u00ebn Basalt Vision es un SUV coupe compacto que lanza la marca francesa y se lanzar\u00e1 al mercado en el segundo semestre del 2024.\" \/>\n<meta property=\"og:url\" content=\"https:\/\/www.ocasionplus.com\/noticias\/citroen-basalt-vision\/\" \/>\n<meta property=\"og:site_name\" content=\"OcasionPlus Blog\" \/>\n<meta property=\"article:publisher\" content=\"https:\/\/www.facebook.com\/ocasionplus\" \/>\n<meta property=\"article:published_time\" content=\"2024-03-27T15:58:55+00:00\" \/>\n<meta property=\"article:modified_time\" content=\"2025-03-27T13:03:08+00:00\" \/>\n<meta property=\"og:image\" content=\"https:\/\/www.ocasionplus.com\/wp-content\/uploads\/2024\/03\/Citroen-Basalt-Vision.webp\" \/>\n\t<meta property=\"og:image:width\" content=\"1200\" \/>\n\t<meta property=\"og:image:height\" content=\"675\" \/>\n\t<meta property=\"og:image:type\" content=\"image\/webp\" \/>\n<meta name=\"author\" content=\"Cristhian Gonz\u00e1lez\" \/>\n<meta name=\"twitter:card\" content=\"summary_large_image\" \/>\n<meta name=\"twitter:creator\" content=\"@ocasionplus\" \/>\n<meta name=\"twitter:site\" content=\"@ocasionplus\" \/>\n<meta name=\"twitter:label1\" content=\"Escrito por\" \/>\n\t<meta name=\"twitter:data1\" content=\"Cristhian Gonz\u00e1lez\" \/>\n\t<meta name=\"twitter:label2\" content=\"Tiempo de lectura\" \/>\n\t<meta name=\"twitter:data2\" content=\"2 minutos\" \/>\n<script type=\"application\/ld+json\" class=\"yoast-schema-graph\">{\"@context\":\"https:\/\/schema.org\",\"@graph\":[{\"@type\":\"Article\",\"@id\":\"https:\/\/www.ocasionplus.com\/noticias\/citroen-basalt-vision\/#article\",\"isPartOf\":{\"@id\":\"https:\/\/www.ocasionplus.com\/noticias\/citroen-basalt-vision\/\"},\"author\":{\"name\":\"Cristhian Gonz\u00e1lez\",\"@id\":\"https:\/\/www.ocasionplus.com\/noticias\/#\/schema\/person\/db1203be564cc3ded97ad1dbd8aadc5b\"},\"headline\":\"Citro\u00ebn presenta el Basalt Vision, un SUV compacto que sale a la venta en 2024\",\"datePublished\":\"2024-03-27T15:58:55+00:00\",\"dateModified\":\"2025-03-27T13:03:08+00:00\",\"mainEntityOfPage\":{\"@id\":\"https:\/\/www.ocasionplus.com\/noticias\/citroen-basalt-vision\/\"},\"wordCount\":417,\"publisher\":{\"@id\":\"https:\/\/www.ocasionplus.com\/noticias\/#organization\"},\"image\":{\"@id\":\"https:\/\/www.ocasionplus.com\/noticias\/citroen-basalt-vision\/#primaryimage\"},\"thumbnailUrl\":\"https:\/\/www.ocasionplus.com\/wp-content\/uploads\/2024\/03\/Citroen-Basalt-Vision.webp\",\"articleSection\":[\"\u00daltimas Noticias\"],\"inLanguage\":\"es\",\"copyrightYear\":\"2024\",\"copyrightHolder\":{\"@id\":\"https:\/\/www.ocasionplus.com\/noticias\/#organization\"}},{\"@type\":\"WebPage\",\"@id\":\"https:\/\/www.ocasionplus.com\/noticias\/citroen-basalt-vision\/\",\"url\":\"https:\/\/www.ocasionplus.com\/noticias\/citroen-basalt-vision\/\",\"name\":\"Citro\u00ebn presenta el Basalt Vision, un SUV compacto que sale a la venta en 2024 - OcasionPlus Blog\",\"isPartOf\":{\"@id\":\"https:\/\/www.ocasionplus.com\/noticias\/#website\"},\"primaryImageOfPage\":{\"@id\":\"https:\/\/www.ocasionplus.com\/noticias\/citroen-basalt-vision\/#primaryimage\"},\"image\":{\"@id\":\"https:\/\/www.ocasionplus.com\/noticias\/citroen-basalt-vision\/#primaryimage\"},\"thumbnailUrl\":\"https:\/\/www.ocasionplus.com\/wp-content\/uploads\/2024\/03\/Citroen-Basalt-Vision.webp\",\"datePublished\":\"2024-03-27T15:58:55+00:00\",\"dateModified\":\"2025-03-27T13:03:08+00:00\",\"description\":\"El Citro\u00ebn Basalt Vision es un SUV coupe compacto que lanza la marca francesa y se lanzar\u00e1 al mercado en el segundo semestre del 2024.\",\"breadcrumb\":{\"@id\":\"https:\/\/www.ocasionplus.com\/noticias\/citroen-basalt-vision\/#breadcrumb\"},\"inLanguage\":\"es\",\"potentialAction\":[{\"@type\":\"ReadAction\",\"target\":[\"https:\/\/www.ocasionplus.com\/noticias\/citroen-basalt-vision\/\"]}]},{\"@type\":\"ImageObject\",\"inLanguage\":\"es\",\"@id\":\"https:\/\/www.ocasionplus.com\/noticias\/citroen-basalt-vision\/#primaryimage\",\"url\":\"https:\/\/www.ocasionplus.com\/wp-content\/uploads\/2024\/03\/Citroen-Basalt-Vision.webp\",\"contentUrl\":\"https:\/\/www.ocasionplus.com\/wp-content\/uploads\/2024\/03\/Citroen-Basalt-Vision.webp\",\"width\":1200,\"height\":675,\"caption\":\"Citro\u00ebn Basalt Vision de color amarillo\"},{\"@type\":\"BreadcrumbList\",\"@id\":\"https:\/\/www.ocasionplus.com\/noticias\/citroen-basalt-vision\/#breadcrumb\",\"itemListElement\":[{\"@type\":\"ListItem\",\"position\":1,\"name\":\"Portada\",\"item\":\"https:\/\/www.ocasionplus.com\/noticias\/\"},{\"@type\":\"ListItem\",\"position\":2,\"name\":\"Citro\u00ebn presenta el Basalt Vision, un SUV compacto que sale a la venta en 2024\"}]},{\"@type\":\"WebSite\",\"@id\":\"https:\/\/www.ocasionplus.com\/noticias\/#website\",\"url\":\"https:\/\/www.ocasionplus.com\/noticias\/\",\"name\":\"OcasionPlus Blog\",\"description\":\"Veh\u00edculos de ocasi\u00f3n\",\"publisher\":{\"@id\":\"https:\/\/www.ocasionplus.com\/noticias\/#organization\"},\"potentialAction\":[{\"@type\":\"SearchAction\",\"target\":{\"@type\":\"EntryPoint\",\"urlTemplate\":\"https:\/\/www.ocasionplus.com\/noticias\/?s={search_term_string}\"},\"query-input\":{\"@type\":\"PropertyValueSpecification\",\"valueRequired\":true,\"valueName\":\"search_term_string\"}}],\"inLanguage\":\"es\"},{\"@type\":\"Organization\",\"@id\":\"https:\/\/www.ocasionplus.com\/noticias\/#organization\",\"name\":\"OcasionPlus\",\"url\":\"https:\/\/www.ocasionplus.com\/noticias\/\",\"logo\":{\"@type\":\"ImageObject\",\"inLanguage\":\"es\",\"@id\":\"https:\/\/www.ocasionplus.com\/noticias\/#\/schema\/logo\/image\/\",\"url\":\"https:\/\/www.ocasionplus.com\/wp-content\/uploads\/2024\/05\/cropped-cropped-oplus-logo-blog.png\",\"contentUrl\":\"https:\/\/www.ocasionplus.com\/wp-content\/uploads\/2024\/05\/cropped-cropped-oplus-logo-blog.png\",\"width\":360,\"height\":71,\"caption\":\"OcasionPlus\"},\"image\":{\"@id\":\"https:\/\/www.ocasionplus.com\/noticias\/#\/schema\/logo\/image\/\"},\"sameAs\":[\"https:\/\/www.facebook.com\/ocasionplus\",\"https:\/\/x.com\/ocasionplus\",\"https:\/\/www.instagram.com\/ocasion_plus\",\"https:\/\/www.youtube.com\/channel\/UCBiCAto61Lyu27CgI95wrYQ\",\"https:\/\/www.tiktok.com\/@ocasionplus.com\",\"https:\/\/es.linkedin.com\/company\/ocasionplus\"]},{\"@type\":\"Person\",\"@id\":\"https:\/\/www.ocasionplus.com\/noticias\/#\/schema\/person\/db1203be564cc3ded97ad1dbd8aadc5b\",\"name\":\"Cristhian Gonz\u00e1lez\",\"image\":{\"@type\":\"ImageObject\",\"inLanguage\":\"es\",\"@id\":\"https:\/\/www.ocasionplus.com\/noticias\/#\/schema\/person\/image\/\",\"url\":\"https:\/\/secure.gravatar.com\/avatar\/30c0388f0815fd0ab8fb4cfad29866ac?s=96&d=mm&r=g\",\"contentUrl\":\"https:\/\/secure.gravatar.com\/avatar\/30c0388f0815fd0ab8fb4cfad29866ac?s=96&d=mm&r=g\",\"caption\":\"Cristhian Gonz\u00e1lez\"},\"description\":\"Periodista formado en Colombia. Siempre vinculado al deporte y con pasi\u00f3n por los coches. He asistido y cubierto diferentes eventos deportivos para diferentes medios de comunicaci\u00f3n.\"}]}<\/script>\n<!-- \/ Yoast SEO Premium plugin. -->","yoast_head_json":{"title":"Citro\u00ebn presenta el Basalt Vision, un SUV compacto que sale a la venta en 2024 - OcasionPlus Blog","description":"El Citro\u00ebn Basalt Vision es un SUV coupe compacto que lanza la marca francesa y se lanzar\u00e1 al mercado en el segundo semestre del 2024.","robots":{"index":"index","follow":"follow","max-snippet":"max-snippet:-1","max-image-preview":"max-image-preview:large","max-video-preview":"max-video-preview:-1"},"canonical":"https:\/\/www.ocasionplus.com\/noticias\/citroen-basalt-vision\/","og_locale":"es_ES","og_type":"article","og_title":"Citro\u00ebn presenta el Basalt Vision, un SUV compacto que sale a la venta en 2024","og_description":"El Citro\u00ebn Basalt Vision es un SUV coupe compacto que lanza la marca francesa y se lanzar\u00e1 al mercado en el segundo semestre del 2024.","og_url":"https:\/\/www.ocasionplus.com\/noticias\/citroen-basalt-vision\/","og_site_name":"OcasionPlus Blog","article_publisher":"https:\/\/www.facebook.com\/ocasionplus","article_published_time":"2024-03-27T15:58:55+00:00","article_modified_time":"2025-03-27T13:03:08+00:00","og_image":[{"width":1200,"height":675,"url":"https:\/\/www.ocasionplus.com\/wp-content\/uploads\/2024\/03\/Citroen-Basalt-Vision.webp","type":"image\/webp"}],"author":"Cristhian Gonz\u00e1lez","twitter_card":"summary_large_image","twitter_creator":"@ocasionplus","twitter_site":"@ocasionplus","twitter_misc":{"Escrito por":"Cristhian Gonz\u00e1lez","Tiempo de lectura":"2 minutos"},"schema":{"@context":"https:\/\/schema.org","@graph":[{"@type":"Article","@id":"https:\/\/www.ocasionplus.com\/noticias\/citroen-basalt-vision\/#article","isPartOf":{"@id":"https:\/\/www.ocasionplus.com\/noticias\/citroen-basalt-vision\/"},"author":{"name":"Cristhian Gonz\u00e1lez","@id":"https:\/\/www.ocasionplus.com\/noticias\/#\/schema\/person\/db1203be564cc3ded97ad1dbd8aadc5b"},"headline":"Citro\u00ebn presenta el Basalt Vision, un SUV compacto que sale a la venta en 2024","datePublished":"2024-03-27T15:58:55+00:00","dateModified":"2025-03-27T13:03:08+00:00","mainEntityOfPage":{"@id":"https:\/\/www.ocasionplus.com\/noticias\/citroen-basalt-vision\/"},"wordCount":417,"publisher":{"@id":"https:\/\/www.ocasionplus.com\/noticias\/#organization"},"image":{"@id":"https:\/\/www.ocasionplus.com\/noticias\/citroen-basalt-vision\/#primaryimage"},"thumbnailUrl":"https:\/\/www.ocasionplus.com\/wp-content\/uploads\/2024\/03\/Citroen-Basalt-Vision.webp","articleSection":["\u00daltimas Noticias"],"inLanguage":"es","copyrightYear":"2024","copyrightHolder":{"@id":"https:\/\/www.ocasionplus.com\/noticias\/#organization"}},{"@type":"WebPage","@id":"https:\/\/www.ocasionplus.com\/noticias\/citroen-basalt-vision\/","url":"https:\/\/www.ocasionplus.com\/noticias\/citroen-basalt-vision\/","name":"Citro\u00ebn presenta el Basalt Vision, un SUV compacto que sale a la venta en 2024 - OcasionPlus Blog","isPartOf":{"@id":"https:\/\/www.ocasionplus.com\/noticias\/#website"},"primaryImageOfPage":{"@id":"https:\/\/www.ocasionplus.com\/noticias\/citroen-basalt-vision\/#primaryimage"},"image":{"@id":"https:\/\/www.ocasionplus.com\/noticias\/citroen-basalt-vision\/#primaryimage"},"thumbnailUrl":"https:\/\/www.ocasionplus.com\/wp-content\/uploads\/2024\/03\/Citroen-Basalt-Vision.webp","datePublished":"2024-03-27T15:58:55+00:00","dateModified":"2025-03-27T13:03:08+00:00","description":"El Citro\u00ebn Basalt Vision es un SUV coupe compacto que lanza la marca francesa y se lanzar\u00e1 al mercado en el segundo semestre del 2024.","breadcrumb":{"@id":"https:\/\/www.ocasionplus.com\/noticias\/citroen-basalt-vision\/#breadcrumb"},"inLanguage":"es","potentialAction":[{"@type":"ReadAction","target":["https:\/\/www.ocasionplus.com\/noticias\/citroen-basalt-vision\/"]}]},{"@type":"ImageObject","inLanguage":"es","@id":"https:\/\/www.ocasionplus.com\/noticias\/citroen-basalt-vision\/#primaryimage","url":"https:\/\/www.ocasionplus.com\/wp-content\/uploads\/2024\/03\/Citroen-Basalt-Vision.webp","contentUrl":"https:\/\/www.ocasionplus.com\/wp-content\/uploads\/2024\/03\/Citroen-Basalt-Vision.webp","width":1200,"height":675,"caption":"Citro\u00ebn Basalt Vision de color amarillo"},{"@type":"BreadcrumbList","@id":"https:\/\/www.ocasionplus.com\/noticias\/citroen-basalt-vision\/#breadcrumb","itemListElement":[{"@type":"ListItem","position":1,"name":"Portada","item":"https:\/\/www.ocasionplus.com\/noticias\/"},{"@type":"ListItem","position":2,"name":"Citro\u00ebn presenta el Basalt Vision, un SUV compacto que sale a la venta en 2024"}]},{"@type":"WebSite","@id":"https:\/\/www.ocasionplus.com\/noticias\/#website","url":"https:\/\/www.ocasionplus.com\/noticias\/","name":"OcasionPlus Blog","description":"Veh\u00edculos de ocasi\u00f3n","publisher":{"@id":"https:\/\/www.ocasionplus.com\/noticias\/#organization"},"potentialAction":[{"@type":"SearchAction","target":{"@type":"EntryPoint","urlTemplate":"https:\/\/www.ocasionplus.com\/noticias\/?s={search_term_string}"},"query-input":{"@type":"PropertyValueSpecification","valueRequired":true,"valueName":"search_term_string"}}],"inLanguage":"es"},{"@type":"Organization","@id":"https:\/\/www.ocasionplus.com\/noticias\/#organization","name":"OcasionPlus","url":"https:\/\/www.ocasionplus.com\/noticias\/","logo":{"@type":"ImageObject","inLanguage":"es","@id":"https:\/\/www.ocasionplus.com\/noticias\/#\/schema\/logo\/image\/","url":"https:\/\/www.ocasionplus.com\/wp-content\/uploads\/2024\/05\/cropped-cropped-oplus-logo-blog.png","contentUrl":"https:\/\/www.ocasionplus.com\/wp-content\/uploads\/2024\/05\/cropped-cropped-oplus-logo-blog.png","width":360,"height":71,"caption":"OcasionPlus"},"image":{"@id":"https:\/\/www.ocasionplus.com\/noticias\/#\/schema\/logo\/image\/"},"sameAs":["https:\/\/www.facebook.com\/ocasionplus","https:\/\/x.com\/ocasionplus","https:\/\/www.instagram.com\/ocasion_plus","https:\/\/www.youtube.com\/channel\/UCBiCAto61Lyu27CgI95wrYQ","https:\/\/www.tiktok.com\/@ocasionplus.com","https:\/\/es.linkedin.com\/company\/ocasionplus"]},{"@type":"Person","@id":"https:\/\/www.ocasionplus.com\/noticias\/#\/schema\/person\/db1203be564cc3ded97ad1dbd8aadc5b","name":"Cristhian Gonz\u00e1lez","image":{"@type":"ImageObject","inLanguage":"es","@id":"https:\/\/www.ocasionplus.com\/noticias\/#\/schema\/person\/image\/","url":"https:\/\/secure.gravatar.com\/avatar\/30c0388f0815fd0ab8fb4cfad29866ac?s=96&d=mm&r=g","contentUrl":"https:\/\/secure.gravatar.com\/avatar\/30c0388f0815fd0ab8fb4cfad29866ac?s=96&d=mm&r=g","caption":"Cristhian Gonz\u00e1lez"},"description":"Periodista formado en Colombia. Siempre vinculado al deporte y con pasi\u00f3n por los coches. He asistido y cubierto diferentes eventos deportivos para diferentes medios de comunicaci\u00f3n."}]}},"jetpack_featured_media_url":"https:\/\/www.ocasionplus.com\/wp-content\/uploads\/2024\/03\/Citroen-Basalt-Vision.webp","_links":{"self":[{"href":"https:\/\/www.ocasionplus.com\/noticias\/wp-json\/wp\/v2\/posts\/10527","targetHints":{"allow":["GET"]}}],"collection":[{"href":"https:\/\/www.ocasionplus.com\/noticias\/wp-json\/wp\/v2\/posts"}],"about":[{"href":"https:\/\/www.ocasionplus.com\/noticias\/wp-json\/wp\/v2\/types\/post"}],"author":[{"embeddable":true,"href":"https:\/\/www.ocasionplus.com\/noticias\/wp-json\/wp\/v2\/users\/3"}],"replies":[{"embeddable":true,"href":"https:\/\/www.ocasionplus.com\/noticias\/wp-json\/wp\/v2\/comments?post=10527"}],"version-history":[{"count":1,"href":"https:\/\/www.ocasionplus.com\/noticias\/wp-json\/wp\/v2\/posts\/10527\/revisions"}],"predecessor-version":[{"id":13091,"href":"https:\/\/www.ocasionplus.com\/noticias\/wp-json\/wp\/v2\/posts\/10527\/revisions\/13091"}],"wp:featuredmedia":[{"embeddable":true,"href":"https:\/\/www.ocasionplus.com\/noticias\/wp-json\/wp\/v2\/media\/10529"}],"wp:attachment":[{"href":"https:\/\/www.ocasionplus.com\/noticias\/wp-json\/wp\/v2\/media?parent=10527"}],"wp:term":[{"taxonomy":"category","embeddable":true,"href":"https:\/\/www.ocasionplus.com\/noticias\/wp-json\/wp\/v2\/categories?post=10527"},{"taxonomy":"post_tag","embeddable":true,"href":"https:\/\/www.ocasionplus.com\/noticias\/wp-json\/wp\/v2\/tags?post=10527"}],"curies":[{"name":"wp","href":"https:\/\/api.w.org\/{rel}","templated":true}]}}