{"id":10553,"date":"2024-04-01T12:22:06","date_gmt":"2024-04-01T10:22:06","guid":{"rendered":"https:\/\/blog.ocasionplus.com\/?p=10553"},"modified":"2025-03-27T14:03:04","modified_gmt":"2025-03-27T13:03:04","slug":"marcas-japonesas-redujeron-su-produccion-mundial","status":"publish","type":"post","link":"https:\/\/www.ocasionplus.com\/noticias\/marcas-japonesas-redujeron-su-produccion-mundial\/","title":{"rendered":"Las marcas japonesas bajaron su producci\u00f3n mundial en febrero"},"content":{"rendered":"\n<p>Las marcas japonesas bajaron su nivel de producci\u00f3n mundial en febrero, el \u00fanico fabricante que increment\u00f3 su volumen fue Suzuki; sin embargo, marcas como Toyota, Nissan, Subaru, Mazda, Honda y Mitsubishi registraron cifras negativas.&nbsp;<\/p>\n\n\n\n<p><a href=\"https:\/\/www.ocasionplus.com\/coches-ocasion\/suzuki\"><span style=\"text-decoration: underline;\"><mark style=\"background-color:rgba(0, 0, 0, 0);color:#189bd7\" class=\"has-inline-color\">Suzuki <\/mark><\/span><\/a>ensambl\u00f3 287.450 unidades en febrero, lo que supone un aumento del 10,4% compar\u00e1ndolo con cifras de febrero de 2023, siendo la \u00fanica marca japonesa en conseguirlo.<\/p>\n\n\n\n<p><a href=\"https:\/\/www.ocasionplus.com\/coches-ocasion\/toyota\"><span style=\"text-decoration: underline;\"><mark style=\"background-color:rgba(0, 0, 0, 0);color:#189bd7\" class=\"has-inline-color\">Toyota<\/mark><\/span><\/a> produjo 789.138 unidades entre todas sus marcas (Toyota, Lexus, Daihatsu e Hino) un 12,1% menos que las 896.712 unidades de febrero de 2023, unas cifras que reflejaron su segundo descenso interanual consecutivo.\u00a0<\/p>\n\n\n\n<p><a href=\"https:\/\/www.ocasionplus.com\/coches-ocasion\/honda\"><span style=\"text-decoration: underline;\"><mark style=\"background-color:rgba(0, 0, 0, 0);color:#189bd7\" class=\"has-inline-color\">Honda<\/mark><\/span><\/a> fue la marca que m\u00e1s reducci\u00f3n de producci\u00f3n present\u00f3 en febrero, un 13,5% con 294.710 unidades. Sin embargo, en el acumulado entre enero y febrero de 2024 experiment\u00f3 un incremento del 1,7% con 631.829 modelos.\u00a0<\/p>\n\n\n\n<p><a href=\"https:\/\/www.ocasionplus.com\/coches-ocasion\/mazda\"><span style=\"text-decoration: underline;\"><mark style=\"background-color:rgba(0, 0, 0, 0);color:#189bd7\" class=\"has-inline-color\">Mazda<\/mark><\/span><\/a> redujo un 3,8% su producci\u00f3n en febrero en comparaci\u00f3n con el segundo mes del 2023, al ensamblar un total de 100.212 unidades, mientras que en el acumulado de los tres meses la fabricante nipona produjo 3,1 millones de veh\u00edculos, lo cual supone un 6,8% m\u00e1s en comparaci\u00f3n con el mismo periodo del a\u00f1o anterior.\u00a0<\/p>\n\n\n\n<p><a href=\"https:\/\/www.ocasionplus.com\/coches-ocasion\/subaru\"><span style=\"text-decoration: underline;\"><mark style=\"background-color:rgba(0, 0, 0, 0);color:#189bd7\" class=\"has-inline-color\">Subaru<\/mark><\/span><\/a> experiment\u00f3 en el segundo mes el primer descenso en su producci\u00f3n mensual de los \u00faltimos 13 meses. En concreto, ensambl\u00f3 59.999 unidades, con un descenso interanual 2,3%. Sin embargo, en el total de los dos primeros meses del a\u00f1o su producci\u00f3n global increment\u00f3 un 21,6%.\u00a0<\/p>\n\n\n\n<p><a href=\"https:\/\/www.ocasionplus.com\/coches-ocasion\/mitsubishi\"><span style=\"text-decoration: underline;\"><mark style=\"background-color:rgba(0, 0, 0, 0);color:#189bd7\" class=\"has-inline-color\">Mitsubishi<\/mark><\/span><\/a> fue otra marca que redujo el n\u00famero de unidades fabricadas en febrero hasta 87.233 unidades, un 3,4% menos que en febrero de 2023. De este modo, en el acumulado anual produjo 178.261 veh\u00edculos, un 1,8% m\u00e1s que en el mismo periodo del a\u00f1o anterior.\u00a0<\/p>\n\n\n\n<p>Si deseas comprar alguno de los modelos de las marcas japonesas de ocasi\u00f3n, no esperes m\u00e1s para encontrar el mejor <a href=\"https:\/\/www.ocasionplus.com\/coches-ocasion\"><span style=\"text-decoration: underline;\"><mark style=\"background-color:rgba(0, 0, 0, 0);color:#189bd7\" class=\"has-inline-color\">coche de segunda mano<\/mark><\/span><\/a> en nuestros m\u00e1s de 85 concesionarios que tenemos repartidos por toda Espa\u00f1a.<\/p>\n","protected":false},"excerpt":{"rendered":"<p>Las marcas japonesas bajaron su nivel de producci\u00f3n mundial en febrero, el \u00fanico fabricante que increment\u00f3 su volumen fue Suzuki; sin embargo, marcas como Toyota, Nissan, Subaru, Mazda, Honda y Mitsubishi registraron cifras negativas.&nbsp; Suzuki ensambl\u00f3 287.450 unidades en febrero, lo que supone un aumento del 10,4% compar\u00e1ndolo con cifras de febrero de 2023, siendo&#8230;<\/p>\n","protected":false},"author":3,"featured_media":10552,"comment_status":"closed","ping_status":"closed","sticky":false,"template":"","format":"standard","meta":{"footnotes":""},"categories":[2],"tags":[],"class_list":["post-10553","post","type-post","status-publish","format-standard","has-post-thumbnail","hentry","category-ultimas-noticias"],"yoast_head":"<!-- This site is optimized with the Yoast SEO Premium plugin v24.8 (Yoast SEO v24.8.1) - https:\/\/yoast.com\/wordpress\/plugins\/seo\/ -->\n<title>Las marcas japonesas bajaron su producci\u00f3n mundial en febrero - OcasionPlus Blog<\/title>\n<meta name=\"description\" content=\"Las marcas japonesas bajaron su nivel de producci\u00f3n mundial en el mes de febrero. La \u00fanica marca que no baj\u00f3 su producci\u00f3n es Suzuki.\" \/>\n<meta name=\"robots\" content=\"index, follow, max-snippet:-1, max-image-preview:large, max-video-preview:-1\" \/>\n<link rel=\"canonical\" href=\"https:\/\/www.ocasionplus.com\/noticias\/marcas-japonesas-redujeron-su-produccion-mundial\/\" \/>\n<meta property=\"og:locale\" content=\"es_ES\" \/>\n<meta property=\"og:type\" content=\"article\" \/>\n<meta property=\"og:title\" content=\"Las marcas japonesas bajaron su producci\u00f3n mundial en febrero\" \/>\n<meta property=\"og:description\" content=\"Las marcas japonesas bajaron su nivel de producci\u00f3n mundial en el mes de febrero. La \u00fanica marca que no baj\u00f3 su producci\u00f3n es Suzuki.\" \/>\n<meta property=\"og:url\" content=\"https:\/\/www.ocasionplus.com\/noticias\/marcas-japonesas-redujeron-su-produccion-mundial\/\" \/>\n<meta property=\"og:site_name\" content=\"OcasionPlus Blog\" \/>\n<meta property=\"article:publisher\" content=\"https:\/\/www.facebook.com\/ocasionplus\" \/>\n<meta property=\"article:published_time\" content=\"2024-04-01T10:22:06+00:00\" \/>\n<meta property=\"article:modified_time\" content=\"2025-03-27T13:03:04+00:00\" \/>\n<meta property=\"og:image\" content=\"https:\/\/www.ocasionplus.com\/wp-content\/uploads\/2024\/04\/Suzuki-Vitara.jpg\" \/>\n\t<meta property=\"og:image:width\" content=\"1280\" \/>\n\t<meta property=\"og:image:height\" content=\"801\" \/>\n\t<meta property=\"og:image:type\" content=\"image\/jpeg\" \/>\n<meta name=\"author\" content=\"Cristhian Gonz\u00e1lez\" \/>\n<meta name=\"twitter:card\" content=\"summary_large_image\" \/>\n<meta name=\"twitter:creator\" content=\"@ocasionplus\" \/>\n<meta name=\"twitter:site\" content=\"@ocasionplus\" \/>\n<meta name=\"twitter:label1\" content=\"Escrito por\" \/>\n\t<meta name=\"twitter:data1\" content=\"Cristhian Gonz\u00e1lez\" \/>\n\t<meta name=\"twitter:label2\" content=\"Tiempo de lectura\" \/>\n\t<meta name=\"twitter:data2\" content=\"2 minutos\" \/>\n<script type=\"application\/ld+json\" class=\"yoast-schema-graph\">{\"@context\":\"https:\/\/schema.org\",\"@graph\":[{\"@type\":\"Article\",\"@id\":\"https:\/\/www.ocasionplus.com\/noticias\/marcas-japonesas-redujeron-su-produccion-mundial\/#article\",\"isPartOf\":{\"@id\":\"https:\/\/www.ocasionplus.com\/noticias\/marcas-japonesas-redujeron-su-produccion-mundial\/\"},\"author\":{\"name\":\"Cristhian Gonz\u00e1lez\",\"@id\":\"https:\/\/www.ocasionplus.com\/noticias\/#\/schema\/person\/db1203be564cc3ded97ad1dbd8aadc5b\"},\"headline\":\"Las marcas japonesas bajaron su producci\u00f3n mundial en febrero\",\"datePublished\":\"2024-04-01T10:22:06+00:00\",\"dateModified\":\"2025-03-27T13:03:04+00:00\",\"mainEntityOfPage\":{\"@id\":\"https:\/\/www.ocasionplus.com\/noticias\/marcas-japonesas-redujeron-su-produccion-mundial\/\"},\"wordCount\":318,\"publisher\":{\"@id\":\"https:\/\/www.ocasionplus.com\/noticias\/#organization\"},\"image\":{\"@id\":\"https:\/\/www.ocasionplus.com\/noticias\/marcas-japonesas-redujeron-su-produccion-mundial\/#primaryimage\"},\"thumbnailUrl\":\"https:\/\/www.ocasionplus.com\/wp-content\/uploads\/2024\/04\/Suzuki-Vitara.jpg\",\"articleSection\":[\"\u00daltimas Noticias\"],\"inLanguage\":\"es\",\"copyrightYear\":\"2024\",\"copyrightHolder\":{\"@id\":\"https:\/\/www.ocasionplus.com\/noticias\/#organization\"}},{\"@type\":\"WebPage\",\"@id\":\"https:\/\/www.ocasionplus.com\/noticias\/marcas-japonesas-redujeron-su-produccion-mundial\/\",\"url\":\"https:\/\/www.ocasionplus.com\/noticias\/marcas-japonesas-redujeron-su-produccion-mundial\/\",\"name\":\"Las marcas japonesas bajaron su producci\u00f3n mundial en febrero - OcasionPlus Blog\",\"isPartOf\":{\"@id\":\"https:\/\/www.ocasionplus.com\/noticias\/#website\"},\"primaryImageOfPage\":{\"@id\":\"https:\/\/www.ocasionplus.com\/noticias\/marcas-japonesas-redujeron-su-produccion-mundial\/#primaryimage\"},\"image\":{\"@id\":\"https:\/\/www.ocasionplus.com\/noticias\/marcas-japonesas-redujeron-su-produccion-mundial\/#primaryimage\"},\"thumbnailUrl\":\"https:\/\/www.ocasionplus.com\/wp-content\/uploads\/2024\/04\/Suzuki-Vitara.jpg\",\"datePublished\":\"2024-04-01T10:22:06+00:00\",\"dateModified\":\"2025-03-27T13:03:04+00:00\",\"description\":\"Las marcas japonesas bajaron su nivel de producci\u00f3n mundial en el mes de febrero. La \u00fanica marca que no baj\u00f3 su producci\u00f3n es Suzuki.\",\"breadcrumb\":{\"@id\":\"https:\/\/www.ocasionplus.com\/noticias\/marcas-japonesas-redujeron-su-produccion-mundial\/#breadcrumb\"},\"inLanguage\":\"es\",\"potentialAction\":[{\"@type\":\"ReadAction\",\"target\":[\"https:\/\/www.ocasionplus.com\/noticias\/marcas-japonesas-redujeron-su-produccion-mundial\/\"]}]},{\"@type\":\"ImageObject\",\"inLanguage\":\"es\",\"@id\":\"https:\/\/www.ocasionplus.com\/noticias\/marcas-japonesas-redujeron-su-produccion-mundial\/#primaryimage\",\"url\":\"https:\/\/www.ocasionplus.com\/wp-content\/uploads\/2024\/04\/Suzuki-Vitara.jpg\",\"contentUrl\":\"https:\/\/www.ocasionplus.com\/wp-content\/uploads\/2024\/04\/Suzuki-Vitara.jpg\",\"width\":1280,\"height\":801,\"caption\":\"Suzuki Vitara de color amarillo\"},{\"@type\":\"BreadcrumbList\",\"@id\":\"https:\/\/www.ocasionplus.com\/noticias\/marcas-japonesas-redujeron-su-produccion-mundial\/#breadcrumb\",\"itemListElement\":[{\"@type\":\"ListItem\",\"position\":1,\"name\":\"Portada\",\"item\":\"https:\/\/www.ocasionplus.com\/noticias\/\"},{\"@type\":\"ListItem\",\"position\":2,\"name\":\"Las marcas japonesas bajaron su producci\u00f3n mundial en febrero\"}]},{\"@type\":\"WebSite\",\"@id\":\"https:\/\/www.ocasionplus.com\/noticias\/#website\",\"url\":\"https:\/\/www.ocasionplus.com\/noticias\/\",\"name\":\"OcasionPlus Blog\",\"description\":\"Veh\u00edculos de ocasi\u00f3n\",\"publisher\":{\"@id\":\"https:\/\/www.ocasionplus.com\/noticias\/#organization\"},\"potentialAction\":[{\"@type\":\"SearchAction\",\"target\":{\"@type\":\"EntryPoint\",\"urlTemplate\":\"https:\/\/www.ocasionplus.com\/noticias\/?s={search_term_string}\"},\"query-input\":{\"@type\":\"PropertyValueSpecification\",\"valueRequired\":true,\"valueName\":\"search_term_string\"}}],\"inLanguage\":\"es\"},{\"@type\":\"Organization\",\"@id\":\"https:\/\/www.ocasionplus.com\/noticias\/#organization\",\"name\":\"OcasionPlus\",\"url\":\"https:\/\/www.ocasionplus.com\/noticias\/\",\"logo\":{\"@type\":\"ImageObject\",\"inLanguage\":\"es\",\"@id\":\"https:\/\/www.ocasionplus.com\/noticias\/#\/schema\/logo\/image\/\",\"url\":\"https:\/\/www.ocasionplus.com\/wp-content\/uploads\/2024\/05\/cropped-cropped-oplus-logo-blog.png\",\"contentUrl\":\"https:\/\/www.ocasionplus.com\/wp-content\/uploads\/2024\/05\/cropped-cropped-oplus-logo-blog.png\",\"width\":360,\"height\":71,\"caption\":\"OcasionPlus\"},\"image\":{\"@id\":\"https:\/\/www.ocasionplus.com\/noticias\/#\/schema\/logo\/image\/\"},\"sameAs\":[\"https:\/\/www.facebook.com\/ocasionplus\",\"https:\/\/x.com\/ocasionplus\",\"https:\/\/www.instagram.com\/ocasion_plus\",\"https:\/\/www.youtube.com\/channel\/UCBiCAto61Lyu27CgI95wrYQ\",\"https:\/\/www.tiktok.com\/@ocasionplus.com\",\"https:\/\/es.linkedin.com\/company\/ocasionplus\"]},{\"@type\":\"Person\",\"@id\":\"https:\/\/www.ocasionplus.com\/noticias\/#\/schema\/person\/db1203be564cc3ded97ad1dbd8aadc5b\",\"name\":\"Cristhian Gonz\u00e1lez\",\"image\":{\"@type\":\"ImageObject\",\"inLanguage\":\"es\",\"@id\":\"https:\/\/www.ocasionplus.com\/noticias\/#\/schema\/person\/image\/\",\"url\":\"https:\/\/secure.gravatar.com\/avatar\/30c0388f0815fd0ab8fb4cfad29866ac?s=96&d=mm&r=g\",\"contentUrl\":\"https:\/\/secure.gravatar.com\/avatar\/30c0388f0815fd0ab8fb4cfad29866ac?s=96&d=mm&r=g\",\"caption\":\"Cristhian Gonz\u00e1lez\"},\"description\":\"Periodista formado en Colombia. Siempre vinculado al deporte y con pasi\u00f3n por los coches. He asistido y cubierto diferentes eventos deportivos para diferentes medios de comunicaci\u00f3n.\"}]}<\/script>\n<!-- \/ Yoast SEO Premium plugin. -->","yoast_head_json":{"title":"Las marcas japonesas bajaron su producci\u00f3n mundial en febrero - OcasionPlus Blog","description":"Las marcas japonesas bajaron su nivel de producci\u00f3n mundial en el mes de febrero. La \u00fanica marca que no baj\u00f3 su producci\u00f3n es Suzuki.","robots":{"index":"index","follow":"follow","max-snippet":"max-snippet:-1","max-image-preview":"max-image-preview:large","max-video-preview":"max-video-preview:-1"},"canonical":"https:\/\/www.ocasionplus.com\/noticias\/marcas-japonesas-redujeron-su-produccion-mundial\/","og_locale":"es_ES","og_type":"article","og_title":"Las marcas japonesas bajaron su producci\u00f3n mundial en febrero","og_description":"Las marcas japonesas bajaron su nivel de producci\u00f3n mundial en el mes de febrero. La \u00fanica marca que no baj\u00f3 su producci\u00f3n es Suzuki.","og_url":"https:\/\/www.ocasionplus.com\/noticias\/marcas-japonesas-redujeron-su-produccion-mundial\/","og_site_name":"OcasionPlus Blog","article_publisher":"https:\/\/www.facebook.com\/ocasionplus","article_published_time":"2024-04-01T10:22:06+00:00","article_modified_time":"2025-03-27T13:03:04+00:00","og_image":[{"width":1280,"height":801,"url":"https:\/\/www.ocasionplus.com\/wp-content\/uploads\/2024\/04\/Suzuki-Vitara.jpg","type":"image\/jpeg"}],"author":"Cristhian Gonz\u00e1lez","twitter_card":"summary_large_image","twitter_creator":"@ocasionplus","twitter_site":"@ocasionplus","twitter_misc":{"Escrito por":"Cristhian Gonz\u00e1lez","Tiempo de lectura":"2 minutos"},"schema":{"@context":"https:\/\/schema.org","@graph":[{"@type":"Article","@id":"https:\/\/www.ocasionplus.com\/noticias\/marcas-japonesas-redujeron-su-produccion-mundial\/#article","isPartOf":{"@id":"https:\/\/www.ocasionplus.com\/noticias\/marcas-japonesas-redujeron-su-produccion-mundial\/"},"author":{"name":"Cristhian Gonz\u00e1lez","@id":"https:\/\/www.ocasionplus.com\/noticias\/#\/schema\/person\/db1203be564cc3ded97ad1dbd8aadc5b"},"headline":"Las marcas japonesas bajaron su producci\u00f3n mundial en febrero","datePublished":"2024-04-01T10:22:06+00:00","dateModified":"2025-03-27T13:03:04+00:00","mainEntityOfPage":{"@id":"https:\/\/www.ocasionplus.com\/noticias\/marcas-japonesas-redujeron-su-produccion-mundial\/"},"wordCount":318,"publisher":{"@id":"https:\/\/www.ocasionplus.com\/noticias\/#organization"},"image":{"@id":"https:\/\/www.ocasionplus.com\/noticias\/marcas-japonesas-redujeron-su-produccion-mundial\/#primaryimage"},"thumbnailUrl":"https:\/\/www.ocasionplus.com\/wp-content\/uploads\/2024\/04\/Suzuki-Vitara.jpg","articleSection":["\u00daltimas Noticias"],"inLanguage":"es","copyrightYear":"2024","copyrightHolder":{"@id":"https:\/\/www.ocasionplus.com\/noticias\/#organization"}},{"@type":"WebPage","@id":"https:\/\/www.ocasionplus.com\/noticias\/marcas-japonesas-redujeron-su-produccion-mundial\/","url":"https:\/\/www.ocasionplus.com\/noticias\/marcas-japonesas-redujeron-su-produccion-mundial\/","name":"Las marcas japonesas bajaron su producci\u00f3n mundial en febrero - OcasionPlus Blog","isPartOf":{"@id":"https:\/\/www.ocasionplus.com\/noticias\/#website"},"primaryImageOfPage":{"@id":"https:\/\/www.ocasionplus.com\/noticias\/marcas-japonesas-redujeron-su-produccion-mundial\/#primaryimage"},"image":{"@id":"https:\/\/www.ocasionplus.com\/noticias\/marcas-japonesas-redujeron-su-produccion-mundial\/#primaryimage"},"thumbnailUrl":"https:\/\/www.ocasionplus.com\/wp-content\/uploads\/2024\/04\/Suzuki-Vitara.jpg","datePublished":"2024-04-01T10:22:06+00:00","dateModified":"2025-03-27T13:03:04+00:00","description":"Las marcas japonesas bajaron su nivel de producci\u00f3n mundial en el mes de febrero. La \u00fanica marca que no baj\u00f3 su producci\u00f3n es Suzuki.","breadcrumb":{"@id":"https:\/\/www.ocasionplus.com\/noticias\/marcas-japonesas-redujeron-su-produccion-mundial\/#breadcrumb"},"inLanguage":"es","potentialAction":[{"@type":"ReadAction","target":["https:\/\/www.ocasionplus.com\/noticias\/marcas-japonesas-redujeron-su-produccion-mundial\/"]}]},{"@type":"ImageObject","inLanguage":"es","@id":"https:\/\/www.ocasionplus.com\/noticias\/marcas-japonesas-redujeron-su-produccion-mundial\/#primaryimage","url":"https:\/\/www.ocasionplus.com\/wp-content\/uploads\/2024\/04\/Suzuki-Vitara.jpg","contentUrl":"https:\/\/www.ocasionplus.com\/wp-content\/uploads\/2024\/04\/Suzuki-Vitara.jpg","width":1280,"height":801,"caption":"Suzuki Vitara de color amarillo"},{"@type":"BreadcrumbList","@id":"https:\/\/www.ocasionplus.com\/noticias\/marcas-japonesas-redujeron-su-produccion-mundial\/#breadcrumb","itemListElement":[{"@type":"ListItem","position":1,"name":"Portada","item":"https:\/\/www.ocasionplus.com\/noticias\/"},{"@type":"ListItem","position":2,"name":"Las marcas japonesas bajaron su producci\u00f3n mundial en febrero"}]},{"@type":"WebSite","@id":"https:\/\/www.ocasionplus.com\/noticias\/#website","url":"https:\/\/www.ocasionplus.com\/noticias\/","name":"OcasionPlus Blog","description":"Veh\u00edculos de ocasi\u00f3n","publisher":{"@id":"https:\/\/www.ocasionplus.com\/noticias\/#organization"},"potentialAction":[{"@type":"SearchAction","target":{"@type":"EntryPoint","urlTemplate":"https:\/\/www.ocasionplus.com\/noticias\/?s={search_term_string}"},"query-input":{"@type":"PropertyValueSpecification","valueRequired":true,"valueName":"search_term_string"}}],"inLanguage":"es"},{"@type":"Organization","@id":"https:\/\/www.ocasionplus.com\/noticias\/#organization","name":"OcasionPlus","url":"https:\/\/www.ocasionplus.com\/noticias\/","logo":{"@type":"ImageObject","inLanguage":"es","@id":"https:\/\/www.ocasionplus.com\/noticias\/#\/schema\/logo\/image\/","url":"https:\/\/www.ocasionplus.com\/wp-content\/uploads\/2024\/05\/cropped-cropped-oplus-logo-blog.png","contentUrl":"https:\/\/www.ocasionplus.com\/wp-content\/uploads\/2024\/05\/cropped-cropped-oplus-logo-blog.png","width":360,"height":71,"caption":"OcasionPlus"},"image":{"@id":"https:\/\/www.ocasionplus.com\/noticias\/#\/schema\/logo\/image\/"},"sameAs":["https:\/\/www.facebook.com\/ocasionplus","https:\/\/x.com\/ocasionplus","https:\/\/www.instagram.com\/ocasion_plus","https:\/\/www.youtube.com\/channel\/UCBiCAto61Lyu27CgI95wrYQ","https:\/\/www.tiktok.com\/@ocasionplus.com","https:\/\/es.linkedin.com\/company\/ocasionplus"]},{"@type":"Person","@id":"https:\/\/www.ocasionplus.com\/noticias\/#\/schema\/person\/db1203be564cc3ded97ad1dbd8aadc5b","name":"Cristhian Gonz\u00e1lez","image":{"@type":"ImageObject","inLanguage":"es","@id":"https:\/\/www.ocasionplus.com\/noticias\/#\/schema\/person\/image\/","url":"https:\/\/secure.gravatar.com\/avatar\/30c0388f0815fd0ab8fb4cfad29866ac?s=96&d=mm&r=g","contentUrl":"https:\/\/secure.gravatar.com\/avatar\/30c0388f0815fd0ab8fb4cfad29866ac?s=96&d=mm&r=g","caption":"Cristhian Gonz\u00e1lez"},"description":"Periodista formado en Colombia. Siempre vinculado al deporte y con pasi\u00f3n por los coches. He asistido y cubierto diferentes eventos deportivos para diferentes medios de comunicaci\u00f3n."}]}},"jetpack_featured_media_url":"https:\/\/www.ocasionplus.com\/wp-content\/uploads\/2024\/04\/Suzuki-Vitara.jpg","_links":{"self":[{"href":"https:\/\/www.ocasionplus.com\/noticias\/wp-json\/wp\/v2\/posts\/10553","targetHints":{"allow":["GET"]}}],"collection":[{"href":"https:\/\/www.ocasionplus.com\/noticias\/wp-json\/wp\/v2\/posts"}],"about":[{"href":"https:\/\/www.ocasionplus.com\/noticias\/wp-json\/wp\/v2\/types\/post"}],"author":[{"embeddable":true,"href":"https:\/\/www.ocasionplus.com\/noticias\/wp-json\/wp\/v2\/users\/3"}],"replies":[{"embeddable":true,"href":"https:\/\/www.ocasionplus.com\/noticias\/wp-json\/wp\/v2\/comments?post=10553"}],"version-history":[{"count":1,"href":"https:\/\/www.ocasionplus.com\/noticias\/wp-json\/wp\/v2\/posts\/10553\/revisions"}],"predecessor-version":[{"id":13087,"href":"https:\/\/www.ocasionplus.com\/noticias\/wp-json\/wp\/v2\/posts\/10553\/revisions\/13087"}],"wp:featuredmedia":[{"embeddable":true,"href":"https:\/\/www.ocasionplus.com\/noticias\/wp-json\/wp\/v2\/media\/10552"}],"wp:attachment":[{"href":"https:\/\/www.ocasionplus.com\/noticias\/wp-json\/wp\/v2\/media?parent=10553"}],"wp:term":[{"taxonomy":"category","embeddable":true,"href":"https:\/\/www.ocasionplus.com\/noticias\/wp-json\/wp\/v2\/categories?post=10553"},{"taxonomy":"post_tag","embeddable":true,"href":"https:\/\/www.ocasionplus.com\/noticias\/wp-json\/wp\/v2\/tags?post=10553"}],"curies":[{"name":"wp","href":"https:\/\/api.w.org\/{rel}","templated":true}]}}