{"id":10559,"date":"2024-04-01T13:53:09","date_gmt":"2024-04-01T11:53:09","guid":{"rendered":"https:\/\/blog.ocasionplus.com\/?p=10559"},"modified":"2025-03-27T14:03:04","modified_gmt":"2025-03-27T13:03:04","slug":"abarth-75th-aniversario-presentacion-del-nuevo-abarth-600e","status":"publish","type":"post","link":"https:\/\/www.ocasionplus.com\/noticias\/abarth-75th-aniversario-presentacion-del-nuevo-abarth-600e\/","title":{"rendered":"Abarth 75th aniversario: Presentaci\u00f3n del nuevo Abarth 600e"},"content":{"rendered":"\n<p>El nuevo <strong>Abarth 600e<\/strong> <strong>celebra el 75th aniversario<\/strong> de la marca italiana como una de las marcas deportivas pertenecientes al <strong>grupo Stellantis <\/strong>y que est\u00e1 realizando l<strong>a transici\u00f3n hacia modelos el\u00e9ctricos<\/strong>. De esta manera, el <strong>Abarth 600e<\/strong> se convierte en el modelo m\u00e1s potente de la marca hasta la fecha, equipado con un motor el\u00e9ctrico que ofrece 240 caballos, diferencial mec\u00e1nico de deslizamiento limitado y componentes de competici\u00f3n que hacen del <strong>Abarth 600e<\/strong> un modelo agresivo y juvenil.<\/p>\n\n\n\n<p>El<strong> Abarth 600e<\/strong> se presenta con una l\u00ednea deportiva que se presenta como el hermano mayor del <a href=\"https:\/\/www.ocasionplus.com\/coches-ocasion\/abarth\/500\"><strong><mark style=\"background-color:rgba(0, 0, 0, 0)\" class=\"has-inline-color has-vivid-cyan-blue-color\">Abarth 500<\/mark><\/strong><\/a> que dar\u00e1 paso a un modelo de mayores proporciones, pero sin abandonar un \u00e1pice de competici\u00f3n.<\/p>\n\n\n\n<p>En la parte frontal, podemos ver un dise\u00f1o repleto de<strong> fibra de carbono<\/strong> en color negro que le otorga ese toque deportivo, un morro muy vertical, con un cap\u00f3 muy plano en comparaci\u00f3n al modelo de combusti\u00f3n, el <a href=\"https:\/\/www.ocasionplus.com\/coches-ocasion\/fiat\/500x\"><strong><mark style=\"background-color:rgba(0, 0, 0, 0)\" class=\"has-inline-color has-vivid-cyan-blue-color\">Fiat 600 y 500x<\/mark><\/strong><\/a>,el cual cuenta con unas l\u00edneas m\u00e1s redondeadas y menos angulosas. El nombre de Abarth est\u00e1 presente en el frontal decorado en color negro y no falta la presencia del escorpi\u00f3n con el logotipo de la marca italiana.<\/p>\n\n\n\n<p>Este <strong>Abarth 600e <\/strong>cuenta con una suspensi\u00f3n m\u00e1s baja que acerca la carrocer\u00eda al suelo, con el objetivo de ser m\u00e1s aerodin\u00e1mico, pues los coches el\u00e9ctricos necesitan serlo para reducir el consumo de electricidad. Esto le aporta una visi\u00f3n m\u00e1s deportiva en su vista lateral, acompa\u00f1ada por unas llantas que recubren el interior de las ruedas para mejorar la aerodin\u00e1mica del <strong>Abarth 600e<\/strong>. Adem\u00e1s, vemos unos pasos de ruedas decorados en color negro que le aportan un aire SUV.<\/p>\n\n\n\n<figure class=\"wp-block-image size-large\"><img decoding=\"async\" src=\"https:\/\/blog.ocasionplus.com\/wp-content\/uploads\/2024\/04\/NewAbarth600e-3-1024x683.jpg\" alt=\"Parte trasera del nuevo Abarth 600e\" class=\"wp-image-10560\"\/><figcaption class=\"wp-element-caption\">Parte trasera del nuevo Abarth 600e<\/figcaption><\/figure>\n\n\n\n<p>En la parte trasera del <strong>Abarth 600e<\/strong>, la fibra de carbono vuelve a tener presencia en fald\u00f3n inferior, decorado con un difusor doble, que le vuelve a aportar ese aire de deportividad. Adem\u00e1s, el spoiler trasero, largo, ofrece una mejor resistencia al aire y al mismo tiempo un dise\u00f1o de competici\u00f3n.<\/p>\n\n\n\n<p>Si nos vamos a su habit\u00e1culo interior, el<strong> Abarth 600e <\/strong>cuenta con unos embellecedores enriquecidos con gr\u00e1ficos de Abarth y con una luz ambiental oscura en su interior, aportando un misterio y deportividad. Los asientos de inspiraci\u00f3n racing y un volante deportivo construido con materiales de cuero y Alc\u00e1ntara. El sistema de infoentretenimiento cuenta con una pantalla de 10 pulgadas con gr\u00e1ficos de mediciones de rendimiento y prestaciones.<\/p>\n\n\n\n<figure class=\"wp-block-image size-large\"><img decoding=\"async\" src=\"https:\/\/blog.ocasionplus.com\/wp-content\/uploads\/2024\/04\/NewAbarth600e-2-1024x682.jpg\" alt=\"Interior del nuevo Abarth 600e\" class=\"wp-image-10561\"\/><figcaption class=\"wp-element-caption\">Interior del nuevo Abarth 600e<\/figcaption><\/figure>\n\n\n\n<p>Abarth no ha anunciado la fecha de lanzamiento del Abarth 600e, pero en OcasionPlus podr\u00e1s encontrar toda la gama de modelos de <a href=\"https:\/\/www.ocasionplus.com\/coches-ocasion\/abarth\"><strong><mark style=\"background-color:rgba(0, 0, 0, 0)\" class=\"has-inline-color has-vivid-cyan-blue-color\">Abarth de segunda mano<\/mark> <\/strong><\/a>y un listado de <a href=\"https:\/\/www.ocasionplus.com\/coches-ocasion\"><strong><mark style=\"background-color:rgba(0, 0, 0, 0)\" class=\"has-inline-color has-vivid-cyan-blue-color\">m\u00e1s de 8.000 coches de ocasi\u00f3n<\/mark><\/strong><\/a> repartidos por toda Espa\u00f1a.<\/p>\n\n\n\n<p>Lea tambi\u00e9n: <strong><a href=\"https:\/\/blog.ocasionplus.com\/el-nuevo-ford-explorer-electrico-sale-a-la-venta\/\"><mark style=\"background-color:rgba(0, 0, 0, 0)\" class=\"has-inline-color has-vivid-cyan-blue-color\">El nuevo Ford Explorer el\u00e9ctrico sale a la venta<\/mark><\/a><\/strong><\/p>\n","protected":false},"excerpt":{"rendered":"<p>El nuevo Abarth 600e celebra el 75th aniversario de la marca italiana como una de las marcas deportivas pertenecientes al grupo Stellantis y que est\u00e1 realizando la transici\u00f3n hacia modelos el\u00e9ctricos. De esta manera, el Abarth 600e se convierte en el modelo m\u00e1s potente de la marca hasta la fecha, equipado con un motor el\u00e9ctrico&#8230;<\/p>\n","protected":false},"author":2,"featured_media":10562,"comment_status":"closed","ping_status":"closed","sticky":false,"template":"","format":"standard","meta":{"footnotes":""},"categories":[2],"tags":[],"class_list":["post-10559","post","type-post","status-publish","format-standard","has-post-thumbnail","hentry","category-ultimas-noticias"],"yoast_head":"<!-- This site is optimized with the Yoast SEO Premium plugin v24.8 (Yoast SEO v24.8.1) - https:\/\/yoast.com\/wordpress\/plugins\/seo\/ -->\n<title>Abarth 75th aniversario: Presentaci\u00f3n del nuevo Abarth 600e - OcasionPlus Blog<\/title>\n<meta name=\"robots\" content=\"index, follow, max-snippet:-1, max-image-preview:large, max-video-preview:-1\" \/>\n<link rel=\"canonical\" href=\"https:\/\/www.ocasionplus.com\/noticias\/abarth-75th-aniversario-presentacion-del-nuevo-abarth-600e\/\" \/>\n<meta property=\"og:locale\" content=\"es_ES\" \/>\n<meta property=\"og:type\" content=\"article\" \/>\n<meta property=\"og:title\" content=\"Abarth 75th aniversario: Presentaci\u00f3n del nuevo Abarth 600e\" \/>\n<meta property=\"og:description\" content=\"El nuevo Abarth 600e celebra el 75th aniversario de la marca italiana como una de las marcas deportivas pertenecientes al grupo Stellantis y que est\u00e1 realizando la transici\u00f3n hacia modelos el\u00e9ctricos. De esta manera, el Abarth 600e se convierte en el modelo m\u00e1s potente de la marca hasta la fecha, equipado con un motor el\u00e9ctrico...\" \/>\n<meta property=\"og:url\" content=\"https:\/\/www.ocasionplus.com\/noticias\/abarth-75th-aniversario-presentacion-del-nuevo-abarth-600e\/\" \/>\n<meta property=\"og:site_name\" content=\"OcasionPlus Blog\" \/>\n<meta property=\"article:publisher\" content=\"https:\/\/www.facebook.com\/ocasionplus\" \/>\n<meta property=\"article:published_time\" content=\"2024-04-01T11:53:09+00:00\" \/>\n<meta property=\"article:modified_time\" content=\"2025-03-27T13:03:04+00:00\" \/>\n<meta property=\"og:image\" content=\"https:\/\/www.ocasionplus.com\/wp-content\/uploads\/2024\/04\/NewAbarth600e-1-scaled-1.jpg\" \/>\n\t<meta property=\"og:image:width\" content=\"2560\" \/>\n\t<meta property=\"og:image:height\" content=\"1707\" \/>\n\t<meta property=\"og:image:type\" content=\"image\/jpeg\" \/>\n<meta name=\"author\" content=\"OcasionPlus\" \/>\n<meta name=\"twitter:card\" content=\"summary_large_image\" \/>\n<meta name=\"twitter:creator\" content=\"@ocasionplus\" \/>\n<meta name=\"twitter:site\" content=\"@ocasionplus\" \/>\n<meta name=\"twitter:label1\" content=\"Escrito por\" \/>\n\t<meta name=\"twitter:data1\" content=\"OcasionPlus\" \/>\n\t<meta name=\"twitter:label2\" content=\"Tiempo de lectura\" \/>\n\t<meta name=\"twitter:data2\" content=\"2 minutos\" \/>\n<script type=\"application\/ld+json\" class=\"yoast-schema-graph\">{\"@context\":\"https:\/\/schema.org\",\"@graph\":[{\"@type\":\"Article\",\"@id\":\"https:\/\/www.ocasionplus.com\/noticias\/abarth-75th-aniversario-presentacion-del-nuevo-abarth-600e\/#article\",\"isPartOf\":{\"@id\":\"https:\/\/www.ocasionplus.com\/noticias\/abarth-75th-aniversario-presentacion-del-nuevo-abarth-600e\/\"},\"author\":{\"name\":\"OcasionPlus\",\"@id\":\"https:\/\/www.ocasionplus.com\/noticias\/#\/schema\/person\/7ab10ae859759ef2622b28e83ba868eb\"},\"headline\":\"Abarth 75th aniversario: Presentaci\u00f3n del nuevo Abarth 600e\",\"datePublished\":\"2024-04-01T11:53:09+00:00\",\"dateModified\":\"2025-03-27T13:03:04+00:00\",\"mainEntityOfPage\":{\"@id\":\"https:\/\/www.ocasionplus.com\/noticias\/abarth-75th-aniversario-presentacion-del-nuevo-abarth-600e\/\"},\"wordCount\":497,\"publisher\":{\"@id\":\"https:\/\/www.ocasionplus.com\/noticias\/#organization\"},\"image\":{\"@id\":\"https:\/\/www.ocasionplus.com\/noticias\/abarth-75th-aniversario-presentacion-del-nuevo-abarth-600e\/#primaryimage\"},\"thumbnailUrl\":\"https:\/\/www.ocasionplus.com\/wp-content\/uploads\/2024\/04\/NewAbarth600e-1-scaled-1.jpg\",\"articleSection\":[\"\u00daltimas Noticias\"],\"inLanguage\":\"es\",\"copyrightYear\":\"2024\",\"copyrightHolder\":{\"@id\":\"https:\/\/www.ocasionplus.com\/noticias\/#organization\"}},{\"@type\":\"WebPage\",\"@id\":\"https:\/\/www.ocasionplus.com\/noticias\/abarth-75th-aniversario-presentacion-del-nuevo-abarth-600e\/\",\"url\":\"https:\/\/www.ocasionplus.com\/noticias\/abarth-75th-aniversario-presentacion-del-nuevo-abarth-600e\/\",\"name\":\"Abarth 75th aniversario: Presentaci\u00f3n del nuevo Abarth 600e - OcasionPlus Blog\",\"isPartOf\":{\"@id\":\"https:\/\/www.ocasionplus.com\/noticias\/#website\"},\"primaryImageOfPage\":{\"@id\":\"https:\/\/www.ocasionplus.com\/noticias\/abarth-75th-aniversario-presentacion-del-nuevo-abarth-600e\/#primaryimage\"},\"image\":{\"@id\":\"https:\/\/www.ocasionplus.com\/noticias\/abarth-75th-aniversario-presentacion-del-nuevo-abarth-600e\/#primaryimage\"},\"thumbnailUrl\":\"https:\/\/www.ocasionplus.com\/wp-content\/uploads\/2024\/04\/NewAbarth600e-1-scaled-1.jpg\",\"datePublished\":\"2024-04-01T11:53:09+00:00\",\"dateModified\":\"2025-03-27T13:03:04+00:00\",\"breadcrumb\":{\"@id\":\"https:\/\/www.ocasionplus.com\/noticias\/abarth-75th-aniversario-presentacion-del-nuevo-abarth-600e\/#breadcrumb\"},\"inLanguage\":\"es\",\"potentialAction\":[{\"@type\":\"ReadAction\",\"target\":[\"https:\/\/www.ocasionplus.com\/noticias\/abarth-75th-aniversario-presentacion-del-nuevo-abarth-600e\/\"]}]},{\"@type\":\"ImageObject\",\"inLanguage\":\"es\",\"@id\":\"https:\/\/www.ocasionplus.com\/noticias\/abarth-75th-aniversario-presentacion-del-nuevo-abarth-600e\/#primaryimage\",\"url\":\"https:\/\/www.ocasionplus.com\/wp-content\/uploads\/2024\/04\/NewAbarth600e-1-scaled-1.jpg\",\"contentUrl\":\"https:\/\/www.ocasionplus.com\/wp-content\/uploads\/2024\/04\/NewAbarth600e-1-scaled-1.jpg\",\"width\":2560,\"height\":1707,\"caption\":\"Nuevo Abarth 600e celebra el 75 aniversario de la marca del escorpi\u00f3n\"},{\"@type\":\"BreadcrumbList\",\"@id\":\"https:\/\/www.ocasionplus.com\/noticias\/abarth-75th-aniversario-presentacion-del-nuevo-abarth-600e\/#breadcrumb\",\"itemListElement\":[{\"@type\":\"ListItem\",\"position\":1,\"name\":\"Portada\",\"item\":\"https:\/\/www.ocasionplus.com\/noticias\/\"},{\"@type\":\"ListItem\",\"position\":2,\"name\":\"Abarth 75th aniversario: Presentaci\u00f3n del nuevo Abarth 600e\"}]},{\"@type\":\"WebSite\",\"@id\":\"https:\/\/www.ocasionplus.com\/noticias\/#website\",\"url\":\"https:\/\/www.ocasionplus.com\/noticias\/\",\"name\":\"OcasionPlus Blog\",\"description\":\"Veh\u00edculos de ocasi\u00f3n\",\"publisher\":{\"@id\":\"https:\/\/www.ocasionplus.com\/noticias\/#organization\"},\"potentialAction\":[{\"@type\":\"SearchAction\",\"target\":{\"@type\":\"EntryPoint\",\"urlTemplate\":\"https:\/\/www.ocasionplus.com\/noticias\/?s={search_term_string}\"},\"query-input\":{\"@type\":\"PropertyValueSpecification\",\"valueRequired\":true,\"valueName\":\"search_term_string\"}}],\"inLanguage\":\"es\"},{\"@type\":\"Organization\",\"@id\":\"https:\/\/www.ocasionplus.com\/noticias\/#organization\",\"name\":\"OcasionPlus\",\"url\":\"https:\/\/www.ocasionplus.com\/noticias\/\",\"logo\":{\"@type\":\"ImageObject\",\"inLanguage\":\"es\",\"@id\":\"https:\/\/www.ocasionplus.com\/noticias\/#\/schema\/logo\/image\/\",\"url\":\"https:\/\/www.ocasionplus.com\/wp-content\/uploads\/2024\/05\/cropped-cropped-oplus-logo-blog.png\",\"contentUrl\":\"https:\/\/www.ocasionplus.com\/wp-content\/uploads\/2024\/05\/cropped-cropped-oplus-logo-blog.png\",\"width\":360,\"height\":71,\"caption\":\"OcasionPlus\"},\"image\":{\"@id\":\"https:\/\/www.ocasionplus.com\/noticias\/#\/schema\/logo\/image\/\"},\"sameAs\":[\"https:\/\/www.facebook.com\/ocasionplus\",\"https:\/\/x.com\/ocasionplus\",\"https:\/\/www.instagram.com\/ocasion_plus\",\"https:\/\/www.youtube.com\/channel\/UCBiCAto61Lyu27CgI95wrYQ\",\"https:\/\/www.tiktok.com\/@ocasionplus.com\",\"https:\/\/es.linkedin.com\/company\/ocasionplus\"]},{\"@type\":\"Person\",\"@id\":\"https:\/\/www.ocasionplus.com\/noticias\/#\/schema\/person\/7ab10ae859759ef2622b28e83ba868eb\",\"name\":\"OcasionPlus\",\"image\":{\"@type\":\"ImageObject\",\"inLanguage\":\"es\",\"@id\":\"https:\/\/www.ocasionplus.com\/noticias\/#\/schema\/person\/image\/\",\"url\":\"https:\/\/www.ocasionplus.com\/wp-content\/uploads\/2024\/07\/ocasionplus_avatar-96x96.jpg\",\"contentUrl\":\"https:\/\/www.ocasionplus.com\/wp-content\/uploads\/2024\/07\/ocasionplus_avatar-96x96.jpg\",\"caption\":\"OcasionPlus\"}}]}<\/script>\n<!-- \/ Yoast SEO Premium plugin. -->","yoast_head_json":{"title":"Abarth 75th aniversario: Presentaci\u00f3n del nuevo Abarth 600e - OcasionPlus Blog","robots":{"index":"index","follow":"follow","max-snippet":"max-snippet:-1","max-image-preview":"max-image-preview:large","max-video-preview":"max-video-preview:-1"},"canonical":"https:\/\/www.ocasionplus.com\/noticias\/abarth-75th-aniversario-presentacion-del-nuevo-abarth-600e\/","og_locale":"es_ES","og_type":"article","og_title":"Abarth 75th aniversario: Presentaci\u00f3n del nuevo Abarth 600e","og_description":"El nuevo Abarth 600e celebra el 75th aniversario de la marca italiana como una de las marcas deportivas pertenecientes al grupo Stellantis y que est\u00e1 realizando la transici\u00f3n hacia modelos el\u00e9ctricos. De esta manera, el Abarth 600e se convierte en el modelo m\u00e1s potente de la marca hasta la fecha, equipado con un motor el\u00e9ctrico...","og_url":"https:\/\/www.ocasionplus.com\/noticias\/abarth-75th-aniversario-presentacion-del-nuevo-abarth-600e\/","og_site_name":"OcasionPlus Blog","article_publisher":"https:\/\/www.facebook.com\/ocasionplus","article_published_time":"2024-04-01T11:53:09+00:00","article_modified_time":"2025-03-27T13:03:04+00:00","og_image":[{"width":2560,"height":1707,"url":"https:\/\/www.ocasionplus.com\/wp-content\/uploads\/2024\/04\/NewAbarth600e-1-scaled-1.jpg","type":"image\/jpeg"}],"author":"OcasionPlus","twitter_card":"summary_large_image","twitter_creator":"@ocasionplus","twitter_site":"@ocasionplus","twitter_misc":{"Escrito por":"OcasionPlus","Tiempo de lectura":"2 minutos"},"schema":{"@context":"https:\/\/schema.org","@graph":[{"@type":"Article","@id":"https:\/\/www.ocasionplus.com\/noticias\/abarth-75th-aniversario-presentacion-del-nuevo-abarth-600e\/#article","isPartOf":{"@id":"https:\/\/www.ocasionplus.com\/noticias\/abarth-75th-aniversario-presentacion-del-nuevo-abarth-600e\/"},"author":{"name":"OcasionPlus","@id":"https:\/\/www.ocasionplus.com\/noticias\/#\/schema\/person\/7ab10ae859759ef2622b28e83ba868eb"},"headline":"Abarth 75th aniversario: Presentaci\u00f3n del nuevo Abarth 600e","datePublished":"2024-04-01T11:53:09+00:00","dateModified":"2025-03-27T13:03:04+00:00","mainEntityOfPage":{"@id":"https:\/\/www.ocasionplus.com\/noticias\/abarth-75th-aniversario-presentacion-del-nuevo-abarth-600e\/"},"wordCount":497,"publisher":{"@id":"https:\/\/www.ocasionplus.com\/noticias\/#organization"},"image":{"@id":"https:\/\/www.ocasionplus.com\/noticias\/abarth-75th-aniversario-presentacion-del-nuevo-abarth-600e\/#primaryimage"},"thumbnailUrl":"https:\/\/www.ocasionplus.com\/wp-content\/uploads\/2024\/04\/NewAbarth600e-1-scaled-1.jpg","articleSection":["\u00daltimas Noticias"],"inLanguage":"es","copyrightYear":"2024","copyrightHolder":{"@id":"https:\/\/www.ocasionplus.com\/noticias\/#organization"}},{"@type":"WebPage","@id":"https:\/\/www.ocasionplus.com\/noticias\/abarth-75th-aniversario-presentacion-del-nuevo-abarth-600e\/","url":"https:\/\/www.ocasionplus.com\/noticias\/abarth-75th-aniversario-presentacion-del-nuevo-abarth-600e\/","name":"Abarth 75th aniversario: Presentaci\u00f3n del nuevo Abarth 600e - OcasionPlus Blog","isPartOf":{"@id":"https:\/\/www.ocasionplus.com\/noticias\/#website"},"primaryImageOfPage":{"@id":"https:\/\/www.ocasionplus.com\/noticias\/abarth-75th-aniversario-presentacion-del-nuevo-abarth-600e\/#primaryimage"},"image":{"@id":"https:\/\/www.ocasionplus.com\/noticias\/abarth-75th-aniversario-presentacion-del-nuevo-abarth-600e\/#primaryimage"},"thumbnailUrl":"https:\/\/www.ocasionplus.com\/wp-content\/uploads\/2024\/04\/NewAbarth600e-1-scaled-1.jpg","datePublished":"2024-04-01T11:53:09+00:00","dateModified":"2025-03-27T13:03:04+00:00","breadcrumb":{"@id":"https:\/\/www.ocasionplus.com\/noticias\/abarth-75th-aniversario-presentacion-del-nuevo-abarth-600e\/#breadcrumb"},"inLanguage":"es","potentialAction":[{"@type":"ReadAction","target":["https:\/\/www.ocasionplus.com\/noticias\/abarth-75th-aniversario-presentacion-del-nuevo-abarth-600e\/"]}]},{"@type":"ImageObject","inLanguage":"es","@id":"https:\/\/www.ocasionplus.com\/noticias\/abarth-75th-aniversario-presentacion-del-nuevo-abarth-600e\/#primaryimage","url":"https:\/\/www.ocasionplus.com\/wp-content\/uploads\/2024\/04\/NewAbarth600e-1-scaled-1.jpg","contentUrl":"https:\/\/www.ocasionplus.com\/wp-content\/uploads\/2024\/04\/NewAbarth600e-1-scaled-1.jpg","width":2560,"height":1707,"caption":"Nuevo Abarth 600e celebra el 75 aniversario de la marca del escorpi\u00f3n"},{"@type":"BreadcrumbList","@id":"https:\/\/www.ocasionplus.com\/noticias\/abarth-75th-aniversario-presentacion-del-nuevo-abarth-600e\/#breadcrumb","itemListElement":[{"@type":"ListItem","position":1,"name":"Portada","item":"https:\/\/www.ocasionplus.com\/noticias\/"},{"@type":"ListItem","position":2,"name":"Abarth 75th aniversario: Presentaci\u00f3n del nuevo Abarth 600e"}]},{"@type":"WebSite","@id":"https:\/\/www.ocasionplus.com\/noticias\/#website","url":"https:\/\/www.ocasionplus.com\/noticias\/","name":"OcasionPlus Blog","description":"Veh\u00edculos de ocasi\u00f3n","publisher":{"@id":"https:\/\/www.ocasionplus.com\/noticias\/#organization"},"potentialAction":[{"@type":"SearchAction","target":{"@type":"EntryPoint","urlTemplate":"https:\/\/www.ocasionplus.com\/noticias\/?s={search_term_string}"},"query-input":{"@type":"PropertyValueSpecification","valueRequired":true,"valueName":"search_term_string"}}],"inLanguage":"es"},{"@type":"Organization","@id":"https:\/\/www.ocasionplus.com\/noticias\/#organization","name":"OcasionPlus","url":"https:\/\/www.ocasionplus.com\/noticias\/","logo":{"@type":"ImageObject","inLanguage":"es","@id":"https:\/\/www.ocasionplus.com\/noticias\/#\/schema\/logo\/image\/","url":"https:\/\/www.ocasionplus.com\/wp-content\/uploads\/2024\/05\/cropped-cropped-oplus-logo-blog.png","contentUrl":"https:\/\/www.ocasionplus.com\/wp-content\/uploads\/2024\/05\/cropped-cropped-oplus-logo-blog.png","width":360,"height":71,"caption":"OcasionPlus"},"image":{"@id":"https:\/\/www.ocasionplus.com\/noticias\/#\/schema\/logo\/image\/"},"sameAs":["https:\/\/www.facebook.com\/ocasionplus","https:\/\/x.com\/ocasionplus","https:\/\/www.instagram.com\/ocasion_plus","https:\/\/www.youtube.com\/channel\/UCBiCAto61Lyu27CgI95wrYQ","https:\/\/www.tiktok.com\/@ocasionplus.com","https:\/\/es.linkedin.com\/company\/ocasionplus"]},{"@type":"Person","@id":"https:\/\/www.ocasionplus.com\/noticias\/#\/schema\/person\/7ab10ae859759ef2622b28e83ba868eb","name":"OcasionPlus","image":{"@type":"ImageObject","inLanguage":"es","@id":"https:\/\/www.ocasionplus.com\/noticias\/#\/schema\/person\/image\/","url":"https:\/\/www.ocasionplus.com\/wp-content\/uploads\/2024\/07\/ocasionplus_avatar-96x96.jpg","contentUrl":"https:\/\/www.ocasionplus.com\/wp-content\/uploads\/2024\/07\/ocasionplus_avatar-96x96.jpg","caption":"OcasionPlus"}}]}},"jetpack_featured_media_url":"https:\/\/www.ocasionplus.com\/wp-content\/uploads\/2024\/04\/NewAbarth600e-1-scaled-1.jpg","_links":{"self":[{"href":"https:\/\/www.ocasionplus.com\/noticias\/wp-json\/wp\/v2\/posts\/10559","targetHints":{"allow":["GET"]}}],"collection":[{"href":"https:\/\/www.ocasionplus.com\/noticias\/wp-json\/wp\/v2\/posts"}],"about":[{"href":"https:\/\/www.ocasionplus.com\/noticias\/wp-json\/wp\/v2\/types\/post"}],"author":[{"embeddable":true,"href":"https:\/\/www.ocasionplus.com\/noticias\/wp-json\/wp\/v2\/users\/2"}],"replies":[{"embeddable":true,"href":"https:\/\/www.ocasionplus.com\/noticias\/wp-json\/wp\/v2\/comments?post=10559"}],"version-history":[{"count":1,"href":"https:\/\/www.ocasionplus.com\/noticias\/wp-json\/wp\/v2\/posts\/10559\/revisions"}],"predecessor-version":[{"id":13086,"href":"https:\/\/www.ocasionplus.com\/noticias\/wp-json\/wp\/v2\/posts\/10559\/revisions\/13086"}],"wp:featuredmedia":[{"embeddable":true,"href":"https:\/\/www.ocasionplus.com\/noticias\/wp-json\/wp\/v2\/media\/10562"}],"wp:attachment":[{"href":"https:\/\/www.ocasionplus.com\/noticias\/wp-json\/wp\/v2\/media?parent=10559"}],"wp:term":[{"taxonomy":"category","embeddable":true,"href":"https:\/\/www.ocasionplus.com\/noticias\/wp-json\/wp\/v2\/categories?post=10559"},{"taxonomy":"post_tag","embeddable":true,"href":"https:\/\/www.ocasionplus.com\/noticias\/wp-json\/wp\/v2\/tags?post=10559"}],"curies":[{"name":"wp","href":"https:\/\/api.w.org\/{rel}","templated":true}]}}