{"id":10618,"date":"2024-04-04T11:48:19","date_gmt":"2024-04-04T09:48:19","guid":{"rendered":"https:\/\/blog.ocasionplus.com\/?p=10618"},"modified":"2025-03-27T14:02:57","modified_gmt":"2025-03-27T13:02:57","slug":"llega-el-nuevo-renault-captur-un-suv-compacto-con-aire-de-grandeza","status":"publish","type":"post","link":"https:\/\/www.ocasionplus.com\/noticias\/llega-el-nuevo-renault-captur-un-suv-compacto-con-aire-de-grandeza\/","title":{"rendered":"Llega el nuevo Renault Captur: Un SUV compacto con aire de grandeza"},"content":{"rendered":"\n<p>Presentado el nuevo <strong>Renault Captur<\/strong> con un renovado aspecto que contin\u00faa con la nueva l\u00ednea de <a href=\"https:\/\/www.ocasionplus.com\/coches-ocasion\/renault\"><strong><mark style=\"background-color:rgba(0, 0, 0, 0)\" class=\"has-inline-color has-vivid-cyan-blue-color\">Renault<\/mark><\/strong><\/a><strong> <\/strong>presentada por<strong> Giles de Vidal,<\/strong> Director de Dise\u00f1o con el <a href=\"https:\/\/www.ocasionplus.com\/coches-ocasion\/renault\/clio\"><strong><mark style=\"background-color:rgba(0, 0, 0, 0)\" class=\"has-inline-color has-vivid-cyan-blue-color\">Nuevo Renault Clio<\/mark><\/strong><\/a>. La tercera generaci\u00f3n del <strong>Renault Captur<\/strong> se posiciona como uno de los referentes del mercado de S<strong>UV compactos urbanos<\/strong>, que ya representan el <strong>30% de las ventas totales <\/strong>y quiere continuar este liderato gracias al nuevo dise\u00f1o exterior radical y un habit\u00e1culo interior de alto nivel con nuevos equipamientos tecnol\u00f3gicos que se pondr\u00e1n al d\u00eda en seguridad y comodidad.<\/p>\n\n\n\n<p>Adem\u00e1s, el <strong>Renault Captur<\/strong> contar\u00e1 con su versi\u00f3n m\u00e1s deportiva y alto rendimiento bajo la denominaci\u00f3n <strong>Espirit Alpine<\/strong> con nuevas tapicer\u00edas y nuevas pantallas en el salpicadero, con un sistema multimedia <strong>OpenR Ling con Google integrado<\/strong>, tecnolog\u00eda a bordo con <strong>Android Automotive 12<\/strong>, siendo el <strong>Renault Captur <\/strong>el primero del segmento B en equipar esta tecnolog\u00eda. Este nuevo sistema tecnol\u00f3gico equipa nuevas ayudas a la conducci\u00f3n que incluyen la <strong>conducci\u00f3n h\u00edbrida predictiva<\/strong> o el sistema <strong>Active Driver Assist<\/strong> que incluye el regulador de velocidad adaptativo, sistema de mantenimiento de carril y sistema <strong>Stop &amp; Go.<\/strong><\/p>\n\n\n\n<figure class=\"wp-block-image size-large\"><img loading=\"lazy\" decoding=\"async\" width=\"1024\" height=\"681\" src=\"http:\/\/127.0.0.1\/wp-content\/uploads\/2024\/04\/R-DAM_1549856-1024x681.jpg\" alt=\"Interior del nuevo Renault Captur\" class=\"wp-image-10623\" srcset=\"https:\/\/www.ocasionplus.com\/wp-content\/uploads\/2024\/04\/R-DAM_1549856-1024x681.jpg 1024w, https:\/\/www.ocasionplus.com\/wp-content\/uploads\/2024\/04\/R-DAM_1549856-300x200.jpg 300w, https:\/\/www.ocasionplus.com\/wp-content\/uploads\/2024\/04\/R-DAM_1549856-768x511.jpg 768w, https:\/\/www.ocasionplus.com\/wp-content\/uploads\/2024\/04\/R-DAM_1549856-1536x1022.jpg 1536w, https:\/\/www.ocasionplus.com\/wp-content\/uploads\/2024\/04\/R-DAM_1549856-266x177.jpg 266w, https:\/\/www.ocasionplus.com\/wp-content\/uploads\/2024\/04\/R-DAM_1549856-255x170.jpg 255w, https:\/\/www.ocasionplus.com\/wp-content\/uploads\/2024\/04\/R-DAM_1549856-398x265.jpg 398w, https:\/\/www.ocasionplus.com\/wp-content\/uploads\/2024\/04\/R-DAM_1549856-600x399.jpg 600w, https:\/\/www.ocasionplus.com\/wp-content\/uploads\/2024\/04\/R-DAM_1549856.jpg 2000w\" sizes=\"auto, (max-width: 1024px) 100vw, 1024px\" \/><figcaption class=\"wp-element-caption\">Interior del nuevo Renault Captur<\/figcaption><\/figure>\n\n\n\n<p>El nuevo<strong> <\/strong>SUV de Renault se comercializar\u00e1 en Espa\u00f1a con 5 motorizaciones, entre ellas destaca la tecnolog\u00eda<strong> E-Tech Full Hydrid de 145 caballos de potencia<\/strong>, con la mejor relaci\u00f3n potencia y consumo de combustible del mercado.<\/p>\n\n\n\n<p>Asimismo, el nuevo<strong> Renault Captur<\/strong> ha sido revisado en la puesta a punto del chasis y calibrado de la direcci\u00f3n asistida para ofrecer una clara mejora en la conducci\u00f3n y el comportamiento din\u00e1mico. Adem\u00e1s, dependiendo del nivel de acabado y equipamiento, podr\u00e1s tener equipado el nuevo <strong>sistema extended grip<\/strong> que optimiza la tracci\u00f3n de los neum\u00e1ticos en todo tipo de condiciones en carretera.<\/p>\n\n\n\n<figure class=\"wp-block-image size-large\"><img loading=\"lazy\" decoding=\"async\" width=\"1024\" height=\"682\" src=\"http:\/\/127.0.0.1\/wp-content\/uploads\/2024\/04\/R-DAM_1549745-1024x682.jpg\" alt=\"Vista exterior del nuevo Renault Captur\" class=\"wp-image-10622\" srcset=\"https:\/\/www.ocasionplus.com\/wp-content\/uploads\/2024\/04\/R-DAM_1549745-1024x682.jpg 1024w, https:\/\/www.ocasionplus.com\/wp-content\/uploads\/2024\/04\/R-DAM_1549745-300x200.jpg 300w, https:\/\/www.ocasionplus.com\/wp-content\/uploads\/2024\/04\/R-DAM_1549745-768x512.jpg 768w, https:\/\/www.ocasionplus.com\/wp-content\/uploads\/2024\/04\/R-DAM_1549745-1536x1024.jpg 1536w, https:\/\/www.ocasionplus.com\/wp-content\/uploads\/2024\/04\/R-DAM_1549745-398x265.jpg 398w, https:\/\/www.ocasionplus.com\/wp-content\/uploads\/2024\/04\/R-DAM_1549745-600x400.jpg 600w, https:\/\/www.ocasionplus.com\/wp-content\/uploads\/2024\/04\/R-DAM_1549745-266x177.jpg 266w, https:\/\/www.ocasionplus.com\/wp-content\/uploads\/2024\/04\/R-DAM_1549745-255x170.jpg 255w, https:\/\/www.ocasionplus.com\/wp-content\/uploads\/2024\/04\/R-DAM_1549745.jpg 2000w\" sizes=\"auto, (max-width: 1024px) 100vw, 1024px\" \/><figcaption class=\"wp-element-caption\">Vista exterior del nuevo Renault Captur<\/figcaption><\/figure>\n\n\n\n<p>Adem\u00e1s, la industria espa\u00f1ola est\u00e1 de enhorabuena, ya que el nuevo <strong>Renault Captur <\/strong>seguir\u00e1 su producci\u00f3n en la <strong>f\u00e1brica de Valladolid<\/strong>. La planta ya se encuentra en proceso de preparaci\u00f3n para recibir el nuevo modelo de <strong>Renault<\/strong>. Adem\u00e1s, <strong>Valladolid <\/strong>ya cuenta con la experiencia de haber fabricado m\u00e1s de <strong>8 millones de veh\u00edculos desde el a\u00f1o 1953<\/strong> y <strong>2,2 millones de<\/strong>l modelo<strong> <\/strong>desde la primera generaci\u00f3n presentada el a\u00f1o 2013.<\/p>\n\n\n\n<p>El nuevo Renault Captur saldr\u00e1 a la venta en Europa en las pr\u00f3ximas semanas de abril, pero en OcasionPlus vas a tener a tu disposici\u00f3n todos los modelos del <a href=\"https:\/\/www.ocasionplus.com\/coches-ocasion\/renault\/captur\"><strong><mark style=\"background-color:rgba(0, 0, 0, 0)\" class=\"has-inline-color has-vivid-cyan-blue-color\">Renault Captur de segunda mano<\/mark><\/strong><\/a> de forma inmediata, desde la primera generaci\u00f3n con unos precios m\u00e1s econ\u00f3micos, hasta la segunda generaci\u00f3n equipada con innovaciones tecnol\u00f3gicas de \u00faltima generaci\u00f3n.<\/p>\n\n\n\n<p>Renault se encuentra en plena expansi\u00f3n tras anunciar <strong><a href=\"https:\/\/blog.ocasionplus.com\/renault-y-volvo-fabricaran-furgonetas-industriales-en-2026\/\"><mark style=\"background-color:rgba(0, 0, 0, 0)\" class=\"has-inline-color has-vivid-cyan-blue-color\">su \u00faltima colaboraci\u00f3n con Volvo<\/mark><\/a> <\/strong>en la creaci\u00f3n de una Joint Venture para desarrollar nuevos modelos de furgonetas industriales 100% el\u00e9ctricas.<\/p>\n","protected":false},"excerpt":{"rendered":"<p>Presentado el nuevo Renault Captur con un renovado aspecto que contin\u00faa con la nueva l\u00ednea de Renault presentada por Giles de Vidal, Director de Dise\u00f1o con el Nuevo Renault Clio. La tercera generaci\u00f3n del Renault Captur se posiciona como uno de los referentes del mercado de SUV compactos urbanos, que ya representan el 30% de&#8230;<\/p>\n","protected":false},"author":2,"featured_media":10624,"comment_status":"closed","ping_status":"closed","sticky":false,"template":"","format":"standard","meta":{"footnotes":""},"categories":[2],"tags":[375],"class_list":["post-10618","post","type-post","status-publish","format-standard","has-post-thumbnail","hentry","category-ultimas-noticias","tag-renault"],"yoast_head":"<!-- This site is optimized with the Yoast SEO Premium plugin v24.8 (Yoast SEO v24.8.1) - https:\/\/yoast.com\/wordpress\/plugins\/seo\/ -->\n<title>Llega el nuevo Renault Captur: Un SUV compacto con aire de grandeza - OcasionPlus Blog<\/title>\n<meta name=\"robots\" content=\"index, follow, max-snippet:-1, max-image-preview:large, max-video-preview:-1\" \/>\n<link rel=\"canonical\" href=\"https:\/\/www.ocasionplus.com\/noticias\/llega-el-nuevo-renault-captur-un-suv-compacto-con-aire-de-grandeza\/\" \/>\n<meta property=\"og:locale\" content=\"es_ES\" \/>\n<meta property=\"og:type\" content=\"article\" \/>\n<meta property=\"og:title\" content=\"Llega el nuevo Renault Captur: Un SUV compacto con aire de grandeza\" \/>\n<meta property=\"og:description\" content=\"Presentado el nuevo Renault Captur con un renovado aspecto que contin\u00faa con la nueva l\u00ednea de Renault presentada por Giles de Vidal, Director de Dise\u00f1o con el Nuevo Renault Clio. La tercera generaci\u00f3n del Renault Captur se posiciona como uno de los referentes del mercado de SUV compactos urbanos, que ya representan el 30% de...\" \/>\n<meta property=\"og:url\" content=\"https:\/\/www.ocasionplus.com\/noticias\/llega-el-nuevo-renault-captur-un-suv-compacto-con-aire-de-grandeza\/\" \/>\n<meta property=\"og:site_name\" content=\"OcasionPlus Blog\" \/>\n<meta property=\"article:publisher\" content=\"https:\/\/www.facebook.com\/ocasionplus\" \/>\n<meta property=\"article:published_time\" content=\"2024-04-04T09:48:19+00:00\" \/>\n<meta property=\"article:modified_time\" content=\"2025-03-27T13:02:57+00:00\" \/>\n<meta property=\"og:image\" content=\"https:\/\/www.ocasionplus.com\/wp-content\/uploads\/2024\/04\/R-DAM_1555451.jpg\" \/>\n\t<meta property=\"og:image:width\" content=\"2000\" \/>\n\t<meta property=\"og:image:height\" content=\"1130\" \/>\n\t<meta property=\"og:image:type\" content=\"image\/jpeg\" \/>\n<meta name=\"author\" content=\"OcasionPlus\" \/>\n<meta name=\"twitter:card\" content=\"summary_large_image\" \/>\n<meta name=\"twitter:creator\" content=\"@ocasionplus\" \/>\n<meta name=\"twitter:site\" content=\"@ocasionplus\" \/>\n<meta name=\"twitter:label1\" content=\"Escrito por\" \/>\n\t<meta name=\"twitter:data1\" content=\"OcasionPlus\" \/>\n\t<meta name=\"twitter:label2\" content=\"Tiempo de lectura\" \/>\n\t<meta name=\"twitter:data2\" content=\"2 minutos\" \/>\n<script type=\"application\/ld+json\" class=\"yoast-schema-graph\">{\"@context\":\"https:\/\/schema.org\",\"@graph\":[{\"@type\":\"Article\",\"@id\":\"https:\/\/www.ocasionplus.com\/noticias\/llega-el-nuevo-renault-captur-un-suv-compacto-con-aire-de-grandeza\/#article\",\"isPartOf\":{\"@id\":\"https:\/\/www.ocasionplus.com\/noticias\/llega-el-nuevo-renault-captur-un-suv-compacto-con-aire-de-grandeza\/\"},\"author\":{\"name\":\"OcasionPlus\",\"@id\":\"https:\/\/www.ocasionplus.com\/noticias\/#\/schema\/person\/7ab10ae859759ef2622b28e83ba868eb\"},\"headline\":\"Llega el nuevo Renault Captur: Un SUV compacto con aire de grandeza\",\"datePublished\":\"2024-04-04T09:48:19+00:00\",\"dateModified\":\"2025-03-27T13:02:57+00:00\",\"mainEntityOfPage\":{\"@id\":\"https:\/\/www.ocasionplus.com\/noticias\/llega-el-nuevo-renault-captur-un-suv-compacto-con-aire-de-grandeza\/\"},\"wordCount\":506,\"publisher\":{\"@id\":\"https:\/\/www.ocasionplus.com\/noticias\/#organization\"},\"image\":{\"@id\":\"https:\/\/www.ocasionplus.com\/noticias\/llega-el-nuevo-renault-captur-un-suv-compacto-con-aire-de-grandeza\/#primaryimage\"},\"thumbnailUrl\":\"https:\/\/www.ocasionplus.com\/wp-content\/uploads\/2024\/04\/R-DAM_1555451.jpg\",\"keywords\":[\"renault\"],\"articleSection\":[\"\u00daltimas Noticias\"],\"inLanguage\":\"es\",\"copyrightYear\":\"2024\",\"copyrightHolder\":{\"@id\":\"https:\/\/www.ocasionplus.com\/noticias\/#organization\"}},{\"@type\":\"WebPage\",\"@id\":\"https:\/\/www.ocasionplus.com\/noticias\/llega-el-nuevo-renault-captur-un-suv-compacto-con-aire-de-grandeza\/\",\"url\":\"https:\/\/www.ocasionplus.com\/noticias\/llega-el-nuevo-renault-captur-un-suv-compacto-con-aire-de-grandeza\/\",\"name\":\"Llega el nuevo Renault Captur: Un SUV compacto con aire de grandeza - OcasionPlus Blog\",\"isPartOf\":{\"@id\":\"https:\/\/www.ocasionplus.com\/noticias\/#website\"},\"primaryImageOfPage\":{\"@id\":\"https:\/\/www.ocasionplus.com\/noticias\/llega-el-nuevo-renault-captur-un-suv-compacto-con-aire-de-grandeza\/#primaryimage\"},\"image\":{\"@id\":\"https:\/\/www.ocasionplus.com\/noticias\/llega-el-nuevo-renault-captur-un-suv-compacto-con-aire-de-grandeza\/#primaryimage\"},\"thumbnailUrl\":\"https:\/\/www.ocasionplus.com\/wp-content\/uploads\/2024\/04\/R-DAM_1555451.jpg\",\"datePublished\":\"2024-04-04T09:48:19+00:00\",\"dateModified\":\"2025-03-27T13:02:57+00:00\",\"breadcrumb\":{\"@id\":\"https:\/\/www.ocasionplus.com\/noticias\/llega-el-nuevo-renault-captur-un-suv-compacto-con-aire-de-grandeza\/#breadcrumb\"},\"inLanguage\":\"es\",\"potentialAction\":[{\"@type\":\"ReadAction\",\"target\":[\"https:\/\/www.ocasionplus.com\/noticias\/llega-el-nuevo-renault-captur-un-suv-compacto-con-aire-de-grandeza\/\"]}]},{\"@type\":\"ImageObject\",\"inLanguage\":\"es\",\"@id\":\"https:\/\/www.ocasionplus.com\/noticias\/llega-el-nuevo-renault-captur-un-suv-compacto-con-aire-de-grandeza\/#primaryimage\",\"url\":\"https:\/\/www.ocasionplus.com\/wp-content\/uploads\/2024\/04\/R-DAM_1555451.jpg\",\"contentUrl\":\"https:\/\/www.ocasionplus.com\/wp-content\/uploads\/2024\/04\/R-DAM_1555451.jpg\",\"width\":2000,\"height\":1130,\"caption\":\"Presentaci\u00f3n del nuevo Renault Captur\"},{\"@type\":\"BreadcrumbList\",\"@id\":\"https:\/\/www.ocasionplus.com\/noticias\/llega-el-nuevo-renault-captur-un-suv-compacto-con-aire-de-grandeza\/#breadcrumb\",\"itemListElement\":[{\"@type\":\"ListItem\",\"position\":1,\"name\":\"Portada\",\"item\":\"https:\/\/www.ocasionplus.com\/noticias\/\"},{\"@type\":\"ListItem\",\"position\":2,\"name\":\"Llega el nuevo Renault Captur: Un SUV compacto con aire de grandeza\"}]},{\"@type\":\"WebSite\",\"@id\":\"https:\/\/www.ocasionplus.com\/noticias\/#website\",\"url\":\"https:\/\/www.ocasionplus.com\/noticias\/\",\"name\":\"OcasionPlus Blog\",\"description\":\"Veh\u00edculos de ocasi\u00f3n\",\"publisher\":{\"@id\":\"https:\/\/www.ocasionplus.com\/noticias\/#organization\"},\"potentialAction\":[{\"@type\":\"SearchAction\",\"target\":{\"@type\":\"EntryPoint\",\"urlTemplate\":\"https:\/\/www.ocasionplus.com\/noticias\/?s={search_term_string}\"},\"query-input\":{\"@type\":\"PropertyValueSpecification\",\"valueRequired\":true,\"valueName\":\"search_term_string\"}}],\"inLanguage\":\"es\"},{\"@type\":\"Organization\",\"@id\":\"https:\/\/www.ocasionplus.com\/noticias\/#organization\",\"name\":\"OcasionPlus\",\"url\":\"https:\/\/www.ocasionplus.com\/noticias\/\",\"logo\":{\"@type\":\"ImageObject\",\"inLanguage\":\"es\",\"@id\":\"https:\/\/www.ocasionplus.com\/noticias\/#\/schema\/logo\/image\/\",\"url\":\"https:\/\/www.ocasionplus.com\/wp-content\/uploads\/2024\/05\/cropped-cropped-oplus-logo-blog.png\",\"contentUrl\":\"https:\/\/www.ocasionplus.com\/wp-content\/uploads\/2024\/05\/cropped-cropped-oplus-logo-blog.png\",\"width\":360,\"height\":71,\"caption\":\"OcasionPlus\"},\"image\":{\"@id\":\"https:\/\/www.ocasionplus.com\/noticias\/#\/schema\/logo\/image\/\"},\"sameAs\":[\"https:\/\/www.facebook.com\/ocasionplus\",\"https:\/\/x.com\/ocasionplus\",\"https:\/\/www.instagram.com\/ocasion_plus\",\"https:\/\/www.youtube.com\/channel\/UCBiCAto61Lyu27CgI95wrYQ\",\"https:\/\/www.tiktok.com\/@ocasionplus.com\",\"https:\/\/es.linkedin.com\/company\/ocasionplus\"]},{\"@type\":\"Person\",\"@id\":\"https:\/\/www.ocasionplus.com\/noticias\/#\/schema\/person\/7ab10ae859759ef2622b28e83ba868eb\",\"name\":\"OcasionPlus\",\"image\":{\"@type\":\"ImageObject\",\"inLanguage\":\"es\",\"@id\":\"https:\/\/www.ocasionplus.com\/noticias\/#\/schema\/person\/image\/\",\"url\":\"https:\/\/www.ocasionplus.com\/wp-content\/uploads\/2024\/07\/ocasionplus_avatar-96x96.jpg\",\"contentUrl\":\"https:\/\/www.ocasionplus.com\/wp-content\/uploads\/2024\/07\/ocasionplus_avatar-96x96.jpg\",\"caption\":\"OcasionPlus\"}}]}<\/script>\n<!-- \/ Yoast SEO Premium plugin. -->","yoast_head_json":{"title":"Llega el nuevo Renault Captur: Un SUV compacto con aire de grandeza - OcasionPlus Blog","robots":{"index":"index","follow":"follow","max-snippet":"max-snippet:-1","max-image-preview":"max-image-preview:large","max-video-preview":"max-video-preview:-1"},"canonical":"https:\/\/www.ocasionplus.com\/noticias\/llega-el-nuevo-renault-captur-un-suv-compacto-con-aire-de-grandeza\/","og_locale":"es_ES","og_type":"article","og_title":"Llega el nuevo Renault Captur: Un SUV compacto con aire de grandeza","og_description":"Presentado el nuevo Renault Captur con un renovado aspecto que contin\u00faa con la nueva l\u00ednea de Renault presentada por Giles de Vidal, Director de Dise\u00f1o con el Nuevo Renault Clio. La tercera generaci\u00f3n del Renault Captur se posiciona como uno de los referentes del mercado de SUV compactos urbanos, que ya representan el 30% de...","og_url":"https:\/\/www.ocasionplus.com\/noticias\/llega-el-nuevo-renault-captur-un-suv-compacto-con-aire-de-grandeza\/","og_site_name":"OcasionPlus Blog","article_publisher":"https:\/\/www.facebook.com\/ocasionplus","article_published_time":"2024-04-04T09:48:19+00:00","article_modified_time":"2025-03-27T13:02:57+00:00","og_image":[{"width":2000,"height":1130,"url":"https:\/\/www.ocasionplus.com\/wp-content\/uploads\/2024\/04\/R-DAM_1555451.jpg","type":"image\/jpeg"}],"author":"OcasionPlus","twitter_card":"summary_large_image","twitter_creator":"@ocasionplus","twitter_site":"@ocasionplus","twitter_misc":{"Escrito por":"OcasionPlus","Tiempo de lectura":"2 minutos"},"schema":{"@context":"https:\/\/schema.org","@graph":[{"@type":"Article","@id":"https:\/\/www.ocasionplus.com\/noticias\/llega-el-nuevo-renault-captur-un-suv-compacto-con-aire-de-grandeza\/#article","isPartOf":{"@id":"https:\/\/www.ocasionplus.com\/noticias\/llega-el-nuevo-renault-captur-un-suv-compacto-con-aire-de-grandeza\/"},"author":{"name":"OcasionPlus","@id":"https:\/\/www.ocasionplus.com\/noticias\/#\/schema\/person\/7ab10ae859759ef2622b28e83ba868eb"},"headline":"Llega el nuevo Renault Captur: Un SUV compacto con aire de grandeza","datePublished":"2024-04-04T09:48:19+00:00","dateModified":"2025-03-27T13:02:57+00:00","mainEntityOfPage":{"@id":"https:\/\/www.ocasionplus.com\/noticias\/llega-el-nuevo-renault-captur-un-suv-compacto-con-aire-de-grandeza\/"},"wordCount":506,"publisher":{"@id":"https:\/\/www.ocasionplus.com\/noticias\/#organization"},"image":{"@id":"https:\/\/www.ocasionplus.com\/noticias\/llega-el-nuevo-renault-captur-un-suv-compacto-con-aire-de-grandeza\/#primaryimage"},"thumbnailUrl":"https:\/\/www.ocasionplus.com\/wp-content\/uploads\/2024\/04\/R-DAM_1555451.jpg","keywords":["renault"],"articleSection":["\u00daltimas Noticias"],"inLanguage":"es","copyrightYear":"2024","copyrightHolder":{"@id":"https:\/\/www.ocasionplus.com\/noticias\/#organization"}},{"@type":"WebPage","@id":"https:\/\/www.ocasionplus.com\/noticias\/llega-el-nuevo-renault-captur-un-suv-compacto-con-aire-de-grandeza\/","url":"https:\/\/www.ocasionplus.com\/noticias\/llega-el-nuevo-renault-captur-un-suv-compacto-con-aire-de-grandeza\/","name":"Llega el nuevo Renault Captur: Un SUV compacto con aire de grandeza - OcasionPlus Blog","isPartOf":{"@id":"https:\/\/www.ocasionplus.com\/noticias\/#website"},"primaryImageOfPage":{"@id":"https:\/\/www.ocasionplus.com\/noticias\/llega-el-nuevo-renault-captur-un-suv-compacto-con-aire-de-grandeza\/#primaryimage"},"image":{"@id":"https:\/\/www.ocasionplus.com\/noticias\/llega-el-nuevo-renault-captur-un-suv-compacto-con-aire-de-grandeza\/#primaryimage"},"thumbnailUrl":"https:\/\/www.ocasionplus.com\/wp-content\/uploads\/2024\/04\/R-DAM_1555451.jpg","datePublished":"2024-04-04T09:48:19+00:00","dateModified":"2025-03-27T13:02:57+00:00","breadcrumb":{"@id":"https:\/\/www.ocasionplus.com\/noticias\/llega-el-nuevo-renault-captur-un-suv-compacto-con-aire-de-grandeza\/#breadcrumb"},"inLanguage":"es","potentialAction":[{"@type":"ReadAction","target":["https:\/\/www.ocasionplus.com\/noticias\/llega-el-nuevo-renault-captur-un-suv-compacto-con-aire-de-grandeza\/"]}]},{"@type":"ImageObject","inLanguage":"es","@id":"https:\/\/www.ocasionplus.com\/noticias\/llega-el-nuevo-renault-captur-un-suv-compacto-con-aire-de-grandeza\/#primaryimage","url":"https:\/\/www.ocasionplus.com\/wp-content\/uploads\/2024\/04\/R-DAM_1555451.jpg","contentUrl":"https:\/\/www.ocasionplus.com\/wp-content\/uploads\/2024\/04\/R-DAM_1555451.jpg","width":2000,"height":1130,"caption":"Presentaci\u00f3n del nuevo Renault Captur"},{"@type":"BreadcrumbList","@id":"https:\/\/www.ocasionplus.com\/noticias\/llega-el-nuevo-renault-captur-un-suv-compacto-con-aire-de-grandeza\/#breadcrumb","itemListElement":[{"@type":"ListItem","position":1,"name":"Portada","item":"https:\/\/www.ocasionplus.com\/noticias\/"},{"@type":"ListItem","position":2,"name":"Llega el nuevo Renault Captur: Un SUV compacto con aire de grandeza"}]},{"@type":"WebSite","@id":"https:\/\/www.ocasionplus.com\/noticias\/#website","url":"https:\/\/www.ocasionplus.com\/noticias\/","name":"OcasionPlus Blog","description":"Veh\u00edculos de ocasi\u00f3n","publisher":{"@id":"https:\/\/www.ocasionplus.com\/noticias\/#organization"},"potentialAction":[{"@type":"SearchAction","target":{"@type":"EntryPoint","urlTemplate":"https:\/\/www.ocasionplus.com\/noticias\/?s={search_term_string}"},"query-input":{"@type":"PropertyValueSpecification","valueRequired":true,"valueName":"search_term_string"}}],"inLanguage":"es"},{"@type":"Organization","@id":"https:\/\/www.ocasionplus.com\/noticias\/#organization","name":"OcasionPlus","url":"https:\/\/www.ocasionplus.com\/noticias\/","logo":{"@type":"ImageObject","inLanguage":"es","@id":"https:\/\/www.ocasionplus.com\/noticias\/#\/schema\/logo\/image\/","url":"https:\/\/www.ocasionplus.com\/wp-content\/uploads\/2024\/05\/cropped-cropped-oplus-logo-blog.png","contentUrl":"https:\/\/www.ocasionplus.com\/wp-content\/uploads\/2024\/05\/cropped-cropped-oplus-logo-blog.png","width":360,"height":71,"caption":"OcasionPlus"},"image":{"@id":"https:\/\/www.ocasionplus.com\/noticias\/#\/schema\/logo\/image\/"},"sameAs":["https:\/\/www.facebook.com\/ocasionplus","https:\/\/x.com\/ocasionplus","https:\/\/www.instagram.com\/ocasion_plus","https:\/\/www.youtube.com\/channel\/UCBiCAto61Lyu27CgI95wrYQ","https:\/\/www.tiktok.com\/@ocasionplus.com","https:\/\/es.linkedin.com\/company\/ocasionplus"]},{"@type":"Person","@id":"https:\/\/www.ocasionplus.com\/noticias\/#\/schema\/person\/7ab10ae859759ef2622b28e83ba868eb","name":"OcasionPlus","image":{"@type":"ImageObject","inLanguage":"es","@id":"https:\/\/www.ocasionplus.com\/noticias\/#\/schema\/person\/image\/","url":"https:\/\/www.ocasionplus.com\/wp-content\/uploads\/2024\/07\/ocasionplus_avatar-96x96.jpg","contentUrl":"https:\/\/www.ocasionplus.com\/wp-content\/uploads\/2024\/07\/ocasionplus_avatar-96x96.jpg","caption":"OcasionPlus"}}]}},"jetpack_featured_media_url":"https:\/\/www.ocasionplus.com\/wp-content\/uploads\/2024\/04\/R-DAM_1555451.jpg","_links":{"self":[{"href":"https:\/\/www.ocasionplus.com\/noticias\/wp-json\/wp\/v2\/posts\/10618","targetHints":{"allow":["GET"]}}],"collection":[{"href":"https:\/\/www.ocasionplus.com\/noticias\/wp-json\/wp\/v2\/posts"}],"about":[{"href":"https:\/\/www.ocasionplus.com\/noticias\/wp-json\/wp\/v2\/types\/post"}],"author":[{"embeddable":true,"href":"https:\/\/www.ocasionplus.com\/noticias\/wp-json\/wp\/v2\/users\/2"}],"replies":[{"embeddable":true,"href":"https:\/\/www.ocasionplus.com\/noticias\/wp-json\/wp\/v2\/comments?post=10618"}],"version-history":[{"count":1,"href":"https:\/\/www.ocasionplus.com\/noticias\/wp-json\/wp\/v2\/posts\/10618\/revisions"}],"predecessor-version":[{"id":11480,"href":"https:\/\/www.ocasionplus.com\/noticias\/wp-json\/wp\/v2\/posts\/10618\/revisions\/11480"}],"wp:featuredmedia":[{"embeddable":true,"href":"https:\/\/www.ocasionplus.com\/noticias\/wp-json\/wp\/v2\/media\/10624"}],"wp:attachment":[{"href":"https:\/\/www.ocasionplus.com\/noticias\/wp-json\/wp\/v2\/media?parent=10618"}],"wp:term":[{"taxonomy":"category","embeddable":true,"href":"https:\/\/www.ocasionplus.com\/noticias\/wp-json\/wp\/v2\/categories?post=10618"},{"taxonomy":"post_tag","embeddable":true,"href":"https:\/\/www.ocasionplus.com\/noticias\/wp-json\/wp\/v2\/tags?post=10618"}],"curies":[{"name":"wp","href":"https:\/\/api.w.org\/{rel}","templated":true}]}}