{"id":10619,"date":"2024-04-04T11:40:36","date_gmt":"2024-04-04T09:40:36","guid":{"rendered":"https:\/\/blog.ocasionplus.com\/?p=10619"},"modified":"2025-03-27T14:02:57","modified_gmt":"2025-03-27T13:02:57","slug":"mas-coche-electrico-que-coche-de-gasolina-en-noruega","status":"publish","type":"post","link":"https:\/\/www.ocasionplus.com\/noticias\/mas-coche-electrico-que-coche-de-gasolina-en-noruega\/","title":{"rendered":"Noruega ser\u00e1 el primer pa\u00eds en tener m\u00e1s coche el\u00e9ctrico que coche de gasolina en el 2024"},"content":{"rendered":"\n<p>Noruega ser\u00e1 el primer pa\u00eds con m\u00e1s coche el\u00e9ctrico en este a\u00f1o. M\u00e1s del 90% de los veh\u00edculos vendidos en el primer trimestre del a\u00f1o son el\u00e9ctricos. La cuota del veh\u00edculo el\u00e9ctrico lleva a\u00f1os por encima del 80%, dejando atr\u00e1s los coches de gasolina.&nbsp;<\/p>\n\n\n\n<p>Se espera que para este a\u00f1o, el n\u00famero de veh\u00edculos el\u00e9ctricos de bater\u00eda que circulan por las carreteras noruegas va en camino de superar a los coches de gasolina a finales del 2024 o a principio de 2025, siendo la primera vez que ocurre en el mundo, seg\u00fan diferentes analistas.&nbsp;<\/p>\n\n\n\n<p>Noruega cuenta con un parque m\u00f3vil de casi 2,9 millones de coches. De esos, casi 700 mil veh\u00edculos eran el\u00e9ctricos, mientras que los de gasolina eran al rededor de 1,3 millones de coches.<\/p>\n\n\n\n<h2 class=\"wp-block-heading\">El dominio del coche el\u00e9ctrico en Noruega<\/h2>\n\n\n\n<p>Seg\u00fan Robbie Andrew, investigador principal de CICERO: \u201csi esta tendencia se mantiene durante 12 meses, el a\u00f1o que viene habr\u00e1 m\u00e1s el\u00e9ctricos en circulaci\u00f3n que coches de gasolina, probablemente suceda antes de que acabe el a\u00f1o\u201d.<\/p>\n\n\n\n<p>Aunque en Noruega, como en diferentes pa\u00edses europeos, tiene dominio el veh\u00edculo di\u00e9sel. Eso quiere decir que los coches el\u00e9ctricos solo superar\u00edan la cuota de venta de los coches de gasolina, porque todav\u00eda hay m\u00e1s de 370 mil coches di\u00e9sel circulando por el pa\u00eds n\u00f3rdico.\u00a0<\/p>\n\n\n\n<p><em>Tambi\u00e9n te puede interesar: <a href=\"https:\/\/blog.ocasionplus.com\/el-coche-xiaomi-llegara-a-finales-de-marzo-con-el-su7-un-sedan-electrico\/\"><span style=\"text-decoration: underline;\"><mark style=\"background-color:rgba(0, 0, 0, 0);color:#189bd7\" class=\"has-inline-color\">El coche Xiaomi llegar\u00e1 a finales de marzo con el SU7 un sed\u00e1n el\u00e9ctrico<\/mark><\/span><\/a><\/em><\/p>\n\n\n\n<p>Despu\u00e9s de Noruega, China es el segundo pa\u00eds con m\u00e1s coches el\u00e9ctricos, con un parque m\u00f3vil de m\u00e1s de 330 millones de veh\u00edculos, de los cuales solo un 6% son coches el\u00e9ctricos y PHEV.&nbsp;<\/p>\n\n\n\n<h2 class=\"wp-block-heading\">Encuentra tu coche el\u00e9ctrico de segunda mano<\/h2>\n\n\n\n<p>Si est\u00e1s interesado en comprar un veh\u00edculo el\u00e9ctrico, lo mejor es comprar un <a href=\"https:\/\/www.ocasionplus.com\/coches-ocasion\/electrico\"><span style=\"text-decoration: underline;\"><mark style=\"background-color:rgba(0, 0, 0, 0);color:#189bd7\" class=\"has-inline-color\">coche el\u00e9ctrico de segunda mano<\/mark><\/span><\/a>. En OcasionPlus contamos con m\u00e1s de 100 coches el\u00e9ctricos de ocasi\u00f3n con la mejor calidad y el mejor precio del mercado. Adem\u00e1s, de ofrecerlos en m\u00e1s de 85 concesionarios que est\u00e1n distribuidos por toda Espa\u00f1a.<\/p>\n","protected":false},"excerpt":{"rendered":"<p>Noruega ser\u00e1 el primer pa\u00eds con m\u00e1s coche el\u00e9ctrico en este a\u00f1o. M\u00e1s del 90% de los veh\u00edculos vendidos en el primer trimestre del a\u00f1o son el\u00e9ctricos. La cuota del veh\u00edculo el\u00e9ctrico lleva a\u00f1os por encima del 80%, dejando atr\u00e1s los coches de gasolina.&nbsp; Se espera que para este a\u00f1o, el n\u00famero de veh\u00edculos el\u00e9ctricos&#8230;<\/p>\n","protected":false},"author":3,"featured_media":10620,"comment_status":"closed","ping_status":"closed","sticky":false,"template":"","format":"standard","meta":{"footnotes":""},"categories":[2],"tags":[],"class_list":["post-10619","post","type-post","status-publish","format-standard","has-post-thumbnail","hentry","category-ultimas-noticias"],"yoast_head":"<!-- This site is optimized with the Yoast SEO Premium plugin v24.8 (Yoast SEO v24.8.1) - https:\/\/yoast.com\/wordpress\/plugins\/seo\/ -->\n<title>Noruega ser\u00e1 el primer pa\u00eds en tener m\u00e1s coche el\u00e9ctrico que coche de gasolina en el 2024 - OcasionPlus Blog<\/title>\n<meta name=\"description\" content=\"Noruega ser\u00e1 el primer pa\u00eds con m\u00e1s coche el\u00e9ctrico, superando la cuota del veh\u00edculo de gasolina. Esto lo posiciona por encima de pa\u00edses como China.\" \/>\n<meta name=\"robots\" content=\"index, follow, max-snippet:-1, max-image-preview:large, max-video-preview:-1\" \/>\n<link rel=\"canonical\" href=\"https:\/\/www.ocasionplus.com\/noticias\/mas-coche-electrico-que-coche-de-gasolina-en-noruega\/\" \/>\n<meta property=\"og:locale\" content=\"es_ES\" \/>\n<meta property=\"og:type\" content=\"article\" \/>\n<meta property=\"og:title\" content=\"Noruega ser\u00e1 el primer pa\u00eds en tener m\u00e1s coche el\u00e9ctrico que coche de gasolina en el 2024\" \/>\n<meta property=\"og:description\" content=\"Noruega ser\u00e1 el primer pa\u00eds con m\u00e1s coche el\u00e9ctrico, superando la cuota del veh\u00edculo de gasolina. Esto lo posiciona por encima de pa\u00edses como China.\" \/>\n<meta property=\"og:url\" content=\"https:\/\/www.ocasionplus.com\/noticias\/mas-coche-electrico-que-coche-de-gasolina-en-noruega\/\" \/>\n<meta property=\"og:site_name\" content=\"OcasionPlus Blog\" \/>\n<meta property=\"article:publisher\" content=\"https:\/\/www.facebook.com\/ocasionplus\" \/>\n<meta property=\"article:published_time\" content=\"2024-04-04T09:40:36+00:00\" \/>\n<meta property=\"article:modified_time\" content=\"2025-03-27T13:02:57+00:00\" \/>\n<meta property=\"og:image\" content=\"https:\/\/www.ocasionplus.com\/wp-content\/uploads\/2024\/04\/Coche-electrico-Noruega.jpg\" \/>\n\t<meta property=\"og:image:width\" content=\"1280\" \/>\n\t<meta property=\"og:image:height\" content=\"853\" \/>\n\t<meta property=\"og:image:type\" content=\"image\/jpeg\" \/>\n<meta name=\"author\" content=\"Cristhian Gonz\u00e1lez\" \/>\n<meta name=\"twitter:card\" content=\"summary_large_image\" \/>\n<meta name=\"twitter:creator\" content=\"@ocasionplus\" \/>\n<meta name=\"twitter:site\" content=\"@ocasionplus\" \/>\n<meta name=\"twitter:label1\" content=\"Escrito por\" \/>\n\t<meta name=\"twitter:data1\" content=\"Cristhian Gonz\u00e1lez\" \/>\n\t<meta name=\"twitter:label2\" content=\"Tiempo de lectura\" \/>\n\t<meta name=\"twitter:data2\" content=\"2 minutos\" \/>\n<script type=\"application\/ld+json\" class=\"yoast-schema-graph\">{\"@context\":\"https:\/\/schema.org\",\"@graph\":[{\"@type\":\"Article\",\"@id\":\"https:\/\/www.ocasionplus.com\/noticias\/mas-coche-electrico-que-coche-de-gasolina-en-noruega\/#article\",\"isPartOf\":{\"@id\":\"https:\/\/www.ocasionplus.com\/noticias\/mas-coche-electrico-que-coche-de-gasolina-en-noruega\/\"},\"author\":{\"name\":\"Cristhian Gonz\u00e1lez\",\"@id\":\"https:\/\/www.ocasionplus.com\/noticias\/#\/schema\/person\/db1203be564cc3ded97ad1dbd8aadc5b\"},\"headline\":\"Noruega ser\u00e1 el primer pa\u00eds en tener m\u00e1s coche el\u00e9ctrico que coche de gasolina en el 2024\",\"datePublished\":\"2024-04-04T09:40:36+00:00\",\"dateModified\":\"2025-03-27T13:02:57+00:00\",\"mainEntityOfPage\":{\"@id\":\"https:\/\/www.ocasionplus.com\/noticias\/mas-coche-electrico-que-coche-de-gasolina-en-noruega\/\"},\"wordCount\":397,\"publisher\":{\"@id\":\"https:\/\/www.ocasionplus.com\/noticias\/#organization\"},\"image\":{\"@id\":\"https:\/\/www.ocasionplus.com\/noticias\/mas-coche-electrico-que-coche-de-gasolina-en-noruega\/#primaryimage\"},\"thumbnailUrl\":\"https:\/\/www.ocasionplus.com\/wp-content\/uploads\/2024\/04\/Coche-electrico-Noruega.jpg\",\"articleSection\":[\"\u00daltimas Noticias\"],\"inLanguage\":\"es\",\"copyrightYear\":\"2024\",\"copyrightHolder\":{\"@id\":\"https:\/\/www.ocasionplus.com\/noticias\/#organization\"}},{\"@type\":\"WebPage\",\"@id\":\"https:\/\/www.ocasionplus.com\/noticias\/mas-coche-electrico-que-coche-de-gasolina-en-noruega\/\",\"url\":\"https:\/\/www.ocasionplus.com\/noticias\/mas-coche-electrico-que-coche-de-gasolina-en-noruega\/\",\"name\":\"Noruega ser\u00e1 el primer pa\u00eds en tener m\u00e1s coche el\u00e9ctrico que coche de gasolina en el 2024 - OcasionPlus Blog\",\"isPartOf\":{\"@id\":\"https:\/\/www.ocasionplus.com\/noticias\/#website\"},\"primaryImageOfPage\":{\"@id\":\"https:\/\/www.ocasionplus.com\/noticias\/mas-coche-electrico-que-coche-de-gasolina-en-noruega\/#primaryimage\"},\"image\":{\"@id\":\"https:\/\/www.ocasionplus.com\/noticias\/mas-coche-electrico-que-coche-de-gasolina-en-noruega\/#primaryimage\"},\"thumbnailUrl\":\"https:\/\/www.ocasionplus.com\/wp-content\/uploads\/2024\/04\/Coche-electrico-Noruega.jpg\",\"datePublished\":\"2024-04-04T09:40:36+00:00\",\"dateModified\":\"2025-03-27T13:02:57+00:00\",\"description\":\"Noruega ser\u00e1 el primer pa\u00eds con m\u00e1s coche el\u00e9ctrico, superando la cuota del veh\u00edculo de gasolina. Esto lo posiciona por encima de pa\u00edses como China.\",\"breadcrumb\":{\"@id\":\"https:\/\/www.ocasionplus.com\/noticias\/mas-coche-electrico-que-coche-de-gasolina-en-noruega\/#breadcrumb\"},\"inLanguage\":\"es\",\"potentialAction\":[{\"@type\":\"ReadAction\",\"target\":[\"https:\/\/www.ocasionplus.com\/noticias\/mas-coche-electrico-que-coche-de-gasolina-en-noruega\/\"]}]},{\"@type\":\"ImageObject\",\"inLanguage\":\"es\",\"@id\":\"https:\/\/www.ocasionplus.com\/noticias\/mas-coche-electrico-que-coche-de-gasolina-en-noruega\/#primaryimage\",\"url\":\"https:\/\/www.ocasionplus.com\/wp-content\/uploads\/2024\/04\/Coche-electrico-Noruega.jpg\",\"contentUrl\":\"https:\/\/www.ocasionplus.com\/wp-content\/uploads\/2024\/04\/Coche-electrico-Noruega.jpg\",\"width\":1280,\"height\":853,\"caption\":\"Coches el\u00e9ctricos aparcados en la calle conectados a la corriente\"},{\"@type\":\"BreadcrumbList\",\"@id\":\"https:\/\/www.ocasionplus.com\/noticias\/mas-coche-electrico-que-coche-de-gasolina-en-noruega\/#breadcrumb\",\"itemListElement\":[{\"@type\":\"ListItem\",\"position\":1,\"name\":\"Portada\",\"item\":\"https:\/\/www.ocasionplus.com\/noticias\/\"},{\"@type\":\"ListItem\",\"position\":2,\"name\":\"Noruega ser\u00e1 el primer pa\u00eds en tener m\u00e1s coche el\u00e9ctrico que coche de gasolina en el 2024\"}]},{\"@type\":\"WebSite\",\"@id\":\"https:\/\/www.ocasionplus.com\/noticias\/#website\",\"url\":\"https:\/\/www.ocasionplus.com\/noticias\/\",\"name\":\"OcasionPlus Blog\",\"description\":\"Veh\u00edculos de ocasi\u00f3n\",\"publisher\":{\"@id\":\"https:\/\/www.ocasionplus.com\/noticias\/#organization\"},\"potentialAction\":[{\"@type\":\"SearchAction\",\"target\":{\"@type\":\"EntryPoint\",\"urlTemplate\":\"https:\/\/www.ocasionplus.com\/noticias\/?s={search_term_string}\"},\"query-input\":{\"@type\":\"PropertyValueSpecification\",\"valueRequired\":true,\"valueName\":\"search_term_string\"}}],\"inLanguage\":\"es\"},{\"@type\":\"Organization\",\"@id\":\"https:\/\/www.ocasionplus.com\/noticias\/#organization\",\"name\":\"OcasionPlus\",\"url\":\"https:\/\/www.ocasionplus.com\/noticias\/\",\"logo\":{\"@type\":\"ImageObject\",\"inLanguage\":\"es\",\"@id\":\"https:\/\/www.ocasionplus.com\/noticias\/#\/schema\/logo\/image\/\",\"url\":\"https:\/\/www.ocasionplus.com\/wp-content\/uploads\/2024\/05\/cropped-cropped-oplus-logo-blog.png\",\"contentUrl\":\"https:\/\/www.ocasionplus.com\/wp-content\/uploads\/2024\/05\/cropped-cropped-oplus-logo-blog.png\",\"width\":360,\"height\":71,\"caption\":\"OcasionPlus\"},\"image\":{\"@id\":\"https:\/\/www.ocasionplus.com\/noticias\/#\/schema\/logo\/image\/\"},\"sameAs\":[\"https:\/\/www.facebook.com\/ocasionplus\",\"https:\/\/x.com\/ocasionplus\",\"https:\/\/www.instagram.com\/ocasion_plus\",\"https:\/\/www.youtube.com\/channel\/UCBiCAto61Lyu27CgI95wrYQ\",\"https:\/\/www.tiktok.com\/@ocasionplus.com\",\"https:\/\/es.linkedin.com\/company\/ocasionplus\"]},{\"@type\":\"Person\",\"@id\":\"https:\/\/www.ocasionplus.com\/noticias\/#\/schema\/person\/db1203be564cc3ded97ad1dbd8aadc5b\",\"name\":\"Cristhian Gonz\u00e1lez\",\"image\":{\"@type\":\"ImageObject\",\"inLanguage\":\"es\",\"@id\":\"https:\/\/www.ocasionplus.com\/noticias\/#\/schema\/person\/image\/\",\"url\":\"https:\/\/secure.gravatar.com\/avatar\/30c0388f0815fd0ab8fb4cfad29866ac?s=96&d=mm&r=g\",\"contentUrl\":\"https:\/\/secure.gravatar.com\/avatar\/30c0388f0815fd0ab8fb4cfad29866ac?s=96&d=mm&r=g\",\"caption\":\"Cristhian Gonz\u00e1lez\"},\"description\":\"Periodista formado en Colombia. Siempre vinculado al deporte y con pasi\u00f3n por los coches. He asistido y cubierto diferentes eventos deportivos para diferentes medios de comunicaci\u00f3n.\"}]}<\/script>\n<!-- \/ Yoast SEO Premium plugin. -->","yoast_head_json":{"title":"Noruega ser\u00e1 el primer pa\u00eds en tener m\u00e1s coche el\u00e9ctrico que coche de gasolina en el 2024 - OcasionPlus Blog","description":"Noruega ser\u00e1 el primer pa\u00eds con m\u00e1s coche el\u00e9ctrico, superando la cuota del veh\u00edculo de gasolina. Esto lo posiciona por encima de pa\u00edses como China.","robots":{"index":"index","follow":"follow","max-snippet":"max-snippet:-1","max-image-preview":"max-image-preview:large","max-video-preview":"max-video-preview:-1"},"canonical":"https:\/\/www.ocasionplus.com\/noticias\/mas-coche-electrico-que-coche-de-gasolina-en-noruega\/","og_locale":"es_ES","og_type":"article","og_title":"Noruega ser\u00e1 el primer pa\u00eds en tener m\u00e1s coche el\u00e9ctrico que coche de gasolina en el 2024","og_description":"Noruega ser\u00e1 el primer pa\u00eds con m\u00e1s coche el\u00e9ctrico, superando la cuota del veh\u00edculo de gasolina. Esto lo posiciona por encima de pa\u00edses como China.","og_url":"https:\/\/www.ocasionplus.com\/noticias\/mas-coche-electrico-que-coche-de-gasolina-en-noruega\/","og_site_name":"OcasionPlus Blog","article_publisher":"https:\/\/www.facebook.com\/ocasionplus","article_published_time":"2024-04-04T09:40:36+00:00","article_modified_time":"2025-03-27T13:02:57+00:00","og_image":[{"width":1280,"height":853,"url":"https:\/\/www.ocasionplus.com\/wp-content\/uploads\/2024\/04\/Coche-electrico-Noruega.jpg","type":"image\/jpeg"}],"author":"Cristhian Gonz\u00e1lez","twitter_card":"summary_large_image","twitter_creator":"@ocasionplus","twitter_site":"@ocasionplus","twitter_misc":{"Escrito por":"Cristhian Gonz\u00e1lez","Tiempo de lectura":"2 minutos"},"schema":{"@context":"https:\/\/schema.org","@graph":[{"@type":"Article","@id":"https:\/\/www.ocasionplus.com\/noticias\/mas-coche-electrico-que-coche-de-gasolina-en-noruega\/#article","isPartOf":{"@id":"https:\/\/www.ocasionplus.com\/noticias\/mas-coche-electrico-que-coche-de-gasolina-en-noruega\/"},"author":{"name":"Cristhian Gonz\u00e1lez","@id":"https:\/\/www.ocasionplus.com\/noticias\/#\/schema\/person\/db1203be564cc3ded97ad1dbd8aadc5b"},"headline":"Noruega ser\u00e1 el primer pa\u00eds en tener m\u00e1s coche el\u00e9ctrico que coche de gasolina en el 2024","datePublished":"2024-04-04T09:40:36+00:00","dateModified":"2025-03-27T13:02:57+00:00","mainEntityOfPage":{"@id":"https:\/\/www.ocasionplus.com\/noticias\/mas-coche-electrico-que-coche-de-gasolina-en-noruega\/"},"wordCount":397,"publisher":{"@id":"https:\/\/www.ocasionplus.com\/noticias\/#organization"},"image":{"@id":"https:\/\/www.ocasionplus.com\/noticias\/mas-coche-electrico-que-coche-de-gasolina-en-noruega\/#primaryimage"},"thumbnailUrl":"https:\/\/www.ocasionplus.com\/wp-content\/uploads\/2024\/04\/Coche-electrico-Noruega.jpg","articleSection":["\u00daltimas Noticias"],"inLanguage":"es","copyrightYear":"2024","copyrightHolder":{"@id":"https:\/\/www.ocasionplus.com\/noticias\/#organization"}},{"@type":"WebPage","@id":"https:\/\/www.ocasionplus.com\/noticias\/mas-coche-electrico-que-coche-de-gasolina-en-noruega\/","url":"https:\/\/www.ocasionplus.com\/noticias\/mas-coche-electrico-que-coche-de-gasolina-en-noruega\/","name":"Noruega ser\u00e1 el primer pa\u00eds en tener m\u00e1s coche el\u00e9ctrico que coche de gasolina en el 2024 - OcasionPlus Blog","isPartOf":{"@id":"https:\/\/www.ocasionplus.com\/noticias\/#website"},"primaryImageOfPage":{"@id":"https:\/\/www.ocasionplus.com\/noticias\/mas-coche-electrico-que-coche-de-gasolina-en-noruega\/#primaryimage"},"image":{"@id":"https:\/\/www.ocasionplus.com\/noticias\/mas-coche-electrico-que-coche-de-gasolina-en-noruega\/#primaryimage"},"thumbnailUrl":"https:\/\/www.ocasionplus.com\/wp-content\/uploads\/2024\/04\/Coche-electrico-Noruega.jpg","datePublished":"2024-04-04T09:40:36+00:00","dateModified":"2025-03-27T13:02:57+00:00","description":"Noruega ser\u00e1 el primer pa\u00eds con m\u00e1s coche el\u00e9ctrico, superando la cuota del veh\u00edculo de gasolina. Esto lo posiciona por encima de pa\u00edses como China.","breadcrumb":{"@id":"https:\/\/www.ocasionplus.com\/noticias\/mas-coche-electrico-que-coche-de-gasolina-en-noruega\/#breadcrumb"},"inLanguage":"es","potentialAction":[{"@type":"ReadAction","target":["https:\/\/www.ocasionplus.com\/noticias\/mas-coche-electrico-que-coche-de-gasolina-en-noruega\/"]}]},{"@type":"ImageObject","inLanguage":"es","@id":"https:\/\/www.ocasionplus.com\/noticias\/mas-coche-electrico-que-coche-de-gasolina-en-noruega\/#primaryimage","url":"https:\/\/www.ocasionplus.com\/wp-content\/uploads\/2024\/04\/Coche-electrico-Noruega.jpg","contentUrl":"https:\/\/www.ocasionplus.com\/wp-content\/uploads\/2024\/04\/Coche-electrico-Noruega.jpg","width":1280,"height":853,"caption":"Coches el\u00e9ctricos aparcados en la calle conectados a la corriente"},{"@type":"BreadcrumbList","@id":"https:\/\/www.ocasionplus.com\/noticias\/mas-coche-electrico-que-coche-de-gasolina-en-noruega\/#breadcrumb","itemListElement":[{"@type":"ListItem","position":1,"name":"Portada","item":"https:\/\/www.ocasionplus.com\/noticias\/"},{"@type":"ListItem","position":2,"name":"Noruega ser\u00e1 el primer pa\u00eds en tener m\u00e1s coche el\u00e9ctrico que coche de gasolina en el 2024"}]},{"@type":"WebSite","@id":"https:\/\/www.ocasionplus.com\/noticias\/#website","url":"https:\/\/www.ocasionplus.com\/noticias\/","name":"OcasionPlus Blog","description":"Veh\u00edculos de ocasi\u00f3n","publisher":{"@id":"https:\/\/www.ocasionplus.com\/noticias\/#organization"},"potentialAction":[{"@type":"SearchAction","target":{"@type":"EntryPoint","urlTemplate":"https:\/\/www.ocasionplus.com\/noticias\/?s={search_term_string}"},"query-input":{"@type":"PropertyValueSpecification","valueRequired":true,"valueName":"search_term_string"}}],"inLanguage":"es"},{"@type":"Organization","@id":"https:\/\/www.ocasionplus.com\/noticias\/#organization","name":"OcasionPlus","url":"https:\/\/www.ocasionplus.com\/noticias\/","logo":{"@type":"ImageObject","inLanguage":"es","@id":"https:\/\/www.ocasionplus.com\/noticias\/#\/schema\/logo\/image\/","url":"https:\/\/www.ocasionplus.com\/wp-content\/uploads\/2024\/05\/cropped-cropped-oplus-logo-blog.png","contentUrl":"https:\/\/www.ocasionplus.com\/wp-content\/uploads\/2024\/05\/cropped-cropped-oplus-logo-blog.png","width":360,"height":71,"caption":"OcasionPlus"},"image":{"@id":"https:\/\/www.ocasionplus.com\/noticias\/#\/schema\/logo\/image\/"},"sameAs":["https:\/\/www.facebook.com\/ocasionplus","https:\/\/x.com\/ocasionplus","https:\/\/www.instagram.com\/ocasion_plus","https:\/\/www.youtube.com\/channel\/UCBiCAto61Lyu27CgI95wrYQ","https:\/\/www.tiktok.com\/@ocasionplus.com","https:\/\/es.linkedin.com\/company\/ocasionplus"]},{"@type":"Person","@id":"https:\/\/www.ocasionplus.com\/noticias\/#\/schema\/person\/db1203be564cc3ded97ad1dbd8aadc5b","name":"Cristhian Gonz\u00e1lez","image":{"@type":"ImageObject","inLanguage":"es","@id":"https:\/\/www.ocasionplus.com\/noticias\/#\/schema\/person\/image\/","url":"https:\/\/secure.gravatar.com\/avatar\/30c0388f0815fd0ab8fb4cfad29866ac?s=96&d=mm&r=g","contentUrl":"https:\/\/secure.gravatar.com\/avatar\/30c0388f0815fd0ab8fb4cfad29866ac?s=96&d=mm&r=g","caption":"Cristhian Gonz\u00e1lez"},"description":"Periodista formado en Colombia. Siempre vinculado al deporte y con pasi\u00f3n por los coches. He asistido y cubierto diferentes eventos deportivos para diferentes medios de comunicaci\u00f3n."}]}},"jetpack_featured_media_url":"https:\/\/www.ocasionplus.com\/wp-content\/uploads\/2024\/04\/Coche-electrico-Noruega.jpg","_links":{"self":[{"href":"https:\/\/www.ocasionplus.com\/noticias\/wp-json\/wp\/v2\/posts\/10619","targetHints":{"allow":["GET"]}}],"collection":[{"href":"https:\/\/www.ocasionplus.com\/noticias\/wp-json\/wp\/v2\/posts"}],"about":[{"href":"https:\/\/www.ocasionplus.com\/noticias\/wp-json\/wp\/v2\/types\/post"}],"author":[{"embeddable":true,"href":"https:\/\/www.ocasionplus.com\/noticias\/wp-json\/wp\/v2\/users\/3"}],"replies":[{"embeddable":true,"href":"https:\/\/www.ocasionplus.com\/noticias\/wp-json\/wp\/v2\/comments?post=10619"}],"version-history":[{"count":1,"href":"https:\/\/www.ocasionplus.com\/noticias\/wp-json\/wp\/v2\/posts\/10619\/revisions"}],"predecessor-version":[{"id":13080,"href":"https:\/\/www.ocasionplus.com\/noticias\/wp-json\/wp\/v2\/posts\/10619\/revisions\/13080"}],"wp:featuredmedia":[{"embeddable":true,"href":"https:\/\/www.ocasionplus.com\/noticias\/wp-json\/wp\/v2\/media\/10620"}],"wp:attachment":[{"href":"https:\/\/www.ocasionplus.com\/noticias\/wp-json\/wp\/v2\/media?parent=10619"}],"wp:term":[{"taxonomy":"category","embeddable":true,"href":"https:\/\/www.ocasionplus.com\/noticias\/wp-json\/wp\/v2\/categories?post=10619"},{"taxonomy":"post_tag","embeddable":true,"href":"https:\/\/www.ocasionplus.com\/noticias\/wp-json\/wp\/v2\/tags?post=10619"}],"curies":[{"name":"wp","href":"https:\/\/api.w.org\/{rel}","templated":true}]}}