{"id":10905,"date":"2024-04-23T11:40:41","date_gmt":"2024-04-23T09:40:41","guid":{"rendered":"https:\/\/blog.ocasionplus.com\/?p=10905"},"modified":"2025-03-27T14:01:55","modified_gmt":"2025-03-27T13:01:55","slug":"nuevo-byd-seal-u","status":"publish","type":"post","link":"https:\/\/www.ocasionplus.com\/noticias\/nuevo-byd-seal-u\/","title":{"rendered":"La marca china presenta el nuevo BYD Seal U, un SUV 100% el\u00e9ctrico y con hasta 500 km de autonom\u00eda"},"content":{"rendered":"\n<p>Esta semana la marca china lanz\u00f3 en Espa\u00f1a el BYD Seal U, un SUV 100% el\u00e9ctrico, que ofrece una autonom\u00eda de hasta 500 kil\u00f3metros, seg\u00fan el ciclo WLTP. Adem\u00e1s, de una selecci\u00f3n de materiales de alta calidad y una avanzada tecnolog\u00eda en seguridad, conectividad y confort.&nbsp;<\/p>\n\n\n\n<h2 class=\"wp-block-heading\">BYD Seal U<\/h2>\n\n\n\n<p>El BYD Seal U se encuentra disponible con dos niveles de acabado: Comfort y Design, con una bater\u00eda de 71,8 y 87 kWh, respectivamente. Adem\u00e1s, de la posibilidad de elegir entre seis colores: Delorean Black, Time Grey, Emperor Red, Snow White, Tian Qing y Boundless Cloud y dos combinaciones de colores para el interior: black y blue + grey.&nbsp;<\/p>\n\n\n\n<p>El dise\u00f1o exterior se basa en el lenguaje de dise\u00f1o de la marca \u2018Ocean Aesthetics\u2019, siendo el tercer modelo con este lenguaje, tras el Seal y el Dolphin. Este SUV se caracteriza por su frontal en forma de X con dise\u00f1o redondeado y l\u00edneas suaves, que le dan un aspecto curvo. Sus faros en forma de U se unen con el cap\u00f3, que presentan unos nervios semimarcados, presentando un parecido al estilo de Porsche.&nbsp;<\/p>\n\n\n\n<p>En el lateral del veh\u00edculo destaca una l\u00ednea que recorre desde las luces delanteras hasta la mitad de los grupos \u00f3pticos traseros, esto para mejorar la aerodin\u00e1mica, y llantas de 19 pulgadas. Adem\u00e1s, los pasos de rueda y guardabarros son de pl\u00e1stico, pero con un tama\u00f1o reducido. La parte trasera presenta un spoiler reducido con luz de freno y una tira lum\u00ednica que recorre toda la puerta del maletero.\u00a0<\/p>\n\n\n\n<figure class=\"wp-block-image size-large\"><img loading=\"lazy\" decoding=\"async\" width=\"1024\" height=\"512\" src=\"http:\/\/127.0.0.1\/wp-content\/uploads\/2024\/04\/BYD-Seal-U-interior-1024x512.jpg\" alt=\"\" class=\"wp-image-10906\" srcset=\"https:\/\/www.ocasionplus.com\/wp-content\/uploads\/2024\/04\/BYD-Seal-U-interior-1024x512.jpg 1024w, https:\/\/www.ocasionplus.com\/wp-content\/uploads\/2024\/04\/BYD-Seal-U-interior-300x150.jpg 300w, https:\/\/www.ocasionplus.com\/wp-content\/uploads\/2024\/04\/BYD-Seal-U-interior-768x384.jpg 768w, https:\/\/www.ocasionplus.com\/wp-content\/uploads\/2024\/04\/BYD-Seal-U-interior.jpg 1280w\" sizes=\"auto, (max-width: 1024px) 100vw, 1024px\" \/><\/figure>\n\n\n\n<h2 class=\"wp-block-heading\">Dise\u00f1o interior BYD Seal U<\/h2>\n\n\n\n<p>El interior es tecnol\u00f3gico, amplio y muy bien iluminado. La principal caracter\u00edstica es su pantalla giratoria para el sistema de conectividad e infoentretenimiento. Al igual, integra a la perfecci\u00f3n el control por voz y prestaciones multifuncionales. Otro detalle es la palanca de cambios que es de cristal, inspirado en el oc\u00e9ano y manteniendo el lenguaje Ocean Aesthetics.&nbsp;<\/p>\n\n\n\n<p>Adem\u00e1s de unos asientos multifuncionales que incorporan ventilaci\u00f3n, calefacci\u00f3n, regulaci\u00f3n el\u00e9ctrica y modos de memoria, el techo panor\u00e1mico amplio y luminoso, el head-up display y gran capacidad de almacenamiento (552 litros), son otras de las caracter\u00edsticas que destacan del SUV.&nbsp;<\/p>\n\n\n\n<h2 class=\"wp-block-heading\">Bater\u00eda del BYD Seal U<\/h2>\n\n\n\n<p>El motor el\u00e9ctrico de este SUV ser\u00e1 s\u00edncrono de imanes permanentes con una potencia m\u00e1xima de 218 CV que env\u00eda su fuerza al eje delantero. La versi\u00f3n Comfort cuenta con una bater\u00eda de 71,8 kWh que otorga una autonom\u00eda de 420 kil\u00f3metros. Mientras que la versi\u00f3n Design dispone de una bater\u00eda de 87 kWh y una autonom\u00eda de hasta 500 kil\u00f3metros.&nbsp;<\/p>\n\n\n\n<p>Adem\u00e1s, se encuentra equipado con un cargador trif\u00e1sico de 11 kW, capaz de alcanzar velocidades de carga de hasta 140 kW de potencia. Lo que quiere decir que puede pasar del 30% al 80% en tan solo 28 minutos.&nbsp;<\/p>\n\n\n\n<p>A nivel de equipamiento incluye tecnolog\u00eda de seguridad pasiva y activa, como: aviso de colisi\u00f3n frontal, frenado autom\u00e1tico de emergencia, control de crucero adaptativo, aviso de colisi\u00f3n trasera, alerta de tr\u00e1fico trasero cruzado, control inteligente de l\u00edmite de velocidad, sistema de detecci\u00f3n de \u00e1ngulo muerto y asistente de cambio de carril, entre muchos otros.&nbsp;<\/p>\n\n\n\n<h2 class=\"wp-block-heading\">SUV de segunda mano<\/h2>\n\n\n\n<p>Si est\u00e1s interesado en comprar un <a href=\"https:\/\/www.ocasionplus.com\/coches-ocasion\/todoterreno\"><span style=\"text-decoration: underline;\"><mark style=\"background-color:rgba(0, 0, 0, 0);color:#189bd7\" class=\"has-inline-color\">SUV de segunda mano<\/mark><\/span><\/a> en OcasionPlus te ofrecemos una amplia gama de veh\u00edculos de este segmento, pero si, por el contrario, est\u00e1s buscando un <a href=\"https:\/\/www.ocasionplus.com\/coches-ocasion\/electrico\"><span style=\"text-decoration: underline;\"><mark style=\"background-color:rgba(0, 0, 0, 0);color:#189bd7\" class=\"has-inline-color\">coche el\u00e9ctrico de segunda mano<\/mark><\/span><\/a> o un <a href=\"https:\/\/www.ocasionplus.com\/coches-ocasion\/automatico\"><span style=\"text-decoration: underline;\"><mark style=\"background-color:rgba(0, 0, 0, 0);color:#189bd7\" class=\"has-inline-color\">coche autom\u00e1tico de segunda mano<\/mark><\/span><\/a>, en nuestros m\u00e1s de 85 concesionarios encontrar\u00e1s una amplia selecci\u00f3n de estos veh\u00edculos con la mejor calidad y el mejor precio del mercado.<\/p>\n","protected":false},"excerpt":{"rendered":"<p>Esta semana la marca china lanz\u00f3 en Espa\u00f1a el BYD Seal U, un SUV 100% el\u00e9ctrico, que ofrece una autonom\u00eda de hasta 500 kil\u00f3metros, seg\u00fan el ciclo WLTP. Adem\u00e1s, de una selecci\u00f3n de materiales de alta calidad y una avanzada tecnolog\u00eda en seguridad, conectividad y confort.&nbsp; BYD Seal U El BYD Seal U se encuentra&#8230;<\/p>\n","protected":false},"author":3,"featured_media":10907,"comment_status":"closed","ping_status":"closed","sticky":false,"template":"","format":"standard","meta":{"footnotes":""},"categories":[2],"tags":[],"class_list":["post-10905","post","type-post","status-publish","format-standard","has-post-thumbnail","hentry","category-ultimas-noticias"],"yoast_head":"<!-- This site is optimized with the Yoast SEO Premium plugin v24.8 (Yoast SEO v24.8.1) - https:\/\/yoast.com\/wordpress\/plugins\/seo\/ -->\n<title>La marca china presenta el nuevo BYD Seal U, un SUV 100% el\u00e9ctrico y con hasta 500 km de autonom\u00eda - OcasionPlus Blog<\/title>\n<meta name=\"robots\" content=\"index, follow, max-snippet:-1, max-image-preview:large, max-video-preview:-1\" \/>\n<link rel=\"canonical\" href=\"https:\/\/www.ocasionplus.com\/noticias\/nuevo-byd-seal-u\/\" \/>\n<meta property=\"og:locale\" content=\"es_ES\" \/>\n<meta property=\"og:type\" content=\"article\" \/>\n<meta property=\"og:title\" content=\"La marca china presenta el nuevo BYD Seal U, un SUV 100% el\u00e9ctrico y con hasta 500 km de autonom\u00eda\" \/>\n<meta property=\"og:description\" content=\"Esta semana la marca china lanz\u00f3 en Espa\u00f1a el BYD Seal U, un SUV 100% el\u00e9ctrico, que ofrece una autonom\u00eda de hasta 500 kil\u00f3metros, seg\u00fan el ciclo WLTP. Adem\u00e1s, de una selecci\u00f3n de materiales de alta calidad y una avanzada tecnolog\u00eda en seguridad, conectividad y confort.&nbsp; BYD Seal U El BYD Seal U se encuentra...\" \/>\n<meta property=\"og:url\" content=\"https:\/\/www.ocasionplus.com\/noticias\/nuevo-byd-seal-u\/\" \/>\n<meta property=\"og:site_name\" content=\"OcasionPlus Blog\" \/>\n<meta property=\"article:publisher\" content=\"https:\/\/www.facebook.com\/ocasionplus\" \/>\n<meta property=\"article:published_time\" content=\"2024-04-23T09:40:41+00:00\" \/>\n<meta property=\"article:modified_time\" content=\"2025-03-27T13:01:55+00:00\" \/>\n<meta property=\"og:image\" content=\"https:\/\/www.ocasionplus.com\/wp-content\/uploads\/2024\/04\/BYD-Seal-U.jpg\" \/>\n\t<meta property=\"og:image:width\" content=\"1280\" \/>\n\t<meta property=\"og:image:height\" content=\"640\" \/>\n\t<meta property=\"og:image:type\" content=\"image\/jpeg\" \/>\n<meta name=\"author\" content=\"Cristhian Gonz\u00e1lez\" \/>\n<meta name=\"twitter:card\" content=\"summary_large_image\" \/>\n<meta name=\"twitter:creator\" content=\"@ocasionplus\" \/>\n<meta name=\"twitter:site\" content=\"@ocasionplus\" \/>\n<meta name=\"twitter:label1\" content=\"Escrito por\" \/>\n\t<meta name=\"twitter:data1\" content=\"Cristhian Gonz\u00e1lez\" \/>\n\t<meta name=\"twitter:label2\" content=\"Tiempo de lectura\" \/>\n\t<meta name=\"twitter:data2\" content=\"3 minutos\" \/>\n<script type=\"application\/ld+json\" class=\"yoast-schema-graph\">{\"@context\":\"https:\/\/schema.org\",\"@graph\":[{\"@type\":\"Article\",\"@id\":\"https:\/\/www.ocasionplus.com\/noticias\/nuevo-byd-seal-u\/#article\",\"isPartOf\":{\"@id\":\"https:\/\/www.ocasionplus.com\/noticias\/nuevo-byd-seal-u\/\"},\"author\":{\"name\":\"Cristhian Gonz\u00e1lez\",\"@id\":\"https:\/\/www.ocasionplus.com\/noticias\/#\/schema\/person\/db1203be564cc3ded97ad1dbd8aadc5b\"},\"headline\":\"La marca china presenta el nuevo BYD Seal U, un SUV 100% el\u00e9ctrico y con hasta 500 km de autonom\u00eda\",\"datePublished\":\"2024-04-23T09:40:41+00:00\",\"dateModified\":\"2025-03-27T13:01:55+00:00\",\"mainEntityOfPage\":{\"@id\":\"https:\/\/www.ocasionplus.com\/noticias\/nuevo-byd-seal-u\/\"},\"wordCount\":655,\"publisher\":{\"@id\":\"https:\/\/www.ocasionplus.com\/noticias\/#organization\"},\"image\":{\"@id\":\"https:\/\/www.ocasionplus.com\/noticias\/nuevo-byd-seal-u\/#primaryimage\"},\"thumbnailUrl\":\"https:\/\/www.ocasionplus.com\/wp-content\/uploads\/2024\/04\/BYD-Seal-U.jpg\",\"articleSection\":[\"\u00daltimas Noticias\"],\"inLanguage\":\"es\",\"copyrightYear\":\"2024\",\"copyrightHolder\":{\"@id\":\"https:\/\/www.ocasionplus.com\/noticias\/#organization\"}},{\"@type\":\"WebPage\",\"@id\":\"https:\/\/www.ocasionplus.com\/noticias\/nuevo-byd-seal-u\/\",\"url\":\"https:\/\/www.ocasionplus.com\/noticias\/nuevo-byd-seal-u\/\",\"name\":\"La marca china presenta el nuevo BYD Seal U, un SUV 100% el\u00e9ctrico y con hasta 500 km de autonom\u00eda - OcasionPlus Blog\",\"isPartOf\":{\"@id\":\"https:\/\/www.ocasionplus.com\/noticias\/#website\"},\"primaryImageOfPage\":{\"@id\":\"https:\/\/www.ocasionplus.com\/noticias\/nuevo-byd-seal-u\/#primaryimage\"},\"image\":{\"@id\":\"https:\/\/www.ocasionplus.com\/noticias\/nuevo-byd-seal-u\/#primaryimage\"},\"thumbnailUrl\":\"https:\/\/www.ocasionplus.com\/wp-content\/uploads\/2024\/04\/BYD-Seal-U.jpg\",\"datePublished\":\"2024-04-23T09:40:41+00:00\",\"dateModified\":\"2025-03-27T13:01:55+00:00\",\"breadcrumb\":{\"@id\":\"https:\/\/www.ocasionplus.com\/noticias\/nuevo-byd-seal-u\/#breadcrumb\"},\"inLanguage\":\"es\",\"potentialAction\":[{\"@type\":\"ReadAction\",\"target\":[\"https:\/\/www.ocasionplus.com\/noticias\/nuevo-byd-seal-u\/\"]}]},{\"@type\":\"ImageObject\",\"inLanguage\":\"es\",\"@id\":\"https:\/\/www.ocasionplus.com\/noticias\/nuevo-byd-seal-u\/#primaryimage\",\"url\":\"https:\/\/www.ocasionplus.com\/wp-content\/uploads\/2024\/04\/BYD-Seal-U.jpg\",\"contentUrl\":\"https:\/\/www.ocasionplus.com\/wp-content\/uploads\/2024\/04\/BYD-Seal-U.jpg\",\"width\":1280,\"height\":640},{\"@type\":\"BreadcrumbList\",\"@id\":\"https:\/\/www.ocasionplus.com\/noticias\/nuevo-byd-seal-u\/#breadcrumb\",\"itemListElement\":[{\"@type\":\"ListItem\",\"position\":1,\"name\":\"Portada\",\"item\":\"https:\/\/www.ocasionplus.com\/noticias\/\"},{\"@type\":\"ListItem\",\"position\":2,\"name\":\"La marca china presenta el nuevo BYD Seal U, un SUV 100% el\u00e9ctrico y con hasta 500 km de autonom\u00eda\"}]},{\"@type\":\"WebSite\",\"@id\":\"https:\/\/www.ocasionplus.com\/noticias\/#website\",\"url\":\"https:\/\/www.ocasionplus.com\/noticias\/\",\"name\":\"OcasionPlus Blog\",\"description\":\"Veh\u00edculos de ocasi\u00f3n\",\"publisher\":{\"@id\":\"https:\/\/www.ocasionplus.com\/noticias\/#organization\"},\"potentialAction\":[{\"@type\":\"SearchAction\",\"target\":{\"@type\":\"EntryPoint\",\"urlTemplate\":\"https:\/\/www.ocasionplus.com\/noticias\/?s={search_term_string}\"},\"query-input\":{\"@type\":\"PropertyValueSpecification\",\"valueRequired\":true,\"valueName\":\"search_term_string\"}}],\"inLanguage\":\"es\"},{\"@type\":\"Organization\",\"@id\":\"https:\/\/www.ocasionplus.com\/noticias\/#organization\",\"name\":\"OcasionPlus\",\"url\":\"https:\/\/www.ocasionplus.com\/noticias\/\",\"logo\":{\"@type\":\"ImageObject\",\"inLanguage\":\"es\",\"@id\":\"https:\/\/www.ocasionplus.com\/noticias\/#\/schema\/logo\/image\/\",\"url\":\"https:\/\/www.ocasionplus.com\/wp-content\/uploads\/2024\/05\/cropped-cropped-oplus-logo-blog.png\",\"contentUrl\":\"https:\/\/www.ocasionplus.com\/wp-content\/uploads\/2024\/05\/cropped-cropped-oplus-logo-blog.png\",\"width\":360,\"height\":71,\"caption\":\"OcasionPlus\"},\"image\":{\"@id\":\"https:\/\/www.ocasionplus.com\/noticias\/#\/schema\/logo\/image\/\"},\"sameAs\":[\"https:\/\/www.facebook.com\/ocasionplus\",\"https:\/\/x.com\/ocasionplus\",\"https:\/\/www.instagram.com\/ocasion_plus\",\"https:\/\/www.youtube.com\/channel\/UCBiCAto61Lyu27CgI95wrYQ\",\"https:\/\/www.tiktok.com\/@ocasionplus.com\",\"https:\/\/es.linkedin.com\/company\/ocasionplus\"]},{\"@type\":\"Person\",\"@id\":\"https:\/\/www.ocasionplus.com\/noticias\/#\/schema\/person\/db1203be564cc3ded97ad1dbd8aadc5b\",\"name\":\"Cristhian Gonz\u00e1lez\",\"image\":{\"@type\":\"ImageObject\",\"inLanguage\":\"es\",\"@id\":\"https:\/\/www.ocasionplus.com\/noticias\/#\/schema\/person\/image\/\",\"url\":\"https:\/\/secure.gravatar.com\/avatar\/30c0388f0815fd0ab8fb4cfad29866ac?s=96&d=mm&r=g\",\"contentUrl\":\"https:\/\/secure.gravatar.com\/avatar\/30c0388f0815fd0ab8fb4cfad29866ac?s=96&d=mm&r=g\",\"caption\":\"Cristhian Gonz\u00e1lez\"},\"description\":\"Periodista formado en Colombia. Siempre vinculado al deporte y con pasi\u00f3n por los coches. He asistido y cubierto diferentes eventos deportivos para diferentes medios de comunicaci\u00f3n.\"}]}<\/script>\n<!-- \/ Yoast SEO Premium plugin. -->","yoast_head_json":{"title":"La marca china presenta el nuevo BYD Seal U, un SUV 100% el\u00e9ctrico y con hasta 500 km de autonom\u00eda - OcasionPlus Blog","robots":{"index":"index","follow":"follow","max-snippet":"max-snippet:-1","max-image-preview":"max-image-preview:large","max-video-preview":"max-video-preview:-1"},"canonical":"https:\/\/www.ocasionplus.com\/noticias\/nuevo-byd-seal-u\/","og_locale":"es_ES","og_type":"article","og_title":"La marca china presenta el nuevo BYD Seal U, un SUV 100% el\u00e9ctrico y con hasta 500 km de autonom\u00eda","og_description":"Esta semana la marca china lanz\u00f3 en Espa\u00f1a el BYD Seal U, un SUV 100% el\u00e9ctrico, que ofrece una autonom\u00eda de hasta 500 kil\u00f3metros, seg\u00fan el ciclo WLTP. Adem\u00e1s, de una selecci\u00f3n de materiales de alta calidad y una avanzada tecnolog\u00eda en seguridad, conectividad y confort.&nbsp; BYD Seal U El BYD Seal U se encuentra...","og_url":"https:\/\/www.ocasionplus.com\/noticias\/nuevo-byd-seal-u\/","og_site_name":"OcasionPlus Blog","article_publisher":"https:\/\/www.facebook.com\/ocasionplus","article_published_time":"2024-04-23T09:40:41+00:00","article_modified_time":"2025-03-27T13:01:55+00:00","og_image":[{"width":1280,"height":640,"url":"https:\/\/www.ocasionplus.com\/wp-content\/uploads\/2024\/04\/BYD-Seal-U.jpg","type":"image\/jpeg"}],"author":"Cristhian Gonz\u00e1lez","twitter_card":"summary_large_image","twitter_creator":"@ocasionplus","twitter_site":"@ocasionplus","twitter_misc":{"Escrito por":"Cristhian Gonz\u00e1lez","Tiempo de lectura":"3 minutos"},"schema":{"@context":"https:\/\/schema.org","@graph":[{"@type":"Article","@id":"https:\/\/www.ocasionplus.com\/noticias\/nuevo-byd-seal-u\/#article","isPartOf":{"@id":"https:\/\/www.ocasionplus.com\/noticias\/nuevo-byd-seal-u\/"},"author":{"name":"Cristhian Gonz\u00e1lez","@id":"https:\/\/www.ocasionplus.com\/noticias\/#\/schema\/person\/db1203be564cc3ded97ad1dbd8aadc5b"},"headline":"La marca china presenta el nuevo BYD Seal U, un SUV 100% el\u00e9ctrico y con hasta 500 km de autonom\u00eda","datePublished":"2024-04-23T09:40:41+00:00","dateModified":"2025-03-27T13:01:55+00:00","mainEntityOfPage":{"@id":"https:\/\/www.ocasionplus.com\/noticias\/nuevo-byd-seal-u\/"},"wordCount":655,"publisher":{"@id":"https:\/\/www.ocasionplus.com\/noticias\/#organization"},"image":{"@id":"https:\/\/www.ocasionplus.com\/noticias\/nuevo-byd-seal-u\/#primaryimage"},"thumbnailUrl":"https:\/\/www.ocasionplus.com\/wp-content\/uploads\/2024\/04\/BYD-Seal-U.jpg","articleSection":["\u00daltimas Noticias"],"inLanguage":"es","copyrightYear":"2024","copyrightHolder":{"@id":"https:\/\/www.ocasionplus.com\/noticias\/#organization"}},{"@type":"WebPage","@id":"https:\/\/www.ocasionplus.com\/noticias\/nuevo-byd-seal-u\/","url":"https:\/\/www.ocasionplus.com\/noticias\/nuevo-byd-seal-u\/","name":"La marca china presenta el nuevo BYD Seal U, un SUV 100% el\u00e9ctrico y con hasta 500 km de autonom\u00eda - OcasionPlus Blog","isPartOf":{"@id":"https:\/\/www.ocasionplus.com\/noticias\/#website"},"primaryImageOfPage":{"@id":"https:\/\/www.ocasionplus.com\/noticias\/nuevo-byd-seal-u\/#primaryimage"},"image":{"@id":"https:\/\/www.ocasionplus.com\/noticias\/nuevo-byd-seal-u\/#primaryimage"},"thumbnailUrl":"https:\/\/www.ocasionplus.com\/wp-content\/uploads\/2024\/04\/BYD-Seal-U.jpg","datePublished":"2024-04-23T09:40:41+00:00","dateModified":"2025-03-27T13:01:55+00:00","breadcrumb":{"@id":"https:\/\/www.ocasionplus.com\/noticias\/nuevo-byd-seal-u\/#breadcrumb"},"inLanguage":"es","potentialAction":[{"@type":"ReadAction","target":["https:\/\/www.ocasionplus.com\/noticias\/nuevo-byd-seal-u\/"]}]},{"@type":"ImageObject","inLanguage":"es","@id":"https:\/\/www.ocasionplus.com\/noticias\/nuevo-byd-seal-u\/#primaryimage","url":"https:\/\/www.ocasionplus.com\/wp-content\/uploads\/2024\/04\/BYD-Seal-U.jpg","contentUrl":"https:\/\/www.ocasionplus.com\/wp-content\/uploads\/2024\/04\/BYD-Seal-U.jpg","width":1280,"height":640},{"@type":"BreadcrumbList","@id":"https:\/\/www.ocasionplus.com\/noticias\/nuevo-byd-seal-u\/#breadcrumb","itemListElement":[{"@type":"ListItem","position":1,"name":"Portada","item":"https:\/\/www.ocasionplus.com\/noticias\/"},{"@type":"ListItem","position":2,"name":"La marca china presenta el nuevo BYD Seal U, un SUV 100% el\u00e9ctrico y con hasta 500 km de autonom\u00eda"}]},{"@type":"WebSite","@id":"https:\/\/www.ocasionplus.com\/noticias\/#website","url":"https:\/\/www.ocasionplus.com\/noticias\/","name":"OcasionPlus Blog","description":"Veh\u00edculos de ocasi\u00f3n","publisher":{"@id":"https:\/\/www.ocasionplus.com\/noticias\/#organization"},"potentialAction":[{"@type":"SearchAction","target":{"@type":"EntryPoint","urlTemplate":"https:\/\/www.ocasionplus.com\/noticias\/?s={search_term_string}"},"query-input":{"@type":"PropertyValueSpecification","valueRequired":true,"valueName":"search_term_string"}}],"inLanguage":"es"},{"@type":"Organization","@id":"https:\/\/www.ocasionplus.com\/noticias\/#organization","name":"OcasionPlus","url":"https:\/\/www.ocasionplus.com\/noticias\/","logo":{"@type":"ImageObject","inLanguage":"es","@id":"https:\/\/www.ocasionplus.com\/noticias\/#\/schema\/logo\/image\/","url":"https:\/\/www.ocasionplus.com\/wp-content\/uploads\/2024\/05\/cropped-cropped-oplus-logo-blog.png","contentUrl":"https:\/\/www.ocasionplus.com\/wp-content\/uploads\/2024\/05\/cropped-cropped-oplus-logo-blog.png","width":360,"height":71,"caption":"OcasionPlus"},"image":{"@id":"https:\/\/www.ocasionplus.com\/noticias\/#\/schema\/logo\/image\/"},"sameAs":["https:\/\/www.facebook.com\/ocasionplus","https:\/\/x.com\/ocasionplus","https:\/\/www.instagram.com\/ocasion_plus","https:\/\/www.youtube.com\/channel\/UCBiCAto61Lyu27CgI95wrYQ","https:\/\/www.tiktok.com\/@ocasionplus.com","https:\/\/es.linkedin.com\/company\/ocasionplus"]},{"@type":"Person","@id":"https:\/\/www.ocasionplus.com\/noticias\/#\/schema\/person\/db1203be564cc3ded97ad1dbd8aadc5b","name":"Cristhian Gonz\u00e1lez","image":{"@type":"ImageObject","inLanguage":"es","@id":"https:\/\/www.ocasionplus.com\/noticias\/#\/schema\/person\/image\/","url":"https:\/\/secure.gravatar.com\/avatar\/30c0388f0815fd0ab8fb4cfad29866ac?s=96&d=mm&r=g","contentUrl":"https:\/\/secure.gravatar.com\/avatar\/30c0388f0815fd0ab8fb4cfad29866ac?s=96&d=mm&r=g","caption":"Cristhian Gonz\u00e1lez"},"description":"Periodista formado en Colombia. Siempre vinculado al deporte y con pasi\u00f3n por los coches. He asistido y cubierto diferentes eventos deportivos para diferentes medios de comunicaci\u00f3n."}]}},"jetpack_featured_media_url":"https:\/\/www.ocasionplus.com\/wp-content\/uploads\/2024\/04\/BYD-Seal-U.jpg","_links":{"self":[{"href":"https:\/\/www.ocasionplus.com\/noticias\/wp-json\/wp\/v2\/posts\/10905","targetHints":{"allow":["GET"]}}],"collection":[{"href":"https:\/\/www.ocasionplus.com\/noticias\/wp-json\/wp\/v2\/posts"}],"about":[{"href":"https:\/\/www.ocasionplus.com\/noticias\/wp-json\/wp\/v2\/types\/post"}],"author":[{"embeddable":true,"href":"https:\/\/www.ocasionplus.com\/noticias\/wp-json\/wp\/v2\/users\/3"}],"replies":[{"embeddable":true,"href":"https:\/\/www.ocasionplus.com\/noticias\/wp-json\/wp\/v2\/comments?post=10905"}],"version-history":[{"count":1,"href":"https:\/\/www.ocasionplus.com\/noticias\/wp-json\/wp\/v2\/posts\/10905\/revisions"}],"predecessor-version":[{"id":13054,"href":"https:\/\/www.ocasionplus.com\/noticias\/wp-json\/wp\/v2\/posts\/10905\/revisions\/13054"}],"wp:featuredmedia":[{"embeddable":true,"href":"https:\/\/www.ocasionplus.com\/noticias\/wp-json\/wp\/v2\/media\/10907"}],"wp:attachment":[{"href":"https:\/\/www.ocasionplus.com\/noticias\/wp-json\/wp\/v2\/media?parent=10905"}],"wp:term":[{"taxonomy":"category","embeddable":true,"href":"https:\/\/www.ocasionplus.com\/noticias\/wp-json\/wp\/v2\/categories?post=10905"},{"taxonomy":"post_tag","embeddable":true,"href":"https:\/\/www.ocasionplus.com\/noticias\/wp-json\/wp\/v2\/tags?post=10905"}],"curies":[{"name":"wp","href":"https:\/\/api.w.org\/{rel}","templated":true}]}}