{"id":10932,"date":"2024-04-23T16:09:36","date_gmt":"2024-04-23T14:09:36","guid":{"rendered":"https:\/\/blog.ocasionplus.com\/?p=10932"},"modified":"2025-03-27T14:01:55","modified_gmt":"2025-03-27T13:01:55","slug":"nuevo-opel-grandland-presenta-nueva-generacion","status":"publish","type":"post","link":"https:\/\/www.ocasionplus.com\/noticias\/nuevo-opel-grandland-presenta-nueva-generacion\/","title":{"rendered":"Nuevo Opel Grandland presenta nueva generaci\u00f3n"},"content":{"rendered":"\n<p><a href=\"https:\/\/www.ocasionplus.com\/coches-ocasion\/opel\/\"><strong><mark style=\"background-color:rgba(0, 0, 0, 0)\" class=\"has-inline-color has-vivid-cyan-blue-color\">Opel <\/mark><\/strong><\/a>presenta la nueva generaci\u00f3n del <strong>Grandland <\/strong>como un <strong>SUV elegante, din\u00e1mico, espacioso y vers\u00e1til<\/strong> con una gama <strong>completamente electrificada<\/strong> y una versi\u00f3n <strong>100% el\u00e9ctrica<\/strong>. El nuevo Opel Grandland llega con un dise\u00f1o muy renovado, heredado del prototipo <strong>Opel Experimental<\/strong> y que se han hecho realidad en este modelo todoterreno. Este modelo se presenta como uno de los modelos del <a href=\"https:\/\/www.ocasionplus.com\/coches-ocasion\/todoterreno\"><strong><mark style=\"background-color:rgba(0, 0, 0, 0)\" class=\"has-inline-color has-vivid-cyan-blue-color\">sector de los coches todoterreno<\/mark><\/strong><\/a> m\u00e1s vers\u00e1til y con un aspecto m\u00e1s deportivo del mercado.<\/p>\n\n\n\n<p>Este modelo se construye bajo la nueva plataforma de <strong>Stellantis <\/strong>denominada <strong>STLA<\/strong>, con un nuevo dise\u00f1o de las bater\u00edas planas que permiten una <strong>capacidad de 98kWh<\/strong>, lo que permitir\u00e1 al nuevo <strong>Opel GrandLand 100% el\u00e9ctrico<\/strong> tener una autonom\u00eda de <strong>hasta 700 kil\u00f3metros<\/strong> seg\u00fan el ciclo <strong>WLTP<\/strong>. Esto supone una ofensiva hacia la electrificaci\u00f3n de la gama al completo y en el segmento de los<strong> C-SUV<\/strong>. Adem\u00e1s, Opel garantiza la recarga del 80% de la bater\u00eda en un periodo de tiempo de tan solo 26 minutos en una estaci\u00f3n de carga r\u00e1pida p\u00fablica.<\/p>\n\n\n\n<p>En el aspecto exterior, el nuevo <a href=\"https:\/\/www.ocasionplus.com\/coches-ocasion\/opel\/grandland\"><strong><mark style=\"background-color:rgba(0, 0, 0, 0)\" class=\"has-inline-color has-vivid-cyan-blue-color\">Opel Grandland<\/mark><\/strong><\/a> tambi\u00e9n ha sufrido una transformaci\u00f3n profunda, tanto en tama\u00f1o como en dise\u00f1o, pues cuenta comuna longitud de 4650 mm, ganando 17 cent\u00edmetros a su predecesor, llantas de aleaci\u00f3n de 20 pulgadas y el desarrollo del <strong>3D Vizor <\/strong>que a\u00f1ade grandeza al modelo que combina el nuevo logotipo de <strong>Opel Blitz<\/strong>, presente en el frontal del<strong> Opel Grandland<\/strong>.\u00a0<\/p>\n\n\n\n<figure class=\"wp-block-image size-large\"><img decoding=\"async\" src=\"https:\/\/blog.ocasionplus.com\/wp-content\/uploads\/2024\/04\/NewOpelGrandland4-1024x675.jpg\" alt=\"Nuevo Opel Grandland\" class=\"wp-image-10933\"\/><figcaption class=\"wp-element-caption\">Nuevo zaga del nuevo Opel Grandland<\/figcaption><\/figure>\n\n\n\n<p>El frontal cuenta con la innovaci\u00f3n lum\u00ednica <strong>Intelli-Lux Pixel Matrix HD<\/strong>, que ofrece 50.000 elementos para la distribuci\u00f3n de la luz de alta definici\u00f3n. De esta manera, en funci\u00f3n del estado del tr\u00e1fico, gracias a una c\u00e1mara frontal que detecta los objetos que se aproximan al veh\u00edculo y esta tecnolog\u00eda, recorta estos objetos con mayor precisi\u00f3n para evitar deslumbramientos y obtener una mejor visi\u00f3n de la carretera.<\/p>\n\n\n\n<p>La nueva carrocer\u00eda del <strong>Opel Grandland <\/strong>ofrece un techo flotante bitono para lograr un aspecto elegante y estilizado, con un estilo fluido y org\u00e1nico. Al ser un SUV cuenta con unos pasos de ruedas afilados y sobredimensionados para mostrar un aspecto robusto.&nbsp;<\/p>\n\n\n\n<p>El interior cuenta con <strong>un habit\u00e1culo muy espacioso<\/strong>, gracias al aumento de las dimensiones generales del modelo, de manera que se convierte en un veh\u00edculo orientado a la familia, este modelo cuenta con 35 litros de capacidad adicional sumando todos los compartimentos interiores.\u00a0<\/p>\n\n\n\n<figure class=\"wp-block-image size-large\"><img decoding=\"async\" src=\"https:\/\/blog.ocasionplus.com\/wp-content\/uploads\/2024\/04\/NewOpelGrandland9-1024x689.jpg\" alt=\"Nuevo Opel Grandland\" class=\"wp-image-10935\"\/><figcaption class=\"wp-element-caption\">Interior del nuevo Opel Grandland<\/figcaption><\/figure>\n\n\n\n<p>El <strong>Opel Grandland<\/strong> cuenta con una pantalla central de infoentretenimiento de 16 pulgadas orientada ligeramente hacia el conductor, que ofrece una sensaci\u00f3n deportiva. Adem\u00e1s de un cuadro de instrumentos completamente digital y amplio que muestra la informaci\u00f3n esencial, combinado con un <strong>Head-Up Display<\/strong> que evita apartar la mirada de la carretera.<\/p>\n\n\n\n<p>Adem\u00e1s, este modelo est\u00e1 <strong>inundado de innovaciones tecnol\u00f3gicas de asistencia al conductor<\/strong> como el Control de Crucero Autom\u00e1tico con funci\u00f3n Stop &amp; Go, reconocimiento de se\u00f1ales de tr\u00e1fico, la adaptaci\u00f3n Inteligente de la Velocidad y Sistema de Frenado de Emergencia con Sensor de Colisi\u00f3n. Asimismo, incorpora el sistema Intelli-Drive 2.0 con asistente de cambio de carril semiautom\u00e1tico y adaptaci\u00f3n de la velocidad recomendada; c\u00e1mara trasera y delantera y c\u00e1mara Intelli-Vision de 360\u00ba.<\/p>\n\n\n\n<p>El <strong>nuevo Opel Grandland<\/strong> contar\u00e1 con una propulsi\u00f3n <strong>h\u00edbrida enchufable\u00a0 e h\u00edbrida con tecnolog\u00eda de 48V<\/strong> que ofrecen unas reducidas emisiones de CO\u2082 y un consumo reducido, seg\u00fan su ciclo WLTP que Opel todav\u00eda no ha hecho oficial.<\/p>\n\n\n\n<p>El mercado de los coches todoterreno est\u00e1 muy saturado de nuevos modelos, por lo que te muestro <strong><a href=\"https:\/\/blog.ocasionplus.com\/top-5-suv-que-puedes-comprar-en-madrid\/\"><mark style=\"background-color:rgba(0, 0, 0, 0)\" class=\"has-inline-color has-vivid-cyan-blue-color\">el ranking de los 5 coches todoterreno que puedes comprar<\/mark><\/a><\/strong>.<\/p>\n","protected":false},"excerpt":{"rendered":"<p>Opel presenta la nueva generaci\u00f3n del Grandland como un SUV elegante, din\u00e1mico, espacioso y vers\u00e1til con una gama completamente electrificada y una versi\u00f3n 100% el\u00e9ctrica. El nuevo Opel Grandland llega con un dise\u00f1o muy renovado, heredado del prototipo Opel Experimental y que se han hecho realidad en este modelo todoterreno. Este modelo se presenta como&#8230;<\/p>\n","protected":false},"author":2,"featured_media":10934,"comment_status":"closed","ping_status":"closed","sticky":false,"template":"","format":"standard","meta":{"footnotes":""},"categories":[2],"tags":[],"class_list":["post-10932","post","type-post","status-publish","format-standard","has-post-thumbnail","hentry","category-ultimas-noticias"],"yoast_head":"<!-- This site is optimized with the Yoast SEO Premium plugin v24.8 (Yoast SEO v24.8.1) - https:\/\/yoast.com\/wordpress\/plugins\/seo\/ -->\n<title>Nuevo Opel Grandland presenta nueva generaci\u00f3n - OcasionPlus Blog<\/title>\n<meta name=\"robots\" content=\"index, follow, max-snippet:-1, max-image-preview:large, max-video-preview:-1\" \/>\n<link rel=\"canonical\" href=\"https:\/\/www.ocasionplus.com\/noticias\/nuevo-opel-grandland-presenta-nueva-generacion\/\" \/>\n<meta property=\"og:locale\" content=\"es_ES\" \/>\n<meta property=\"og:type\" content=\"article\" \/>\n<meta property=\"og:title\" content=\"Nuevo Opel Grandland presenta nueva generaci\u00f3n\" \/>\n<meta property=\"og:description\" content=\"Opel presenta la nueva generaci\u00f3n del Grandland como un SUV elegante, din\u00e1mico, espacioso y vers\u00e1til con una gama completamente electrificada y una versi\u00f3n 100% el\u00e9ctrica. El nuevo Opel Grandland llega con un dise\u00f1o muy renovado, heredado del prototipo Opel Experimental y que se han hecho realidad en este modelo todoterreno. Este modelo se presenta como...\" \/>\n<meta property=\"og:url\" content=\"https:\/\/www.ocasionplus.com\/noticias\/nuevo-opel-grandland-presenta-nueva-generacion\/\" \/>\n<meta property=\"og:site_name\" content=\"OcasionPlus Blog\" \/>\n<meta property=\"article:publisher\" content=\"https:\/\/www.facebook.com\/ocasionplus\" \/>\n<meta property=\"article:published_time\" content=\"2024-04-23T14:09:36+00:00\" \/>\n<meta property=\"article:modified_time\" content=\"2025-03-27T13:01:55+00:00\" \/>\n<meta property=\"og:image\" content=\"https:\/\/www.ocasionplus.com\/wp-content\/uploads\/2024\/04\/NewOpelGrandland-scaled-1.jpg\" \/>\n\t<meta property=\"og:image:width\" content=\"2560\" \/>\n\t<meta property=\"og:image:height\" content=\"1710\" \/>\n\t<meta property=\"og:image:type\" content=\"image\/jpeg\" \/>\n<meta name=\"author\" content=\"OcasionPlus\" \/>\n<meta name=\"twitter:card\" content=\"summary_large_image\" \/>\n<meta name=\"twitter:creator\" content=\"@ocasionplus\" \/>\n<meta name=\"twitter:site\" content=\"@ocasionplus\" \/>\n<meta name=\"twitter:label1\" content=\"Escrito por\" \/>\n\t<meta name=\"twitter:data1\" content=\"OcasionPlus\" \/>\n\t<meta name=\"twitter:label2\" content=\"Tiempo de lectura\" \/>\n\t<meta name=\"twitter:data2\" content=\"3 minutos\" \/>\n<script type=\"application\/ld+json\" class=\"yoast-schema-graph\">{\"@context\":\"https:\/\/schema.org\",\"@graph\":[{\"@type\":\"Article\",\"@id\":\"https:\/\/www.ocasionplus.com\/noticias\/nuevo-opel-grandland-presenta-nueva-generacion\/#article\",\"isPartOf\":{\"@id\":\"https:\/\/www.ocasionplus.com\/noticias\/nuevo-opel-grandland-presenta-nueva-generacion\/\"},\"author\":{\"name\":\"OcasionPlus\",\"@id\":\"https:\/\/www.ocasionplus.com\/noticias\/#\/schema\/person\/7ab10ae859759ef2622b28e83ba868eb\"},\"headline\":\"Nuevo Opel Grandland presenta nueva generaci\u00f3n\",\"datePublished\":\"2024-04-23T14:09:36+00:00\",\"dateModified\":\"2025-03-27T13:01:55+00:00\",\"mainEntityOfPage\":{\"@id\":\"https:\/\/www.ocasionplus.com\/noticias\/nuevo-opel-grandland-presenta-nueva-generacion\/\"},\"wordCount\":641,\"publisher\":{\"@id\":\"https:\/\/www.ocasionplus.com\/noticias\/#organization\"},\"image\":{\"@id\":\"https:\/\/www.ocasionplus.com\/noticias\/nuevo-opel-grandland-presenta-nueva-generacion\/#primaryimage\"},\"thumbnailUrl\":\"https:\/\/www.ocasionplus.com\/wp-content\/uploads\/2024\/04\/NewOpelGrandland-scaled-1.jpg\",\"articleSection\":[\"\u00daltimas Noticias\"],\"inLanguage\":\"es\",\"copyrightYear\":\"2024\",\"copyrightHolder\":{\"@id\":\"https:\/\/www.ocasionplus.com\/noticias\/#organization\"}},{\"@type\":\"WebPage\",\"@id\":\"https:\/\/www.ocasionplus.com\/noticias\/nuevo-opel-grandland-presenta-nueva-generacion\/\",\"url\":\"https:\/\/www.ocasionplus.com\/noticias\/nuevo-opel-grandland-presenta-nueva-generacion\/\",\"name\":\"Nuevo Opel Grandland presenta nueva generaci\u00f3n - OcasionPlus Blog\",\"isPartOf\":{\"@id\":\"https:\/\/www.ocasionplus.com\/noticias\/#website\"},\"primaryImageOfPage\":{\"@id\":\"https:\/\/www.ocasionplus.com\/noticias\/nuevo-opel-grandland-presenta-nueva-generacion\/#primaryimage\"},\"image\":{\"@id\":\"https:\/\/www.ocasionplus.com\/noticias\/nuevo-opel-grandland-presenta-nueva-generacion\/#primaryimage\"},\"thumbnailUrl\":\"https:\/\/www.ocasionplus.com\/wp-content\/uploads\/2024\/04\/NewOpelGrandland-scaled-1.jpg\",\"datePublished\":\"2024-04-23T14:09:36+00:00\",\"dateModified\":\"2025-03-27T13:01:55+00:00\",\"breadcrumb\":{\"@id\":\"https:\/\/www.ocasionplus.com\/noticias\/nuevo-opel-grandland-presenta-nueva-generacion\/#breadcrumb\"},\"inLanguage\":\"es\",\"potentialAction\":[{\"@type\":\"ReadAction\",\"target\":[\"https:\/\/www.ocasionplus.com\/noticias\/nuevo-opel-grandland-presenta-nueva-generacion\/\"]}]},{\"@type\":\"ImageObject\",\"inLanguage\":\"es\",\"@id\":\"https:\/\/www.ocasionplus.com\/noticias\/nuevo-opel-grandland-presenta-nueva-generacion\/#primaryimage\",\"url\":\"https:\/\/www.ocasionplus.com\/wp-content\/uploads\/2024\/04\/NewOpelGrandland-scaled-1.jpg\",\"contentUrl\":\"https:\/\/www.ocasionplus.com\/wp-content\/uploads\/2024\/04\/NewOpelGrandland-scaled-1.jpg\",\"width\":2560,\"height\":1710,\"caption\":\"Nuevo Opel Grandland\"},{\"@type\":\"BreadcrumbList\",\"@id\":\"https:\/\/www.ocasionplus.com\/noticias\/nuevo-opel-grandland-presenta-nueva-generacion\/#breadcrumb\",\"itemListElement\":[{\"@type\":\"ListItem\",\"position\":1,\"name\":\"Portada\",\"item\":\"https:\/\/www.ocasionplus.com\/noticias\/\"},{\"@type\":\"ListItem\",\"position\":2,\"name\":\"Nuevo Opel Grandland presenta nueva generaci\u00f3n\"}]},{\"@type\":\"WebSite\",\"@id\":\"https:\/\/www.ocasionplus.com\/noticias\/#website\",\"url\":\"https:\/\/www.ocasionplus.com\/noticias\/\",\"name\":\"OcasionPlus Blog\",\"description\":\"Veh\u00edculos de ocasi\u00f3n\",\"publisher\":{\"@id\":\"https:\/\/www.ocasionplus.com\/noticias\/#organization\"},\"potentialAction\":[{\"@type\":\"SearchAction\",\"target\":{\"@type\":\"EntryPoint\",\"urlTemplate\":\"https:\/\/www.ocasionplus.com\/noticias\/?s={search_term_string}\"},\"query-input\":{\"@type\":\"PropertyValueSpecification\",\"valueRequired\":true,\"valueName\":\"search_term_string\"}}],\"inLanguage\":\"es\"},{\"@type\":\"Organization\",\"@id\":\"https:\/\/www.ocasionplus.com\/noticias\/#organization\",\"name\":\"OcasionPlus\",\"url\":\"https:\/\/www.ocasionplus.com\/noticias\/\",\"logo\":{\"@type\":\"ImageObject\",\"inLanguage\":\"es\",\"@id\":\"https:\/\/www.ocasionplus.com\/noticias\/#\/schema\/logo\/image\/\",\"url\":\"https:\/\/www.ocasionplus.com\/wp-content\/uploads\/2024\/05\/cropped-cropped-oplus-logo-blog.png\",\"contentUrl\":\"https:\/\/www.ocasionplus.com\/wp-content\/uploads\/2024\/05\/cropped-cropped-oplus-logo-blog.png\",\"width\":360,\"height\":71,\"caption\":\"OcasionPlus\"},\"image\":{\"@id\":\"https:\/\/www.ocasionplus.com\/noticias\/#\/schema\/logo\/image\/\"},\"sameAs\":[\"https:\/\/www.facebook.com\/ocasionplus\",\"https:\/\/x.com\/ocasionplus\",\"https:\/\/www.instagram.com\/ocasion_plus\",\"https:\/\/www.youtube.com\/channel\/UCBiCAto61Lyu27CgI95wrYQ\",\"https:\/\/www.tiktok.com\/@ocasionplus.com\",\"https:\/\/es.linkedin.com\/company\/ocasionplus\"]},{\"@type\":\"Person\",\"@id\":\"https:\/\/www.ocasionplus.com\/noticias\/#\/schema\/person\/7ab10ae859759ef2622b28e83ba868eb\",\"name\":\"OcasionPlus\",\"image\":{\"@type\":\"ImageObject\",\"inLanguage\":\"es\",\"@id\":\"https:\/\/www.ocasionplus.com\/noticias\/#\/schema\/person\/image\/\",\"url\":\"https:\/\/www.ocasionplus.com\/wp-content\/uploads\/2024\/07\/ocasionplus_avatar-96x96.jpg\",\"contentUrl\":\"https:\/\/www.ocasionplus.com\/wp-content\/uploads\/2024\/07\/ocasionplus_avatar-96x96.jpg\",\"caption\":\"OcasionPlus\"}}]}<\/script>\n<!-- \/ Yoast SEO Premium plugin. -->","yoast_head_json":{"title":"Nuevo Opel Grandland presenta nueva generaci\u00f3n - OcasionPlus Blog","robots":{"index":"index","follow":"follow","max-snippet":"max-snippet:-1","max-image-preview":"max-image-preview:large","max-video-preview":"max-video-preview:-1"},"canonical":"https:\/\/www.ocasionplus.com\/noticias\/nuevo-opel-grandland-presenta-nueva-generacion\/","og_locale":"es_ES","og_type":"article","og_title":"Nuevo Opel Grandland presenta nueva generaci\u00f3n","og_description":"Opel presenta la nueva generaci\u00f3n del Grandland como un SUV elegante, din\u00e1mico, espacioso y vers\u00e1til con una gama completamente electrificada y una versi\u00f3n 100% el\u00e9ctrica. El nuevo Opel Grandland llega con un dise\u00f1o muy renovado, heredado del prototipo Opel Experimental y que se han hecho realidad en este modelo todoterreno. Este modelo se presenta como...","og_url":"https:\/\/www.ocasionplus.com\/noticias\/nuevo-opel-grandland-presenta-nueva-generacion\/","og_site_name":"OcasionPlus Blog","article_publisher":"https:\/\/www.facebook.com\/ocasionplus","article_published_time":"2024-04-23T14:09:36+00:00","article_modified_time":"2025-03-27T13:01:55+00:00","og_image":[{"width":2560,"height":1710,"url":"https:\/\/www.ocasionplus.com\/wp-content\/uploads\/2024\/04\/NewOpelGrandland-scaled-1.jpg","type":"image\/jpeg"}],"author":"OcasionPlus","twitter_card":"summary_large_image","twitter_creator":"@ocasionplus","twitter_site":"@ocasionplus","twitter_misc":{"Escrito por":"OcasionPlus","Tiempo de lectura":"3 minutos"},"schema":{"@context":"https:\/\/schema.org","@graph":[{"@type":"Article","@id":"https:\/\/www.ocasionplus.com\/noticias\/nuevo-opel-grandland-presenta-nueva-generacion\/#article","isPartOf":{"@id":"https:\/\/www.ocasionplus.com\/noticias\/nuevo-opel-grandland-presenta-nueva-generacion\/"},"author":{"name":"OcasionPlus","@id":"https:\/\/www.ocasionplus.com\/noticias\/#\/schema\/person\/7ab10ae859759ef2622b28e83ba868eb"},"headline":"Nuevo Opel Grandland presenta nueva generaci\u00f3n","datePublished":"2024-04-23T14:09:36+00:00","dateModified":"2025-03-27T13:01:55+00:00","mainEntityOfPage":{"@id":"https:\/\/www.ocasionplus.com\/noticias\/nuevo-opel-grandland-presenta-nueva-generacion\/"},"wordCount":641,"publisher":{"@id":"https:\/\/www.ocasionplus.com\/noticias\/#organization"},"image":{"@id":"https:\/\/www.ocasionplus.com\/noticias\/nuevo-opel-grandland-presenta-nueva-generacion\/#primaryimage"},"thumbnailUrl":"https:\/\/www.ocasionplus.com\/wp-content\/uploads\/2024\/04\/NewOpelGrandland-scaled-1.jpg","articleSection":["\u00daltimas Noticias"],"inLanguage":"es","copyrightYear":"2024","copyrightHolder":{"@id":"https:\/\/www.ocasionplus.com\/noticias\/#organization"}},{"@type":"WebPage","@id":"https:\/\/www.ocasionplus.com\/noticias\/nuevo-opel-grandland-presenta-nueva-generacion\/","url":"https:\/\/www.ocasionplus.com\/noticias\/nuevo-opel-grandland-presenta-nueva-generacion\/","name":"Nuevo Opel Grandland presenta nueva generaci\u00f3n - OcasionPlus Blog","isPartOf":{"@id":"https:\/\/www.ocasionplus.com\/noticias\/#website"},"primaryImageOfPage":{"@id":"https:\/\/www.ocasionplus.com\/noticias\/nuevo-opel-grandland-presenta-nueva-generacion\/#primaryimage"},"image":{"@id":"https:\/\/www.ocasionplus.com\/noticias\/nuevo-opel-grandland-presenta-nueva-generacion\/#primaryimage"},"thumbnailUrl":"https:\/\/www.ocasionplus.com\/wp-content\/uploads\/2024\/04\/NewOpelGrandland-scaled-1.jpg","datePublished":"2024-04-23T14:09:36+00:00","dateModified":"2025-03-27T13:01:55+00:00","breadcrumb":{"@id":"https:\/\/www.ocasionplus.com\/noticias\/nuevo-opel-grandland-presenta-nueva-generacion\/#breadcrumb"},"inLanguage":"es","potentialAction":[{"@type":"ReadAction","target":["https:\/\/www.ocasionplus.com\/noticias\/nuevo-opel-grandland-presenta-nueva-generacion\/"]}]},{"@type":"ImageObject","inLanguage":"es","@id":"https:\/\/www.ocasionplus.com\/noticias\/nuevo-opel-grandland-presenta-nueva-generacion\/#primaryimage","url":"https:\/\/www.ocasionplus.com\/wp-content\/uploads\/2024\/04\/NewOpelGrandland-scaled-1.jpg","contentUrl":"https:\/\/www.ocasionplus.com\/wp-content\/uploads\/2024\/04\/NewOpelGrandland-scaled-1.jpg","width":2560,"height":1710,"caption":"Nuevo Opel Grandland"},{"@type":"BreadcrumbList","@id":"https:\/\/www.ocasionplus.com\/noticias\/nuevo-opel-grandland-presenta-nueva-generacion\/#breadcrumb","itemListElement":[{"@type":"ListItem","position":1,"name":"Portada","item":"https:\/\/www.ocasionplus.com\/noticias\/"},{"@type":"ListItem","position":2,"name":"Nuevo Opel Grandland presenta nueva generaci\u00f3n"}]},{"@type":"WebSite","@id":"https:\/\/www.ocasionplus.com\/noticias\/#website","url":"https:\/\/www.ocasionplus.com\/noticias\/","name":"OcasionPlus Blog","description":"Veh\u00edculos de ocasi\u00f3n","publisher":{"@id":"https:\/\/www.ocasionplus.com\/noticias\/#organization"},"potentialAction":[{"@type":"SearchAction","target":{"@type":"EntryPoint","urlTemplate":"https:\/\/www.ocasionplus.com\/noticias\/?s={search_term_string}"},"query-input":{"@type":"PropertyValueSpecification","valueRequired":true,"valueName":"search_term_string"}}],"inLanguage":"es"},{"@type":"Organization","@id":"https:\/\/www.ocasionplus.com\/noticias\/#organization","name":"OcasionPlus","url":"https:\/\/www.ocasionplus.com\/noticias\/","logo":{"@type":"ImageObject","inLanguage":"es","@id":"https:\/\/www.ocasionplus.com\/noticias\/#\/schema\/logo\/image\/","url":"https:\/\/www.ocasionplus.com\/wp-content\/uploads\/2024\/05\/cropped-cropped-oplus-logo-blog.png","contentUrl":"https:\/\/www.ocasionplus.com\/wp-content\/uploads\/2024\/05\/cropped-cropped-oplus-logo-blog.png","width":360,"height":71,"caption":"OcasionPlus"},"image":{"@id":"https:\/\/www.ocasionplus.com\/noticias\/#\/schema\/logo\/image\/"},"sameAs":["https:\/\/www.facebook.com\/ocasionplus","https:\/\/x.com\/ocasionplus","https:\/\/www.instagram.com\/ocasion_plus","https:\/\/www.youtube.com\/channel\/UCBiCAto61Lyu27CgI95wrYQ","https:\/\/www.tiktok.com\/@ocasionplus.com","https:\/\/es.linkedin.com\/company\/ocasionplus"]},{"@type":"Person","@id":"https:\/\/www.ocasionplus.com\/noticias\/#\/schema\/person\/7ab10ae859759ef2622b28e83ba868eb","name":"OcasionPlus","image":{"@type":"ImageObject","inLanguage":"es","@id":"https:\/\/www.ocasionplus.com\/noticias\/#\/schema\/person\/image\/","url":"https:\/\/www.ocasionplus.com\/wp-content\/uploads\/2024\/07\/ocasionplus_avatar-96x96.jpg","contentUrl":"https:\/\/www.ocasionplus.com\/wp-content\/uploads\/2024\/07\/ocasionplus_avatar-96x96.jpg","caption":"OcasionPlus"}}]}},"jetpack_featured_media_url":"https:\/\/www.ocasionplus.com\/wp-content\/uploads\/2024\/04\/NewOpelGrandland-scaled-1.jpg","_links":{"self":[{"href":"https:\/\/www.ocasionplus.com\/noticias\/wp-json\/wp\/v2\/posts\/10932","targetHints":{"allow":["GET"]}}],"collection":[{"href":"https:\/\/www.ocasionplus.com\/noticias\/wp-json\/wp\/v2\/posts"}],"about":[{"href":"https:\/\/www.ocasionplus.com\/noticias\/wp-json\/wp\/v2\/types\/post"}],"author":[{"embeddable":true,"href":"https:\/\/www.ocasionplus.com\/noticias\/wp-json\/wp\/v2\/users\/2"}],"replies":[{"embeddable":true,"href":"https:\/\/www.ocasionplus.com\/noticias\/wp-json\/wp\/v2\/comments?post=10932"}],"version-history":[{"count":1,"href":"https:\/\/www.ocasionplus.com\/noticias\/wp-json\/wp\/v2\/posts\/10932\/revisions"}],"predecessor-version":[{"id":13053,"href":"https:\/\/www.ocasionplus.com\/noticias\/wp-json\/wp\/v2\/posts\/10932\/revisions\/13053"}],"wp:featuredmedia":[{"embeddable":true,"href":"https:\/\/www.ocasionplus.com\/noticias\/wp-json\/wp\/v2\/media\/10934"}],"wp:attachment":[{"href":"https:\/\/www.ocasionplus.com\/noticias\/wp-json\/wp\/v2\/media?parent=10932"}],"wp:term":[{"taxonomy":"category","embeddable":true,"href":"https:\/\/www.ocasionplus.com\/noticias\/wp-json\/wp\/v2\/categories?post=10932"},{"taxonomy":"post_tag","embeddable":true,"href":"https:\/\/www.ocasionplus.com\/noticias\/wp-json\/wp\/v2\/tags?post=10932"}],"curies":[{"name":"wp","href":"https:\/\/api.w.org\/{rel}","templated":true}]}}