{"id":10977,"date":"2024-04-25T12:25:20","date_gmt":"2024-04-25T10:25:20","guid":{"rendered":"https:\/\/blog.ocasionplus.com\/?p=10977"},"modified":"2025-03-27T14:01:51","modified_gmt":"2025-03-27T13:01:51","slug":"ya-hay-precios-para-el-nuevo-alfa-romeo-junior-en-el-mercado-espanol","status":"publish","type":"post","link":"https:\/\/www.ocasionplus.com\/noticias\/ya-hay-precios-para-el-nuevo-alfa-romeo-junior-en-el-mercado-espanol\/","title":{"rendered":"Ya hay precios para el Nuevo Alfa Romeo Junior en el mercado espa\u00f1ol"},"content":{"rendered":"\n<p>El<strong> Alfa Romeo Junior<\/strong> fue presentado hace unas semanas sin dejar de lado<strong><a href=\"https:\/\/blog.ocasionplus.com\/alfa-romeo-da-marcha-a-atras-y-renombra-al-milano-como-junior\/\"><mark style=\"background-color:rgba(0, 0, 0, 0)\" class=\"has-inline-color has-vivid-cyan-blue-color\"> la pol\u00e9mica con el Gobierno Italiano al presentar este nuevo modelo bajo el nombre de Milano, haciendo referencia a la ciudad del norte de Italia e inferir con la doctrina del Made In Italy<\/mark><\/a><\/strong> que no cumpl\u00eda la marca.<\/p>\n\n\n\n<p>Resueltos los problemas de nomenclatura, <strong>Alfa Romeo Junior<\/strong> comienza la apertura de los pedidos en la red de concesionarios espa\u00f1oles, donde podr\u00e1s encontrar una gran gama de motorizaciones h\u00edbridas y 100% el\u00e9ctricas. Por ello, tendr\u00e1s acceso al <strong>Alfa Romeo Junior Elettrica y Elettrica S\u00e8ciale<\/strong> con un precio que parte desde los 38.500 euros, hasta los 41.000 euros, equipadas con una motorizaci\u00f3n de 156 caballos y hasta 410 kil\u00f3metros de autonom\u00eda. Por otro lado, pr\u00f3ximamente llegar\u00e1n dos nuevas versiones I<strong>brida e Ibrida Speciales<\/strong> con tecnolog\u00eda <strong>MHEV <\/strong>de 136 caballos de potencia, con un precio que partir\u00e1n desde los 29.00 euros, hasta los 31.000 euros. Adem\u00e1s, este modelo ser\u00e1 el anticipo de la versi\u00f3n de alto rendimiento denominada <strong>El\u00e9ctrica Veloce <\/strong>con 240 caballos de potencia y otra alternativa h\u00edbrida con tracci\u00f3n integral denominada Q4.<\/p>\n\n\n\n<p><strong><a href=\"https:\/\/www.ocasionplus.com\/coches-ocasion\/alfa-romeo\"><mark style=\"background-color:rgba(0, 0, 0, 0)\" class=\"has-inline-color has-vivid-cyan-blue-color\">Alfa Romeo<\/mark><\/a><\/strong> regresa el <strong><a href=\"https:\/\/www.ocasionplus.com\/coches-ocasion\/compacto\"><mark style=\"background-color:rgba(0, 0, 0, 0)\" class=\"has-inline-color has-vivid-cyan-blue-color\">segmento de los coches compactos<\/mark><\/a><\/strong> con el Junior con un modelo <strong>SUV-B<\/strong> que ofrecer\u00e1 una experiencia de deportividad, disruptiva y al m\u00e1s puro estilo de la marca. Tras la descontinuaci\u00f3n de modelos compactos como el <strong>Alfa Romeo Giulietta<\/strong> o el <strong>Alfa Romeo MiTo<\/strong>. El dise\u00f1o exterior del <strong>Alfa Romeo Junior<\/strong> muestra un frontal caracter\u00edstico de los modelos cl\u00e1sicos de la marca, con su parrilla triangular y el logotipo de la marca. Adem\u00e1s, cuenta con unas luces led, con funciones de alumbramiento diurno e intermitente situadas ambos lados de la rejilla, que hacen referencia a modelos cl\u00e1sicos de la marca como el<strong> Alfa Romeo SZ <\/strong>o el <strong>Alfa Romeo Brera<\/strong>. Adem\u00e1s, su nombre tambi\u00e9n viene\u00a0heredado de otro modelo cl\u00e1sico de la marca, el Alfa Romeo GT 1300 Junior de 1966.<\/p>\n\n\n\n<figure class=\"wp-block-image size-large\"><img loading=\"lazy\" decoding=\"async\" width=\"1024\" height=\"710\" src=\"http:\/\/127.0.0.1\/wp-content\/uploads\/2024\/04\/ESTERNI-min-1024x710.jpg\" alt=\"Frontal del Alfa Romeo Junior\" class=\"wp-image-10979\" srcset=\"https:\/\/www.ocasionplus.com\/wp-content\/uploads\/2024\/04\/ESTERNI-min-1024x710.jpg 1024w, https:\/\/www.ocasionplus.com\/wp-content\/uploads\/2024\/04\/ESTERNI-min-300x208.jpg 300w, https:\/\/www.ocasionplus.com\/wp-content\/uploads\/2024\/04\/ESTERNI-min-768x533.jpg 768w, https:\/\/www.ocasionplus.com\/wp-content\/uploads\/2024\/04\/ESTERNI-min-1536x1065.jpg 1536w\" sizes=\"auto, (max-width: 1024px) 100vw, 1024px\" \/><figcaption class=\"wp-element-caption\">Frontal del Alfa Romeo Junior<\/figcaption><\/figure>\n\n\n\n<p>Como ya hemos mencionado, el <strong>Alfa Romeo Junior<\/strong> cuenta con unas dimensiones compactas, pues cuenta con una longitud de <strong>4.173 mm de longitud<\/strong> y una <strong>altura de 1.535 mm<\/strong>, lo que le coloca directamente en<strong><a href=\"https:\/\/www.ocasionplus.com\/coches-ocasion\/todoterreno\"><mark style=\"background-color:rgba(0, 0, 0, 0)\" class=\"has-inline-color has-vivid-cyan-blue-color\"> la categor\u00eda de B-SUV<\/mark><\/a><\/strong>, donde contar\u00e1 con una alta competencia, tanto de marcas de propio grupo Stellantis, aunque <strong>Alfa Romeo<\/strong> mantiene un esp\u00edritu deportivo caracter\u00edstico de la marca. Pero tambi\u00e9n cuenta con una <strong>gran practicidad y confort<\/strong> en su habit\u00e1culo interior amplio, con tapicer\u00eda de vinilo y tela, un volante revestido de cuero y unos asientos\u00a0 deportivos, el\u00e9ctricos con funci\u00f3n de masaje e iluminaci\u00f3n interior que se puede elegir entre 8 colores, creando un ambiente agradable en el interior. Adem\u00e1s, cuenta con un maletero de <strong>400 litros de volumen<\/strong> y estrena el <strong>Alfa Romeo Cable Organizer<\/strong>.<\/p>\n\n\n\n<p>Este modelo contar\u00e1 con todos las<strong> innovaciones tecnol\u00f3gicas del grupo Stellantis<\/strong> e incluir\u00e1 una relaci\u00f3n de direcci\u00f3n m\u00e1s directa e incorpora diferencial autoblocante mec\u00e1nico, pasos de ruedas ensanchados con barras estabilizadoras, suspensi\u00f3n deportiva y llantas de aleaci\u00f3n de<strong> 20 pulgadas.<\/strong><br><\/p>\n","protected":false},"excerpt":{"rendered":"<p>El Alfa Romeo Junior fue presentado hace unas semanas sin dejar de lado la pol\u00e9mica con el Gobierno Italiano al presentar este nuevo modelo bajo el nombre de Milano, haciendo referencia a la ciudad del norte de Italia e inferir con la doctrina del Made In Italy que no cumpl\u00eda la marca. Resueltos los problemas&#8230;<\/p>\n","protected":false},"author":2,"featured_media":10978,"comment_status":"closed","ping_status":"closed","sticky":false,"template":"","format":"standard","meta":{"footnotes":""},"categories":[2],"tags":[],"class_list":["post-10977","post","type-post","status-publish","format-standard","has-post-thumbnail","hentry","category-ultimas-noticias"],"yoast_head":"<!-- This site is optimized with the Yoast SEO Premium plugin v24.8 (Yoast SEO v24.8.1) - https:\/\/yoast.com\/wordpress\/plugins\/seo\/ -->\n<title>Ya hay precios para el Nuevo Alfa Romeo Junior en el mercado espa\u00f1ol - OcasionPlus Blog<\/title>\n<meta name=\"robots\" content=\"index, follow, max-snippet:-1, max-image-preview:large, max-video-preview:-1\" \/>\n<link rel=\"canonical\" href=\"https:\/\/www.ocasionplus.com\/noticias\/ya-hay-precios-para-el-nuevo-alfa-romeo-junior-en-el-mercado-espanol\/\" \/>\n<meta property=\"og:locale\" content=\"es_ES\" \/>\n<meta property=\"og:type\" content=\"article\" \/>\n<meta property=\"og:title\" content=\"Ya hay precios para el Nuevo Alfa Romeo Junior en el mercado espa\u00f1ol\" \/>\n<meta property=\"og:description\" content=\"El Alfa Romeo Junior fue presentado hace unas semanas sin dejar de lado la pol\u00e9mica con el Gobierno Italiano al presentar este nuevo modelo bajo el nombre de Milano, haciendo referencia a la ciudad del norte de Italia e inferir con la doctrina del Made In Italy que no cumpl\u00eda la marca. Resueltos los problemas...\" \/>\n<meta property=\"og:url\" content=\"https:\/\/www.ocasionplus.com\/noticias\/ya-hay-precios-para-el-nuevo-alfa-romeo-junior-en-el-mercado-espanol\/\" \/>\n<meta property=\"og:site_name\" content=\"OcasionPlus Blog\" \/>\n<meta property=\"article:publisher\" content=\"https:\/\/www.facebook.com\/ocasionplus\" \/>\n<meta property=\"article:published_time\" content=\"2024-04-25T10:25:20+00:00\" \/>\n<meta property=\"article:modified_time\" content=\"2025-03-27T13:01:51+00:00\" \/>\n<meta property=\"og:image\" content=\"https:\/\/www.ocasionplus.com\/wp-content\/uploads\/2024\/04\/ESTERNI5-min.jpg\" \/>\n\t<meta property=\"og:image:width\" content=\"8256\" \/>\n\t<meta property=\"og:image:height\" content=\"5504\" \/>\n\t<meta property=\"og:image:type\" content=\"image\/jpeg\" \/>\n<meta name=\"author\" content=\"OcasionPlus\" \/>\n<meta name=\"twitter:card\" content=\"summary_large_image\" \/>\n<meta name=\"twitter:creator\" content=\"@ocasionplus\" \/>\n<meta name=\"twitter:site\" content=\"@ocasionplus\" \/>\n<meta name=\"twitter:label1\" content=\"Escrito por\" \/>\n\t<meta name=\"twitter:data1\" content=\"OcasionPlus\" \/>\n\t<meta name=\"twitter:label2\" content=\"Tiempo de lectura\" \/>\n\t<meta name=\"twitter:data2\" content=\"3 minutos\" \/>\n<script type=\"application\/ld+json\" class=\"yoast-schema-graph\">{\"@context\":\"https:\/\/schema.org\",\"@graph\":[{\"@type\":\"Article\",\"@id\":\"https:\/\/www.ocasionplus.com\/noticias\/ya-hay-precios-para-el-nuevo-alfa-romeo-junior-en-el-mercado-espanol\/#article\",\"isPartOf\":{\"@id\":\"https:\/\/www.ocasionplus.com\/noticias\/ya-hay-precios-para-el-nuevo-alfa-romeo-junior-en-el-mercado-espanol\/\"},\"author\":{\"name\":\"OcasionPlus\",\"@id\":\"https:\/\/www.ocasionplus.com\/noticias\/#\/schema\/person\/7ab10ae859759ef2622b28e83ba868eb\"},\"headline\":\"Ya hay precios para el Nuevo Alfa Romeo Junior en el mercado espa\u00f1ol\",\"datePublished\":\"2024-04-25T10:25:20+00:00\",\"dateModified\":\"2025-03-27T13:01:51+00:00\",\"mainEntityOfPage\":{\"@id\":\"https:\/\/www.ocasionplus.com\/noticias\/ya-hay-precios-para-el-nuevo-alfa-romeo-junior-en-el-mercado-espanol\/\"},\"wordCount\":539,\"publisher\":{\"@id\":\"https:\/\/www.ocasionplus.com\/noticias\/#organization\"},\"image\":{\"@id\":\"https:\/\/www.ocasionplus.com\/noticias\/ya-hay-precios-para-el-nuevo-alfa-romeo-junior-en-el-mercado-espanol\/#primaryimage\"},\"thumbnailUrl\":\"https:\/\/www.ocasionplus.com\/wp-content\/uploads\/2024\/04\/ESTERNI5-min.jpg\",\"articleSection\":[\"\u00daltimas Noticias\"],\"inLanguage\":\"es\",\"copyrightYear\":\"2024\",\"copyrightHolder\":{\"@id\":\"https:\/\/www.ocasionplus.com\/noticias\/#organization\"}},{\"@type\":\"WebPage\",\"@id\":\"https:\/\/www.ocasionplus.com\/noticias\/ya-hay-precios-para-el-nuevo-alfa-romeo-junior-en-el-mercado-espanol\/\",\"url\":\"https:\/\/www.ocasionplus.com\/noticias\/ya-hay-precios-para-el-nuevo-alfa-romeo-junior-en-el-mercado-espanol\/\",\"name\":\"Ya hay precios para el Nuevo Alfa Romeo Junior en el mercado espa\u00f1ol - OcasionPlus Blog\",\"isPartOf\":{\"@id\":\"https:\/\/www.ocasionplus.com\/noticias\/#website\"},\"primaryImageOfPage\":{\"@id\":\"https:\/\/www.ocasionplus.com\/noticias\/ya-hay-precios-para-el-nuevo-alfa-romeo-junior-en-el-mercado-espanol\/#primaryimage\"},\"image\":{\"@id\":\"https:\/\/www.ocasionplus.com\/noticias\/ya-hay-precios-para-el-nuevo-alfa-romeo-junior-en-el-mercado-espanol\/#primaryimage\"},\"thumbnailUrl\":\"https:\/\/www.ocasionplus.com\/wp-content\/uploads\/2024\/04\/ESTERNI5-min.jpg\",\"datePublished\":\"2024-04-25T10:25:20+00:00\",\"dateModified\":\"2025-03-27T13:01:51+00:00\",\"breadcrumb\":{\"@id\":\"https:\/\/www.ocasionplus.com\/noticias\/ya-hay-precios-para-el-nuevo-alfa-romeo-junior-en-el-mercado-espanol\/#breadcrumb\"},\"inLanguage\":\"es\",\"potentialAction\":[{\"@type\":\"ReadAction\",\"target\":[\"https:\/\/www.ocasionplus.com\/noticias\/ya-hay-precios-para-el-nuevo-alfa-romeo-junior-en-el-mercado-espanol\/\"]}]},{\"@type\":\"ImageObject\",\"inLanguage\":\"es\",\"@id\":\"https:\/\/www.ocasionplus.com\/noticias\/ya-hay-precios-para-el-nuevo-alfa-romeo-junior-en-el-mercado-espanol\/#primaryimage\",\"url\":\"https:\/\/www.ocasionplus.com\/wp-content\/uploads\/2024\/04\/ESTERNI5-min.jpg\",\"contentUrl\":\"https:\/\/www.ocasionplus.com\/wp-content\/uploads\/2024\/04\/ESTERNI5-min.jpg\",\"width\":8256,\"height\":5504,\"caption\":\"Precios del Alfa Romeo Junior\"},{\"@type\":\"BreadcrumbList\",\"@id\":\"https:\/\/www.ocasionplus.com\/noticias\/ya-hay-precios-para-el-nuevo-alfa-romeo-junior-en-el-mercado-espanol\/#breadcrumb\",\"itemListElement\":[{\"@type\":\"ListItem\",\"position\":1,\"name\":\"Portada\",\"item\":\"https:\/\/www.ocasionplus.com\/noticias\/\"},{\"@type\":\"ListItem\",\"position\":2,\"name\":\"Ya hay precios para el Nuevo Alfa Romeo Junior en el mercado espa\u00f1ol\"}]},{\"@type\":\"WebSite\",\"@id\":\"https:\/\/www.ocasionplus.com\/noticias\/#website\",\"url\":\"https:\/\/www.ocasionplus.com\/noticias\/\",\"name\":\"OcasionPlus Blog\",\"description\":\"Veh\u00edculos de ocasi\u00f3n\",\"publisher\":{\"@id\":\"https:\/\/www.ocasionplus.com\/noticias\/#organization\"},\"potentialAction\":[{\"@type\":\"SearchAction\",\"target\":{\"@type\":\"EntryPoint\",\"urlTemplate\":\"https:\/\/www.ocasionplus.com\/noticias\/?s={search_term_string}\"},\"query-input\":{\"@type\":\"PropertyValueSpecification\",\"valueRequired\":true,\"valueName\":\"search_term_string\"}}],\"inLanguage\":\"es\"},{\"@type\":\"Organization\",\"@id\":\"https:\/\/www.ocasionplus.com\/noticias\/#organization\",\"name\":\"OcasionPlus\",\"url\":\"https:\/\/www.ocasionplus.com\/noticias\/\",\"logo\":{\"@type\":\"ImageObject\",\"inLanguage\":\"es\",\"@id\":\"https:\/\/www.ocasionplus.com\/noticias\/#\/schema\/logo\/image\/\",\"url\":\"https:\/\/www.ocasionplus.com\/wp-content\/uploads\/2024\/05\/cropped-cropped-oplus-logo-blog.png\",\"contentUrl\":\"https:\/\/www.ocasionplus.com\/wp-content\/uploads\/2024\/05\/cropped-cropped-oplus-logo-blog.png\",\"width\":360,\"height\":71,\"caption\":\"OcasionPlus\"},\"image\":{\"@id\":\"https:\/\/www.ocasionplus.com\/noticias\/#\/schema\/logo\/image\/\"},\"sameAs\":[\"https:\/\/www.facebook.com\/ocasionplus\",\"https:\/\/x.com\/ocasionplus\",\"https:\/\/www.instagram.com\/ocasion_plus\",\"https:\/\/www.youtube.com\/channel\/UCBiCAto61Lyu27CgI95wrYQ\",\"https:\/\/www.tiktok.com\/@ocasionplus.com\",\"https:\/\/es.linkedin.com\/company\/ocasionplus\"]},{\"@type\":\"Person\",\"@id\":\"https:\/\/www.ocasionplus.com\/noticias\/#\/schema\/person\/7ab10ae859759ef2622b28e83ba868eb\",\"name\":\"OcasionPlus\",\"image\":{\"@type\":\"ImageObject\",\"inLanguage\":\"es\",\"@id\":\"https:\/\/www.ocasionplus.com\/noticias\/#\/schema\/person\/image\/\",\"url\":\"https:\/\/www.ocasionplus.com\/wp-content\/uploads\/2024\/07\/ocasionplus_avatar-96x96.jpg\",\"contentUrl\":\"https:\/\/www.ocasionplus.com\/wp-content\/uploads\/2024\/07\/ocasionplus_avatar-96x96.jpg\",\"caption\":\"OcasionPlus\"}}]}<\/script>\n<!-- \/ Yoast SEO Premium plugin. -->","yoast_head_json":{"title":"Ya hay precios para el Nuevo Alfa Romeo Junior en el mercado espa\u00f1ol - OcasionPlus Blog","robots":{"index":"index","follow":"follow","max-snippet":"max-snippet:-1","max-image-preview":"max-image-preview:large","max-video-preview":"max-video-preview:-1"},"canonical":"https:\/\/www.ocasionplus.com\/noticias\/ya-hay-precios-para-el-nuevo-alfa-romeo-junior-en-el-mercado-espanol\/","og_locale":"es_ES","og_type":"article","og_title":"Ya hay precios para el Nuevo Alfa Romeo Junior en el mercado espa\u00f1ol","og_description":"El Alfa Romeo Junior fue presentado hace unas semanas sin dejar de lado la pol\u00e9mica con el Gobierno Italiano al presentar este nuevo modelo bajo el nombre de Milano, haciendo referencia a la ciudad del norte de Italia e inferir con la doctrina del Made In Italy que no cumpl\u00eda la marca. Resueltos los problemas...","og_url":"https:\/\/www.ocasionplus.com\/noticias\/ya-hay-precios-para-el-nuevo-alfa-romeo-junior-en-el-mercado-espanol\/","og_site_name":"OcasionPlus Blog","article_publisher":"https:\/\/www.facebook.com\/ocasionplus","article_published_time":"2024-04-25T10:25:20+00:00","article_modified_time":"2025-03-27T13:01:51+00:00","og_image":[{"width":8256,"height":5504,"url":"https:\/\/www.ocasionplus.com\/wp-content\/uploads\/2024\/04\/ESTERNI5-min.jpg","type":"image\/jpeg"}],"author":"OcasionPlus","twitter_card":"summary_large_image","twitter_creator":"@ocasionplus","twitter_site":"@ocasionplus","twitter_misc":{"Escrito por":"OcasionPlus","Tiempo de lectura":"3 minutos"},"schema":{"@context":"https:\/\/schema.org","@graph":[{"@type":"Article","@id":"https:\/\/www.ocasionplus.com\/noticias\/ya-hay-precios-para-el-nuevo-alfa-romeo-junior-en-el-mercado-espanol\/#article","isPartOf":{"@id":"https:\/\/www.ocasionplus.com\/noticias\/ya-hay-precios-para-el-nuevo-alfa-romeo-junior-en-el-mercado-espanol\/"},"author":{"name":"OcasionPlus","@id":"https:\/\/www.ocasionplus.com\/noticias\/#\/schema\/person\/7ab10ae859759ef2622b28e83ba868eb"},"headline":"Ya hay precios para el Nuevo Alfa Romeo Junior en el mercado espa\u00f1ol","datePublished":"2024-04-25T10:25:20+00:00","dateModified":"2025-03-27T13:01:51+00:00","mainEntityOfPage":{"@id":"https:\/\/www.ocasionplus.com\/noticias\/ya-hay-precios-para-el-nuevo-alfa-romeo-junior-en-el-mercado-espanol\/"},"wordCount":539,"publisher":{"@id":"https:\/\/www.ocasionplus.com\/noticias\/#organization"},"image":{"@id":"https:\/\/www.ocasionplus.com\/noticias\/ya-hay-precios-para-el-nuevo-alfa-romeo-junior-en-el-mercado-espanol\/#primaryimage"},"thumbnailUrl":"https:\/\/www.ocasionplus.com\/wp-content\/uploads\/2024\/04\/ESTERNI5-min.jpg","articleSection":["\u00daltimas Noticias"],"inLanguage":"es","copyrightYear":"2024","copyrightHolder":{"@id":"https:\/\/www.ocasionplus.com\/noticias\/#organization"}},{"@type":"WebPage","@id":"https:\/\/www.ocasionplus.com\/noticias\/ya-hay-precios-para-el-nuevo-alfa-romeo-junior-en-el-mercado-espanol\/","url":"https:\/\/www.ocasionplus.com\/noticias\/ya-hay-precios-para-el-nuevo-alfa-romeo-junior-en-el-mercado-espanol\/","name":"Ya hay precios para el Nuevo Alfa Romeo Junior en el mercado espa\u00f1ol - OcasionPlus Blog","isPartOf":{"@id":"https:\/\/www.ocasionplus.com\/noticias\/#website"},"primaryImageOfPage":{"@id":"https:\/\/www.ocasionplus.com\/noticias\/ya-hay-precios-para-el-nuevo-alfa-romeo-junior-en-el-mercado-espanol\/#primaryimage"},"image":{"@id":"https:\/\/www.ocasionplus.com\/noticias\/ya-hay-precios-para-el-nuevo-alfa-romeo-junior-en-el-mercado-espanol\/#primaryimage"},"thumbnailUrl":"https:\/\/www.ocasionplus.com\/wp-content\/uploads\/2024\/04\/ESTERNI5-min.jpg","datePublished":"2024-04-25T10:25:20+00:00","dateModified":"2025-03-27T13:01:51+00:00","breadcrumb":{"@id":"https:\/\/www.ocasionplus.com\/noticias\/ya-hay-precios-para-el-nuevo-alfa-romeo-junior-en-el-mercado-espanol\/#breadcrumb"},"inLanguage":"es","potentialAction":[{"@type":"ReadAction","target":["https:\/\/www.ocasionplus.com\/noticias\/ya-hay-precios-para-el-nuevo-alfa-romeo-junior-en-el-mercado-espanol\/"]}]},{"@type":"ImageObject","inLanguage":"es","@id":"https:\/\/www.ocasionplus.com\/noticias\/ya-hay-precios-para-el-nuevo-alfa-romeo-junior-en-el-mercado-espanol\/#primaryimage","url":"https:\/\/www.ocasionplus.com\/wp-content\/uploads\/2024\/04\/ESTERNI5-min.jpg","contentUrl":"https:\/\/www.ocasionplus.com\/wp-content\/uploads\/2024\/04\/ESTERNI5-min.jpg","width":8256,"height":5504,"caption":"Precios del Alfa Romeo Junior"},{"@type":"BreadcrumbList","@id":"https:\/\/www.ocasionplus.com\/noticias\/ya-hay-precios-para-el-nuevo-alfa-romeo-junior-en-el-mercado-espanol\/#breadcrumb","itemListElement":[{"@type":"ListItem","position":1,"name":"Portada","item":"https:\/\/www.ocasionplus.com\/noticias\/"},{"@type":"ListItem","position":2,"name":"Ya hay precios para el Nuevo Alfa Romeo Junior en el mercado espa\u00f1ol"}]},{"@type":"WebSite","@id":"https:\/\/www.ocasionplus.com\/noticias\/#website","url":"https:\/\/www.ocasionplus.com\/noticias\/","name":"OcasionPlus Blog","description":"Veh\u00edculos de ocasi\u00f3n","publisher":{"@id":"https:\/\/www.ocasionplus.com\/noticias\/#organization"},"potentialAction":[{"@type":"SearchAction","target":{"@type":"EntryPoint","urlTemplate":"https:\/\/www.ocasionplus.com\/noticias\/?s={search_term_string}"},"query-input":{"@type":"PropertyValueSpecification","valueRequired":true,"valueName":"search_term_string"}}],"inLanguage":"es"},{"@type":"Organization","@id":"https:\/\/www.ocasionplus.com\/noticias\/#organization","name":"OcasionPlus","url":"https:\/\/www.ocasionplus.com\/noticias\/","logo":{"@type":"ImageObject","inLanguage":"es","@id":"https:\/\/www.ocasionplus.com\/noticias\/#\/schema\/logo\/image\/","url":"https:\/\/www.ocasionplus.com\/wp-content\/uploads\/2024\/05\/cropped-cropped-oplus-logo-blog.png","contentUrl":"https:\/\/www.ocasionplus.com\/wp-content\/uploads\/2024\/05\/cropped-cropped-oplus-logo-blog.png","width":360,"height":71,"caption":"OcasionPlus"},"image":{"@id":"https:\/\/www.ocasionplus.com\/noticias\/#\/schema\/logo\/image\/"},"sameAs":["https:\/\/www.facebook.com\/ocasionplus","https:\/\/x.com\/ocasionplus","https:\/\/www.instagram.com\/ocasion_plus","https:\/\/www.youtube.com\/channel\/UCBiCAto61Lyu27CgI95wrYQ","https:\/\/www.tiktok.com\/@ocasionplus.com","https:\/\/es.linkedin.com\/company\/ocasionplus"]},{"@type":"Person","@id":"https:\/\/www.ocasionplus.com\/noticias\/#\/schema\/person\/7ab10ae859759ef2622b28e83ba868eb","name":"OcasionPlus","image":{"@type":"ImageObject","inLanguage":"es","@id":"https:\/\/www.ocasionplus.com\/noticias\/#\/schema\/person\/image\/","url":"https:\/\/www.ocasionplus.com\/wp-content\/uploads\/2024\/07\/ocasionplus_avatar-96x96.jpg","contentUrl":"https:\/\/www.ocasionplus.com\/wp-content\/uploads\/2024\/07\/ocasionplus_avatar-96x96.jpg","caption":"OcasionPlus"}}]}},"jetpack_featured_media_url":"https:\/\/www.ocasionplus.com\/wp-content\/uploads\/2024\/04\/ESTERNI5-min.jpg","_links":{"self":[{"href":"https:\/\/www.ocasionplus.com\/noticias\/wp-json\/wp\/v2\/posts\/10977","targetHints":{"allow":["GET"]}}],"collection":[{"href":"https:\/\/www.ocasionplus.com\/noticias\/wp-json\/wp\/v2\/posts"}],"about":[{"href":"https:\/\/www.ocasionplus.com\/noticias\/wp-json\/wp\/v2\/types\/post"}],"author":[{"embeddable":true,"href":"https:\/\/www.ocasionplus.com\/noticias\/wp-json\/wp\/v2\/users\/2"}],"replies":[{"embeddable":true,"href":"https:\/\/www.ocasionplus.com\/noticias\/wp-json\/wp\/v2\/comments?post=10977"}],"version-history":[{"count":1,"href":"https:\/\/www.ocasionplus.com\/noticias\/wp-json\/wp\/v2\/posts\/10977\/revisions"}],"predecessor-version":[{"id":13047,"href":"https:\/\/www.ocasionplus.com\/noticias\/wp-json\/wp\/v2\/posts\/10977\/revisions\/13047"}],"wp:featuredmedia":[{"embeddable":true,"href":"https:\/\/www.ocasionplus.com\/noticias\/wp-json\/wp\/v2\/media\/10978"}],"wp:attachment":[{"href":"https:\/\/www.ocasionplus.com\/noticias\/wp-json\/wp\/v2\/media?parent=10977"}],"wp:term":[{"taxonomy":"category","embeddable":true,"href":"https:\/\/www.ocasionplus.com\/noticias\/wp-json\/wp\/v2\/categories?post=10977"},{"taxonomy":"post_tag","embeddable":true,"href":"https:\/\/www.ocasionplus.com\/noticias\/wp-json\/wp\/v2\/tags?post=10977"}],"curies":[{"name":"wp","href":"https:\/\/api.w.org\/{rel}","templated":true}]}}