{"id":11030,"date":"2024-04-30T13:53:27","date_gmt":"2024-04-30T11:53:27","guid":{"rendered":"https:\/\/blog.ocasionplus.com\/?p=11030"},"modified":"2025-03-27T14:00:50","modified_gmt":"2025-03-27T13:00:50","slug":"el-peugeot-205-gti-cumple-40-anos-como-el-compacto-mas-radical","status":"publish","type":"post","link":"https:\/\/www.ocasionplus.com\/noticias\/el-peugeot-205-gti-cumple-40-anos-como-el-compacto-mas-radical\/","title":{"rendered":"El Peugeot 205 GTi cumple 40 a\u00f1os como el compacto m\u00e1s radical"},"content":{"rendered":"\r\n<p>El <strong>Peugeot 205 GTi cumple 40<\/strong> a\u00f1os en 2024 y es momento de recordar como el peque\u00f1o compacto franc\u00e9s revolucion\u00f3 el mercado automovil\u00edstico en los a\u00f1os 80, presentando un coche de reducidas dimensiones, pero con un alto rendimiento, pues el <strong>Peugeot 205 GTi <\/strong>ofrece unas potencias de <strong>115, 125 y 130 caballos<\/strong>. Esto hizo que se convirtiera en un aut\u00e9ntico emblema para los amantes de los coches deportivos, que posteriormente ha contado con una gran historia en otros modelos de la marca Peugeot.<\/p>\r\n\r\n\r\n\r\n<p>De esta manera, si el<strong> Peugeot 205 GTi<\/strong> se convirti\u00f3 en un veh\u00edculo m\u00edtico, en la actualidad, modelos como el<a href=\"https:\/\/www.ocasionplus.com\/coches-ocasion\/peugeot\/208\"><strong><mark class=\"has-inline-color has-vivid-cyan-blue-color\" style=\"background-color: rgba(0, 0, 0, 0);\"> Peugeot 208 GTi<\/mark><\/strong><\/a> o <a href=\"https:\/\/www.ocasionplus.com\/coches-ocasion\/peugeot\/308\"><strong><mark class=\"has-inline-color has-vivid-cyan-blue-color\" style=\"background-color: rgba(0, 0, 0, 0);\">Peugeot 308 GTi<\/mark><\/strong><\/a>, mantienen la misma idea de deportividad, pero con un gran confort en carretera. Adem\u00e1s, los modelos actuales cuentan con todas las innovaciones tecnol\u00f3gicas, tanto en seguridad, como en rendimiento.<\/p>\r\n\r\n\r\n\r\n<p>El resultado del<strong> Peugeot 205 GTi<\/strong> fue un veh\u00edculo que alcanzaba los <strong>125 caballos de potencia<\/strong>, a 6.900 rpm, con 140 Nm, consiguiendo un 0-100 km\/h en 8,5 segundos y una velocidad punta de 205 km\/h. Este modelo, supuso una radicalizaci\u00f3n de la<strong> serie 205<\/strong>, al no contar con ninguna ayuda electr\u00f3nica, ni ABS, ni direcci\u00f3n asistida.\u00a0<\/p>\r\n\r\n\r\n\r\n<figure class=\"wp-block-image size-large\"><img decoding=\"async\" class=\"wp-image-11031\" src=\"https:\/\/blog.ocasionplus.com\/wp-content\/uploads\/2024\/04\/PEUGEOT205Gti1-1024x754.jpg\" alt=\"\" \/>\r\n<figcaption class=\"wp-element-caption\">Peugeot 205 GTI en 1983<\/figcaption>\r\n<\/figure>\r\n\r\n\r\n\r\n<p>No fue hasta el a\u00f1o 1987, cuando <a href=\"https:\/\/www.ocasionplus.com\/coches-ocasion\/peugeot\"><strong><mark class=\"has-inline-color has-vivid-cyan-blue-color\" style=\"background-color: rgba(0, 0, 0, 0);\">Peugeot <\/mark><\/strong><\/a>present\u00f3 dos nuevas motorizaciones para el 205 GTi con un motor <strong>1.6 GTi que llegaba a 115 caballos de\u00a0 potencia<\/strong>, que destacaba por su caracter alegra y su capacidad de reacci\u00f3n. Y un motor <strong>1.9 GTi que alcanzaba los 130 caballos de potencia <\/strong>como el m\u00e1s potente de la gama 205. Estas dos versiones se diferenciaban por detalles como los frenos de disco en las cuatro ruedas, nueva tapicer\u00eda en cuero y tela.<\/p>\r\n\r\n\r\n\r\n<p>Posteriormente, para los amantes de los coches cabrios, el <strong>Peugeot 205 GTi<\/strong> cont\u00f3 con una variante descapotable dise\u00f1ada por <strong>Pininfarina<\/strong> y que destajo por su elegancia desenfadada.<\/p>\r\n\r\n\r\n\r\n<p>Peugeot continu\u00f3 la fabricaci\u00f3n de <a href=\"https:\/\/www.ocasionplus.com\/coches-ocasion\/compacto\"><strong>modelos compactos<\/strong><\/a> como distintivo de la marca, gracias a su practicidad, uso urbano y gran fiabilidad tanto en las motorizaciones gasolina, como di\u00e9sel.<\/p>\r\n\r\n\r\n\r\n<p>Recientemente, <strong><a href=\"https:\/\/blog.ocasionplus.com\/el-seat-ibiza-cumple-40-anos-en-2024\/\"><mark class=\"has-inline-color has-vivid-cyan-blue-color\" style=\"background-color: rgba(0, 0, 0, 0);\">el SEAT Ibiza cumpli\u00f3 40 a\u00f1os, como el modelo con m\u00e1s \u00e9xito de la marca espa\u00f1ola<\/mark><\/a><\/strong>.<\/p>\r\n","protected":false},"excerpt":{"rendered":"<p>El Peugeot 205 GTi cumple 40 a\u00f1os en 2024 y es momento de recordar como el peque\u00f1o compacto franc\u00e9s revolucion\u00f3 el mercado automovil\u00edstico en los a\u00f1os 80, presentando un coche de reducidas dimensiones, pero con un alto rendimiento, pues el Peugeot 205 GTi ofrece unas potencias de 115, 125 y 130 caballos. Esto hizo que&#8230;<\/p>\n","protected":false},"author":2,"featured_media":11032,"comment_status":"closed","ping_status":"closed","sticky":false,"template":"","format":"standard","meta":{"footnotes":""},"categories":[2],"tags":[],"class_list":["post-11030","post","type-post","status-publish","format-standard","has-post-thumbnail","hentry","category-ultimas-noticias"],"yoast_head":"<!-- This site is optimized with the Yoast SEO Premium plugin v24.8 (Yoast SEO v24.8.1) - https:\/\/yoast.com\/wordpress\/plugins\/seo\/ -->\n<title>El Peugeot 205 GTi cumple 40 a\u00f1os como el compacto m\u00e1s radical - OcasionPlus Blog<\/title>\n<meta name=\"robots\" content=\"index, follow, max-snippet:-1, max-image-preview:large, max-video-preview:-1\" \/>\n<link rel=\"canonical\" href=\"https:\/\/www.ocasionplus.com\/noticias\/el-peugeot-205-gti-cumple-40-anos-como-el-compacto-mas-radical\/\" \/>\n<meta property=\"og:locale\" content=\"es_ES\" \/>\n<meta property=\"og:type\" content=\"article\" \/>\n<meta property=\"og:title\" content=\"El Peugeot 205 GTi cumple 40 a\u00f1os como el compacto m\u00e1s radical\" \/>\n<meta property=\"og:description\" content=\"El Peugeot 205 GTi cumple 40 a\u00f1os en 2024 y es momento de recordar como el peque\u00f1o compacto franc\u00e9s revolucion\u00f3 el mercado automovil\u00edstico en los a\u00f1os 80, presentando un coche de reducidas dimensiones, pero con un alto rendimiento, pues el Peugeot 205 GTi ofrece unas potencias de 115, 125 y 130 caballos. Esto hizo que...\" \/>\n<meta property=\"og:url\" content=\"https:\/\/www.ocasionplus.com\/noticias\/el-peugeot-205-gti-cumple-40-anos-como-el-compacto-mas-radical\/\" \/>\n<meta property=\"og:site_name\" content=\"OcasionPlus Blog\" \/>\n<meta property=\"article:publisher\" content=\"https:\/\/www.facebook.com\/ocasionplus\" \/>\n<meta property=\"article:published_time\" content=\"2024-04-30T11:53:27+00:00\" \/>\n<meta property=\"article:modified_time\" content=\"2025-03-27T13:00:50+00:00\" \/>\n<meta property=\"og:image\" content=\"https:\/\/www.ocasionplus.com\/wp-content\/uploads\/2024\/04\/PEUGEOT205Gti-scaled-1.jpg\" \/>\n\t<meta property=\"og:image:width\" content=\"2560\" \/>\n\t<meta property=\"og:image:height\" content=\"1715\" \/>\n\t<meta property=\"og:image:type\" content=\"image\/jpeg\" \/>\n<meta name=\"author\" content=\"OcasionPlus\" \/>\n<meta name=\"twitter:card\" content=\"summary_large_image\" \/>\n<meta name=\"twitter:creator\" content=\"@ocasionplus\" \/>\n<meta name=\"twitter:site\" content=\"@ocasionplus\" \/>\n<meta name=\"twitter:label1\" content=\"Escrito por\" \/>\n\t<meta name=\"twitter:data1\" content=\"OcasionPlus\" \/>\n\t<meta name=\"twitter:label2\" content=\"Tiempo de lectura\" \/>\n\t<meta name=\"twitter:data2\" content=\"3 minutos\" \/>\n<script type=\"application\/ld+json\" class=\"yoast-schema-graph\">{\"@context\":\"https:\/\/schema.org\",\"@graph\":[{\"@type\":\"Article\",\"@id\":\"https:\/\/www.ocasionplus.com\/noticias\/el-peugeot-205-gti-cumple-40-anos-como-el-compacto-mas-radical\/#article\",\"isPartOf\":{\"@id\":\"https:\/\/www.ocasionplus.com\/noticias\/el-peugeot-205-gti-cumple-40-anos-como-el-compacto-mas-radical\/\"},\"author\":{\"name\":\"OcasionPlus\",\"@id\":\"https:\/\/www.ocasionplus.com\/noticias\/#\/schema\/person\/7ab10ae859759ef2622b28e83ba868eb\"},\"headline\":\"El Peugeot 205 GTi cumple 40 a\u00f1os como el compacto m\u00e1s radical\",\"datePublished\":\"2024-04-30T11:53:27+00:00\",\"dateModified\":\"2025-03-27T13:00:50+00:00\",\"mainEntityOfPage\":{\"@id\":\"https:\/\/www.ocasionplus.com\/noticias\/el-peugeot-205-gti-cumple-40-anos-como-el-compacto-mas-radical\/\"},\"wordCount\":363,\"publisher\":{\"@id\":\"https:\/\/www.ocasionplus.com\/noticias\/#organization\"},\"image\":{\"@id\":\"https:\/\/www.ocasionplus.com\/noticias\/el-peugeot-205-gti-cumple-40-anos-como-el-compacto-mas-radical\/#primaryimage\"},\"thumbnailUrl\":\"https:\/\/www.ocasionplus.com\/wp-content\/uploads\/2024\/04\/PEUGEOT205Gti-scaled-1.jpg\",\"articleSection\":[\"\u00daltimas Noticias\"],\"inLanguage\":\"es\",\"copyrightYear\":\"2024\",\"copyrightHolder\":{\"@id\":\"https:\/\/www.ocasionplus.com\/noticias\/#organization\"}},{\"@type\":\"WebPage\",\"@id\":\"https:\/\/www.ocasionplus.com\/noticias\/el-peugeot-205-gti-cumple-40-anos-como-el-compacto-mas-radical\/\",\"url\":\"https:\/\/www.ocasionplus.com\/noticias\/el-peugeot-205-gti-cumple-40-anos-como-el-compacto-mas-radical\/\",\"name\":\"El Peugeot 205 GTi cumple 40 a\u00f1os como el compacto m\u00e1s radical - OcasionPlus Blog\",\"isPartOf\":{\"@id\":\"https:\/\/www.ocasionplus.com\/noticias\/#website\"},\"primaryImageOfPage\":{\"@id\":\"https:\/\/www.ocasionplus.com\/noticias\/el-peugeot-205-gti-cumple-40-anos-como-el-compacto-mas-radical\/#primaryimage\"},\"image\":{\"@id\":\"https:\/\/www.ocasionplus.com\/noticias\/el-peugeot-205-gti-cumple-40-anos-como-el-compacto-mas-radical\/#primaryimage\"},\"thumbnailUrl\":\"https:\/\/www.ocasionplus.com\/wp-content\/uploads\/2024\/04\/PEUGEOT205Gti-scaled-1.jpg\",\"datePublished\":\"2024-04-30T11:53:27+00:00\",\"dateModified\":\"2025-03-27T13:00:50+00:00\",\"breadcrumb\":{\"@id\":\"https:\/\/www.ocasionplus.com\/noticias\/el-peugeot-205-gti-cumple-40-anos-como-el-compacto-mas-radical\/#breadcrumb\"},\"inLanguage\":\"es\",\"potentialAction\":[{\"@type\":\"ReadAction\",\"target\":[\"https:\/\/www.ocasionplus.com\/noticias\/el-peugeot-205-gti-cumple-40-anos-como-el-compacto-mas-radical\/\"]}]},{\"@type\":\"ImageObject\",\"inLanguage\":\"es\",\"@id\":\"https:\/\/www.ocasionplus.com\/noticias\/el-peugeot-205-gti-cumple-40-anos-como-el-compacto-mas-radical\/#primaryimage\",\"url\":\"https:\/\/www.ocasionplus.com\/wp-content\/uploads\/2024\/04\/PEUGEOT205Gti-scaled-1.jpg\",\"contentUrl\":\"https:\/\/www.ocasionplus.com\/wp-content\/uploads\/2024\/04\/PEUGEOT205Gti-scaled-1.jpg\",\"width\":2560,\"height\":1715,\"caption\":\"PEUGEOT205Gti\"},{\"@type\":\"BreadcrumbList\",\"@id\":\"https:\/\/www.ocasionplus.com\/noticias\/el-peugeot-205-gti-cumple-40-anos-como-el-compacto-mas-radical\/#breadcrumb\",\"itemListElement\":[{\"@type\":\"ListItem\",\"position\":1,\"name\":\"Portada\",\"item\":\"https:\/\/www.ocasionplus.com\/noticias\/\"},{\"@type\":\"ListItem\",\"position\":2,\"name\":\"El Peugeot 205 GTi cumple 40 a\u00f1os como el compacto m\u00e1s radical\"}]},{\"@type\":\"WebSite\",\"@id\":\"https:\/\/www.ocasionplus.com\/noticias\/#website\",\"url\":\"https:\/\/www.ocasionplus.com\/noticias\/\",\"name\":\"OcasionPlus Blog\",\"description\":\"Veh\u00edculos de ocasi\u00f3n\",\"publisher\":{\"@id\":\"https:\/\/www.ocasionplus.com\/noticias\/#organization\"},\"potentialAction\":[{\"@type\":\"SearchAction\",\"target\":{\"@type\":\"EntryPoint\",\"urlTemplate\":\"https:\/\/www.ocasionplus.com\/noticias\/?s={search_term_string}\"},\"query-input\":{\"@type\":\"PropertyValueSpecification\",\"valueRequired\":true,\"valueName\":\"search_term_string\"}}],\"inLanguage\":\"es\"},{\"@type\":\"Organization\",\"@id\":\"https:\/\/www.ocasionplus.com\/noticias\/#organization\",\"name\":\"OcasionPlus\",\"url\":\"https:\/\/www.ocasionplus.com\/noticias\/\",\"logo\":{\"@type\":\"ImageObject\",\"inLanguage\":\"es\",\"@id\":\"https:\/\/www.ocasionplus.com\/noticias\/#\/schema\/logo\/image\/\",\"url\":\"https:\/\/www.ocasionplus.com\/wp-content\/uploads\/2024\/05\/cropped-cropped-oplus-logo-blog.png\",\"contentUrl\":\"https:\/\/www.ocasionplus.com\/wp-content\/uploads\/2024\/05\/cropped-cropped-oplus-logo-blog.png\",\"width\":360,\"height\":71,\"caption\":\"OcasionPlus\"},\"image\":{\"@id\":\"https:\/\/www.ocasionplus.com\/noticias\/#\/schema\/logo\/image\/\"},\"sameAs\":[\"https:\/\/www.facebook.com\/ocasionplus\",\"https:\/\/x.com\/ocasionplus\",\"https:\/\/www.instagram.com\/ocasion_plus\",\"https:\/\/www.youtube.com\/channel\/UCBiCAto61Lyu27CgI95wrYQ\",\"https:\/\/www.tiktok.com\/@ocasionplus.com\",\"https:\/\/es.linkedin.com\/company\/ocasionplus\"]},{\"@type\":\"Person\",\"@id\":\"https:\/\/www.ocasionplus.com\/noticias\/#\/schema\/person\/7ab10ae859759ef2622b28e83ba868eb\",\"name\":\"OcasionPlus\",\"image\":{\"@type\":\"ImageObject\",\"inLanguage\":\"es\",\"@id\":\"https:\/\/www.ocasionplus.com\/noticias\/#\/schema\/person\/image\/\",\"url\":\"https:\/\/www.ocasionplus.com\/wp-content\/uploads\/2024\/07\/ocasionplus_avatar-96x96.jpg\",\"contentUrl\":\"https:\/\/www.ocasionplus.com\/wp-content\/uploads\/2024\/07\/ocasionplus_avatar-96x96.jpg\",\"caption\":\"OcasionPlus\"}}]}<\/script>\n<!-- \/ Yoast SEO Premium plugin. -->","yoast_head_json":{"title":"El Peugeot 205 GTi cumple 40 a\u00f1os como el compacto m\u00e1s radical - OcasionPlus Blog","robots":{"index":"index","follow":"follow","max-snippet":"max-snippet:-1","max-image-preview":"max-image-preview:large","max-video-preview":"max-video-preview:-1"},"canonical":"https:\/\/www.ocasionplus.com\/noticias\/el-peugeot-205-gti-cumple-40-anos-como-el-compacto-mas-radical\/","og_locale":"es_ES","og_type":"article","og_title":"El Peugeot 205 GTi cumple 40 a\u00f1os como el compacto m\u00e1s radical","og_description":"El Peugeot 205 GTi cumple 40 a\u00f1os en 2024 y es momento de recordar como el peque\u00f1o compacto franc\u00e9s revolucion\u00f3 el mercado automovil\u00edstico en los a\u00f1os 80, presentando un coche de reducidas dimensiones, pero con un alto rendimiento, pues el Peugeot 205 GTi ofrece unas potencias de 115, 125 y 130 caballos. Esto hizo que...","og_url":"https:\/\/www.ocasionplus.com\/noticias\/el-peugeot-205-gti-cumple-40-anos-como-el-compacto-mas-radical\/","og_site_name":"OcasionPlus Blog","article_publisher":"https:\/\/www.facebook.com\/ocasionplus","article_published_time":"2024-04-30T11:53:27+00:00","article_modified_time":"2025-03-27T13:00:50+00:00","og_image":[{"width":2560,"height":1715,"url":"https:\/\/www.ocasionplus.com\/wp-content\/uploads\/2024\/04\/PEUGEOT205Gti-scaled-1.jpg","type":"image\/jpeg"}],"author":"OcasionPlus","twitter_card":"summary_large_image","twitter_creator":"@ocasionplus","twitter_site":"@ocasionplus","twitter_misc":{"Escrito por":"OcasionPlus","Tiempo de lectura":"3 minutos"},"schema":{"@context":"https:\/\/schema.org","@graph":[{"@type":"Article","@id":"https:\/\/www.ocasionplus.com\/noticias\/el-peugeot-205-gti-cumple-40-anos-como-el-compacto-mas-radical\/#article","isPartOf":{"@id":"https:\/\/www.ocasionplus.com\/noticias\/el-peugeot-205-gti-cumple-40-anos-como-el-compacto-mas-radical\/"},"author":{"name":"OcasionPlus","@id":"https:\/\/www.ocasionplus.com\/noticias\/#\/schema\/person\/7ab10ae859759ef2622b28e83ba868eb"},"headline":"El Peugeot 205 GTi cumple 40 a\u00f1os como el compacto m\u00e1s radical","datePublished":"2024-04-30T11:53:27+00:00","dateModified":"2025-03-27T13:00:50+00:00","mainEntityOfPage":{"@id":"https:\/\/www.ocasionplus.com\/noticias\/el-peugeot-205-gti-cumple-40-anos-como-el-compacto-mas-radical\/"},"wordCount":363,"publisher":{"@id":"https:\/\/www.ocasionplus.com\/noticias\/#organization"},"image":{"@id":"https:\/\/www.ocasionplus.com\/noticias\/el-peugeot-205-gti-cumple-40-anos-como-el-compacto-mas-radical\/#primaryimage"},"thumbnailUrl":"https:\/\/www.ocasionplus.com\/wp-content\/uploads\/2024\/04\/PEUGEOT205Gti-scaled-1.jpg","articleSection":["\u00daltimas Noticias"],"inLanguage":"es","copyrightYear":"2024","copyrightHolder":{"@id":"https:\/\/www.ocasionplus.com\/noticias\/#organization"}},{"@type":"WebPage","@id":"https:\/\/www.ocasionplus.com\/noticias\/el-peugeot-205-gti-cumple-40-anos-como-el-compacto-mas-radical\/","url":"https:\/\/www.ocasionplus.com\/noticias\/el-peugeot-205-gti-cumple-40-anos-como-el-compacto-mas-radical\/","name":"El Peugeot 205 GTi cumple 40 a\u00f1os como el compacto m\u00e1s radical - OcasionPlus Blog","isPartOf":{"@id":"https:\/\/www.ocasionplus.com\/noticias\/#website"},"primaryImageOfPage":{"@id":"https:\/\/www.ocasionplus.com\/noticias\/el-peugeot-205-gti-cumple-40-anos-como-el-compacto-mas-radical\/#primaryimage"},"image":{"@id":"https:\/\/www.ocasionplus.com\/noticias\/el-peugeot-205-gti-cumple-40-anos-como-el-compacto-mas-radical\/#primaryimage"},"thumbnailUrl":"https:\/\/www.ocasionplus.com\/wp-content\/uploads\/2024\/04\/PEUGEOT205Gti-scaled-1.jpg","datePublished":"2024-04-30T11:53:27+00:00","dateModified":"2025-03-27T13:00:50+00:00","breadcrumb":{"@id":"https:\/\/www.ocasionplus.com\/noticias\/el-peugeot-205-gti-cumple-40-anos-como-el-compacto-mas-radical\/#breadcrumb"},"inLanguage":"es","potentialAction":[{"@type":"ReadAction","target":["https:\/\/www.ocasionplus.com\/noticias\/el-peugeot-205-gti-cumple-40-anos-como-el-compacto-mas-radical\/"]}]},{"@type":"ImageObject","inLanguage":"es","@id":"https:\/\/www.ocasionplus.com\/noticias\/el-peugeot-205-gti-cumple-40-anos-como-el-compacto-mas-radical\/#primaryimage","url":"https:\/\/www.ocasionplus.com\/wp-content\/uploads\/2024\/04\/PEUGEOT205Gti-scaled-1.jpg","contentUrl":"https:\/\/www.ocasionplus.com\/wp-content\/uploads\/2024\/04\/PEUGEOT205Gti-scaled-1.jpg","width":2560,"height":1715,"caption":"PEUGEOT205Gti"},{"@type":"BreadcrumbList","@id":"https:\/\/www.ocasionplus.com\/noticias\/el-peugeot-205-gti-cumple-40-anos-como-el-compacto-mas-radical\/#breadcrumb","itemListElement":[{"@type":"ListItem","position":1,"name":"Portada","item":"https:\/\/www.ocasionplus.com\/noticias\/"},{"@type":"ListItem","position":2,"name":"El Peugeot 205 GTi cumple 40 a\u00f1os como el compacto m\u00e1s radical"}]},{"@type":"WebSite","@id":"https:\/\/www.ocasionplus.com\/noticias\/#website","url":"https:\/\/www.ocasionplus.com\/noticias\/","name":"OcasionPlus Blog","description":"Veh\u00edculos de ocasi\u00f3n","publisher":{"@id":"https:\/\/www.ocasionplus.com\/noticias\/#organization"},"potentialAction":[{"@type":"SearchAction","target":{"@type":"EntryPoint","urlTemplate":"https:\/\/www.ocasionplus.com\/noticias\/?s={search_term_string}"},"query-input":{"@type":"PropertyValueSpecification","valueRequired":true,"valueName":"search_term_string"}}],"inLanguage":"es"},{"@type":"Organization","@id":"https:\/\/www.ocasionplus.com\/noticias\/#organization","name":"OcasionPlus","url":"https:\/\/www.ocasionplus.com\/noticias\/","logo":{"@type":"ImageObject","inLanguage":"es","@id":"https:\/\/www.ocasionplus.com\/noticias\/#\/schema\/logo\/image\/","url":"https:\/\/www.ocasionplus.com\/wp-content\/uploads\/2024\/05\/cropped-cropped-oplus-logo-blog.png","contentUrl":"https:\/\/www.ocasionplus.com\/wp-content\/uploads\/2024\/05\/cropped-cropped-oplus-logo-blog.png","width":360,"height":71,"caption":"OcasionPlus"},"image":{"@id":"https:\/\/www.ocasionplus.com\/noticias\/#\/schema\/logo\/image\/"},"sameAs":["https:\/\/www.facebook.com\/ocasionplus","https:\/\/x.com\/ocasionplus","https:\/\/www.instagram.com\/ocasion_plus","https:\/\/www.youtube.com\/channel\/UCBiCAto61Lyu27CgI95wrYQ","https:\/\/www.tiktok.com\/@ocasionplus.com","https:\/\/es.linkedin.com\/company\/ocasionplus"]},{"@type":"Person","@id":"https:\/\/www.ocasionplus.com\/noticias\/#\/schema\/person\/7ab10ae859759ef2622b28e83ba868eb","name":"OcasionPlus","image":{"@type":"ImageObject","inLanguage":"es","@id":"https:\/\/www.ocasionplus.com\/noticias\/#\/schema\/person\/image\/","url":"https:\/\/www.ocasionplus.com\/wp-content\/uploads\/2024\/07\/ocasionplus_avatar-96x96.jpg","contentUrl":"https:\/\/www.ocasionplus.com\/wp-content\/uploads\/2024\/07\/ocasionplus_avatar-96x96.jpg","caption":"OcasionPlus"}}]}},"jetpack_featured_media_url":"https:\/\/www.ocasionplus.com\/wp-content\/uploads\/2024\/04\/PEUGEOT205Gti-scaled-1.jpg","_links":{"self":[{"href":"https:\/\/www.ocasionplus.com\/noticias\/wp-json\/wp\/v2\/posts\/11030","targetHints":{"allow":["GET"]}}],"collection":[{"href":"https:\/\/www.ocasionplus.com\/noticias\/wp-json\/wp\/v2\/posts"}],"about":[{"href":"https:\/\/www.ocasionplus.com\/noticias\/wp-json\/wp\/v2\/types\/post"}],"author":[{"embeddable":true,"href":"https:\/\/www.ocasionplus.com\/noticias\/wp-json\/wp\/v2\/users\/2"}],"replies":[{"embeddable":true,"href":"https:\/\/www.ocasionplus.com\/noticias\/wp-json\/wp\/v2\/comments?post=11030"}],"version-history":[{"count":1,"href":"https:\/\/www.ocasionplus.com\/noticias\/wp-json\/wp\/v2\/posts\/11030\/revisions"}],"predecessor-version":[{"id":11290,"href":"https:\/\/www.ocasionplus.com\/noticias\/wp-json\/wp\/v2\/posts\/11030\/revisions\/11290"}],"wp:featuredmedia":[{"embeddable":true,"href":"https:\/\/www.ocasionplus.com\/noticias\/wp-json\/wp\/v2\/media\/11032"}],"wp:attachment":[{"href":"https:\/\/www.ocasionplus.com\/noticias\/wp-json\/wp\/v2\/media?parent=11030"}],"wp:term":[{"taxonomy":"category","embeddable":true,"href":"https:\/\/www.ocasionplus.com\/noticias\/wp-json\/wp\/v2\/categories?post=11030"},{"taxonomy":"post_tag","embeddable":true,"href":"https:\/\/www.ocasionplus.com\/noticias\/wp-json\/wp\/v2\/tags?post=11030"}],"curies":[{"name":"wp","href":"https:\/\/api.w.org\/{rel}","templated":true}]}}