{"id":11048,"date":"2024-05-06T13:52:36","date_gmt":"2024-05-06T11:52:36","guid":{"rendered":"https:\/\/blog.ocasionplus.com\/?p=11048"},"modified":"2025-03-27T14:00:50","modified_gmt":"2025-03-27T13:00:50","slug":"ya-puedes-reservar-el-nuevo-renault-captur-y-ya-sabemos-cuanto-costara-en-el-mercado-espanol","status":"publish","type":"post","link":"https:\/\/www.ocasionplus.com\/noticias\/ya-puedes-reservar-el-nuevo-renault-captur-y-ya-sabemos-cuanto-costara-en-el-mercado-espanol\/","title":{"rendered":"Ya puedes reservar el nuevo Renault Captur y ya sabemos cuanto costar\u00e1 en el mercado espa\u00f1ol"},"content":{"rendered":"\r\n<p>El nuevo<strong> <a href=\"https:\/\/www.ocasionplus.com\/coches-ocasion\/renault\/captur\"><mark class=\"has-inline-color has-vivid-cyan-blue-color\" style=\"background-color: rgba(0, 0, 0, 0);\">Renault Captur<\/mark><\/a><\/strong> contin\u00faa como un referente de un modelo SUV del segmento B luciendo un nuevo lenguaje de dise\u00f1o a partir de 21.690 euros y contar\u00e1 con tres niveles de acabado: <strong>Evolution, Techno y Espirit Alpine<\/strong>.<\/p>\r\n\r\n\r\n\r\n<p>La <strong>versi\u00f3n Evolution<\/strong>, la m\u00e1s econ\u00f3mica del nuevo <strong>Renault Captur<\/strong>, parte de los nombrados 21.690 euros y estar\u00e1 equipado con un motor<strong> TCe de 90 caballos<\/strong>, cuadro de instrumentos <strong>completamente digital de 7 pulgadas<\/strong>, c\u00e1mara trasera, sistema de ayuda al aparcamiento trasero y una pantalla central de infoentretenimiento de 10,4 pulgadas con <strong>OpenR Link<\/strong> compatible con Android Auto y Apple CarPlay.<\/p>\r\n\r\n\r\n\r\n<p>En su <strong>nivel de acabado Techno<\/strong>, el nuevo<strong> Renault Captur<\/strong> a\u00f1ade equipamiento que mejora la seguridad y comodidad de los conductores y ocupantes gracias al freno de parking autom\u00e1tico, climatizador autom\u00e1tico y multi-sense y unas llantas de aleaci\u00f3n de 18 pulgadas. Esta versi\u00f3n llegar\u00e1 al mercado espa\u00f1ol con un precio de <strong>23.990 euros<\/strong>, asociado al motor de gasolina de <strong>TCe de 90<\/strong> caballos de potencia.<\/p>\r\n\r\n\r\n\r\n<figure class=\"wp-block-image size-large\"><img loading=\"lazy\" decoding=\"async\" width=\"1024\" height=\"579\" class=\"wp-image-10624\" src=\"http:\/\/127.0.0.1\/wp-content\/uploads\/2024\/04\/R-DAM_1555451-1024x579.jpg\" alt=\"Presentaci\u00f3n del nuevo Renault Captur\" srcset=\"https:\/\/www.ocasionplus.com\/wp-content\/uploads\/2024\/04\/R-DAM_1555451-1024x579.jpg 1024w, https:\/\/www.ocasionplus.com\/wp-content\/uploads\/2024\/04\/R-DAM_1555451-300x170.jpg 300w, https:\/\/www.ocasionplus.com\/wp-content\/uploads\/2024\/04\/R-DAM_1555451-768x434.jpg 768w, https:\/\/www.ocasionplus.com\/wp-content\/uploads\/2024\/04\/R-DAM_1555451-1536x868.jpg 1536w, https:\/\/www.ocasionplus.com\/wp-content\/uploads\/2024\/04\/R-DAM_1555451-398x225.jpg 398w, https:\/\/www.ocasionplus.com\/wp-content\/uploads\/2024\/04\/R-DAM_1555451-600x339.jpg 600w, https:\/\/www.ocasionplus.com\/wp-content\/uploads\/2024\/04\/R-DAM_1555451.jpg 2000w\" sizes=\"auto, (max-width: 1024px) 100vw, 1024px\" \/>\r\n<figcaption class=\"wp-element-caption\">Presentaci\u00f3n del nuevo Renault Captur<\/figcaption>\r\n<\/figure>\r\n\r\n\r\n\r\n<p>Como tope de gama del nuevo <strong>Renault Captur<\/strong> llega la \u00faltima novedad del B-SUV con la <strong>versi\u00f3n Espirit Alpine <\/strong>con un aspecto m\u00e1s deportivo y orientado a la competici\u00f3n que parte desde los 31.990 euros que equipa el motor<strong> TCe mild hybrid de 160 caballos<\/strong> de potencia. Esta versi\u00f3n incorpora detalles y logos en negro satinado, contornos de las ventanillas en negro brillante, protectores delanteros y traseros pintados en gris satinado y llantas de 19 pulgadas.<\/p>\r\n\r\n\r\n\r\n<p>Por otro lado, en el apartado de las motorizaciones, el <strong>Renault Captur<\/strong> estrena la tecnolog\u00eda E-Tech full hybrid de 145 caballos de potencia, que parte de un precio de 27.490 en el nivel de acabado Evolution. Este motor h\u00edbrido enchufable obtiene la etiqueta Cero de la DGT gracias a una relaci\u00f3n entre el consumo y las prestaciones referentes del<a href=\"https:\/\/www.ocasionplus.com\/coches-ocasion\/todoterreno\"><mark class=\"has-inline-color has-vivid-cyan-blue-color\" style=\"background-color: rgba(0, 0, 0, 0);\"> <strong>segmento de veh\u00edculos todoterreno<\/strong><\/mark><\/a><strong>. <\/strong>Adem\u00e1s, podr\u00e1s realizar todos los arranques en modo 100% el\u00e9ctrico y realizar una conducci\u00f3n en ciudad de hasta el 80% sin utilizar el modo t\u00e9rmico.<\/p>\r\n\r\n\r\n\r\n<p>Este <a href=\"https:\/\/blog.ocasionplus.com\/llega-el-nuevo-renault-captur-un-suv-compacto-con-aire-de-grandeza\/\"><strong><mark class=\"has-inline-color has-vivid-cyan-blue-color\" style=\"background-color: rgba(0, 0, 0, 0);\">nuevo Renault Captur fue presentado a principios del mes de abril<\/mark><\/strong><\/a> y ya se pueden realizar pedidos en la red de concesionarios Renault en Espa\u00f1a. La marca del rombo ha vendido m\u00e1s de<strong> 2 millones de unidades de este SUV del segmento B<\/strong>, lo que ha supuesto un gran \u00e9xito para <a href=\"https:\/\/www.ocasionplus.com\/coches-ocasion\/renault\"><strong><mark class=\"has-inline-color has-vivid-cyan-blue-color\" style=\"background-color: rgba(0, 0, 0, 0);\">Renault<\/mark> <\/strong><\/a>que ofrece un todoterreno habitable y modulable que permiten adaptase al d\u00eda a d\u00eda de los conductores gracias a su polivalencia.<\/p>\r\n","protected":false},"excerpt":{"rendered":"<p>El nuevo Renault Captur contin\u00faa como un referente de un modelo SUV del segmento B luciendo un nuevo lenguaje de dise\u00f1o a partir de 21.690 euros y contar\u00e1 con tres niveles de acabado: Evolution, Techno y Espirit Alpine.<\/p>\n","protected":false},"author":2,"featured_media":11049,"comment_status":"closed","ping_status":"closed","sticky":false,"template":"","format":"standard","meta":{"footnotes":""},"categories":[2],"tags":[375],"class_list":["post-11048","post","type-post","status-publish","format-standard","has-post-thumbnail","hentry","category-ultimas-noticias","tag-renault"],"yoast_head":"<!-- This site is optimized with the Yoast SEO Premium plugin v24.8 (Yoast SEO v24.8.1) - https:\/\/yoast.com\/wordpress\/plugins\/seo\/ -->\n<title>Ya puedes reservar el nuevo Renault Captur y ya sabemos cuanto costar\u00e1 en el mercado espa\u00f1ol - OcasionPlus Blog<\/title>\n<meta name=\"robots\" content=\"index, follow, max-snippet:-1, max-image-preview:large, max-video-preview:-1\" \/>\n<link rel=\"canonical\" href=\"https:\/\/www.ocasionplus.com\/noticias\/ya-puedes-reservar-el-nuevo-renault-captur-y-ya-sabemos-cuanto-costara-en-el-mercado-espanol\/\" \/>\n<meta property=\"og:locale\" content=\"es_ES\" \/>\n<meta property=\"og:type\" content=\"article\" \/>\n<meta property=\"og:title\" content=\"Ya puedes reservar el nuevo Renault Captur y ya sabemos cuanto costar\u00e1 en el mercado espa\u00f1ol\" \/>\n<meta property=\"og:description\" content=\"El nuevo Renault Captur contin\u00faa como un referente de un modelo SUV del segmento B luciendo un nuevo lenguaje de dise\u00f1o a partir de 21.690 euros y contar\u00e1 con tres niveles de acabado: Evolution, Techno y Espirit Alpine.\" \/>\n<meta property=\"og:url\" content=\"https:\/\/www.ocasionplus.com\/noticias\/ya-puedes-reservar-el-nuevo-renault-captur-y-ya-sabemos-cuanto-costara-en-el-mercado-espanol\/\" \/>\n<meta property=\"og:site_name\" content=\"OcasionPlus Blog\" \/>\n<meta property=\"article:publisher\" content=\"https:\/\/www.facebook.com\/ocasionplus\" \/>\n<meta property=\"article:published_time\" content=\"2024-05-06T11:52:36+00:00\" \/>\n<meta property=\"article:modified_time\" content=\"2025-03-27T13:00:50+00:00\" \/>\n<meta property=\"og:image\" content=\"https:\/\/www.ocasionplus.com\/wp-content\/uploads\/2024\/05\/R-DAM_1549745-1.jpg\" \/>\n\t<meta property=\"og:image:width\" content=\"2000\" \/>\n\t<meta property=\"og:image:height\" content=\"1333\" \/>\n\t<meta property=\"og:image:type\" content=\"image\/jpeg\" \/>\n<meta name=\"author\" content=\"OcasionPlus\" \/>\n<meta name=\"twitter:card\" content=\"summary_large_image\" \/>\n<meta name=\"twitter:creator\" content=\"@ocasionplus\" \/>\n<meta name=\"twitter:site\" content=\"@ocasionplus\" \/>\n<meta name=\"twitter:label1\" content=\"Escrito por\" \/>\n\t<meta name=\"twitter:data1\" content=\"OcasionPlus\" \/>\n\t<meta name=\"twitter:label2\" content=\"Tiempo de lectura\" \/>\n\t<meta name=\"twitter:data2\" content=\"3 minutos\" \/>\n<script type=\"application\/ld+json\" class=\"yoast-schema-graph\">{\"@context\":\"https:\/\/schema.org\",\"@graph\":[{\"@type\":\"Article\",\"@id\":\"https:\/\/www.ocasionplus.com\/noticias\/ya-puedes-reservar-el-nuevo-renault-captur-y-ya-sabemos-cuanto-costara-en-el-mercado-espanol\/#article\",\"isPartOf\":{\"@id\":\"https:\/\/www.ocasionplus.com\/noticias\/ya-puedes-reservar-el-nuevo-renault-captur-y-ya-sabemos-cuanto-costara-en-el-mercado-espanol\/\"},\"author\":{\"name\":\"OcasionPlus\",\"@id\":\"https:\/\/www.ocasionplus.com\/noticias\/#\/schema\/person\/7ab10ae859759ef2622b28e83ba868eb\"},\"headline\":\"Ya puedes reservar el nuevo Renault Captur y ya sabemos cuanto costar\u00e1 en el mercado espa\u00f1ol\",\"datePublished\":\"2024-05-06T11:52:36+00:00\",\"dateModified\":\"2025-03-27T13:00:50+00:00\",\"mainEntityOfPage\":{\"@id\":\"https:\/\/www.ocasionplus.com\/noticias\/ya-puedes-reservar-el-nuevo-renault-captur-y-ya-sabemos-cuanto-costara-en-el-mercado-espanol\/\"},\"wordCount\":438,\"publisher\":{\"@id\":\"https:\/\/www.ocasionplus.com\/noticias\/#organization\"},\"image\":{\"@id\":\"https:\/\/www.ocasionplus.com\/noticias\/ya-puedes-reservar-el-nuevo-renault-captur-y-ya-sabemos-cuanto-costara-en-el-mercado-espanol\/#primaryimage\"},\"thumbnailUrl\":\"https:\/\/www.ocasionplus.com\/wp-content\/uploads\/2024\/05\/R-DAM_1549745-1.jpg\",\"keywords\":[\"renault\"],\"articleSection\":[\"\u00daltimas Noticias\"],\"inLanguage\":\"es\",\"copyrightYear\":\"2024\",\"copyrightHolder\":{\"@id\":\"https:\/\/www.ocasionplus.com\/noticias\/#organization\"}},{\"@type\":\"WebPage\",\"@id\":\"https:\/\/www.ocasionplus.com\/noticias\/ya-puedes-reservar-el-nuevo-renault-captur-y-ya-sabemos-cuanto-costara-en-el-mercado-espanol\/\",\"url\":\"https:\/\/www.ocasionplus.com\/noticias\/ya-puedes-reservar-el-nuevo-renault-captur-y-ya-sabemos-cuanto-costara-en-el-mercado-espanol\/\",\"name\":\"Ya puedes reservar el nuevo Renault Captur y ya sabemos cuanto costar\u00e1 en el mercado espa\u00f1ol - OcasionPlus Blog\",\"isPartOf\":{\"@id\":\"https:\/\/www.ocasionplus.com\/noticias\/#website\"},\"primaryImageOfPage\":{\"@id\":\"https:\/\/www.ocasionplus.com\/noticias\/ya-puedes-reservar-el-nuevo-renault-captur-y-ya-sabemos-cuanto-costara-en-el-mercado-espanol\/#primaryimage\"},\"image\":{\"@id\":\"https:\/\/www.ocasionplus.com\/noticias\/ya-puedes-reservar-el-nuevo-renault-captur-y-ya-sabemos-cuanto-costara-en-el-mercado-espanol\/#primaryimage\"},\"thumbnailUrl\":\"https:\/\/www.ocasionplus.com\/wp-content\/uploads\/2024\/05\/R-DAM_1549745-1.jpg\",\"datePublished\":\"2024-05-06T11:52:36+00:00\",\"dateModified\":\"2025-03-27T13:00:50+00:00\",\"breadcrumb\":{\"@id\":\"https:\/\/www.ocasionplus.com\/noticias\/ya-puedes-reservar-el-nuevo-renault-captur-y-ya-sabemos-cuanto-costara-en-el-mercado-espanol\/#breadcrumb\"},\"inLanguage\":\"es\",\"potentialAction\":[{\"@type\":\"ReadAction\",\"target\":[\"https:\/\/www.ocasionplus.com\/noticias\/ya-puedes-reservar-el-nuevo-renault-captur-y-ya-sabemos-cuanto-costara-en-el-mercado-espanol\/\"]}]},{\"@type\":\"ImageObject\",\"inLanguage\":\"es\",\"@id\":\"https:\/\/www.ocasionplus.com\/noticias\/ya-puedes-reservar-el-nuevo-renault-captur-y-ya-sabemos-cuanto-costara-en-el-mercado-espanol\/#primaryimage\",\"url\":\"https:\/\/www.ocasionplus.com\/wp-content\/uploads\/2024\/05\/R-DAM_1549745-1.jpg\",\"contentUrl\":\"https:\/\/www.ocasionplus.com\/wp-content\/uploads\/2024\/05\/R-DAM_1549745-1.jpg\",\"width\":2000,\"height\":1333,\"caption\":\"Renault Captur precio\"},{\"@type\":\"BreadcrumbList\",\"@id\":\"https:\/\/www.ocasionplus.com\/noticias\/ya-puedes-reservar-el-nuevo-renault-captur-y-ya-sabemos-cuanto-costara-en-el-mercado-espanol\/#breadcrumb\",\"itemListElement\":[{\"@type\":\"ListItem\",\"position\":1,\"name\":\"Portada\",\"item\":\"https:\/\/www.ocasionplus.com\/noticias\/\"},{\"@type\":\"ListItem\",\"position\":2,\"name\":\"Ya puedes reservar el nuevo Renault Captur y ya sabemos cuanto costar\u00e1 en el mercado espa\u00f1ol\"}]},{\"@type\":\"WebSite\",\"@id\":\"https:\/\/www.ocasionplus.com\/noticias\/#website\",\"url\":\"https:\/\/www.ocasionplus.com\/noticias\/\",\"name\":\"OcasionPlus Blog\",\"description\":\"Veh\u00edculos de ocasi\u00f3n\",\"publisher\":{\"@id\":\"https:\/\/www.ocasionplus.com\/noticias\/#organization\"},\"potentialAction\":[{\"@type\":\"SearchAction\",\"target\":{\"@type\":\"EntryPoint\",\"urlTemplate\":\"https:\/\/www.ocasionplus.com\/noticias\/?s={search_term_string}\"},\"query-input\":{\"@type\":\"PropertyValueSpecification\",\"valueRequired\":true,\"valueName\":\"search_term_string\"}}],\"inLanguage\":\"es\"},{\"@type\":\"Organization\",\"@id\":\"https:\/\/www.ocasionplus.com\/noticias\/#organization\",\"name\":\"OcasionPlus\",\"url\":\"https:\/\/www.ocasionplus.com\/noticias\/\",\"logo\":{\"@type\":\"ImageObject\",\"inLanguage\":\"es\",\"@id\":\"https:\/\/www.ocasionplus.com\/noticias\/#\/schema\/logo\/image\/\",\"url\":\"https:\/\/www.ocasionplus.com\/wp-content\/uploads\/2024\/05\/cropped-cropped-oplus-logo-blog.png\",\"contentUrl\":\"https:\/\/www.ocasionplus.com\/wp-content\/uploads\/2024\/05\/cropped-cropped-oplus-logo-blog.png\",\"width\":360,\"height\":71,\"caption\":\"OcasionPlus\"},\"image\":{\"@id\":\"https:\/\/www.ocasionplus.com\/noticias\/#\/schema\/logo\/image\/\"},\"sameAs\":[\"https:\/\/www.facebook.com\/ocasionplus\",\"https:\/\/x.com\/ocasionplus\",\"https:\/\/www.instagram.com\/ocasion_plus\",\"https:\/\/www.youtube.com\/channel\/UCBiCAto61Lyu27CgI95wrYQ\",\"https:\/\/www.tiktok.com\/@ocasionplus.com\",\"https:\/\/es.linkedin.com\/company\/ocasionplus\"]},{\"@type\":\"Person\",\"@id\":\"https:\/\/www.ocasionplus.com\/noticias\/#\/schema\/person\/7ab10ae859759ef2622b28e83ba868eb\",\"name\":\"OcasionPlus\",\"image\":{\"@type\":\"ImageObject\",\"inLanguage\":\"es\",\"@id\":\"https:\/\/www.ocasionplus.com\/noticias\/#\/schema\/person\/image\/\",\"url\":\"https:\/\/www.ocasionplus.com\/wp-content\/uploads\/2024\/07\/ocasionplus_avatar-96x96.jpg\",\"contentUrl\":\"https:\/\/www.ocasionplus.com\/wp-content\/uploads\/2024\/07\/ocasionplus_avatar-96x96.jpg\",\"caption\":\"OcasionPlus\"}}]}<\/script>\n<!-- \/ Yoast SEO Premium plugin. -->","yoast_head_json":{"title":"Ya puedes reservar el nuevo Renault Captur y ya sabemos cuanto costar\u00e1 en el mercado espa\u00f1ol - OcasionPlus Blog","robots":{"index":"index","follow":"follow","max-snippet":"max-snippet:-1","max-image-preview":"max-image-preview:large","max-video-preview":"max-video-preview:-1"},"canonical":"https:\/\/www.ocasionplus.com\/noticias\/ya-puedes-reservar-el-nuevo-renault-captur-y-ya-sabemos-cuanto-costara-en-el-mercado-espanol\/","og_locale":"es_ES","og_type":"article","og_title":"Ya puedes reservar el nuevo Renault Captur y ya sabemos cuanto costar\u00e1 en el mercado espa\u00f1ol","og_description":"El nuevo Renault Captur contin\u00faa como un referente de un modelo SUV del segmento B luciendo un nuevo lenguaje de dise\u00f1o a partir de 21.690 euros y contar\u00e1 con tres niveles de acabado: Evolution, Techno y Espirit Alpine.","og_url":"https:\/\/www.ocasionplus.com\/noticias\/ya-puedes-reservar-el-nuevo-renault-captur-y-ya-sabemos-cuanto-costara-en-el-mercado-espanol\/","og_site_name":"OcasionPlus Blog","article_publisher":"https:\/\/www.facebook.com\/ocasionplus","article_published_time":"2024-05-06T11:52:36+00:00","article_modified_time":"2025-03-27T13:00:50+00:00","og_image":[{"width":2000,"height":1333,"url":"https:\/\/www.ocasionplus.com\/wp-content\/uploads\/2024\/05\/R-DAM_1549745-1.jpg","type":"image\/jpeg"}],"author":"OcasionPlus","twitter_card":"summary_large_image","twitter_creator":"@ocasionplus","twitter_site":"@ocasionplus","twitter_misc":{"Escrito por":"OcasionPlus","Tiempo de lectura":"3 minutos"},"schema":{"@context":"https:\/\/schema.org","@graph":[{"@type":"Article","@id":"https:\/\/www.ocasionplus.com\/noticias\/ya-puedes-reservar-el-nuevo-renault-captur-y-ya-sabemos-cuanto-costara-en-el-mercado-espanol\/#article","isPartOf":{"@id":"https:\/\/www.ocasionplus.com\/noticias\/ya-puedes-reservar-el-nuevo-renault-captur-y-ya-sabemos-cuanto-costara-en-el-mercado-espanol\/"},"author":{"name":"OcasionPlus","@id":"https:\/\/www.ocasionplus.com\/noticias\/#\/schema\/person\/7ab10ae859759ef2622b28e83ba868eb"},"headline":"Ya puedes reservar el nuevo Renault Captur y ya sabemos cuanto costar\u00e1 en el mercado espa\u00f1ol","datePublished":"2024-05-06T11:52:36+00:00","dateModified":"2025-03-27T13:00:50+00:00","mainEntityOfPage":{"@id":"https:\/\/www.ocasionplus.com\/noticias\/ya-puedes-reservar-el-nuevo-renault-captur-y-ya-sabemos-cuanto-costara-en-el-mercado-espanol\/"},"wordCount":438,"publisher":{"@id":"https:\/\/www.ocasionplus.com\/noticias\/#organization"},"image":{"@id":"https:\/\/www.ocasionplus.com\/noticias\/ya-puedes-reservar-el-nuevo-renault-captur-y-ya-sabemos-cuanto-costara-en-el-mercado-espanol\/#primaryimage"},"thumbnailUrl":"https:\/\/www.ocasionplus.com\/wp-content\/uploads\/2024\/05\/R-DAM_1549745-1.jpg","keywords":["renault"],"articleSection":["\u00daltimas Noticias"],"inLanguage":"es","copyrightYear":"2024","copyrightHolder":{"@id":"https:\/\/www.ocasionplus.com\/noticias\/#organization"}},{"@type":"WebPage","@id":"https:\/\/www.ocasionplus.com\/noticias\/ya-puedes-reservar-el-nuevo-renault-captur-y-ya-sabemos-cuanto-costara-en-el-mercado-espanol\/","url":"https:\/\/www.ocasionplus.com\/noticias\/ya-puedes-reservar-el-nuevo-renault-captur-y-ya-sabemos-cuanto-costara-en-el-mercado-espanol\/","name":"Ya puedes reservar el nuevo Renault Captur y ya sabemos cuanto costar\u00e1 en el mercado espa\u00f1ol - OcasionPlus Blog","isPartOf":{"@id":"https:\/\/www.ocasionplus.com\/noticias\/#website"},"primaryImageOfPage":{"@id":"https:\/\/www.ocasionplus.com\/noticias\/ya-puedes-reservar-el-nuevo-renault-captur-y-ya-sabemos-cuanto-costara-en-el-mercado-espanol\/#primaryimage"},"image":{"@id":"https:\/\/www.ocasionplus.com\/noticias\/ya-puedes-reservar-el-nuevo-renault-captur-y-ya-sabemos-cuanto-costara-en-el-mercado-espanol\/#primaryimage"},"thumbnailUrl":"https:\/\/www.ocasionplus.com\/wp-content\/uploads\/2024\/05\/R-DAM_1549745-1.jpg","datePublished":"2024-05-06T11:52:36+00:00","dateModified":"2025-03-27T13:00:50+00:00","breadcrumb":{"@id":"https:\/\/www.ocasionplus.com\/noticias\/ya-puedes-reservar-el-nuevo-renault-captur-y-ya-sabemos-cuanto-costara-en-el-mercado-espanol\/#breadcrumb"},"inLanguage":"es","potentialAction":[{"@type":"ReadAction","target":["https:\/\/www.ocasionplus.com\/noticias\/ya-puedes-reservar-el-nuevo-renault-captur-y-ya-sabemos-cuanto-costara-en-el-mercado-espanol\/"]}]},{"@type":"ImageObject","inLanguage":"es","@id":"https:\/\/www.ocasionplus.com\/noticias\/ya-puedes-reservar-el-nuevo-renault-captur-y-ya-sabemos-cuanto-costara-en-el-mercado-espanol\/#primaryimage","url":"https:\/\/www.ocasionplus.com\/wp-content\/uploads\/2024\/05\/R-DAM_1549745-1.jpg","contentUrl":"https:\/\/www.ocasionplus.com\/wp-content\/uploads\/2024\/05\/R-DAM_1549745-1.jpg","width":2000,"height":1333,"caption":"Renault Captur precio"},{"@type":"BreadcrumbList","@id":"https:\/\/www.ocasionplus.com\/noticias\/ya-puedes-reservar-el-nuevo-renault-captur-y-ya-sabemos-cuanto-costara-en-el-mercado-espanol\/#breadcrumb","itemListElement":[{"@type":"ListItem","position":1,"name":"Portada","item":"https:\/\/www.ocasionplus.com\/noticias\/"},{"@type":"ListItem","position":2,"name":"Ya puedes reservar el nuevo Renault Captur y ya sabemos cuanto costar\u00e1 en el mercado espa\u00f1ol"}]},{"@type":"WebSite","@id":"https:\/\/www.ocasionplus.com\/noticias\/#website","url":"https:\/\/www.ocasionplus.com\/noticias\/","name":"OcasionPlus Blog","description":"Veh\u00edculos de ocasi\u00f3n","publisher":{"@id":"https:\/\/www.ocasionplus.com\/noticias\/#organization"},"potentialAction":[{"@type":"SearchAction","target":{"@type":"EntryPoint","urlTemplate":"https:\/\/www.ocasionplus.com\/noticias\/?s={search_term_string}"},"query-input":{"@type":"PropertyValueSpecification","valueRequired":true,"valueName":"search_term_string"}}],"inLanguage":"es"},{"@type":"Organization","@id":"https:\/\/www.ocasionplus.com\/noticias\/#organization","name":"OcasionPlus","url":"https:\/\/www.ocasionplus.com\/noticias\/","logo":{"@type":"ImageObject","inLanguage":"es","@id":"https:\/\/www.ocasionplus.com\/noticias\/#\/schema\/logo\/image\/","url":"https:\/\/www.ocasionplus.com\/wp-content\/uploads\/2024\/05\/cropped-cropped-oplus-logo-blog.png","contentUrl":"https:\/\/www.ocasionplus.com\/wp-content\/uploads\/2024\/05\/cropped-cropped-oplus-logo-blog.png","width":360,"height":71,"caption":"OcasionPlus"},"image":{"@id":"https:\/\/www.ocasionplus.com\/noticias\/#\/schema\/logo\/image\/"},"sameAs":["https:\/\/www.facebook.com\/ocasionplus","https:\/\/x.com\/ocasionplus","https:\/\/www.instagram.com\/ocasion_plus","https:\/\/www.youtube.com\/channel\/UCBiCAto61Lyu27CgI95wrYQ","https:\/\/www.tiktok.com\/@ocasionplus.com","https:\/\/es.linkedin.com\/company\/ocasionplus"]},{"@type":"Person","@id":"https:\/\/www.ocasionplus.com\/noticias\/#\/schema\/person\/7ab10ae859759ef2622b28e83ba868eb","name":"OcasionPlus","image":{"@type":"ImageObject","inLanguage":"es","@id":"https:\/\/www.ocasionplus.com\/noticias\/#\/schema\/person\/image\/","url":"https:\/\/www.ocasionplus.com\/wp-content\/uploads\/2024\/07\/ocasionplus_avatar-96x96.jpg","contentUrl":"https:\/\/www.ocasionplus.com\/wp-content\/uploads\/2024\/07\/ocasionplus_avatar-96x96.jpg","caption":"OcasionPlus"}}]}},"jetpack_featured_media_url":"https:\/\/www.ocasionplus.com\/wp-content\/uploads\/2024\/05\/R-DAM_1549745-1.jpg","_links":{"self":[{"href":"https:\/\/www.ocasionplus.com\/noticias\/wp-json\/wp\/v2\/posts\/11048","targetHints":{"allow":["GET"]}}],"collection":[{"href":"https:\/\/www.ocasionplus.com\/noticias\/wp-json\/wp\/v2\/posts"}],"about":[{"href":"https:\/\/www.ocasionplus.com\/noticias\/wp-json\/wp\/v2\/types\/post"}],"author":[{"embeddable":true,"href":"https:\/\/www.ocasionplus.com\/noticias\/wp-json\/wp\/v2\/users\/2"}],"replies":[{"embeddable":true,"href":"https:\/\/www.ocasionplus.com\/noticias\/wp-json\/wp\/v2\/comments?post=11048"}],"version-history":[{"count":1,"href":"https:\/\/www.ocasionplus.com\/noticias\/wp-json\/wp\/v2\/posts\/11048\/revisions"}],"predecessor-version":[{"id":11378,"href":"https:\/\/www.ocasionplus.com\/noticias\/wp-json\/wp\/v2\/posts\/11048\/revisions\/11378"}],"wp:featuredmedia":[{"embeddable":true,"href":"https:\/\/www.ocasionplus.com\/noticias\/wp-json\/wp\/v2\/media\/11049"}],"wp:attachment":[{"href":"https:\/\/www.ocasionplus.com\/noticias\/wp-json\/wp\/v2\/media?parent=11048"}],"wp:term":[{"taxonomy":"category","embeddable":true,"href":"https:\/\/www.ocasionplus.com\/noticias\/wp-json\/wp\/v2\/categories?post=11048"},{"taxonomy":"post_tag","embeddable":true,"href":"https:\/\/www.ocasionplus.com\/noticias\/wp-json\/wp\/v2\/tags?post=11048"}],"curies":[{"name":"wp","href":"https:\/\/api.w.org\/{rel}","templated":true}]}}