{"id":11251,"date":"2024-05-14T17:21:58","date_gmt":"2024-05-14T15:21:58","guid":{"rendered":"https:\/\/blog.ocasionplus.com\/?p=11251"},"modified":"2025-03-27T14:00:28","modified_gmt":"2025-03-27T13:00:28","slug":"regresa-el-opel-frontera-redefiniendo-el-futuro-de-los-suv-electricos","status":"publish","type":"post","link":"https:\/\/www.ocasionplus.com\/noticias\/regresa-el-opel-frontera-redefiniendo-el-futuro-de-los-suv-electricos\/","title":{"rendered":"Regresa el Opel Frontera redefiniendo el futuro de los SUV el\u00e9ctricos"},"content":{"rendered":"\n<p>El Opel Frontera vuelve con fuerza, <strong>redefiniendo el futuro de los SUV el\u00e9ctricos<\/strong>. Este ic\u00f3nico modelo regresa al mercado con una <strong>propuesta innovadora<\/strong> que combina tecnolog\u00eda avanzada, <strong>dise\u00f1o vanguardista<\/strong> y una experiencia de conducci\u00f3n \u00fanica. La \u00faltima vez que la casa utiliz\u00f3 esa denominaci\u00f3n fue para un modelo todoterreno puro y duro, de di\u00e9sel. El regreso de la leyenda es ahora <strong>el\u00e9ctrico <\/strong>y un <strong>todocamino<\/strong>.<\/p>\n\n\n\n<h2 class=\"wp-block-heading\"><strong>Descubre el nuevo Opel Frontera<\/strong><\/h2>\n\n\n\n<p>El nuevo Opel Frontera es mucho m\u00e1s que un simple SUV el\u00e9ctrico. Con una <strong>plataforma de \u00faltima generaci\u00f3n<\/strong> y una <strong>gama de versiones<\/strong> que incluyen opciones h\u00edbridas y el\u00e9ctricas, este veh\u00edculo <strong>representa el futuro de la movilidad urbana<\/strong>.&nbsp;<\/p>\n\n\n\n<p>Desde su <strong>dise\u00f1o aerodin\u00e1mico<\/strong> hasta su interior tecnol\u00f3gicamente avanzado, cada detalle del Opel Frontera ha sido cuidadosamente dise\u00f1ado para ofrecer una experiencia de conducci\u00f3n excepcional.<\/p>\n\n\n\n<figure class=\"wp-block-image size-large\"><img decoding=\"async\" src=\"https:\/\/blog.ocasionplus.com\/wp-content\/uploads\/2024\/05\/opel_frontera_interior-1024x576.jpg\" alt=\"\" class=\"wp-image-11253\"\/><\/figure>\n\n\n\n<h3 class=\"wp-block-heading\"><strong>Un vistazo a las caracter\u00edsticas clave del nuevo Opel Frontera<\/strong><\/h3>\n\n\n\n<p>El Opel Frontera se destaca por su dise\u00f1o elegante y aerodin\u00e1mico, que combina l\u00edneas suaves con detalles modernos. Equipado con una plataforma compartida con el Citro\u00ebn C3 Aircross, este SUV ofrece una experiencia de conducci\u00f3n suave y eficiente.<\/p>\n\n\n\n<p>Principales caracter\u00edsticas del Opel Frontera:<\/p>\n\n\n\n<ul class=\"wp-block-list\">\n<li><strong>Tama\u00f1o<\/strong>: longitud de 4,38 metros, un amplio espacio interior para pasajeros y carga.<\/li>\n\n\n\n<li><strong>Autonom\u00eda<\/strong>: las versiones el\u00e9ctricas del Opel Frontera ofrecen una autonom\u00eda de hasta 300 kil\u00f3metros, ideal para viajes largos.<\/li>\n\n\n\n<li><strong>Motorizaci\u00f3n<\/strong>: el Opel Frontera cuenta con opciones h\u00edbridas ligeras y el\u00e9ctricas, proporcionando una conducci\u00f3n eficiente y respetuosa con el medio ambiente.<\/li>\n\n\n\n<li><strong>Interior<\/strong>: comodidad y conveniencia, con asientos ergon\u00f3micos y una amplia variedad de caracter\u00edsticas tecnol\u00f3gicas.<\/li>\n\n\n\n<li><strong>Maletero<\/strong>: con unos 450 litros de capacidad, y con los asientos abatidos hasta 1.600 litros.<\/li>\n<\/ul>\n\n\n\n<p>Desde su lanzamiento inicial, el Opel Frontera ha sido recibido con entusiasmo por parte de los entusiastas de los SUV el\u00e9ctricos. Con su combinaci\u00f3n de rendimiento, comodidad y tecnolog\u00eda avanzada, este veh\u00edculo est\u00e1 listo para marcar el comienzo de una nueva era en la industria automotriz. \u00bfEst\u00e1s listo para unirte a la revoluci\u00f3n el\u00e9ctrica con el Opel Frontera?<\/p>\n\n\n\n<h3 class=\"wp-block-heading\"><strong>\u00bfCu\u00e1ndo estar\u00e1 disponible el nuevo Opel Frontera?<\/strong><\/h3>\n\n\n\n<p>La espera por el nuevo Opel Frontera est\u00e1 llegando a su fin. Con su <strong>presentaci\u00f3n mundial celebrada en mayo<\/strong>, los entusiastas del mundo automotriz est\u00e1n ansiosos por conocer cu\u00e1ndo podr\u00e1n tener este emocionante SUV en sus manos.<\/p>\n\n\n\n<p>Se espera que el nuevo Opel Frontera est\u00e9 <strong>disponible en el mercado despu\u00e9s del verano<\/strong>. Esto significa que pronto podr\u00e1s experimentar toda la innovaci\u00f3n y el rendimiento que este veh\u00edculo tiene para ofrecer.<\/p>\n\n\n\n<h2 class=\"wp-block-heading\"><strong>Opel Frontera Sport: rendimiento y estilo fusionados<\/strong><\/h2>\n\n\n\n<p>El Opel Frontera Sport encarna la <strong>fusi\u00f3n perfecta entre rendimiento y estilo<\/strong>. Dise\u00f1ado para los amantes de la aventura que buscan emociones intensas en cada viaje, este modelo deportivo promete llevar la experiencia de conducci\u00f3n a un nuevo nivel.<\/p>\n\n\n\n<p>Con un dise\u00f1o aerodin\u00e1mico y l\u00edneas elegantes, el Opel Frontera Sport destaca en cualquier entorno urbano o rural. Su<strong> perfil atl\u00e9tico y sus detalles deportivos<\/strong> transmiten una sensaci\u00f3n de potencia y agilidad, mientras que su distintiva parrilla delantera y sus <strong>faros LED<\/strong> le otorgan una presencia imponente en la carretera.<\/p>\n\n\n\n<h3 class=\"wp-block-heading\"><strong>Motorizaci\u00f3n y eficiencia: el coraz\u00f3n el\u00e9ctrico del Opel Frontera<\/strong><\/h3>\n\n\n\n<p>En el coraz\u00f3n del Opel Frontera late una potente motorizaci\u00f3n el\u00e9ctrica que ofrece un <strong>rendimiento excepcional<\/strong> y una <strong>eficiencia sobresaliente<\/strong>. Con opciones de motorizaci\u00f3n h\u00edbrida y 100% el\u00e9ctrica, este SUV combina la emoci\u00f3n de la conducci\u00f3n con un compromiso firme con el medio ambiente.<\/p>\n\n\n\n<p>La versi\u00f3n el\u00e9ctrica del Opel Frontera est\u00e1 equipada con un <strong>motor de 113 CV<\/strong> y una bater\u00eda de alta capacidad que proporciona una autonom\u00eda impresionante de hasta <strong>300 kil\u00f3metros con una sola carga<\/strong>. Por otro lado, las variantes h\u00edbridas ofrecen una combinaci\u00f3n perfecta de motor de gasolina y el\u00e9ctrico, brindando una potencia excepcional y una eficiencia sin igual.<\/p>\n\n\n\n<h3 class=\"wp-block-heading\"><strong>Seguridad sin compromisos: tecnolog\u00eda avanzada para una conducci\u00f3n confiable<\/strong><\/h3>\n\n\n\n<p>Cuando se trata de seguridad, el Opel Frontera no hace concesiones. Equipado con tecnolog\u00eda avanzada y caracter\u00edsticas de seguridad de \u00faltima generaci\u00f3n, este SUV ofrece una conducci\u00f3n confiable y tranquila en todo momento.<\/p>\n\n\n\n<p>Desde sistemas de asistencia al conductor hasta dispositivos de <strong>seguridad pasiva<\/strong>, el Opel Frontera est\u00e1 dise\u00f1ado para<strong> proteger a sus ocupantes en cualquier situaci\u00f3n<\/strong>. Con caracter\u00edsticas como frenado de emergencia autom\u00e1tico, <strong>control de crucero adaptativo y alerta de cambio de carril<\/strong>, este SUV ofrece una experiencia de conducci\u00f3n segura y sin estr\u00e9s.<\/p>\n\n\n\n<p>Ya sea en la ciudad o en la carretera abierta, el Opel Frontera brinda tranquilidad a los conductores y pasajeros gracias a su <strong>enfoque en la seguridad y la protecci\u00f3n<\/strong>. Con tecnolog\u00eda avanzada y un dise\u00f1o robusto, este SUV est\u00e1 listo para enfrentar cualquier desaf\u00edo que se presente en el camino.<\/p>\n\n\n\n<h3 class=\"wp-block-heading\"><strong>Dise\u00f1o interior: elegancia y comodidad en cada detalle<\/strong><\/h3>\n\n\n\n<p>El Opel Frontera no solo impresiona por su imponente presencia exterior, sino que tambi\u00e9n o<strong>frece un interior que combina elegancia y comodidad<\/strong> en cada detalle. Dise\u00f1ado para proporcionar una experiencia de conducci\u00f3n premium, este SUV ofrece un ambiente acogedor y sofisticado que invita a disfrutar de cada viaje.<\/p>\n\n\n\n<p>Con <strong>materiales de alta calidad y acabados refinados<\/strong>, el interior del Opel Frontera refleja un cuidado meticuloso por el detalle. Los asientos ergon\u00f3micos ofrecen un apoyo \u00f3ptimo durante los trayectos largos.<\/p>\n\n\n\n<p>Cada detalle ha sido cuidadosamente pensado para <strong>crear un espacio que invite a relajarse y disfrutar del viaje<\/strong>, convirtiendo cada trayecto en una experiencia inolvidable.<\/p>\n\n\n\n<h2 class=\"wp-block-heading\"><strong>\u00bfCu\u00e1nto costar\u00e1 el nuevo Opel Frontera?<\/strong><\/h2>\n\n\n\n<p>El <strong>precio del nuevo Opel Frontera<\/strong> depender\u00e1 de la versi\u00f3n y de las opciones de equipamiento seleccionadas. Las <strong>versiones microh\u00edbridas<\/strong> podr\u00edan tener un precio inicial de alrededor de <strong>24.000 euros en Alemania<\/strong>, mientras que la variante totalmente el\u00e9ctrica rondar\u00eda los <strong>29.000 euros<\/strong>.<\/p>\n\n\n\n<p>Adem\u00e1s, es posible que existan ayudas y subvenciones disponibles que puedan reducir el coste final del veh\u00edculo.<\/p>\n","protected":false},"excerpt":{"rendered":"<p>El Opel Frontera vuelve con fuerza, redefiniendo el futuro de los SUV el\u00e9ctricos. Este ic\u00f3nico modelo regresa al mercado con una propuesta innovadora que combina tecnolog\u00eda avanzada, dise\u00f1o vanguardista y una experiencia de conducci\u00f3n \u00fanica. La \u00faltima vez que la casa utiliz\u00f3 esa denominaci\u00f3n fue para un modelo todoterreno puro y duro, de di\u00e9sel. El&#8230;<\/p>\n","protected":false},"author":6,"featured_media":11254,"comment_status":"closed","ping_status":"closed","sticky":false,"template":"","format":"standard","meta":{"footnotes":""},"categories":[2],"tags":[],"class_list":["post-11251","post","type-post","status-publish","format-standard","has-post-thumbnail","hentry","category-ultimas-noticias"],"yoast_head":"<!-- This site is optimized with the Yoast SEO Premium plugin v24.8 (Yoast SEO v24.8.1) - https:\/\/yoast.com\/wordpress\/plugins\/seo\/ -->\n<title>Opel Frontera: innovaci\u00f3n y rendimiento en un SUV totalmente el\u00e9ctrico<\/title>\n<meta name=\"description\" content=\"Vuelve el Opel Frontera, un SUV el\u00e9ctrico dise\u00f1ado para liderar la revoluci\u00f3n de la movilidad sostenible, de 4,38 metros de largo y 113 CV de potencia.\" \/>\n<meta name=\"robots\" content=\"index, follow, max-snippet:-1, max-image-preview:large, max-video-preview:-1\" \/>\n<link rel=\"canonical\" href=\"https:\/\/www.ocasionplus.com\/noticias\/regresa-el-opel-frontera-redefiniendo-el-futuro-de-los-suv-electricos\/\" \/>\n<meta property=\"og:locale\" content=\"es_ES\" \/>\n<meta property=\"og:type\" content=\"article\" \/>\n<meta property=\"og:title\" content=\"Regresa el Opel Frontera redefiniendo el futuro de los SUV el\u00e9ctricos\" \/>\n<meta property=\"og:description\" content=\"Vuelve el Opel Frontera, un SUV el\u00e9ctrico dise\u00f1ado para liderar la revoluci\u00f3n de la movilidad sostenible, de 4,38 metros de largo y 113 CV de potencia.\" \/>\n<meta property=\"og:url\" content=\"https:\/\/www.ocasionplus.com\/noticias\/regresa-el-opel-frontera-redefiniendo-el-futuro-de-los-suv-electricos\/\" \/>\n<meta property=\"og:site_name\" content=\"OcasionPlus Blog\" \/>\n<meta property=\"article:publisher\" content=\"https:\/\/www.facebook.com\/ocasionplus\" \/>\n<meta property=\"article:published_time\" content=\"2024-05-14T15:21:58+00:00\" \/>\n<meta property=\"article:modified_time\" content=\"2025-03-27T13:00:28+00:00\" \/>\n<meta property=\"og:image\" content=\"https:\/\/www.ocasionplus.com\/wp-content\/uploads\/2024\/05\/opel_frontera-scaled-1.jpg\" \/>\n\t<meta property=\"og:image:width\" content=\"2560\" \/>\n\t<meta property=\"og:image:height\" content=\"1440\" \/>\n\t<meta property=\"og:image:type\" content=\"image\/jpeg\" \/>\n<meta name=\"author\" content=\"Maite Mesones Rojas\" \/>\n<meta name=\"twitter:card\" content=\"summary_large_image\" \/>\n<meta name=\"twitter:creator\" content=\"@ocasionplus\" \/>\n<meta name=\"twitter:site\" content=\"@ocasionplus\" \/>\n<meta name=\"twitter:label1\" content=\"Escrito por\" \/>\n\t<meta name=\"twitter:data1\" content=\"Maite Mesones Rojas\" \/>\n\t<meta name=\"twitter:label2\" content=\"Tiempo de lectura\" \/>\n\t<meta name=\"twitter:data2\" content=\"5 minutos\" \/>\n<script type=\"application\/ld+json\" class=\"yoast-schema-graph\">{\"@context\":\"https:\/\/schema.org\",\"@graph\":[{\"@type\":\"Article\",\"@id\":\"https:\/\/www.ocasionplus.com\/noticias\/regresa-el-opel-frontera-redefiniendo-el-futuro-de-los-suv-electricos\/#article\",\"isPartOf\":{\"@id\":\"https:\/\/www.ocasionplus.com\/noticias\/regresa-el-opel-frontera-redefiniendo-el-futuro-de-los-suv-electricos\/\"},\"author\":{\"name\":\"Maite Mesones Rojas\",\"@id\":\"https:\/\/www.ocasionplus.com\/noticias\/#\/schema\/person\/f7cd35dbbed23ca6c4ab2c5f7a2faf69\"},\"headline\":\"Regresa el Opel Frontera redefiniendo el futuro de los SUV el\u00e9ctricos\",\"datePublished\":\"2024-05-14T15:21:58+00:00\",\"dateModified\":\"2025-03-27T13:00:28+00:00\",\"mainEntityOfPage\":{\"@id\":\"https:\/\/www.ocasionplus.com\/noticias\/regresa-el-opel-frontera-redefiniendo-el-futuro-de-los-suv-electricos\/\"},\"wordCount\":1045,\"publisher\":{\"@id\":\"https:\/\/www.ocasionplus.com\/noticias\/#organization\"},\"image\":{\"@id\":\"https:\/\/www.ocasionplus.com\/noticias\/regresa-el-opel-frontera-redefiniendo-el-futuro-de-los-suv-electricos\/#primaryimage\"},\"thumbnailUrl\":\"https:\/\/www.ocasionplus.com\/wp-content\/uploads\/2024\/05\/opel_frontera-scaled-1.jpg\",\"articleSection\":[\"\u00daltimas Noticias\"],\"inLanguage\":\"es\",\"copyrightYear\":\"2024\",\"copyrightHolder\":{\"@id\":\"https:\/\/www.ocasionplus.com\/noticias\/#organization\"}},{\"@type\":\"WebPage\",\"@id\":\"https:\/\/www.ocasionplus.com\/noticias\/regresa-el-opel-frontera-redefiniendo-el-futuro-de-los-suv-electricos\/\",\"url\":\"https:\/\/www.ocasionplus.com\/noticias\/regresa-el-opel-frontera-redefiniendo-el-futuro-de-los-suv-electricos\/\",\"name\":\"Opel Frontera: innovaci\u00f3n y rendimiento en un SUV totalmente el\u00e9ctrico\",\"isPartOf\":{\"@id\":\"https:\/\/www.ocasionplus.com\/noticias\/#website\"},\"primaryImageOfPage\":{\"@id\":\"https:\/\/www.ocasionplus.com\/noticias\/regresa-el-opel-frontera-redefiniendo-el-futuro-de-los-suv-electricos\/#primaryimage\"},\"image\":{\"@id\":\"https:\/\/www.ocasionplus.com\/noticias\/regresa-el-opel-frontera-redefiniendo-el-futuro-de-los-suv-electricos\/#primaryimage\"},\"thumbnailUrl\":\"https:\/\/www.ocasionplus.com\/wp-content\/uploads\/2024\/05\/opel_frontera-scaled-1.jpg\",\"datePublished\":\"2024-05-14T15:21:58+00:00\",\"dateModified\":\"2025-03-27T13:00:28+00:00\",\"description\":\"Vuelve el Opel Frontera, un SUV el\u00e9ctrico dise\u00f1ado para liderar la revoluci\u00f3n de la movilidad sostenible, de 4,38 metros de largo y 113 CV de potencia.\",\"breadcrumb\":{\"@id\":\"https:\/\/www.ocasionplus.com\/noticias\/regresa-el-opel-frontera-redefiniendo-el-futuro-de-los-suv-electricos\/#breadcrumb\"},\"inLanguage\":\"es\",\"potentialAction\":[{\"@type\":\"ReadAction\",\"target\":[\"https:\/\/www.ocasionplus.com\/noticias\/regresa-el-opel-frontera-redefiniendo-el-futuro-de-los-suv-electricos\/\"]}]},{\"@type\":\"ImageObject\",\"inLanguage\":\"es\",\"@id\":\"https:\/\/www.ocasionplus.com\/noticias\/regresa-el-opel-frontera-redefiniendo-el-futuro-de-los-suv-electricos\/#primaryimage\",\"url\":\"https:\/\/www.ocasionplus.com\/wp-content\/uploads\/2024\/05\/opel_frontera-scaled-1.jpg\",\"contentUrl\":\"https:\/\/www.ocasionplus.com\/wp-content\/uploads\/2024\/05\/opel_frontera-scaled-1.jpg\",\"width\":2560,\"height\":1440},{\"@type\":\"BreadcrumbList\",\"@id\":\"https:\/\/www.ocasionplus.com\/noticias\/regresa-el-opel-frontera-redefiniendo-el-futuro-de-los-suv-electricos\/#breadcrumb\",\"itemListElement\":[{\"@type\":\"ListItem\",\"position\":1,\"name\":\"Portada\",\"item\":\"https:\/\/www.ocasionplus.com\/noticias\/\"},{\"@type\":\"ListItem\",\"position\":2,\"name\":\"Regresa el Opel Frontera redefiniendo el futuro de los SUV el\u00e9ctricos\"}]},{\"@type\":\"WebSite\",\"@id\":\"https:\/\/www.ocasionplus.com\/noticias\/#website\",\"url\":\"https:\/\/www.ocasionplus.com\/noticias\/\",\"name\":\"OcasionPlus Blog\",\"description\":\"Veh\u00edculos de ocasi\u00f3n\",\"publisher\":{\"@id\":\"https:\/\/www.ocasionplus.com\/noticias\/#organization\"},\"potentialAction\":[{\"@type\":\"SearchAction\",\"target\":{\"@type\":\"EntryPoint\",\"urlTemplate\":\"https:\/\/www.ocasionplus.com\/noticias\/?s={search_term_string}\"},\"query-input\":{\"@type\":\"PropertyValueSpecification\",\"valueRequired\":true,\"valueName\":\"search_term_string\"}}],\"inLanguage\":\"es\"},{\"@type\":\"Organization\",\"@id\":\"https:\/\/www.ocasionplus.com\/noticias\/#organization\",\"name\":\"OcasionPlus\",\"url\":\"https:\/\/www.ocasionplus.com\/noticias\/\",\"logo\":{\"@type\":\"ImageObject\",\"inLanguage\":\"es\",\"@id\":\"https:\/\/www.ocasionplus.com\/noticias\/#\/schema\/logo\/image\/\",\"url\":\"https:\/\/www.ocasionplus.com\/wp-content\/uploads\/2024\/05\/cropped-cropped-oplus-logo-blog.png\",\"contentUrl\":\"https:\/\/www.ocasionplus.com\/wp-content\/uploads\/2024\/05\/cropped-cropped-oplus-logo-blog.png\",\"width\":360,\"height\":71,\"caption\":\"OcasionPlus\"},\"image\":{\"@id\":\"https:\/\/www.ocasionplus.com\/noticias\/#\/schema\/logo\/image\/\"},\"sameAs\":[\"https:\/\/www.facebook.com\/ocasionplus\",\"https:\/\/x.com\/ocasionplus\",\"https:\/\/www.instagram.com\/ocasion_plus\",\"https:\/\/www.youtube.com\/channel\/UCBiCAto61Lyu27CgI95wrYQ\",\"https:\/\/www.tiktok.com\/@ocasionplus.com\",\"https:\/\/es.linkedin.com\/company\/ocasionplus\"]},{\"@type\":\"Person\",\"@id\":\"https:\/\/www.ocasionplus.com\/noticias\/#\/schema\/person\/f7cd35dbbed23ca6c4ab2c5f7a2faf69\",\"name\":\"Maite Mesones Rojas\",\"image\":{\"@type\":\"ImageObject\",\"inLanguage\":\"es\",\"@id\":\"https:\/\/www.ocasionplus.com\/noticias\/#\/schema\/person\/image\/\",\"url\":\"https:\/\/ocasionplus-dev.grupoocasionplus.com\/wp-content\/uploads\/2024\/06\/maite-mesones-rojas_avatar_1-96x96.jpg\",\"contentUrl\":\"https:\/\/ocasionplus-dev.grupoocasionplus.com\/wp-content\/uploads\/2024\/06\/maite-mesones-rojas_avatar_1-96x96.jpg\",\"caption\":\"Maite Mesones Rojas\"},\"description\":\"Soy Maite Mesones, una apasionada de la comunicaci\u00f3n y las redes sociales. En este blog, compartir\u00e9 mis conocimientos, ofreciendo consejos pr\u00e1cticos y an\u00e1lisis profundos para ayudaros a tomar decisiones a la hora de adquirir o vender un veh\u00edculo de segunda mano. \u00a1Acomp\u00e1\u00f1ame en esta emocionante traves\u00eda y descubre el apasionante mundo de los coches desde una perspectiva \u00fanica y global!\",\"gender\":\"mujer\",\"worksFor\":\"OcasionPlus\"}]}<\/script>\n<!-- \/ Yoast SEO Premium plugin. -->","yoast_head_json":{"title":"Opel Frontera: innovaci\u00f3n y rendimiento en un SUV totalmente el\u00e9ctrico","description":"Vuelve el Opel Frontera, un SUV el\u00e9ctrico dise\u00f1ado para liderar la revoluci\u00f3n de la movilidad sostenible, de 4,38 metros de largo y 113 CV de potencia.","robots":{"index":"index","follow":"follow","max-snippet":"max-snippet:-1","max-image-preview":"max-image-preview:large","max-video-preview":"max-video-preview:-1"},"canonical":"https:\/\/www.ocasionplus.com\/noticias\/regresa-el-opel-frontera-redefiniendo-el-futuro-de-los-suv-electricos\/","og_locale":"es_ES","og_type":"article","og_title":"Regresa el Opel Frontera redefiniendo el futuro de los SUV el\u00e9ctricos","og_description":"Vuelve el Opel Frontera, un SUV el\u00e9ctrico dise\u00f1ado para liderar la revoluci\u00f3n de la movilidad sostenible, de 4,38 metros de largo y 113 CV de potencia.","og_url":"https:\/\/www.ocasionplus.com\/noticias\/regresa-el-opel-frontera-redefiniendo-el-futuro-de-los-suv-electricos\/","og_site_name":"OcasionPlus Blog","article_publisher":"https:\/\/www.facebook.com\/ocasionplus","article_published_time":"2024-05-14T15:21:58+00:00","article_modified_time":"2025-03-27T13:00:28+00:00","og_image":[{"width":2560,"height":1440,"url":"https:\/\/www.ocasionplus.com\/wp-content\/uploads\/2024\/05\/opel_frontera-scaled-1.jpg","type":"image\/jpeg"}],"author":"Maite Mesones Rojas","twitter_card":"summary_large_image","twitter_creator":"@ocasionplus","twitter_site":"@ocasionplus","twitter_misc":{"Escrito por":"Maite Mesones Rojas","Tiempo de lectura":"5 minutos"},"schema":{"@context":"https:\/\/schema.org","@graph":[{"@type":"Article","@id":"https:\/\/www.ocasionplus.com\/noticias\/regresa-el-opel-frontera-redefiniendo-el-futuro-de-los-suv-electricos\/#article","isPartOf":{"@id":"https:\/\/www.ocasionplus.com\/noticias\/regresa-el-opel-frontera-redefiniendo-el-futuro-de-los-suv-electricos\/"},"author":{"name":"Maite Mesones Rojas","@id":"https:\/\/www.ocasionplus.com\/noticias\/#\/schema\/person\/f7cd35dbbed23ca6c4ab2c5f7a2faf69"},"headline":"Regresa el Opel Frontera redefiniendo el futuro de los SUV el\u00e9ctricos","datePublished":"2024-05-14T15:21:58+00:00","dateModified":"2025-03-27T13:00:28+00:00","mainEntityOfPage":{"@id":"https:\/\/www.ocasionplus.com\/noticias\/regresa-el-opel-frontera-redefiniendo-el-futuro-de-los-suv-electricos\/"},"wordCount":1045,"publisher":{"@id":"https:\/\/www.ocasionplus.com\/noticias\/#organization"},"image":{"@id":"https:\/\/www.ocasionplus.com\/noticias\/regresa-el-opel-frontera-redefiniendo-el-futuro-de-los-suv-electricos\/#primaryimage"},"thumbnailUrl":"https:\/\/www.ocasionplus.com\/wp-content\/uploads\/2024\/05\/opel_frontera-scaled-1.jpg","articleSection":["\u00daltimas Noticias"],"inLanguage":"es","copyrightYear":"2024","copyrightHolder":{"@id":"https:\/\/www.ocasionplus.com\/noticias\/#organization"}},{"@type":"WebPage","@id":"https:\/\/www.ocasionplus.com\/noticias\/regresa-el-opel-frontera-redefiniendo-el-futuro-de-los-suv-electricos\/","url":"https:\/\/www.ocasionplus.com\/noticias\/regresa-el-opel-frontera-redefiniendo-el-futuro-de-los-suv-electricos\/","name":"Opel Frontera: innovaci\u00f3n y rendimiento en un SUV totalmente el\u00e9ctrico","isPartOf":{"@id":"https:\/\/www.ocasionplus.com\/noticias\/#website"},"primaryImageOfPage":{"@id":"https:\/\/www.ocasionplus.com\/noticias\/regresa-el-opel-frontera-redefiniendo-el-futuro-de-los-suv-electricos\/#primaryimage"},"image":{"@id":"https:\/\/www.ocasionplus.com\/noticias\/regresa-el-opel-frontera-redefiniendo-el-futuro-de-los-suv-electricos\/#primaryimage"},"thumbnailUrl":"https:\/\/www.ocasionplus.com\/wp-content\/uploads\/2024\/05\/opel_frontera-scaled-1.jpg","datePublished":"2024-05-14T15:21:58+00:00","dateModified":"2025-03-27T13:00:28+00:00","description":"Vuelve el Opel Frontera, un SUV el\u00e9ctrico dise\u00f1ado para liderar la revoluci\u00f3n de la movilidad sostenible, de 4,38 metros de largo y 113 CV de potencia.","breadcrumb":{"@id":"https:\/\/www.ocasionplus.com\/noticias\/regresa-el-opel-frontera-redefiniendo-el-futuro-de-los-suv-electricos\/#breadcrumb"},"inLanguage":"es","potentialAction":[{"@type":"ReadAction","target":["https:\/\/www.ocasionplus.com\/noticias\/regresa-el-opel-frontera-redefiniendo-el-futuro-de-los-suv-electricos\/"]}]},{"@type":"ImageObject","inLanguage":"es","@id":"https:\/\/www.ocasionplus.com\/noticias\/regresa-el-opel-frontera-redefiniendo-el-futuro-de-los-suv-electricos\/#primaryimage","url":"https:\/\/www.ocasionplus.com\/wp-content\/uploads\/2024\/05\/opel_frontera-scaled-1.jpg","contentUrl":"https:\/\/www.ocasionplus.com\/wp-content\/uploads\/2024\/05\/opel_frontera-scaled-1.jpg","width":2560,"height":1440},{"@type":"BreadcrumbList","@id":"https:\/\/www.ocasionplus.com\/noticias\/regresa-el-opel-frontera-redefiniendo-el-futuro-de-los-suv-electricos\/#breadcrumb","itemListElement":[{"@type":"ListItem","position":1,"name":"Portada","item":"https:\/\/www.ocasionplus.com\/noticias\/"},{"@type":"ListItem","position":2,"name":"Regresa el Opel Frontera redefiniendo el futuro de los SUV el\u00e9ctricos"}]},{"@type":"WebSite","@id":"https:\/\/www.ocasionplus.com\/noticias\/#website","url":"https:\/\/www.ocasionplus.com\/noticias\/","name":"OcasionPlus Blog","description":"Veh\u00edculos de ocasi\u00f3n","publisher":{"@id":"https:\/\/www.ocasionplus.com\/noticias\/#organization"},"potentialAction":[{"@type":"SearchAction","target":{"@type":"EntryPoint","urlTemplate":"https:\/\/www.ocasionplus.com\/noticias\/?s={search_term_string}"},"query-input":{"@type":"PropertyValueSpecification","valueRequired":true,"valueName":"search_term_string"}}],"inLanguage":"es"},{"@type":"Organization","@id":"https:\/\/www.ocasionplus.com\/noticias\/#organization","name":"OcasionPlus","url":"https:\/\/www.ocasionplus.com\/noticias\/","logo":{"@type":"ImageObject","inLanguage":"es","@id":"https:\/\/www.ocasionplus.com\/noticias\/#\/schema\/logo\/image\/","url":"https:\/\/www.ocasionplus.com\/wp-content\/uploads\/2024\/05\/cropped-cropped-oplus-logo-blog.png","contentUrl":"https:\/\/www.ocasionplus.com\/wp-content\/uploads\/2024\/05\/cropped-cropped-oplus-logo-blog.png","width":360,"height":71,"caption":"OcasionPlus"},"image":{"@id":"https:\/\/www.ocasionplus.com\/noticias\/#\/schema\/logo\/image\/"},"sameAs":["https:\/\/www.facebook.com\/ocasionplus","https:\/\/x.com\/ocasionplus","https:\/\/www.instagram.com\/ocasion_plus","https:\/\/www.youtube.com\/channel\/UCBiCAto61Lyu27CgI95wrYQ","https:\/\/www.tiktok.com\/@ocasionplus.com","https:\/\/es.linkedin.com\/company\/ocasionplus"]},{"@type":"Person","@id":"https:\/\/www.ocasionplus.com\/noticias\/#\/schema\/person\/f7cd35dbbed23ca6c4ab2c5f7a2faf69","name":"Maite Mesones Rojas","image":{"@type":"ImageObject","inLanguage":"es","@id":"https:\/\/www.ocasionplus.com\/noticias\/#\/schema\/person\/image\/","url":"https:\/\/ocasionplus-dev.grupoocasionplus.com\/wp-content\/uploads\/2024\/06\/maite-mesones-rojas_avatar_1-96x96.jpg","contentUrl":"https:\/\/ocasionplus-dev.grupoocasionplus.com\/wp-content\/uploads\/2024\/06\/maite-mesones-rojas_avatar_1-96x96.jpg","caption":"Maite Mesones Rojas"},"description":"Soy Maite Mesones, una apasionada de la comunicaci\u00f3n y las redes sociales. En este blog, compartir\u00e9 mis conocimientos, ofreciendo consejos pr\u00e1cticos y an\u00e1lisis profundos para ayudaros a tomar decisiones a la hora de adquirir o vender un veh\u00edculo de segunda mano. \u00a1Acomp\u00e1\u00f1ame en esta emocionante traves\u00eda y descubre el apasionante mundo de los coches desde una perspectiva \u00fanica y global!","gender":"mujer","worksFor":"OcasionPlus"}]}},"jetpack_featured_media_url":"https:\/\/www.ocasionplus.com\/wp-content\/uploads\/2024\/05\/opel_frontera-scaled-1.jpg","_links":{"self":[{"href":"https:\/\/www.ocasionplus.com\/noticias\/wp-json\/wp\/v2\/posts\/11251","targetHints":{"allow":["GET"]}}],"collection":[{"href":"https:\/\/www.ocasionplus.com\/noticias\/wp-json\/wp\/v2\/posts"}],"about":[{"href":"https:\/\/www.ocasionplus.com\/noticias\/wp-json\/wp\/v2\/types\/post"}],"author":[{"embeddable":true,"href":"https:\/\/www.ocasionplus.com\/noticias\/wp-json\/wp\/v2\/users\/6"}],"replies":[{"embeddable":true,"href":"https:\/\/www.ocasionplus.com\/noticias\/wp-json\/wp\/v2\/comments?post=11251"}],"version-history":[{"count":1,"href":"https:\/\/www.ocasionplus.com\/noticias\/wp-json\/wp\/v2\/posts\/11251\/revisions"}],"predecessor-version":[{"id":12976,"href":"https:\/\/www.ocasionplus.com\/noticias\/wp-json\/wp\/v2\/posts\/11251\/revisions\/12976"}],"wp:featuredmedia":[{"embeddable":true,"href":"https:\/\/www.ocasionplus.com\/noticias\/wp-json\/wp\/v2\/media\/11254"}],"wp:attachment":[{"href":"https:\/\/www.ocasionplus.com\/noticias\/wp-json\/wp\/v2\/media?parent=11251"}],"wp:term":[{"taxonomy":"category","embeddable":true,"href":"https:\/\/www.ocasionplus.com\/noticias\/wp-json\/wp\/v2\/categories?post=11251"},{"taxonomy":"post_tag","embeddable":true,"href":"https:\/\/www.ocasionplus.com\/noticias\/wp-json\/wp\/v2\/tags?post=11251"}],"curies":[{"name":"wp","href":"https:\/\/api.w.org\/{rel}","templated":true}]}}