{"id":11750,"date":"2024-06-07T18:06:53","date_gmt":"2024-06-07T16:06:53","guid":{"rendered":"https:\/\/blog.ocasionplus.com\/?p=11750"},"modified":"2025-03-27T10:51:06","modified_gmt":"2025-03-27T09:51:06","slug":"historia-del-toyota-rav4","status":"publish","type":"post","link":"https:\/\/www.ocasionplus.com\/noticias\/historia-del-toyota-rav4\/","title":{"rendered":"Historia del Toyota RAV4: 30 a\u00f1os y cinco generaciones"},"content":{"rendered":"\n<p>El Toyota RAV4 celebra su trig\u00e9simo aniversario, un SUV que en sus inicios present\u00f3 un estilo compacto y \u00e1gil. Ahora es un todoterreno mejor equipado y con un estilo m\u00e1s atractivo y moderno.&nbsp;<\/p>\n\n\n\n<p>En este art\u00edculo te vamos a explicar toda la historia del <strong>Toyota RAV4<\/strong>, sus diferentes generaciones y versiones. Adem\u00e1s, te indicaremos donde podr\u00e1s encontrar el <a href=\"https:\/\/www.ocasionplus.com\/coches-ocasion\/toyota\/rav4\"><span style=\"text-decoration: underline;\"><mark style=\"background-color:rgba(0, 0, 0, 0);color:#189bd7\" class=\"has-inline-color\">Toyota RAV4 de segunda mano<\/mark><\/span><\/a>, un modelo que es muy apetecido por sus caracter\u00edsticas de todoterreno.\u00a0<\/p>\n\n\n\n<h2 class=\"wp-block-heading\">Historia del Toyota RAV4<\/h2>\n\n\n\n<p>En el Sal\u00f3n del Autom\u00f3vil de Ginebra de 1994, <strong>se present\u00f3 como un todocamino compacto con tracci\u00f3n total<\/strong>. Este SUV, un segmento que no era habitual, para esas \u00e9pocas; sin embargo, el RAV4 logr\u00f3 grandes ventas.&nbsp;<\/p>\n\n\n\n<p>Al desarrollar el primer RAV4, Toyota se bas\u00f3 en el prototipo del RAV-FOUR, presentado en el Sal\u00f3n del Autom\u00f3vil de Tokio de 1989. Este modelo ofrec\u00eda un espacio amplio con dise\u00f1o compacto, deportivo e inconfundible. Este coche ofrec\u00eda el asiento del conductor en una posici\u00f3n elevada, con la que permit\u00eda observar a la carretera f\u00e1cilmente, con una mayor confianza y seguridad al volante al conductor.&nbsp;<\/p>\n\n\n\n<p>Sus l\u00edneas son robustas y con capacidades todoterreno, que se combinaban con un alto nivel de prestaciones y confort en la carretera. En 1997, <strong>el Toyota RAV4 ya estaba presentando alternativas con tecnolog\u00eda avanzada<\/strong> para reducir el impacto medioambiental, con versiones con versi\u00f3n el\u00e9ctrica con bater\u00eda.&nbsp;<\/p>\n\n\n\n<h3 class=\"wp-block-heading\">Primera generaci\u00f3n (1994-2000)<\/h3>\n\n\n\n<figure class=\"wp-block-image size-large\"><img loading=\"lazy\" decoding=\"async\" width=\"1024\" height=\"731\" src=\"https:\/\/127.0.0.1\/wp-content\/uploads\/2024\/06\/Toyota-RAV4_1ra-generacion-1024x731.jpg\" alt=\"Toyota RAV4\" class=\"wp-image-11754\" srcset=\"https:\/\/www.ocasionplus.com\/wp-content\/uploads\/2024\/06\/Toyota-RAV4_1ra-generacion-1024x731.jpg 1024w, https:\/\/www.ocasionplus.com\/wp-content\/uploads\/2024\/06\/Toyota-RAV4_1ra-generacion-300x214.jpg 300w, https:\/\/www.ocasionplus.com\/wp-content\/uploads\/2024\/06\/Toyota-RAV4_1ra-generacion-255x182.jpg 255w, https:\/\/www.ocasionplus.com\/wp-content\/uploads\/2024\/06\/Toyota-RAV4_1ra-generacion-510x364.jpg 510w, https:\/\/www.ocasionplus.com\/wp-content\/uploads\/2024\/06\/Toyota-RAV4_1ra-generacion-280x200.jpg 280w, https:\/\/www.ocasionplus.com\/wp-content\/uploads\/2024\/06\/Toyota-RAV4_1ra-generacion-560x400.jpg 560w, https:\/\/www.ocasionplus.com\/wp-content\/uploads\/2024\/06\/Toyota-RAV4_1ra-generacion-350x250.jpg 350w, https:\/\/www.ocasionplus.com\/wp-content\/uploads\/2024\/06\/Toyota-RAV4_1ra-generacion-700x500.jpg 700w, https:\/\/www.ocasionplus.com\/wp-content\/uploads\/2024\/06\/Toyota-RAV4_1ra-generacion-398x284.jpg 398w, https:\/\/www.ocasionplus.com\/wp-content\/uploads\/2024\/06\/Toyota-RAV4_1ra-generacion-796x568.jpg 796w, https:\/\/www.ocasionplus.com\/wp-content\/uploads\/2024\/06\/Toyota-RAV4_1ra-generacion.jpg 1280w\" sizes=\"auto, (max-width: 1024px) 100vw, 1024px\" \/><figcaption class=\"wp-element-caption\">El Toyota RAV4 se lanz\u00f3 con una llanta en el port\u00f3n trasero<\/figcaption><\/figure>\n\n\n\n<p>Los dise\u00f1adores de Toyota crearon un RAV4 con curvas y l\u00edneas \u00fanicas. Adem\u00e1s de una rueda de repuesto montada en el port\u00f3n trasero, esto le daba un aspecto todoterreno, pero fresco y nuevo.&nbsp;<\/p>\n\n\n\n<p>Era un modelo compacto de dos o tres puertas, que apenas ten\u00eda 3,69 metros de largo. Se encontraba disponible con un motor de gasolina de 2.0 litros y 129 CV, la transmisi\u00f3n que ofrec\u00eda era de tracci\u00f3n total permanente.&nbsp;<\/p>\n\n\n\n<p>En el 96, la gama <strong>se ampli\u00f3 a una versi\u00f3n con cinco puertas<\/strong> y opci\u00f3n de tracci\u00f3n a las ruedas delanteras, a la que sigui\u00f3 un descapotable de tres puertas. En 1997, sali\u00f3 a la venta en algunos mercados una versi\u00f3n el\u00e9ctrica con tracci\u00f3n en las ruedas delanteras. Alcanzaba unos 63 CV, con unas bater\u00edas de hidruro de n\u00edquel que le daban una autonom\u00eda de 200 kil\u00f3metros.<\/p>\n\n\n\n<h3 class=\"wp-block-heading\">Segunda generaci\u00f3n (2000-2006)<\/h3>\n\n\n\n<figure class=\"wp-block-image size-large\"><img loading=\"lazy\" decoding=\"async\" width=\"1024\" height=\"601\" src=\"https:\/\/127.0.0.1\/wp-content\/uploads\/2024\/06\/Toyota-RAV4_2da-generacion-1024x601.jpg\" alt=\"Toyota RAV4, segunda generaci\u00f3n gris\" class=\"wp-image-11752\" srcset=\"https:\/\/www.ocasionplus.com\/wp-content\/uploads\/2024\/06\/Toyota-RAV4_2da-generacion-1024x601.jpg 1024w, https:\/\/www.ocasionplus.com\/wp-content\/uploads\/2024\/06\/Toyota-RAV4_2da-generacion-300x176.jpg 300w, https:\/\/www.ocasionplus.com\/wp-content\/uploads\/2024\/06\/Toyota-RAV4_2da-generacion-255x150.jpg 255w, https:\/\/www.ocasionplus.com\/wp-content\/uploads\/2024\/06\/Toyota-RAV4_2da-generacion-510x299.jpg 510w, https:\/\/www.ocasionplus.com\/wp-content\/uploads\/2024\/06\/Toyota-RAV4_2da-generacion-280x164.jpg 280w, https:\/\/www.ocasionplus.com\/wp-content\/uploads\/2024\/06\/Toyota-RAV4_2da-generacion-560x329.jpg 560w, https:\/\/www.ocasionplus.com\/wp-content\/uploads\/2024\/06\/Toyota-RAV4_2da-generacion-350x205.jpg 350w, https:\/\/www.ocasionplus.com\/wp-content\/uploads\/2024\/06\/Toyota-RAV4_2da-generacion-700x411.jpg 700w, https:\/\/www.ocasionplus.com\/wp-content\/uploads\/2024\/06\/Toyota-RAV4_2da-generacion-398x234.jpg 398w, https:\/\/www.ocasionplus.com\/wp-content\/uploads\/2024\/06\/Toyota-RAV4_2da-generacion-796x467.jpg 796w, https:\/\/www.ocasionplus.com\/wp-content\/uploads\/2024\/06\/Toyota-RAV4_2da-generacion.jpg 1280w\" sizes=\"auto, (max-width: 1024px) 100vw, 1024px\" \/><figcaption class=\"wp-element-caption\">El Toyota RAV4 segunda generaci\u00f3n se ofreci\u00f3 por primera vez con motor di\u00e9sel<\/figcaption><\/figure>\n\n\n\n<p>La segunda generaci\u00f3n del Toyota RAV4 se lanz\u00f3 en el 2000. Este modelo se present\u00f3 con una nueva plataforma, una nueva suspensi\u00f3n y tracci\u00f3n total, que daba lugar a una marcha confortable y un interior confortable.&nbsp;<\/p>\n\n\n\n<p>Esta nueva estructura sit\u00faa varias configuraciones de los asientos traseros, ofrec\u00eda un habit\u00e1culo c\u00f3modo y funcional. Tanto la versi\u00f3n de tres puertas como la de cinco eran algo m\u00e1s largas, 5,5 y 4 cent\u00edmetros. Se ofrec\u00edan adem\u00e1s dos motores de gasolina: una unidad de 1.8 litros y 123 CV y otra de 2.0 litros y 150 CV.&nbsp;<\/p>\n\n\n\n<p><strong>En 2001, se ofreci\u00f3 por primera vez un motor di\u00e9sel<\/strong> para este SUV, una unidad D-4D de 2.0 litros con inyecci\u00f3n directa y 116 CV.&nbsp;<\/p>\n\n\n\n<h3 class=\"wp-block-heading\">Tercera generaci\u00f3n (2006-2012)<\/h3>\n\n\n\n<figure class=\"wp-block-image size-large\"><img loading=\"lazy\" decoding=\"async\" width=\"1024\" height=\"682\" src=\"https:\/\/127.0.0.1\/wp-content\/uploads\/2024\/06\/Toyota-RAV4_tercera-generacion-1024x682.jpg\" alt=\"Toyota RAV4\" class=\"wp-image-11755\" srcset=\"https:\/\/www.ocasionplus.com\/wp-content\/uploads\/2024\/06\/Toyota-RAV4_tercera-generacion-1024x682.jpg 1024w, https:\/\/www.ocasionplus.com\/wp-content\/uploads\/2024\/06\/Toyota-RAV4_tercera-generacion-300x200.jpg 300w, https:\/\/www.ocasionplus.com\/wp-content\/uploads\/2024\/06\/Toyota-RAV4_tercera-generacion-255x170.jpg 255w, https:\/\/www.ocasionplus.com\/wp-content\/uploads\/2024\/06\/Toyota-RAV4_tercera-generacion-510x340.jpg 510w, https:\/\/www.ocasionplus.com\/wp-content\/uploads\/2024\/06\/Toyota-RAV4_tercera-generacion-280x187.jpg 280w, https:\/\/www.ocasionplus.com\/wp-content\/uploads\/2024\/06\/Toyota-RAV4_tercera-generacion-560x373.jpg 560w, https:\/\/www.ocasionplus.com\/wp-content\/uploads\/2024\/06\/Toyota-RAV4_tercera-generacion-350x233.jpg 350w, https:\/\/www.ocasionplus.com\/wp-content\/uploads\/2024\/06\/Toyota-RAV4_tercera-generacion-700x466.jpg 700w, https:\/\/www.ocasionplus.com\/wp-content\/uploads\/2024\/06\/Toyota-RAV4_tercera-generacion-398x265.jpg 398w, https:\/\/www.ocasionplus.com\/wp-content\/uploads\/2024\/06\/Toyota-RAV4_tercera-generacion-796x530.jpg 796w, https:\/\/www.ocasionplus.com\/wp-content\/uploads\/2024\/06\/Toyota-RAV4_tercera-generacion.jpg 1280w\" sizes=\"auto, (max-width: 1024px) 100vw, 1024px\" \/><figcaption class=\"wp-element-caption\">La tercera generaci\u00f3n se vendi\u00f3 exclusivamente con cinco puertas<\/figcaption><\/figure>\n\n\n\n<p>La tercera generaci\u00f3n pas\u00f3 a ser un SUV de cinco puertas. Ya que en las generaciones anteriores los modelos que m\u00e1s solicitados y m\u00e1s requeridos por los clientes fueron las cinco puertas.<\/p>\n\n\n\n<p>Este modelo presenta un mayor tama\u00f1o, 19 cent\u00edmetros m\u00e1s, comparado con las otras generaciones, y el nacimiento de un nuevo sistema de tracci\u00f3n a las cuatro ruedas. Adem\u00e1s, se integraron la aplicaci\u00f3n del Control de Descenso y el Control de Asistencia para arranques en pendientes. La gama de motores se ampli\u00f3, con cuatro unidades de gasolina y un nuevo di\u00e9sel.<\/p>\n\n\n\n<h3 class=\"wp-block-heading\">Cuarta generaci\u00f3n (2013-2018)<\/h3>\n\n\n\n<figure class=\"wp-block-image size-large\"><img loading=\"lazy\" decoding=\"async\" width=\"1024\" height=\"683\" src=\"https:\/\/127.0.0.1\/wp-content\/uploads\/2024\/06\/Toyota-RAV4_cuarta-generacion-1024x683.jpg\" alt=\"Toyota RAV4_cuarta generacion\" class=\"wp-image-11753\" srcset=\"https:\/\/www.ocasionplus.com\/wp-content\/uploads\/2024\/06\/Toyota-RAV4_cuarta-generacion-1024x683.jpg 1024w, https:\/\/www.ocasionplus.com\/wp-content\/uploads\/2024\/06\/Toyota-RAV4_cuarta-generacion-300x200.jpg 300w, https:\/\/www.ocasionplus.com\/wp-content\/uploads\/2024\/06\/Toyota-RAV4_cuarta-generacion-255x170.jpg 255w, https:\/\/www.ocasionplus.com\/wp-content\/uploads\/2024\/06\/Toyota-RAV4_cuarta-generacion-510x340.jpg 510w, https:\/\/www.ocasionplus.com\/wp-content\/uploads\/2024\/06\/Toyota-RAV4_cuarta-generacion-280x187.jpg 280w, https:\/\/www.ocasionplus.com\/wp-content\/uploads\/2024\/06\/Toyota-RAV4_cuarta-generacion-560x373.jpg 560w, https:\/\/www.ocasionplus.com\/wp-content\/uploads\/2024\/06\/Toyota-RAV4_cuarta-generacion-350x233.jpg 350w, https:\/\/www.ocasionplus.com\/wp-content\/uploads\/2024\/06\/Toyota-RAV4_cuarta-generacion-700x467.jpg 700w, https:\/\/www.ocasionplus.com\/wp-content\/uploads\/2024\/06\/Toyota-RAV4_cuarta-generacion-398x265.jpg 398w, https:\/\/www.ocasionplus.com\/wp-content\/uploads\/2024\/06\/Toyota-RAV4_cuarta-generacion-796x531.jpg 796w, https:\/\/www.ocasionplus.com\/wp-content\/uploads\/2024\/06\/Toyota-RAV4_cuarta-generacion-600x400.jpg 600w, https:\/\/www.ocasionplus.com\/wp-content\/uploads\/2024\/06\/Toyota-RAV4_cuarta-generacion-266x177.jpg 266w, https:\/\/www.ocasionplus.com\/wp-content\/uploads\/2024\/06\/Toyota-RAV4_cuarta-generacion.jpg 1200w\" sizes=\"auto, (max-width: 1024px) 100vw, 1024px\" \/><figcaption class=\"wp-element-caption\">La cuarta generaci\u00f3n se empez\u00f3 a ofrecer con motores h\u00edbridos<\/figcaption><\/figure>\n\n\n\n<p>La cuarta generaci\u00f3n del RAV4 ampli\u00f3 su longitud total 23,5 cent\u00edmetros, esto le permiti\u00f3 aumentar un 47% la capacidad de su maletero. Su nueva suspensi\u00f3n se dise\u00f1\u00f3 para aumentar el confort de marcha y la implicaci\u00f3n del conductor sin sacrificar la estabilidad.&nbsp;<\/p>\n\n\n\n<p>Adem\u00e1s, se introdujo la tecnolog\u00eda 4&#215;4 m\u00e1s avanzada, con el nuevo Sistema Inteligente de Control Din\u00e1mico del Pare y la incorporaci\u00f3n de dos funciones: Control de Viraje y Modo Deportivo. La gama de motores constaba de dos unidades de gasolina y dos di\u00e9sel.&nbsp;<\/p>\n\n\n\n<p>En 2016, experimento un cambio, con la introducci\u00f3n del sistema h\u00edbrido de Toyota en un todoterreno. En este caso, con una potencia combinada de 197 CV con tracci\u00f3n total electr\u00f3nica E-Four. Este sistema h\u00edbrido consigui\u00f3 ser el l\u00edder en consumo de combustible y con unas reducciones de emisiones de CO2 reducidas.<\/p>\n\n\n\n<h3 class=\"wp-block-heading\">Quinta generaci\u00f3n (2018-presente)<\/h3>\n\n\n\n<figure class=\"wp-block-image size-large\"><img loading=\"lazy\" decoding=\"async\" width=\"1024\" height=\"683\" src=\"https:\/\/blog.ocasionplus.com\/wp-content\/uploads\/2023\/03\/Toyota-RAV4-1024x683.jpg\" alt=\"Toyota RAV4\" class=\"wp-image-9183\" srcset=\"https:\/\/www.ocasionplus.com\/wp-content\/uploads\/2023\/03\/Toyota-RAV4-1024x683.jpg 1024w, https:\/\/www.ocasionplus.com\/wp-content\/uploads\/2023\/03\/Toyota-RAV4-300x200.jpg 300w, https:\/\/www.ocasionplus.com\/wp-content\/uploads\/2023\/03\/Toyota-RAV4-768x512.jpg 768w, https:\/\/www.ocasionplus.com\/wp-content\/uploads\/2023\/03\/Toyota-RAV4-398x265.jpg 398w, https:\/\/www.ocasionplus.com\/wp-content\/uploads\/2023\/03\/Toyota-RAV4-600x400.jpg 600w, https:\/\/www.ocasionplus.com\/wp-content\/uploads\/2023\/03\/Toyota-RAV4.jpg 1240w\" sizes=\"auto, (max-width: 1024px) 100vw, 1024px\" \/><\/figure>\n\n\n\n<p>La \u00faltima generaci\u00f3n se lanz\u00f3 en Europa a principio de 2019, en 2020 logr\u00f3 alcanzar unas ventas acumuladas en todo el mundo de 10 millones de unidades. Con una gama totalmente h\u00edbrida para Europa occidental, adopt\u00f3 la tecnolog\u00eda h\u00edbrida de la cuarta generaci\u00f3n de Toyota.&nbsp;<\/p>\n\n\n\n<p>Ese mismo a\u00f1o, alcanz\u00f3 las cuotas superiores de innovaci\u00f3n t\u00e9cnica con la introducci\u00f3n del primer RAV4 h\u00edbrido enchufable, el m\u00e1s potente y eficiente hasta el momento, con 306 CV de potencia m\u00e1xima.&nbsp;<\/p>\n\n\n\n<h2 class=\"wp-block-heading\">Toyota RAV4 de segunda mano<\/h2>\n\n\n\n<p>Si est\u00e1s interesado en este <a href=\"https:\/\/www.ocasionplus.com\/coches-ocasion\/todoterreno\"><span style=\"text-decoration: underline;\"><mark style=\"background-color:rgba(0, 0, 0, 0);color:#189bd7\" class=\"has-inline-color\">todoterreno de segunda mano<\/mark><\/span><\/a>, en OcasionPlus encuentras una amplia oferta del Toyota RAV4 de segunda mano, principalmente de la cuarta y quinta generaci\u00f3n. Todos con la mejor calidad y el mejor precio del mercado. Adem\u00e1s, todos los <a href=\"https:\/\/www.ocasionplus.com\/coches-ocasion\"><span style=\"text-decoration: underline;\"><mark style=\"background-color:rgba(0, 0, 0, 0);color:#189bd7\" class=\"has-inline-color\">coches de segunda mano<\/mark><\/span><\/a> son inspeccionados en m\u00e1s de 200 puntos de control, no esperes m\u00e1s y visita alguno de los 90 centros que hay distribuidos por toda Espa\u00f1a.<\/p>\n","protected":false},"excerpt":{"rendered":"<p>El Toyota RAV4 celebra su trig\u00e9simo aniversario, un SUV que en sus inicios present\u00f3 un estilo compacto y \u00e1gil. Ahora es un todoterreno mejor equipado y con un estilo m\u00e1s atractivo y moderno.&nbsp; En este art\u00edculo te vamos a explicar toda la historia del Toyota RAV4, sus diferentes generaciones y versiones. Adem\u00e1s, te indicaremos donde&#8230;<\/p>\n","protected":false},"author":3,"featured_media":9183,"comment_status":"closed","ping_status":"closed","sticky":false,"template":"","format":"standard","meta":{"footnotes":""},"categories":[13],"tags":[372],"class_list":["post-11750","post","type-post","status-publish","format-standard","has-post-thumbnail","hentry","category-interesa-saber","tag-toyota"],"yoast_head":"<!-- This site is optimized with the Yoast SEO Premium plugin v24.8 (Yoast SEO v24.8.1) - https:\/\/yoast.com\/wordpress\/plugins\/seo\/ -->\n<title>Historia del Toyota RAV4: 30 a\u00f1os y cinco generaciones - OcasionPlus Blog<\/title>\n<meta name=\"robots\" content=\"index, follow, max-snippet:-1, max-image-preview:large, max-video-preview:-1\" \/>\n<link rel=\"canonical\" href=\"https:\/\/www.ocasionplus.com\/noticias\/historia-del-toyota-rav4\/\" \/>\n<meta property=\"og:locale\" content=\"es_ES\" \/>\n<meta property=\"og:type\" content=\"article\" \/>\n<meta property=\"og:title\" content=\"Historia del Toyota RAV4: 30 a\u00f1os y cinco generaciones\" \/>\n<meta property=\"og:description\" content=\"El Toyota RAV4 celebra su trig\u00e9simo aniversario, un SUV que en sus inicios present\u00f3 un estilo compacto y \u00e1gil. Ahora es un todoterreno mejor equipado y con un estilo m\u00e1s atractivo y moderno.&nbsp; En este art\u00edculo te vamos a explicar toda la historia del Toyota RAV4, sus diferentes generaciones y versiones. Adem\u00e1s, te indicaremos donde...\" \/>\n<meta property=\"og:url\" content=\"https:\/\/www.ocasionplus.com\/noticias\/historia-del-toyota-rav4\/\" \/>\n<meta property=\"og:site_name\" content=\"OcasionPlus Blog\" \/>\n<meta property=\"article:publisher\" content=\"https:\/\/www.facebook.com\/ocasionplus\" \/>\n<meta property=\"article:published_time\" content=\"2024-06-07T16:06:53+00:00\" \/>\n<meta property=\"article:modified_time\" content=\"2025-03-27T09:51:06+00:00\" \/>\n<meta property=\"og:image\" content=\"https:\/\/www.ocasionplus.com\/wp-content\/uploads\/2023\/03\/Toyota-RAV4.jpg\" \/>\n\t<meta property=\"og:image:width\" content=\"1240\" \/>\n\t<meta property=\"og:image:height\" content=\"827\" \/>\n\t<meta property=\"og:image:type\" content=\"image\/jpeg\" \/>\n<meta name=\"author\" content=\"Cristhian Gonz\u00e1lez\" \/>\n<meta name=\"twitter:card\" content=\"summary_large_image\" \/>\n<meta name=\"twitter:creator\" content=\"@ocasionplus\" \/>\n<meta name=\"twitter:site\" content=\"@ocasionplus\" \/>\n<meta name=\"twitter:label1\" content=\"Escrito por\" \/>\n\t<meta name=\"twitter:data1\" content=\"Cristhian Gonz\u00e1lez\" \/>\n\t<meta name=\"twitter:label2\" content=\"Tiempo de lectura\" \/>\n\t<meta name=\"twitter:data2\" content=\"5 minutos\" \/>\n<script type=\"application\/ld+json\" class=\"yoast-schema-graph\">{\"@context\":\"https:\/\/schema.org\",\"@graph\":[{\"@type\":\"Article\",\"@id\":\"https:\/\/www.ocasionplus.com\/noticias\/historia-del-toyota-rav4\/#article\",\"isPartOf\":{\"@id\":\"https:\/\/www.ocasionplus.com\/noticias\/historia-del-toyota-rav4\/\"},\"author\":{\"name\":\"Cristhian Gonz\u00e1lez\",\"@id\":\"https:\/\/www.ocasionplus.com\/noticias\/#\/schema\/person\/db1203be564cc3ded97ad1dbd8aadc5b\"},\"headline\":\"Historia del Toyota RAV4: 30 a\u00f1os y cinco generaciones\",\"datePublished\":\"2024-06-07T16:06:53+00:00\",\"dateModified\":\"2025-03-27T09:51:06+00:00\",\"mainEntityOfPage\":{\"@id\":\"https:\/\/www.ocasionplus.com\/noticias\/historia-del-toyota-rav4\/\"},\"wordCount\":1023,\"publisher\":{\"@id\":\"https:\/\/www.ocasionplus.com\/noticias\/#organization\"},\"image\":{\"@id\":\"https:\/\/www.ocasionplus.com\/noticias\/historia-del-toyota-rav4\/#primaryimage\"},\"thumbnailUrl\":\"https:\/\/www.ocasionplus.com\/wp-content\/uploads\/2023\/03\/Toyota-RAV4.jpg\",\"keywords\":[\"toyota\"],\"articleSection\":[\"Te interesa saber...\"],\"inLanguage\":\"es\",\"copyrightYear\":\"2024\",\"copyrightHolder\":{\"@id\":\"https:\/\/www.ocasionplus.com\/noticias\/#organization\"}},{\"@type\":\"WebPage\",\"@id\":\"https:\/\/www.ocasionplus.com\/noticias\/historia-del-toyota-rav4\/\",\"url\":\"https:\/\/www.ocasionplus.com\/noticias\/historia-del-toyota-rav4\/\",\"name\":\"Historia del Toyota RAV4: 30 a\u00f1os y cinco generaciones - OcasionPlus Blog\",\"isPartOf\":{\"@id\":\"https:\/\/www.ocasionplus.com\/noticias\/#website\"},\"primaryImageOfPage\":{\"@id\":\"https:\/\/www.ocasionplus.com\/noticias\/historia-del-toyota-rav4\/#primaryimage\"},\"image\":{\"@id\":\"https:\/\/www.ocasionplus.com\/noticias\/historia-del-toyota-rav4\/#primaryimage\"},\"thumbnailUrl\":\"https:\/\/www.ocasionplus.com\/wp-content\/uploads\/2023\/03\/Toyota-RAV4.jpg\",\"datePublished\":\"2024-06-07T16:06:53+00:00\",\"dateModified\":\"2025-03-27T09:51:06+00:00\",\"breadcrumb\":{\"@id\":\"https:\/\/www.ocasionplus.com\/noticias\/historia-del-toyota-rav4\/#breadcrumb\"},\"inLanguage\":\"es\",\"potentialAction\":[{\"@type\":\"ReadAction\",\"target\":[\"https:\/\/www.ocasionplus.com\/noticias\/historia-del-toyota-rav4\/\"]}]},{\"@type\":\"ImageObject\",\"inLanguage\":\"es\",\"@id\":\"https:\/\/www.ocasionplus.com\/noticias\/historia-del-toyota-rav4\/#primaryimage\",\"url\":\"https:\/\/www.ocasionplus.com\/wp-content\/uploads\/2023\/03\/Toyota-RAV4.jpg\",\"contentUrl\":\"https:\/\/www.ocasionplus.com\/wp-content\/uploads\/2023\/03\/Toyota-RAV4.jpg\",\"width\":1240,\"height\":827,\"caption\":\"Toyota RAV4\"},{\"@type\":\"BreadcrumbList\",\"@id\":\"https:\/\/www.ocasionplus.com\/noticias\/historia-del-toyota-rav4\/#breadcrumb\",\"itemListElement\":[{\"@type\":\"ListItem\",\"position\":1,\"name\":\"Portada\",\"item\":\"https:\/\/www.ocasionplus.com\/noticias\/\"},{\"@type\":\"ListItem\",\"position\":2,\"name\":\"Historia del Toyota RAV4: 30 a\u00f1os y cinco generaciones\"}]},{\"@type\":\"WebSite\",\"@id\":\"https:\/\/www.ocasionplus.com\/noticias\/#website\",\"url\":\"https:\/\/www.ocasionplus.com\/noticias\/\",\"name\":\"OcasionPlus Blog\",\"description\":\"Veh\u00edculos de ocasi\u00f3n\",\"publisher\":{\"@id\":\"https:\/\/www.ocasionplus.com\/noticias\/#organization\"},\"potentialAction\":[{\"@type\":\"SearchAction\",\"target\":{\"@type\":\"EntryPoint\",\"urlTemplate\":\"https:\/\/www.ocasionplus.com\/noticias\/?s={search_term_string}\"},\"query-input\":{\"@type\":\"PropertyValueSpecification\",\"valueRequired\":true,\"valueName\":\"search_term_string\"}}],\"inLanguage\":\"es\"},{\"@type\":\"Organization\",\"@id\":\"https:\/\/www.ocasionplus.com\/noticias\/#organization\",\"name\":\"OcasionPlus\",\"url\":\"https:\/\/www.ocasionplus.com\/noticias\/\",\"logo\":{\"@type\":\"ImageObject\",\"inLanguage\":\"es\",\"@id\":\"https:\/\/www.ocasionplus.com\/noticias\/#\/schema\/logo\/image\/\",\"url\":\"https:\/\/www.ocasionplus.com\/wp-content\/uploads\/2024\/05\/cropped-cropped-oplus-logo-blog.png\",\"contentUrl\":\"https:\/\/www.ocasionplus.com\/wp-content\/uploads\/2024\/05\/cropped-cropped-oplus-logo-blog.png\",\"width\":360,\"height\":71,\"caption\":\"OcasionPlus\"},\"image\":{\"@id\":\"https:\/\/www.ocasionplus.com\/noticias\/#\/schema\/logo\/image\/\"},\"sameAs\":[\"https:\/\/www.facebook.com\/ocasionplus\",\"https:\/\/x.com\/ocasionplus\",\"https:\/\/www.instagram.com\/ocasion_plus\",\"https:\/\/www.youtube.com\/channel\/UCBiCAto61Lyu27CgI95wrYQ\",\"https:\/\/www.tiktok.com\/@ocasionplus.com\",\"https:\/\/es.linkedin.com\/company\/ocasionplus\"]},{\"@type\":\"Person\",\"@id\":\"https:\/\/www.ocasionplus.com\/noticias\/#\/schema\/person\/db1203be564cc3ded97ad1dbd8aadc5b\",\"name\":\"Cristhian Gonz\u00e1lez\",\"image\":{\"@type\":\"ImageObject\",\"inLanguage\":\"es\",\"@id\":\"https:\/\/www.ocasionplus.com\/noticias\/#\/schema\/person\/image\/\",\"url\":\"https:\/\/secure.gravatar.com\/avatar\/30c0388f0815fd0ab8fb4cfad29866ac?s=96&d=mm&r=g\",\"contentUrl\":\"https:\/\/secure.gravatar.com\/avatar\/30c0388f0815fd0ab8fb4cfad29866ac?s=96&d=mm&r=g\",\"caption\":\"Cristhian Gonz\u00e1lez\"},\"description\":\"Periodista formado en Colombia. Siempre vinculado al deporte y con pasi\u00f3n por los coches. He asistido y cubierto diferentes eventos deportivos para diferentes medios de comunicaci\u00f3n.\"}]}<\/script>\n<!-- \/ Yoast SEO Premium plugin. -->","yoast_head_json":{"title":"Historia del Toyota RAV4: 30 a\u00f1os y cinco generaciones - OcasionPlus Blog","robots":{"index":"index","follow":"follow","max-snippet":"max-snippet:-1","max-image-preview":"max-image-preview:large","max-video-preview":"max-video-preview:-1"},"canonical":"https:\/\/www.ocasionplus.com\/noticias\/historia-del-toyota-rav4\/","og_locale":"es_ES","og_type":"article","og_title":"Historia del Toyota RAV4: 30 a\u00f1os y cinco generaciones","og_description":"El Toyota RAV4 celebra su trig\u00e9simo aniversario, un SUV que en sus inicios present\u00f3 un estilo compacto y \u00e1gil. Ahora es un todoterreno mejor equipado y con un estilo m\u00e1s atractivo y moderno.&nbsp; En este art\u00edculo te vamos a explicar toda la historia del Toyota RAV4, sus diferentes generaciones y versiones. Adem\u00e1s, te indicaremos donde...","og_url":"https:\/\/www.ocasionplus.com\/noticias\/historia-del-toyota-rav4\/","og_site_name":"OcasionPlus Blog","article_publisher":"https:\/\/www.facebook.com\/ocasionplus","article_published_time":"2024-06-07T16:06:53+00:00","article_modified_time":"2025-03-27T09:51:06+00:00","og_image":[{"width":1240,"height":827,"url":"https:\/\/www.ocasionplus.com\/wp-content\/uploads\/2023\/03\/Toyota-RAV4.jpg","type":"image\/jpeg"}],"author":"Cristhian Gonz\u00e1lez","twitter_card":"summary_large_image","twitter_creator":"@ocasionplus","twitter_site":"@ocasionplus","twitter_misc":{"Escrito por":"Cristhian Gonz\u00e1lez","Tiempo de lectura":"5 minutos"},"schema":{"@context":"https:\/\/schema.org","@graph":[{"@type":"Article","@id":"https:\/\/www.ocasionplus.com\/noticias\/historia-del-toyota-rav4\/#article","isPartOf":{"@id":"https:\/\/www.ocasionplus.com\/noticias\/historia-del-toyota-rav4\/"},"author":{"name":"Cristhian Gonz\u00e1lez","@id":"https:\/\/www.ocasionplus.com\/noticias\/#\/schema\/person\/db1203be564cc3ded97ad1dbd8aadc5b"},"headline":"Historia del Toyota RAV4: 30 a\u00f1os y cinco generaciones","datePublished":"2024-06-07T16:06:53+00:00","dateModified":"2025-03-27T09:51:06+00:00","mainEntityOfPage":{"@id":"https:\/\/www.ocasionplus.com\/noticias\/historia-del-toyota-rav4\/"},"wordCount":1023,"publisher":{"@id":"https:\/\/www.ocasionplus.com\/noticias\/#organization"},"image":{"@id":"https:\/\/www.ocasionplus.com\/noticias\/historia-del-toyota-rav4\/#primaryimage"},"thumbnailUrl":"https:\/\/www.ocasionplus.com\/wp-content\/uploads\/2023\/03\/Toyota-RAV4.jpg","keywords":["toyota"],"articleSection":["Te interesa saber..."],"inLanguage":"es","copyrightYear":"2024","copyrightHolder":{"@id":"https:\/\/www.ocasionplus.com\/noticias\/#organization"}},{"@type":"WebPage","@id":"https:\/\/www.ocasionplus.com\/noticias\/historia-del-toyota-rav4\/","url":"https:\/\/www.ocasionplus.com\/noticias\/historia-del-toyota-rav4\/","name":"Historia del Toyota RAV4: 30 a\u00f1os y cinco generaciones - OcasionPlus Blog","isPartOf":{"@id":"https:\/\/www.ocasionplus.com\/noticias\/#website"},"primaryImageOfPage":{"@id":"https:\/\/www.ocasionplus.com\/noticias\/historia-del-toyota-rav4\/#primaryimage"},"image":{"@id":"https:\/\/www.ocasionplus.com\/noticias\/historia-del-toyota-rav4\/#primaryimage"},"thumbnailUrl":"https:\/\/www.ocasionplus.com\/wp-content\/uploads\/2023\/03\/Toyota-RAV4.jpg","datePublished":"2024-06-07T16:06:53+00:00","dateModified":"2025-03-27T09:51:06+00:00","breadcrumb":{"@id":"https:\/\/www.ocasionplus.com\/noticias\/historia-del-toyota-rav4\/#breadcrumb"},"inLanguage":"es","potentialAction":[{"@type":"ReadAction","target":["https:\/\/www.ocasionplus.com\/noticias\/historia-del-toyota-rav4\/"]}]},{"@type":"ImageObject","inLanguage":"es","@id":"https:\/\/www.ocasionplus.com\/noticias\/historia-del-toyota-rav4\/#primaryimage","url":"https:\/\/www.ocasionplus.com\/wp-content\/uploads\/2023\/03\/Toyota-RAV4.jpg","contentUrl":"https:\/\/www.ocasionplus.com\/wp-content\/uploads\/2023\/03\/Toyota-RAV4.jpg","width":1240,"height":827,"caption":"Toyota RAV4"},{"@type":"BreadcrumbList","@id":"https:\/\/www.ocasionplus.com\/noticias\/historia-del-toyota-rav4\/#breadcrumb","itemListElement":[{"@type":"ListItem","position":1,"name":"Portada","item":"https:\/\/www.ocasionplus.com\/noticias\/"},{"@type":"ListItem","position":2,"name":"Historia del Toyota RAV4: 30 a\u00f1os y cinco generaciones"}]},{"@type":"WebSite","@id":"https:\/\/www.ocasionplus.com\/noticias\/#website","url":"https:\/\/www.ocasionplus.com\/noticias\/","name":"OcasionPlus Blog","description":"Veh\u00edculos de ocasi\u00f3n","publisher":{"@id":"https:\/\/www.ocasionplus.com\/noticias\/#organization"},"potentialAction":[{"@type":"SearchAction","target":{"@type":"EntryPoint","urlTemplate":"https:\/\/www.ocasionplus.com\/noticias\/?s={search_term_string}"},"query-input":{"@type":"PropertyValueSpecification","valueRequired":true,"valueName":"search_term_string"}}],"inLanguage":"es"},{"@type":"Organization","@id":"https:\/\/www.ocasionplus.com\/noticias\/#organization","name":"OcasionPlus","url":"https:\/\/www.ocasionplus.com\/noticias\/","logo":{"@type":"ImageObject","inLanguage":"es","@id":"https:\/\/www.ocasionplus.com\/noticias\/#\/schema\/logo\/image\/","url":"https:\/\/www.ocasionplus.com\/wp-content\/uploads\/2024\/05\/cropped-cropped-oplus-logo-blog.png","contentUrl":"https:\/\/www.ocasionplus.com\/wp-content\/uploads\/2024\/05\/cropped-cropped-oplus-logo-blog.png","width":360,"height":71,"caption":"OcasionPlus"},"image":{"@id":"https:\/\/www.ocasionplus.com\/noticias\/#\/schema\/logo\/image\/"},"sameAs":["https:\/\/www.facebook.com\/ocasionplus","https:\/\/x.com\/ocasionplus","https:\/\/www.instagram.com\/ocasion_plus","https:\/\/www.youtube.com\/channel\/UCBiCAto61Lyu27CgI95wrYQ","https:\/\/www.tiktok.com\/@ocasionplus.com","https:\/\/es.linkedin.com\/company\/ocasionplus"]},{"@type":"Person","@id":"https:\/\/www.ocasionplus.com\/noticias\/#\/schema\/person\/db1203be564cc3ded97ad1dbd8aadc5b","name":"Cristhian Gonz\u00e1lez","image":{"@type":"ImageObject","inLanguage":"es","@id":"https:\/\/www.ocasionplus.com\/noticias\/#\/schema\/person\/image\/","url":"https:\/\/secure.gravatar.com\/avatar\/30c0388f0815fd0ab8fb4cfad29866ac?s=96&d=mm&r=g","contentUrl":"https:\/\/secure.gravatar.com\/avatar\/30c0388f0815fd0ab8fb4cfad29866ac?s=96&d=mm&r=g","caption":"Cristhian Gonz\u00e1lez"},"description":"Periodista formado en Colombia. Siempre vinculado al deporte y con pasi\u00f3n por los coches. He asistido y cubierto diferentes eventos deportivos para diferentes medios de comunicaci\u00f3n."}]}},"jetpack_featured_media_url":"https:\/\/www.ocasionplus.com\/wp-content\/uploads\/2023\/03\/Toyota-RAV4.jpg","_links":{"self":[{"href":"https:\/\/www.ocasionplus.com\/noticias\/wp-json\/wp\/v2\/posts\/11750","targetHints":{"allow":["GET"]}}],"collection":[{"href":"https:\/\/www.ocasionplus.com\/noticias\/wp-json\/wp\/v2\/posts"}],"about":[{"href":"https:\/\/www.ocasionplus.com\/noticias\/wp-json\/wp\/v2\/types\/post"}],"author":[{"embeddable":true,"href":"https:\/\/www.ocasionplus.com\/noticias\/wp-json\/wp\/v2\/users\/3"}],"replies":[{"embeddable":true,"href":"https:\/\/www.ocasionplus.com\/noticias\/wp-json\/wp\/v2\/comments?post=11750"}],"version-history":[{"count":1,"href":"https:\/\/www.ocasionplus.com\/noticias\/wp-json\/wp\/v2\/posts\/11750\/revisions"}],"predecessor-version":[{"id":15163,"href":"https:\/\/www.ocasionplus.com\/noticias\/wp-json\/wp\/v2\/posts\/11750\/revisions\/15163"}],"wp:featuredmedia":[{"embeddable":true,"href":"https:\/\/www.ocasionplus.com\/noticias\/wp-json\/wp\/v2\/media\/9183"}],"wp:attachment":[{"href":"https:\/\/www.ocasionplus.com\/noticias\/wp-json\/wp\/v2\/media?parent=11750"}],"wp:term":[{"taxonomy":"category","embeddable":true,"href":"https:\/\/www.ocasionplus.com\/noticias\/wp-json\/wp\/v2\/categories?post=11750"},{"taxonomy":"post_tag","embeddable":true,"href":"https:\/\/www.ocasionplus.com\/noticias\/wp-json\/wp\/v2\/tags?post=11750"}],"curies":[{"name":"wp","href":"https:\/\/api.w.org\/{rel}","templated":true}]}}