{"id":11759,"date":"2024-06-10T11:51:53","date_gmt":"2024-06-10T09:51:53","guid":{"rendered":"https:\/\/blog.ocasionplus.com\/?p=11759"},"modified":"2025-03-27T10:51:05","modified_gmt":"2025-03-27T09:51:05","slug":"venta-de-coches-de-segunda-mano-en-malaga-crece","status":"publish","type":"post","link":"https:\/\/www.ocasionplus.com\/noticias\/venta-de-coches-de-segunda-mano-en-malaga-crece\/","title":{"rendered":"La venta de coches de segunda mano en M\u00e1laga, crece un 4,1% en los primeros meses del a\u00f1o"},"content":{"rendered":"\n<p>El mercado de coches de segunda mano en M\u00e1laga crece, seg\u00fan datos facilitados por las patronales y de OcasionPlus. Siendo uno de los principales mercados en el comercio automovil\u00edstico. Esto se debe, principalmente, por los altos precios y los tiempos de espera, a la hora de comprar un veh\u00edculo nuevo.&nbsp;<\/p>\n\n\n\n<h2 class=\"wp-block-heading\">Coches de segunda mano en M\u00e1laga<\/h2>\n\n\n\n<p>Seg\u00fan datos ofrecidos por las patronales (Faconauto y Granvam), <strong>la venta de coches de segunda mano en M\u00e1laga ha aumentado un 4,1%<\/strong> en lo que va de 2024. Adem\u00e1s, en general, el mercado de segunda mano sube un 10,9%, con m\u00e1s de 320.732 unidades vendidas.<\/p>\n\n\n\n<p>El mes de febrero, fue el mes que m\u00e1s not\u00f3 ese aumento, registrando un total de 161.110 unidades vendidas. Lo que significa que <strong>por cada veh\u00edculo nuevo vendido, se vendieron dos de segunda mano<\/strong>.&nbsp;<\/p>\n\n\n\n<p>El panorama en Andaluc\u00eda es muy parecido, con un incremento del 3,5%, alcanzando las 54.761 unidades, pero disminuyendo las ventas por comunidades aut\u00f3nomas, en un 5%, con 27.090 unidades.<\/p>\n\n\n\n<p>En comparaci\u00f3n con el a\u00f1o pasado, en 2023 se lograron un total de 7.109 unidades vendidas en M\u00e1laga, en 2022 fueron 6.985 coches vendidos, esto ha evidenciado un crecimiento en las ventas de los coches de segunda mano.&nbsp;<\/p>\n\n\n\n<h2 class=\"wp-block-heading\">Datos de OcasionPlus en M\u00e1laga<\/h2>\n\n\n\n<p>En OcasionPlus hay cinco concesionarios de <a href=\"https:\/\/www.ocasionplus.com\/coches-ocasion\/malaga\"><span style=\"text-decoration: underline;\"><mark style=\"background-color:rgba(0, 0, 0, 0);color:#189bd7\" class=\"has-inline-color\">coches de segunda mano en M\u00e1laga<\/mark><\/span><\/a> y en todos ellos se ha visto <strong>un aumento en las ventas de un 5,60%<\/strong>, con m\u00e1s de 3.190 unidades vendidas.\u00a0<\/p>\n\n\n\n<p>Entre los veh\u00edculos que m\u00e1s se vendieron fueron los <a href=\"https:\/\/www.ocasionplus.com\/coches-ocasion\/compacto\"><span style=\"text-decoration: underline;\"><mark style=\"background-color:rgba(0, 0, 0, 0);color:#189bd7\" class=\"has-inline-color\">compactos de segunda mano<\/mark><\/span><\/a> y los <a href=\"https:\/\/www.ocasionplus.com\/coches-ocasion\/todoterreno\"><span style=\"text-decoration: underline;\"><mark style=\"background-color:rgba(0, 0, 0, 0);color:#189bd7\" class=\"has-inline-color\">SUV de ocasi\u00f3n<\/mark><\/span><\/a>. Siendo el <a href=\"https:\/\/www.ocasionplus.com\/coches-ocasion\/seat\/leon\"><span style=\"text-decoration: underline;\"><mark style=\"background-color:rgba(0, 0, 0, 0);color:#189bd7\" class=\"has-inline-color\">SEAT Le\u00f3n de segunda mano<\/mark><\/span><\/a> el modelo m\u00e1s apetecido por todos los malague\u00f1os.<\/p>\n","protected":false},"excerpt":{"rendered":"<p>El mercado de coches de segunda mano en M\u00e1laga crece, seg\u00fan datos facilitados por las patronales y de OcasionPlus. Siendo uno de los principales mercados en el comercio automovil\u00edstico. Esto se debe, principalmente, por los altos precios y los tiempos de espera, a la hora de comprar un veh\u00edculo nuevo.&nbsp; Coches de segunda mano en&#8230;<\/p>\n","protected":false},"author":3,"featured_media":11761,"comment_status":"closed","ping_status":"closed","sticky":false,"template":"","format":"standard","meta":{"footnotes":""},"categories":[2],"tags":[389],"class_list":["post-11759","post","type-post","status-publish","format-standard","has-post-thumbnail","hentry","category-ultimas-noticias","tag-malaga"],"yoast_head":"<!-- This site is optimized with the Yoast SEO Premium plugin v24.8 (Yoast SEO v24.8.1) - https:\/\/yoast.com\/wordpress\/plugins\/seo\/ -->\n<title>La venta de coches de segunda mano en M\u00e1laga, crece un 4,1% en los primeros meses del a\u00f1o - OcasionPlus Blog<\/title>\n<meta name=\"description\" content=\"Seg\u00fan datos de las patronales y de OcasionPlus, las ventas de coches de segunda mano en M\u00e1laga han aumentado, en comparaci\u00f3n al a\u00f1o pasado.\" \/>\n<meta name=\"robots\" content=\"index, follow, max-snippet:-1, max-image-preview:large, max-video-preview:-1\" \/>\n<link rel=\"canonical\" href=\"https:\/\/www.ocasionplus.com\/noticias\/venta-de-coches-de-segunda-mano-en-malaga-crece\/\" \/>\n<meta property=\"og:locale\" content=\"es_ES\" \/>\n<meta property=\"og:type\" content=\"article\" \/>\n<meta property=\"og:title\" content=\"La venta de coches de segunda mano en M\u00e1laga, crece un 4,1% en los primeros meses del a\u00f1o\" \/>\n<meta property=\"og:description\" content=\"Seg\u00fan datos de las patronales y de OcasionPlus, las ventas de coches de segunda mano en M\u00e1laga han aumentado, en comparaci\u00f3n al a\u00f1o pasado.\" \/>\n<meta property=\"og:url\" content=\"https:\/\/www.ocasionplus.com\/noticias\/venta-de-coches-de-segunda-mano-en-malaga-crece\/\" \/>\n<meta property=\"og:site_name\" content=\"OcasionPlus Blog\" \/>\n<meta property=\"article:publisher\" content=\"https:\/\/www.facebook.com\/ocasionplus\" \/>\n<meta property=\"article:published_time\" content=\"2024-06-10T09:51:53+00:00\" \/>\n<meta property=\"article:modified_time\" content=\"2025-03-27T09:51:05+00:00\" \/>\n<meta property=\"og:image\" content=\"https:\/\/www.ocasionplus.com\/wp-content\/uploads\/2024\/06\/Coches-de-segunda-mano-en-Malaga.jpg\" \/>\n\t<meta property=\"og:image:width\" content=\"1280\" \/>\n\t<meta property=\"og:image:height\" content=\"853\" \/>\n\t<meta property=\"og:image:type\" content=\"image\/jpeg\" \/>\n<meta name=\"author\" content=\"Cristhian Gonz\u00e1lez\" \/>\n<meta name=\"twitter:card\" content=\"summary_large_image\" \/>\n<meta name=\"twitter:creator\" content=\"@ocasionplus\" \/>\n<meta name=\"twitter:site\" content=\"@ocasionplus\" \/>\n<meta name=\"twitter:label1\" content=\"Escrito por\" \/>\n\t<meta name=\"twitter:data1\" content=\"Cristhian Gonz\u00e1lez\" \/>\n\t<meta name=\"twitter:label2\" content=\"Tiempo de lectura\" \/>\n\t<meta name=\"twitter:data2\" content=\"1 minuto\" \/>\n<script type=\"application\/ld+json\" class=\"yoast-schema-graph\">{\"@context\":\"https:\/\/schema.org\",\"@graph\":[{\"@type\":\"Article\",\"@id\":\"https:\/\/www.ocasionplus.com\/noticias\/venta-de-coches-de-segunda-mano-en-malaga-crece\/#article\",\"isPartOf\":{\"@id\":\"https:\/\/www.ocasionplus.com\/noticias\/venta-de-coches-de-segunda-mano-en-malaga-crece\/\"},\"author\":{\"name\":\"Cristhian Gonz\u00e1lez\",\"@id\":\"https:\/\/www.ocasionplus.com\/noticias\/#\/schema\/person\/db1203be564cc3ded97ad1dbd8aadc5b\"},\"headline\":\"La venta de coches de segunda mano en M\u00e1laga, crece un 4,1% en los primeros meses del a\u00f1o\",\"datePublished\":\"2024-06-10T09:51:53+00:00\",\"dateModified\":\"2025-03-27T09:51:05+00:00\",\"mainEntityOfPage\":{\"@id\":\"https:\/\/www.ocasionplus.com\/noticias\/venta-de-coches-de-segunda-mano-en-malaga-crece\/\"},\"wordCount\":305,\"publisher\":{\"@id\":\"https:\/\/www.ocasionplus.com\/noticias\/#organization\"},\"image\":{\"@id\":\"https:\/\/www.ocasionplus.com\/noticias\/venta-de-coches-de-segunda-mano-en-malaga-crece\/#primaryimage\"},\"thumbnailUrl\":\"https:\/\/www.ocasionplus.com\/wp-content\/uploads\/2024\/06\/Coches-de-segunda-mano-en-Malaga.jpg\",\"keywords\":[\"m\u00e1laga\"],\"articleSection\":[\"\u00daltimas Noticias\"],\"inLanguage\":\"es\",\"copyrightYear\":\"2024\",\"copyrightHolder\":{\"@id\":\"https:\/\/www.ocasionplus.com\/noticias\/#organization\"}},{\"@type\":\"WebPage\",\"@id\":\"https:\/\/www.ocasionplus.com\/noticias\/venta-de-coches-de-segunda-mano-en-malaga-crece\/\",\"url\":\"https:\/\/www.ocasionplus.com\/noticias\/venta-de-coches-de-segunda-mano-en-malaga-crece\/\",\"name\":\"La venta de coches de segunda mano en M\u00e1laga, crece un 4,1% en los primeros meses del a\u00f1o - OcasionPlus Blog\",\"isPartOf\":{\"@id\":\"https:\/\/www.ocasionplus.com\/noticias\/#website\"},\"primaryImageOfPage\":{\"@id\":\"https:\/\/www.ocasionplus.com\/noticias\/venta-de-coches-de-segunda-mano-en-malaga-crece\/#primaryimage\"},\"image\":{\"@id\":\"https:\/\/www.ocasionplus.com\/noticias\/venta-de-coches-de-segunda-mano-en-malaga-crece\/#primaryimage\"},\"thumbnailUrl\":\"https:\/\/www.ocasionplus.com\/wp-content\/uploads\/2024\/06\/Coches-de-segunda-mano-en-Malaga.jpg\",\"datePublished\":\"2024-06-10T09:51:53+00:00\",\"dateModified\":\"2025-03-27T09:51:05+00:00\",\"description\":\"Seg\u00fan datos de las patronales y de OcasionPlus, las ventas de coches de segunda mano en M\u00e1laga han aumentado, en comparaci\u00f3n al a\u00f1o pasado.\",\"breadcrumb\":{\"@id\":\"https:\/\/www.ocasionplus.com\/noticias\/venta-de-coches-de-segunda-mano-en-malaga-crece\/#breadcrumb\"},\"inLanguage\":\"es\",\"potentialAction\":[{\"@type\":\"ReadAction\",\"target\":[\"https:\/\/www.ocasionplus.com\/noticias\/venta-de-coches-de-segunda-mano-en-malaga-crece\/\"]}]},{\"@type\":\"ImageObject\",\"inLanguage\":\"es\",\"@id\":\"https:\/\/www.ocasionplus.com\/noticias\/venta-de-coches-de-segunda-mano-en-malaga-crece\/#primaryimage\",\"url\":\"https:\/\/www.ocasionplus.com\/wp-content\/uploads\/2024\/06\/Coches-de-segunda-mano-en-Malaga.jpg\",\"contentUrl\":\"https:\/\/www.ocasionplus.com\/wp-content\/uploads\/2024\/06\/Coches-de-segunda-mano-en-Malaga.jpg\",\"width\":1280,\"height\":853,\"caption\":\"Las ventas de coches de segunda mano en M\u00e1laga han aumentado un 4,1% en 2024\"},{\"@type\":\"BreadcrumbList\",\"@id\":\"https:\/\/www.ocasionplus.com\/noticias\/venta-de-coches-de-segunda-mano-en-malaga-crece\/#breadcrumb\",\"itemListElement\":[{\"@type\":\"ListItem\",\"position\":1,\"name\":\"Portada\",\"item\":\"https:\/\/www.ocasionplus.com\/noticias\/\"},{\"@type\":\"ListItem\",\"position\":2,\"name\":\"La venta de coches de segunda mano en M\u00e1laga, crece un 4,1% en los primeros meses del a\u00f1o\"}]},{\"@type\":\"WebSite\",\"@id\":\"https:\/\/www.ocasionplus.com\/noticias\/#website\",\"url\":\"https:\/\/www.ocasionplus.com\/noticias\/\",\"name\":\"OcasionPlus Blog\",\"description\":\"Veh\u00edculos de ocasi\u00f3n\",\"publisher\":{\"@id\":\"https:\/\/www.ocasionplus.com\/noticias\/#organization\"},\"potentialAction\":[{\"@type\":\"SearchAction\",\"target\":{\"@type\":\"EntryPoint\",\"urlTemplate\":\"https:\/\/www.ocasionplus.com\/noticias\/?s={search_term_string}\"},\"query-input\":{\"@type\":\"PropertyValueSpecification\",\"valueRequired\":true,\"valueName\":\"search_term_string\"}}],\"inLanguage\":\"es\"},{\"@type\":\"Organization\",\"@id\":\"https:\/\/www.ocasionplus.com\/noticias\/#organization\",\"name\":\"OcasionPlus\",\"url\":\"https:\/\/www.ocasionplus.com\/noticias\/\",\"logo\":{\"@type\":\"ImageObject\",\"inLanguage\":\"es\",\"@id\":\"https:\/\/www.ocasionplus.com\/noticias\/#\/schema\/logo\/image\/\",\"url\":\"https:\/\/www.ocasionplus.com\/wp-content\/uploads\/2024\/05\/cropped-cropped-oplus-logo-blog.png\",\"contentUrl\":\"https:\/\/www.ocasionplus.com\/wp-content\/uploads\/2024\/05\/cropped-cropped-oplus-logo-blog.png\",\"width\":360,\"height\":71,\"caption\":\"OcasionPlus\"},\"image\":{\"@id\":\"https:\/\/www.ocasionplus.com\/noticias\/#\/schema\/logo\/image\/\"},\"sameAs\":[\"https:\/\/www.facebook.com\/ocasionplus\",\"https:\/\/x.com\/ocasionplus\",\"https:\/\/www.instagram.com\/ocasion_plus\",\"https:\/\/www.youtube.com\/channel\/UCBiCAto61Lyu27CgI95wrYQ\",\"https:\/\/www.tiktok.com\/@ocasionplus.com\",\"https:\/\/es.linkedin.com\/company\/ocasionplus\"]},{\"@type\":\"Person\",\"@id\":\"https:\/\/www.ocasionplus.com\/noticias\/#\/schema\/person\/db1203be564cc3ded97ad1dbd8aadc5b\",\"name\":\"Cristhian Gonz\u00e1lez\",\"image\":{\"@type\":\"ImageObject\",\"inLanguage\":\"es\",\"@id\":\"https:\/\/www.ocasionplus.com\/noticias\/#\/schema\/person\/image\/\",\"url\":\"https:\/\/secure.gravatar.com\/avatar\/30c0388f0815fd0ab8fb4cfad29866ac?s=96&d=mm&r=g\",\"contentUrl\":\"https:\/\/secure.gravatar.com\/avatar\/30c0388f0815fd0ab8fb4cfad29866ac?s=96&d=mm&r=g\",\"caption\":\"Cristhian Gonz\u00e1lez\"},\"description\":\"Periodista formado en Colombia. Siempre vinculado al deporte y con pasi\u00f3n por los coches. He asistido y cubierto diferentes eventos deportivos para diferentes medios de comunicaci\u00f3n.\"}]}<\/script>\n<!-- \/ Yoast SEO Premium plugin. -->","yoast_head_json":{"title":"La venta de coches de segunda mano en M\u00e1laga, crece un 4,1% en los primeros meses del a\u00f1o - OcasionPlus Blog","description":"Seg\u00fan datos de las patronales y de OcasionPlus, las ventas de coches de segunda mano en M\u00e1laga han aumentado, en comparaci\u00f3n al a\u00f1o pasado.","robots":{"index":"index","follow":"follow","max-snippet":"max-snippet:-1","max-image-preview":"max-image-preview:large","max-video-preview":"max-video-preview:-1"},"canonical":"https:\/\/www.ocasionplus.com\/noticias\/venta-de-coches-de-segunda-mano-en-malaga-crece\/","og_locale":"es_ES","og_type":"article","og_title":"La venta de coches de segunda mano en M\u00e1laga, crece un 4,1% en los primeros meses del a\u00f1o","og_description":"Seg\u00fan datos de las patronales y de OcasionPlus, las ventas de coches de segunda mano en M\u00e1laga han aumentado, en comparaci\u00f3n al a\u00f1o pasado.","og_url":"https:\/\/www.ocasionplus.com\/noticias\/venta-de-coches-de-segunda-mano-en-malaga-crece\/","og_site_name":"OcasionPlus Blog","article_publisher":"https:\/\/www.facebook.com\/ocasionplus","article_published_time":"2024-06-10T09:51:53+00:00","article_modified_time":"2025-03-27T09:51:05+00:00","og_image":[{"width":1280,"height":853,"url":"https:\/\/www.ocasionplus.com\/wp-content\/uploads\/2024\/06\/Coches-de-segunda-mano-en-Malaga.jpg","type":"image\/jpeg"}],"author":"Cristhian Gonz\u00e1lez","twitter_card":"summary_large_image","twitter_creator":"@ocasionplus","twitter_site":"@ocasionplus","twitter_misc":{"Escrito por":"Cristhian Gonz\u00e1lez","Tiempo de lectura":"1 minuto"},"schema":{"@context":"https:\/\/schema.org","@graph":[{"@type":"Article","@id":"https:\/\/www.ocasionplus.com\/noticias\/venta-de-coches-de-segunda-mano-en-malaga-crece\/#article","isPartOf":{"@id":"https:\/\/www.ocasionplus.com\/noticias\/venta-de-coches-de-segunda-mano-en-malaga-crece\/"},"author":{"name":"Cristhian Gonz\u00e1lez","@id":"https:\/\/www.ocasionplus.com\/noticias\/#\/schema\/person\/db1203be564cc3ded97ad1dbd8aadc5b"},"headline":"La venta de coches de segunda mano en M\u00e1laga, crece un 4,1% en los primeros meses del a\u00f1o","datePublished":"2024-06-10T09:51:53+00:00","dateModified":"2025-03-27T09:51:05+00:00","mainEntityOfPage":{"@id":"https:\/\/www.ocasionplus.com\/noticias\/venta-de-coches-de-segunda-mano-en-malaga-crece\/"},"wordCount":305,"publisher":{"@id":"https:\/\/www.ocasionplus.com\/noticias\/#organization"},"image":{"@id":"https:\/\/www.ocasionplus.com\/noticias\/venta-de-coches-de-segunda-mano-en-malaga-crece\/#primaryimage"},"thumbnailUrl":"https:\/\/www.ocasionplus.com\/wp-content\/uploads\/2024\/06\/Coches-de-segunda-mano-en-Malaga.jpg","keywords":["m\u00e1laga"],"articleSection":["\u00daltimas Noticias"],"inLanguage":"es","copyrightYear":"2024","copyrightHolder":{"@id":"https:\/\/www.ocasionplus.com\/noticias\/#organization"}},{"@type":"WebPage","@id":"https:\/\/www.ocasionplus.com\/noticias\/venta-de-coches-de-segunda-mano-en-malaga-crece\/","url":"https:\/\/www.ocasionplus.com\/noticias\/venta-de-coches-de-segunda-mano-en-malaga-crece\/","name":"La venta de coches de segunda mano en M\u00e1laga, crece un 4,1% en los primeros meses del a\u00f1o - OcasionPlus Blog","isPartOf":{"@id":"https:\/\/www.ocasionplus.com\/noticias\/#website"},"primaryImageOfPage":{"@id":"https:\/\/www.ocasionplus.com\/noticias\/venta-de-coches-de-segunda-mano-en-malaga-crece\/#primaryimage"},"image":{"@id":"https:\/\/www.ocasionplus.com\/noticias\/venta-de-coches-de-segunda-mano-en-malaga-crece\/#primaryimage"},"thumbnailUrl":"https:\/\/www.ocasionplus.com\/wp-content\/uploads\/2024\/06\/Coches-de-segunda-mano-en-Malaga.jpg","datePublished":"2024-06-10T09:51:53+00:00","dateModified":"2025-03-27T09:51:05+00:00","description":"Seg\u00fan datos de las patronales y de OcasionPlus, las ventas de coches de segunda mano en M\u00e1laga han aumentado, en comparaci\u00f3n al a\u00f1o pasado.","breadcrumb":{"@id":"https:\/\/www.ocasionplus.com\/noticias\/venta-de-coches-de-segunda-mano-en-malaga-crece\/#breadcrumb"},"inLanguage":"es","potentialAction":[{"@type":"ReadAction","target":["https:\/\/www.ocasionplus.com\/noticias\/venta-de-coches-de-segunda-mano-en-malaga-crece\/"]}]},{"@type":"ImageObject","inLanguage":"es","@id":"https:\/\/www.ocasionplus.com\/noticias\/venta-de-coches-de-segunda-mano-en-malaga-crece\/#primaryimage","url":"https:\/\/www.ocasionplus.com\/wp-content\/uploads\/2024\/06\/Coches-de-segunda-mano-en-Malaga.jpg","contentUrl":"https:\/\/www.ocasionplus.com\/wp-content\/uploads\/2024\/06\/Coches-de-segunda-mano-en-Malaga.jpg","width":1280,"height":853,"caption":"Las ventas de coches de segunda mano en M\u00e1laga han aumentado un 4,1% en 2024"},{"@type":"BreadcrumbList","@id":"https:\/\/www.ocasionplus.com\/noticias\/venta-de-coches-de-segunda-mano-en-malaga-crece\/#breadcrumb","itemListElement":[{"@type":"ListItem","position":1,"name":"Portada","item":"https:\/\/www.ocasionplus.com\/noticias\/"},{"@type":"ListItem","position":2,"name":"La venta de coches de segunda mano en M\u00e1laga, crece un 4,1% en los primeros meses del a\u00f1o"}]},{"@type":"WebSite","@id":"https:\/\/www.ocasionplus.com\/noticias\/#website","url":"https:\/\/www.ocasionplus.com\/noticias\/","name":"OcasionPlus Blog","description":"Veh\u00edculos de ocasi\u00f3n","publisher":{"@id":"https:\/\/www.ocasionplus.com\/noticias\/#organization"},"potentialAction":[{"@type":"SearchAction","target":{"@type":"EntryPoint","urlTemplate":"https:\/\/www.ocasionplus.com\/noticias\/?s={search_term_string}"},"query-input":{"@type":"PropertyValueSpecification","valueRequired":true,"valueName":"search_term_string"}}],"inLanguage":"es"},{"@type":"Organization","@id":"https:\/\/www.ocasionplus.com\/noticias\/#organization","name":"OcasionPlus","url":"https:\/\/www.ocasionplus.com\/noticias\/","logo":{"@type":"ImageObject","inLanguage":"es","@id":"https:\/\/www.ocasionplus.com\/noticias\/#\/schema\/logo\/image\/","url":"https:\/\/www.ocasionplus.com\/wp-content\/uploads\/2024\/05\/cropped-cropped-oplus-logo-blog.png","contentUrl":"https:\/\/www.ocasionplus.com\/wp-content\/uploads\/2024\/05\/cropped-cropped-oplus-logo-blog.png","width":360,"height":71,"caption":"OcasionPlus"},"image":{"@id":"https:\/\/www.ocasionplus.com\/noticias\/#\/schema\/logo\/image\/"},"sameAs":["https:\/\/www.facebook.com\/ocasionplus","https:\/\/x.com\/ocasionplus","https:\/\/www.instagram.com\/ocasion_plus","https:\/\/www.youtube.com\/channel\/UCBiCAto61Lyu27CgI95wrYQ","https:\/\/www.tiktok.com\/@ocasionplus.com","https:\/\/es.linkedin.com\/company\/ocasionplus"]},{"@type":"Person","@id":"https:\/\/www.ocasionplus.com\/noticias\/#\/schema\/person\/db1203be564cc3ded97ad1dbd8aadc5b","name":"Cristhian Gonz\u00e1lez","image":{"@type":"ImageObject","inLanguage":"es","@id":"https:\/\/www.ocasionplus.com\/noticias\/#\/schema\/person\/image\/","url":"https:\/\/secure.gravatar.com\/avatar\/30c0388f0815fd0ab8fb4cfad29866ac?s=96&d=mm&r=g","contentUrl":"https:\/\/secure.gravatar.com\/avatar\/30c0388f0815fd0ab8fb4cfad29866ac?s=96&d=mm&r=g","caption":"Cristhian Gonz\u00e1lez"},"description":"Periodista formado en Colombia. Siempre vinculado al deporte y con pasi\u00f3n por los coches. He asistido y cubierto diferentes eventos deportivos para diferentes medios de comunicaci\u00f3n."}]}},"jetpack_featured_media_url":"https:\/\/www.ocasionplus.com\/wp-content\/uploads\/2024\/06\/Coches-de-segunda-mano-en-Malaga.jpg","_links":{"self":[{"href":"https:\/\/www.ocasionplus.com\/noticias\/wp-json\/wp\/v2\/posts\/11759","targetHints":{"allow":["GET"]}}],"collection":[{"href":"https:\/\/www.ocasionplus.com\/noticias\/wp-json\/wp\/v2\/posts"}],"about":[{"href":"https:\/\/www.ocasionplus.com\/noticias\/wp-json\/wp\/v2\/types\/post"}],"author":[{"embeddable":true,"href":"https:\/\/www.ocasionplus.com\/noticias\/wp-json\/wp\/v2\/users\/3"}],"replies":[{"embeddable":true,"href":"https:\/\/www.ocasionplus.com\/noticias\/wp-json\/wp\/v2\/comments?post=11759"}],"version-history":[{"count":1,"href":"https:\/\/www.ocasionplus.com\/noticias\/wp-json\/wp\/v2\/posts\/11759\/revisions"}],"predecessor-version":[{"id":12945,"href":"https:\/\/www.ocasionplus.com\/noticias\/wp-json\/wp\/v2\/posts\/11759\/revisions\/12945"}],"wp:featuredmedia":[{"embeddable":true,"href":"https:\/\/www.ocasionplus.com\/noticias\/wp-json\/wp\/v2\/media\/11761"}],"wp:attachment":[{"href":"https:\/\/www.ocasionplus.com\/noticias\/wp-json\/wp\/v2\/media?parent=11759"}],"wp:term":[{"taxonomy":"category","embeddable":true,"href":"https:\/\/www.ocasionplus.com\/noticias\/wp-json\/wp\/v2\/categories?post=11759"},{"taxonomy":"post_tag","embeddable":true,"href":"https:\/\/www.ocasionplus.com\/noticias\/wp-json\/wp\/v2\/tags?post=11759"}],"curies":[{"name":"wp","href":"https:\/\/api.w.org\/{rel}","templated":true}]}}