{"id":11922,"date":"2024-06-18T13:51:39","date_gmt":"2024-06-18T11:51:39","guid":{"rendered":"https:\/\/blog.ocasionplus.com\/?p=11922"},"modified":"2025-03-27T10:51:01","modified_gmt":"2025-03-27T09:51:01","slug":"toyota-rav4-deja-de-ser-el-coche-mas-vendido-del-mundo","status":"publish","type":"post","link":"https:\/\/www.ocasionplus.com\/noticias\/toyota-rav4-deja-de-ser-el-coche-mas-vendido-del-mundo\/","title":{"rendered":"El Toyota RAV4 deja de ser el coche m\u00e1s vendido del mundo"},"content":{"rendered":"\n<p>El Toyota RAV4 deja de ser el SUV m\u00e1s vendido en el mundo, seg\u00fan datos de Felipe Mu\u00f1oz, un analista especializado en el sector del autom\u00f3vil. Adem\u00e1s, Mu\u00f1oz indica que el SUV m\u00e1s vendido es un el\u00e9ctrico, en este caso el Tesla Model Y.&nbsp;<\/p>\n\n\n\n<p>Seg\u00fan los datos recolectados por el analista, que son cifras provenientes de 151 pa\u00edses distintos, <strong>el coche m\u00e1s vendido de 2023 en todo el mundo fue el Tesla Model Y<\/strong>, desplazando a segunda posici\u00f3n el Toyota RAV4. Ahora el veh\u00edculo de la firma de Elon Musk es el SUV m\u00e1s comprado en el mundo y es el primer coche el\u00e9ctrico en ser el m\u00e1s vendido.&nbsp;<\/p>\n\n\n\n<p>\u201c<strong>El Tesla Model Y hace historia al convertirse en el primer coche el\u00e9ctrico de la historia en liderar el ranking mundial<\/strong>. La marca ha vendido m\u00e1s de 480.000 unidades m\u00e1s que el a\u00f1o anterior\u201d, coment\u00f3 Mu\u00f1oz.&nbsp;<\/p>\n\n\n\n<p>La marca norteamericana logr\u00f3 vender m\u00e1s de 1.223.000 unidades, catapultando a Tesla, estas cifras se dividen as\u00ed: 508.500 unidades vendidas del Tesla Model 3, 480.000 del Tesla Model Y, y lo restante se lo lleva el Model X y Model S.&nbsp;<\/p>\n\n\n\n<p><strong>En el 2022, el Toyota RAV4 fue el modelo m\u00e1s vendido en el mundo<\/strong>, llegando a sumas m\u00e1s de 350.000 unidades vendidas en el mundo. Sin embargo, en lo que va de 2024, el Tesla Model Y no est\u00e1 teniendo mismo \u00e9xito que en 2023. Ahora, el modelo m\u00e1s atractivo de la marca estadounidense es el Tesla Model 3, una berlina que ofrece un dise\u00f1o atractivo y un habit\u00e1culo tecnol\u00f3gico.&nbsp;<\/p>\n\n\n\n<p>Sin embargo, la venta del Toyota RAV4 sigue creciendo, principalmente porque los conductores est\u00e1n buscando SUVs, unos veh\u00edculos que ofrecen una gran soluci\u00f3n para diferentes entornos.&nbsp;<\/p>\n\n\n\n<h2 class=\"wp-block-heading\">Toyota RAV4 de segunda mano<\/h2>\n\n\n\n<p>Si est\u00e1s interesado en comprar el <a href=\"https:\/\/www.ocasionplus.com\/coches-ocasion\/toyota\/rav4\"><span style=\"text-decoration: underline;\"><mark style=\"background-color:rgba(0, 0, 0, 0);color:#189bd7\" class=\"has-inline-color\">Toyota RAV4 de segunda mano<\/mark><\/span><\/a>, en OcasionPlus encuentras una amplia oferta de este modelo; adem\u00e1s, encuentras el sucesor en ventas, el <a href=\"https:\/\/www.ocasionplus.com\/coches-ocasion\/tesla\/model-y\"><span style=\"text-decoration: underline;\"><mark style=\"background-color:rgba(0, 0, 0, 0);color:#189bd7\" class=\"has-inline-color\">Tesla Model Y de segunda mano<\/mark><\/span><\/a> o el <a href=\"https:\/\/www.ocasionplus.com\/coches-ocasion\/tesla\/model-3\"><span style=\"text-decoration: underline;\"><mark style=\"background-color:rgba(0, 0, 0, 0);color:#189bd7\" class=\"has-inline-color\">Tesla Model 3 de ocasi\u00f3n<\/mark><\/span><\/a>, todos con la m\u00e1xima calidad y el mejor precio del mercado.\u00a0<\/p>\n\n\n\n<p>No esperes m\u00e1s y visita alguno de nuestros m\u00e1s de 90 centros de OcasionPlus que hay distribuidos por toda Espa\u00f1a, en donde encontrar\u00e1s una oferta de m\u00e1s de 8.000 <a href=\"https:\/\/www.ocasionplus.com\/coches-ocasion\"><span style=\"text-decoration: underline;\"><mark style=\"background-color:rgba(0, 0, 0, 0);color:#189bd7\" class=\"has-inline-color\">coches de segunda mano<\/mark><\/span><\/a> con la mejor relaci\u00f3n calidad precio del mercado.<\/p>\n","protected":false},"excerpt":{"rendered":"<p>El Toyota RAV4 deja de ser el SUV m\u00e1s vendido en el mundo, seg\u00fan datos de Felipe Mu\u00f1oz, un analista especializado en el sector del autom\u00f3vil. Adem\u00e1s, Mu\u00f1oz indica que el SUV m\u00e1s vendido es un el\u00e9ctrico, en este caso el Tesla Model Y.&nbsp; Seg\u00fan los datos recolectados por el analista, que son cifras provenientes&#8230;<\/p>\n","protected":false},"author":3,"featured_media":11753,"comment_status":"closed","ping_status":"closed","sticky":false,"template":"","format":"standard","meta":{"footnotes":""},"categories":[2],"tags":[438,372],"class_list":["post-11922","post","type-post","status-publish","format-standard","has-post-thumbnail","hentry","category-ultimas-noticias","tag-rav4","tag-toyota"],"yoast_head":"<!-- This site is optimized with the Yoast SEO Premium plugin v24.8 (Yoast SEO v24.8.1) - https:\/\/yoast.com\/wordpress\/plugins\/seo\/ -->\n<title>El Toyota RAV4 deja de ser el coche m\u00e1s vendido del mundo - OcasionPlus Blog<\/title>\n<meta name=\"description\" content=\"El Toyota RAV4 deja de ser el SUV m\u00e1s vendido del mundo. En 2023, lo super\u00f3 un coche el\u00e9ctrico, siendo la primera vez que sucede.\" \/>\n<meta name=\"robots\" content=\"index, follow, max-snippet:-1, max-image-preview:large, max-video-preview:-1\" \/>\n<link rel=\"canonical\" href=\"https:\/\/www.ocasionplus.com\/noticias\/toyota-rav4-deja-de-ser-el-coche-mas-vendido-del-mundo\/\" \/>\n<meta property=\"og:locale\" content=\"es_ES\" \/>\n<meta property=\"og:type\" content=\"article\" \/>\n<meta property=\"og:title\" content=\"El Toyota RAV4 deja de ser el coche m\u00e1s vendido del mundo\" \/>\n<meta property=\"og:description\" content=\"El Toyota RAV4 deja de ser el SUV m\u00e1s vendido del mundo. En 2023, lo super\u00f3 un coche el\u00e9ctrico, siendo la primera vez que sucede.\" \/>\n<meta property=\"og:url\" content=\"https:\/\/www.ocasionplus.com\/noticias\/toyota-rav4-deja-de-ser-el-coche-mas-vendido-del-mundo\/\" \/>\n<meta property=\"og:site_name\" content=\"OcasionPlus Blog\" \/>\n<meta property=\"article:publisher\" content=\"https:\/\/www.facebook.com\/ocasionplus\" \/>\n<meta property=\"article:published_time\" content=\"2024-06-18T11:51:39+00:00\" \/>\n<meta property=\"article:modified_time\" content=\"2025-03-27T09:51:01+00:00\" \/>\n<meta property=\"og:image\" content=\"https:\/\/www.ocasionplus.com\/wp-content\/uploads\/2024\/06\/Toyota-RAV4_cuarta-generacion.jpg\" \/>\n\t<meta property=\"og:image:width\" content=\"1200\" \/>\n\t<meta property=\"og:image:height\" content=\"800\" \/>\n\t<meta property=\"og:image:type\" content=\"image\/jpeg\" \/>\n<meta name=\"author\" content=\"Cristhian Gonz\u00e1lez\" \/>\n<meta name=\"twitter:card\" content=\"summary_large_image\" \/>\n<meta name=\"twitter:creator\" content=\"@ocasionplus\" \/>\n<meta name=\"twitter:site\" content=\"@ocasionplus\" \/>\n<meta name=\"twitter:label1\" content=\"Escrito por\" \/>\n\t<meta name=\"twitter:data1\" content=\"Cristhian Gonz\u00e1lez\" \/>\n\t<meta name=\"twitter:label2\" content=\"Tiempo de lectura\" \/>\n\t<meta name=\"twitter:data2\" content=\"2 minutos\" \/>\n<script type=\"application\/ld+json\" class=\"yoast-schema-graph\">{\"@context\":\"https:\/\/schema.org\",\"@graph\":[{\"@type\":\"Article\",\"@id\":\"https:\/\/www.ocasionplus.com\/noticias\/toyota-rav4-deja-de-ser-el-coche-mas-vendido-del-mundo\/#article\",\"isPartOf\":{\"@id\":\"https:\/\/www.ocasionplus.com\/noticias\/toyota-rav4-deja-de-ser-el-coche-mas-vendido-del-mundo\/\"},\"author\":{\"name\":\"Cristhian Gonz\u00e1lez\",\"@id\":\"https:\/\/www.ocasionplus.com\/noticias\/#\/schema\/person\/db1203be564cc3ded97ad1dbd8aadc5b\"},\"headline\":\"El Toyota RAV4 deja de ser el coche m\u00e1s vendido del mundo\",\"datePublished\":\"2024-06-18T11:51:39+00:00\",\"dateModified\":\"2025-03-27T09:51:01+00:00\",\"mainEntityOfPage\":{\"@id\":\"https:\/\/www.ocasionplus.com\/noticias\/toyota-rav4-deja-de-ser-el-coche-mas-vendido-del-mundo\/\"},\"wordCount\":424,\"publisher\":{\"@id\":\"https:\/\/www.ocasionplus.com\/noticias\/#organization\"},\"image\":{\"@id\":\"https:\/\/www.ocasionplus.com\/noticias\/toyota-rav4-deja-de-ser-el-coche-mas-vendido-del-mundo\/#primaryimage\"},\"thumbnailUrl\":\"https:\/\/www.ocasionplus.com\/wp-content\/uploads\/2024\/06\/Toyota-RAV4_cuarta-generacion.jpg\",\"keywords\":[\"rav4\",\"toyota\"],\"articleSection\":[\"\u00daltimas Noticias\"],\"inLanguage\":\"es\",\"copyrightYear\":\"2024\",\"copyrightHolder\":{\"@id\":\"https:\/\/www.ocasionplus.com\/noticias\/#organization\"}},{\"@type\":\"WebPage\",\"@id\":\"https:\/\/www.ocasionplus.com\/noticias\/toyota-rav4-deja-de-ser-el-coche-mas-vendido-del-mundo\/\",\"url\":\"https:\/\/www.ocasionplus.com\/noticias\/toyota-rav4-deja-de-ser-el-coche-mas-vendido-del-mundo\/\",\"name\":\"El Toyota RAV4 deja de ser el coche m\u00e1s vendido del mundo - OcasionPlus Blog\",\"isPartOf\":{\"@id\":\"https:\/\/www.ocasionplus.com\/noticias\/#website\"},\"primaryImageOfPage\":{\"@id\":\"https:\/\/www.ocasionplus.com\/noticias\/toyota-rav4-deja-de-ser-el-coche-mas-vendido-del-mundo\/#primaryimage\"},\"image\":{\"@id\":\"https:\/\/www.ocasionplus.com\/noticias\/toyota-rav4-deja-de-ser-el-coche-mas-vendido-del-mundo\/#primaryimage\"},\"thumbnailUrl\":\"https:\/\/www.ocasionplus.com\/wp-content\/uploads\/2024\/06\/Toyota-RAV4_cuarta-generacion.jpg\",\"datePublished\":\"2024-06-18T11:51:39+00:00\",\"dateModified\":\"2025-03-27T09:51:01+00:00\",\"description\":\"El Toyota RAV4 deja de ser el SUV m\u00e1s vendido del mundo. En 2023, lo super\u00f3 un coche el\u00e9ctrico, siendo la primera vez que sucede.\",\"breadcrumb\":{\"@id\":\"https:\/\/www.ocasionplus.com\/noticias\/toyota-rav4-deja-de-ser-el-coche-mas-vendido-del-mundo\/#breadcrumb\"},\"inLanguage\":\"es\",\"potentialAction\":[{\"@type\":\"ReadAction\",\"target\":[\"https:\/\/www.ocasionplus.com\/noticias\/toyota-rav4-deja-de-ser-el-coche-mas-vendido-del-mundo\/\"]}]},{\"@type\":\"ImageObject\",\"inLanguage\":\"es\",\"@id\":\"https:\/\/www.ocasionplus.com\/noticias\/toyota-rav4-deja-de-ser-el-coche-mas-vendido-del-mundo\/#primaryimage\",\"url\":\"https:\/\/www.ocasionplus.com\/wp-content\/uploads\/2024\/06\/Toyota-RAV4_cuarta-generacion.jpg\",\"contentUrl\":\"https:\/\/www.ocasionplus.com\/wp-content\/uploads\/2024\/06\/Toyota-RAV4_cuarta-generacion.jpg\",\"width\":1200,\"height\":800,\"caption\":\"La cuarta generaci\u00f3n se empez\u00f3 a ofrecer con motores h\u00edbridos\"},{\"@type\":\"BreadcrumbList\",\"@id\":\"https:\/\/www.ocasionplus.com\/noticias\/toyota-rav4-deja-de-ser-el-coche-mas-vendido-del-mundo\/#breadcrumb\",\"itemListElement\":[{\"@type\":\"ListItem\",\"position\":1,\"name\":\"Portada\",\"item\":\"https:\/\/www.ocasionplus.com\/noticias\/\"},{\"@type\":\"ListItem\",\"position\":2,\"name\":\"El Toyota RAV4 deja de ser el coche m\u00e1s vendido del mundo\"}]},{\"@type\":\"WebSite\",\"@id\":\"https:\/\/www.ocasionplus.com\/noticias\/#website\",\"url\":\"https:\/\/www.ocasionplus.com\/noticias\/\",\"name\":\"OcasionPlus Blog\",\"description\":\"Veh\u00edculos de ocasi\u00f3n\",\"publisher\":{\"@id\":\"https:\/\/www.ocasionplus.com\/noticias\/#organization\"},\"potentialAction\":[{\"@type\":\"SearchAction\",\"target\":{\"@type\":\"EntryPoint\",\"urlTemplate\":\"https:\/\/www.ocasionplus.com\/noticias\/?s={search_term_string}\"},\"query-input\":{\"@type\":\"PropertyValueSpecification\",\"valueRequired\":true,\"valueName\":\"search_term_string\"}}],\"inLanguage\":\"es\"},{\"@type\":\"Organization\",\"@id\":\"https:\/\/www.ocasionplus.com\/noticias\/#organization\",\"name\":\"OcasionPlus\",\"url\":\"https:\/\/www.ocasionplus.com\/noticias\/\",\"logo\":{\"@type\":\"ImageObject\",\"inLanguage\":\"es\",\"@id\":\"https:\/\/www.ocasionplus.com\/noticias\/#\/schema\/logo\/image\/\",\"url\":\"https:\/\/www.ocasionplus.com\/wp-content\/uploads\/2024\/05\/cropped-cropped-oplus-logo-blog.png\",\"contentUrl\":\"https:\/\/www.ocasionplus.com\/wp-content\/uploads\/2024\/05\/cropped-cropped-oplus-logo-blog.png\",\"width\":360,\"height\":71,\"caption\":\"OcasionPlus\"},\"image\":{\"@id\":\"https:\/\/www.ocasionplus.com\/noticias\/#\/schema\/logo\/image\/\"},\"sameAs\":[\"https:\/\/www.facebook.com\/ocasionplus\",\"https:\/\/x.com\/ocasionplus\",\"https:\/\/www.instagram.com\/ocasion_plus\",\"https:\/\/www.youtube.com\/channel\/UCBiCAto61Lyu27CgI95wrYQ\",\"https:\/\/www.tiktok.com\/@ocasionplus.com\",\"https:\/\/es.linkedin.com\/company\/ocasionplus\"]},{\"@type\":\"Person\",\"@id\":\"https:\/\/www.ocasionplus.com\/noticias\/#\/schema\/person\/db1203be564cc3ded97ad1dbd8aadc5b\",\"name\":\"Cristhian Gonz\u00e1lez\",\"image\":{\"@type\":\"ImageObject\",\"inLanguage\":\"es\",\"@id\":\"https:\/\/www.ocasionplus.com\/noticias\/#\/schema\/person\/image\/\",\"url\":\"https:\/\/secure.gravatar.com\/avatar\/30c0388f0815fd0ab8fb4cfad29866ac?s=96&d=mm&r=g\",\"contentUrl\":\"https:\/\/secure.gravatar.com\/avatar\/30c0388f0815fd0ab8fb4cfad29866ac?s=96&d=mm&r=g\",\"caption\":\"Cristhian Gonz\u00e1lez\"},\"description\":\"Periodista formado en Colombia. Siempre vinculado al deporte y con pasi\u00f3n por los coches. He asistido y cubierto diferentes eventos deportivos para diferentes medios de comunicaci\u00f3n.\"}]}<\/script>\n<!-- \/ Yoast SEO Premium plugin. -->","yoast_head_json":{"title":"El Toyota RAV4 deja de ser el coche m\u00e1s vendido del mundo - OcasionPlus Blog","description":"El Toyota RAV4 deja de ser el SUV m\u00e1s vendido del mundo. En 2023, lo super\u00f3 un coche el\u00e9ctrico, siendo la primera vez que sucede.","robots":{"index":"index","follow":"follow","max-snippet":"max-snippet:-1","max-image-preview":"max-image-preview:large","max-video-preview":"max-video-preview:-1"},"canonical":"https:\/\/www.ocasionplus.com\/noticias\/toyota-rav4-deja-de-ser-el-coche-mas-vendido-del-mundo\/","og_locale":"es_ES","og_type":"article","og_title":"El Toyota RAV4 deja de ser el coche m\u00e1s vendido del mundo","og_description":"El Toyota RAV4 deja de ser el SUV m\u00e1s vendido del mundo. En 2023, lo super\u00f3 un coche el\u00e9ctrico, siendo la primera vez que sucede.","og_url":"https:\/\/www.ocasionplus.com\/noticias\/toyota-rav4-deja-de-ser-el-coche-mas-vendido-del-mundo\/","og_site_name":"OcasionPlus Blog","article_publisher":"https:\/\/www.facebook.com\/ocasionplus","article_published_time":"2024-06-18T11:51:39+00:00","article_modified_time":"2025-03-27T09:51:01+00:00","og_image":[{"width":1200,"height":800,"url":"https:\/\/www.ocasionplus.com\/wp-content\/uploads\/2024\/06\/Toyota-RAV4_cuarta-generacion.jpg","type":"image\/jpeg"}],"author":"Cristhian Gonz\u00e1lez","twitter_card":"summary_large_image","twitter_creator":"@ocasionplus","twitter_site":"@ocasionplus","twitter_misc":{"Escrito por":"Cristhian Gonz\u00e1lez","Tiempo de lectura":"2 minutos"},"schema":{"@context":"https:\/\/schema.org","@graph":[{"@type":"Article","@id":"https:\/\/www.ocasionplus.com\/noticias\/toyota-rav4-deja-de-ser-el-coche-mas-vendido-del-mundo\/#article","isPartOf":{"@id":"https:\/\/www.ocasionplus.com\/noticias\/toyota-rav4-deja-de-ser-el-coche-mas-vendido-del-mundo\/"},"author":{"name":"Cristhian Gonz\u00e1lez","@id":"https:\/\/www.ocasionplus.com\/noticias\/#\/schema\/person\/db1203be564cc3ded97ad1dbd8aadc5b"},"headline":"El Toyota RAV4 deja de ser el coche m\u00e1s vendido del mundo","datePublished":"2024-06-18T11:51:39+00:00","dateModified":"2025-03-27T09:51:01+00:00","mainEntityOfPage":{"@id":"https:\/\/www.ocasionplus.com\/noticias\/toyota-rav4-deja-de-ser-el-coche-mas-vendido-del-mundo\/"},"wordCount":424,"publisher":{"@id":"https:\/\/www.ocasionplus.com\/noticias\/#organization"},"image":{"@id":"https:\/\/www.ocasionplus.com\/noticias\/toyota-rav4-deja-de-ser-el-coche-mas-vendido-del-mundo\/#primaryimage"},"thumbnailUrl":"https:\/\/www.ocasionplus.com\/wp-content\/uploads\/2024\/06\/Toyota-RAV4_cuarta-generacion.jpg","keywords":["rav4","toyota"],"articleSection":["\u00daltimas Noticias"],"inLanguage":"es","copyrightYear":"2024","copyrightHolder":{"@id":"https:\/\/www.ocasionplus.com\/noticias\/#organization"}},{"@type":"WebPage","@id":"https:\/\/www.ocasionplus.com\/noticias\/toyota-rav4-deja-de-ser-el-coche-mas-vendido-del-mundo\/","url":"https:\/\/www.ocasionplus.com\/noticias\/toyota-rav4-deja-de-ser-el-coche-mas-vendido-del-mundo\/","name":"El Toyota RAV4 deja de ser el coche m\u00e1s vendido del mundo - OcasionPlus Blog","isPartOf":{"@id":"https:\/\/www.ocasionplus.com\/noticias\/#website"},"primaryImageOfPage":{"@id":"https:\/\/www.ocasionplus.com\/noticias\/toyota-rav4-deja-de-ser-el-coche-mas-vendido-del-mundo\/#primaryimage"},"image":{"@id":"https:\/\/www.ocasionplus.com\/noticias\/toyota-rav4-deja-de-ser-el-coche-mas-vendido-del-mundo\/#primaryimage"},"thumbnailUrl":"https:\/\/www.ocasionplus.com\/wp-content\/uploads\/2024\/06\/Toyota-RAV4_cuarta-generacion.jpg","datePublished":"2024-06-18T11:51:39+00:00","dateModified":"2025-03-27T09:51:01+00:00","description":"El Toyota RAV4 deja de ser el SUV m\u00e1s vendido del mundo. En 2023, lo super\u00f3 un coche el\u00e9ctrico, siendo la primera vez que sucede.","breadcrumb":{"@id":"https:\/\/www.ocasionplus.com\/noticias\/toyota-rav4-deja-de-ser-el-coche-mas-vendido-del-mundo\/#breadcrumb"},"inLanguage":"es","potentialAction":[{"@type":"ReadAction","target":["https:\/\/www.ocasionplus.com\/noticias\/toyota-rav4-deja-de-ser-el-coche-mas-vendido-del-mundo\/"]}]},{"@type":"ImageObject","inLanguage":"es","@id":"https:\/\/www.ocasionplus.com\/noticias\/toyota-rav4-deja-de-ser-el-coche-mas-vendido-del-mundo\/#primaryimage","url":"https:\/\/www.ocasionplus.com\/wp-content\/uploads\/2024\/06\/Toyota-RAV4_cuarta-generacion.jpg","contentUrl":"https:\/\/www.ocasionplus.com\/wp-content\/uploads\/2024\/06\/Toyota-RAV4_cuarta-generacion.jpg","width":1200,"height":800,"caption":"La cuarta generaci\u00f3n se empez\u00f3 a ofrecer con motores h\u00edbridos"},{"@type":"BreadcrumbList","@id":"https:\/\/www.ocasionplus.com\/noticias\/toyota-rav4-deja-de-ser-el-coche-mas-vendido-del-mundo\/#breadcrumb","itemListElement":[{"@type":"ListItem","position":1,"name":"Portada","item":"https:\/\/www.ocasionplus.com\/noticias\/"},{"@type":"ListItem","position":2,"name":"El Toyota RAV4 deja de ser el coche m\u00e1s vendido del mundo"}]},{"@type":"WebSite","@id":"https:\/\/www.ocasionplus.com\/noticias\/#website","url":"https:\/\/www.ocasionplus.com\/noticias\/","name":"OcasionPlus Blog","description":"Veh\u00edculos de ocasi\u00f3n","publisher":{"@id":"https:\/\/www.ocasionplus.com\/noticias\/#organization"},"potentialAction":[{"@type":"SearchAction","target":{"@type":"EntryPoint","urlTemplate":"https:\/\/www.ocasionplus.com\/noticias\/?s={search_term_string}"},"query-input":{"@type":"PropertyValueSpecification","valueRequired":true,"valueName":"search_term_string"}}],"inLanguage":"es"},{"@type":"Organization","@id":"https:\/\/www.ocasionplus.com\/noticias\/#organization","name":"OcasionPlus","url":"https:\/\/www.ocasionplus.com\/noticias\/","logo":{"@type":"ImageObject","inLanguage":"es","@id":"https:\/\/www.ocasionplus.com\/noticias\/#\/schema\/logo\/image\/","url":"https:\/\/www.ocasionplus.com\/wp-content\/uploads\/2024\/05\/cropped-cropped-oplus-logo-blog.png","contentUrl":"https:\/\/www.ocasionplus.com\/wp-content\/uploads\/2024\/05\/cropped-cropped-oplus-logo-blog.png","width":360,"height":71,"caption":"OcasionPlus"},"image":{"@id":"https:\/\/www.ocasionplus.com\/noticias\/#\/schema\/logo\/image\/"},"sameAs":["https:\/\/www.facebook.com\/ocasionplus","https:\/\/x.com\/ocasionplus","https:\/\/www.instagram.com\/ocasion_plus","https:\/\/www.youtube.com\/channel\/UCBiCAto61Lyu27CgI95wrYQ","https:\/\/www.tiktok.com\/@ocasionplus.com","https:\/\/es.linkedin.com\/company\/ocasionplus"]},{"@type":"Person","@id":"https:\/\/www.ocasionplus.com\/noticias\/#\/schema\/person\/db1203be564cc3ded97ad1dbd8aadc5b","name":"Cristhian Gonz\u00e1lez","image":{"@type":"ImageObject","inLanguage":"es","@id":"https:\/\/www.ocasionplus.com\/noticias\/#\/schema\/person\/image\/","url":"https:\/\/secure.gravatar.com\/avatar\/30c0388f0815fd0ab8fb4cfad29866ac?s=96&d=mm&r=g","contentUrl":"https:\/\/secure.gravatar.com\/avatar\/30c0388f0815fd0ab8fb4cfad29866ac?s=96&d=mm&r=g","caption":"Cristhian Gonz\u00e1lez"},"description":"Periodista formado en Colombia. Siempre vinculado al deporte y con pasi\u00f3n por los coches. He asistido y cubierto diferentes eventos deportivos para diferentes medios de comunicaci\u00f3n."}]}},"jetpack_featured_media_url":"https:\/\/www.ocasionplus.com\/wp-content\/uploads\/2024\/06\/Toyota-RAV4_cuarta-generacion.jpg","_links":{"self":[{"href":"https:\/\/www.ocasionplus.com\/noticias\/wp-json\/wp\/v2\/posts\/11922","targetHints":{"allow":["GET"]}}],"collection":[{"href":"https:\/\/www.ocasionplus.com\/noticias\/wp-json\/wp\/v2\/posts"}],"about":[{"href":"https:\/\/www.ocasionplus.com\/noticias\/wp-json\/wp\/v2\/types\/post"}],"author":[{"embeddable":true,"href":"https:\/\/www.ocasionplus.com\/noticias\/wp-json\/wp\/v2\/users\/3"}],"replies":[{"embeddable":true,"href":"https:\/\/www.ocasionplus.com\/noticias\/wp-json\/wp\/v2\/comments?post=11922"}],"version-history":[{"count":1,"href":"https:\/\/www.ocasionplus.com\/noticias\/wp-json\/wp\/v2\/posts\/11922\/revisions"}],"predecessor-version":[{"id":12930,"href":"https:\/\/www.ocasionplus.com\/noticias\/wp-json\/wp\/v2\/posts\/11922\/revisions\/12930"}],"wp:featuredmedia":[{"embeddable":true,"href":"https:\/\/www.ocasionplus.com\/noticias\/wp-json\/wp\/v2\/media\/11753"}],"wp:attachment":[{"href":"https:\/\/www.ocasionplus.com\/noticias\/wp-json\/wp\/v2\/media?parent=11922"}],"wp:term":[{"taxonomy":"category","embeddable":true,"href":"https:\/\/www.ocasionplus.com\/noticias\/wp-json\/wp\/v2\/categories?post=11922"},{"taxonomy":"post_tag","embeddable":true,"href":"https:\/\/www.ocasionplus.com\/noticias\/wp-json\/wp\/v2\/tags?post=11922"}],"curies":[{"name":"wp","href":"https:\/\/api.w.org\/{rel}","templated":true}]}}