{"id":11938,"date":"2024-06-18T17:24:10","date_gmt":"2024-06-18T15:24:10","guid":{"rendered":"https:\/\/blog.ocasionplus.com\/?p=11938"},"modified":"2025-03-27T10:51:01","modified_gmt":"2025-03-27T09:51:01","slug":"cupra-born-vz-electrico-mas-deportivo","status":"publish","type":"post","link":"https:\/\/www.ocasionplus.com\/noticias\/cupra-born-vz-electrico-mas-deportivo\/","title":{"rendered":"CUPRA Born VZ, el el\u00e9ctrico m\u00e1s deportivo de la marca espa\u00f1ola"},"content":{"rendered":"\n<p>Se present\u00f3 la versi\u00f3n deportiva del CUPRA Born, el CUPRA Born VZ, denominaci\u00f3n que est\u00e1n recibiendo todas las versiones deportivas de la marca espa\u00f1ola. Un compacto el\u00e9ctrico que ofrece hasta 326 CV de potencia m\u00e1xima.&nbsp;<\/p>\n\n\n\n<h2 class=\"wp-block-heading\">CUPRA Born VZ<\/h2>\n\n\n\n<p>El CUPRA Born VZ es la versi\u00f3n m\u00e1s potente del compacto el\u00e9ctrico. Es la segunda entrega que realiza la marca espa\u00f1ola, tras presentar el CUPRA Tavascan VZ, una versi\u00f3n con m\u00e1s autonom\u00eda y mayor deportividad del SUV.&nbsp;<\/p>\n\n\n\n<p>Esta versi\u00f3n presenta una propulsi\u00f3n trasera, con un motor alojado en el eje trasero del el\u00e9ctrico, su versi\u00f3n base ofrece un motor el\u00e9ctrico de 231 CV, mientras que esta <strong>nueva versi\u00f3n VZ brinda una potencia m\u00e1xima de 326 CV<\/strong> y 525 Nm, siendo casi 100 CV m\u00e1s potente que la versi\u00f3n base.&nbsp;<\/p>\n\n\n\n<p>Este bloque el\u00e9ctrico toma la energ\u00eda de una bater\u00eda de 84 kWh, lo que le permite ofrecer una autonom\u00eda de hasta 599 kil\u00f3metros, seg\u00fan el ciclo WLTP. Sin embargo, seg\u00fan la marca, se ofrece una autonom\u00eda homologada por CUPRA Born Battery Pack de 549 kil\u00f3metros.\u00a0<\/p>\n\n\n\n<figure class=\"wp-block-image size-large\"><img loading=\"lazy\" decoding=\"async\" width=\"1024\" height=\"546\" src=\"https:\/\/127.0.0.1\/wp-content\/uploads\/2024\/06\/Cupra-Born-VZ-interior-1024x546.jpg\" alt=\"Cupra Born VZ interior\" class=\"wp-image-11940\" srcset=\"https:\/\/www.ocasionplus.com\/wp-content\/uploads\/2024\/06\/Cupra-Born-VZ-interior-1024x546.jpg 1024w, https:\/\/www.ocasionplus.com\/wp-content\/uploads\/2024\/06\/Cupra-Born-VZ-interior-300x160.jpg 300w, https:\/\/www.ocasionplus.com\/wp-content\/uploads\/2024\/06\/Cupra-Born-VZ-interior-255x136.jpg 255w, https:\/\/www.ocasionplus.com\/wp-content\/uploads\/2024\/06\/Cupra-Born-VZ-interior-510x272.jpg 510w, https:\/\/www.ocasionplus.com\/wp-content\/uploads\/2024\/06\/Cupra-Born-VZ-interior-280x149.jpg 280w, https:\/\/www.ocasionplus.com\/wp-content\/uploads\/2024\/06\/Cupra-Born-VZ-interior-560x299.jpg 560w, https:\/\/www.ocasionplus.com\/wp-content\/uploads\/2024\/06\/Cupra-Born-VZ-interior-350x187.jpg 350w, https:\/\/www.ocasionplus.com\/wp-content\/uploads\/2024\/06\/Cupra-Born-VZ-interior-700x374.jpg 700w, https:\/\/www.ocasionplus.com\/wp-content\/uploads\/2024\/06\/Cupra-Born-VZ-interior-398x212.jpg 398w, https:\/\/www.ocasionplus.com\/wp-content\/uploads\/2024\/06\/Cupra-Born-VZ-interior-796x425.jpg 796w, https:\/\/www.ocasionplus.com\/wp-content\/uploads\/2024\/06\/Cupra-Born-VZ-interior.jpg 1280w\" sizes=\"auto, (max-width: 1024px) 100vw, 1024px\" \/><figcaption class=\"wp-element-caption\">El interior del CUPRA Born VZ presenta una pantalla para el sistema de infoentretenimiento m\u00e1s grande<\/figcaption><\/figure>\n\n\n\n<p>Es un el\u00e9ctrico que tiene gran peso, casi dos toneladas; sin embargo, <strong>es capaz de acelerar de 0 a 100 km\/h en 5,6 segundos<\/strong> en vez de ofrecer 6,6 segundos, como la versi\u00f3n base. Adem\u00e1s, ofrece una velocidad m\u00e1xima de 200 km\/H.&nbsp;<\/p>\n\n\n\n<p>En su exterior no presenta cambios significativos con respecto a la versi\u00f3n base, solo algunos detalles que reflejan la denominaci\u00f3n VZ, principalmente ubicados en la zaga del el\u00e9ctrico.&nbsp;<\/p>\n\n\n\n<p>En su interior es donde vemos unos cambios, por ejemplo los <strong>asientos CUPBucket de serie<\/strong>, que se presentaron en modelos como el Formentor VZ y el Le\u00f3n VZ Cup, unos asientos que tienen una posici\u00f3n m\u00e1s baja y que combinan el confort con un agarre lateral, para una conducci\u00f3n mucho m\u00e1s deportiva.&nbsp;<\/p>\n\n\n\n<p>Adem\u00e1s, <strong>presenta una pantalla multimedia m\u00e1s grande<\/strong>, ahora es de 12,9 pulgadas con un habit\u00e1culo con una luz ambiental m\u00e1s avanzada. Como extra, se puede seleccionar un sistema premium Sennheiser de 425 Watios con sonido inteligente.&nbsp;<\/p>\n\n\n\n<p>En t\u00e9rminos de seguridad, se reforzaron los frenos, por ejemplo, los frenos traseros son de tambor, en el volante suma levas, y adem\u00e1s se puede encontrar con faros oscurecidos, <a href=\"https:\/\/blog.ocasionplus.com\/que-es-el-sistema-adas\/\"><span style=\"text-decoration: underline;\"><mark style=\"background-color:rgba(0, 0, 0, 0);color:#189bd7\" class=\"has-inline-color\">sistemas ADAS<\/mark><\/span><\/a> m\u00e1s completos o c\u00e1mara de visi\u00f3n trasera.<\/p>\n\n\n\n<h2 class=\"wp-block-heading\">El\u00e9ctrico de segunda mano<\/h2>\n\n\n\n<p>Si est\u00e1s interesado en un <a href=\"https:\/\/www.ocasionplus.com\/coches-ocasion\/electrico\"><span style=\"text-decoration: underline;\"><mark style=\"background-color:rgba(0, 0, 0, 0);color:#189bd7\" class=\"has-inline-color\">coche el\u00e9ctrico de segunda mano<\/mark><\/span><\/a>, en OcasionPlus encuentras una amplia oferta de veh\u00edculos el\u00e9ctricos con la mejor calidad y el mejor precio del mercado; sin embargo, si lo que buscas es un <a href=\"https:\/\/www.ocasionplus.com\/coches-ocasion\/cupra\"><span style=\"text-decoration: underline;\"><mark style=\"background-color:rgba(0, 0, 0, 0);color:#189bd7\" class=\"has-inline-color\">CUPRA de segunda mano<\/mark><\/span><\/a>, en OcasionPlus tambi\u00e9n puedes disfrutar de un amplio abanico de modelos de la marca espa\u00f1ola.\u00a0<\/p>\n\n\n\n<p>Recuerda visitar alguno de los m\u00e1s de 90 centros de OcasionPlus, en donde encontrar\u00e1s el <a href=\"https:\/\/www.ocasionplus.com\/coches-ocasion\"><span style=\"text-decoration: underline;\"><mark style=\"background-color:rgba(0, 0, 0, 0);color:#189bd7\" class=\"has-inline-color\">coche de segunda mano<\/mark><\/span><\/a> de tus sue\u00f1os, no esperes m\u00e1s y visita alguno de los centros, all\u00ed te espera un equipo de expertos para acompa\u00f1arte en todo el proceso de compra de tu coche.<\/p>\n","protected":false},"excerpt":{"rendered":"<p>Se present\u00f3 la versi\u00f3n deportiva del CUPRA Born, el CUPRA Born VZ, denominaci\u00f3n que est\u00e1n recibiendo todas las versiones deportivas de la marca espa\u00f1ola. Un compacto el\u00e9ctrico que ofrece hasta 326 CV de potencia m\u00e1xima.&nbsp; CUPRA Born VZ El CUPRA Born VZ es la versi\u00f3n m\u00e1s potente del compacto el\u00e9ctrico. Es la segunda entrega que&#8230;<\/p>\n","protected":false},"author":3,"featured_media":11939,"comment_status":"closed","ping_status":"closed","sticky":false,"template":"","format":"standard","meta":{"footnotes":""},"categories":[2],"tags":[439],"class_list":["post-11938","post","type-post","status-publish","format-standard","has-post-thumbnail","hentry","category-ultimas-noticias","tag-cupra"],"yoast_head":"<!-- This site is optimized with the Yoast SEO Premium plugin v24.8 (Yoast SEO v24.8.1) - https:\/\/yoast.com\/wordpress\/plugins\/seo\/ -->\n<title>CUPRA Born VZ, el el\u00e9ctrico m\u00e1s deportivo de la marca espa\u00f1ola - OcasionPlus Blog<\/title>\n<meta name=\"robots\" content=\"index, follow, max-snippet:-1, max-image-preview:large, max-video-preview:-1\" \/>\n<link rel=\"canonical\" href=\"https:\/\/www.ocasionplus.com\/noticias\/cupra-born-vz-electrico-mas-deportivo\/\" \/>\n<meta property=\"og:locale\" content=\"es_ES\" \/>\n<meta property=\"og:type\" content=\"article\" \/>\n<meta property=\"og:title\" content=\"CUPRA Born VZ, el el\u00e9ctrico m\u00e1s deportivo de la marca espa\u00f1ola\" \/>\n<meta property=\"og:description\" content=\"Se present\u00f3 la versi\u00f3n deportiva del CUPRA Born, el CUPRA Born VZ, denominaci\u00f3n que est\u00e1n recibiendo todas las versiones deportivas de la marca espa\u00f1ola. Un compacto el\u00e9ctrico que ofrece hasta 326 CV de potencia m\u00e1xima.&nbsp; CUPRA Born VZ El CUPRA Born VZ es la versi\u00f3n m\u00e1s potente del compacto el\u00e9ctrico. Es la segunda entrega que...\" \/>\n<meta property=\"og:url\" content=\"https:\/\/www.ocasionplus.com\/noticias\/cupra-born-vz-electrico-mas-deportivo\/\" \/>\n<meta property=\"og:site_name\" content=\"OcasionPlus Blog\" \/>\n<meta property=\"article:publisher\" content=\"https:\/\/www.facebook.com\/ocasionplus\" \/>\n<meta property=\"article:published_time\" content=\"2024-06-18T15:24:10+00:00\" \/>\n<meta property=\"article:modified_time\" content=\"2025-03-27T09:51:01+00:00\" \/>\n<meta property=\"og:image\" content=\"https:\/\/www.ocasionplus.com\/wp-content\/uploads\/2024\/06\/Cupra-Born-VZ.jpg\" \/>\n\t<meta property=\"og:image:width\" content=\"1280\" \/>\n\t<meta property=\"og:image:height\" content=\"720\" \/>\n\t<meta property=\"og:image:type\" content=\"image\/jpeg\" \/>\n<meta name=\"author\" content=\"Cristhian Gonz\u00e1lez\" \/>\n<meta name=\"twitter:card\" content=\"summary_large_image\" \/>\n<meta name=\"twitter:creator\" content=\"@ocasionplus\" \/>\n<meta name=\"twitter:site\" content=\"@ocasionplus\" \/>\n<meta name=\"twitter:label1\" content=\"Escrito por\" \/>\n\t<meta name=\"twitter:data1\" content=\"Cristhian Gonz\u00e1lez\" \/>\n\t<meta name=\"twitter:label2\" content=\"Tiempo de lectura\" \/>\n\t<meta name=\"twitter:data2\" content=\"3 minutos\" \/>\n<script type=\"application\/ld+json\" class=\"yoast-schema-graph\">{\"@context\":\"https:\/\/schema.org\",\"@graph\":[{\"@type\":\"Article\",\"@id\":\"https:\/\/www.ocasionplus.com\/noticias\/cupra-born-vz-electrico-mas-deportivo\/#article\",\"isPartOf\":{\"@id\":\"https:\/\/www.ocasionplus.com\/noticias\/cupra-born-vz-electrico-mas-deportivo\/\"},\"author\":{\"name\":\"Cristhian Gonz\u00e1lez\",\"@id\":\"https:\/\/www.ocasionplus.com\/noticias\/#\/schema\/person\/db1203be564cc3ded97ad1dbd8aadc5b\"},\"headline\":\"CUPRA Born VZ, el el\u00e9ctrico m\u00e1s deportivo de la marca espa\u00f1ola\",\"datePublished\":\"2024-06-18T15:24:10+00:00\",\"dateModified\":\"2025-03-27T09:51:01+00:00\",\"mainEntityOfPage\":{\"@id\":\"https:\/\/www.ocasionplus.com\/noticias\/cupra-born-vz-electrico-mas-deportivo\/\"},\"wordCount\":565,\"publisher\":{\"@id\":\"https:\/\/www.ocasionplus.com\/noticias\/#organization\"},\"image\":{\"@id\":\"https:\/\/www.ocasionplus.com\/noticias\/cupra-born-vz-electrico-mas-deportivo\/#primaryimage\"},\"thumbnailUrl\":\"https:\/\/www.ocasionplus.com\/wp-content\/uploads\/2024\/06\/Cupra-Born-VZ.jpg\",\"keywords\":[\"cupra\"],\"articleSection\":[\"\u00daltimas Noticias\"],\"inLanguage\":\"es\",\"copyrightYear\":\"2024\",\"copyrightHolder\":{\"@id\":\"https:\/\/www.ocasionplus.com\/noticias\/#organization\"}},{\"@type\":\"WebPage\",\"@id\":\"https:\/\/www.ocasionplus.com\/noticias\/cupra-born-vz-electrico-mas-deportivo\/\",\"url\":\"https:\/\/www.ocasionplus.com\/noticias\/cupra-born-vz-electrico-mas-deportivo\/\",\"name\":\"CUPRA Born VZ, el el\u00e9ctrico m\u00e1s deportivo de la marca espa\u00f1ola - OcasionPlus Blog\",\"isPartOf\":{\"@id\":\"https:\/\/www.ocasionplus.com\/noticias\/#website\"},\"primaryImageOfPage\":{\"@id\":\"https:\/\/www.ocasionplus.com\/noticias\/cupra-born-vz-electrico-mas-deportivo\/#primaryimage\"},\"image\":{\"@id\":\"https:\/\/www.ocasionplus.com\/noticias\/cupra-born-vz-electrico-mas-deportivo\/#primaryimage\"},\"thumbnailUrl\":\"https:\/\/www.ocasionplus.com\/wp-content\/uploads\/2024\/06\/Cupra-Born-VZ.jpg\",\"datePublished\":\"2024-06-18T15:24:10+00:00\",\"dateModified\":\"2025-03-27T09:51:01+00:00\",\"breadcrumb\":{\"@id\":\"https:\/\/www.ocasionplus.com\/noticias\/cupra-born-vz-electrico-mas-deportivo\/#breadcrumb\"},\"inLanguage\":\"es\",\"potentialAction\":[{\"@type\":\"ReadAction\",\"target\":[\"https:\/\/www.ocasionplus.com\/noticias\/cupra-born-vz-electrico-mas-deportivo\/\"]}]},{\"@type\":\"ImageObject\",\"inLanguage\":\"es\",\"@id\":\"https:\/\/www.ocasionplus.com\/noticias\/cupra-born-vz-electrico-mas-deportivo\/#primaryimage\",\"url\":\"https:\/\/www.ocasionplus.com\/wp-content\/uploads\/2024\/06\/Cupra-Born-VZ.jpg\",\"contentUrl\":\"https:\/\/www.ocasionplus.com\/wp-content\/uploads\/2024\/06\/Cupra-Born-VZ.jpg\",\"width\":1280,\"height\":720,\"caption\":\"El CUPRA Born VZ es la versi\u00f3n m\u00e1s deportiva del compacto el\u00e9ctrico\"},{\"@type\":\"BreadcrumbList\",\"@id\":\"https:\/\/www.ocasionplus.com\/noticias\/cupra-born-vz-electrico-mas-deportivo\/#breadcrumb\",\"itemListElement\":[{\"@type\":\"ListItem\",\"position\":1,\"name\":\"Portada\",\"item\":\"https:\/\/www.ocasionplus.com\/noticias\/\"},{\"@type\":\"ListItem\",\"position\":2,\"name\":\"CUPRA Born VZ, el el\u00e9ctrico m\u00e1s deportivo de la marca espa\u00f1ola\"}]},{\"@type\":\"WebSite\",\"@id\":\"https:\/\/www.ocasionplus.com\/noticias\/#website\",\"url\":\"https:\/\/www.ocasionplus.com\/noticias\/\",\"name\":\"OcasionPlus Blog\",\"description\":\"Veh\u00edculos de ocasi\u00f3n\",\"publisher\":{\"@id\":\"https:\/\/www.ocasionplus.com\/noticias\/#organization\"},\"potentialAction\":[{\"@type\":\"SearchAction\",\"target\":{\"@type\":\"EntryPoint\",\"urlTemplate\":\"https:\/\/www.ocasionplus.com\/noticias\/?s={search_term_string}\"},\"query-input\":{\"@type\":\"PropertyValueSpecification\",\"valueRequired\":true,\"valueName\":\"search_term_string\"}}],\"inLanguage\":\"es\"},{\"@type\":\"Organization\",\"@id\":\"https:\/\/www.ocasionplus.com\/noticias\/#organization\",\"name\":\"OcasionPlus\",\"url\":\"https:\/\/www.ocasionplus.com\/noticias\/\",\"logo\":{\"@type\":\"ImageObject\",\"inLanguage\":\"es\",\"@id\":\"https:\/\/www.ocasionplus.com\/noticias\/#\/schema\/logo\/image\/\",\"url\":\"https:\/\/www.ocasionplus.com\/wp-content\/uploads\/2024\/05\/cropped-cropped-oplus-logo-blog.png\",\"contentUrl\":\"https:\/\/www.ocasionplus.com\/wp-content\/uploads\/2024\/05\/cropped-cropped-oplus-logo-blog.png\",\"width\":360,\"height\":71,\"caption\":\"OcasionPlus\"},\"image\":{\"@id\":\"https:\/\/www.ocasionplus.com\/noticias\/#\/schema\/logo\/image\/\"},\"sameAs\":[\"https:\/\/www.facebook.com\/ocasionplus\",\"https:\/\/x.com\/ocasionplus\",\"https:\/\/www.instagram.com\/ocasion_plus\",\"https:\/\/www.youtube.com\/channel\/UCBiCAto61Lyu27CgI95wrYQ\",\"https:\/\/www.tiktok.com\/@ocasionplus.com\",\"https:\/\/es.linkedin.com\/company\/ocasionplus\"]},{\"@type\":\"Person\",\"@id\":\"https:\/\/www.ocasionplus.com\/noticias\/#\/schema\/person\/db1203be564cc3ded97ad1dbd8aadc5b\",\"name\":\"Cristhian Gonz\u00e1lez\",\"image\":{\"@type\":\"ImageObject\",\"inLanguage\":\"es\",\"@id\":\"https:\/\/www.ocasionplus.com\/noticias\/#\/schema\/person\/image\/\",\"url\":\"https:\/\/secure.gravatar.com\/avatar\/30c0388f0815fd0ab8fb4cfad29866ac?s=96&d=mm&r=g\",\"contentUrl\":\"https:\/\/secure.gravatar.com\/avatar\/30c0388f0815fd0ab8fb4cfad29866ac?s=96&d=mm&r=g\",\"caption\":\"Cristhian Gonz\u00e1lez\"},\"description\":\"Periodista formado en Colombia. Siempre vinculado al deporte y con pasi\u00f3n por los coches. He asistido y cubierto diferentes eventos deportivos para diferentes medios de comunicaci\u00f3n.\"}]}<\/script>\n<!-- \/ Yoast SEO Premium plugin. -->","yoast_head_json":{"title":"CUPRA Born VZ, el el\u00e9ctrico m\u00e1s deportivo de la marca espa\u00f1ola - OcasionPlus Blog","robots":{"index":"index","follow":"follow","max-snippet":"max-snippet:-1","max-image-preview":"max-image-preview:large","max-video-preview":"max-video-preview:-1"},"canonical":"https:\/\/www.ocasionplus.com\/noticias\/cupra-born-vz-electrico-mas-deportivo\/","og_locale":"es_ES","og_type":"article","og_title":"CUPRA Born VZ, el el\u00e9ctrico m\u00e1s deportivo de la marca espa\u00f1ola","og_description":"Se present\u00f3 la versi\u00f3n deportiva del CUPRA Born, el CUPRA Born VZ, denominaci\u00f3n que est\u00e1n recibiendo todas las versiones deportivas de la marca espa\u00f1ola. Un compacto el\u00e9ctrico que ofrece hasta 326 CV de potencia m\u00e1xima.&nbsp; CUPRA Born VZ El CUPRA Born VZ es la versi\u00f3n m\u00e1s potente del compacto el\u00e9ctrico. Es la segunda entrega que...","og_url":"https:\/\/www.ocasionplus.com\/noticias\/cupra-born-vz-electrico-mas-deportivo\/","og_site_name":"OcasionPlus Blog","article_publisher":"https:\/\/www.facebook.com\/ocasionplus","article_published_time":"2024-06-18T15:24:10+00:00","article_modified_time":"2025-03-27T09:51:01+00:00","og_image":[{"width":1280,"height":720,"url":"https:\/\/www.ocasionplus.com\/wp-content\/uploads\/2024\/06\/Cupra-Born-VZ.jpg","type":"image\/jpeg"}],"author":"Cristhian Gonz\u00e1lez","twitter_card":"summary_large_image","twitter_creator":"@ocasionplus","twitter_site":"@ocasionplus","twitter_misc":{"Escrito por":"Cristhian Gonz\u00e1lez","Tiempo de lectura":"3 minutos"},"schema":{"@context":"https:\/\/schema.org","@graph":[{"@type":"Article","@id":"https:\/\/www.ocasionplus.com\/noticias\/cupra-born-vz-electrico-mas-deportivo\/#article","isPartOf":{"@id":"https:\/\/www.ocasionplus.com\/noticias\/cupra-born-vz-electrico-mas-deportivo\/"},"author":{"name":"Cristhian Gonz\u00e1lez","@id":"https:\/\/www.ocasionplus.com\/noticias\/#\/schema\/person\/db1203be564cc3ded97ad1dbd8aadc5b"},"headline":"CUPRA Born VZ, el el\u00e9ctrico m\u00e1s deportivo de la marca espa\u00f1ola","datePublished":"2024-06-18T15:24:10+00:00","dateModified":"2025-03-27T09:51:01+00:00","mainEntityOfPage":{"@id":"https:\/\/www.ocasionplus.com\/noticias\/cupra-born-vz-electrico-mas-deportivo\/"},"wordCount":565,"publisher":{"@id":"https:\/\/www.ocasionplus.com\/noticias\/#organization"},"image":{"@id":"https:\/\/www.ocasionplus.com\/noticias\/cupra-born-vz-electrico-mas-deportivo\/#primaryimage"},"thumbnailUrl":"https:\/\/www.ocasionplus.com\/wp-content\/uploads\/2024\/06\/Cupra-Born-VZ.jpg","keywords":["cupra"],"articleSection":["\u00daltimas Noticias"],"inLanguage":"es","copyrightYear":"2024","copyrightHolder":{"@id":"https:\/\/www.ocasionplus.com\/noticias\/#organization"}},{"@type":"WebPage","@id":"https:\/\/www.ocasionplus.com\/noticias\/cupra-born-vz-electrico-mas-deportivo\/","url":"https:\/\/www.ocasionplus.com\/noticias\/cupra-born-vz-electrico-mas-deportivo\/","name":"CUPRA Born VZ, el el\u00e9ctrico m\u00e1s deportivo de la marca espa\u00f1ola - OcasionPlus Blog","isPartOf":{"@id":"https:\/\/www.ocasionplus.com\/noticias\/#website"},"primaryImageOfPage":{"@id":"https:\/\/www.ocasionplus.com\/noticias\/cupra-born-vz-electrico-mas-deportivo\/#primaryimage"},"image":{"@id":"https:\/\/www.ocasionplus.com\/noticias\/cupra-born-vz-electrico-mas-deportivo\/#primaryimage"},"thumbnailUrl":"https:\/\/www.ocasionplus.com\/wp-content\/uploads\/2024\/06\/Cupra-Born-VZ.jpg","datePublished":"2024-06-18T15:24:10+00:00","dateModified":"2025-03-27T09:51:01+00:00","breadcrumb":{"@id":"https:\/\/www.ocasionplus.com\/noticias\/cupra-born-vz-electrico-mas-deportivo\/#breadcrumb"},"inLanguage":"es","potentialAction":[{"@type":"ReadAction","target":["https:\/\/www.ocasionplus.com\/noticias\/cupra-born-vz-electrico-mas-deportivo\/"]}]},{"@type":"ImageObject","inLanguage":"es","@id":"https:\/\/www.ocasionplus.com\/noticias\/cupra-born-vz-electrico-mas-deportivo\/#primaryimage","url":"https:\/\/www.ocasionplus.com\/wp-content\/uploads\/2024\/06\/Cupra-Born-VZ.jpg","contentUrl":"https:\/\/www.ocasionplus.com\/wp-content\/uploads\/2024\/06\/Cupra-Born-VZ.jpg","width":1280,"height":720,"caption":"El CUPRA Born VZ es la versi\u00f3n m\u00e1s deportiva del compacto el\u00e9ctrico"},{"@type":"BreadcrumbList","@id":"https:\/\/www.ocasionplus.com\/noticias\/cupra-born-vz-electrico-mas-deportivo\/#breadcrumb","itemListElement":[{"@type":"ListItem","position":1,"name":"Portada","item":"https:\/\/www.ocasionplus.com\/noticias\/"},{"@type":"ListItem","position":2,"name":"CUPRA Born VZ, el el\u00e9ctrico m\u00e1s deportivo de la marca espa\u00f1ola"}]},{"@type":"WebSite","@id":"https:\/\/www.ocasionplus.com\/noticias\/#website","url":"https:\/\/www.ocasionplus.com\/noticias\/","name":"OcasionPlus Blog","description":"Veh\u00edculos de ocasi\u00f3n","publisher":{"@id":"https:\/\/www.ocasionplus.com\/noticias\/#organization"},"potentialAction":[{"@type":"SearchAction","target":{"@type":"EntryPoint","urlTemplate":"https:\/\/www.ocasionplus.com\/noticias\/?s={search_term_string}"},"query-input":{"@type":"PropertyValueSpecification","valueRequired":true,"valueName":"search_term_string"}}],"inLanguage":"es"},{"@type":"Organization","@id":"https:\/\/www.ocasionplus.com\/noticias\/#organization","name":"OcasionPlus","url":"https:\/\/www.ocasionplus.com\/noticias\/","logo":{"@type":"ImageObject","inLanguage":"es","@id":"https:\/\/www.ocasionplus.com\/noticias\/#\/schema\/logo\/image\/","url":"https:\/\/www.ocasionplus.com\/wp-content\/uploads\/2024\/05\/cropped-cropped-oplus-logo-blog.png","contentUrl":"https:\/\/www.ocasionplus.com\/wp-content\/uploads\/2024\/05\/cropped-cropped-oplus-logo-blog.png","width":360,"height":71,"caption":"OcasionPlus"},"image":{"@id":"https:\/\/www.ocasionplus.com\/noticias\/#\/schema\/logo\/image\/"},"sameAs":["https:\/\/www.facebook.com\/ocasionplus","https:\/\/x.com\/ocasionplus","https:\/\/www.instagram.com\/ocasion_plus","https:\/\/www.youtube.com\/channel\/UCBiCAto61Lyu27CgI95wrYQ","https:\/\/www.tiktok.com\/@ocasionplus.com","https:\/\/es.linkedin.com\/company\/ocasionplus"]},{"@type":"Person","@id":"https:\/\/www.ocasionplus.com\/noticias\/#\/schema\/person\/db1203be564cc3ded97ad1dbd8aadc5b","name":"Cristhian Gonz\u00e1lez","image":{"@type":"ImageObject","inLanguage":"es","@id":"https:\/\/www.ocasionplus.com\/noticias\/#\/schema\/person\/image\/","url":"https:\/\/secure.gravatar.com\/avatar\/30c0388f0815fd0ab8fb4cfad29866ac?s=96&d=mm&r=g","contentUrl":"https:\/\/secure.gravatar.com\/avatar\/30c0388f0815fd0ab8fb4cfad29866ac?s=96&d=mm&r=g","caption":"Cristhian Gonz\u00e1lez"},"description":"Periodista formado en Colombia. Siempre vinculado al deporte y con pasi\u00f3n por los coches. He asistido y cubierto diferentes eventos deportivos para diferentes medios de comunicaci\u00f3n."}]}},"jetpack_featured_media_url":"https:\/\/www.ocasionplus.com\/wp-content\/uploads\/2024\/06\/Cupra-Born-VZ.jpg","_links":{"self":[{"href":"https:\/\/www.ocasionplus.com\/noticias\/wp-json\/wp\/v2\/posts\/11938","targetHints":{"allow":["GET"]}}],"collection":[{"href":"https:\/\/www.ocasionplus.com\/noticias\/wp-json\/wp\/v2\/posts"}],"about":[{"href":"https:\/\/www.ocasionplus.com\/noticias\/wp-json\/wp\/v2\/types\/post"}],"author":[{"embeddable":true,"href":"https:\/\/www.ocasionplus.com\/noticias\/wp-json\/wp\/v2\/users\/3"}],"replies":[{"embeddable":true,"href":"https:\/\/www.ocasionplus.com\/noticias\/wp-json\/wp\/v2\/comments?post=11938"}],"version-history":[{"count":1,"href":"https:\/\/www.ocasionplus.com\/noticias\/wp-json\/wp\/v2\/posts\/11938\/revisions"}],"predecessor-version":[{"id":12929,"href":"https:\/\/www.ocasionplus.com\/noticias\/wp-json\/wp\/v2\/posts\/11938\/revisions\/12929"}],"wp:featuredmedia":[{"embeddable":true,"href":"https:\/\/www.ocasionplus.com\/noticias\/wp-json\/wp\/v2\/media\/11939"}],"wp:attachment":[{"href":"https:\/\/www.ocasionplus.com\/noticias\/wp-json\/wp\/v2\/media?parent=11938"}],"wp:term":[{"taxonomy":"category","embeddable":true,"href":"https:\/\/www.ocasionplus.com\/noticias\/wp-json\/wp\/v2\/categories?post=11938"},{"taxonomy":"post_tag","embeddable":true,"href":"https:\/\/www.ocasionplus.com\/noticias\/wp-json\/wp\/v2\/tags?post=11938"}],"curies":[{"name":"wp","href":"https:\/\/api.w.org\/{rel}","templated":true}]}}