{"id":11974,"date":"2024-06-20T11:41:41","date_gmt":"2024-06-20T09:41:41","guid":{"rendered":"https:\/\/blog.ocasionplus.com\/?p=11974"},"modified":"2025-03-27T10:51:00","modified_gmt":"2025-03-27T09:51:00","slug":"nuevo-bmw-x3-2024","status":"publish","type":"post","link":"https:\/\/www.ocasionplus.com\/noticias\/nuevo-bmw-x3-2024\/","title":{"rendered":"Nuevo BMW X3: Un SUV con nuevo dise\u00f1o y motores electrificados"},"content":{"rendered":"\n<p>Esta semana la marca alemana present\u00f3 el nuevo BMW X3, un SUV del segmento D que lidera la categor\u00eda, enfrent\u00e1ndose a modelos reconocidos como el Audi Q5 y el Mercedes GLC. <strong>El nuevo BMW X3 se desarrolla sobre la misma plataforma que la versi\u00f3n anterior<\/strong>, pero con la presentaci\u00f3n de motores electrificados, nuevo dise\u00f1o exterior e interior.&nbsp;<\/p>\n\n\n\n<p>El nuevo X3 mantiene las dimensiones, con 4,77 metros de largo, 1,92 de ancho y 2,86 metros de alto. Siendo un SUV m\u00e1s ancho y con mayor altura que las generaciones anteriores.\u00a0<\/p>\n\n\n\n<figure class=\"wp-block-image size-large\"><img loading=\"lazy\" decoding=\"async\" width=\"1024\" height=\"563\" src=\"https:\/\/127.0.0.1\/wp-content\/uploads\/2024\/06\/BMW-X3-2024-zaga-1024x563.jpg\" alt=\"BMW X3 2024 zaga\" class=\"wp-image-11976\" srcset=\"https:\/\/www.ocasionplus.com\/wp-content\/uploads\/2024\/06\/BMW-X3-2024-zaga-1024x563.jpg 1024w, https:\/\/www.ocasionplus.com\/wp-content\/uploads\/2024\/06\/BMW-X3-2024-zaga-300x165.jpg 300w, https:\/\/www.ocasionplus.com\/wp-content\/uploads\/2024\/06\/BMW-X3-2024-zaga-255x140.jpg 255w, https:\/\/www.ocasionplus.com\/wp-content\/uploads\/2024\/06\/BMW-X3-2024-zaga-510x281.jpg 510w, https:\/\/www.ocasionplus.com\/wp-content\/uploads\/2024\/06\/BMW-X3-2024-zaga-280x154.jpg 280w, https:\/\/www.ocasionplus.com\/wp-content\/uploads\/2024\/06\/BMW-X3-2024-zaga-560x308.jpg 560w, https:\/\/www.ocasionplus.com\/wp-content\/uploads\/2024\/06\/BMW-X3-2024-zaga-350x193.jpg 350w, https:\/\/www.ocasionplus.com\/wp-content\/uploads\/2024\/06\/BMW-X3-2024-zaga-700x385.jpg 700w, https:\/\/www.ocasionplus.com\/wp-content\/uploads\/2024\/06\/BMW-X3-2024-zaga-398x219.jpg 398w, https:\/\/www.ocasionplus.com\/wp-content\/uploads\/2024\/06\/BMW-X3-2024-zaga-796x438.jpg 796w, https:\/\/www.ocasionplus.com\/wp-content\/uploads\/2024\/06\/BMW-X3-2024-zaga.jpg 1280w\" sizes=\"auto, (max-width: 1024px) 100vw, 1024px\" \/><figcaption class=\"wp-element-caption\">El nuevo BMX X3 2024 presenta una apariencia mucho m\u00e1s deportiva, que su antecesor<\/figcaption><\/figure>\n\n\n\n<h2 class=\"wp-block-heading\">El dise\u00f1o del nuevo BMW X3<\/h2>\n\n\n\n<p>El dise\u00f1o del nuevo BMW X3 presenta una parrilla con ri\u00f1ones m\u00e1s grandes, con un contorno iluminado y barras verticales y diagonales, como algunos modelos de la marca germana. Adem\u00e1s, <strong>los faros dobles tienen una nueva firma lum\u00ednica<\/strong> y faros matriciales en opci\u00f3n. La parrilla delantera es diferente a la versi\u00f3n anterior, con un corte de cap\u00f3 que encaja con la parrilla.&nbsp;<\/p>\n\n\n\n<p><strong>En el perfil del nuevo X3 destaca la l\u00ednea del techo<\/strong> que se extiende hasta la parte trasera, con manecillas de puertas empotradas y ventanillas laterales con un marco en negro brillante. Los pasos de rueda son de gran tama\u00f1o y tienen una leve inclinaci\u00f3n; adem\u00e1s, destaca que se eliminaron los guardabarros y pasos de rueda de color negro que hay en la mayor\u00eda de los SUV.<\/p>\n\n\n\n<p>La zaga tambi\u00e9n tuvo un cambio, en este caso, <strong>la luneta trasera se encuentra empotrada<\/strong>, el aler\u00f3n del techo es alargado sobre marcos negros y las falsas salidas de aire en el parachoques. Las luces traseras LED con forma de T horizontal, barra horizontal satinada y lentes de vidrio esculpidas en tres dimensiones. Lo convierten en un SUV con gran car\u00e1cter y dise\u00f1o deportivo.&nbsp;<\/p>\n\n\n\n<h2 class=\"wp-block-heading\">Motorizaci\u00f3n del nuevo X3<\/h2>\n\n\n\n<p><strong>La gama de motorizaci\u00f3n del nuevo X3 se encuentra disponible en cuatro versiones<\/strong>. La primera&nbsp;es 20 xDrive un motor de gasolina de cuatro cilindros turbo de 208 CV e hibridaci\u00f3n ligera. El siguiente es el M50 xDrive, con seis cilindros en l\u00ednea, hibridaci\u00f3n a 48 voltios con una potencia m\u00e1xima de 400 CV.&nbsp;<\/p>\n\n\n\n<p>Para los motores di\u00e9sel, se empieza con el denominado 20d xDrive de 197 CV, con hibridaci\u00f3n ligera y se completa con el 30e xDrive, un h\u00edbrido enchufable que ofrece una potencia m\u00e1xima de 300 CV. Tanto los motores di\u00e9sel como los de gasolina son de tracci\u00f3n total y est\u00e1n asociados a una caja de cambios autom\u00e1tica de 8 velocidades.&nbsp;<\/p>\n\n\n\n<p><strong>La versi\u00f3n h\u00edbrida enchufable contin\u00faa con el motor de combusti\u00f3n<\/strong> de 2 litros, qu\u00e9 combinado con su motor el\u00e9ctrico genera una potencia m\u00e1xima de 190 CV; sin embargo, la caracter\u00edstica principal es la nueva bater\u00eda, que brinda una autonom\u00eda de 86 kil\u00f3metros en el modo 100% el\u00e9ctrico. Es capaz de acelerar de 0 a 100 km\/h en solo 6,2 segundos y alcanza una velocidad m\u00e1xima de 215 km\/h.\u00a0<\/p>\n\n\n\n<figure class=\"wp-block-image size-large\"><img loading=\"lazy\" decoding=\"async\" width=\"1024\" height=\"700\" src=\"https:\/\/127.0.0.1\/wp-content\/uploads\/2024\/06\/BMW-X3-2024-interior-1024x700.jpg\" alt=\"BMW X3 2024 interior\" class=\"wp-image-11975\" srcset=\"https:\/\/www.ocasionplus.com\/wp-content\/uploads\/2024\/06\/BMW-X3-2024-interior-1024x700.jpg 1024w, https:\/\/www.ocasionplus.com\/wp-content\/uploads\/2024\/06\/BMW-X3-2024-interior-300x205.jpg 300w, https:\/\/www.ocasionplus.com\/wp-content\/uploads\/2024\/06\/BMW-X3-2024-interior-255x174.jpg 255w, https:\/\/www.ocasionplus.com\/wp-content\/uploads\/2024\/06\/BMW-X3-2024-interior-510x349.jpg 510w, https:\/\/www.ocasionplus.com\/wp-content\/uploads\/2024\/06\/BMW-X3-2024-interior-280x191.jpg 280w, https:\/\/www.ocasionplus.com\/wp-content\/uploads\/2024\/06\/BMW-X3-2024-interior-560x383.jpg 560w, https:\/\/www.ocasionplus.com\/wp-content\/uploads\/2024\/06\/BMW-X3-2024-interior-350x239.jpg 350w, https:\/\/www.ocasionplus.com\/wp-content\/uploads\/2024\/06\/BMW-X3-2024-interior-700x479.jpg 700w, https:\/\/www.ocasionplus.com\/wp-content\/uploads\/2024\/06\/BMW-X3-2024-interior-398x272.jpg 398w, https:\/\/www.ocasionplus.com\/wp-content\/uploads\/2024\/06\/BMW-X3-2024-interior-796x544.jpg 796w, https:\/\/www.ocasionplus.com\/wp-content\/uploads\/2024\/06\/BMW-X3-2024-interior.jpg 1280w\" sizes=\"auto, (max-width: 1024px) 100vw, 1024px\" \/><figcaption class=\"wp-element-caption\">El interior del nuevo X3 2024 elimina la mayor\u00eda de los botones f\u00edsicos<\/figcaption><\/figure>\n\n\n\n<h2 class=\"wp-block-heading\">Dise\u00f1o interior del nuevo X3<\/h2>\n\n\n\n<p>El interior tambi\u00e9n presenta una actualizaci\u00f3n, en este caso el salpicadero presenta un parecido al BMW Serie 5, con una doble pantalla curva para el sistema de instrumentaci\u00f3n de 10,2 pulgadas y una pantalla central para el sistema de infoentretenimiento de 14,9 pulgadas.&nbsp;<\/p>\n\n\n\n<p>Este modelo es m\u00e1s tecnol\u00f3gico, <strong>eliminando la mayor\u00eda de los botones f\u00edsicos<\/strong>, pasando la mayor\u00eda de las funciones a la pantalla. Adem\u00e1s, de continuar con el iDrive y una palanca de cambios que es de selector, en el caso de la transmisi\u00f3n autom\u00e1tica.&nbsp;<\/p>\n\n\n\n<p>Los asientos est\u00e1n tapizados con un material de pl\u00e1stico reciclado, y se encuentra disponible en dos opciones, el sint\u00e9tico, completo o combinado con Alcantara para las versiones m\u00e1s deportivas.&nbsp;<\/p>\n\n\n\n<p>El maletero es m\u00e1s grande que las versiones anteriores, con 570 litros, 20 m\u00e1s que antes. Adem\u00e1s, tiene apertura el\u00e9ctrica en todas las versiones. Para la versi\u00f3n h\u00edbrida enchufable se reduce el maletero a 460 litros.&nbsp;<\/p>\n\n\n\n<h2 class=\"wp-block-heading\">Encuentra el BMW X3 de segunda mano<\/h2>\n\n\n\n<p>Si est\u00e1s interesado en comprar el <a href=\"https:\/\/www.ocasionplus.com\/coches-ocasion\/bmw\/x3\"><span style=\"text-decoration: underline;\"><mark style=\"background-color:rgba(0, 0, 0, 0);color:#189bd7\" class=\"has-inline-color\">BMW X3 de segunda mano<\/mark><\/span><\/a>, <strong>en OcasionPlus encuentras una amplia gama del SUV<\/strong> m\u00e1s comprado de la marca germana. Adem\u00e1s, encontrar\u00e1s diferentes versiones y acabados, todos con la mejor calidad precio del mercado.\u00a0<\/p>\n\n\n\n<p>En los m\u00e1s de 90 centros de OcasionPlus, encontrar\u00e1s m\u00e1s de 8.000 <a href=\"https:\/\/www.ocasionplus.com\/coches-ocasion\"><span style=\"text-decoration: underline;\"><mark style=\"background-color:rgba(0, 0, 0, 0);color:#189bd7\" class=\"has-inline-color\">coches de segunda mano<\/mark><\/span><\/a> que son inspeccionados en m\u00e1s de 200 puntos de control, en donde se revisan detalles como motor, frenos, carrocer\u00eda y dem\u00e1s, con el fin de poder entregar un coche de ocasi\u00f3n con la mejor calidad.\u00a0<\/p>\n\n\n\n<p>No esperes m\u00e1s y visita alguno de los concesionarios de OcasionPlus, en donde encontrar\u00e1s tambi\u00e9n m\u00e1s <a href=\"https:\/\/www.ocasionplus.com\/coches-ocasion\/todoterreno\"><span style=\"text-decoration: underline;\"><mark style=\"background-color:rgba(0, 0, 0, 0);color:#189bd7\" class=\"has-inline-color\">SUV de segunda mano<\/mark><\/span><\/a> y m\u00e1s modelos de la marca <a href=\"https:\/\/www.ocasionplus.com\/coches-ocasion\/bmw\"><span style=\"text-decoration: underline;\"><mark style=\"background-color:rgba(0, 0, 0, 0);color:#189bd7\" class=\"has-inline-color\">BMW de segunda mano<\/mark><\/span><\/a>. Te esperamos.<\/p>\n","protected":false},"excerpt":{"rendered":"<p>Esta semana la marca alemana present\u00f3 el nuevo BMW X3, un SUV del segmento D que lidera la categor\u00eda, enfrent\u00e1ndose a modelos reconocidos como el Audi Q5 y el Mercedes GLC. El nuevo BMW X3 se desarrolla sobre la misma plataforma que la versi\u00f3n anterior, pero con la presentaci\u00f3n de motores electrificados, nuevo dise\u00f1o exterior&#8230;<\/p>\n","protected":false},"author":3,"featured_media":11977,"comment_status":"closed","ping_status":"closed","sticky":false,"template":"","format":"standard","meta":{"footnotes":""},"categories":[2],"tags":[371,445],"class_list":["post-11974","post","type-post","status-publish","format-standard","has-post-thumbnail","hentry","category-ultimas-noticias","tag-bmw","tag-x3"],"yoast_head":"<!-- This site is optimized with the Yoast SEO Premium plugin v24.8 (Yoast SEO v24.8.1) - https:\/\/yoast.com\/wordpress\/plugins\/seo\/ -->\n<title>Nuevo BMW X3: Un SUV con nuevo dise\u00f1o y motores electrificados - OcasionPlus Blog<\/title>\n<meta name=\"robots\" content=\"index, follow, max-snippet:-1, max-image-preview:large, max-video-preview:-1\" \/>\n<link rel=\"canonical\" href=\"https:\/\/www.ocasionplus.com\/noticias\/nuevo-bmw-x3-2024\/\" \/>\n<meta property=\"og:locale\" content=\"es_ES\" \/>\n<meta property=\"og:type\" content=\"article\" \/>\n<meta property=\"og:title\" content=\"Nuevo BMW X3: Un SUV con nuevo dise\u00f1o y motores electrificados\" \/>\n<meta property=\"og:description\" content=\"Esta semana la marca alemana present\u00f3 el nuevo BMW X3, un SUV del segmento D que lidera la categor\u00eda, enfrent\u00e1ndose a modelos reconocidos como el Audi Q5 y el Mercedes GLC. El nuevo BMW X3 se desarrolla sobre la misma plataforma que la versi\u00f3n anterior, pero con la presentaci\u00f3n de motores electrificados, nuevo dise\u00f1o exterior...\" \/>\n<meta property=\"og:url\" content=\"https:\/\/www.ocasionplus.com\/noticias\/nuevo-bmw-x3-2024\/\" \/>\n<meta property=\"og:site_name\" content=\"OcasionPlus Blog\" \/>\n<meta property=\"article:publisher\" content=\"https:\/\/www.facebook.com\/ocasionplus\" \/>\n<meta property=\"article:published_time\" content=\"2024-06-20T09:41:41+00:00\" \/>\n<meta property=\"article:modified_time\" content=\"2025-03-27T09:51:00+00:00\" \/>\n<meta property=\"og:image\" content=\"https:\/\/www.ocasionplus.com\/wp-content\/uploads\/2024\/06\/BMW-X3-2024.jpg\" \/>\n\t<meta property=\"og:image:width\" content=\"1280\" \/>\n\t<meta property=\"og:image:height\" content=\"853\" \/>\n\t<meta property=\"og:image:type\" content=\"image\/jpeg\" \/>\n<meta name=\"author\" content=\"Cristhian Gonz\u00e1lez\" \/>\n<meta name=\"twitter:card\" content=\"summary_large_image\" \/>\n<meta name=\"twitter:creator\" content=\"@ocasionplus\" \/>\n<meta name=\"twitter:site\" content=\"@ocasionplus\" \/>\n<meta name=\"twitter:label1\" content=\"Escrito por\" \/>\n\t<meta name=\"twitter:data1\" content=\"Cristhian Gonz\u00e1lez\" \/>\n\t<meta name=\"twitter:label2\" content=\"Tiempo de lectura\" \/>\n\t<meta name=\"twitter:data2\" content=\"4 minutos\" \/>\n<script type=\"application\/ld+json\" class=\"yoast-schema-graph\">{\"@context\":\"https:\/\/schema.org\",\"@graph\":[{\"@type\":\"Article\",\"@id\":\"https:\/\/www.ocasionplus.com\/noticias\/nuevo-bmw-x3-2024\/#article\",\"isPartOf\":{\"@id\":\"https:\/\/www.ocasionplus.com\/noticias\/nuevo-bmw-x3-2024\/\"},\"author\":{\"name\":\"Cristhian Gonz\u00e1lez\",\"@id\":\"https:\/\/www.ocasionplus.com\/noticias\/#\/schema\/person\/db1203be564cc3ded97ad1dbd8aadc5b\"},\"headline\":\"Nuevo BMW X3: Un SUV con nuevo dise\u00f1o y motores electrificados\",\"datePublished\":\"2024-06-20T09:41:41+00:00\",\"dateModified\":\"2025-03-27T09:51:00+00:00\",\"mainEntityOfPage\":{\"@id\":\"https:\/\/www.ocasionplus.com\/noticias\/nuevo-bmw-x3-2024\/\"},\"wordCount\":870,\"publisher\":{\"@id\":\"https:\/\/www.ocasionplus.com\/noticias\/#organization\"},\"image\":{\"@id\":\"https:\/\/www.ocasionplus.com\/noticias\/nuevo-bmw-x3-2024\/#primaryimage\"},\"thumbnailUrl\":\"https:\/\/www.ocasionplus.com\/wp-content\/uploads\/2024\/06\/BMW-X3-2024.jpg\",\"keywords\":[\"bmw\",\"x3\"],\"articleSection\":[\"\u00daltimas Noticias\"],\"inLanguage\":\"es\",\"copyrightYear\":\"2024\",\"copyrightHolder\":{\"@id\":\"https:\/\/www.ocasionplus.com\/noticias\/#organization\"}},{\"@type\":\"WebPage\",\"@id\":\"https:\/\/www.ocasionplus.com\/noticias\/nuevo-bmw-x3-2024\/\",\"url\":\"https:\/\/www.ocasionplus.com\/noticias\/nuevo-bmw-x3-2024\/\",\"name\":\"Nuevo BMW X3: Un SUV con nuevo dise\u00f1o y motores electrificados - OcasionPlus Blog\",\"isPartOf\":{\"@id\":\"https:\/\/www.ocasionplus.com\/noticias\/#website\"},\"primaryImageOfPage\":{\"@id\":\"https:\/\/www.ocasionplus.com\/noticias\/nuevo-bmw-x3-2024\/#primaryimage\"},\"image\":{\"@id\":\"https:\/\/www.ocasionplus.com\/noticias\/nuevo-bmw-x3-2024\/#primaryimage\"},\"thumbnailUrl\":\"https:\/\/www.ocasionplus.com\/wp-content\/uploads\/2024\/06\/BMW-X3-2024.jpg\",\"datePublished\":\"2024-06-20T09:41:41+00:00\",\"dateModified\":\"2025-03-27T09:51:00+00:00\",\"breadcrumb\":{\"@id\":\"https:\/\/www.ocasionplus.com\/noticias\/nuevo-bmw-x3-2024\/#breadcrumb\"},\"inLanguage\":\"es\",\"potentialAction\":[{\"@type\":\"ReadAction\",\"target\":[\"https:\/\/www.ocasionplus.com\/noticias\/nuevo-bmw-x3-2024\/\"]}]},{\"@type\":\"ImageObject\",\"inLanguage\":\"es\",\"@id\":\"https:\/\/www.ocasionplus.com\/noticias\/nuevo-bmw-x3-2024\/#primaryimage\",\"url\":\"https:\/\/www.ocasionplus.com\/wp-content\/uploads\/2024\/06\/BMW-X3-2024.jpg\",\"contentUrl\":\"https:\/\/www.ocasionplus.com\/wp-content\/uploads\/2024\/06\/BMW-X3-2024.jpg\",\"width\":1280,\"height\":853,\"caption\":\"El BMW X3 2024 presenta un nuevo dise\u00f1o exterior e interior y motores electrificados\"},{\"@type\":\"BreadcrumbList\",\"@id\":\"https:\/\/www.ocasionplus.com\/noticias\/nuevo-bmw-x3-2024\/#breadcrumb\",\"itemListElement\":[{\"@type\":\"ListItem\",\"position\":1,\"name\":\"Portada\",\"item\":\"https:\/\/www.ocasionplus.com\/noticias\/\"},{\"@type\":\"ListItem\",\"position\":2,\"name\":\"Nuevo BMW X3: Un SUV con nuevo dise\u00f1o y motores electrificados\"}]},{\"@type\":\"WebSite\",\"@id\":\"https:\/\/www.ocasionplus.com\/noticias\/#website\",\"url\":\"https:\/\/www.ocasionplus.com\/noticias\/\",\"name\":\"OcasionPlus Blog\",\"description\":\"Veh\u00edculos de ocasi\u00f3n\",\"publisher\":{\"@id\":\"https:\/\/www.ocasionplus.com\/noticias\/#organization\"},\"potentialAction\":[{\"@type\":\"SearchAction\",\"target\":{\"@type\":\"EntryPoint\",\"urlTemplate\":\"https:\/\/www.ocasionplus.com\/noticias\/?s={search_term_string}\"},\"query-input\":{\"@type\":\"PropertyValueSpecification\",\"valueRequired\":true,\"valueName\":\"search_term_string\"}}],\"inLanguage\":\"es\"},{\"@type\":\"Organization\",\"@id\":\"https:\/\/www.ocasionplus.com\/noticias\/#organization\",\"name\":\"OcasionPlus\",\"url\":\"https:\/\/www.ocasionplus.com\/noticias\/\",\"logo\":{\"@type\":\"ImageObject\",\"inLanguage\":\"es\",\"@id\":\"https:\/\/www.ocasionplus.com\/noticias\/#\/schema\/logo\/image\/\",\"url\":\"https:\/\/www.ocasionplus.com\/wp-content\/uploads\/2024\/05\/cropped-cropped-oplus-logo-blog.png\",\"contentUrl\":\"https:\/\/www.ocasionplus.com\/wp-content\/uploads\/2024\/05\/cropped-cropped-oplus-logo-blog.png\",\"width\":360,\"height\":71,\"caption\":\"OcasionPlus\"},\"image\":{\"@id\":\"https:\/\/www.ocasionplus.com\/noticias\/#\/schema\/logo\/image\/\"},\"sameAs\":[\"https:\/\/www.facebook.com\/ocasionplus\",\"https:\/\/x.com\/ocasionplus\",\"https:\/\/www.instagram.com\/ocasion_plus\",\"https:\/\/www.youtube.com\/channel\/UCBiCAto61Lyu27CgI95wrYQ\",\"https:\/\/www.tiktok.com\/@ocasionplus.com\",\"https:\/\/es.linkedin.com\/company\/ocasionplus\"]},{\"@type\":\"Person\",\"@id\":\"https:\/\/www.ocasionplus.com\/noticias\/#\/schema\/person\/db1203be564cc3ded97ad1dbd8aadc5b\",\"name\":\"Cristhian Gonz\u00e1lez\",\"image\":{\"@type\":\"ImageObject\",\"inLanguage\":\"es\",\"@id\":\"https:\/\/www.ocasionplus.com\/noticias\/#\/schema\/person\/image\/\",\"url\":\"https:\/\/secure.gravatar.com\/avatar\/30c0388f0815fd0ab8fb4cfad29866ac?s=96&d=mm&r=g\",\"contentUrl\":\"https:\/\/secure.gravatar.com\/avatar\/30c0388f0815fd0ab8fb4cfad29866ac?s=96&d=mm&r=g\",\"caption\":\"Cristhian Gonz\u00e1lez\"},\"description\":\"Periodista formado en Colombia. Siempre vinculado al deporte y con pasi\u00f3n por los coches. He asistido y cubierto diferentes eventos deportivos para diferentes medios de comunicaci\u00f3n.\"}]}<\/script>\n<!-- \/ Yoast SEO Premium plugin. -->","yoast_head_json":{"title":"Nuevo BMW X3: Un SUV con nuevo dise\u00f1o y motores electrificados - OcasionPlus Blog","robots":{"index":"index","follow":"follow","max-snippet":"max-snippet:-1","max-image-preview":"max-image-preview:large","max-video-preview":"max-video-preview:-1"},"canonical":"https:\/\/www.ocasionplus.com\/noticias\/nuevo-bmw-x3-2024\/","og_locale":"es_ES","og_type":"article","og_title":"Nuevo BMW X3: Un SUV con nuevo dise\u00f1o y motores electrificados","og_description":"Esta semana la marca alemana present\u00f3 el nuevo BMW X3, un SUV del segmento D que lidera la categor\u00eda, enfrent\u00e1ndose a modelos reconocidos como el Audi Q5 y el Mercedes GLC. El nuevo BMW X3 se desarrolla sobre la misma plataforma que la versi\u00f3n anterior, pero con la presentaci\u00f3n de motores electrificados, nuevo dise\u00f1o exterior...","og_url":"https:\/\/www.ocasionplus.com\/noticias\/nuevo-bmw-x3-2024\/","og_site_name":"OcasionPlus Blog","article_publisher":"https:\/\/www.facebook.com\/ocasionplus","article_published_time":"2024-06-20T09:41:41+00:00","article_modified_time":"2025-03-27T09:51:00+00:00","og_image":[{"width":1280,"height":853,"url":"https:\/\/www.ocasionplus.com\/wp-content\/uploads\/2024\/06\/BMW-X3-2024.jpg","type":"image\/jpeg"}],"author":"Cristhian Gonz\u00e1lez","twitter_card":"summary_large_image","twitter_creator":"@ocasionplus","twitter_site":"@ocasionplus","twitter_misc":{"Escrito por":"Cristhian Gonz\u00e1lez","Tiempo de lectura":"4 minutos"},"schema":{"@context":"https:\/\/schema.org","@graph":[{"@type":"Article","@id":"https:\/\/www.ocasionplus.com\/noticias\/nuevo-bmw-x3-2024\/#article","isPartOf":{"@id":"https:\/\/www.ocasionplus.com\/noticias\/nuevo-bmw-x3-2024\/"},"author":{"name":"Cristhian Gonz\u00e1lez","@id":"https:\/\/www.ocasionplus.com\/noticias\/#\/schema\/person\/db1203be564cc3ded97ad1dbd8aadc5b"},"headline":"Nuevo BMW X3: Un SUV con nuevo dise\u00f1o y motores electrificados","datePublished":"2024-06-20T09:41:41+00:00","dateModified":"2025-03-27T09:51:00+00:00","mainEntityOfPage":{"@id":"https:\/\/www.ocasionplus.com\/noticias\/nuevo-bmw-x3-2024\/"},"wordCount":870,"publisher":{"@id":"https:\/\/www.ocasionplus.com\/noticias\/#organization"},"image":{"@id":"https:\/\/www.ocasionplus.com\/noticias\/nuevo-bmw-x3-2024\/#primaryimage"},"thumbnailUrl":"https:\/\/www.ocasionplus.com\/wp-content\/uploads\/2024\/06\/BMW-X3-2024.jpg","keywords":["bmw","x3"],"articleSection":["\u00daltimas Noticias"],"inLanguage":"es","copyrightYear":"2024","copyrightHolder":{"@id":"https:\/\/www.ocasionplus.com\/noticias\/#organization"}},{"@type":"WebPage","@id":"https:\/\/www.ocasionplus.com\/noticias\/nuevo-bmw-x3-2024\/","url":"https:\/\/www.ocasionplus.com\/noticias\/nuevo-bmw-x3-2024\/","name":"Nuevo BMW X3: Un SUV con nuevo dise\u00f1o y motores electrificados - OcasionPlus Blog","isPartOf":{"@id":"https:\/\/www.ocasionplus.com\/noticias\/#website"},"primaryImageOfPage":{"@id":"https:\/\/www.ocasionplus.com\/noticias\/nuevo-bmw-x3-2024\/#primaryimage"},"image":{"@id":"https:\/\/www.ocasionplus.com\/noticias\/nuevo-bmw-x3-2024\/#primaryimage"},"thumbnailUrl":"https:\/\/www.ocasionplus.com\/wp-content\/uploads\/2024\/06\/BMW-X3-2024.jpg","datePublished":"2024-06-20T09:41:41+00:00","dateModified":"2025-03-27T09:51:00+00:00","breadcrumb":{"@id":"https:\/\/www.ocasionplus.com\/noticias\/nuevo-bmw-x3-2024\/#breadcrumb"},"inLanguage":"es","potentialAction":[{"@type":"ReadAction","target":["https:\/\/www.ocasionplus.com\/noticias\/nuevo-bmw-x3-2024\/"]}]},{"@type":"ImageObject","inLanguage":"es","@id":"https:\/\/www.ocasionplus.com\/noticias\/nuevo-bmw-x3-2024\/#primaryimage","url":"https:\/\/www.ocasionplus.com\/wp-content\/uploads\/2024\/06\/BMW-X3-2024.jpg","contentUrl":"https:\/\/www.ocasionplus.com\/wp-content\/uploads\/2024\/06\/BMW-X3-2024.jpg","width":1280,"height":853,"caption":"El BMW X3 2024 presenta un nuevo dise\u00f1o exterior e interior y motores electrificados"},{"@type":"BreadcrumbList","@id":"https:\/\/www.ocasionplus.com\/noticias\/nuevo-bmw-x3-2024\/#breadcrumb","itemListElement":[{"@type":"ListItem","position":1,"name":"Portada","item":"https:\/\/www.ocasionplus.com\/noticias\/"},{"@type":"ListItem","position":2,"name":"Nuevo BMW X3: Un SUV con nuevo dise\u00f1o y motores electrificados"}]},{"@type":"WebSite","@id":"https:\/\/www.ocasionplus.com\/noticias\/#website","url":"https:\/\/www.ocasionplus.com\/noticias\/","name":"OcasionPlus Blog","description":"Veh\u00edculos de ocasi\u00f3n","publisher":{"@id":"https:\/\/www.ocasionplus.com\/noticias\/#organization"},"potentialAction":[{"@type":"SearchAction","target":{"@type":"EntryPoint","urlTemplate":"https:\/\/www.ocasionplus.com\/noticias\/?s={search_term_string}"},"query-input":{"@type":"PropertyValueSpecification","valueRequired":true,"valueName":"search_term_string"}}],"inLanguage":"es"},{"@type":"Organization","@id":"https:\/\/www.ocasionplus.com\/noticias\/#organization","name":"OcasionPlus","url":"https:\/\/www.ocasionplus.com\/noticias\/","logo":{"@type":"ImageObject","inLanguage":"es","@id":"https:\/\/www.ocasionplus.com\/noticias\/#\/schema\/logo\/image\/","url":"https:\/\/www.ocasionplus.com\/wp-content\/uploads\/2024\/05\/cropped-cropped-oplus-logo-blog.png","contentUrl":"https:\/\/www.ocasionplus.com\/wp-content\/uploads\/2024\/05\/cropped-cropped-oplus-logo-blog.png","width":360,"height":71,"caption":"OcasionPlus"},"image":{"@id":"https:\/\/www.ocasionplus.com\/noticias\/#\/schema\/logo\/image\/"},"sameAs":["https:\/\/www.facebook.com\/ocasionplus","https:\/\/x.com\/ocasionplus","https:\/\/www.instagram.com\/ocasion_plus","https:\/\/www.youtube.com\/channel\/UCBiCAto61Lyu27CgI95wrYQ","https:\/\/www.tiktok.com\/@ocasionplus.com","https:\/\/es.linkedin.com\/company\/ocasionplus"]},{"@type":"Person","@id":"https:\/\/www.ocasionplus.com\/noticias\/#\/schema\/person\/db1203be564cc3ded97ad1dbd8aadc5b","name":"Cristhian Gonz\u00e1lez","image":{"@type":"ImageObject","inLanguage":"es","@id":"https:\/\/www.ocasionplus.com\/noticias\/#\/schema\/person\/image\/","url":"https:\/\/secure.gravatar.com\/avatar\/30c0388f0815fd0ab8fb4cfad29866ac?s=96&d=mm&r=g","contentUrl":"https:\/\/secure.gravatar.com\/avatar\/30c0388f0815fd0ab8fb4cfad29866ac?s=96&d=mm&r=g","caption":"Cristhian Gonz\u00e1lez"},"description":"Periodista formado en Colombia. Siempre vinculado al deporte y con pasi\u00f3n por los coches. He asistido y cubierto diferentes eventos deportivos para diferentes medios de comunicaci\u00f3n."}]}},"jetpack_featured_media_url":"https:\/\/www.ocasionplus.com\/wp-content\/uploads\/2024\/06\/BMW-X3-2024.jpg","_links":{"self":[{"href":"https:\/\/www.ocasionplus.com\/noticias\/wp-json\/wp\/v2\/posts\/11974","targetHints":{"allow":["GET"]}}],"collection":[{"href":"https:\/\/www.ocasionplus.com\/noticias\/wp-json\/wp\/v2\/posts"}],"about":[{"href":"https:\/\/www.ocasionplus.com\/noticias\/wp-json\/wp\/v2\/types\/post"}],"author":[{"embeddable":true,"href":"https:\/\/www.ocasionplus.com\/noticias\/wp-json\/wp\/v2\/users\/3"}],"replies":[{"embeddable":true,"href":"https:\/\/www.ocasionplus.com\/noticias\/wp-json\/wp\/v2\/comments?post=11974"}],"version-history":[{"count":1,"href":"https:\/\/www.ocasionplus.com\/noticias\/wp-json\/wp\/v2\/posts\/11974\/revisions"}],"predecessor-version":[{"id":12926,"href":"https:\/\/www.ocasionplus.com\/noticias\/wp-json\/wp\/v2\/posts\/11974\/revisions\/12926"}],"wp:featuredmedia":[{"embeddable":true,"href":"https:\/\/www.ocasionplus.com\/noticias\/wp-json\/wp\/v2\/media\/11977"}],"wp:attachment":[{"href":"https:\/\/www.ocasionplus.com\/noticias\/wp-json\/wp\/v2\/media?parent=11974"}],"wp:term":[{"taxonomy":"category","embeddable":true,"href":"https:\/\/www.ocasionplus.com\/noticias\/wp-json\/wp\/v2\/categories?post=11974"},{"taxonomy":"post_tag","embeddable":true,"href":"https:\/\/www.ocasionplus.com\/noticias\/wp-json\/wp\/v2\/tags?post=11974"}],"curies":[{"name":"wp","href":"https:\/\/api.w.org\/{rel}","templated":true}]}}