{"id":12071,"date":"2024-06-24T17:52:16","date_gmt":"2024-06-24T15:52:16","guid":{"rendered":"https:\/\/blog.ocasionplus.com\/?p=12071"},"modified":"2025-03-27T10:49:33","modified_gmt":"2025-03-27T09:49:33","slug":"nuevo-bmw-serie-1-2024","status":"publish","type":"post","link":"https:\/\/www.ocasionplus.com\/noticias\/nuevo-bmw-serie-1-2024\/","title":{"rendered":"Nuevo BMW Serie 1 2024: un compacto con nuevo dise\u00f1o, m\u00e1s motores y pantalla curva"},"content":{"rendered":"\n<p>La marca germana present\u00f3 <strong>la cuarta generaci\u00f3n del BMW Serie 1 2024<\/strong>, un modelo que hereda la plataforma y los motores de la generaci\u00f3n anterior (la tercera), pero con cambios en su dise\u00f1o exterior, en su interior, con la presentaci\u00f3n de la doble pantalla curva y con variantes en la motorizaci\u00f3n.&nbsp;<\/p>\n\n\n\n<p><strong>En 2004 se present\u00f3 el primer BMW serie 1<\/strong>, un compacto que heredaba detalles del BMW Serie 3 Compact. Actualmente, se ofrecer\u00e1 la cuarta generaci\u00f3n, un veh\u00edculo que ha captado la atenci\u00f3n de diferentes conductores, gracias a que en sus inicios fue un veh\u00edculo con tracci\u00f3n delantera y de tres puertas.<\/p>\n\n\n\n<h2 class=\"wp-block-heading\">Nuevo BMW Serie 1 2024<\/h2>\n\n\n\n<figure class=\"wp-block-image size-large\"><img loading=\"lazy\" decoding=\"async\" width=\"1024\" height=\"739\" src=\"https:\/\/127.0.0.1\/wp-content\/uploads\/2024\/06\/BMW-Serie-1-exterior-1024x739.jpg\" alt=\"BMW Serie 1 de color blanco en la carretera\" class=\"wp-image-12074\" srcset=\"https:\/\/www.ocasionplus.com\/wp-content\/uploads\/2024\/06\/BMW-Serie-1-exterior-1024x739.jpg 1024w, https:\/\/www.ocasionplus.com\/wp-content\/uploads\/2024\/06\/BMW-Serie-1-exterior-300x217.jpg 300w, https:\/\/www.ocasionplus.com\/wp-content\/uploads\/2024\/06\/BMW-Serie-1-exterior-255x184.jpg 255w, https:\/\/www.ocasionplus.com\/wp-content\/uploads\/2024\/06\/BMW-Serie-1-exterior-510x368.jpg 510w, https:\/\/www.ocasionplus.com\/wp-content\/uploads\/2024\/06\/BMW-Serie-1-exterior-280x202.jpg 280w, https:\/\/www.ocasionplus.com\/wp-content\/uploads\/2024\/06\/BMW-Serie-1-exterior-560x404.jpg 560w, https:\/\/www.ocasionplus.com\/wp-content\/uploads\/2024\/06\/BMW-Serie-1-exterior-350x253.jpg 350w, https:\/\/www.ocasionplus.com\/wp-content\/uploads\/2024\/06\/BMW-Serie-1-exterior-700x505.jpg 700w, https:\/\/www.ocasionplus.com\/wp-content\/uploads\/2024\/06\/BMW-Serie-1-exterior-398x287.jpg 398w, https:\/\/www.ocasionplus.com\/wp-content\/uploads\/2024\/06\/BMW-Serie-1-exterior-796x575.jpg 796w, https:\/\/www.ocasionplus.com\/wp-content\/uploads\/2024\/06\/BMW-Serie-1-exterior-600x433.jpg 600w, https:\/\/www.ocasionplus.com\/wp-content\/uploads\/2024\/06\/BMW-Serie-1-exterior-266x192.jpg 266w, https:\/\/www.ocasionplus.com\/wp-content\/uploads\/2024\/06\/BMW-Serie-1-exterior.jpg 1280w\" sizes=\"auto, (max-width: 1024px) 100vw, 1024px\" \/><figcaption class=\"wp-element-caption\">El BMW Serie 1 2024 presenta un dise\u00f1o m\u00e1s moderno y deportivo<\/figcaption><\/figure>\n\n\n\n<p>El nuevo BMW Serie 1 2024 presenta una carrocer\u00eda con las mismas dimensiones que la generaci\u00f3n anterior con una longitud de 4,36 metros, 1,8 metros de ancho y 1,46 de alto. , pero renovada. El frontal presenta la nueva l\u00ednea de la marca BMW, con una parrilla ancha de dos ri\u00f1ones, contornos planos y una estructura de barras verticales y diagonales. Los faros LED presentan una nueva firma lum\u00ednica, de dos tiras. <strong>Las versiones M tendr\u00e1n parachoques y entradas de aire diferenciadas.<\/strong>&nbsp;<\/p>\n\n\n\n<p>En el lateral, se encuentran detalles del Serie 3, como las l\u00edneas semimarcadas que recorren desde la parte inferior hasta la altura del paso de rueda trasero y con una bajada en el techo para las plazas traseras.&nbsp;<\/p>\n\n\n\n<p><strong>La zaga&nbsp;presenta unos pilotos traseros que se extienden hacia los laterales<\/strong>, con reflectores verticales en el fald\u00f3n y escapes invisibles, menos para la versi\u00f3n M135 xDrive con dos salidas doble. Seg\u00fan la versi\u00f3n, el techo puede ser color contrastado.&nbsp;<\/p>\n\n\n\n<h2 class=\"wp-block-heading\">Interior del Serie 1 2024<\/h2>\n\n\n\n<figure class=\"wp-block-image size-large\"><img loading=\"lazy\" decoding=\"async\" width=\"1024\" height=\"651\" src=\"https:\/\/127.0.0.1\/wp-content\/uploads\/2024\/06\/BMW-Serie-1-interior-1024x651.jpg\" alt=\"BMW Serie 1 -interior\" class=\"wp-image-12073\" srcset=\"https:\/\/www.ocasionplus.com\/wp-content\/uploads\/2024\/06\/BMW-Serie-1-interior-1024x651.jpg 1024w, https:\/\/www.ocasionplus.com\/wp-content\/uploads\/2024\/06\/BMW-Serie-1-interior-300x191.jpg 300w, https:\/\/www.ocasionplus.com\/wp-content\/uploads\/2024\/06\/BMW-Serie-1-interior-255x162.jpg 255w, https:\/\/www.ocasionplus.com\/wp-content\/uploads\/2024\/06\/BMW-Serie-1-interior-510x324.jpg 510w, https:\/\/www.ocasionplus.com\/wp-content\/uploads\/2024\/06\/BMW-Serie-1-interior-280x178.jpg 280w, https:\/\/www.ocasionplus.com\/wp-content\/uploads\/2024\/06\/BMW-Serie-1-interior-560x356.jpg 560w, https:\/\/www.ocasionplus.com\/wp-content\/uploads\/2024\/06\/BMW-Serie-1-interior-350x223.jpg 350w, https:\/\/www.ocasionplus.com\/wp-content\/uploads\/2024\/06\/BMW-Serie-1-interior-700x445.jpg 700w, https:\/\/www.ocasionplus.com\/wp-content\/uploads\/2024\/06\/BMW-Serie-1-interior-398x253.jpg 398w, https:\/\/www.ocasionplus.com\/wp-content\/uploads\/2024\/06\/BMW-Serie-1-interior-796x506.jpg 796w, https:\/\/www.ocasionplus.com\/wp-content\/uploads\/2024\/06\/BMW-Serie-1-interior.jpg 1280w\" sizes=\"auto, (max-width: 1024px) 100vw, 1024px\" \/><figcaption class=\"wp-element-caption\">El nuevo BMW Serie 1 2024 equipa la doble pantalla curva<\/figcaption><\/figure>\n\n\n\n<p>El dise\u00f1o del salpicadero del <strong>BMW Serie 1 2024 presenta una doble pantalla curva<\/strong>, con una pantalla para el cuadro de instrumentos de 10,2 pulgadas, que se puede personalizar seg\u00fan el modo de conducci\u00f3n, y una pantalla para el sistema de infoentretenimiento de 10,7 pulgadas.&nbsp;<\/p>\n\n\n\n<p>Presenta el sistema iDrive, con una palanca de cambios reducida y sin botones f\u00edsicos, trasladando las funciones a la pantalla central. El volante deportivo incluye levas para el cambio y seg\u00fan la versi\u00f3n equipa el head-up display.&nbsp;<\/p>\n\n\n\n<p>Los <strong>asientos est\u00e1n tapizados en un material llamado Econeer<\/strong>, hecho de pl\u00e1stico reciclado y en tonos bicolores. De serie, est\u00e1n equipados con calefacci\u00f3n, regulaci\u00f3n el\u00e9ctrica, ventilaci\u00f3n y masaje. Adem\u00e1s, de incorporar airbags centrales entre los asientos, para evitar que el conductor y el acompa\u00f1ante se golpeen entre s\u00ed en caso de accidente.&nbsp;<\/p>\n\n\n\n<h2 class=\"wp-block-heading\">Motorizaci\u00f3n del Serie 1 2024<\/h2>\n\n\n\n<p><strong>La motorizaci\u00f3n del BMW Serie 1 equipa motores di\u00e9sel y de gasolina<\/strong>. Comienza con el 120, un motor de 1.5 litros con 156 CV y un sistema de hibridaci\u00f3n ligera de 48 voltios. M\u00e1s adelante llegar\u00e1 una versi\u00f3n 116, de acceso al modelo, con 122 CV.&nbsp;<\/p>\n\n\n\n<p>El motor m\u00e1s potente es el M135i&nbsp; xDrive, un bloque de gasolina de 4 cilindros de dos litros con 300 CV. En la gama di\u00e9sel, se encuentran el 118d y el 120d con 150 CV y 163 CV, respectivamente. Todos los motores se encuentran asociados a una caja de cambios Steptronic de 7 velocidades con doble embrague.<\/p>\n\n\n\n<h2 class=\"wp-block-heading\">Encuentra el BMW Serie 1 de segunda mano<\/h2>\n\n\n\n<p>Si est\u00e1s interesado en comprar un <a href=\"https:\/\/www.ocasionplus.com\/coches-ocasion\/bmw\"><span style=\"text-decoration: underline;\"><mark style=\"background-color:rgba(0, 0, 0, 0);color:#189bd7\" class=\"has-inline-color\">BMW de segunda mano<\/mark><\/span><\/a>, en OcasionPlus encontrar\u00e1s una amplia oferta de los modelos alemanes, como el <a href=\"https:\/\/www.ocasionplus.com\/coches-ocasion\/bmw\/serie-1\"><span style=\"text-decoration: underline;\"><mark style=\"background-color:rgba(0, 0, 0, 0);color:#189bd7\" class=\"has-inline-color\">BMW Serie 1 de segunda mano<\/mark><\/span><\/a> o el <a href=\"https:\/\/www.ocasionplus.com\/coches-ocasion\/bmw\/serie-3\"><span style=\"text-decoration: underline;\"><mark style=\"background-color:rgba(0, 0, 0, 0);color:#189bd7\" class=\"has-inline-color\">BMW Serie 3 de segunda mano<\/mark><\/span><\/a>, dos de los modelos m\u00e1s vendidos por la marca germana.\u00a0<\/p>\n\n\n\n<p>Adem\u00e1s, en los m\u00e1s de 90 centros de OcasionPlus encontrar\u00e1s una oferta de m\u00e1s de 8.000 <a href=\"https:\/\/www.ocasionplus.com\/coches-ocasion\"><span style=\"text-decoration: underline;\"><mark style=\"background-color:rgba(0, 0, 0, 0);color:#189bd7\" class=\"has-inline-color\">coches de segunda mano<\/mark><\/span><\/a> con la m\u00e1xima calidad y el mejor precio del mercado. No esperes m\u00e1s y visita alguno de los concesionarios de OcasionPlus.<\/p>\n","protected":false},"excerpt":{"rendered":"<p>La marca germana present\u00f3 la cuarta generaci\u00f3n del BMW Serie 1 2024, un modelo que hereda la plataforma y los motores de la generaci\u00f3n anterior (la tercera), pero con cambios en su dise\u00f1o exterior, en su interior, con la presentaci\u00f3n de la doble pantalla curva y con variantes en la motorizaci\u00f3n.&nbsp; En 2004 se present\u00f3&#8230;<\/p>\n","protected":false},"author":3,"featured_media":12072,"comment_status":"closed","ping_status":"closed","sticky":false,"template":"","format":"standard","meta":{"footnotes":""},"categories":[2],"tags":[371,451],"class_list":["post-12071","post","type-post","status-publish","format-standard","has-post-thumbnail","hentry","category-ultimas-noticias","tag-bmw","tag-serie-1"],"yoast_head":"<!-- This site is optimized with the Yoast SEO Premium plugin v24.8 (Yoast SEO v24.8.1) - https:\/\/yoast.com\/wordpress\/plugins\/seo\/ -->\n<title>Nuevo BMW Serie 1 2024: un compacto con nuevo dise\u00f1o, m\u00e1s motores y pantalla curva - OcasionPlus Blog<\/title>\n<meta name=\"robots\" content=\"index, follow, max-snippet:-1, max-image-preview:large, max-video-preview:-1\" \/>\n<link rel=\"canonical\" href=\"https:\/\/www.ocasionplus.com\/noticias\/nuevo-bmw-serie-1-2024\/\" \/>\n<meta property=\"og:locale\" content=\"es_ES\" \/>\n<meta property=\"og:type\" content=\"article\" \/>\n<meta property=\"og:title\" content=\"Nuevo BMW Serie 1 2024: un compacto con nuevo dise\u00f1o, m\u00e1s motores y pantalla curva\" \/>\n<meta property=\"og:description\" content=\"La marca germana present\u00f3 la cuarta generaci\u00f3n del BMW Serie 1 2024, un modelo que hereda la plataforma y los motores de la generaci\u00f3n anterior (la tercera), pero con cambios en su dise\u00f1o exterior, en su interior, con la presentaci\u00f3n de la doble pantalla curva y con variantes en la motorizaci\u00f3n.&nbsp; En 2004 se present\u00f3...\" \/>\n<meta property=\"og:url\" content=\"https:\/\/www.ocasionplus.com\/noticias\/nuevo-bmw-serie-1-2024\/\" \/>\n<meta property=\"og:site_name\" content=\"OcasionPlus Blog\" \/>\n<meta property=\"article:publisher\" content=\"https:\/\/www.facebook.com\/ocasionplus\" \/>\n<meta property=\"article:published_time\" content=\"2024-06-24T15:52:16+00:00\" \/>\n<meta property=\"article:modified_time\" content=\"2025-03-27T09:49:33+00:00\" \/>\n<meta property=\"og:image\" content=\"https:\/\/www.ocasionplus.com\/wp-content\/uploads\/2024\/06\/BMW-Serie-1.jpg\" \/>\n\t<meta property=\"og:image:width\" content=\"1280\" \/>\n\t<meta property=\"og:image:height\" content=\"854\" \/>\n\t<meta property=\"og:image:type\" content=\"image\/jpeg\" \/>\n<meta name=\"author\" content=\"Cristhian Gonz\u00e1lez\" \/>\n<meta name=\"twitter:card\" content=\"summary_large_image\" \/>\n<meta name=\"twitter:creator\" content=\"@ocasionplus\" \/>\n<meta name=\"twitter:site\" content=\"@ocasionplus\" \/>\n<meta name=\"twitter:label1\" content=\"Escrito por\" \/>\n\t<meta name=\"twitter:data1\" content=\"Cristhian Gonz\u00e1lez\" \/>\n\t<meta name=\"twitter:label2\" content=\"Tiempo de lectura\" \/>\n\t<meta name=\"twitter:data2\" content=\"3 minutos\" \/>\n<script type=\"application\/ld+json\" class=\"yoast-schema-graph\">{\"@context\":\"https:\/\/schema.org\",\"@graph\":[{\"@type\":\"Article\",\"@id\":\"https:\/\/www.ocasionplus.com\/noticias\/nuevo-bmw-serie-1-2024\/#article\",\"isPartOf\":{\"@id\":\"https:\/\/www.ocasionplus.com\/noticias\/nuevo-bmw-serie-1-2024\/\"},\"author\":{\"name\":\"Cristhian Gonz\u00e1lez\",\"@id\":\"https:\/\/www.ocasionplus.com\/noticias\/#\/schema\/person\/db1203be564cc3ded97ad1dbd8aadc5b\"},\"headline\":\"Nuevo BMW Serie 1 2024: un compacto con nuevo dise\u00f1o, m\u00e1s motores y pantalla curva\",\"datePublished\":\"2024-06-24T15:52:16+00:00\",\"dateModified\":\"2025-03-27T09:49:33+00:00\",\"mainEntityOfPage\":{\"@id\":\"https:\/\/www.ocasionplus.com\/noticias\/nuevo-bmw-serie-1-2024\/\"},\"wordCount\":670,\"publisher\":{\"@id\":\"https:\/\/www.ocasionplus.com\/noticias\/#organization\"},\"image\":{\"@id\":\"https:\/\/www.ocasionplus.com\/noticias\/nuevo-bmw-serie-1-2024\/#primaryimage\"},\"thumbnailUrl\":\"https:\/\/www.ocasionplus.com\/wp-content\/uploads\/2024\/06\/BMW-Serie-1.jpg\",\"keywords\":[\"bmw\",\"serie 1\"],\"articleSection\":[\"\u00daltimas Noticias\"],\"inLanguage\":\"es\",\"copyrightYear\":\"2024\",\"copyrightHolder\":{\"@id\":\"https:\/\/www.ocasionplus.com\/noticias\/#organization\"}},{\"@type\":\"WebPage\",\"@id\":\"https:\/\/www.ocasionplus.com\/noticias\/nuevo-bmw-serie-1-2024\/\",\"url\":\"https:\/\/www.ocasionplus.com\/noticias\/nuevo-bmw-serie-1-2024\/\",\"name\":\"Nuevo BMW Serie 1 2024: un compacto con nuevo dise\u00f1o, m\u00e1s motores y pantalla curva - OcasionPlus Blog\",\"isPartOf\":{\"@id\":\"https:\/\/www.ocasionplus.com\/noticias\/#website\"},\"primaryImageOfPage\":{\"@id\":\"https:\/\/www.ocasionplus.com\/noticias\/nuevo-bmw-serie-1-2024\/#primaryimage\"},\"image\":{\"@id\":\"https:\/\/www.ocasionplus.com\/noticias\/nuevo-bmw-serie-1-2024\/#primaryimage\"},\"thumbnailUrl\":\"https:\/\/www.ocasionplus.com\/wp-content\/uploads\/2024\/06\/BMW-Serie-1.jpg\",\"datePublished\":\"2024-06-24T15:52:16+00:00\",\"dateModified\":\"2025-03-27T09:49:33+00:00\",\"breadcrumb\":{\"@id\":\"https:\/\/www.ocasionplus.com\/noticias\/nuevo-bmw-serie-1-2024\/#breadcrumb\"},\"inLanguage\":\"es\",\"potentialAction\":[{\"@type\":\"ReadAction\",\"target\":[\"https:\/\/www.ocasionplus.com\/noticias\/nuevo-bmw-serie-1-2024\/\"]}]},{\"@type\":\"ImageObject\",\"inLanguage\":\"es\",\"@id\":\"https:\/\/www.ocasionplus.com\/noticias\/nuevo-bmw-serie-1-2024\/#primaryimage\",\"url\":\"https:\/\/www.ocasionplus.com\/wp-content\/uploads\/2024\/06\/BMW-Serie-1.jpg\",\"contentUrl\":\"https:\/\/www.ocasionplus.com\/wp-content\/uploads\/2024\/06\/BMW-Serie-1.jpg\",\"width\":1280,\"height\":854,\"caption\":\"El BMW Serie 1 2024 no se encuentra disponible con cambio manual\"},{\"@type\":\"BreadcrumbList\",\"@id\":\"https:\/\/www.ocasionplus.com\/noticias\/nuevo-bmw-serie-1-2024\/#breadcrumb\",\"itemListElement\":[{\"@type\":\"ListItem\",\"position\":1,\"name\":\"Portada\",\"item\":\"https:\/\/www.ocasionplus.com\/noticias\/\"},{\"@type\":\"ListItem\",\"position\":2,\"name\":\"Nuevo BMW Serie 1 2024: un compacto con nuevo dise\u00f1o, m\u00e1s motores y pantalla curva\"}]},{\"@type\":\"WebSite\",\"@id\":\"https:\/\/www.ocasionplus.com\/noticias\/#website\",\"url\":\"https:\/\/www.ocasionplus.com\/noticias\/\",\"name\":\"OcasionPlus Blog\",\"description\":\"Veh\u00edculos de ocasi\u00f3n\",\"publisher\":{\"@id\":\"https:\/\/www.ocasionplus.com\/noticias\/#organization\"},\"potentialAction\":[{\"@type\":\"SearchAction\",\"target\":{\"@type\":\"EntryPoint\",\"urlTemplate\":\"https:\/\/www.ocasionplus.com\/noticias\/?s={search_term_string}\"},\"query-input\":{\"@type\":\"PropertyValueSpecification\",\"valueRequired\":true,\"valueName\":\"search_term_string\"}}],\"inLanguage\":\"es\"},{\"@type\":\"Organization\",\"@id\":\"https:\/\/www.ocasionplus.com\/noticias\/#organization\",\"name\":\"OcasionPlus\",\"url\":\"https:\/\/www.ocasionplus.com\/noticias\/\",\"logo\":{\"@type\":\"ImageObject\",\"inLanguage\":\"es\",\"@id\":\"https:\/\/www.ocasionplus.com\/noticias\/#\/schema\/logo\/image\/\",\"url\":\"https:\/\/www.ocasionplus.com\/wp-content\/uploads\/2024\/05\/cropped-cropped-oplus-logo-blog.png\",\"contentUrl\":\"https:\/\/www.ocasionplus.com\/wp-content\/uploads\/2024\/05\/cropped-cropped-oplus-logo-blog.png\",\"width\":360,\"height\":71,\"caption\":\"OcasionPlus\"},\"image\":{\"@id\":\"https:\/\/www.ocasionplus.com\/noticias\/#\/schema\/logo\/image\/\"},\"sameAs\":[\"https:\/\/www.facebook.com\/ocasionplus\",\"https:\/\/x.com\/ocasionplus\",\"https:\/\/www.instagram.com\/ocasion_plus\",\"https:\/\/www.youtube.com\/channel\/UCBiCAto61Lyu27CgI95wrYQ\",\"https:\/\/www.tiktok.com\/@ocasionplus.com\",\"https:\/\/es.linkedin.com\/company\/ocasionplus\"]},{\"@type\":\"Person\",\"@id\":\"https:\/\/www.ocasionplus.com\/noticias\/#\/schema\/person\/db1203be564cc3ded97ad1dbd8aadc5b\",\"name\":\"Cristhian Gonz\u00e1lez\",\"image\":{\"@type\":\"ImageObject\",\"inLanguage\":\"es\",\"@id\":\"https:\/\/www.ocasionplus.com\/noticias\/#\/schema\/person\/image\/\",\"url\":\"https:\/\/secure.gravatar.com\/avatar\/30c0388f0815fd0ab8fb4cfad29866ac?s=96&d=mm&r=g\",\"contentUrl\":\"https:\/\/secure.gravatar.com\/avatar\/30c0388f0815fd0ab8fb4cfad29866ac?s=96&d=mm&r=g\",\"caption\":\"Cristhian Gonz\u00e1lez\"},\"description\":\"Periodista formado en Colombia. Siempre vinculado al deporte y con pasi\u00f3n por los coches. He asistido y cubierto diferentes eventos deportivos para diferentes medios de comunicaci\u00f3n.\"}]}<\/script>\n<!-- \/ Yoast SEO Premium plugin. -->","yoast_head_json":{"title":"Nuevo BMW Serie 1 2024: un compacto con nuevo dise\u00f1o, m\u00e1s motores y pantalla curva - OcasionPlus Blog","robots":{"index":"index","follow":"follow","max-snippet":"max-snippet:-1","max-image-preview":"max-image-preview:large","max-video-preview":"max-video-preview:-1"},"canonical":"https:\/\/www.ocasionplus.com\/noticias\/nuevo-bmw-serie-1-2024\/","og_locale":"es_ES","og_type":"article","og_title":"Nuevo BMW Serie 1 2024: un compacto con nuevo dise\u00f1o, m\u00e1s motores y pantalla curva","og_description":"La marca germana present\u00f3 la cuarta generaci\u00f3n del BMW Serie 1 2024, un modelo que hereda la plataforma y los motores de la generaci\u00f3n anterior (la tercera), pero con cambios en su dise\u00f1o exterior, en su interior, con la presentaci\u00f3n de la doble pantalla curva y con variantes en la motorizaci\u00f3n.&nbsp; En 2004 se present\u00f3...","og_url":"https:\/\/www.ocasionplus.com\/noticias\/nuevo-bmw-serie-1-2024\/","og_site_name":"OcasionPlus Blog","article_publisher":"https:\/\/www.facebook.com\/ocasionplus","article_published_time":"2024-06-24T15:52:16+00:00","article_modified_time":"2025-03-27T09:49:33+00:00","og_image":[{"width":1280,"height":854,"url":"https:\/\/www.ocasionplus.com\/wp-content\/uploads\/2024\/06\/BMW-Serie-1.jpg","type":"image\/jpeg"}],"author":"Cristhian Gonz\u00e1lez","twitter_card":"summary_large_image","twitter_creator":"@ocasionplus","twitter_site":"@ocasionplus","twitter_misc":{"Escrito por":"Cristhian Gonz\u00e1lez","Tiempo de lectura":"3 minutos"},"schema":{"@context":"https:\/\/schema.org","@graph":[{"@type":"Article","@id":"https:\/\/www.ocasionplus.com\/noticias\/nuevo-bmw-serie-1-2024\/#article","isPartOf":{"@id":"https:\/\/www.ocasionplus.com\/noticias\/nuevo-bmw-serie-1-2024\/"},"author":{"name":"Cristhian Gonz\u00e1lez","@id":"https:\/\/www.ocasionplus.com\/noticias\/#\/schema\/person\/db1203be564cc3ded97ad1dbd8aadc5b"},"headline":"Nuevo BMW Serie 1 2024: un compacto con nuevo dise\u00f1o, m\u00e1s motores y pantalla curva","datePublished":"2024-06-24T15:52:16+00:00","dateModified":"2025-03-27T09:49:33+00:00","mainEntityOfPage":{"@id":"https:\/\/www.ocasionplus.com\/noticias\/nuevo-bmw-serie-1-2024\/"},"wordCount":670,"publisher":{"@id":"https:\/\/www.ocasionplus.com\/noticias\/#organization"},"image":{"@id":"https:\/\/www.ocasionplus.com\/noticias\/nuevo-bmw-serie-1-2024\/#primaryimage"},"thumbnailUrl":"https:\/\/www.ocasionplus.com\/wp-content\/uploads\/2024\/06\/BMW-Serie-1.jpg","keywords":["bmw","serie 1"],"articleSection":["\u00daltimas Noticias"],"inLanguage":"es","copyrightYear":"2024","copyrightHolder":{"@id":"https:\/\/www.ocasionplus.com\/noticias\/#organization"}},{"@type":"WebPage","@id":"https:\/\/www.ocasionplus.com\/noticias\/nuevo-bmw-serie-1-2024\/","url":"https:\/\/www.ocasionplus.com\/noticias\/nuevo-bmw-serie-1-2024\/","name":"Nuevo BMW Serie 1 2024: un compacto con nuevo dise\u00f1o, m\u00e1s motores y pantalla curva - OcasionPlus Blog","isPartOf":{"@id":"https:\/\/www.ocasionplus.com\/noticias\/#website"},"primaryImageOfPage":{"@id":"https:\/\/www.ocasionplus.com\/noticias\/nuevo-bmw-serie-1-2024\/#primaryimage"},"image":{"@id":"https:\/\/www.ocasionplus.com\/noticias\/nuevo-bmw-serie-1-2024\/#primaryimage"},"thumbnailUrl":"https:\/\/www.ocasionplus.com\/wp-content\/uploads\/2024\/06\/BMW-Serie-1.jpg","datePublished":"2024-06-24T15:52:16+00:00","dateModified":"2025-03-27T09:49:33+00:00","breadcrumb":{"@id":"https:\/\/www.ocasionplus.com\/noticias\/nuevo-bmw-serie-1-2024\/#breadcrumb"},"inLanguage":"es","potentialAction":[{"@type":"ReadAction","target":["https:\/\/www.ocasionplus.com\/noticias\/nuevo-bmw-serie-1-2024\/"]}]},{"@type":"ImageObject","inLanguage":"es","@id":"https:\/\/www.ocasionplus.com\/noticias\/nuevo-bmw-serie-1-2024\/#primaryimage","url":"https:\/\/www.ocasionplus.com\/wp-content\/uploads\/2024\/06\/BMW-Serie-1.jpg","contentUrl":"https:\/\/www.ocasionplus.com\/wp-content\/uploads\/2024\/06\/BMW-Serie-1.jpg","width":1280,"height":854,"caption":"El BMW Serie 1 2024 no se encuentra disponible con cambio manual"},{"@type":"BreadcrumbList","@id":"https:\/\/www.ocasionplus.com\/noticias\/nuevo-bmw-serie-1-2024\/#breadcrumb","itemListElement":[{"@type":"ListItem","position":1,"name":"Portada","item":"https:\/\/www.ocasionplus.com\/noticias\/"},{"@type":"ListItem","position":2,"name":"Nuevo BMW Serie 1 2024: un compacto con nuevo dise\u00f1o, m\u00e1s motores y pantalla curva"}]},{"@type":"WebSite","@id":"https:\/\/www.ocasionplus.com\/noticias\/#website","url":"https:\/\/www.ocasionplus.com\/noticias\/","name":"OcasionPlus Blog","description":"Veh\u00edculos de ocasi\u00f3n","publisher":{"@id":"https:\/\/www.ocasionplus.com\/noticias\/#organization"},"potentialAction":[{"@type":"SearchAction","target":{"@type":"EntryPoint","urlTemplate":"https:\/\/www.ocasionplus.com\/noticias\/?s={search_term_string}"},"query-input":{"@type":"PropertyValueSpecification","valueRequired":true,"valueName":"search_term_string"}}],"inLanguage":"es"},{"@type":"Organization","@id":"https:\/\/www.ocasionplus.com\/noticias\/#organization","name":"OcasionPlus","url":"https:\/\/www.ocasionplus.com\/noticias\/","logo":{"@type":"ImageObject","inLanguage":"es","@id":"https:\/\/www.ocasionplus.com\/noticias\/#\/schema\/logo\/image\/","url":"https:\/\/www.ocasionplus.com\/wp-content\/uploads\/2024\/05\/cropped-cropped-oplus-logo-blog.png","contentUrl":"https:\/\/www.ocasionplus.com\/wp-content\/uploads\/2024\/05\/cropped-cropped-oplus-logo-blog.png","width":360,"height":71,"caption":"OcasionPlus"},"image":{"@id":"https:\/\/www.ocasionplus.com\/noticias\/#\/schema\/logo\/image\/"},"sameAs":["https:\/\/www.facebook.com\/ocasionplus","https:\/\/x.com\/ocasionplus","https:\/\/www.instagram.com\/ocasion_plus","https:\/\/www.youtube.com\/channel\/UCBiCAto61Lyu27CgI95wrYQ","https:\/\/www.tiktok.com\/@ocasionplus.com","https:\/\/es.linkedin.com\/company\/ocasionplus"]},{"@type":"Person","@id":"https:\/\/www.ocasionplus.com\/noticias\/#\/schema\/person\/db1203be564cc3ded97ad1dbd8aadc5b","name":"Cristhian Gonz\u00e1lez","image":{"@type":"ImageObject","inLanguage":"es","@id":"https:\/\/www.ocasionplus.com\/noticias\/#\/schema\/person\/image\/","url":"https:\/\/secure.gravatar.com\/avatar\/30c0388f0815fd0ab8fb4cfad29866ac?s=96&d=mm&r=g","contentUrl":"https:\/\/secure.gravatar.com\/avatar\/30c0388f0815fd0ab8fb4cfad29866ac?s=96&d=mm&r=g","caption":"Cristhian Gonz\u00e1lez"},"description":"Periodista formado en Colombia. Siempre vinculado al deporte y con pasi\u00f3n por los coches. He asistido y cubierto diferentes eventos deportivos para diferentes medios de comunicaci\u00f3n."}]}},"jetpack_featured_media_url":"https:\/\/www.ocasionplus.com\/wp-content\/uploads\/2024\/06\/BMW-Serie-1.jpg","_links":{"self":[{"href":"https:\/\/www.ocasionplus.com\/noticias\/wp-json\/wp\/v2\/posts\/12071","targetHints":{"allow":["GET"]}}],"collection":[{"href":"https:\/\/www.ocasionplus.com\/noticias\/wp-json\/wp\/v2\/posts"}],"about":[{"href":"https:\/\/www.ocasionplus.com\/noticias\/wp-json\/wp\/v2\/types\/post"}],"author":[{"embeddable":true,"href":"https:\/\/www.ocasionplus.com\/noticias\/wp-json\/wp\/v2\/users\/3"}],"replies":[{"embeddable":true,"href":"https:\/\/www.ocasionplus.com\/noticias\/wp-json\/wp\/v2\/comments?post=12071"}],"version-history":[{"count":1,"href":"https:\/\/www.ocasionplus.com\/noticias\/wp-json\/wp\/v2\/posts\/12071\/revisions"}],"predecessor-version":[{"id":12920,"href":"https:\/\/www.ocasionplus.com\/noticias\/wp-json\/wp\/v2\/posts\/12071\/revisions\/12920"}],"wp:featuredmedia":[{"embeddable":true,"href":"https:\/\/www.ocasionplus.com\/noticias\/wp-json\/wp\/v2\/media\/12072"}],"wp:attachment":[{"href":"https:\/\/www.ocasionplus.com\/noticias\/wp-json\/wp\/v2\/media?parent=12071"}],"wp:term":[{"taxonomy":"category","embeddable":true,"href":"https:\/\/www.ocasionplus.com\/noticias\/wp-json\/wp\/v2\/categories?post=12071"},{"taxonomy":"post_tag","embeddable":true,"href":"https:\/\/www.ocasionplus.com\/noticias\/wp-json\/wp\/v2\/tags?post=12071"}],"curies":[{"name":"wp","href":"https:\/\/api.w.org\/{rel}","templated":true}]}}