{"id":12094,"date":"2024-06-25T14:01:51","date_gmt":"2024-06-25T12:01:51","guid":{"rendered":"https:\/\/blog.ocasionplus.com\/?p=12094"},"modified":"2025-03-27T10:49:32","modified_gmt":"2025-03-27T09:49:32","slug":"ya-son-tres-las-tiendas-de-ocasionplus-en-la-provincia-de-badajoz","status":"publish","type":"post","link":"https:\/\/www.ocasionplus.com\/noticias\/ya-son-tres-las-tiendas-de-ocasionplus-en-la-provincia-de-badajoz\/","title":{"rendered":"\u00a1Ya son tres las tiendas de OcasionPlus en la provincia de Badajoz!"},"content":{"rendered":"\r\n<p>Estamos emocionados de anunciar que <a href=\"https:\/\/www.ocasionplus.com\/\"><mark class=\"has-inline-color has-vivid-cyan-blue-color\" style=\"background-color: rgba(0, 0, 0, 0);\">OcasionPlus<\/mark><\/a> ha inaugurado su <strong>tercer centro en la provincia de Badajoz<\/strong>, consolidando a\u00fan m\u00e1s el liderazgo en el sector de compra-venta de veh\u00edculos de segunda mano en Espa\u00f1a. Este nuevo establecimiento, ubicado en <strong>Carretera de Madrid 4, en Badajoz<\/strong>, cuenta <strong>con m\u00e1s de 1.500 m\u00b2 de exposici\u00f3n y taller<\/strong>, y ofrece una amplia selecci\u00f3n de <strong>m\u00e1s de 200 coches de ocasi\u00f3n<\/strong>.<\/p>\r\n\r\n\r\n\r\n<h2 class=\"wp-block-heading\"><strong>OcasionPlus sigue creciendo en Espa\u00f1a<\/strong><\/h2>\r\n\r\n\r\n\r\n<p>OcasionPlus cuenta con <strong>90 centros distribuidos por todo el territorio nacional<\/strong>, la apertura en Badajoz refleja nuestro compromiso de acercar nuestra oferta de veh\u00edculos de segunda mano a m\u00e1s clientes, brindando un acceso m\u00e1s cercano y conveniente.<\/p>\r\n\r\n\r\n\r\n<p>En la provincia de Badajoz ya contamos con tres centros:<\/p>\r\n\r\n\r\n\r\n<ul class=\"wp-block-list\">\r\n<li><a href=\"https:\/\/www.ocasionplus.com\/concesionarios\/badajoz-centro\"><mark class=\"has-inline-color has-vivid-cyan-blue-color\" style=\"background-color: rgba(0, 0, 0, 0);\">En la carretera de Madrid, 4 (06009, Badajoz)<\/mark><\/a><\/li>\r\n\r\n\r\n\r\n<li><a href=\"https:\/\/www.ocasionplus.com\/concesionarios\/badajoz\"><mark class=\"has-inline-color has-vivid-cyan-blue-color\" style=\"background-color: rgba(0, 0, 0, 0);\">En la carretera de Madrid, 42 (Pol\u00edgono Plan Par Pealsa, 06008, Badajoz)<\/mark><\/a><\/li>\r\n\r\n\r\n\r\n<li><a href=\"https:\/\/www.ocasionplus.com\/concesionarios\/merida\"><mark class=\"has-inline-color has-vivid-cyan-blue-color\" style=\"background-color: rgba(0, 0, 0, 0);\">En la Avenida Reina Sof\u00eda 42 (06800, M\u00e9rida)<\/mark><\/a><\/li>\r\n<\/ul>\r\n\r\n\r\n\r\n<h3 class=\"wp-block-heading\"><strong>Aumentamos la plantilla en OcasionPlus<\/strong><\/h3>\r\n\r\n\r\n\r\n<p>La apertura de este nuevo concesionario supone la generaci\u00f3n de m\u00e1s de 10 empleos en \u00e1reas como:<\/p>\r\n\r\n\r\n\r\n<ul class=\"wp-block-list\">\r\n<li>Ventas.<\/li>\r\n\r\n\r\n\r\n<li>Tasaci\u00f3n.<\/li>\r\n\r\n\r\n\r\n<li>Limpieza.<\/li>\r\n\r\n\r\n\r\n<li>Mec\u00e1nica.<\/li>\r\n<\/ul>\r\n\r\n\r\n\r\n<h2 class=\"wp-block-heading\"><strong>Variedad y calidad en cada veh\u00edculo de OcasionPlus<\/strong><\/h2>\r\n\r\n\r\n\r\n<p>En la <strong>nueva tienda que abrimos en Badajoz<\/strong>, encontrar\u00e1s una amplia gama de coches de segunda mano, desde compactos y SUV hasta familiares y berlinas. Cada veh\u00edculo es seleccionado bajo estrictos criterios de calidad, asegurando la mejor relaci\u00f3n calidad-precio del mercado.\u00a0<\/p>\r\n\r\n\r\n\r\n<p>Uno de los principales beneficios de <a href=\"https:\/\/www.ocasionplus.com\/coches-ocasion\/badajoz\"><mark class=\"has-inline-color has-vivid-cyan-blue-color\" style=\"background-color: rgba(0, 0, 0, 0);\">comprar un coche de segunda mano en Badajoz en los concesionarios de OcasionPlus<\/mark><\/a> es la tranquilidad que ofrece a sus clientes. Todos los veh\u00edculos cuentan con un <strong>per\u00edodo de prueba de 15 d\u00edas <\/strong>o <strong>1.000 kil\u00f3metros<\/strong>, lo que permite a los compradores realizar su compra con total confianza. Y recuerda que en nuestros concesionarios <a href=\"https:\/\/www.ocasionplus.com\/vender-mi-coche\/badajoz\"><mark class=\"has-inline-color has-vivid-cyan-blue-color\" style=\"background-color: rgba(0, 0, 0, 0);\">tambi\u00e9n puedes vender tu coche en Badajoz<\/mark><\/a>.<\/p>\r\n\r\n\r\n\r\n<h3 class=\"wp-block-heading\"><strong>RentalPlus: soluciones de movilidad adicionales<\/strong><\/h3>\r\n\r\n\r\n\r\n<p>Adem\u00e1s, el nuevo centro de Badajoz tambi\u00e9n contar\u00e1 con los servicios de <mark class=\"has-inline-color has-vivid-cyan-blue-color\" style=\"background-color: rgba(0, 0, 0, 0);\">RentalPlus<\/mark>, dedicada al alquiler de veh\u00edculos. Esta inclusi\u00f3n ofrece soluciones de movilidad adicionales, adaptadas a las necesidades de todos los conductores. Celebramos esta nueva incorporaci\u00f3n a la red de concesionarios de <strong>OcasionPlus<\/strong> y te invitamos a visitarnos en <strong>nuestro nuevo centro en Badajoz<\/strong>. Descubre la amplia selecci\u00f3n de coches de ocasi\u00f3n y experimenta el servicio de excelencia que nos distingue. \u00a1Te vienes!<\/p>\r\n","protected":false},"excerpt":{"rendered":"<p>Estamos emocionados de anunciar que OcasionPlus ha inaugurado su tercer centro en la provincia de Badajoz, consolidando a\u00fan m\u00e1s el liderazgo en el sector de compra-venta de veh\u00edculos de segunda mano en Espa\u00f1a. Este nuevo establecimiento, ubicado en Carretera de Madrid 4, en Badajoz, cuenta con m\u00e1s de 1.500 m\u00b2 de exposici\u00f3n y taller, y&#8230;<\/p>\n","protected":false},"author":5,"featured_media":12095,"comment_status":"closed","ping_status":"closed","sticky":false,"template":"","format":"standard","meta":{"footnotes":""},"categories":[3,368],"tags":[554,380],"class_list":["post-12094","post","type-post","status-publish","format-standard","has-post-thumbnail","hentry","category-ocasionplus","category-nuevos-centros","tag-badajoz","tag-coches-ocasion"],"yoast_head":"<!-- This site is optimized with the Yoast SEO Premium plugin v24.8 (Yoast SEO v24.8.1) - https:\/\/yoast.com\/wordpress\/plugins\/seo\/ -->\n<title>OcasionPlus abre su tercera tienda en la provincia de Badajoz<\/title>\n<meta name=\"description\" content=\"OcasionPlus abre su tercer concesionario en Badajoz con m\u00e1s de 1.500 m2 de exposici\u00f3n de coches y taller, seguimos sumando centros a nivel nacional.\" \/>\n<meta name=\"robots\" content=\"index, follow, max-snippet:-1, max-image-preview:large, max-video-preview:-1\" \/>\n<link rel=\"canonical\" href=\"https:\/\/www.ocasionplus.com\/noticias\/ya-son-tres-las-tiendas-de-ocasionplus-en-la-provincia-de-badajoz\/\" \/>\n<meta property=\"og:locale\" content=\"es_ES\" \/>\n<meta property=\"og:type\" content=\"article\" \/>\n<meta property=\"og:title\" content=\"\u00a1Ya son tres las tiendas de OcasionPlus en la provincia de Badajoz!\" \/>\n<meta property=\"og:description\" content=\"OcasionPlus abre su tercer concesionario en Badajoz con m\u00e1s de 1.500 m2 de exposici\u00f3n de coches y taller, seguimos sumando centros a nivel nacional.\" \/>\n<meta property=\"og:url\" content=\"https:\/\/www.ocasionplus.com\/noticias\/ya-son-tres-las-tiendas-de-ocasionplus-en-la-provincia-de-badajoz\/\" \/>\n<meta property=\"og:site_name\" content=\"OcasionPlus Blog\" \/>\n<meta property=\"article:publisher\" content=\"https:\/\/www.facebook.com\/ocasionplus\" \/>\n<meta property=\"article:published_time\" content=\"2024-06-25T12:01:51+00:00\" \/>\n<meta property=\"article:modified_time\" content=\"2025-03-27T09:49:32+00:00\" \/>\n<meta property=\"og:image\" content=\"https:\/\/www.ocasionplus.com\/wp-content\/uploads\/2024\/06\/OP-Badajoz-Centro.jpeg\" \/>\n\t<meta property=\"og:image:width\" content=\"2048\" \/>\n\t<meta property=\"og:image:height\" content=\"1536\" \/>\n\t<meta property=\"og:image:type\" content=\"image\/jpeg\" \/>\n<meta name=\"author\" content=\"Virginia Mart\u00edn\" \/>\n<meta name=\"twitter:card\" content=\"summary_large_image\" \/>\n<meta name=\"twitter:creator\" content=\"@ocasionplus\" \/>\n<meta name=\"twitter:site\" content=\"@ocasionplus\" \/>\n<meta name=\"twitter:label1\" content=\"Escrito por\" \/>\n\t<meta name=\"twitter:data1\" content=\"Virginia Mart\u00edn\" \/>\n\t<meta name=\"twitter:label2\" content=\"Tiempo de lectura\" \/>\n\t<meta name=\"twitter:data2\" content=\"2 minutos\" \/>\n<script type=\"application\/ld+json\" class=\"yoast-schema-graph\">{\"@context\":\"https:\/\/schema.org\",\"@graph\":[{\"@type\":\"Article\",\"@id\":\"https:\/\/www.ocasionplus.com\/noticias\/ya-son-tres-las-tiendas-de-ocasionplus-en-la-provincia-de-badajoz\/#article\",\"isPartOf\":{\"@id\":\"https:\/\/www.ocasionplus.com\/noticias\/ya-son-tres-las-tiendas-de-ocasionplus-en-la-provincia-de-badajoz\/\"},\"author\":{\"name\":\"Virginia Mart\u00edn\",\"@id\":\"https:\/\/www.ocasionplus.com\/noticias\/#\/schema\/person\/a1075deecd7b6f7a6b47339c056c5ccb\"},\"headline\":\"\u00a1Ya son tres las tiendas de OcasionPlus en la provincia de Badajoz!\",\"datePublished\":\"2024-06-25T12:01:51+00:00\",\"dateModified\":\"2025-03-27T09:49:32+00:00\",\"mainEntityOfPage\":{\"@id\":\"https:\/\/www.ocasionplus.com\/noticias\/ya-son-tres-las-tiendas-de-ocasionplus-en-la-provincia-de-badajoz\/\"},\"wordCount\":402,\"publisher\":{\"@id\":\"https:\/\/www.ocasionplus.com\/noticias\/#organization\"},\"image\":{\"@id\":\"https:\/\/www.ocasionplus.com\/noticias\/ya-son-tres-las-tiendas-de-ocasionplus-en-la-provincia-de-badajoz\/#primaryimage\"},\"thumbnailUrl\":\"https:\/\/www.ocasionplus.com\/wp-content\/uploads\/2024\/06\/OP-Badajoz-Centro.jpeg\",\"keywords\":[\"badajoz\",\"coches ocasion\"],\"articleSection\":[\"Actualidad OcasionPlus\",\"Nuevos Centros\"],\"inLanguage\":\"es\",\"copyrightYear\":\"2024\",\"copyrightHolder\":{\"@id\":\"https:\/\/www.ocasionplus.com\/noticias\/#organization\"}},{\"@type\":\"WebPage\",\"@id\":\"https:\/\/www.ocasionplus.com\/noticias\/ya-son-tres-las-tiendas-de-ocasionplus-en-la-provincia-de-badajoz\/\",\"url\":\"https:\/\/www.ocasionplus.com\/noticias\/ya-son-tres-las-tiendas-de-ocasionplus-en-la-provincia-de-badajoz\/\",\"name\":\"OcasionPlus abre su tercera tienda en la provincia de Badajoz\",\"isPartOf\":{\"@id\":\"https:\/\/www.ocasionplus.com\/noticias\/#website\"},\"primaryImageOfPage\":{\"@id\":\"https:\/\/www.ocasionplus.com\/noticias\/ya-son-tres-las-tiendas-de-ocasionplus-en-la-provincia-de-badajoz\/#primaryimage\"},\"image\":{\"@id\":\"https:\/\/www.ocasionplus.com\/noticias\/ya-son-tres-las-tiendas-de-ocasionplus-en-la-provincia-de-badajoz\/#primaryimage\"},\"thumbnailUrl\":\"https:\/\/www.ocasionplus.com\/wp-content\/uploads\/2024\/06\/OP-Badajoz-Centro.jpeg\",\"datePublished\":\"2024-06-25T12:01:51+00:00\",\"dateModified\":\"2025-03-27T09:49:32+00:00\",\"description\":\"OcasionPlus abre su tercer concesionario en Badajoz con m\u00e1s de 1.500 m2 de exposici\u00f3n de coches y taller, seguimos sumando centros a nivel nacional.\",\"breadcrumb\":{\"@id\":\"https:\/\/www.ocasionplus.com\/noticias\/ya-son-tres-las-tiendas-de-ocasionplus-en-la-provincia-de-badajoz\/#breadcrumb\"},\"inLanguage\":\"es\",\"potentialAction\":[{\"@type\":\"ReadAction\",\"target\":[\"https:\/\/www.ocasionplus.com\/noticias\/ya-son-tres-las-tiendas-de-ocasionplus-en-la-provincia-de-badajoz\/\"]}]},{\"@type\":\"ImageObject\",\"inLanguage\":\"es\",\"@id\":\"https:\/\/www.ocasionplus.com\/noticias\/ya-son-tres-las-tiendas-de-ocasionplus-en-la-provincia-de-badajoz\/#primaryimage\",\"url\":\"https:\/\/www.ocasionplus.com\/wp-content\/uploads\/2024\/06\/OP-Badajoz-Centro.jpeg\",\"contentUrl\":\"https:\/\/www.ocasionplus.com\/wp-content\/uploads\/2024\/06\/OP-Badajoz-Centro.jpeg\",\"width\":2048,\"height\":1536,\"caption\":\"Tienda de OcasionPlus en Badajoz\"},{\"@type\":\"BreadcrumbList\",\"@id\":\"https:\/\/www.ocasionplus.com\/noticias\/ya-son-tres-las-tiendas-de-ocasionplus-en-la-provincia-de-badajoz\/#breadcrumb\",\"itemListElement\":[{\"@type\":\"ListItem\",\"position\":1,\"name\":\"Portada\",\"item\":\"https:\/\/www.ocasionplus.com\/noticias\/\"},{\"@type\":\"ListItem\",\"position\":2,\"name\":\"\u00a1Ya son tres las tiendas de OcasionPlus en la provincia de Badajoz!\"}]},{\"@type\":\"WebSite\",\"@id\":\"https:\/\/www.ocasionplus.com\/noticias\/#website\",\"url\":\"https:\/\/www.ocasionplus.com\/noticias\/\",\"name\":\"OcasionPlus Blog\",\"description\":\"Veh\u00edculos de ocasi\u00f3n\",\"publisher\":{\"@id\":\"https:\/\/www.ocasionplus.com\/noticias\/#organization\"},\"potentialAction\":[{\"@type\":\"SearchAction\",\"target\":{\"@type\":\"EntryPoint\",\"urlTemplate\":\"https:\/\/www.ocasionplus.com\/noticias\/?s={search_term_string}\"},\"query-input\":{\"@type\":\"PropertyValueSpecification\",\"valueRequired\":true,\"valueName\":\"search_term_string\"}}],\"inLanguage\":\"es\"},{\"@type\":\"Organization\",\"@id\":\"https:\/\/www.ocasionplus.com\/noticias\/#organization\",\"name\":\"OcasionPlus\",\"url\":\"https:\/\/www.ocasionplus.com\/noticias\/\",\"logo\":{\"@type\":\"ImageObject\",\"inLanguage\":\"es\",\"@id\":\"https:\/\/www.ocasionplus.com\/noticias\/#\/schema\/logo\/image\/\",\"url\":\"https:\/\/www.ocasionplus.com\/wp-content\/uploads\/2024\/05\/cropped-cropped-oplus-logo-blog.png\",\"contentUrl\":\"https:\/\/www.ocasionplus.com\/wp-content\/uploads\/2024\/05\/cropped-cropped-oplus-logo-blog.png\",\"width\":360,\"height\":71,\"caption\":\"OcasionPlus\"},\"image\":{\"@id\":\"https:\/\/www.ocasionplus.com\/noticias\/#\/schema\/logo\/image\/\"},\"sameAs\":[\"https:\/\/www.facebook.com\/ocasionplus\",\"https:\/\/x.com\/ocasionplus\",\"https:\/\/www.instagram.com\/ocasion_plus\",\"https:\/\/www.youtube.com\/channel\/UCBiCAto61Lyu27CgI95wrYQ\",\"https:\/\/www.tiktok.com\/@ocasionplus.com\",\"https:\/\/es.linkedin.com\/company\/ocasionplus\"]},{\"@type\":\"Person\",\"@id\":\"https:\/\/www.ocasionplus.com\/noticias\/#\/schema\/person\/a1075deecd7b6f7a6b47339c056c5ccb\",\"name\":\"Virginia Mart\u00edn\",\"image\":{\"@type\":\"ImageObject\",\"inLanguage\":\"es\",\"@id\":\"https:\/\/www.ocasionplus.com\/noticias\/#\/schema\/person\/image\/\",\"url\":\"https:\/\/secure.gravatar.com\/avatar\/d80007416602574d8db3ca288c3225e9?s=96&d=mm&r=g\",\"contentUrl\":\"https:\/\/secure.gravatar.com\/avatar\/d80007416602574d8db3ca288c3225e9?s=96&d=mm&r=g\",\"caption\":\"Virginia Mart\u00edn\"},\"description\":\"Soy Virginia Mart\u00edn, especialista en comunicaci\u00f3n y una entusiasta de las historias que conectan. En Ocasionplus, mi objetivo es hacerte sentir parte de cada noticia, con un toque de cercan\u00eda y profesionalidad.\"}]}<\/script>\n<!-- \/ Yoast SEO Premium plugin. -->","yoast_head_json":{"title":"OcasionPlus abre su tercera tienda en la provincia de Badajoz","description":"OcasionPlus abre su tercer concesionario en Badajoz con m\u00e1s de 1.500 m2 de exposici\u00f3n de coches y taller, seguimos sumando centros a nivel nacional.","robots":{"index":"index","follow":"follow","max-snippet":"max-snippet:-1","max-image-preview":"max-image-preview:large","max-video-preview":"max-video-preview:-1"},"canonical":"https:\/\/www.ocasionplus.com\/noticias\/ya-son-tres-las-tiendas-de-ocasionplus-en-la-provincia-de-badajoz\/","og_locale":"es_ES","og_type":"article","og_title":"\u00a1Ya son tres las tiendas de OcasionPlus en la provincia de Badajoz!","og_description":"OcasionPlus abre su tercer concesionario en Badajoz con m\u00e1s de 1.500 m2 de exposici\u00f3n de coches y taller, seguimos sumando centros a nivel nacional.","og_url":"https:\/\/www.ocasionplus.com\/noticias\/ya-son-tres-las-tiendas-de-ocasionplus-en-la-provincia-de-badajoz\/","og_site_name":"OcasionPlus Blog","article_publisher":"https:\/\/www.facebook.com\/ocasionplus","article_published_time":"2024-06-25T12:01:51+00:00","article_modified_time":"2025-03-27T09:49:32+00:00","og_image":[{"width":2048,"height":1536,"url":"https:\/\/www.ocasionplus.com\/wp-content\/uploads\/2024\/06\/OP-Badajoz-Centro.jpeg","type":"image\/jpeg"}],"author":"Virginia Mart\u00edn","twitter_card":"summary_large_image","twitter_creator":"@ocasionplus","twitter_site":"@ocasionplus","twitter_misc":{"Escrito por":"Virginia Mart\u00edn","Tiempo de lectura":"2 minutos"},"schema":{"@context":"https:\/\/schema.org","@graph":[{"@type":"Article","@id":"https:\/\/www.ocasionplus.com\/noticias\/ya-son-tres-las-tiendas-de-ocasionplus-en-la-provincia-de-badajoz\/#article","isPartOf":{"@id":"https:\/\/www.ocasionplus.com\/noticias\/ya-son-tres-las-tiendas-de-ocasionplus-en-la-provincia-de-badajoz\/"},"author":{"name":"Virginia Mart\u00edn","@id":"https:\/\/www.ocasionplus.com\/noticias\/#\/schema\/person\/a1075deecd7b6f7a6b47339c056c5ccb"},"headline":"\u00a1Ya son tres las tiendas de OcasionPlus en la provincia de Badajoz!","datePublished":"2024-06-25T12:01:51+00:00","dateModified":"2025-03-27T09:49:32+00:00","mainEntityOfPage":{"@id":"https:\/\/www.ocasionplus.com\/noticias\/ya-son-tres-las-tiendas-de-ocasionplus-en-la-provincia-de-badajoz\/"},"wordCount":402,"publisher":{"@id":"https:\/\/www.ocasionplus.com\/noticias\/#organization"},"image":{"@id":"https:\/\/www.ocasionplus.com\/noticias\/ya-son-tres-las-tiendas-de-ocasionplus-en-la-provincia-de-badajoz\/#primaryimage"},"thumbnailUrl":"https:\/\/www.ocasionplus.com\/wp-content\/uploads\/2024\/06\/OP-Badajoz-Centro.jpeg","keywords":["badajoz","coches ocasion"],"articleSection":["Actualidad OcasionPlus","Nuevos Centros"],"inLanguage":"es","copyrightYear":"2024","copyrightHolder":{"@id":"https:\/\/www.ocasionplus.com\/noticias\/#organization"}},{"@type":"WebPage","@id":"https:\/\/www.ocasionplus.com\/noticias\/ya-son-tres-las-tiendas-de-ocasionplus-en-la-provincia-de-badajoz\/","url":"https:\/\/www.ocasionplus.com\/noticias\/ya-son-tres-las-tiendas-de-ocasionplus-en-la-provincia-de-badajoz\/","name":"OcasionPlus abre su tercera tienda en la provincia de Badajoz","isPartOf":{"@id":"https:\/\/www.ocasionplus.com\/noticias\/#website"},"primaryImageOfPage":{"@id":"https:\/\/www.ocasionplus.com\/noticias\/ya-son-tres-las-tiendas-de-ocasionplus-en-la-provincia-de-badajoz\/#primaryimage"},"image":{"@id":"https:\/\/www.ocasionplus.com\/noticias\/ya-son-tres-las-tiendas-de-ocasionplus-en-la-provincia-de-badajoz\/#primaryimage"},"thumbnailUrl":"https:\/\/www.ocasionplus.com\/wp-content\/uploads\/2024\/06\/OP-Badajoz-Centro.jpeg","datePublished":"2024-06-25T12:01:51+00:00","dateModified":"2025-03-27T09:49:32+00:00","description":"OcasionPlus abre su tercer concesionario en Badajoz con m\u00e1s de 1.500 m2 de exposici\u00f3n de coches y taller, seguimos sumando centros a nivel nacional.","breadcrumb":{"@id":"https:\/\/www.ocasionplus.com\/noticias\/ya-son-tres-las-tiendas-de-ocasionplus-en-la-provincia-de-badajoz\/#breadcrumb"},"inLanguage":"es","potentialAction":[{"@type":"ReadAction","target":["https:\/\/www.ocasionplus.com\/noticias\/ya-son-tres-las-tiendas-de-ocasionplus-en-la-provincia-de-badajoz\/"]}]},{"@type":"ImageObject","inLanguage":"es","@id":"https:\/\/www.ocasionplus.com\/noticias\/ya-son-tres-las-tiendas-de-ocasionplus-en-la-provincia-de-badajoz\/#primaryimage","url":"https:\/\/www.ocasionplus.com\/wp-content\/uploads\/2024\/06\/OP-Badajoz-Centro.jpeg","contentUrl":"https:\/\/www.ocasionplus.com\/wp-content\/uploads\/2024\/06\/OP-Badajoz-Centro.jpeg","width":2048,"height":1536,"caption":"Tienda de OcasionPlus en Badajoz"},{"@type":"BreadcrumbList","@id":"https:\/\/www.ocasionplus.com\/noticias\/ya-son-tres-las-tiendas-de-ocasionplus-en-la-provincia-de-badajoz\/#breadcrumb","itemListElement":[{"@type":"ListItem","position":1,"name":"Portada","item":"https:\/\/www.ocasionplus.com\/noticias\/"},{"@type":"ListItem","position":2,"name":"\u00a1Ya son tres las tiendas de OcasionPlus en la provincia de Badajoz!"}]},{"@type":"WebSite","@id":"https:\/\/www.ocasionplus.com\/noticias\/#website","url":"https:\/\/www.ocasionplus.com\/noticias\/","name":"OcasionPlus Blog","description":"Veh\u00edculos de ocasi\u00f3n","publisher":{"@id":"https:\/\/www.ocasionplus.com\/noticias\/#organization"},"potentialAction":[{"@type":"SearchAction","target":{"@type":"EntryPoint","urlTemplate":"https:\/\/www.ocasionplus.com\/noticias\/?s={search_term_string}"},"query-input":{"@type":"PropertyValueSpecification","valueRequired":true,"valueName":"search_term_string"}}],"inLanguage":"es"},{"@type":"Organization","@id":"https:\/\/www.ocasionplus.com\/noticias\/#organization","name":"OcasionPlus","url":"https:\/\/www.ocasionplus.com\/noticias\/","logo":{"@type":"ImageObject","inLanguage":"es","@id":"https:\/\/www.ocasionplus.com\/noticias\/#\/schema\/logo\/image\/","url":"https:\/\/www.ocasionplus.com\/wp-content\/uploads\/2024\/05\/cropped-cropped-oplus-logo-blog.png","contentUrl":"https:\/\/www.ocasionplus.com\/wp-content\/uploads\/2024\/05\/cropped-cropped-oplus-logo-blog.png","width":360,"height":71,"caption":"OcasionPlus"},"image":{"@id":"https:\/\/www.ocasionplus.com\/noticias\/#\/schema\/logo\/image\/"},"sameAs":["https:\/\/www.facebook.com\/ocasionplus","https:\/\/x.com\/ocasionplus","https:\/\/www.instagram.com\/ocasion_plus","https:\/\/www.youtube.com\/channel\/UCBiCAto61Lyu27CgI95wrYQ","https:\/\/www.tiktok.com\/@ocasionplus.com","https:\/\/es.linkedin.com\/company\/ocasionplus"]},{"@type":"Person","@id":"https:\/\/www.ocasionplus.com\/noticias\/#\/schema\/person\/a1075deecd7b6f7a6b47339c056c5ccb","name":"Virginia Mart\u00edn","image":{"@type":"ImageObject","inLanguage":"es","@id":"https:\/\/www.ocasionplus.com\/noticias\/#\/schema\/person\/image\/","url":"https:\/\/secure.gravatar.com\/avatar\/d80007416602574d8db3ca288c3225e9?s=96&d=mm&r=g","contentUrl":"https:\/\/secure.gravatar.com\/avatar\/d80007416602574d8db3ca288c3225e9?s=96&d=mm&r=g","caption":"Virginia Mart\u00edn"},"description":"Soy Virginia Mart\u00edn, especialista en comunicaci\u00f3n y una entusiasta de las historias que conectan. En Ocasionplus, mi objetivo es hacerte sentir parte de cada noticia, con un toque de cercan\u00eda y profesionalidad."}]}},"jetpack_featured_media_url":"https:\/\/www.ocasionplus.com\/wp-content\/uploads\/2024\/06\/OP-Badajoz-Centro.jpeg","_links":{"self":[{"href":"https:\/\/www.ocasionplus.com\/noticias\/wp-json\/wp\/v2\/posts\/12094","targetHints":{"allow":["GET"]}}],"collection":[{"href":"https:\/\/www.ocasionplus.com\/noticias\/wp-json\/wp\/v2\/posts"}],"about":[{"href":"https:\/\/www.ocasionplus.com\/noticias\/wp-json\/wp\/v2\/types\/post"}],"author":[{"embeddable":true,"href":"https:\/\/www.ocasionplus.com\/noticias\/wp-json\/wp\/v2\/users\/5"}],"replies":[{"embeddable":true,"href":"https:\/\/www.ocasionplus.com\/noticias\/wp-json\/wp\/v2\/comments?post=12094"}],"version-history":[{"count":1,"href":"https:\/\/www.ocasionplus.com\/noticias\/wp-json\/wp\/v2\/posts\/12094\/revisions"}],"predecessor-version":[{"id":12880,"href":"https:\/\/www.ocasionplus.com\/noticias\/wp-json\/wp\/v2\/posts\/12094\/revisions\/12880"}],"wp:featuredmedia":[{"embeddable":true,"href":"https:\/\/www.ocasionplus.com\/noticias\/wp-json\/wp\/v2\/media\/12095"}],"wp:attachment":[{"href":"https:\/\/www.ocasionplus.com\/noticias\/wp-json\/wp\/v2\/media?parent=12094"}],"wp:term":[{"taxonomy":"category","embeddable":true,"href":"https:\/\/www.ocasionplus.com\/noticias\/wp-json\/wp\/v2\/categories?post=12094"},{"taxonomy":"post_tag","embeddable":true,"href":"https:\/\/www.ocasionplus.com\/noticias\/wp-json\/wp\/v2\/tags?post=12094"}],"curies":[{"name":"wp","href":"https:\/\/api.w.org\/{rel}","templated":true}]}}