{"id":12108,"date":"2024-06-25T18:39:29","date_gmt":"2024-06-25T16:39:29","guid":{"rendered":"https:\/\/blog.ocasionplus.com\/?p=12108"},"modified":"2025-03-27T10:49:32","modified_gmt":"2025-03-27T09:49:32","slug":"citroen-e-c3-aircross-2024","status":"publish","type":"post","link":"https:\/\/www.ocasionplus.com\/noticias\/citroen-e-c3-aircross-2024\/","title":{"rendered":"Citro\u00ebn \u00eb-C3 Aircross: Un SUV urbano el\u00e9ctrico de cinco plazas"},"content":{"rendered":"\n<p>Citro\u00ebn, tras presentar el C3 Aircross, mostr\u00f3 el Citro\u00ebn \u00eb-C3 Aircross, la versi\u00f3n 100% el\u00e9ctrica del modelo. Este SUV urbano solo estar\u00e1 disponible en cinco plazas, mientras que la versi\u00f3n de combusti\u00f3n, estar\u00e1 disponible para siete plazas.&nbsp;<\/p>\n\n\n\n<p>El <strong>\u00eb-C3 Aircross se realiz\u00f3 sobre la plataforma Smart Car<\/strong>, que realiz\u00f3 el Grupo Stellantis, permitiendo que esta plataforma sea la base de diferentes coches con diferentes carrocer\u00edas. Lo que le permiti\u00f3 ahorrar unos costes al Grupo. Entre los modelos que utilizan esta plataforma se encuentran el Opel Frontera y el Fiat Grande Panda.&nbsp;<\/p>\n\n\n\n<h2 class=\"wp-block-heading\">Dise\u00f1o exterior del Citro\u00ebn \u00eb-C3 Aircross<\/h2>\n\n\n\n<p>Este modelo se diferencia del modelo de combusti\u00f3n, principalmente en el frontal, ya que no presenta grandes tomas de aire, como lo hace el modelo de combusti\u00f3n. Sin embargo, s\u00ed mantiene los faros, que tienen una forma de C invertida y un paragolpes de pl\u00e1stico gris de grandes dimensiones.&nbsp;<\/p>\n\n\n\n<p>En el perfil del Aircross, destaca ese dise\u00f1o en forma de C, que le da <strong>la esencia de un SUV cl\u00e1sico<\/strong>. Adem\u00e1s, detalles, como los pasos de rueda y los guardabarros, son de un material de pl\u00e1stico duro en color contraste de la carrocer\u00eda. El techo, tambi\u00e9n es de color contraste.<\/p>\n\n\n\n<p>La zaga destaca por ofrecer un peque\u00f1o esp\u00f3iler y los grupos \u00f3pticos en forma de C invertida, que se acoplan a una tira negra que ubica en el centro el logotipo de Citro\u00ebn; adem\u00e1s, el paragolpes tiene una gran altura, lo que le da esa esencia de SUV cl\u00e1sico.&nbsp;&nbsp;<\/p>\n\n\n\n<h2 class=\"wp-block-heading\">Interior del \u00eb-C3 Aircross<\/h2>\n\n\n\n<p><strong>El interior ofrece una gran capacidad de personalizaci\u00f3n<\/strong>. Su versi\u00f3n base incluye una base de soporte para el smartphone, pero el acabado Max, cuenta con una pantalla t\u00e1ctil de 10,2 pulgadas en formato horizontal. Adem\u00e1s, de una pantalla para el cuadro de instrumentos, que act\u00faa como un head-up display.&nbsp;<\/p>\n\n\n\n<p>El sistema multimedia es compatible con Apple CarPlay y Android Auto; adem\u00e1s, la versi\u00f3n Max presenta un m\u00f3dulo de carga inal\u00e1mbrica para los dispositivos. A su vez, se presentan diferentes sistemas de ayudas a la conducci\u00f3n, como el sistema anticolisi\u00f3n, aviso de salida de carril, control de crucero, reconocimiento de se\u00f1ales de tr\u00e1fico, sensores de aparcamiento traseros y m\u00e1s.&nbsp;<\/p>\n\n\n\n<h2 class=\"wp-block-heading\">Motorizaci\u00f3n del \u00eb-C3 Aircross<\/h2>\n\n\n\n<p>El motor del Citro\u00ebn \u00eb-C3 Aircross es un motor el\u00e9ctrico de 83 kW, que brinda una potencia de 113 CV. Adem\u00e1s, este modelo equipa una bater\u00eda de 44 kWh de litio-hierro-fosfato. Esta bater\u00eda le da una autonom\u00eda de 300 kil\u00f3metros. Se espera que para el 2025 se lance una versi\u00f3n de bater\u00eda con mayor capacidad, que permita una autonom\u00eda de 400 kil\u00f3metros.&nbsp;<\/p>\n\n\n\n<p>La conexi\u00f3n de carga es de 7 kW, con lo que pasa del 20 al 80% de carga en cuatro horas. Sin embargo, es compatible con un cargador ultrarr\u00e1pido de 100 kW, que permite pasar del 20 al 80% en solo 26 minutos.&nbsp;<\/p>\n\n\n\n<p>Adem\u00e1s, de la versi\u00f3n 100% el\u00e9ctrica se encuentra disponible una versi\u00f3n h\u00edbrida, con un motor de gasolina de 100 CV y un motor el\u00e9ctrico que brinda una potencia combinada de 136 CV y le da etiqueta eco.&nbsp;<\/p>\n\n\n\n<h2 class=\"wp-block-heading\">Encuentra tu pr\u00f3ximo Citro\u00ebn C3 Aircross de segunda mano<\/h2>\n\n\n\n<p>Si est\u00e1s interesado en comprar el <a href=\"https:\/\/www.ocasionplus.com\/coches-ocasion\/citroen\/c3-aircross\"><span style=\"text-decoration: underline;\"><mark style=\"background-color:rgba(0, 0, 0, 0);color:#189bd7\" class=\"has-inline-color\">Citro\u00ebn C3 Aircross de segunda mano<\/mark><\/span><\/a>, en OcasionPlus encuentras una amplia oferta de coches <a href=\"https:\/\/www.ocasionplus.com\/coches-ocasion\/todoterreno\"><span style=\"text-decoration: underline;\"><mark style=\"background-color:rgba(0, 0, 0, 0);color:#189bd7\" class=\"has-inline-color\">SUV de segunda mano<\/mark><\/span><\/a> y m\u00e1s veh\u00edculos de <a href=\"https:\/\/www.ocasionplus.com\/coches-ocasion\/citroen\"><span style=\"text-decoration: underline;\"><mark style=\"background-color:rgba(0, 0, 0, 0);color:#189bd7\" class=\"has-inline-color\">Citro\u00ebn de segunda mano<\/mark><\/span><\/a> con la mejor calidad del mercado.\u00a0<\/p>\n\n\n\n<p>Adem\u00e1s, en los m\u00e1s de 90 centros de OcasionPlus podr\u00e1s encontrar un amplio cat\u00e1logo de <a href=\"https:\/\/www.ocasionplus.com\/coches-ocasion\"><span style=\"text-decoration: underline;\"><mark style=\"background-color:rgba(0, 0, 0, 0);color:#189bd7\" class=\"has-inline-color\">coches de segunda mano<\/mark><\/span><\/a>, en donde todos los veh\u00edculos son inspeccionados en m\u00e1s de 200 puntos de control.\u00a0<\/p>\n","protected":false},"excerpt":{"rendered":"<p>Citro\u00ebn, tras presentar el C3 Aircross, mostr\u00f3 el Citro\u00ebn \u00eb-C3 Aircross, la versi\u00f3n 100% el\u00e9ctrica del modelo. Este SUV urbano solo estar\u00e1 disponible en cinco plazas, mientras que la versi\u00f3n de combusti\u00f3n, estar\u00e1 disponible para siete plazas.&nbsp; El \u00eb-C3 Aircross se realiz\u00f3 sobre la plataforma Smart Car, que realiz\u00f3 el Grupo Stellantis, permitiendo que esta&#8230;<\/p>\n","protected":false},"author":3,"featured_media":12111,"comment_status":"closed","ping_status":"closed","sticky":false,"template":"","format":"standard","meta":{"footnotes":""},"categories":[2],"tags":[398],"class_list":["post-12108","post","type-post","status-publish","format-standard","has-post-thumbnail","hentry","category-ultimas-noticias","tag-citroen"],"yoast_head":"<!-- This site is optimized with the Yoast SEO Premium plugin v24.8 (Yoast SEO v24.8.1) - https:\/\/yoast.com\/wordpress\/plugins\/seo\/ -->\n<title>Citro\u00ebn \u00eb-C3 Aircross: Un SUV urbano el\u00e9ctrico de cinco plazas - OcasionPlus Blog<\/title>\n<meta name=\"robots\" content=\"index, follow, max-snippet:-1, max-image-preview:large, max-video-preview:-1\" \/>\n<link rel=\"canonical\" href=\"https:\/\/www.ocasionplus.com\/noticias\/citroen-e-c3-aircross-2024\/\" \/>\n<meta property=\"og:locale\" content=\"es_ES\" \/>\n<meta property=\"og:type\" content=\"article\" \/>\n<meta property=\"og:title\" content=\"Citro\u00ebn \u00eb-C3 Aircross: Un SUV urbano el\u00e9ctrico de cinco plazas\" \/>\n<meta property=\"og:description\" content=\"Citro\u00ebn, tras presentar el C3 Aircross, mostr\u00f3 el Citro\u00ebn \u00eb-C3 Aircross, la versi\u00f3n 100% el\u00e9ctrica del modelo. Este SUV urbano solo estar\u00e1 disponible en cinco plazas, mientras que la versi\u00f3n de combusti\u00f3n, estar\u00e1 disponible para siete plazas.&nbsp; El \u00eb-C3 Aircross se realiz\u00f3 sobre la plataforma Smart Car, que realiz\u00f3 el Grupo Stellantis, permitiendo que esta...\" \/>\n<meta property=\"og:url\" content=\"https:\/\/www.ocasionplus.com\/noticias\/citroen-e-c3-aircross-2024\/\" \/>\n<meta property=\"og:site_name\" content=\"OcasionPlus Blog\" \/>\n<meta property=\"article:publisher\" content=\"https:\/\/www.facebook.com\/ocasionplus\" \/>\n<meta property=\"article:published_time\" content=\"2024-06-25T16:39:29+00:00\" \/>\n<meta property=\"article:modified_time\" content=\"2025-03-27T09:49:32+00:00\" \/>\n<meta property=\"og:image\" content=\"https:\/\/www.ocasionplus.com\/wp-content\/uploads\/2024\/06\/Citroen-e-c3-aircross.jpg\" \/>\n\t<meta property=\"og:image:width\" content=\"1280\" \/>\n\t<meta property=\"og:image:height\" content=\"512\" \/>\n\t<meta property=\"og:image:type\" content=\"image\/jpeg\" \/>\n<meta name=\"author\" content=\"Cristhian Gonz\u00e1lez\" \/>\n<meta name=\"twitter:card\" content=\"summary_large_image\" \/>\n<meta name=\"twitter:creator\" content=\"@ocasionplus\" \/>\n<meta name=\"twitter:site\" content=\"@ocasionplus\" \/>\n<meta name=\"twitter:label1\" content=\"Escrito por\" \/>\n\t<meta name=\"twitter:data1\" content=\"Cristhian Gonz\u00e1lez\" \/>\n\t<meta name=\"twitter:label2\" content=\"Tiempo de lectura\" \/>\n\t<meta name=\"twitter:data2\" content=\"3 minutos\" \/>\n<script type=\"application\/ld+json\" class=\"yoast-schema-graph\">{\"@context\":\"https:\/\/schema.org\",\"@graph\":[{\"@type\":\"Article\",\"@id\":\"https:\/\/www.ocasionplus.com\/noticias\/citroen-e-c3-aircross-2024\/#article\",\"isPartOf\":{\"@id\":\"https:\/\/www.ocasionplus.com\/noticias\/citroen-e-c3-aircross-2024\/\"},\"author\":{\"name\":\"Cristhian Gonz\u00e1lez\",\"@id\":\"https:\/\/www.ocasionplus.com\/noticias\/#\/schema\/person\/db1203be564cc3ded97ad1dbd8aadc5b\"},\"headline\":\"Citro\u00ebn \u00eb-C3 Aircross: Un SUV urbano el\u00e9ctrico de cinco plazas\",\"datePublished\":\"2024-06-25T16:39:29+00:00\",\"dateModified\":\"2025-03-27T09:49:32+00:00\",\"mainEntityOfPage\":{\"@id\":\"https:\/\/www.ocasionplus.com\/noticias\/citroen-e-c3-aircross-2024\/\"},\"wordCount\":656,\"publisher\":{\"@id\":\"https:\/\/www.ocasionplus.com\/noticias\/#organization\"},\"image\":{\"@id\":\"https:\/\/www.ocasionplus.com\/noticias\/citroen-e-c3-aircross-2024\/#primaryimage\"},\"thumbnailUrl\":\"https:\/\/www.ocasionplus.com\/wp-content\/uploads\/2024\/06\/Citroen-e-c3-aircross.jpg\",\"keywords\":[\"citroen\"],\"articleSection\":[\"\u00daltimas Noticias\"],\"inLanguage\":\"es\",\"copyrightYear\":\"2024\",\"copyrightHolder\":{\"@id\":\"https:\/\/www.ocasionplus.com\/noticias\/#organization\"}},{\"@type\":\"WebPage\",\"@id\":\"https:\/\/www.ocasionplus.com\/noticias\/citroen-e-c3-aircross-2024\/\",\"url\":\"https:\/\/www.ocasionplus.com\/noticias\/citroen-e-c3-aircross-2024\/\",\"name\":\"Citro\u00ebn \u00eb-C3 Aircross: Un SUV urbano el\u00e9ctrico de cinco plazas - OcasionPlus Blog\",\"isPartOf\":{\"@id\":\"https:\/\/www.ocasionplus.com\/noticias\/#website\"},\"primaryImageOfPage\":{\"@id\":\"https:\/\/www.ocasionplus.com\/noticias\/citroen-e-c3-aircross-2024\/#primaryimage\"},\"image\":{\"@id\":\"https:\/\/www.ocasionplus.com\/noticias\/citroen-e-c3-aircross-2024\/#primaryimage\"},\"thumbnailUrl\":\"https:\/\/www.ocasionplus.com\/wp-content\/uploads\/2024\/06\/Citroen-e-c3-aircross.jpg\",\"datePublished\":\"2024-06-25T16:39:29+00:00\",\"dateModified\":\"2025-03-27T09:49:32+00:00\",\"breadcrumb\":{\"@id\":\"https:\/\/www.ocasionplus.com\/noticias\/citroen-e-c3-aircross-2024\/#breadcrumb\"},\"inLanguage\":\"es\",\"potentialAction\":[{\"@type\":\"ReadAction\",\"target\":[\"https:\/\/www.ocasionplus.com\/noticias\/citroen-e-c3-aircross-2024\/\"]}]},{\"@type\":\"ImageObject\",\"inLanguage\":\"es\",\"@id\":\"https:\/\/www.ocasionplus.com\/noticias\/citroen-e-c3-aircross-2024\/#primaryimage\",\"url\":\"https:\/\/www.ocasionplus.com\/wp-content\/uploads\/2024\/06\/Citroen-e-c3-aircross.jpg\",\"contentUrl\":\"https:\/\/www.ocasionplus.com\/wp-content\/uploads\/2024\/06\/Citroen-e-c3-aircross.jpg\",\"width\":1280,\"height\":512,\"caption\":\"Citroen e-c3 aircross\"},{\"@type\":\"BreadcrumbList\",\"@id\":\"https:\/\/www.ocasionplus.com\/noticias\/citroen-e-c3-aircross-2024\/#breadcrumb\",\"itemListElement\":[{\"@type\":\"ListItem\",\"position\":1,\"name\":\"Portada\",\"item\":\"https:\/\/www.ocasionplus.com\/noticias\/\"},{\"@type\":\"ListItem\",\"position\":2,\"name\":\"Citro\u00ebn \u00eb-C3 Aircross: Un SUV urbano el\u00e9ctrico de cinco plazas\"}]},{\"@type\":\"WebSite\",\"@id\":\"https:\/\/www.ocasionplus.com\/noticias\/#website\",\"url\":\"https:\/\/www.ocasionplus.com\/noticias\/\",\"name\":\"OcasionPlus Blog\",\"description\":\"Veh\u00edculos de ocasi\u00f3n\",\"publisher\":{\"@id\":\"https:\/\/www.ocasionplus.com\/noticias\/#organization\"},\"potentialAction\":[{\"@type\":\"SearchAction\",\"target\":{\"@type\":\"EntryPoint\",\"urlTemplate\":\"https:\/\/www.ocasionplus.com\/noticias\/?s={search_term_string}\"},\"query-input\":{\"@type\":\"PropertyValueSpecification\",\"valueRequired\":true,\"valueName\":\"search_term_string\"}}],\"inLanguage\":\"es\"},{\"@type\":\"Organization\",\"@id\":\"https:\/\/www.ocasionplus.com\/noticias\/#organization\",\"name\":\"OcasionPlus\",\"url\":\"https:\/\/www.ocasionplus.com\/noticias\/\",\"logo\":{\"@type\":\"ImageObject\",\"inLanguage\":\"es\",\"@id\":\"https:\/\/www.ocasionplus.com\/noticias\/#\/schema\/logo\/image\/\",\"url\":\"https:\/\/www.ocasionplus.com\/wp-content\/uploads\/2024\/05\/cropped-cropped-oplus-logo-blog.png\",\"contentUrl\":\"https:\/\/www.ocasionplus.com\/wp-content\/uploads\/2024\/05\/cropped-cropped-oplus-logo-blog.png\",\"width\":360,\"height\":71,\"caption\":\"OcasionPlus\"},\"image\":{\"@id\":\"https:\/\/www.ocasionplus.com\/noticias\/#\/schema\/logo\/image\/\"},\"sameAs\":[\"https:\/\/www.facebook.com\/ocasionplus\",\"https:\/\/x.com\/ocasionplus\",\"https:\/\/www.instagram.com\/ocasion_plus\",\"https:\/\/www.youtube.com\/channel\/UCBiCAto61Lyu27CgI95wrYQ\",\"https:\/\/www.tiktok.com\/@ocasionplus.com\",\"https:\/\/es.linkedin.com\/company\/ocasionplus\"]},{\"@type\":\"Person\",\"@id\":\"https:\/\/www.ocasionplus.com\/noticias\/#\/schema\/person\/db1203be564cc3ded97ad1dbd8aadc5b\",\"name\":\"Cristhian Gonz\u00e1lez\",\"image\":{\"@type\":\"ImageObject\",\"inLanguage\":\"es\",\"@id\":\"https:\/\/www.ocasionplus.com\/noticias\/#\/schema\/person\/image\/\",\"url\":\"https:\/\/secure.gravatar.com\/avatar\/30c0388f0815fd0ab8fb4cfad29866ac?s=96&d=mm&r=g\",\"contentUrl\":\"https:\/\/secure.gravatar.com\/avatar\/30c0388f0815fd0ab8fb4cfad29866ac?s=96&d=mm&r=g\",\"caption\":\"Cristhian Gonz\u00e1lez\"},\"description\":\"Periodista formado en Colombia. Siempre vinculado al deporte y con pasi\u00f3n por los coches. He asistido y cubierto diferentes eventos deportivos para diferentes medios de comunicaci\u00f3n.\"}]}<\/script>\n<!-- \/ Yoast SEO Premium plugin. -->","yoast_head_json":{"title":"Citro\u00ebn \u00eb-C3 Aircross: Un SUV urbano el\u00e9ctrico de cinco plazas - OcasionPlus Blog","robots":{"index":"index","follow":"follow","max-snippet":"max-snippet:-1","max-image-preview":"max-image-preview:large","max-video-preview":"max-video-preview:-1"},"canonical":"https:\/\/www.ocasionplus.com\/noticias\/citroen-e-c3-aircross-2024\/","og_locale":"es_ES","og_type":"article","og_title":"Citro\u00ebn \u00eb-C3 Aircross: Un SUV urbano el\u00e9ctrico de cinco plazas","og_description":"Citro\u00ebn, tras presentar el C3 Aircross, mostr\u00f3 el Citro\u00ebn \u00eb-C3 Aircross, la versi\u00f3n 100% el\u00e9ctrica del modelo. Este SUV urbano solo estar\u00e1 disponible en cinco plazas, mientras que la versi\u00f3n de combusti\u00f3n, estar\u00e1 disponible para siete plazas.&nbsp; El \u00eb-C3 Aircross se realiz\u00f3 sobre la plataforma Smart Car, que realiz\u00f3 el Grupo Stellantis, permitiendo que esta...","og_url":"https:\/\/www.ocasionplus.com\/noticias\/citroen-e-c3-aircross-2024\/","og_site_name":"OcasionPlus Blog","article_publisher":"https:\/\/www.facebook.com\/ocasionplus","article_published_time":"2024-06-25T16:39:29+00:00","article_modified_time":"2025-03-27T09:49:32+00:00","og_image":[{"width":1280,"height":512,"url":"https:\/\/www.ocasionplus.com\/wp-content\/uploads\/2024\/06\/Citroen-e-c3-aircross.jpg","type":"image\/jpeg"}],"author":"Cristhian Gonz\u00e1lez","twitter_card":"summary_large_image","twitter_creator":"@ocasionplus","twitter_site":"@ocasionplus","twitter_misc":{"Escrito por":"Cristhian Gonz\u00e1lez","Tiempo de lectura":"3 minutos"},"schema":{"@context":"https:\/\/schema.org","@graph":[{"@type":"Article","@id":"https:\/\/www.ocasionplus.com\/noticias\/citroen-e-c3-aircross-2024\/#article","isPartOf":{"@id":"https:\/\/www.ocasionplus.com\/noticias\/citroen-e-c3-aircross-2024\/"},"author":{"name":"Cristhian Gonz\u00e1lez","@id":"https:\/\/www.ocasionplus.com\/noticias\/#\/schema\/person\/db1203be564cc3ded97ad1dbd8aadc5b"},"headline":"Citro\u00ebn \u00eb-C3 Aircross: Un SUV urbano el\u00e9ctrico de cinco plazas","datePublished":"2024-06-25T16:39:29+00:00","dateModified":"2025-03-27T09:49:32+00:00","mainEntityOfPage":{"@id":"https:\/\/www.ocasionplus.com\/noticias\/citroen-e-c3-aircross-2024\/"},"wordCount":656,"publisher":{"@id":"https:\/\/www.ocasionplus.com\/noticias\/#organization"},"image":{"@id":"https:\/\/www.ocasionplus.com\/noticias\/citroen-e-c3-aircross-2024\/#primaryimage"},"thumbnailUrl":"https:\/\/www.ocasionplus.com\/wp-content\/uploads\/2024\/06\/Citroen-e-c3-aircross.jpg","keywords":["citroen"],"articleSection":["\u00daltimas Noticias"],"inLanguage":"es","copyrightYear":"2024","copyrightHolder":{"@id":"https:\/\/www.ocasionplus.com\/noticias\/#organization"}},{"@type":"WebPage","@id":"https:\/\/www.ocasionplus.com\/noticias\/citroen-e-c3-aircross-2024\/","url":"https:\/\/www.ocasionplus.com\/noticias\/citroen-e-c3-aircross-2024\/","name":"Citro\u00ebn \u00eb-C3 Aircross: Un SUV urbano el\u00e9ctrico de cinco plazas - OcasionPlus Blog","isPartOf":{"@id":"https:\/\/www.ocasionplus.com\/noticias\/#website"},"primaryImageOfPage":{"@id":"https:\/\/www.ocasionplus.com\/noticias\/citroen-e-c3-aircross-2024\/#primaryimage"},"image":{"@id":"https:\/\/www.ocasionplus.com\/noticias\/citroen-e-c3-aircross-2024\/#primaryimage"},"thumbnailUrl":"https:\/\/www.ocasionplus.com\/wp-content\/uploads\/2024\/06\/Citroen-e-c3-aircross.jpg","datePublished":"2024-06-25T16:39:29+00:00","dateModified":"2025-03-27T09:49:32+00:00","breadcrumb":{"@id":"https:\/\/www.ocasionplus.com\/noticias\/citroen-e-c3-aircross-2024\/#breadcrumb"},"inLanguage":"es","potentialAction":[{"@type":"ReadAction","target":["https:\/\/www.ocasionplus.com\/noticias\/citroen-e-c3-aircross-2024\/"]}]},{"@type":"ImageObject","inLanguage":"es","@id":"https:\/\/www.ocasionplus.com\/noticias\/citroen-e-c3-aircross-2024\/#primaryimage","url":"https:\/\/www.ocasionplus.com\/wp-content\/uploads\/2024\/06\/Citroen-e-c3-aircross.jpg","contentUrl":"https:\/\/www.ocasionplus.com\/wp-content\/uploads\/2024\/06\/Citroen-e-c3-aircross.jpg","width":1280,"height":512,"caption":"Citroen e-c3 aircross"},{"@type":"BreadcrumbList","@id":"https:\/\/www.ocasionplus.com\/noticias\/citroen-e-c3-aircross-2024\/#breadcrumb","itemListElement":[{"@type":"ListItem","position":1,"name":"Portada","item":"https:\/\/www.ocasionplus.com\/noticias\/"},{"@type":"ListItem","position":2,"name":"Citro\u00ebn \u00eb-C3 Aircross: Un SUV urbano el\u00e9ctrico de cinco plazas"}]},{"@type":"WebSite","@id":"https:\/\/www.ocasionplus.com\/noticias\/#website","url":"https:\/\/www.ocasionplus.com\/noticias\/","name":"OcasionPlus Blog","description":"Veh\u00edculos de ocasi\u00f3n","publisher":{"@id":"https:\/\/www.ocasionplus.com\/noticias\/#organization"},"potentialAction":[{"@type":"SearchAction","target":{"@type":"EntryPoint","urlTemplate":"https:\/\/www.ocasionplus.com\/noticias\/?s={search_term_string}"},"query-input":{"@type":"PropertyValueSpecification","valueRequired":true,"valueName":"search_term_string"}}],"inLanguage":"es"},{"@type":"Organization","@id":"https:\/\/www.ocasionplus.com\/noticias\/#organization","name":"OcasionPlus","url":"https:\/\/www.ocasionplus.com\/noticias\/","logo":{"@type":"ImageObject","inLanguage":"es","@id":"https:\/\/www.ocasionplus.com\/noticias\/#\/schema\/logo\/image\/","url":"https:\/\/www.ocasionplus.com\/wp-content\/uploads\/2024\/05\/cropped-cropped-oplus-logo-blog.png","contentUrl":"https:\/\/www.ocasionplus.com\/wp-content\/uploads\/2024\/05\/cropped-cropped-oplus-logo-blog.png","width":360,"height":71,"caption":"OcasionPlus"},"image":{"@id":"https:\/\/www.ocasionplus.com\/noticias\/#\/schema\/logo\/image\/"},"sameAs":["https:\/\/www.facebook.com\/ocasionplus","https:\/\/x.com\/ocasionplus","https:\/\/www.instagram.com\/ocasion_plus","https:\/\/www.youtube.com\/channel\/UCBiCAto61Lyu27CgI95wrYQ","https:\/\/www.tiktok.com\/@ocasionplus.com","https:\/\/es.linkedin.com\/company\/ocasionplus"]},{"@type":"Person","@id":"https:\/\/www.ocasionplus.com\/noticias\/#\/schema\/person\/db1203be564cc3ded97ad1dbd8aadc5b","name":"Cristhian Gonz\u00e1lez","image":{"@type":"ImageObject","inLanguage":"es","@id":"https:\/\/www.ocasionplus.com\/noticias\/#\/schema\/person\/image\/","url":"https:\/\/secure.gravatar.com\/avatar\/30c0388f0815fd0ab8fb4cfad29866ac?s=96&d=mm&r=g","contentUrl":"https:\/\/secure.gravatar.com\/avatar\/30c0388f0815fd0ab8fb4cfad29866ac?s=96&d=mm&r=g","caption":"Cristhian Gonz\u00e1lez"},"description":"Periodista formado en Colombia. Siempre vinculado al deporte y con pasi\u00f3n por los coches. He asistido y cubierto diferentes eventos deportivos para diferentes medios de comunicaci\u00f3n."}]}},"jetpack_featured_media_url":"https:\/\/www.ocasionplus.com\/wp-content\/uploads\/2024\/06\/Citroen-e-c3-aircross.jpg","_links":{"self":[{"href":"https:\/\/www.ocasionplus.com\/noticias\/wp-json\/wp\/v2\/posts\/12108","targetHints":{"allow":["GET"]}}],"collection":[{"href":"https:\/\/www.ocasionplus.com\/noticias\/wp-json\/wp\/v2\/posts"}],"about":[{"href":"https:\/\/www.ocasionplus.com\/noticias\/wp-json\/wp\/v2\/types\/post"}],"author":[{"embeddable":true,"href":"https:\/\/www.ocasionplus.com\/noticias\/wp-json\/wp\/v2\/users\/3"}],"replies":[{"embeddable":true,"href":"https:\/\/www.ocasionplus.com\/noticias\/wp-json\/wp\/v2\/comments?post=12108"}],"version-history":[{"count":1,"href":"https:\/\/www.ocasionplus.com\/noticias\/wp-json\/wp\/v2\/posts\/12108\/revisions"}],"predecessor-version":[{"id":12917,"href":"https:\/\/www.ocasionplus.com\/noticias\/wp-json\/wp\/v2\/posts\/12108\/revisions\/12917"}],"wp:featuredmedia":[{"embeddable":true,"href":"https:\/\/www.ocasionplus.com\/noticias\/wp-json\/wp\/v2\/media\/12111"}],"wp:attachment":[{"href":"https:\/\/www.ocasionplus.com\/noticias\/wp-json\/wp\/v2\/media?parent=12108"}],"wp:term":[{"taxonomy":"category","embeddable":true,"href":"https:\/\/www.ocasionplus.com\/noticias\/wp-json\/wp\/v2\/categories?post=12108"},{"taxonomy":"post_tag","embeddable":true,"href":"https:\/\/www.ocasionplus.com\/noticias\/wp-json\/wp\/v2\/tags?post=12108"}],"curies":[{"name":"wp","href":"https:\/\/api.w.org\/{rel}","templated":true}]}}