{"id":12136,"date":"2024-06-27T12:37:43","date_gmt":"2024-06-27T10:37:43","guid":{"rendered":"https:\/\/blog.ocasionplus.com\/?p=12136"},"modified":"2025-03-27T10:49:31","modified_gmt":"2025-03-27T09:49:31","slug":"bmw-m5-2024-berlina-deportiva-hibrida-enchufable","status":"publish","type":"post","link":"https:\/\/www.ocasionplus.com\/noticias\/bmw-m5-2024-berlina-deportiva-hibrida-enchufable\/","title":{"rendered":"Nuevo BMW M5 2024: una berlina deportiva h\u00edbrida enchufable"},"content":{"rendered":"\n<p>Se present\u00f3 la s\u00e9ptima generaci\u00f3n de la berlina deportiva, el BMW M5 2024, que <strong>llega por primera vez con una versi\u00f3n electrificada<\/strong>, h\u00edbrida enchufable, con tecnolog\u00eda de competici\u00f3n. De este modo, se completa la gama del BMW Serie 5 y en noviembre se unir\u00e1 el BMW M5 Touring.&nbsp;<\/p>\n\n\n\n<p><strong>El BMW M5 2024 presenta un dise\u00f1o m\u00e1s agresivo<\/strong>, potenciado por sus accesorios M, tambi\u00e9n ha aumentado sus dimensiones, lo que enaltece su deportividad, cuenta con un chasis mejorado para recibir al sistema h\u00edbrido y un amplio equipamiento de serie.&nbsp;<\/p>\n\n\n\n<h2 class=\"wp-block-heading\">Dise\u00f1o exterior del BMW M5 2024<\/h2>\n\n\n\n<p>El BMW M5 2024 presenta unas nuevas medidas, con una distancia entre ejes m\u00e1s larga, es 7 cent\u00edmetros m\u00e1s ancho en el eje delantero y 5 cent\u00edmetros m\u00e1s en el trasero. Adem\u00e1s, de presentar unos pasos de rueda ensanchados y unas l\u00edneas angulosas.&nbsp;<\/p>\n\n\n\n<p>En el frontal, <strong>destaca su parrilla con doble ri\u00f1\u00f3n<\/strong> que integra unos detalles en cromado, las tomas de aire son amplias y est\u00e1n ubicadas en la parte inferior, mientras que los grupos \u00f3pticos son de tecnolog\u00eda LED.&nbsp;<\/p>\n\n\n\n<p>En el perfil destaca su guardabarros que tienen unas l\u00edneas marcadas, la parte inferior de las puertas recorren desde los faros delanteros hasta los traseros. <strong>La zaga contin\u00faa con su aspecto deportivo<\/strong>, gracias a las salidas de tomas de aire y un paragolpes trasero que presenta formas angulosas y unos grupos \u00f3pticos que se alargan hasta el perfil del veh\u00edculo.&nbsp;<\/p>\n\n\n\n<p>Est\u00e1 equipado con llantas de 20 pulgadas en el eje delantero y 21 pulgadas para el eje trasero. El techo es de carbono, aunque una versi\u00f3n con techo solar panor\u00e1mico de cristal, e integra elementos de en fibra de vidrio reforzado con carbono en los retrovisores.&nbsp;<\/p>\n\n\n\n<h2 class=\"wp-block-heading\">Interior del BMW M5 2024<\/h2>\n\n\n\n<figure class=\"wp-block-image size-large\"><img loading=\"lazy\" decoding=\"async\" width=\"1024\" height=\"768\" src=\"https:\/\/127.0.0.1\/wp-content\/uploads\/2024\/06\/Interior-BMW-M5-2024-1024x768.jpg\" alt=\"Interior BMW M5 2024\" class=\"wp-image-12137\" srcset=\"https:\/\/www.ocasionplus.com\/wp-content\/uploads\/2024\/06\/Interior-BMW-M5-2024-1024x768.jpg 1024w, https:\/\/www.ocasionplus.com\/wp-content\/uploads\/2024\/06\/Interior-BMW-M5-2024-300x225.jpg 300w, https:\/\/www.ocasionplus.com\/wp-content\/uploads\/2024\/06\/Interior-BMW-M5-2024-255x191.jpg 255w, https:\/\/www.ocasionplus.com\/wp-content\/uploads\/2024\/06\/Interior-BMW-M5-2024-510x383.jpg 510w, https:\/\/www.ocasionplus.com\/wp-content\/uploads\/2024\/06\/Interior-BMW-M5-2024-280x210.jpg 280w, https:\/\/www.ocasionplus.com\/wp-content\/uploads\/2024\/06\/Interior-BMW-M5-2024-560x420.jpg 560w, https:\/\/www.ocasionplus.com\/wp-content\/uploads\/2024\/06\/Interior-BMW-M5-2024-350x263.jpg 350w, https:\/\/www.ocasionplus.com\/wp-content\/uploads\/2024\/06\/Interior-BMW-M5-2024-700x525.jpg 700w, https:\/\/www.ocasionplus.com\/wp-content\/uploads\/2024\/06\/Interior-BMW-M5-2024-398x299.jpg 398w, https:\/\/www.ocasionplus.com\/wp-content\/uploads\/2024\/06\/Interior-BMW-M5-2024-796x597.jpg 796w, https:\/\/www.ocasionplus.com\/wp-content\/uploads\/2024\/06\/Interior-BMW-M5-2024.jpg 1280w\" sizes=\"auto, (max-width: 1024px) 100vw, 1024px\" \/><figcaption class=\"wp-element-caption\">El interior del BMW M5 2024 integra la BMW Curved Display<\/figcaption><\/figure>\n\n\n\n<p>El M5 se centra en el puesto del conductor, en donde se encuentra un volante M de cuero y asientos multifunci\u00f3n M, con tapicer\u00eda de cuero Merino de serie, BMW Interaction Bar e <strong>iluminaci\u00f3n interior espec\u00edfica con luces de bienvenida<\/strong>.&nbsp;<\/p>\n\n\n\n<p>Adem\u00e1s, se integra el sistema operativo BMW 8.5 compatible con Apple CarPlay y Android Auto, que se refleja en una <strong>pantalla BMW Curved Display<\/strong> con asistente personal inteligente de BMW, que se puede controlar mediante la pantalla t\u00e1ctil como por voz. Integra el BMW Live Cockpit Profesional con BMW head-up Display, Augmented View y el sistema de navegaci\u00f3n de BMW.&nbsp;<\/p>\n\n\n\n<p>En el equipamiento se encuentra el climatizador de cuatro zonas, asientos delanteros calefactados, iluminaci\u00f3n ambiental, sistema de sonido envolvente, bandeja de carga inal\u00e1mbrica, Comfort Acces, sistema de alarma y accionamiento autom\u00e1tico de port\u00f3n trasero.&nbsp;<\/p>\n\n\n\n<p>Dentro de su sistema de seguridad incluye un amplio abanico de sistemas de ayudas a la conducci\u00f3n, como puede ser la alerta de colisi\u00f3n frontal, aviso de cambio involuntario de carril, asistente de evasi\u00f3n, informaci\u00f3n sobre l\u00edmites de velocidad, asistente manual de l\u00edmites de velocidades y asistente de aparcamiento.&nbsp;<\/p>\n\n\n\n<h2 class=\"wp-block-heading\">Motor del BMW M5 2024<\/h2>\n\n\n\n<p>El M5 2024 es propulsado por un motor V8 M TwinTurbo de 4.4 litros electrificado, con un segundo motor el\u00e9ctrico, que est\u00e1 integrado en la transmisi\u00f3n M Steptronic de ocho velocidades y una bater\u00eda de 18,6 kWh, que ofrecen una potencia combinada de 727 CV.&nbsp;<\/p>\n\n\n\n<p>Esta berlina deportiva <strong>es capaz de acelerar de 0 a 100 km\/h en solo 3,5 segundos<\/strong> y alcanzar una velocidad m\u00e1xima de 250 km\/h o de 305 km\/h con el paquete M Driver. En su modo 100% el\u00e9ctrico es capaz de circular durante 69 kil\u00f3metros y esto le permite lucir la etiqueta cero de la DGT.&nbsp;<\/p>\n\n\n\n<h2 class=\"wp-block-heading\">Encuentra el BMW Serie 5 de segunda mano<\/h2>\n\n\n\n<p>Si est\u00e1s interesado en el <a href=\"https:\/\/www.ocasionplus.com\/coches-ocasion\/bmw\/serie-5\"><span style=\"text-decoration: underline;\"><mark style=\"background-color:rgba(0, 0, 0, 0);color:#189bd7\" class=\"has-inline-color\">BMW Serie 5 de segunda mano<\/mark><\/span><\/a>, en donde encontrar\u00e1s el M5, visita a los m\u00e1s de 90 centros de OcasionPlus que hay distribuidos por toda Espa\u00f1a y encuentra tu pr\u00f3ximo <a href=\"https:\/\/www.ocasionplus.com\/coches-ocasion\"><span style=\"text-decoration: underline;\"><mark style=\"background-color:rgba(0, 0, 0, 0);color:#189bd7\" class=\"has-inline-color\">coche de segunda mano<\/mark><\/span><\/a>.\u00a0<\/p>\n\n\n\n<p>Adem\u00e1s, todos los <a href=\"https:\/\/www.ocasionplus.com\/coches-ocasion\/bmw\"><span style=\"text-decoration: underline;\"><mark style=\"background-color:rgba(0, 0, 0, 0);color:#189bd7\" class=\"has-inline-color\">BMW de segunda mano<\/mark><\/span><\/a> y las dem\u00e1s marcas son revisados por m\u00e1s de 200 puntos de control, garantizando la fiabilidad, seguridad y dinamismo que puede ofrecer cada veh\u00edculo.<\/p>\n","protected":false},"excerpt":{"rendered":"<p>Se present\u00f3 la s\u00e9ptima generaci\u00f3n de la berlina deportiva, el BMW M5 2024, que llega por primera vez con una versi\u00f3n electrificada, h\u00edbrida enchufable, con tecnolog\u00eda de competici\u00f3n. De este modo, se completa la gama del BMW Serie 5 y en noviembre se unir\u00e1 el BMW M5 Touring.&nbsp; El BMW M5 2024 presenta un dise\u00f1o&#8230;<\/p>\n","protected":false},"author":3,"featured_media":12138,"comment_status":"closed","ping_status":"closed","sticky":false,"template":"","format":"standard","meta":{"footnotes":""},"categories":[2],"tags":[371,457],"class_list":["post-12136","post","type-post","status-publish","format-standard","has-post-thumbnail","hentry","category-ultimas-noticias","tag-bmw","tag-m5"],"yoast_head":"<!-- This site is optimized with the Yoast SEO Premium plugin v24.8 (Yoast SEO v24.8.1) - https:\/\/yoast.com\/wordpress\/plugins\/seo\/ -->\n<title>Nuevo BMW M5 2024: una berlina deportiva h\u00edbrida enchufable - OcasionPlus Blog<\/title>\n<meta name=\"robots\" content=\"index, follow, max-snippet:-1, max-image-preview:large, max-video-preview:-1\" \/>\n<link rel=\"canonical\" href=\"https:\/\/www.ocasionplus.com\/noticias\/bmw-m5-2024-berlina-deportiva-hibrida-enchufable\/\" \/>\n<meta property=\"og:locale\" content=\"es_ES\" \/>\n<meta property=\"og:type\" content=\"article\" \/>\n<meta property=\"og:title\" content=\"Nuevo BMW M5 2024: una berlina deportiva h\u00edbrida enchufable\" \/>\n<meta property=\"og:description\" content=\"Se present\u00f3 la s\u00e9ptima generaci\u00f3n de la berlina deportiva, el BMW M5 2024, que llega por primera vez con una versi\u00f3n electrificada, h\u00edbrida enchufable, con tecnolog\u00eda de competici\u00f3n. De este modo, se completa la gama del BMW Serie 5 y en noviembre se unir\u00e1 el BMW M5 Touring.&nbsp; El BMW M5 2024 presenta un dise\u00f1o...\" \/>\n<meta property=\"og:url\" content=\"https:\/\/www.ocasionplus.com\/noticias\/bmw-m5-2024-berlina-deportiva-hibrida-enchufable\/\" \/>\n<meta property=\"og:site_name\" content=\"OcasionPlus Blog\" \/>\n<meta property=\"article:publisher\" content=\"https:\/\/www.facebook.com\/ocasionplus\" \/>\n<meta property=\"article:published_time\" content=\"2024-06-27T10:37:43+00:00\" \/>\n<meta property=\"article:modified_time\" content=\"2025-03-27T09:49:31+00:00\" \/>\n<meta property=\"og:image\" content=\"https:\/\/www.ocasionplus.com\/wp-content\/uploads\/2024\/06\/BMW-M5-2024.jpg\" \/>\n\t<meta property=\"og:image:width\" content=\"1280\" \/>\n\t<meta property=\"og:image:height\" content=\"853\" \/>\n\t<meta property=\"og:image:type\" content=\"image\/jpeg\" \/>\n<meta name=\"author\" content=\"Cristhian Gonz\u00e1lez\" \/>\n<meta name=\"twitter:card\" content=\"summary_large_image\" \/>\n<meta name=\"twitter:creator\" content=\"@ocasionplus\" \/>\n<meta name=\"twitter:site\" content=\"@ocasionplus\" \/>\n<meta name=\"twitter:label1\" content=\"Escrito por\" \/>\n\t<meta name=\"twitter:data1\" content=\"Cristhian Gonz\u00e1lez\" \/>\n\t<meta name=\"twitter:label2\" content=\"Tiempo de lectura\" \/>\n\t<meta name=\"twitter:data2\" content=\"4 minutos\" \/>\n<script type=\"application\/ld+json\" class=\"yoast-schema-graph\">{\"@context\":\"https:\/\/schema.org\",\"@graph\":[{\"@type\":\"Article\",\"@id\":\"https:\/\/www.ocasionplus.com\/noticias\/bmw-m5-2024-berlina-deportiva-hibrida-enchufable\/#article\",\"isPartOf\":{\"@id\":\"https:\/\/www.ocasionplus.com\/noticias\/bmw-m5-2024-berlina-deportiva-hibrida-enchufable\/\"},\"author\":{\"name\":\"Cristhian Gonz\u00e1lez\",\"@id\":\"https:\/\/www.ocasionplus.com\/noticias\/#\/schema\/person\/db1203be564cc3ded97ad1dbd8aadc5b\"},\"headline\":\"Nuevo BMW M5 2024: una berlina deportiva h\u00edbrida enchufable\",\"datePublished\":\"2024-06-27T10:37:43+00:00\",\"dateModified\":\"2025-03-27T09:49:31+00:00\",\"mainEntityOfPage\":{\"@id\":\"https:\/\/www.ocasionplus.com\/noticias\/bmw-m5-2024-berlina-deportiva-hibrida-enchufable\/\"},\"wordCount\":717,\"publisher\":{\"@id\":\"https:\/\/www.ocasionplus.com\/noticias\/#organization\"},\"image\":{\"@id\":\"https:\/\/www.ocasionplus.com\/noticias\/bmw-m5-2024-berlina-deportiva-hibrida-enchufable\/#primaryimage\"},\"thumbnailUrl\":\"https:\/\/www.ocasionplus.com\/wp-content\/uploads\/2024\/06\/BMW-M5-2024.jpg\",\"keywords\":[\"bmw\",\"m5\"],\"articleSection\":[\"\u00daltimas Noticias\"],\"inLanguage\":\"es\",\"copyrightYear\":\"2024\",\"copyrightHolder\":{\"@id\":\"https:\/\/www.ocasionplus.com\/noticias\/#organization\"}},{\"@type\":\"WebPage\",\"@id\":\"https:\/\/www.ocasionplus.com\/noticias\/bmw-m5-2024-berlina-deportiva-hibrida-enchufable\/\",\"url\":\"https:\/\/www.ocasionplus.com\/noticias\/bmw-m5-2024-berlina-deportiva-hibrida-enchufable\/\",\"name\":\"Nuevo BMW M5 2024: una berlina deportiva h\u00edbrida enchufable - OcasionPlus Blog\",\"isPartOf\":{\"@id\":\"https:\/\/www.ocasionplus.com\/noticias\/#website\"},\"primaryImageOfPage\":{\"@id\":\"https:\/\/www.ocasionplus.com\/noticias\/bmw-m5-2024-berlina-deportiva-hibrida-enchufable\/#primaryimage\"},\"image\":{\"@id\":\"https:\/\/www.ocasionplus.com\/noticias\/bmw-m5-2024-berlina-deportiva-hibrida-enchufable\/#primaryimage\"},\"thumbnailUrl\":\"https:\/\/www.ocasionplus.com\/wp-content\/uploads\/2024\/06\/BMW-M5-2024.jpg\",\"datePublished\":\"2024-06-27T10:37:43+00:00\",\"dateModified\":\"2025-03-27T09:49:31+00:00\",\"breadcrumb\":{\"@id\":\"https:\/\/www.ocasionplus.com\/noticias\/bmw-m5-2024-berlina-deportiva-hibrida-enchufable\/#breadcrumb\"},\"inLanguage\":\"es\",\"potentialAction\":[{\"@type\":\"ReadAction\",\"target\":[\"https:\/\/www.ocasionplus.com\/noticias\/bmw-m5-2024-berlina-deportiva-hibrida-enchufable\/\"]}]},{\"@type\":\"ImageObject\",\"inLanguage\":\"es\",\"@id\":\"https:\/\/www.ocasionplus.com\/noticias\/bmw-m5-2024-berlina-deportiva-hibrida-enchufable\/#primaryimage\",\"url\":\"https:\/\/www.ocasionplus.com\/wp-content\/uploads\/2024\/06\/BMW-M5-2024.jpg\",\"contentUrl\":\"https:\/\/www.ocasionplus.com\/wp-content\/uploads\/2024\/06\/BMW-M5-2024.jpg\",\"width\":1280,\"height\":853,\"caption\":\"El BMW M5 2024 es la primera versi\u00f3n h\u00edbrida enchufable de la berlina deportiva\"},{\"@type\":\"BreadcrumbList\",\"@id\":\"https:\/\/www.ocasionplus.com\/noticias\/bmw-m5-2024-berlina-deportiva-hibrida-enchufable\/#breadcrumb\",\"itemListElement\":[{\"@type\":\"ListItem\",\"position\":1,\"name\":\"Portada\",\"item\":\"https:\/\/www.ocasionplus.com\/noticias\/\"},{\"@type\":\"ListItem\",\"position\":2,\"name\":\"Nuevo BMW M5 2024: una berlina deportiva h\u00edbrida enchufable\"}]},{\"@type\":\"WebSite\",\"@id\":\"https:\/\/www.ocasionplus.com\/noticias\/#website\",\"url\":\"https:\/\/www.ocasionplus.com\/noticias\/\",\"name\":\"OcasionPlus Blog\",\"description\":\"Veh\u00edculos de ocasi\u00f3n\",\"publisher\":{\"@id\":\"https:\/\/www.ocasionplus.com\/noticias\/#organization\"},\"potentialAction\":[{\"@type\":\"SearchAction\",\"target\":{\"@type\":\"EntryPoint\",\"urlTemplate\":\"https:\/\/www.ocasionplus.com\/noticias\/?s={search_term_string}\"},\"query-input\":{\"@type\":\"PropertyValueSpecification\",\"valueRequired\":true,\"valueName\":\"search_term_string\"}}],\"inLanguage\":\"es\"},{\"@type\":\"Organization\",\"@id\":\"https:\/\/www.ocasionplus.com\/noticias\/#organization\",\"name\":\"OcasionPlus\",\"url\":\"https:\/\/www.ocasionplus.com\/noticias\/\",\"logo\":{\"@type\":\"ImageObject\",\"inLanguage\":\"es\",\"@id\":\"https:\/\/www.ocasionplus.com\/noticias\/#\/schema\/logo\/image\/\",\"url\":\"https:\/\/www.ocasionplus.com\/wp-content\/uploads\/2024\/05\/cropped-cropped-oplus-logo-blog.png\",\"contentUrl\":\"https:\/\/www.ocasionplus.com\/wp-content\/uploads\/2024\/05\/cropped-cropped-oplus-logo-blog.png\",\"width\":360,\"height\":71,\"caption\":\"OcasionPlus\"},\"image\":{\"@id\":\"https:\/\/www.ocasionplus.com\/noticias\/#\/schema\/logo\/image\/\"},\"sameAs\":[\"https:\/\/www.facebook.com\/ocasionplus\",\"https:\/\/x.com\/ocasionplus\",\"https:\/\/www.instagram.com\/ocasion_plus\",\"https:\/\/www.youtube.com\/channel\/UCBiCAto61Lyu27CgI95wrYQ\",\"https:\/\/www.tiktok.com\/@ocasionplus.com\",\"https:\/\/es.linkedin.com\/company\/ocasionplus\"]},{\"@type\":\"Person\",\"@id\":\"https:\/\/www.ocasionplus.com\/noticias\/#\/schema\/person\/db1203be564cc3ded97ad1dbd8aadc5b\",\"name\":\"Cristhian Gonz\u00e1lez\",\"image\":{\"@type\":\"ImageObject\",\"inLanguage\":\"es\",\"@id\":\"https:\/\/www.ocasionplus.com\/noticias\/#\/schema\/person\/image\/\",\"url\":\"https:\/\/secure.gravatar.com\/avatar\/30c0388f0815fd0ab8fb4cfad29866ac?s=96&d=mm&r=g\",\"contentUrl\":\"https:\/\/secure.gravatar.com\/avatar\/30c0388f0815fd0ab8fb4cfad29866ac?s=96&d=mm&r=g\",\"caption\":\"Cristhian Gonz\u00e1lez\"},\"description\":\"Periodista formado en Colombia. Siempre vinculado al deporte y con pasi\u00f3n por los coches. He asistido y cubierto diferentes eventos deportivos para diferentes medios de comunicaci\u00f3n.\"}]}<\/script>\n<!-- \/ Yoast SEO Premium plugin. -->","yoast_head_json":{"title":"Nuevo BMW M5 2024: una berlina deportiva h\u00edbrida enchufable - OcasionPlus Blog","robots":{"index":"index","follow":"follow","max-snippet":"max-snippet:-1","max-image-preview":"max-image-preview:large","max-video-preview":"max-video-preview:-1"},"canonical":"https:\/\/www.ocasionplus.com\/noticias\/bmw-m5-2024-berlina-deportiva-hibrida-enchufable\/","og_locale":"es_ES","og_type":"article","og_title":"Nuevo BMW M5 2024: una berlina deportiva h\u00edbrida enchufable","og_description":"Se present\u00f3 la s\u00e9ptima generaci\u00f3n de la berlina deportiva, el BMW M5 2024, que llega por primera vez con una versi\u00f3n electrificada, h\u00edbrida enchufable, con tecnolog\u00eda de competici\u00f3n. De este modo, se completa la gama del BMW Serie 5 y en noviembre se unir\u00e1 el BMW M5 Touring.&nbsp; El BMW M5 2024 presenta un dise\u00f1o...","og_url":"https:\/\/www.ocasionplus.com\/noticias\/bmw-m5-2024-berlina-deportiva-hibrida-enchufable\/","og_site_name":"OcasionPlus Blog","article_publisher":"https:\/\/www.facebook.com\/ocasionplus","article_published_time":"2024-06-27T10:37:43+00:00","article_modified_time":"2025-03-27T09:49:31+00:00","og_image":[{"width":1280,"height":853,"url":"https:\/\/www.ocasionplus.com\/wp-content\/uploads\/2024\/06\/BMW-M5-2024.jpg","type":"image\/jpeg"}],"author":"Cristhian Gonz\u00e1lez","twitter_card":"summary_large_image","twitter_creator":"@ocasionplus","twitter_site":"@ocasionplus","twitter_misc":{"Escrito por":"Cristhian Gonz\u00e1lez","Tiempo de lectura":"4 minutos"},"schema":{"@context":"https:\/\/schema.org","@graph":[{"@type":"Article","@id":"https:\/\/www.ocasionplus.com\/noticias\/bmw-m5-2024-berlina-deportiva-hibrida-enchufable\/#article","isPartOf":{"@id":"https:\/\/www.ocasionplus.com\/noticias\/bmw-m5-2024-berlina-deportiva-hibrida-enchufable\/"},"author":{"name":"Cristhian Gonz\u00e1lez","@id":"https:\/\/www.ocasionplus.com\/noticias\/#\/schema\/person\/db1203be564cc3ded97ad1dbd8aadc5b"},"headline":"Nuevo BMW M5 2024: una berlina deportiva h\u00edbrida enchufable","datePublished":"2024-06-27T10:37:43+00:00","dateModified":"2025-03-27T09:49:31+00:00","mainEntityOfPage":{"@id":"https:\/\/www.ocasionplus.com\/noticias\/bmw-m5-2024-berlina-deportiva-hibrida-enchufable\/"},"wordCount":717,"publisher":{"@id":"https:\/\/www.ocasionplus.com\/noticias\/#organization"},"image":{"@id":"https:\/\/www.ocasionplus.com\/noticias\/bmw-m5-2024-berlina-deportiva-hibrida-enchufable\/#primaryimage"},"thumbnailUrl":"https:\/\/www.ocasionplus.com\/wp-content\/uploads\/2024\/06\/BMW-M5-2024.jpg","keywords":["bmw","m5"],"articleSection":["\u00daltimas Noticias"],"inLanguage":"es","copyrightYear":"2024","copyrightHolder":{"@id":"https:\/\/www.ocasionplus.com\/noticias\/#organization"}},{"@type":"WebPage","@id":"https:\/\/www.ocasionplus.com\/noticias\/bmw-m5-2024-berlina-deportiva-hibrida-enchufable\/","url":"https:\/\/www.ocasionplus.com\/noticias\/bmw-m5-2024-berlina-deportiva-hibrida-enchufable\/","name":"Nuevo BMW M5 2024: una berlina deportiva h\u00edbrida enchufable - OcasionPlus Blog","isPartOf":{"@id":"https:\/\/www.ocasionplus.com\/noticias\/#website"},"primaryImageOfPage":{"@id":"https:\/\/www.ocasionplus.com\/noticias\/bmw-m5-2024-berlina-deportiva-hibrida-enchufable\/#primaryimage"},"image":{"@id":"https:\/\/www.ocasionplus.com\/noticias\/bmw-m5-2024-berlina-deportiva-hibrida-enchufable\/#primaryimage"},"thumbnailUrl":"https:\/\/www.ocasionplus.com\/wp-content\/uploads\/2024\/06\/BMW-M5-2024.jpg","datePublished":"2024-06-27T10:37:43+00:00","dateModified":"2025-03-27T09:49:31+00:00","breadcrumb":{"@id":"https:\/\/www.ocasionplus.com\/noticias\/bmw-m5-2024-berlina-deportiva-hibrida-enchufable\/#breadcrumb"},"inLanguage":"es","potentialAction":[{"@type":"ReadAction","target":["https:\/\/www.ocasionplus.com\/noticias\/bmw-m5-2024-berlina-deportiva-hibrida-enchufable\/"]}]},{"@type":"ImageObject","inLanguage":"es","@id":"https:\/\/www.ocasionplus.com\/noticias\/bmw-m5-2024-berlina-deportiva-hibrida-enchufable\/#primaryimage","url":"https:\/\/www.ocasionplus.com\/wp-content\/uploads\/2024\/06\/BMW-M5-2024.jpg","contentUrl":"https:\/\/www.ocasionplus.com\/wp-content\/uploads\/2024\/06\/BMW-M5-2024.jpg","width":1280,"height":853,"caption":"El BMW M5 2024 es la primera versi\u00f3n h\u00edbrida enchufable de la berlina deportiva"},{"@type":"BreadcrumbList","@id":"https:\/\/www.ocasionplus.com\/noticias\/bmw-m5-2024-berlina-deportiva-hibrida-enchufable\/#breadcrumb","itemListElement":[{"@type":"ListItem","position":1,"name":"Portada","item":"https:\/\/www.ocasionplus.com\/noticias\/"},{"@type":"ListItem","position":2,"name":"Nuevo BMW M5 2024: una berlina deportiva h\u00edbrida enchufable"}]},{"@type":"WebSite","@id":"https:\/\/www.ocasionplus.com\/noticias\/#website","url":"https:\/\/www.ocasionplus.com\/noticias\/","name":"OcasionPlus Blog","description":"Veh\u00edculos de ocasi\u00f3n","publisher":{"@id":"https:\/\/www.ocasionplus.com\/noticias\/#organization"},"potentialAction":[{"@type":"SearchAction","target":{"@type":"EntryPoint","urlTemplate":"https:\/\/www.ocasionplus.com\/noticias\/?s={search_term_string}"},"query-input":{"@type":"PropertyValueSpecification","valueRequired":true,"valueName":"search_term_string"}}],"inLanguage":"es"},{"@type":"Organization","@id":"https:\/\/www.ocasionplus.com\/noticias\/#organization","name":"OcasionPlus","url":"https:\/\/www.ocasionplus.com\/noticias\/","logo":{"@type":"ImageObject","inLanguage":"es","@id":"https:\/\/www.ocasionplus.com\/noticias\/#\/schema\/logo\/image\/","url":"https:\/\/www.ocasionplus.com\/wp-content\/uploads\/2024\/05\/cropped-cropped-oplus-logo-blog.png","contentUrl":"https:\/\/www.ocasionplus.com\/wp-content\/uploads\/2024\/05\/cropped-cropped-oplus-logo-blog.png","width":360,"height":71,"caption":"OcasionPlus"},"image":{"@id":"https:\/\/www.ocasionplus.com\/noticias\/#\/schema\/logo\/image\/"},"sameAs":["https:\/\/www.facebook.com\/ocasionplus","https:\/\/x.com\/ocasionplus","https:\/\/www.instagram.com\/ocasion_plus","https:\/\/www.youtube.com\/channel\/UCBiCAto61Lyu27CgI95wrYQ","https:\/\/www.tiktok.com\/@ocasionplus.com","https:\/\/es.linkedin.com\/company\/ocasionplus"]},{"@type":"Person","@id":"https:\/\/www.ocasionplus.com\/noticias\/#\/schema\/person\/db1203be564cc3ded97ad1dbd8aadc5b","name":"Cristhian Gonz\u00e1lez","image":{"@type":"ImageObject","inLanguage":"es","@id":"https:\/\/www.ocasionplus.com\/noticias\/#\/schema\/person\/image\/","url":"https:\/\/secure.gravatar.com\/avatar\/30c0388f0815fd0ab8fb4cfad29866ac?s=96&d=mm&r=g","contentUrl":"https:\/\/secure.gravatar.com\/avatar\/30c0388f0815fd0ab8fb4cfad29866ac?s=96&d=mm&r=g","caption":"Cristhian Gonz\u00e1lez"},"description":"Periodista formado en Colombia. Siempre vinculado al deporte y con pasi\u00f3n por los coches. He asistido y cubierto diferentes eventos deportivos para diferentes medios de comunicaci\u00f3n."}]}},"jetpack_featured_media_url":"https:\/\/www.ocasionplus.com\/wp-content\/uploads\/2024\/06\/BMW-M5-2024.jpg","_links":{"self":[{"href":"https:\/\/www.ocasionplus.com\/noticias\/wp-json\/wp\/v2\/posts\/12136","targetHints":{"allow":["GET"]}}],"collection":[{"href":"https:\/\/www.ocasionplus.com\/noticias\/wp-json\/wp\/v2\/posts"}],"about":[{"href":"https:\/\/www.ocasionplus.com\/noticias\/wp-json\/wp\/v2\/types\/post"}],"author":[{"embeddable":true,"href":"https:\/\/www.ocasionplus.com\/noticias\/wp-json\/wp\/v2\/users\/3"}],"replies":[{"embeddable":true,"href":"https:\/\/www.ocasionplus.com\/noticias\/wp-json\/wp\/v2\/comments?post=12136"}],"version-history":[{"count":1,"href":"https:\/\/www.ocasionplus.com\/noticias\/wp-json\/wp\/v2\/posts\/12136\/revisions"}],"predecessor-version":[{"id":12914,"href":"https:\/\/www.ocasionplus.com\/noticias\/wp-json\/wp\/v2\/posts\/12136\/revisions\/12914"}],"wp:featuredmedia":[{"embeddable":true,"href":"https:\/\/www.ocasionplus.com\/noticias\/wp-json\/wp\/v2\/media\/12138"}],"wp:attachment":[{"href":"https:\/\/www.ocasionplus.com\/noticias\/wp-json\/wp\/v2\/media?parent=12136"}],"wp:term":[{"taxonomy":"category","embeddable":true,"href":"https:\/\/www.ocasionplus.com\/noticias\/wp-json\/wp\/v2\/categories?post=12136"},{"taxonomy":"post_tag","embeddable":true,"href":"https:\/\/www.ocasionplus.com\/noticias\/wp-json\/wp\/v2\/tags?post=12136"}],"curies":[{"name":"wp","href":"https:\/\/api.w.org\/{rel}","templated":true}]}}