{"id":12188,"date":"2024-06-28T18:13:38","date_gmt":"2024-06-28T16:13:38","guid":{"rendered":"https:\/\/blog.ocasionplus.com\/?p=12188"},"modified":"2025-03-27T10:49:30","modified_gmt":"2025-03-27T09:49:30","slug":"nuevo-opel-grandland-100-electrico","status":"publish","type":"post","link":"https:\/\/www.ocasionplus.com\/noticias\/nuevo-opel-grandland-100-electrico\/","title":{"rendered":"Nuevo Opel Grandland, ahora disponible en un modo 100% el\u00e9ctrico"},"content":{"rendered":"\n<p>Se present\u00f3 el nuevo Opel Grandland, con una versi\u00f3n 100% el\u00e9ctrica y con tejidos interiores fabricados con materiales 100% reciclados. Adem\u00e1s, de presentar el logotipo Blitz y las letras de Opel en la parte trasera que se iluminan.&nbsp;<\/p>\n\n\n\n<h2 class=\"wp-block-heading\">Nuevo Opel Grandland 2024<\/h2>\n\n\n\n<p>Desde el 2023 se hab\u00eda presentado el concept car del Opel Grandland, fue hasta el 2024 donde se present\u00f3. Este modelo mostr\u00f3 un <strong>dise\u00f1o atrevido y puro<\/strong>, con un uso \u00f3ptimo del espacio, as\u00ed como las \u00faltimas tecnolog\u00edas y una propulsi\u00f3n totalmente el\u00e9ctrica.&nbsp;<\/p>\n\n\n\n<p>Para el dise\u00f1o del nuevo Opel Grandland los ingenieros de la marca, se centraron en un sistema Opel Experimental, marcando as\u00ed la nueva l\u00ednea que presentar\u00e1n los modelos de Opel. Esto se divide en tres t\u00e9rminos clave:<\/p>\n\n\n\n<ol class=\"wp-block-list\">\n<li><strong>Detox:<\/strong> El Opel Experimental tiene un dise\u00f1o atrevido y puro, se centra en lo esencial.&nbsp;<\/li>\n\n\n\n<li><strong>Modern German:<\/strong> Impresiona por sus proporciones, soluciones inteligente, uso altamente eficiente del espacio y la \u00faltima tecnolog\u00eda de iluminaci\u00f3n.&nbsp;<\/li>\n\n\n\n<li><strong>Greenovation: <\/strong>totalmente el\u00e9ctrico y reduce la huella de CO2.&nbsp;<\/li>\n<\/ol>\n\n\n\n<h2 class=\"wp-block-heading\">Dise\u00f1o del Opel Grandland 2024<\/h2>\n\n\n\n<figure class=\"wp-block-image size-large\"><img loading=\"lazy\" decoding=\"async\" width=\"1024\" height=\"593\" src=\"https:\/\/127.0.0.1\/wp-content\/uploads\/2024\/06\/OpelGrandlandOpelExperimental-1024x593.jpg\" alt=\"Opel Grandland con el concep car\" class=\"wp-image-12190\" srcset=\"https:\/\/www.ocasionplus.com\/wp-content\/uploads\/2024\/06\/OpelGrandlandOpelExperimental-1024x593.jpg 1024w, https:\/\/www.ocasionplus.com\/wp-content\/uploads\/2024\/06\/OpelGrandlandOpelExperimental-300x174.jpg 300w, https:\/\/www.ocasionplus.com\/wp-content\/uploads\/2024\/06\/OpelGrandlandOpelExperimental-255x148.jpg 255w, https:\/\/www.ocasionplus.com\/wp-content\/uploads\/2024\/06\/OpelGrandlandOpelExperimental-510x295.jpg 510w, https:\/\/www.ocasionplus.com\/wp-content\/uploads\/2024\/06\/OpelGrandlandOpelExperimental-280x162.jpg 280w, https:\/\/www.ocasionplus.com\/wp-content\/uploads\/2024\/06\/OpelGrandlandOpelExperimental-560x324.jpg 560w, https:\/\/www.ocasionplus.com\/wp-content\/uploads\/2024\/06\/OpelGrandlandOpelExperimental-350x203.jpg 350w, https:\/\/www.ocasionplus.com\/wp-content\/uploads\/2024\/06\/OpelGrandlandOpelExperimental-700x405.jpg 700w, https:\/\/www.ocasionplus.com\/wp-content\/uploads\/2024\/06\/OpelGrandlandOpelExperimental-398x230.jpg 398w, https:\/\/www.ocasionplus.com\/wp-content\/uploads\/2024\/06\/OpelGrandlandOpelExperimental-796x461.jpg 796w, https:\/\/www.ocasionplus.com\/wp-content\/uploads\/2024\/06\/OpelGrandlandOpelExperimental.jpg 1280w\" sizes=\"auto, (max-width: 1024px) 100vw, 1024px\" \/><figcaption class=\"wp-element-caption\">El dise\u00f1o del Grandland se bas\u00f3 en el Opel Experimental<\/figcaption><\/figure>\n\n\n\n<p>El nuevo Grandland presenta un estilo atrevido y puro que se nota por dentro y por fuera. En dise\u00f1o <strong>destaca el nuevo 3D Vizor que se integra al Opel Blitz<\/strong>, iluminado por primera vez, y la innovadora tecnolog\u00eda Edge Light. Adem\u00e1s, retoma caracter\u00edsticas del dise\u00f1o del \u201cOpel Compass\u201d como el pliegue vertical de la parrilla.&nbsp;<\/p>\n\n\n\n<p>El nuevo Opel Blitz iluminado es la principal novedad lum\u00ednica, aunque tambi\u00e9n se presenta la iluminaci\u00f3n Intelli-Lux Pixel Matrix HD, con un sistema de m\u00e1s de 50.000 elementos lum\u00ednicos que permite una distribuci\u00f3n de la luz de alta resoluci\u00f3n. Adem\u00e1s, de nuevas animaciones de saludo y despedida.&nbsp;<\/p>\n\n\n\n<p>En la zaga, destaca las <strong>letras de Opel iluminadas en el centro del maletero<\/strong>. Adem\u00e1s, de las letras del nombre del modelo (Grandland), que se encuentran grabadas en relieve en el centro del port\u00f3n trasero.&nbsp;<\/p>\n\n\n\n<h2 class=\"wp-block-heading\">Interior del nuevo Grandland 2024<\/h2>\n\n\n\n<p><strong>El interior est\u00e1 dise\u00f1ado para ser eficiente<\/strong>. Presenta unas l\u00edneas en el salpicadero que recorren el ancho del habit\u00e1culo y una pantalla central de 16 pulgadas, ligeramente inclinada hacia el conductor.&nbsp;<\/p>\n\n\n\n<p>Detr\u00e1s del volante, hay una pantalla totalmente digital, adem\u00e1s, de un head-up display Intelli-HUD, que garantiza a los conductores mantener siempre la vista en la carretera. El selector de modos de conducci\u00f3n se encuentra en la zona central, pero tambi\u00e9n se puede seleccionar de forma autom\u00e1tica, seg\u00fan lo que el coche pida.&nbsp;<\/p>\n\n\n\n<p>Este modelo es <strong>el primero que utiliza la plataforma STLA Medium de Stellantis<\/strong>, una arquitectura que est\u00e1 dise\u00f1ada para modelos el\u00e9ctricos. El nuevo Opel Grandland equipa una bater\u00eda de hasta 98 kWh, con un motor de nueva generaci\u00f3n y otras caracter\u00edsticas como la bomba de calor, esto le permite al Grandland tener una autonom\u00eda de hasta 700 kil\u00f3metros.&nbsp;<\/p>\n\n\n\n<p>Para recargar el SUV se necesita de alrededor de 26 minutos en un cargador r\u00e1pido, para llegar al 80% de la capacidad de la bater\u00eda, y alrededor de una hora para un cargador semirrapido.\u00a0<\/p>\n\n\n\n<figure class=\"wp-block-image size-large\"><img loading=\"lazy\" decoding=\"async\" width=\"1024\" height=\"673\" src=\"https:\/\/127.0.0.1\/wp-content\/uploads\/2024\/06\/Opel-Grandland-zaga-1024x673.jpg\" alt=\"Opel Grandland - zaga\" class=\"wp-image-12191\" srcset=\"https:\/\/www.ocasionplus.com\/wp-content\/uploads\/2024\/06\/Opel-Grandland-zaga-1024x673.jpg 1024w, https:\/\/www.ocasionplus.com\/wp-content\/uploads\/2024\/06\/Opel-Grandland-zaga-300x197.jpg 300w, https:\/\/www.ocasionplus.com\/wp-content\/uploads\/2024\/06\/Opel-Grandland-zaga-255x168.jpg 255w, https:\/\/www.ocasionplus.com\/wp-content\/uploads\/2024\/06\/Opel-Grandland-zaga-510x335.jpg 510w, https:\/\/www.ocasionplus.com\/wp-content\/uploads\/2024\/06\/Opel-Grandland-zaga-280x184.jpg 280w, https:\/\/www.ocasionplus.com\/wp-content\/uploads\/2024\/06\/Opel-Grandland-zaga-560x368.jpg 560w, https:\/\/www.ocasionplus.com\/wp-content\/uploads\/2024\/06\/Opel-Grandland-zaga-350x230.jpg 350w, https:\/\/www.ocasionplus.com\/wp-content\/uploads\/2024\/06\/Opel-Grandland-zaga-700x460.jpg 700w, https:\/\/www.ocasionplus.com\/wp-content\/uploads\/2024\/06\/Opel-Grandland-zaga-398x261.jpg 398w, https:\/\/www.ocasionplus.com\/wp-content\/uploads\/2024\/06\/Opel-Grandland-zaga-796x523.jpg 796w, https:\/\/www.ocasionplus.com\/wp-content\/uploads\/2024\/06\/Opel-Grandland-zaga.jpg 1280w\" sizes=\"auto, (max-width: 1024px) 100vw, 1024px\" \/><figcaption class=\"wp-element-caption\">El nuevo Opel Grandland presenta las letras de Opel en el maletero iluminados<\/figcaption><\/figure>\n\n\n\n<h2 class=\"wp-block-heading\">Encuentra el Opel Grandland de segunda mano<\/h2>\n\n\n\n<p>Si est\u00e1s interesado en comprar el <a href=\"https:\/\/www.ocasionplus.com\/coches-ocasion\/opel\/grandland-x\"><span style=\"text-decoration: underline;\"><mark style=\"background-color:rgba(0, 0, 0, 0);color:#189bd7\" class=\"has-inline-color\">Opel Grandland de segunda mano<\/mark><\/span><\/a>, en OcasionPlus encuentras una amplia oferta de este <a href=\"https:\/\/www.ocasionplus.com\/coches-ocasion\/todoterreno\"><span style=\"text-decoration: underline;\"><mark style=\"background-color:rgba(0, 0, 0, 0);color:#189bd7\" class=\"has-inline-color\">SUV de segunda mano<\/mark><\/span><\/a>, todos con la mejor relaci\u00f3n calidad precio del mercado.\u00a0<\/p>\n\n\n\n<p>Adem\u00e1s, en los m\u00e1s de 90 centros de OcasionPlus encontrar\u00e1s una oferta de m\u00e1s de 8.000 <a href=\"https:\/\/www.ocasionplus.com\/coches-ocasion\"><span style=\"text-decoration: underline;\"><mark style=\"background-color:rgba(0, 0, 0, 0);color:#189bd7\" class=\"has-inline-color\">coches de segunda mano<\/mark><\/span><\/a> que son inspeccionados en m\u00e1s de 200 puntos de control, lo que permite estar comprando un veh\u00edculo de calidad.<\/p>\n","protected":false},"excerpt":{"rendered":"<p>Se present\u00f3 el nuevo Opel Grandland, con una versi\u00f3n 100% el\u00e9ctrica y con tejidos interiores fabricados con materiales 100% reciclados. Adem\u00e1s, de presentar el logotipo Blitz y las letras de Opel en la parte trasera que se iluminan.&nbsp; Nuevo Opel Grandland 2024 Desde el 2023 se hab\u00eda presentado el concept car del Opel Grandland, fue&#8230;<\/p>\n","protected":false},"author":3,"featured_media":12192,"comment_status":"closed","ping_status":"closed","sticky":false,"template":"","format":"standard","meta":{"footnotes":""},"categories":[2],"tags":[462,404],"class_list":["post-12188","post","type-post","status-publish","format-standard","has-post-thumbnail","hentry","category-ultimas-noticias","tag-grandland","tag-opel"],"yoast_head":"<!-- This site is optimized with the Yoast SEO Premium plugin v24.8 (Yoast SEO v24.8.1) - https:\/\/yoast.com\/wordpress\/plugins\/seo\/ -->\n<title>Nuevo Opel Grandland, ahora disponible en un modo 100% el\u00e9ctrico - OcasionPlus Blog<\/title>\n<meta name=\"robots\" content=\"index, follow, max-snippet:-1, max-image-preview:large, max-video-preview:-1\" \/>\n<link rel=\"canonical\" href=\"https:\/\/www.ocasionplus.com\/noticias\/nuevo-opel-grandland-100-electrico\/\" \/>\n<meta property=\"og:locale\" content=\"es_ES\" \/>\n<meta property=\"og:type\" content=\"article\" \/>\n<meta property=\"og:title\" content=\"Nuevo Opel Grandland, ahora disponible en un modo 100% el\u00e9ctrico\" \/>\n<meta property=\"og:description\" content=\"Se present\u00f3 el nuevo Opel Grandland, con una versi\u00f3n 100% el\u00e9ctrica y con tejidos interiores fabricados con materiales 100% reciclados. Adem\u00e1s, de presentar el logotipo Blitz y las letras de Opel en la parte trasera que se iluminan.&nbsp; Nuevo Opel Grandland 2024 Desde el 2023 se hab\u00eda presentado el concept car del Opel Grandland, fue...\" \/>\n<meta property=\"og:url\" content=\"https:\/\/www.ocasionplus.com\/noticias\/nuevo-opel-grandland-100-electrico\/\" \/>\n<meta property=\"og:site_name\" content=\"OcasionPlus Blog\" \/>\n<meta property=\"article:publisher\" content=\"https:\/\/www.facebook.com\/ocasionplus\" \/>\n<meta property=\"article:published_time\" content=\"2024-06-28T16:13:38+00:00\" \/>\n<meta property=\"article:modified_time\" content=\"2025-03-27T09:49:30+00:00\" \/>\n<meta property=\"og:image\" content=\"https:\/\/www.ocasionplus.com\/wp-content\/uploads\/2024\/06\/Opel-Grandland.jpg\" \/>\n\t<meta property=\"og:image:width\" content=\"1280\" \/>\n\t<meta property=\"og:image:height\" content=\"855\" \/>\n\t<meta property=\"og:image:type\" content=\"image\/jpeg\" \/>\n<meta name=\"author\" content=\"Cristhian Gonz\u00e1lez\" \/>\n<meta name=\"twitter:card\" content=\"summary_large_image\" \/>\n<meta name=\"twitter:creator\" content=\"@ocasionplus\" \/>\n<meta name=\"twitter:site\" content=\"@ocasionplus\" \/>\n<meta name=\"twitter:label1\" content=\"Escrito por\" \/>\n\t<meta name=\"twitter:data1\" content=\"Cristhian Gonz\u00e1lez\" \/>\n\t<meta name=\"twitter:label2\" content=\"Tiempo de lectura\" \/>\n\t<meta name=\"twitter:data2\" content=\"3 minutos\" \/>\n<script type=\"application\/ld+json\" class=\"yoast-schema-graph\">{\"@context\":\"https:\/\/schema.org\",\"@graph\":[{\"@type\":\"Article\",\"@id\":\"https:\/\/www.ocasionplus.com\/noticias\/nuevo-opel-grandland-100-electrico\/#article\",\"isPartOf\":{\"@id\":\"https:\/\/www.ocasionplus.com\/noticias\/nuevo-opel-grandland-100-electrico\/\"},\"author\":{\"name\":\"Cristhian Gonz\u00e1lez\",\"@id\":\"https:\/\/www.ocasionplus.com\/noticias\/#\/schema\/person\/db1203be564cc3ded97ad1dbd8aadc5b\"},\"headline\":\"Nuevo Opel Grandland, ahora disponible en un modo 100% el\u00e9ctrico\",\"datePublished\":\"2024-06-28T16:13:38+00:00\",\"dateModified\":\"2025-03-27T09:49:30+00:00\",\"mainEntityOfPage\":{\"@id\":\"https:\/\/www.ocasionplus.com\/noticias\/nuevo-opel-grandland-100-electrico\/\"},\"wordCount\":652,\"publisher\":{\"@id\":\"https:\/\/www.ocasionplus.com\/noticias\/#organization\"},\"image\":{\"@id\":\"https:\/\/www.ocasionplus.com\/noticias\/nuevo-opel-grandland-100-electrico\/#primaryimage\"},\"thumbnailUrl\":\"https:\/\/www.ocasionplus.com\/wp-content\/uploads\/2024\/06\/Opel-Grandland.jpg\",\"keywords\":[\"grandland\",\"opel\"],\"articleSection\":[\"\u00daltimas Noticias\"],\"inLanguage\":\"es\",\"copyrightYear\":\"2024\",\"copyrightHolder\":{\"@id\":\"https:\/\/www.ocasionplus.com\/noticias\/#organization\"}},{\"@type\":\"WebPage\",\"@id\":\"https:\/\/www.ocasionplus.com\/noticias\/nuevo-opel-grandland-100-electrico\/\",\"url\":\"https:\/\/www.ocasionplus.com\/noticias\/nuevo-opel-grandland-100-electrico\/\",\"name\":\"Nuevo Opel Grandland, ahora disponible en un modo 100% el\u00e9ctrico - OcasionPlus Blog\",\"isPartOf\":{\"@id\":\"https:\/\/www.ocasionplus.com\/noticias\/#website\"},\"primaryImageOfPage\":{\"@id\":\"https:\/\/www.ocasionplus.com\/noticias\/nuevo-opel-grandland-100-electrico\/#primaryimage\"},\"image\":{\"@id\":\"https:\/\/www.ocasionplus.com\/noticias\/nuevo-opel-grandland-100-electrico\/#primaryimage\"},\"thumbnailUrl\":\"https:\/\/www.ocasionplus.com\/wp-content\/uploads\/2024\/06\/Opel-Grandland.jpg\",\"datePublished\":\"2024-06-28T16:13:38+00:00\",\"dateModified\":\"2025-03-27T09:49:30+00:00\",\"breadcrumb\":{\"@id\":\"https:\/\/www.ocasionplus.com\/noticias\/nuevo-opel-grandland-100-electrico\/#breadcrumb\"},\"inLanguage\":\"es\",\"potentialAction\":[{\"@type\":\"ReadAction\",\"target\":[\"https:\/\/www.ocasionplus.com\/noticias\/nuevo-opel-grandland-100-electrico\/\"]}]},{\"@type\":\"ImageObject\",\"inLanguage\":\"es\",\"@id\":\"https:\/\/www.ocasionplus.com\/noticias\/nuevo-opel-grandland-100-electrico\/#primaryimage\",\"url\":\"https:\/\/www.ocasionplus.com\/wp-content\/uploads\/2024\/06\/Opel-Grandland.jpg\",\"contentUrl\":\"https:\/\/www.ocasionplus.com\/wp-content\/uploads\/2024\/06\/Opel-Grandland.jpg\",\"width\":1280,\"height\":855,\"caption\":\"El nuevo Opel Grandland presenta una actualizaci\u00f3n en dise\u00f1o y en seguridad\"},{\"@type\":\"BreadcrumbList\",\"@id\":\"https:\/\/www.ocasionplus.com\/noticias\/nuevo-opel-grandland-100-electrico\/#breadcrumb\",\"itemListElement\":[{\"@type\":\"ListItem\",\"position\":1,\"name\":\"Portada\",\"item\":\"https:\/\/www.ocasionplus.com\/noticias\/\"},{\"@type\":\"ListItem\",\"position\":2,\"name\":\"Nuevo Opel Grandland, ahora disponible en un modo 100% el\u00e9ctrico\"}]},{\"@type\":\"WebSite\",\"@id\":\"https:\/\/www.ocasionplus.com\/noticias\/#website\",\"url\":\"https:\/\/www.ocasionplus.com\/noticias\/\",\"name\":\"OcasionPlus Blog\",\"description\":\"Veh\u00edculos de ocasi\u00f3n\",\"publisher\":{\"@id\":\"https:\/\/www.ocasionplus.com\/noticias\/#organization\"},\"potentialAction\":[{\"@type\":\"SearchAction\",\"target\":{\"@type\":\"EntryPoint\",\"urlTemplate\":\"https:\/\/www.ocasionplus.com\/noticias\/?s={search_term_string}\"},\"query-input\":{\"@type\":\"PropertyValueSpecification\",\"valueRequired\":true,\"valueName\":\"search_term_string\"}}],\"inLanguage\":\"es\"},{\"@type\":\"Organization\",\"@id\":\"https:\/\/www.ocasionplus.com\/noticias\/#organization\",\"name\":\"OcasionPlus\",\"url\":\"https:\/\/www.ocasionplus.com\/noticias\/\",\"logo\":{\"@type\":\"ImageObject\",\"inLanguage\":\"es\",\"@id\":\"https:\/\/www.ocasionplus.com\/noticias\/#\/schema\/logo\/image\/\",\"url\":\"https:\/\/www.ocasionplus.com\/wp-content\/uploads\/2024\/05\/cropped-cropped-oplus-logo-blog.png\",\"contentUrl\":\"https:\/\/www.ocasionplus.com\/wp-content\/uploads\/2024\/05\/cropped-cropped-oplus-logo-blog.png\",\"width\":360,\"height\":71,\"caption\":\"OcasionPlus\"},\"image\":{\"@id\":\"https:\/\/www.ocasionplus.com\/noticias\/#\/schema\/logo\/image\/\"},\"sameAs\":[\"https:\/\/www.facebook.com\/ocasionplus\",\"https:\/\/x.com\/ocasionplus\",\"https:\/\/www.instagram.com\/ocasion_plus\",\"https:\/\/www.youtube.com\/channel\/UCBiCAto61Lyu27CgI95wrYQ\",\"https:\/\/www.tiktok.com\/@ocasionplus.com\",\"https:\/\/es.linkedin.com\/company\/ocasionplus\"]},{\"@type\":\"Person\",\"@id\":\"https:\/\/www.ocasionplus.com\/noticias\/#\/schema\/person\/db1203be564cc3ded97ad1dbd8aadc5b\",\"name\":\"Cristhian Gonz\u00e1lez\",\"image\":{\"@type\":\"ImageObject\",\"inLanguage\":\"es\",\"@id\":\"https:\/\/www.ocasionplus.com\/noticias\/#\/schema\/person\/image\/\",\"url\":\"https:\/\/secure.gravatar.com\/avatar\/30c0388f0815fd0ab8fb4cfad29866ac?s=96&d=mm&r=g\",\"contentUrl\":\"https:\/\/secure.gravatar.com\/avatar\/30c0388f0815fd0ab8fb4cfad29866ac?s=96&d=mm&r=g\",\"caption\":\"Cristhian Gonz\u00e1lez\"},\"description\":\"Periodista formado en Colombia. Siempre vinculado al deporte y con pasi\u00f3n por los coches. He asistido y cubierto diferentes eventos deportivos para diferentes medios de comunicaci\u00f3n.\"}]}<\/script>\n<!-- \/ Yoast SEO Premium plugin. -->","yoast_head_json":{"title":"Nuevo Opel Grandland, ahora disponible en un modo 100% el\u00e9ctrico - OcasionPlus Blog","robots":{"index":"index","follow":"follow","max-snippet":"max-snippet:-1","max-image-preview":"max-image-preview:large","max-video-preview":"max-video-preview:-1"},"canonical":"https:\/\/www.ocasionplus.com\/noticias\/nuevo-opel-grandland-100-electrico\/","og_locale":"es_ES","og_type":"article","og_title":"Nuevo Opel Grandland, ahora disponible en un modo 100% el\u00e9ctrico","og_description":"Se present\u00f3 el nuevo Opel Grandland, con una versi\u00f3n 100% el\u00e9ctrica y con tejidos interiores fabricados con materiales 100% reciclados. Adem\u00e1s, de presentar el logotipo Blitz y las letras de Opel en la parte trasera que se iluminan.&nbsp; Nuevo Opel Grandland 2024 Desde el 2023 se hab\u00eda presentado el concept car del Opel Grandland, fue...","og_url":"https:\/\/www.ocasionplus.com\/noticias\/nuevo-opel-grandland-100-electrico\/","og_site_name":"OcasionPlus Blog","article_publisher":"https:\/\/www.facebook.com\/ocasionplus","article_published_time":"2024-06-28T16:13:38+00:00","article_modified_time":"2025-03-27T09:49:30+00:00","og_image":[{"width":1280,"height":855,"url":"https:\/\/www.ocasionplus.com\/wp-content\/uploads\/2024\/06\/Opel-Grandland.jpg","type":"image\/jpeg"}],"author":"Cristhian Gonz\u00e1lez","twitter_card":"summary_large_image","twitter_creator":"@ocasionplus","twitter_site":"@ocasionplus","twitter_misc":{"Escrito por":"Cristhian Gonz\u00e1lez","Tiempo de lectura":"3 minutos"},"schema":{"@context":"https:\/\/schema.org","@graph":[{"@type":"Article","@id":"https:\/\/www.ocasionplus.com\/noticias\/nuevo-opel-grandland-100-electrico\/#article","isPartOf":{"@id":"https:\/\/www.ocasionplus.com\/noticias\/nuevo-opel-grandland-100-electrico\/"},"author":{"name":"Cristhian Gonz\u00e1lez","@id":"https:\/\/www.ocasionplus.com\/noticias\/#\/schema\/person\/db1203be564cc3ded97ad1dbd8aadc5b"},"headline":"Nuevo Opel Grandland, ahora disponible en un modo 100% el\u00e9ctrico","datePublished":"2024-06-28T16:13:38+00:00","dateModified":"2025-03-27T09:49:30+00:00","mainEntityOfPage":{"@id":"https:\/\/www.ocasionplus.com\/noticias\/nuevo-opel-grandland-100-electrico\/"},"wordCount":652,"publisher":{"@id":"https:\/\/www.ocasionplus.com\/noticias\/#organization"},"image":{"@id":"https:\/\/www.ocasionplus.com\/noticias\/nuevo-opel-grandland-100-electrico\/#primaryimage"},"thumbnailUrl":"https:\/\/www.ocasionplus.com\/wp-content\/uploads\/2024\/06\/Opel-Grandland.jpg","keywords":["grandland","opel"],"articleSection":["\u00daltimas Noticias"],"inLanguage":"es","copyrightYear":"2024","copyrightHolder":{"@id":"https:\/\/www.ocasionplus.com\/noticias\/#organization"}},{"@type":"WebPage","@id":"https:\/\/www.ocasionplus.com\/noticias\/nuevo-opel-grandland-100-electrico\/","url":"https:\/\/www.ocasionplus.com\/noticias\/nuevo-opel-grandland-100-electrico\/","name":"Nuevo Opel Grandland, ahora disponible en un modo 100% el\u00e9ctrico - OcasionPlus Blog","isPartOf":{"@id":"https:\/\/www.ocasionplus.com\/noticias\/#website"},"primaryImageOfPage":{"@id":"https:\/\/www.ocasionplus.com\/noticias\/nuevo-opel-grandland-100-electrico\/#primaryimage"},"image":{"@id":"https:\/\/www.ocasionplus.com\/noticias\/nuevo-opel-grandland-100-electrico\/#primaryimage"},"thumbnailUrl":"https:\/\/www.ocasionplus.com\/wp-content\/uploads\/2024\/06\/Opel-Grandland.jpg","datePublished":"2024-06-28T16:13:38+00:00","dateModified":"2025-03-27T09:49:30+00:00","breadcrumb":{"@id":"https:\/\/www.ocasionplus.com\/noticias\/nuevo-opel-grandland-100-electrico\/#breadcrumb"},"inLanguage":"es","potentialAction":[{"@type":"ReadAction","target":["https:\/\/www.ocasionplus.com\/noticias\/nuevo-opel-grandland-100-electrico\/"]}]},{"@type":"ImageObject","inLanguage":"es","@id":"https:\/\/www.ocasionplus.com\/noticias\/nuevo-opel-grandland-100-electrico\/#primaryimage","url":"https:\/\/www.ocasionplus.com\/wp-content\/uploads\/2024\/06\/Opel-Grandland.jpg","contentUrl":"https:\/\/www.ocasionplus.com\/wp-content\/uploads\/2024\/06\/Opel-Grandland.jpg","width":1280,"height":855,"caption":"El nuevo Opel Grandland presenta una actualizaci\u00f3n en dise\u00f1o y en seguridad"},{"@type":"BreadcrumbList","@id":"https:\/\/www.ocasionplus.com\/noticias\/nuevo-opel-grandland-100-electrico\/#breadcrumb","itemListElement":[{"@type":"ListItem","position":1,"name":"Portada","item":"https:\/\/www.ocasionplus.com\/noticias\/"},{"@type":"ListItem","position":2,"name":"Nuevo Opel Grandland, ahora disponible en un modo 100% el\u00e9ctrico"}]},{"@type":"WebSite","@id":"https:\/\/www.ocasionplus.com\/noticias\/#website","url":"https:\/\/www.ocasionplus.com\/noticias\/","name":"OcasionPlus Blog","description":"Veh\u00edculos de ocasi\u00f3n","publisher":{"@id":"https:\/\/www.ocasionplus.com\/noticias\/#organization"},"potentialAction":[{"@type":"SearchAction","target":{"@type":"EntryPoint","urlTemplate":"https:\/\/www.ocasionplus.com\/noticias\/?s={search_term_string}"},"query-input":{"@type":"PropertyValueSpecification","valueRequired":true,"valueName":"search_term_string"}}],"inLanguage":"es"},{"@type":"Organization","@id":"https:\/\/www.ocasionplus.com\/noticias\/#organization","name":"OcasionPlus","url":"https:\/\/www.ocasionplus.com\/noticias\/","logo":{"@type":"ImageObject","inLanguage":"es","@id":"https:\/\/www.ocasionplus.com\/noticias\/#\/schema\/logo\/image\/","url":"https:\/\/www.ocasionplus.com\/wp-content\/uploads\/2024\/05\/cropped-cropped-oplus-logo-blog.png","contentUrl":"https:\/\/www.ocasionplus.com\/wp-content\/uploads\/2024\/05\/cropped-cropped-oplus-logo-blog.png","width":360,"height":71,"caption":"OcasionPlus"},"image":{"@id":"https:\/\/www.ocasionplus.com\/noticias\/#\/schema\/logo\/image\/"},"sameAs":["https:\/\/www.facebook.com\/ocasionplus","https:\/\/x.com\/ocasionplus","https:\/\/www.instagram.com\/ocasion_plus","https:\/\/www.youtube.com\/channel\/UCBiCAto61Lyu27CgI95wrYQ","https:\/\/www.tiktok.com\/@ocasionplus.com","https:\/\/es.linkedin.com\/company\/ocasionplus"]},{"@type":"Person","@id":"https:\/\/www.ocasionplus.com\/noticias\/#\/schema\/person\/db1203be564cc3ded97ad1dbd8aadc5b","name":"Cristhian Gonz\u00e1lez","image":{"@type":"ImageObject","inLanguage":"es","@id":"https:\/\/www.ocasionplus.com\/noticias\/#\/schema\/person\/image\/","url":"https:\/\/secure.gravatar.com\/avatar\/30c0388f0815fd0ab8fb4cfad29866ac?s=96&d=mm&r=g","contentUrl":"https:\/\/secure.gravatar.com\/avatar\/30c0388f0815fd0ab8fb4cfad29866ac?s=96&d=mm&r=g","caption":"Cristhian Gonz\u00e1lez"},"description":"Periodista formado en Colombia. Siempre vinculado al deporte y con pasi\u00f3n por los coches. He asistido y cubierto diferentes eventos deportivos para diferentes medios de comunicaci\u00f3n."}]}},"jetpack_featured_media_url":"https:\/\/www.ocasionplus.com\/wp-content\/uploads\/2024\/06\/Opel-Grandland.jpg","_links":{"self":[{"href":"https:\/\/www.ocasionplus.com\/noticias\/wp-json\/wp\/v2\/posts\/12188","targetHints":{"allow":["GET"]}}],"collection":[{"href":"https:\/\/www.ocasionplus.com\/noticias\/wp-json\/wp\/v2\/posts"}],"about":[{"href":"https:\/\/www.ocasionplus.com\/noticias\/wp-json\/wp\/v2\/types\/post"}],"author":[{"embeddable":true,"href":"https:\/\/www.ocasionplus.com\/noticias\/wp-json\/wp\/v2\/users\/3"}],"replies":[{"embeddable":true,"href":"https:\/\/www.ocasionplus.com\/noticias\/wp-json\/wp\/v2\/comments?post=12188"}],"version-history":[{"count":1,"href":"https:\/\/www.ocasionplus.com\/noticias\/wp-json\/wp\/v2\/posts\/12188\/revisions"}],"predecessor-version":[{"id":12908,"href":"https:\/\/www.ocasionplus.com\/noticias\/wp-json\/wp\/v2\/posts\/12188\/revisions\/12908"}],"wp:featuredmedia":[{"embeddable":true,"href":"https:\/\/www.ocasionplus.com\/noticias\/wp-json\/wp\/v2\/media\/12192"}],"wp:attachment":[{"href":"https:\/\/www.ocasionplus.com\/noticias\/wp-json\/wp\/v2\/media?parent=12188"}],"wp:term":[{"taxonomy":"category","embeddable":true,"href":"https:\/\/www.ocasionplus.com\/noticias\/wp-json\/wp\/v2\/categories?post=12188"},{"taxonomy":"post_tag","embeddable":true,"href":"https:\/\/www.ocasionplus.com\/noticias\/wp-json\/wp\/v2\/tags?post=12188"}],"curies":[{"name":"wp","href":"https:\/\/api.w.org\/{rel}","templated":true}]}}