{"id":12352,"date":"2024-07-05T13:26:05","date_gmt":"2024-07-05T11:26:05","guid":{"rendered":"https:\/\/blog.ocasionplus.com\/?p=12352"},"modified":"2025-03-27T10:49:27","modified_gmt":"2025-03-27T09:49:27","slug":"fiat-500-cumple-67-anos","status":"publish","type":"post","link":"https:\/\/www.ocasionplus.com\/noticias\/fiat-500-cumple-67-anos\/","title":{"rendered":"El Fiat 500 cumple 67 a\u00f1os: un modelo que refleja la esencia italiana"},"content":{"rendered":"\n<p>El Fiat 500 celebr\u00f3 su cumplea\u00f1os 67. Este coche urbano se ha ganado una gran presencia y reconocimiento en todo el mundo, principalmente por su dise\u00f1o ic\u00f3nico y su esencia italiana.&nbsp;<\/p>\n\n\n\n<h2 class=\"wp-block-heading\">Fiat 500<\/h2>\n\n\n\n<p><strong>El Fiat 500 se lanz\u00f3 al mercado el 4 de julio de 1957<\/strong>. Este modelo fue dise\u00f1ado por Dante Giacosa para ser un veh\u00edculo compacto y asequible para las masas. Se convirti\u00f3 r\u00e1pidamente en una piedra angular para la recuperaci\u00f3n econ\u00f3mica de Italia tras la posguerra.&nbsp;<\/p>\n\n\n\n<p>Este dise\u00f1o fue r\u00e1pidamente reconocido, <strong>consolid\u00e1ndose en el mercado como un coche atractivo <\/strong>y con una est\u00e9tica que encarnaba la iconicidad cultural y la creatividad italiana. Un dise\u00f1o que se reconoce f\u00e1cilmente en las carreteras desde cualquier distancia.\u00a0<\/p>\n\n\n\n<figure class=\"wp-block-image size-large\"><img loading=\"lazy\" decoding=\"async\" width=\"1024\" height=\"683\" src=\"https:\/\/blog.ocasionplus.com\/wp-content\/uploads\/2023\/05\/Fiat-Nuova-500-1024x683.jpg\" alt=\"Fiat Nuova 500\" class=\"wp-image-9685\" srcset=\"https:\/\/www.ocasionplus.com\/wp-content\/uploads\/2023\/05\/Fiat-Nuova-500-1024x683.jpg 1024w, https:\/\/www.ocasionplus.com\/wp-content\/uploads\/2023\/05\/Fiat-Nuova-500-300x200.jpg 300w, https:\/\/www.ocasionplus.com\/wp-content\/uploads\/2023\/05\/Fiat-Nuova-500-768x512.jpg 768w, https:\/\/www.ocasionplus.com\/wp-content\/uploads\/2023\/05\/Fiat-Nuova-500.jpg 1280w\" sizes=\"auto, (max-width: 1024px) 100vw, 1024px\" \/><\/figure>\n\n\n\n<p>A lo largo de historia, el Fiat 500 ha sido moldeado por distintas personalidades en tres generaciones diferentes. <strong>La primera generaci\u00f3n se realiz\u00f3 durante la d\u00e9cada de 1960<\/strong> hasta los 2000. Esta generaci\u00f3n proporcion\u00f3 movilidad y libertad, convirti\u00e9ndose en un fen\u00f3meno cultural y consolid\u00e1ndose como un modelo querido por el p\u00fablico.\u00a0\u00a0<\/p>\n\n\n\n<figure class=\"wp-block-image size-large\"><img loading=\"lazy\" decoding=\"async\" width=\"1024\" height=\"683\" src=\"https:\/\/127.0.0.1\/wp-content\/uploads\/2024\/06\/fiat_500_nuevo_hibrido-1024x683.jpg\" alt=\"El Fiat 500 aparcado en la acera\" class=\"wp-image-11722\" srcset=\"https:\/\/www.ocasionplus.com\/wp-content\/uploads\/2024\/06\/fiat_500_nuevo_hibrido-1024x683.jpg 1024w, https:\/\/www.ocasionplus.com\/wp-content\/uploads\/2024\/06\/fiat_500_nuevo_hibrido-300x200.jpg 300w, https:\/\/www.ocasionplus.com\/wp-content\/uploads\/2024\/06\/fiat_500_nuevo_hibrido-255x170.jpg 255w, https:\/\/www.ocasionplus.com\/wp-content\/uploads\/2024\/06\/fiat_500_nuevo_hibrido-510x340.jpg 510w, https:\/\/www.ocasionplus.com\/wp-content\/uploads\/2024\/06\/fiat_500_nuevo_hibrido-280x187.jpg 280w, https:\/\/www.ocasionplus.com\/wp-content\/uploads\/2024\/06\/fiat_500_nuevo_hibrido-560x373.jpg 560w, https:\/\/www.ocasionplus.com\/wp-content\/uploads\/2024\/06\/fiat_500_nuevo_hibrido-350x233.jpg 350w, https:\/\/www.ocasionplus.com\/wp-content\/uploads\/2024\/06\/fiat_500_nuevo_hibrido-700x467.jpg 700w, https:\/\/www.ocasionplus.com\/wp-content\/uploads\/2024\/06\/fiat_500_nuevo_hibrido-398x265.jpg 398w, https:\/\/www.ocasionplus.com\/wp-content\/uploads\/2024\/06\/fiat_500_nuevo_hibrido-796x531.jpg 796w, https:\/\/www.ocasionplus.com\/wp-content\/uploads\/2024\/06\/fiat_500_nuevo_hibrido-600x400.jpg 600w, https:\/\/www.ocasionplus.com\/wp-content\/uploads\/2024\/06\/fiat_500_nuevo_hibrido-266x177.jpg 266w, https:\/\/www.ocasionplus.com\/wp-content\/uploads\/2024\/06\/fiat_500_nuevo_hibrido.jpg 1920w\" sizes=\"auto, (max-width: 1024px) 100vw, 1024px\" \/><figcaption class=\"wp-element-caption\">El Fiat 500 es uno de los modelos m\u00e1s vendidos por la marca italiana<\/figcaption><\/figure>\n\n\n\n<p><strong>La segunda generaci\u00f3n se lanz\u00f3 en 2007<\/strong>. Esta generaci\u00f3n present\u00f3 aspectos m\u00e1s frescos y modernos; adem\u00e1s, pas\u00f3 a ser el coche urbano, icono de moda y estilo, apareciendo en algunas pel\u00edculas y anuncios.\u00a0<\/p>\n\n\n\n<figure class=\"wp-block-image size-full\"><img loading=\"lazy\" decoding=\"async\" width=\"1024\" height=\"683\" src=\"https:\/\/blog.ocasionplus.com\/wp-content\/uploads\/2023\/03\/Fiat-500-e.jpg\" alt=\"Fiat 500-e\" class=\"wp-image-9076\" srcset=\"https:\/\/www.ocasionplus.com\/wp-content\/uploads\/2023\/03\/Fiat-500-e.jpg 1024w, https:\/\/www.ocasionplus.com\/wp-content\/uploads\/2023\/03\/Fiat-500-e-300x200.jpg 300w, https:\/\/www.ocasionplus.com\/wp-content\/uploads\/2023\/03\/Fiat-500-e-768x512.jpg 768w\" sizes=\"auto, (max-width: 1024px) 100vw, 1024px\" \/><figcaption class=\"wp-element-caption\">El Fiat 500-e es un coche compacto, pr\u00e1ctico y atractivo<\/figcaption><\/figure>\n\n\n\n<p><strong>La tercera generaci\u00f3n, que se present\u00f3 en 2020<\/strong>, introdujo una actualizaci\u00f3n en su motorizaci\u00f3n, en este caso, presentando el motor el\u00e9ctrico en su modelo; adem\u00e1s, de m\u00e1s tecnolog\u00eda en su interior, en cuanto a sistemas de seguridad y conectividad. Este modelo pas\u00f3 a llamarse como Fiat 500e.&nbsp;<\/p>\n\n\n\n<h2 class=\"wp-block-heading\">Los n\u00fameros del Fiat 500<\/h2>\n\n\n\n<p>Desde su debut, <strong>se han vendido m\u00e1s de 7,5 millones de unidades en todo el mundo<\/strong>, consolidando su estatus de coche ic\u00f3nico. Desde la marca aseguran que el \u00e9xito mundial reside de su continua evoluci\u00f3n, al tiempo que se mantiene fiel a su identidad b\u00e1sica.&nbsp;<\/p>\n\n\n\n<p>Gracias a esto, Fiat decidi\u00f3 fabricar otro modelo del Fiat 500, en este caso el Fiat 500 Ibrida, cuyo lanzamiento est\u00e1 previsto entre finales de 2025 y principios de 2026. Ser\u00e1 un modelo h\u00edbrido que complementar\u00e1 al Fiat 500e. Este \u00faltimo ya se encuentra disponible en todo el mundo, se vende en m\u00e1s de 48 pa\u00edses y es el modelo l\u00edder del segmento A BEV en Europa, 4 de cada 10 coches urbanos son Fiat 500e.&nbsp;<\/p>\n\n\n\n<h2 class=\"wp-block-heading\">Encuentra el Fiat 500 de segunda mano<\/h2>\n\n\n\n<p>Si est\u00e1s interesado en comprar el <a href=\"https:\/\/www.ocasionplus.com\/coches-ocasion\/fiat\/500\"><span style=\"text-decoration: underline;\"><mark style=\"background-color:rgba(0, 0, 0, 0);color:#189bd7\" class=\"has-inline-color\">Fiat 500 de segunda mano<\/mark><\/span><\/a>, en OcasionPlus tenemos una amplia oferta de este modelo, donde tambi\u00e9n encontrar\u00e1s las versiones <a href=\"https:\/\/www.ocasionplus.com\/coches-ocasion\/fiat\/500x\"><span style=\"text-decoration: underline;\"><mark style=\"background-color:rgba(0, 0, 0, 0);color:#189bd7\" class=\"has-inline-color\">Fiat 500X de segunda mano<\/mark><\/span><\/a> o el <a href=\"https:\/\/www.ocasionplus.com\/coches-ocasion\/fiat\/500c\"><span style=\"text-decoration: underline;\"><mark style=\"background-color:rgba(0, 0, 0, 0);color:#189bd7\" class=\"has-inline-color\">Fiat 500C de ocasi\u00f3n<\/mark><\/span><\/a>.\u00a0<\/p>\n\n\n\n<p>Adem\u00e1s, en los m\u00e1s de 90 centros de OcasionPlus encuentras una amplia oferta de <a href=\"https:\/\/www.ocasionplus.com\/coches-ocasion\"><span style=\"text-decoration: underline;\"><mark style=\"background-color:rgba(0, 0, 0, 0);color:#189bd7\" class=\"has-inline-color\">coches de segunda mano<\/mark><\/span><\/a> con la m\u00e1xima calidad y la mejor oferta del mercado.<\/p>\n","protected":false},"excerpt":{"rendered":"<p>El Fiat 500 celebr\u00f3 su cumplea\u00f1os 67. Este coche urbano se ha ganado una gran presencia y reconocimiento en todo el mundo, principalmente por su dise\u00f1o ic\u00f3nico y su esencia italiana.&nbsp; Fiat 500 El Fiat 500 se lanz\u00f3 al mercado el 4 de julio de 1957. Este modelo fue dise\u00f1ado por Dante Giacosa para ser&#8230;<\/p>\n","protected":false},"author":3,"featured_media":12354,"comment_status":"closed","ping_status":"closed","sticky":false,"template":"","format":"standard","meta":{"footnotes":""},"categories":[2],"tags":[410,411],"class_list":["post-12352","post","type-post","status-publish","format-standard","has-post-thumbnail","hentry","category-ultimas-noticias","tag-410","tag-fiat"],"yoast_head":"<!-- This site is optimized with the Yoast SEO Premium plugin v24.8 (Yoast SEO v24.8.1) - https:\/\/yoast.com\/wordpress\/plugins\/seo\/ -->\n<title>El Fiat 500 cumple 67 a\u00f1os: un modelo que refleja la esencia italiana - OcasionPlus Blog<\/title>\n<meta name=\"description\" content=\"El Fiat 500 celebra m\u00e1s de 67 a\u00f1os. Un modelo que tiene tres generaciones, cada una representando la esencia italiana, m\u00e1s que todo en el exterior.\" \/>\n<meta name=\"robots\" content=\"index, follow, max-snippet:-1, max-image-preview:large, max-video-preview:-1\" \/>\n<link rel=\"canonical\" href=\"https:\/\/www.ocasionplus.com\/noticias\/fiat-500-cumple-67-anos\/\" \/>\n<meta property=\"og:locale\" content=\"es_ES\" \/>\n<meta property=\"og:type\" content=\"article\" \/>\n<meta property=\"og:title\" content=\"El Fiat 500 cumple 67 a\u00f1os: un modelo que refleja la esencia italiana\" \/>\n<meta property=\"og:description\" content=\"El Fiat 500 celebra m\u00e1s de 67 a\u00f1os. Un modelo que tiene tres generaciones, cada una representando la esencia italiana, m\u00e1s que todo en el exterior.\" \/>\n<meta property=\"og:url\" content=\"https:\/\/www.ocasionplus.com\/noticias\/fiat-500-cumple-67-anos\/\" \/>\n<meta property=\"og:site_name\" content=\"OcasionPlus Blog\" \/>\n<meta property=\"article:publisher\" content=\"https:\/\/www.facebook.com\/ocasionplus\" \/>\n<meta property=\"article:published_time\" content=\"2024-07-05T11:26:05+00:00\" \/>\n<meta property=\"article:modified_time\" content=\"2025-03-27T09:49:27+00:00\" \/>\n<meta property=\"og:image\" content=\"https:\/\/www.ocasionplus.com\/wp-content\/uploads\/2024\/07\/Fiat500_3generations.jpg\" \/>\n\t<meta property=\"og:image:width\" content=\"1280\" \/>\n\t<meta property=\"og:image:height\" content=\"561\" \/>\n\t<meta property=\"og:image:type\" content=\"image\/jpeg\" \/>\n<meta name=\"author\" content=\"Cristhian Gonz\u00e1lez\" \/>\n<meta name=\"twitter:card\" content=\"summary_large_image\" \/>\n<meta name=\"twitter:creator\" content=\"@ocasionplus\" \/>\n<meta name=\"twitter:site\" content=\"@ocasionplus\" \/>\n<meta name=\"twitter:label1\" content=\"Escrito por\" \/>\n\t<meta name=\"twitter:data1\" content=\"Cristhian Gonz\u00e1lez\" \/>\n\t<meta name=\"twitter:label2\" content=\"Tiempo de lectura\" \/>\n\t<meta name=\"twitter:data2\" content=\"3 minutos\" \/>\n<script type=\"application\/ld+json\" class=\"yoast-schema-graph\">{\"@context\":\"https:\/\/schema.org\",\"@graph\":[{\"@type\":\"Article\",\"@id\":\"https:\/\/www.ocasionplus.com\/noticias\/fiat-500-cumple-67-anos\/#article\",\"isPartOf\":{\"@id\":\"https:\/\/www.ocasionplus.com\/noticias\/fiat-500-cumple-67-anos\/\"},\"author\":{\"name\":\"Cristhian Gonz\u00e1lez\",\"@id\":\"https:\/\/www.ocasionplus.com\/noticias\/#\/schema\/person\/db1203be564cc3ded97ad1dbd8aadc5b\"},\"headline\":\"El Fiat 500 cumple 67 a\u00f1os: un modelo que refleja la esencia italiana\",\"datePublished\":\"2024-07-05T11:26:05+00:00\",\"dateModified\":\"2025-03-27T09:49:27+00:00\",\"mainEntityOfPage\":{\"@id\":\"https:\/\/www.ocasionplus.com\/noticias\/fiat-500-cumple-67-anos\/\"},\"wordCount\":513,\"publisher\":{\"@id\":\"https:\/\/www.ocasionplus.com\/noticias\/#organization\"},\"image\":{\"@id\":\"https:\/\/www.ocasionplus.com\/noticias\/fiat-500-cumple-67-anos\/#primaryimage\"},\"thumbnailUrl\":\"https:\/\/www.ocasionplus.com\/wp-content\/uploads\/2024\/07\/Fiat500_3generations.jpg\",\"keywords\":[\"500\",\"fiat\"],\"articleSection\":[\"\u00daltimas Noticias\"],\"inLanguage\":\"es\",\"copyrightYear\":\"2024\",\"copyrightHolder\":{\"@id\":\"https:\/\/www.ocasionplus.com\/noticias\/#organization\"}},{\"@type\":\"WebPage\",\"@id\":\"https:\/\/www.ocasionplus.com\/noticias\/fiat-500-cumple-67-anos\/\",\"url\":\"https:\/\/www.ocasionplus.com\/noticias\/fiat-500-cumple-67-anos\/\",\"name\":\"El Fiat 500 cumple 67 a\u00f1os: un modelo que refleja la esencia italiana - OcasionPlus Blog\",\"isPartOf\":{\"@id\":\"https:\/\/www.ocasionplus.com\/noticias\/#website\"},\"primaryImageOfPage\":{\"@id\":\"https:\/\/www.ocasionplus.com\/noticias\/fiat-500-cumple-67-anos\/#primaryimage\"},\"image\":{\"@id\":\"https:\/\/www.ocasionplus.com\/noticias\/fiat-500-cumple-67-anos\/#primaryimage\"},\"thumbnailUrl\":\"https:\/\/www.ocasionplus.com\/wp-content\/uploads\/2024\/07\/Fiat500_3generations.jpg\",\"datePublished\":\"2024-07-05T11:26:05+00:00\",\"dateModified\":\"2025-03-27T09:49:27+00:00\",\"description\":\"El Fiat 500 celebra m\u00e1s de 67 a\u00f1os. Un modelo que tiene tres generaciones, cada una representando la esencia italiana, m\u00e1s que todo en el exterior.\",\"breadcrumb\":{\"@id\":\"https:\/\/www.ocasionplus.com\/noticias\/fiat-500-cumple-67-anos\/#breadcrumb\"},\"inLanguage\":\"es\",\"potentialAction\":[{\"@type\":\"ReadAction\",\"target\":[\"https:\/\/www.ocasionplus.com\/noticias\/fiat-500-cumple-67-anos\/\"]}]},{\"@type\":\"ImageObject\",\"inLanguage\":\"es\",\"@id\":\"https:\/\/www.ocasionplus.com\/noticias\/fiat-500-cumple-67-anos\/#primaryimage\",\"url\":\"https:\/\/www.ocasionplus.com\/wp-content\/uploads\/2024\/07\/Fiat500_3generations.jpg\",\"contentUrl\":\"https:\/\/www.ocasionplus.com\/wp-content\/uploads\/2024\/07\/Fiat500_3generations.jpg\",\"width\":1280,\"height\":561,\"caption\":\"El Fiat 500 tiene m\u00e1s de 60 a\u00f1os de historia y tres generaciones diferentes\"},{\"@type\":\"BreadcrumbList\",\"@id\":\"https:\/\/www.ocasionplus.com\/noticias\/fiat-500-cumple-67-anos\/#breadcrumb\",\"itemListElement\":[{\"@type\":\"ListItem\",\"position\":1,\"name\":\"Portada\",\"item\":\"https:\/\/www.ocasionplus.com\/noticias\/\"},{\"@type\":\"ListItem\",\"position\":2,\"name\":\"El Fiat 500 cumple 67 a\u00f1os: un modelo que refleja la esencia italiana\"}]},{\"@type\":\"WebSite\",\"@id\":\"https:\/\/www.ocasionplus.com\/noticias\/#website\",\"url\":\"https:\/\/www.ocasionplus.com\/noticias\/\",\"name\":\"OcasionPlus Blog\",\"description\":\"Veh\u00edculos de ocasi\u00f3n\",\"publisher\":{\"@id\":\"https:\/\/www.ocasionplus.com\/noticias\/#organization\"},\"potentialAction\":[{\"@type\":\"SearchAction\",\"target\":{\"@type\":\"EntryPoint\",\"urlTemplate\":\"https:\/\/www.ocasionplus.com\/noticias\/?s={search_term_string}\"},\"query-input\":{\"@type\":\"PropertyValueSpecification\",\"valueRequired\":true,\"valueName\":\"search_term_string\"}}],\"inLanguage\":\"es\"},{\"@type\":\"Organization\",\"@id\":\"https:\/\/www.ocasionplus.com\/noticias\/#organization\",\"name\":\"OcasionPlus\",\"url\":\"https:\/\/www.ocasionplus.com\/noticias\/\",\"logo\":{\"@type\":\"ImageObject\",\"inLanguage\":\"es\",\"@id\":\"https:\/\/www.ocasionplus.com\/noticias\/#\/schema\/logo\/image\/\",\"url\":\"https:\/\/www.ocasionplus.com\/wp-content\/uploads\/2024\/05\/cropped-cropped-oplus-logo-blog.png\",\"contentUrl\":\"https:\/\/www.ocasionplus.com\/wp-content\/uploads\/2024\/05\/cropped-cropped-oplus-logo-blog.png\",\"width\":360,\"height\":71,\"caption\":\"OcasionPlus\"},\"image\":{\"@id\":\"https:\/\/www.ocasionplus.com\/noticias\/#\/schema\/logo\/image\/\"},\"sameAs\":[\"https:\/\/www.facebook.com\/ocasionplus\",\"https:\/\/x.com\/ocasionplus\",\"https:\/\/www.instagram.com\/ocasion_plus\",\"https:\/\/www.youtube.com\/channel\/UCBiCAto61Lyu27CgI95wrYQ\",\"https:\/\/www.tiktok.com\/@ocasionplus.com\",\"https:\/\/es.linkedin.com\/company\/ocasionplus\"]},{\"@type\":\"Person\",\"@id\":\"https:\/\/www.ocasionplus.com\/noticias\/#\/schema\/person\/db1203be564cc3ded97ad1dbd8aadc5b\",\"name\":\"Cristhian Gonz\u00e1lez\",\"image\":{\"@type\":\"ImageObject\",\"inLanguage\":\"es\",\"@id\":\"https:\/\/www.ocasionplus.com\/noticias\/#\/schema\/person\/image\/\",\"url\":\"https:\/\/secure.gravatar.com\/avatar\/30c0388f0815fd0ab8fb4cfad29866ac?s=96&d=mm&r=g\",\"contentUrl\":\"https:\/\/secure.gravatar.com\/avatar\/30c0388f0815fd0ab8fb4cfad29866ac?s=96&d=mm&r=g\",\"caption\":\"Cristhian Gonz\u00e1lez\"},\"description\":\"Periodista formado en Colombia. Siempre vinculado al deporte y con pasi\u00f3n por los coches. He asistido y cubierto diferentes eventos deportivos para diferentes medios de comunicaci\u00f3n.\"}]}<\/script>\n<!-- \/ Yoast SEO Premium plugin. -->","yoast_head_json":{"title":"El Fiat 500 cumple 67 a\u00f1os: un modelo que refleja la esencia italiana - OcasionPlus Blog","description":"El Fiat 500 celebra m\u00e1s de 67 a\u00f1os. Un modelo que tiene tres generaciones, cada una representando la esencia italiana, m\u00e1s que todo en el exterior.","robots":{"index":"index","follow":"follow","max-snippet":"max-snippet:-1","max-image-preview":"max-image-preview:large","max-video-preview":"max-video-preview:-1"},"canonical":"https:\/\/www.ocasionplus.com\/noticias\/fiat-500-cumple-67-anos\/","og_locale":"es_ES","og_type":"article","og_title":"El Fiat 500 cumple 67 a\u00f1os: un modelo que refleja la esencia italiana","og_description":"El Fiat 500 celebra m\u00e1s de 67 a\u00f1os. Un modelo que tiene tres generaciones, cada una representando la esencia italiana, m\u00e1s que todo en el exterior.","og_url":"https:\/\/www.ocasionplus.com\/noticias\/fiat-500-cumple-67-anos\/","og_site_name":"OcasionPlus Blog","article_publisher":"https:\/\/www.facebook.com\/ocasionplus","article_published_time":"2024-07-05T11:26:05+00:00","article_modified_time":"2025-03-27T09:49:27+00:00","og_image":[{"width":1280,"height":561,"url":"https:\/\/www.ocasionplus.com\/wp-content\/uploads\/2024\/07\/Fiat500_3generations.jpg","type":"image\/jpeg"}],"author":"Cristhian Gonz\u00e1lez","twitter_card":"summary_large_image","twitter_creator":"@ocasionplus","twitter_site":"@ocasionplus","twitter_misc":{"Escrito por":"Cristhian Gonz\u00e1lez","Tiempo de lectura":"3 minutos"},"schema":{"@context":"https:\/\/schema.org","@graph":[{"@type":"Article","@id":"https:\/\/www.ocasionplus.com\/noticias\/fiat-500-cumple-67-anos\/#article","isPartOf":{"@id":"https:\/\/www.ocasionplus.com\/noticias\/fiat-500-cumple-67-anos\/"},"author":{"name":"Cristhian Gonz\u00e1lez","@id":"https:\/\/www.ocasionplus.com\/noticias\/#\/schema\/person\/db1203be564cc3ded97ad1dbd8aadc5b"},"headline":"El Fiat 500 cumple 67 a\u00f1os: un modelo que refleja la esencia italiana","datePublished":"2024-07-05T11:26:05+00:00","dateModified":"2025-03-27T09:49:27+00:00","mainEntityOfPage":{"@id":"https:\/\/www.ocasionplus.com\/noticias\/fiat-500-cumple-67-anos\/"},"wordCount":513,"publisher":{"@id":"https:\/\/www.ocasionplus.com\/noticias\/#organization"},"image":{"@id":"https:\/\/www.ocasionplus.com\/noticias\/fiat-500-cumple-67-anos\/#primaryimage"},"thumbnailUrl":"https:\/\/www.ocasionplus.com\/wp-content\/uploads\/2024\/07\/Fiat500_3generations.jpg","keywords":["500","fiat"],"articleSection":["\u00daltimas Noticias"],"inLanguage":"es","copyrightYear":"2024","copyrightHolder":{"@id":"https:\/\/www.ocasionplus.com\/noticias\/#organization"}},{"@type":"WebPage","@id":"https:\/\/www.ocasionplus.com\/noticias\/fiat-500-cumple-67-anos\/","url":"https:\/\/www.ocasionplus.com\/noticias\/fiat-500-cumple-67-anos\/","name":"El Fiat 500 cumple 67 a\u00f1os: un modelo que refleja la esencia italiana - OcasionPlus Blog","isPartOf":{"@id":"https:\/\/www.ocasionplus.com\/noticias\/#website"},"primaryImageOfPage":{"@id":"https:\/\/www.ocasionplus.com\/noticias\/fiat-500-cumple-67-anos\/#primaryimage"},"image":{"@id":"https:\/\/www.ocasionplus.com\/noticias\/fiat-500-cumple-67-anos\/#primaryimage"},"thumbnailUrl":"https:\/\/www.ocasionplus.com\/wp-content\/uploads\/2024\/07\/Fiat500_3generations.jpg","datePublished":"2024-07-05T11:26:05+00:00","dateModified":"2025-03-27T09:49:27+00:00","description":"El Fiat 500 celebra m\u00e1s de 67 a\u00f1os. Un modelo que tiene tres generaciones, cada una representando la esencia italiana, m\u00e1s que todo en el exterior.","breadcrumb":{"@id":"https:\/\/www.ocasionplus.com\/noticias\/fiat-500-cumple-67-anos\/#breadcrumb"},"inLanguage":"es","potentialAction":[{"@type":"ReadAction","target":["https:\/\/www.ocasionplus.com\/noticias\/fiat-500-cumple-67-anos\/"]}]},{"@type":"ImageObject","inLanguage":"es","@id":"https:\/\/www.ocasionplus.com\/noticias\/fiat-500-cumple-67-anos\/#primaryimage","url":"https:\/\/www.ocasionplus.com\/wp-content\/uploads\/2024\/07\/Fiat500_3generations.jpg","contentUrl":"https:\/\/www.ocasionplus.com\/wp-content\/uploads\/2024\/07\/Fiat500_3generations.jpg","width":1280,"height":561,"caption":"El Fiat 500 tiene m\u00e1s de 60 a\u00f1os de historia y tres generaciones diferentes"},{"@type":"BreadcrumbList","@id":"https:\/\/www.ocasionplus.com\/noticias\/fiat-500-cumple-67-anos\/#breadcrumb","itemListElement":[{"@type":"ListItem","position":1,"name":"Portada","item":"https:\/\/www.ocasionplus.com\/noticias\/"},{"@type":"ListItem","position":2,"name":"El Fiat 500 cumple 67 a\u00f1os: un modelo que refleja la esencia italiana"}]},{"@type":"WebSite","@id":"https:\/\/www.ocasionplus.com\/noticias\/#website","url":"https:\/\/www.ocasionplus.com\/noticias\/","name":"OcasionPlus Blog","description":"Veh\u00edculos de ocasi\u00f3n","publisher":{"@id":"https:\/\/www.ocasionplus.com\/noticias\/#organization"},"potentialAction":[{"@type":"SearchAction","target":{"@type":"EntryPoint","urlTemplate":"https:\/\/www.ocasionplus.com\/noticias\/?s={search_term_string}"},"query-input":{"@type":"PropertyValueSpecification","valueRequired":true,"valueName":"search_term_string"}}],"inLanguage":"es"},{"@type":"Organization","@id":"https:\/\/www.ocasionplus.com\/noticias\/#organization","name":"OcasionPlus","url":"https:\/\/www.ocasionplus.com\/noticias\/","logo":{"@type":"ImageObject","inLanguage":"es","@id":"https:\/\/www.ocasionplus.com\/noticias\/#\/schema\/logo\/image\/","url":"https:\/\/www.ocasionplus.com\/wp-content\/uploads\/2024\/05\/cropped-cropped-oplus-logo-blog.png","contentUrl":"https:\/\/www.ocasionplus.com\/wp-content\/uploads\/2024\/05\/cropped-cropped-oplus-logo-blog.png","width":360,"height":71,"caption":"OcasionPlus"},"image":{"@id":"https:\/\/www.ocasionplus.com\/noticias\/#\/schema\/logo\/image\/"},"sameAs":["https:\/\/www.facebook.com\/ocasionplus","https:\/\/x.com\/ocasionplus","https:\/\/www.instagram.com\/ocasion_plus","https:\/\/www.youtube.com\/channel\/UCBiCAto61Lyu27CgI95wrYQ","https:\/\/www.tiktok.com\/@ocasionplus.com","https:\/\/es.linkedin.com\/company\/ocasionplus"]},{"@type":"Person","@id":"https:\/\/www.ocasionplus.com\/noticias\/#\/schema\/person\/db1203be564cc3ded97ad1dbd8aadc5b","name":"Cristhian Gonz\u00e1lez","image":{"@type":"ImageObject","inLanguage":"es","@id":"https:\/\/www.ocasionplus.com\/noticias\/#\/schema\/person\/image\/","url":"https:\/\/secure.gravatar.com\/avatar\/30c0388f0815fd0ab8fb4cfad29866ac?s=96&d=mm&r=g","contentUrl":"https:\/\/secure.gravatar.com\/avatar\/30c0388f0815fd0ab8fb4cfad29866ac?s=96&d=mm&r=g","caption":"Cristhian Gonz\u00e1lez"},"description":"Periodista formado en Colombia. Siempre vinculado al deporte y con pasi\u00f3n por los coches. He asistido y cubierto diferentes eventos deportivos para diferentes medios de comunicaci\u00f3n."}]}},"jetpack_featured_media_url":"https:\/\/www.ocasionplus.com\/wp-content\/uploads\/2024\/07\/Fiat500_3generations.jpg","_links":{"self":[{"href":"https:\/\/www.ocasionplus.com\/noticias\/wp-json\/wp\/v2\/posts\/12352","targetHints":{"allow":["GET"]}}],"collection":[{"href":"https:\/\/www.ocasionplus.com\/noticias\/wp-json\/wp\/v2\/posts"}],"about":[{"href":"https:\/\/www.ocasionplus.com\/noticias\/wp-json\/wp\/v2\/types\/post"}],"author":[{"embeddable":true,"href":"https:\/\/www.ocasionplus.com\/noticias\/wp-json\/wp\/v2\/users\/3"}],"replies":[{"embeddable":true,"href":"https:\/\/www.ocasionplus.com\/noticias\/wp-json\/wp\/v2\/comments?post=12352"}],"version-history":[{"count":1,"href":"https:\/\/www.ocasionplus.com\/noticias\/wp-json\/wp\/v2\/posts\/12352\/revisions"}],"predecessor-version":[{"id":12897,"href":"https:\/\/www.ocasionplus.com\/noticias\/wp-json\/wp\/v2\/posts\/12352\/revisions\/12897"}],"wp:featuredmedia":[{"embeddable":true,"href":"https:\/\/www.ocasionplus.com\/noticias\/wp-json\/wp\/v2\/media\/12354"}],"wp:attachment":[{"href":"https:\/\/www.ocasionplus.com\/noticias\/wp-json\/wp\/v2\/media?parent=12352"}],"wp:term":[{"taxonomy":"category","embeddable":true,"href":"https:\/\/www.ocasionplus.com\/noticias\/wp-json\/wp\/v2\/categories?post=12352"},{"taxonomy":"post_tag","embeddable":true,"href":"https:\/\/www.ocasionplus.com\/noticias\/wp-json\/wp\/v2\/tags?post=12352"}],"curies":[{"name":"wp","href":"https:\/\/api.w.org\/{rel}","templated":true}]}}