{"id":12392,"date":"2024-07-08T16:34:25","date_gmt":"2024-07-08T14:34:25","guid":{"rendered":"https:\/\/blog.ocasionplus.com\/?p=12392"},"modified":"2025-03-27T10:49:26","modified_gmt":"2025-03-27T09:49:26","slug":"nuevo-volkswagen-id-buzz-2024","status":"publish","type":"post","link":"https:\/\/www.ocasionplus.com\/noticias\/nuevo-volkswagen-id-buzz-2024\/","title":{"rendered":"Nuevo Volkswagen ID.Buzz 2024: disponible con 7 plazas y m\u00e1s autonom\u00eda"},"content":{"rendered":"\n<p>La marca alemana present\u00f3 el nuevo Volkswagen ID.Buzz 2024, un modelo que quiere ser la actualizaci\u00f3n del Volkswagen T1, pero con rendimiento y practicidad de un modelo el\u00e9ctrico.&nbsp;<\/p>\n\n\n\n<p>El <strong>nuevo ID.Buzz 2024<\/strong> estar\u00e1 disponible con hasta 7 plazas, una bater\u00eda m\u00e1s grande, gracias a su mayor distancia entre ejes y una versi\u00f3n GTX, que da m\u00e1s potencia a este modelo.&nbsp;<\/p>\n\n\n\n<h2 class=\"wp-block-heading\">El nuevo Volkswagen ID.Buzz 2024<\/h2>\n\n\n\n<p>Una de las principales novedades del <strong>Volkswagen ID.Buzz 2024<\/strong> es que dispone de la versi\u00f3n LWB, con una longitud de 4,963 metros y siete plazas, solo disponible para los acabados Pro y GTX.&nbsp;<\/p>\n\n\n\n<p>Adem\u00e1s, se puede escoger con batalla corta y cinco plazas, o con hasta seis plazas, con acabado Origin, el de acceso de la gama. Otra versi\u00f3n&nbsp;es la Volkswagen ID.Buzz Cargo, que no tiene asientos y tiene una amplia capacidad de maletero.&nbsp;<\/p>\n\n\n\n<p><strong>La capacidad del maletero var\u00eda seg\u00fan la versi\u00f3n<\/strong>. En la versi\u00f3n est\u00e1ndar de cinco plazas, la capacidad es de 1.121 litros y de 2.123 litros con la fila de asientos abatida. Para la versi\u00f3n LWB, su capacidad es de 306 litros, con un volumen que aumenta a 2.469 litros, abatiendo las dos filas de asientos.&nbsp;<\/p>\n\n\n\n<h2 class=\"wp-block-heading\">Autonom\u00eda del Volkswagen ID.Buzz<\/h2>\n\n\n\n<p>Otra actualizaci\u00f3n que presenta el Volkswagen ID.Buzz 2024, es la distancia entre ejes, que son 25 cent\u00edmetros m\u00e1s que la versi\u00f3n est\u00e1ndar, esto le permiti\u00f3 ubicar una bater\u00eda m\u00e1s grande, de 86 kWh, que el acabado <strong>ofrece una autonom\u00eda de hasta 487 kil\u00f3metros<\/strong>.&nbsp;<\/p>\n\n\n\n<p>Adem\u00e1s, se podr\u00e1 elegir otra bater\u00eda m\u00e1s peque\u00f1a, desde 79 kWh, cuya autonom\u00eda var\u00eda seg\u00fan el acabado, el Origin con 457 kil\u00f3metros, el Pro con 454 kil\u00f3metros y el Cargo de 448 kil\u00f3metros. Adem\u00e1s, todas las versiones se equipan con un motor el\u00e9ctrico de 210 kW.\u00a0<\/p>\n\n\n\n<figure class=\"wp-block-image size-large\"><img loading=\"lazy\" decoding=\"async\" width=\"1024\" height=\"682\" src=\"https:\/\/127.0.0.1\/wp-content\/uploads\/2024\/07\/Volkswagen-ID.Buzz-24-interior-1024x682.jpg\" alt=\"Volkswagen ID.Buzz 24 - interior\" class=\"wp-image-12395\" srcset=\"https:\/\/www.ocasionplus.com\/wp-content\/uploads\/2024\/07\/Volkswagen-ID.Buzz-24-interior-1024x682.jpg 1024w, https:\/\/www.ocasionplus.com\/wp-content\/uploads\/2024\/07\/Volkswagen-ID.Buzz-24-interior-300x200.jpg 300w, https:\/\/www.ocasionplus.com\/wp-content\/uploads\/2024\/07\/Volkswagen-ID.Buzz-24-interior-255x170.jpg 255w, https:\/\/www.ocasionplus.com\/wp-content\/uploads\/2024\/07\/Volkswagen-ID.Buzz-24-interior-510x340.jpg 510w, https:\/\/www.ocasionplus.com\/wp-content\/uploads\/2024\/07\/Volkswagen-ID.Buzz-24-interior-280x187.jpg 280w, https:\/\/www.ocasionplus.com\/wp-content\/uploads\/2024\/07\/Volkswagen-ID.Buzz-24-interior-560x373.jpg 560w, https:\/\/www.ocasionplus.com\/wp-content\/uploads\/2024\/07\/Volkswagen-ID.Buzz-24-interior-350x233.jpg 350w, https:\/\/www.ocasionplus.com\/wp-content\/uploads\/2024\/07\/Volkswagen-ID.Buzz-24-interior-700x466.jpg 700w, https:\/\/www.ocasionplus.com\/wp-content\/uploads\/2024\/07\/Volkswagen-ID.Buzz-24-interior-398x265.jpg 398w, https:\/\/www.ocasionplus.com\/wp-content\/uploads\/2024\/07\/Volkswagen-ID.Buzz-24-interior-796x530.jpg 796w, https:\/\/www.ocasionplus.com\/wp-content\/uploads\/2024\/07\/Volkswagen-ID.Buzz-24-interior.jpg 1280w\" sizes=\"auto, (max-width: 1024px) 100vw, 1024px\" \/><figcaption class=\"wp-element-caption\">El interior del Volkswagen ID.Buzz presenta una pantalla t\u00e1ctil m\u00e1s grande que la versi\u00f3n anterior<\/figcaption><\/figure>\n\n\n\n<h2 class=\"wp-block-heading\">La versi\u00f3n Volkswagen ID.Buzz GTX<\/h2>\n\n\n\n<p>Esta es la versi\u00f3n m\u00e1s potente del ID.Buzz. Se encuentra disponible con un motor el\u00e9ctrico de 250 kW, con potencia de 340 CV, cuenta con tracci\u00f3n total 4MOTION de serie. Adem\u00e1s, de detalles de dise\u00f1o con una parrilla negra brillante con dise\u00f1o de panal de abeja y llantas de 20 pulgadas.&nbsp;<\/p>\n\n\n\n<p>El interior equipa una pantalla t\u00e1ctil de 12,9 pulgadas, que se ubica en la zona central del salpicadero, que a su vez permite realizar funciones como navegaci\u00f3n, conectividad y modos de conducci\u00f3n. Adem\u00e1s, de estar integrado con el asistente de voz con tecnolog\u00eda de ChatGPT.&nbsp;<\/p>\n\n\n\n<h2 class=\"wp-block-heading\">Encuentra tu Volkswagen de segunda mano<\/h2>\n\n\n\n<p>Si est\u00e1s interesado en comprar un <a href=\"https:\/\/www.ocasionplus.com\/coches-ocasion\/volkswagen\"><span style=\"text-decoration: underline;\"><mark style=\"background-color:rgba(0, 0, 0, 0);color:#189bd7\" class=\"has-inline-color\">Volkswagen de segunda mano<\/mark><\/span><\/a>, en OcasionPlus encuentras modelos reconocidos como el <a href=\"https:\/\/www.ocasionplus.com\/coches-ocasion\/volkswagen\/golf\"><span style=\"text-decoration: underline;\"><mark style=\"background-color:rgba(0, 0, 0, 0);color:#189bd7\" class=\"has-inline-color\">Volkswagen Golf de segunda mano<\/mark><\/span><\/a>, el <a href=\"https:\/\/www.ocasionplus.com\/coches-ocasion\/volkswagen\/t-roc\"><span style=\"text-decoration: underline;\"><mark style=\"background-color:rgba(0, 0, 0, 0);color:#189bd7\" class=\"has-inline-color\">Volkswagen T-Roc de ocasi\u00f3n<\/mark><\/span><\/a> o el <a href=\"https:\/\/www.ocasionplus.com\/coches-ocasion\/volkswagen\/tiguan\"><span style=\"text-decoration: underline;\"><mark style=\"background-color:rgba(0, 0, 0, 0);color:#189bd7\" class=\"has-inline-color\">Volkswagen Tiguan de segunda mano<\/mark><\/span><\/a>.\u00a0<\/p>\n\n\n\n<p>Adem\u00e1s, podr\u00e1s disfrutar de un amplio cat\u00e1logo de <a href=\"https:\/\/www.ocasionplus.com\/coches-ocasion\"><span style=\"text-decoration: underline;\"><mark style=\"background-color:rgba(0, 0, 0, 0);color:#189bd7\" class=\"has-inline-color\">coches de segunda mano<\/mark><\/span><\/a>, donde podr\u00e1s encontrar compactos, familiares y SUV con la mejor calidad y el mejor precio del mercado. No esperes m\u00e1s y visita alguno de los 90 centros de OcasionPlus que hay distribuidos por toda Espa\u00f1a.<\/p>\n","protected":false},"excerpt":{"rendered":"<p>La marca alemana present\u00f3 el nuevo Volkswagen ID.Buzz 2024, un modelo que quiere ser la actualizaci\u00f3n del Volkswagen T1, pero con rendimiento y practicidad de un modelo el\u00e9ctrico.&nbsp; El nuevo ID.Buzz 2024 estar\u00e1 disponible con hasta 7 plazas, una bater\u00eda m\u00e1s grande, gracias a su mayor distancia entre ejes y una versi\u00f3n GTX, que da&#8230;<\/p>\n","protected":false},"author":3,"featured_media":12394,"comment_status":"closed","ping_status":"closed","sticky":false,"template":"","format":"standard","meta":{"footnotes":""},"categories":[2],"tags":[380,460],"class_list":["post-12392","post","type-post","status-publish","format-standard","has-post-thumbnail","hentry","category-ultimas-noticias","tag-coches-ocasion","tag-volkswagen"],"yoast_head":"<!-- This site is optimized with the Yoast SEO Premium plugin v24.8 (Yoast SEO v24.8.1) - https:\/\/yoast.com\/wordpress\/plugins\/seo\/ -->\n<title>Nuevo Volkswagen ID.Buzz 2024: disponible con 7 plazas y m\u00e1s autonom\u00eda - OcasionPlus Blog<\/title>\n<meta name=\"robots\" content=\"index, follow, max-snippet:-1, max-image-preview:large, max-video-preview:-1\" \/>\n<link rel=\"canonical\" href=\"https:\/\/www.ocasionplus.com\/noticias\/nuevo-volkswagen-id-buzz-2024\/\" \/>\n<meta property=\"og:locale\" content=\"es_ES\" \/>\n<meta property=\"og:type\" content=\"article\" \/>\n<meta property=\"og:title\" content=\"Nuevo Volkswagen ID.Buzz 2024: disponible con 7 plazas y m\u00e1s autonom\u00eda\" \/>\n<meta property=\"og:description\" content=\"La marca alemana present\u00f3 el nuevo Volkswagen ID.Buzz 2024, un modelo que quiere ser la actualizaci\u00f3n del Volkswagen T1, pero con rendimiento y practicidad de un modelo el\u00e9ctrico.&nbsp; El nuevo ID.Buzz 2024 estar\u00e1 disponible con hasta 7 plazas, una bater\u00eda m\u00e1s grande, gracias a su mayor distancia entre ejes y una versi\u00f3n GTX, que da...\" \/>\n<meta property=\"og:url\" content=\"https:\/\/www.ocasionplus.com\/noticias\/nuevo-volkswagen-id-buzz-2024\/\" \/>\n<meta property=\"og:site_name\" content=\"OcasionPlus Blog\" \/>\n<meta property=\"article:publisher\" content=\"https:\/\/www.facebook.com\/ocasionplus\" \/>\n<meta property=\"article:published_time\" content=\"2024-07-08T14:34:25+00:00\" \/>\n<meta property=\"article:modified_time\" content=\"2025-03-27T09:49:26+00:00\" \/>\n<meta property=\"og:image\" content=\"https:\/\/www.ocasionplus.com\/wp-content\/uploads\/2024\/07\/Volkswagen-ID.Buzz-2024.jpg\" \/>\n\t<meta property=\"og:image:width\" content=\"1280\" \/>\n\t<meta property=\"og:image:height\" content=\"720\" \/>\n\t<meta property=\"og:image:type\" content=\"image\/jpeg\" \/>\n<meta name=\"author\" content=\"Cristhian Gonz\u00e1lez\" \/>\n<meta name=\"twitter:card\" content=\"summary_large_image\" \/>\n<meta name=\"twitter:creator\" content=\"@ocasionplus\" \/>\n<meta name=\"twitter:site\" content=\"@ocasionplus\" \/>\n<meta name=\"twitter:label1\" content=\"Escrito por\" \/>\n\t<meta name=\"twitter:data1\" content=\"Cristhian Gonz\u00e1lez\" \/>\n\t<meta name=\"twitter:label2\" content=\"Tiempo de lectura\" \/>\n\t<meta name=\"twitter:data2\" content=\"3 minutos\" \/>\n<script type=\"application\/ld+json\" class=\"yoast-schema-graph\">{\"@context\":\"https:\/\/schema.org\",\"@graph\":[{\"@type\":\"Article\",\"@id\":\"https:\/\/www.ocasionplus.com\/noticias\/nuevo-volkswagen-id-buzz-2024\/#article\",\"isPartOf\":{\"@id\":\"https:\/\/www.ocasionplus.com\/noticias\/nuevo-volkswagen-id-buzz-2024\/\"},\"author\":{\"name\":\"Cristhian Gonz\u00e1lez\",\"@id\":\"https:\/\/www.ocasionplus.com\/noticias\/#\/schema\/person\/db1203be564cc3ded97ad1dbd8aadc5b\"},\"headline\":\"Nuevo Volkswagen ID.Buzz 2024: disponible con 7 plazas y m\u00e1s autonom\u00eda\",\"datePublished\":\"2024-07-08T14:34:25+00:00\",\"dateModified\":\"2025-03-27T09:49:26+00:00\",\"mainEntityOfPage\":{\"@id\":\"https:\/\/www.ocasionplus.com\/noticias\/nuevo-volkswagen-id-buzz-2024\/\"},\"wordCount\":559,\"publisher\":{\"@id\":\"https:\/\/www.ocasionplus.com\/noticias\/#organization\"},\"image\":{\"@id\":\"https:\/\/www.ocasionplus.com\/noticias\/nuevo-volkswagen-id-buzz-2024\/#primaryimage\"},\"thumbnailUrl\":\"https:\/\/www.ocasionplus.com\/wp-content\/uploads\/2024\/07\/Volkswagen-ID.Buzz-2024.jpg\",\"keywords\":[\"coches ocasion\",\"volkswagen\"],\"articleSection\":[\"\u00daltimas Noticias\"],\"inLanguage\":\"es\",\"copyrightYear\":\"2024\",\"copyrightHolder\":{\"@id\":\"https:\/\/www.ocasionplus.com\/noticias\/#organization\"}},{\"@type\":\"WebPage\",\"@id\":\"https:\/\/www.ocasionplus.com\/noticias\/nuevo-volkswagen-id-buzz-2024\/\",\"url\":\"https:\/\/www.ocasionplus.com\/noticias\/nuevo-volkswagen-id-buzz-2024\/\",\"name\":\"Nuevo Volkswagen ID.Buzz 2024: disponible con 7 plazas y m\u00e1s autonom\u00eda - OcasionPlus Blog\",\"isPartOf\":{\"@id\":\"https:\/\/www.ocasionplus.com\/noticias\/#website\"},\"primaryImageOfPage\":{\"@id\":\"https:\/\/www.ocasionplus.com\/noticias\/nuevo-volkswagen-id-buzz-2024\/#primaryimage\"},\"image\":{\"@id\":\"https:\/\/www.ocasionplus.com\/noticias\/nuevo-volkswagen-id-buzz-2024\/#primaryimage\"},\"thumbnailUrl\":\"https:\/\/www.ocasionplus.com\/wp-content\/uploads\/2024\/07\/Volkswagen-ID.Buzz-2024.jpg\",\"datePublished\":\"2024-07-08T14:34:25+00:00\",\"dateModified\":\"2025-03-27T09:49:26+00:00\",\"breadcrumb\":{\"@id\":\"https:\/\/www.ocasionplus.com\/noticias\/nuevo-volkswagen-id-buzz-2024\/#breadcrumb\"},\"inLanguage\":\"es\",\"potentialAction\":[{\"@type\":\"ReadAction\",\"target\":[\"https:\/\/www.ocasionplus.com\/noticias\/nuevo-volkswagen-id-buzz-2024\/\"]}]},{\"@type\":\"ImageObject\",\"inLanguage\":\"es\",\"@id\":\"https:\/\/www.ocasionplus.com\/noticias\/nuevo-volkswagen-id-buzz-2024\/#primaryimage\",\"url\":\"https:\/\/www.ocasionplus.com\/wp-content\/uploads\/2024\/07\/Volkswagen-ID.Buzz-2024.jpg\",\"contentUrl\":\"https:\/\/www.ocasionplus.com\/wp-content\/uploads\/2024\/07\/Volkswagen-ID.Buzz-2024.jpg\",\"width\":1280,\"height\":720,\"caption\":\"En 2024 se actualiz\u00f3 el Volkswagen ID.Buzz con m\u00e1s autonom\u00eda\"},{\"@type\":\"BreadcrumbList\",\"@id\":\"https:\/\/www.ocasionplus.com\/noticias\/nuevo-volkswagen-id-buzz-2024\/#breadcrumb\",\"itemListElement\":[{\"@type\":\"ListItem\",\"position\":1,\"name\":\"Portada\",\"item\":\"https:\/\/www.ocasionplus.com\/noticias\/\"},{\"@type\":\"ListItem\",\"position\":2,\"name\":\"Nuevo Volkswagen ID.Buzz 2024: disponible con 7 plazas y m\u00e1s autonom\u00eda\"}]},{\"@type\":\"WebSite\",\"@id\":\"https:\/\/www.ocasionplus.com\/noticias\/#website\",\"url\":\"https:\/\/www.ocasionplus.com\/noticias\/\",\"name\":\"OcasionPlus Blog\",\"description\":\"Veh\u00edculos de ocasi\u00f3n\",\"publisher\":{\"@id\":\"https:\/\/www.ocasionplus.com\/noticias\/#organization\"},\"potentialAction\":[{\"@type\":\"SearchAction\",\"target\":{\"@type\":\"EntryPoint\",\"urlTemplate\":\"https:\/\/www.ocasionplus.com\/noticias\/?s={search_term_string}\"},\"query-input\":{\"@type\":\"PropertyValueSpecification\",\"valueRequired\":true,\"valueName\":\"search_term_string\"}}],\"inLanguage\":\"es\"},{\"@type\":\"Organization\",\"@id\":\"https:\/\/www.ocasionplus.com\/noticias\/#organization\",\"name\":\"OcasionPlus\",\"url\":\"https:\/\/www.ocasionplus.com\/noticias\/\",\"logo\":{\"@type\":\"ImageObject\",\"inLanguage\":\"es\",\"@id\":\"https:\/\/www.ocasionplus.com\/noticias\/#\/schema\/logo\/image\/\",\"url\":\"https:\/\/www.ocasionplus.com\/wp-content\/uploads\/2024\/05\/cropped-cropped-oplus-logo-blog.png\",\"contentUrl\":\"https:\/\/www.ocasionplus.com\/wp-content\/uploads\/2024\/05\/cropped-cropped-oplus-logo-blog.png\",\"width\":360,\"height\":71,\"caption\":\"OcasionPlus\"},\"image\":{\"@id\":\"https:\/\/www.ocasionplus.com\/noticias\/#\/schema\/logo\/image\/\"},\"sameAs\":[\"https:\/\/www.facebook.com\/ocasionplus\",\"https:\/\/x.com\/ocasionplus\",\"https:\/\/www.instagram.com\/ocasion_plus\",\"https:\/\/www.youtube.com\/channel\/UCBiCAto61Lyu27CgI95wrYQ\",\"https:\/\/www.tiktok.com\/@ocasionplus.com\",\"https:\/\/es.linkedin.com\/company\/ocasionplus\"]},{\"@type\":\"Person\",\"@id\":\"https:\/\/www.ocasionplus.com\/noticias\/#\/schema\/person\/db1203be564cc3ded97ad1dbd8aadc5b\",\"name\":\"Cristhian Gonz\u00e1lez\",\"image\":{\"@type\":\"ImageObject\",\"inLanguage\":\"es\",\"@id\":\"https:\/\/www.ocasionplus.com\/noticias\/#\/schema\/person\/image\/\",\"url\":\"https:\/\/secure.gravatar.com\/avatar\/30c0388f0815fd0ab8fb4cfad29866ac?s=96&d=mm&r=g\",\"contentUrl\":\"https:\/\/secure.gravatar.com\/avatar\/30c0388f0815fd0ab8fb4cfad29866ac?s=96&d=mm&r=g\",\"caption\":\"Cristhian Gonz\u00e1lez\"},\"description\":\"Periodista formado en Colombia. Siempre vinculado al deporte y con pasi\u00f3n por los coches. He asistido y cubierto diferentes eventos deportivos para diferentes medios de comunicaci\u00f3n.\"}]}<\/script>\n<!-- \/ Yoast SEO Premium plugin. -->","yoast_head_json":{"title":"Nuevo Volkswagen ID.Buzz 2024: disponible con 7 plazas y m\u00e1s autonom\u00eda - OcasionPlus Blog","robots":{"index":"index","follow":"follow","max-snippet":"max-snippet:-1","max-image-preview":"max-image-preview:large","max-video-preview":"max-video-preview:-1"},"canonical":"https:\/\/www.ocasionplus.com\/noticias\/nuevo-volkswagen-id-buzz-2024\/","og_locale":"es_ES","og_type":"article","og_title":"Nuevo Volkswagen ID.Buzz 2024: disponible con 7 plazas y m\u00e1s autonom\u00eda","og_description":"La marca alemana present\u00f3 el nuevo Volkswagen ID.Buzz 2024, un modelo que quiere ser la actualizaci\u00f3n del Volkswagen T1, pero con rendimiento y practicidad de un modelo el\u00e9ctrico.&nbsp; El nuevo ID.Buzz 2024 estar\u00e1 disponible con hasta 7 plazas, una bater\u00eda m\u00e1s grande, gracias a su mayor distancia entre ejes y una versi\u00f3n GTX, que da...","og_url":"https:\/\/www.ocasionplus.com\/noticias\/nuevo-volkswagen-id-buzz-2024\/","og_site_name":"OcasionPlus Blog","article_publisher":"https:\/\/www.facebook.com\/ocasionplus","article_published_time":"2024-07-08T14:34:25+00:00","article_modified_time":"2025-03-27T09:49:26+00:00","og_image":[{"width":1280,"height":720,"url":"https:\/\/www.ocasionplus.com\/wp-content\/uploads\/2024\/07\/Volkswagen-ID.Buzz-2024.jpg","type":"image\/jpeg"}],"author":"Cristhian Gonz\u00e1lez","twitter_card":"summary_large_image","twitter_creator":"@ocasionplus","twitter_site":"@ocasionplus","twitter_misc":{"Escrito por":"Cristhian Gonz\u00e1lez","Tiempo de lectura":"3 minutos"},"schema":{"@context":"https:\/\/schema.org","@graph":[{"@type":"Article","@id":"https:\/\/www.ocasionplus.com\/noticias\/nuevo-volkswagen-id-buzz-2024\/#article","isPartOf":{"@id":"https:\/\/www.ocasionplus.com\/noticias\/nuevo-volkswagen-id-buzz-2024\/"},"author":{"name":"Cristhian Gonz\u00e1lez","@id":"https:\/\/www.ocasionplus.com\/noticias\/#\/schema\/person\/db1203be564cc3ded97ad1dbd8aadc5b"},"headline":"Nuevo Volkswagen ID.Buzz 2024: disponible con 7 plazas y m\u00e1s autonom\u00eda","datePublished":"2024-07-08T14:34:25+00:00","dateModified":"2025-03-27T09:49:26+00:00","mainEntityOfPage":{"@id":"https:\/\/www.ocasionplus.com\/noticias\/nuevo-volkswagen-id-buzz-2024\/"},"wordCount":559,"publisher":{"@id":"https:\/\/www.ocasionplus.com\/noticias\/#organization"},"image":{"@id":"https:\/\/www.ocasionplus.com\/noticias\/nuevo-volkswagen-id-buzz-2024\/#primaryimage"},"thumbnailUrl":"https:\/\/www.ocasionplus.com\/wp-content\/uploads\/2024\/07\/Volkswagen-ID.Buzz-2024.jpg","keywords":["coches ocasion","volkswagen"],"articleSection":["\u00daltimas Noticias"],"inLanguage":"es","copyrightYear":"2024","copyrightHolder":{"@id":"https:\/\/www.ocasionplus.com\/noticias\/#organization"}},{"@type":"WebPage","@id":"https:\/\/www.ocasionplus.com\/noticias\/nuevo-volkswagen-id-buzz-2024\/","url":"https:\/\/www.ocasionplus.com\/noticias\/nuevo-volkswagen-id-buzz-2024\/","name":"Nuevo Volkswagen ID.Buzz 2024: disponible con 7 plazas y m\u00e1s autonom\u00eda - OcasionPlus Blog","isPartOf":{"@id":"https:\/\/www.ocasionplus.com\/noticias\/#website"},"primaryImageOfPage":{"@id":"https:\/\/www.ocasionplus.com\/noticias\/nuevo-volkswagen-id-buzz-2024\/#primaryimage"},"image":{"@id":"https:\/\/www.ocasionplus.com\/noticias\/nuevo-volkswagen-id-buzz-2024\/#primaryimage"},"thumbnailUrl":"https:\/\/www.ocasionplus.com\/wp-content\/uploads\/2024\/07\/Volkswagen-ID.Buzz-2024.jpg","datePublished":"2024-07-08T14:34:25+00:00","dateModified":"2025-03-27T09:49:26+00:00","breadcrumb":{"@id":"https:\/\/www.ocasionplus.com\/noticias\/nuevo-volkswagen-id-buzz-2024\/#breadcrumb"},"inLanguage":"es","potentialAction":[{"@type":"ReadAction","target":["https:\/\/www.ocasionplus.com\/noticias\/nuevo-volkswagen-id-buzz-2024\/"]}]},{"@type":"ImageObject","inLanguage":"es","@id":"https:\/\/www.ocasionplus.com\/noticias\/nuevo-volkswagen-id-buzz-2024\/#primaryimage","url":"https:\/\/www.ocasionplus.com\/wp-content\/uploads\/2024\/07\/Volkswagen-ID.Buzz-2024.jpg","contentUrl":"https:\/\/www.ocasionplus.com\/wp-content\/uploads\/2024\/07\/Volkswagen-ID.Buzz-2024.jpg","width":1280,"height":720,"caption":"En 2024 se actualiz\u00f3 el Volkswagen ID.Buzz con m\u00e1s autonom\u00eda"},{"@type":"BreadcrumbList","@id":"https:\/\/www.ocasionplus.com\/noticias\/nuevo-volkswagen-id-buzz-2024\/#breadcrumb","itemListElement":[{"@type":"ListItem","position":1,"name":"Portada","item":"https:\/\/www.ocasionplus.com\/noticias\/"},{"@type":"ListItem","position":2,"name":"Nuevo Volkswagen ID.Buzz 2024: disponible con 7 plazas y m\u00e1s autonom\u00eda"}]},{"@type":"WebSite","@id":"https:\/\/www.ocasionplus.com\/noticias\/#website","url":"https:\/\/www.ocasionplus.com\/noticias\/","name":"OcasionPlus Blog","description":"Veh\u00edculos de ocasi\u00f3n","publisher":{"@id":"https:\/\/www.ocasionplus.com\/noticias\/#organization"},"potentialAction":[{"@type":"SearchAction","target":{"@type":"EntryPoint","urlTemplate":"https:\/\/www.ocasionplus.com\/noticias\/?s={search_term_string}"},"query-input":{"@type":"PropertyValueSpecification","valueRequired":true,"valueName":"search_term_string"}}],"inLanguage":"es"},{"@type":"Organization","@id":"https:\/\/www.ocasionplus.com\/noticias\/#organization","name":"OcasionPlus","url":"https:\/\/www.ocasionplus.com\/noticias\/","logo":{"@type":"ImageObject","inLanguage":"es","@id":"https:\/\/www.ocasionplus.com\/noticias\/#\/schema\/logo\/image\/","url":"https:\/\/www.ocasionplus.com\/wp-content\/uploads\/2024\/05\/cropped-cropped-oplus-logo-blog.png","contentUrl":"https:\/\/www.ocasionplus.com\/wp-content\/uploads\/2024\/05\/cropped-cropped-oplus-logo-blog.png","width":360,"height":71,"caption":"OcasionPlus"},"image":{"@id":"https:\/\/www.ocasionplus.com\/noticias\/#\/schema\/logo\/image\/"},"sameAs":["https:\/\/www.facebook.com\/ocasionplus","https:\/\/x.com\/ocasionplus","https:\/\/www.instagram.com\/ocasion_plus","https:\/\/www.youtube.com\/channel\/UCBiCAto61Lyu27CgI95wrYQ","https:\/\/www.tiktok.com\/@ocasionplus.com","https:\/\/es.linkedin.com\/company\/ocasionplus"]},{"@type":"Person","@id":"https:\/\/www.ocasionplus.com\/noticias\/#\/schema\/person\/db1203be564cc3ded97ad1dbd8aadc5b","name":"Cristhian Gonz\u00e1lez","image":{"@type":"ImageObject","inLanguage":"es","@id":"https:\/\/www.ocasionplus.com\/noticias\/#\/schema\/person\/image\/","url":"https:\/\/secure.gravatar.com\/avatar\/30c0388f0815fd0ab8fb4cfad29866ac?s=96&d=mm&r=g","contentUrl":"https:\/\/secure.gravatar.com\/avatar\/30c0388f0815fd0ab8fb4cfad29866ac?s=96&d=mm&r=g","caption":"Cristhian Gonz\u00e1lez"},"description":"Periodista formado en Colombia. Siempre vinculado al deporte y con pasi\u00f3n por los coches. He asistido y cubierto diferentes eventos deportivos para diferentes medios de comunicaci\u00f3n."}]}},"jetpack_featured_media_url":"https:\/\/www.ocasionplus.com\/wp-content\/uploads\/2024\/07\/Volkswagen-ID.Buzz-2024.jpg","_links":{"self":[{"href":"https:\/\/www.ocasionplus.com\/noticias\/wp-json\/wp\/v2\/posts\/12392","targetHints":{"allow":["GET"]}}],"collection":[{"href":"https:\/\/www.ocasionplus.com\/noticias\/wp-json\/wp\/v2\/posts"}],"about":[{"href":"https:\/\/www.ocasionplus.com\/noticias\/wp-json\/wp\/v2\/types\/post"}],"author":[{"embeddable":true,"href":"https:\/\/www.ocasionplus.com\/noticias\/wp-json\/wp\/v2\/users\/3"}],"replies":[{"embeddable":true,"href":"https:\/\/www.ocasionplus.com\/noticias\/wp-json\/wp\/v2\/comments?post=12392"}],"version-history":[{"count":1,"href":"https:\/\/www.ocasionplus.com\/noticias\/wp-json\/wp\/v2\/posts\/12392\/revisions"}],"predecessor-version":[{"id":12894,"href":"https:\/\/www.ocasionplus.com\/noticias\/wp-json\/wp\/v2\/posts\/12392\/revisions\/12894"}],"wp:featuredmedia":[{"embeddable":true,"href":"https:\/\/www.ocasionplus.com\/noticias\/wp-json\/wp\/v2\/media\/12394"}],"wp:attachment":[{"href":"https:\/\/www.ocasionplus.com\/noticias\/wp-json\/wp\/v2\/media?parent=12392"}],"wp:term":[{"taxonomy":"category","embeddable":true,"href":"https:\/\/www.ocasionplus.com\/noticias\/wp-json\/wp\/v2\/categories?post=12392"},{"taxonomy":"post_tag","embeddable":true,"href":"https:\/\/www.ocasionplus.com\/noticias\/wp-json\/wp\/v2\/tags?post=12392"}],"curies":[{"name":"wp","href":"https:\/\/api.w.org\/{rel}","templated":true}]}}