{"id":12426,"date":"2024-07-09T15:48:39","date_gmt":"2024-07-09T13:48:39","guid":{"rendered":"https:\/\/blog.ocasionplus.com\/?p=12426"},"modified":"2025-03-27T10:47:51","modified_gmt":"2025-03-27T09:47:51","slug":"volkswagen-polo-se-despide-de-espana-despues-de-40-de-fabricacion-en-navarra","status":"publish","type":"post","link":"https:\/\/www.ocasionplus.com\/noticias\/volkswagen-polo-se-despide-de-espana-despues-de-40-de-fabricacion-en-navarra\/","title":{"rendered":"Volkswagen Polo se despide de Espa\u00f1a despu\u00e9s de 40 de fabricaci\u00f3n en Navarra"},"content":{"rendered":"\r\n<p>El <strong>Volkswagen Polo<\/strong> ha sido un pilar fundamental en la industria automotriz espa\u00f1ola durante d\u00e9cadas. Fabricado en <strong>la planta de Navarra<\/strong> desde hace m\u00e1s de cuarenta a\u00f1os, este ic\u00f3nico <strong>modelo del segmento B<\/strong> de Volkswagen deja de fabricarse en Landaben.\u00a0<\/p>\r\n\r\n\r\n\r\n<p>La casa alemana traslada la fabricaci\u00f3n del modelo a Sud\u00e1frica, y la de Navarra se prepara para los modelos el\u00e9ctricos, <strong>el Taigo <\/strong>y<strong> T-Cross <\/strong>de combusti\u00f3n.<\/p>\r\n\r\n\r\n\r\n<h2 class=\"wp-block-heading\"><strong>Historial del Volkswagen Polo<\/strong><\/h2>\r\n\r\n\r\n\r\n<p>El <strong>Volkswagen Polo<\/strong> ha sido un referente en el mundo automovil\u00edstico desde su lanzamiento. Con m\u00faltiples versiones y actualizaciones, el Polo se ha mantenido relevante a lo largo de los a\u00f1os gracias a su combinaci\u00f3n de <strong>dise\u00f1o, eficiencia y fiabilidad<\/strong>.<\/p>\r\n\r\n\r\n\r\n<p>El Polo se lanz\u00f3 <strong>por primera vez en 1975<\/strong> y r\u00e1pidamente se gan\u00f3 la reputaci\u00f3n de ser un coche compacto, eficiente y asequible. Se puso de moda casi al salir, ya que la gente buscaba coches peque\u00f1os y, como siempre, econ\u00f3micos. Con el tiempo, ha evolucionado para adaptarse a las demandas cambiantes del mercado, <strong>introduciendo mejoras tecnol\u00f3gicas<\/strong> y de seguridad en cada nueva generaci\u00f3n.<\/p>\r\n\r\n\r\n\r\n<p>En Navarra se empez\u00f3 a producir en <strong>1984<\/strong>, con motores de gasolina de hasta <strong>55 CV <\/strong>y capaz de alcanzar una <strong>velocidad m\u00e1xima de 155 km\/h<\/strong>. Era la versi\u00f3n barata del <strong>Audi 50<\/strong> y costaba unas <strong>547.700 pesetas (unos 16.200 euros)<\/strong>.<\/p>\r\n\r\n\r\n\r\n<p>A lo largo de sus m\u00e1s de 40 a\u00f1os de historia, el <strong>Volkswagen Polo<\/strong> ha presentado diversas versiones, cada una con caracter\u00edsticas distintivas que han atra\u00eddo a diferentes tipos de conductores. Desde modelos b\u00e1sicos hasta versiones deportivas, el Polo ha ofrecido una opci\u00f3n para cada necesidad.<\/p>\r\n\r\n\r\n\r\n<h3 class=\"wp-block-heading\"><strong>El fin de una era en Navarra<\/strong><\/h3>\r\n\r\n\r\n\r\n<p>Con el cese de la producci\u00f3n del <strong>Volkswagen Polo<\/strong> en Navarra, la planta se enfrenta a nuevos desaf\u00edos y oportunidades. Aunque este es el fin de un cap\u00edtulo importante, la f\u00e1brica continuar\u00e1 desempe\u00f1ando un papel esencial en la producci\u00f3n de otros modelos de Volkswagen.<\/p>\r\n\r\n\r\n\r\n<h2 class=\"wp-block-heading\"><strong>El m\u00edtico Volkswagen Polo: caracter\u00edsticas y versiones<\/strong><\/h2>\r\n\r\n\r\n\r\n<p>El Volkswagen Polo se ha distinguido por su <strong>versatilidad y adaptabilidad<\/strong> a lo largo de sus diferentes versiones. Desde su lanzamiento, el Polo ha ofrecido una variedad de motores y acabados, convirti\u00e9ndose en una opci\u00f3n popular tanto para conductores j\u00f3venes como para familias.<\/p>\r\n\r\n\r\n\r\n<p>El Polo es conocido por su <strong>confort, seguridad y tecnolog\u00eda avanzada<\/strong>. Entre sus caracter\u00edsticas m\u00e1s destacadas se encuentran:<\/p>\r\n\r\n\r\n\r\n<ul class=\"wp-block-list\">\r\n<li>Motores eficientes y potentes.<\/li>\r\n\r\n\r\n\r\n<li>Sistemas de seguridad de \u00faltima generaci\u00f3n.<\/li>\r\n\r\n\r\n\r\n<li>Dise\u00f1o moderno y atractivo.<\/li>\r\n\r\n\r\n\r\n<li>Interiores espaciosos y bien equipados.<\/li>\r\n<\/ul>\r\n\r\n\r\n\r\n<p>A lo largo de los a\u00f1os, el Polo ha presentado versiones ic\u00f3nicas como el <strong>Polo GTI<\/strong>, que combina rendimiento deportivo con el tama\u00f1o compacto del Polo. Otras versiones incluyen ediciones especiales y modelos con equipamientos exclusivos, adapt\u00e1ndose a las preferencias y necesidades de una amplia variedad de conductores.<\/p>\r\n\r\n\r\n\r\n<h3 class=\"wp-block-heading\"><strong>Volkswagen Polo de segunda mano<\/strong><\/h3>\r\n\r\n\r\n\r\n<p>En el mercado de <a href=\"https:\/\/www.ocasionplus.com\/coches-ocasion\/volkswagen\/polo\"><mark class=\"has-inline-color has-vivid-cyan-blue-color\" style=\"background-color: rgba(0, 0, 0, 0);\">coches de segunda mano el Volkswagen Polo<\/mark><\/a> es un m\u00edtico y de los modelos que m\u00e1s se venden. Frente a los modelos m\u00e1s actuales, <strong>su precio de salida es de 6.000 euros<\/strong>. Su reputaci\u00f3n de durabilidad y fiabilidad lo convierte en una opci\u00f3n atractiva para quienes buscan un coche usado de calidad.<\/p>\r\n\r\n\r\n\r\n<p>El final de la producci\u00f3n del Polo en Navarra no significa la desaparici\u00f3n del Polo del mercado. Recuerda que en <a href=\"https:\/\/www.ocasionplus.com\/\"><mark class=\"has-inline-color has-vivid-cyan-blue-color\" style=\"background-color: rgba(0, 0, 0, 0);\">OcasionPlus<\/mark><\/a> encontrar\u00e1s este y otros modelos m\u00e1s al mejor precio.<\/p>\r\n","protected":false},"excerpt":{"rendered":"<p>El Volkswagen Polo ha sido un pilar fundamental en la industria automotriz espa\u00f1ola durante d\u00e9cadas. Fabricado en la planta de Navarra desde hace m\u00e1s de cuarenta a\u00f1os, este ic\u00f3nico modelo del segmento B de Volkswagen deja de fabricarse en Landaben.\u00a0 La casa alemana traslada la fabricaci\u00f3n del modelo a Sud\u00e1frica, y la de Navarra se&#8230;<\/p>\n","protected":false},"author":6,"featured_media":12427,"comment_status":"closed","ping_status":"closed","sticky":false,"template":"","format":"standard","meta":{"footnotes":""},"categories":[2],"tags":[380,523,460],"class_list":["post-12426","post","type-post","status-publish","format-standard","has-post-thumbnail","hentry","category-ultimas-noticias","tag-coches-ocasion","tag-polo","tag-volkswagen"],"yoast_head":"<!-- This site is optimized with the Yoast SEO Premium plugin v24.8 (Yoast SEO v24.8.1) - https:\/\/yoast.com\/wordpress\/plugins\/seo\/ -->\n<title>Volkswagen Polo en Espa\u00f1a: fin de una era en la fabricaci\u00f3n<\/title>\n<meta name=\"description\" content=\"Descubre la historia del Volkswagen Polo en Espa\u00f1a y c\u00f3mo su cese de fabricaci\u00f3n en Navarra marca un hito en el mercado de coches de segunda mano.\" \/>\n<meta name=\"robots\" content=\"index, follow, max-snippet:-1, max-image-preview:large, max-video-preview:-1\" \/>\n<link rel=\"canonical\" href=\"https:\/\/www.ocasionplus.com\/noticias\/volkswagen-polo-se-despide-de-espana-despues-de-40-de-fabricacion-en-navarra\/\" \/>\n<meta property=\"og:locale\" content=\"es_ES\" \/>\n<meta property=\"og:type\" content=\"article\" \/>\n<meta property=\"og:title\" content=\"Volkswagen Polo se despide de Espa\u00f1a despu\u00e9s de 40 de fabricaci\u00f3n en Navarra\" \/>\n<meta property=\"og:description\" content=\"Descubre la historia del Volkswagen Polo en Espa\u00f1a y c\u00f3mo su cese de fabricaci\u00f3n en Navarra marca un hito en el mercado de coches de segunda mano.\" \/>\n<meta property=\"og:url\" content=\"https:\/\/www.ocasionplus.com\/noticias\/volkswagen-polo-se-despide-de-espana-despues-de-40-de-fabricacion-en-navarra\/\" \/>\n<meta property=\"og:site_name\" content=\"OcasionPlus Blog\" \/>\n<meta property=\"article:publisher\" content=\"https:\/\/www.facebook.com\/ocasionplus\" \/>\n<meta property=\"article:published_time\" content=\"2024-07-09T13:48:39+00:00\" \/>\n<meta property=\"article:modified_time\" content=\"2025-03-27T09:47:51+00:00\" \/>\n<meta property=\"og:image\" content=\"https:\/\/www.ocasionplus.com\/wp-content\/uploads\/2024\/07\/volkswagen_cierre_navarra.jpg\" \/>\n\t<meta property=\"og:image:width\" content=\"1199\" \/>\n\t<meta property=\"og:image:height\" content=\"800\" \/>\n\t<meta property=\"og:image:type\" content=\"image\/jpeg\" \/>\n<meta name=\"author\" content=\"Maite Mesones Rojas\" \/>\n<meta name=\"twitter:card\" content=\"summary_large_image\" \/>\n<meta name=\"twitter:creator\" content=\"@ocasionplus\" \/>\n<meta name=\"twitter:site\" content=\"@ocasionplus\" \/>\n<meta name=\"twitter:label1\" content=\"Escrito por\" \/>\n\t<meta name=\"twitter:data1\" content=\"Maite Mesones Rojas\" \/>\n\t<meta name=\"twitter:label2\" content=\"Tiempo de lectura\" \/>\n\t<meta name=\"twitter:data2\" content=\"3 minutos\" \/>\n<script type=\"application\/ld+json\" class=\"yoast-schema-graph\">{\"@context\":\"https:\/\/schema.org\",\"@graph\":[{\"@type\":\"Article\",\"@id\":\"https:\/\/www.ocasionplus.com\/noticias\/volkswagen-polo-se-despide-de-espana-despues-de-40-de-fabricacion-en-navarra\/#article\",\"isPartOf\":{\"@id\":\"https:\/\/www.ocasionplus.com\/noticias\/volkswagen-polo-se-despide-de-espana-despues-de-40-de-fabricacion-en-navarra\/\"},\"author\":{\"name\":\"Maite Mesones Rojas\",\"@id\":\"https:\/\/www.ocasionplus.com\/noticias\/#\/schema\/person\/f7cd35dbbed23ca6c4ab2c5f7a2faf69\"},\"headline\":\"Volkswagen Polo se despide de Espa\u00f1a despu\u00e9s de 40 de fabricaci\u00f3n en Navarra\",\"datePublished\":\"2024-07-09T13:48:39+00:00\",\"dateModified\":\"2025-03-27T09:47:51+00:00\",\"mainEntityOfPage\":{\"@id\":\"https:\/\/www.ocasionplus.com\/noticias\/volkswagen-polo-se-despide-de-espana-despues-de-40-de-fabricacion-en-navarra\/\"},\"wordCount\":602,\"publisher\":{\"@id\":\"https:\/\/www.ocasionplus.com\/noticias\/#organization\"},\"image\":{\"@id\":\"https:\/\/www.ocasionplus.com\/noticias\/volkswagen-polo-se-despide-de-espana-despues-de-40-de-fabricacion-en-navarra\/#primaryimage\"},\"thumbnailUrl\":\"https:\/\/www.ocasionplus.com\/wp-content\/uploads\/2024\/07\/volkswagen_cierre_navarra.jpg\",\"keywords\":[\"coches ocasion\",\"polo\",\"volkswagen\"],\"articleSection\":[\"\u00daltimas Noticias\"],\"inLanguage\":\"es\",\"copyrightYear\":\"2024\",\"copyrightHolder\":{\"@id\":\"https:\/\/www.ocasionplus.com\/noticias\/#organization\"}},{\"@type\":\"WebPage\",\"@id\":\"https:\/\/www.ocasionplus.com\/noticias\/volkswagen-polo-se-despide-de-espana-despues-de-40-de-fabricacion-en-navarra\/\",\"url\":\"https:\/\/www.ocasionplus.com\/noticias\/volkswagen-polo-se-despide-de-espana-despues-de-40-de-fabricacion-en-navarra\/\",\"name\":\"Volkswagen Polo en Espa\u00f1a: fin de una era en la fabricaci\u00f3n\",\"isPartOf\":{\"@id\":\"https:\/\/www.ocasionplus.com\/noticias\/#website\"},\"primaryImageOfPage\":{\"@id\":\"https:\/\/www.ocasionplus.com\/noticias\/volkswagen-polo-se-despide-de-espana-despues-de-40-de-fabricacion-en-navarra\/#primaryimage\"},\"image\":{\"@id\":\"https:\/\/www.ocasionplus.com\/noticias\/volkswagen-polo-se-despide-de-espana-despues-de-40-de-fabricacion-en-navarra\/#primaryimage\"},\"thumbnailUrl\":\"https:\/\/www.ocasionplus.com\/wp-content\/uploads\/2024\/07\/volkswagen_cierre_navarra.jpg\",\"datePublished\":\"2024-07-09T13:48:39+00:00\",\"dateModified\":\"2025-03-27T09:47:51+00:00\",\"description\":\"Descubre la historia del Volkswagen Polo en Espa\u00f1a y c\u00f3mo su cese de fabricaci\u00f3n en Navarra marca un hito en el mercado de coches de segunda mano.\",\"breadcrumb\":{\"@id\":\"https:\/\/www.ocasionplus.com\/noticias\/volkswagen-polo-se-despide-de-espana-despues-de-40-de-fabricacion-en-navarra\/#breadcrumb\"},\"inLanguage\":\"es\",\"potentialAction\":[{\"@type\":\"ReadAction\",\"target\":[\"https:\/\/www.ocasionplus.com\/noticias\/volkswagen-polo-se-despide-de-espana-despues-de-40-de-fabricacion-en-navarra\/\"]}]},{\"@type\":\"ImageObject\",\"inLanguage\":\"es\",\"@id\":\"https:\/\/www.ocasionplus.com\/noticias\/volkswagen-polo-se-despide-de-espana-despues-de-40-de-fabricacion-en-navarra\/#primaryimage\",\"url\":\"https:\/\/www.ocasionplus.com\/wp-content\/uploads\/2024\/07\/volkswagen_cierre_navarra.jpg\",\"contentUrl\":\"https:\/\/www.ocasionplus.com\/wp-content\/uploads\/2024\/07\/volkswagen_cierre_navarra.jpg\",\"width\":1199,\"height\":800,\"caption\":\"Volkswagen Navarra pone fin a la producci\u00f3n de 40 a\u00f1os del Polo\"},{\"@type\":\"BreadcrumbList\",\"@id\":\"https:\/\/www.ocasionplus.com\/noticias\/volkswagen-polo-se-despide-de-espana-despues-de-40-de-fabricacion-en-navarra\/#breadcrumb\",\"itemListElement\":[{\"@type\":\"ListItem\",\"position\":1,\"name\":\"Portada\",\"item\":\"https:\/\/www.ocasionplus.com\/noticias\/\"},{\"@type\":\"ListItem\",\"position\":2,\"name\":\"Volkswagen Polo se despide de Espa\u00f1a despu\u00e9s de 40 de fabricaci\u00f3n en Navarra\"}]},{\"@type\":\"WebSite\",\"@id\":\"https:\/\/www.ocasionplus.com\/noticias\/#website\",\"url\":\"https:\/\/www.ocasionplus.com\/noticias\/\",\"name\":\"OcasionPlus Blog\",\"description\":\"Veh\u00edculos de ocasi\u00f3n\",\"publisher\":{\"@id\":\"https:\/\/www.ocasionplus.com\/noticias\/#organization\"},\"potentialAction\":[{\"@type\":\"SearchAction\",\"target\":{\"@type\":\"EntryPoint\",\"urlTemplate\":\"https:\/\/www.ocasionplus.com\/noticias\/?s={search_term_string}\"},\"query-input\":{\"@type\":\"PropertyValueSpecification\",\"valueRequired\":true,\"valueName\":\"search_term_string\"}}],\"inLanguage\":\"es\"},{\"@type\":\"Organization\",\"@id\":\"https:\/\/www.ocasionplus.com\/noticias\/#organization\",\"name\":\"OcasionPlus\",\"url\":\"https:\/\/www.ocasionplus.com\/noticias\/\",\"logo\":{\"@type\":\"ImageObject\",\"inLanguage\":\"es\",\"@id\":\"https:\/\/www.ocasionplus.com\/noticias\/#\/schema\/logo\/image\/\",\"url\":\"https:\/\/www.ocasionplus.com\/wp-content\/uploads\/2024\/05\/cropped-cropped-oplus-logo-blog.png\",\"contentUrl\":\"https:\/\/www.ocasionplus.com\/wp-content\/uploads\/2024\/05\/cropped-cropped-oplus-logo-blog.png\",\"width\":360,\"height\":71,\"caption\":\"OcasionPlus\"},\"image\":{\"@id\":\"https:\/\/www.ocasionplus.com\/noticias\/#\/schema\/logo\/image\/\"},\"sameAs\":[\"https:\/\/www.facebook.com\/ocasionplus\",\"https:\/\/x.com\/ocasionplus\",\"https:\/\/www.instagram.com\/ocasion_plus\",\"https:\/\/www.youtube.com\/channel\/UCBiCAto61Lyu27CgI95wrYQ\",\"https:\/\/www.tiktok.com\/@ocasionplus.com\",\"https:\/\/es.linkedin.com\/company\/ocasionplus\"]},{\"@type\":\"Person\",\"@id\":\"https:\/\/www.ocasionplus.com\/noticias\/#\/schema\/person\/f7cd35dbbed23ca6c4ab2c5f7a2faf69\",\"name\":\"Maite Mesones Rojas\",\"image\":{\"@type\":\"ImageObject\",\"inLanguage\":\"es\",\"@id\":\"https:\/\/www.ocasionplus.com\/noticias\/#\/schema\/person\/image\/\",\"url\":\"https:\/\/ocasionplus-dev.grupoocasionplus.com\/wp-content\/uploads\/2024\/06\/maite-mesones-rojas_avatar_1-96x96.jpg\",\"contentUrl\":\"https:\/\/ocasionplus-dev.grupoocasionplus.com\/wp-content\/uploads\/2024\/06\/maite-mesones-rojas_avatar_1-96x96.jpg\",\"caption\":\"Maite Mesones Rojas\"},\"description\":\"Soy Maite Mesones, una apasionada de la comunicaci\u00f3n y las redes sociales. En este blog, compartir\u00e9 mis conocimientos, ofreciendo consejos pr\u00e1cticos y an\u00e1lisis profundos para ayudaros a tomar decisiones a la hora de adquirir o vender un veh\u00edculo de segunda mano. \u00a1Acomp\u00e1\u00f1ame en esta emocionante traves\u00eda y descubre el apasionante mundo de los coches desde una perspectiva \u00fanica y global!\",\"gender\":\"mujer\",\"worksFor\":\"OcasionPlus\"}]}<\/script>\n<!-- \/ Yoast SEO Premium plugin. -->","yoast_head_json":{"title":"Volkswagen Polo en Espa\u00f1a: fin de una era en la fabricaci\u00f3n","description":"Descubre la historia del Volkswagen Polo en Espa\u00f1a y c\u00f3mo su cese de fabricaci\u00f3n en Navarra marca un hito en el mercado de coches de segunda mano.","robots":{"index":"index","follow":"follow","max-snippet":"max-snippet:-1","max-image-preview":"max-image-preview:large","max-video-preview":"max-video-preview:-1"},"canonical":"https:\/\/www.ocasionplus.com\/noticias\/volkswagen-polo-se-despide-de-espana-despues-de-40-de-fabricacion-en-navarra\/","og_locale":"es_ES","og_type":"article","og_title":"Volkswagen Polo se despide de Espa\u00f1a despu\u00e9s de 40 de fabricaci\u00f3n en Navarra","og_description":"Descubre la historia del Volkswagen Polo en Espa\u00f1a y c\u00f3mo su cese de fabricaci\u00f3n en Navarra marca un hito en el mercado de coches de segunda mano.","og_url":"https:\/\/www.ocasionplus.com\/noticias\/volkswagen-polo-se-despide-de-espana-despues-de-40-de-fabricacion-en-navarra\/","og_site_name":"OcasionPlus Blog","article_publisher":"https:\/\/www.facebook.com\/ocasionplus","article_published_time":"2024-07-09T13:48:39+00:00","article_modified_time":"2025-03-27T09:47:51+00:00","og_image":[{"width":1199,"height":800,"url":"https:\/\/www.ocasionplus.com\/wp-content\/uploads\/2024\/07\/volkswagen_cierre_navarra.jpg","type":"image\/jpeg"}],"author":"Maite Mesones Rojas","twitter_card":"summary_large_image","twitter_creator":"@ocasionplus","twitter_site":"@ocasionplus","twitter_misc":{"Escrito por":"Maite Mesones Rojas","Tiempo de lectura":"3 minutos"},"schema":{"@context":"https:\/\/schema.org","@graph":[{"@type":"Article","@id":"https:\/\/www.ocasionplus.com\/noticias\/volkswagen-polo-se-despide-de-espana-despues-de-40-de-fabricacion-en-navarra\/#article","isPartOf":{"@id":"https:\/\/www.ocasionplus.com\/noticias\/volkswagen-polo-se-despide-de-espana-despues-de-40-de-fabricacion-en-navarra\/"},"author":{"name":"Maite Mesones Rojas","@id":"https:\/\/www.ocasionplus.com\/noticias\/#\/schema\/person\/f7cd35dbbed23ca6c4ab2c5f7a2faf69"},"headline":"Volkswagen Polo se despide de Espa\u00f1a despu\u00e9s de 40 de fabricaci\u00f3n en Navarra","datePublished":"2024-07-09T13:48:39+00:00","dateModified":"2025-03-27T09:47:51+00:00","mainEntityOfPage":{"@id":"https:\/\/www.ocasionplus.com\/noticias\/volkswagen-polo-se-despide-de-espana-despues-de-40-de-fabricacion-en-navarra\/"},"wordCount":602,"publisher":{"@id":"https:\/\/www.ocasionplus.com\/noticias\/#organization"},"image":{"@id":"https:\/\/www.ocasionplus.com\/noticias\/volkswagen-polo-se-despide-de-espana-despues-de-40-de-fabricacion-en-navarra\/#primaryimage"},"thumbnailUrl":"https:\/\/www.ocasionplus.com\/wp-content\/uploads\/2024\/07\/volkswagen_cierre_navarra.jpg","keywords":["coches ocasion","polo","volkswagen"],"articleSection":["\u00daltimas Noticias"],"inLanguage":"es","copyrightYear":"2024","copyrightHolder":{"@id":"https:\/\/www.ocasionplus.com\/noticias\/#organization"}},{"@type":"WebPage","@id":"https:\/\/www.ocasionplus.com\/noticias\/volkswagen-polo-se-despide-de-espana-despues-de-40-de-fabricacion-en-navarra\/","url":"https:\/\/www.ocasionplus.com\/noticias\/volkswagen-polo-se-despide-de-espana-despues-de-40-de-fabricacion-en-navarra\/","name":"Volkswagen Polo en Espa\u00f1a: fin de una era en la fabricaci\u00f3n","isPartOf":{"@id":"https:\/\/www.ocasionplus.com\/noticias\/#website"},"primaryImageOfPage":{"@id":"https:\/\/www.ocasionplus.com\/noticias\/volkswagen-polo-se-despide-de-espana-despues-de-40-de-fabricacion-en-navarra\/#primaryimage"},"image":{"@id":"https:\/\/www.ocasionplus.com\/noticias\/volkswagen-polo-se-despide-de-espana-despues-de-40-de-fabricacion-en-navarra\/#primaryimage"},"thumbnailUrl":"https:\/\/www.ocasionplus.com\/wp-content\/uploads\/2024\/07\/volkswagen_cierre_navarra.jpg","datePublished":"2024-07-09T13:48:39+00:00","dateModified":"2025-03-27T09:47:51+00:00","description":"Descubre la historia del Volkswagen Polo en Espa\u00f1a y c\u00f3mo su cese de fabricaci\u00f3n en Navarra marca un hito en el mercado de coches de segunda mano.","breadcrumb":{"@id":"https:\/\/www.ocasionplus.com\/noticias\/volkswagen-polo-se-despide-de-espana-despues-de-40-de-fabricacion-en-navarra\/#breadcrumb"},"inLanguage":"es","potentialAction":[{"@type":"ReadAction","target":["https:\/\/www.ocasionplus.com\/noticias\/volkswagen-polo-se-despide-de-espana-despues-de-40-de-fabricacion-en-navarra\/"]}]},{"@type":"ImageObject","inLanguage":"es","@id":"https:\/\/www.ocasionplus.com\/noticias\/volkswagen-polo-se-despide-de-espana-despues-de-40-de-fabricacion-en-navarra\/#primaryimage","url":"https:\/\/www.ocasionplus.com\/wp-content\/uploads\/2024\/07\/volkswagen_cierre_navarra.jpg","contentUrl":"https:\/\/www.ocasionplus.com\/wp-content\/uploads\/2024\/07\/volkswagen_cierre_navarra.jpg","width":1199,"height":800,"caption":"Volkswagen Navarra pone fin a la producci\u00f3n de 40 a\u00f1os del Polo"},{"@type":"BreadcrumbList","@id":"https:\/\/www.ocasionplus.com\/noticias\/volkswagen-polo-se-despide-de-espana-despues-de-40-de-fabricacion-en-navarra\/#breadcrumb","itemListElement":[{"@type":"ListItem","position":1,"name":"Portada","item":"https:\/\/www.ocasionplus.com\/noticias\/"},{"@type":"ListItem","position":2,"name":"Volkswagen Polo se despide de Espa\u00f1a despu\u00e9s de 40 de fabricaci\u00f3n en Navarra"}]},{"@type":"WebSite","@id":"https:\/\/www.ocasionplus.com\/noticias\/#website","url":"https:\/\/www.ocasionplus.com\/noticias\/","name":"OcasionPlus Blog","description":"Veh\u00edculos de ocasi\u00f3n","publisher":{"@id":"https:\/\/www.ocasionplus.com\/noticias\/#organization"},"potentialAction":[{"@type":"SearchAction","target":{"@type":"EntryPoint","urlTemplate":"https:\/\/www.ocasionplus.com\/noticias\/?s={search_term_string}"},"query-input":{"@type":"PropertyValueSpecification","valueRequired":true,"valueName":"search_term_string"}}],"inLanguage":"es"},{"@type":"Organization","@id":"https:\/\/www.ocasionplus.com\/noticias\/#organization","name":"OcasionPlus","url":"https:\/\/www.ocasionplus.com\/noticias\/","logo":{"@type":"ImageObject","inLanguage":"es","@id":"https:\/\/www.ocasionplus.com\/noticias\/#\/schema\/logo\/image\/","url":"https:\/\/www.ocasionplus.com\/wp-content\/uploads\/2024\/05\/cropped-cropped-oplus-logo-blog.png","contentUrl":"https:\/\/www.ocasionplus.com\/wp-content\/uploads\/2024\/05\/cropped-cropped-oplus-logo-blog.png","width":360,"height":71,"caption":"OcasionPlus"},"image":{"@id":"https:\/\/www.ocasionplus.com\/noticias\/#\/schema\/logo\/image\/"},"sameAs":["https:\/\/www.facebook.com\/ocasionplus","https:\/\/x.com\/ocasionplus","https:\/\/www.instagram.com\/ocasion_plus","https:\/\/www.youtube.com\/channel\/UCBiCAto61Lyu27CgI95wrYQ","https:\/\/www.tiktok.com\/@ocasionplus.com","https:\/\/es.linkedin.com\/company\/ocasionplus"]},{"@type":"Person","@id":"https:\/\/www.ocasionplus.com\/noticias\/#\/schema\/person\/f7cd35dbbed23ca6c4ab2c5f7a2faf69","name":"Maite Mesones Rojas","image":{"@type":"ImageObject","inLanguage":"es","@id":"https:\/\/www.ocasionplus.com\/noticias\/#\/schema\/person\/image\/","url":"https:\/\/ocasionplus-dev.grupoocasionplus.com\/wp-content\/uploads\/2024\/06\/maite-mesones-rojas_avatar_1-96x96.jpg","contentUrl":"https:\/\/ocasionplus-dev.grupoocasionplus.com\/wp-content\/uploads\/2024\/06\/maite-mesones-rojas_avatar_1-96x96.jpg","caption":"Maite Mesones Rojas"},"description":"Soy Maite Mesones, una apasionada de la comunicaci\u00f3n y las redes sociales. En este blog, compartir\u00e9 mis conocimientos, ofreciendo consejos pr\u00e1cticos y an\u00e1lisis profundos para ayudaros a tomar decisiones a la hora de adquirir o vender un veh\u00edculo de segunda mano. \u00a1Acomp\u00e1\u00f1ame en esta emocionante traves\u00eda y descubre el apasionante mundo de los coches desde una perspectiva \u00fanica y global!","gender":"mujer","worksFor":"OcasionPlus"}]}},"jetpack_featured_media_url":"https:\/\/www.ocasionplus.com\/wp-content\/uploads\/2024\/07\/volkswagen_cierre_navarra.jpg","_links":{"self":[{"href":"https:\/\/www.ocasionplus.com\/noticias\/wp-json\/wp\/v2\/posts\/12426","targetHints":{"allow":["GET"]}}],"collection":[{"href":"https:\/\/www.ocasionplus.com\/noticias\/wp-json\/wp\/v2\/posts"}],"about":[{"href":"https:\/\/www.ocasionplus.com\/noticias\/wp-json\/wp\/v2\/types\/post"}],"author":[{"embeddable":true,"href":"https:\/\/www.ocasionplus.com\/noticias\/wp-json\/wp\/v2\/users\/6"}],"replies":[{"embeddable":true,"href":"https:\/\/www.ocasionplus.com\/noticias\/wp-json\/wp\/v2\/comments?post=12426"}],"version-history":[{"count":2,"href":"https:\/\/www.ocasionplus.com\/noticias\/wp-json\/wp\/v2\/posts\/12426\/revisions"}],"predecessor-version":[{"id":13694,"href":"https:\/\/www.ocasionplus.com\/noticias\/wp-json\/wp\/v2\/posts\/12426\/revisions\/13694"}],"wp:featuredmedia":[{"embeddable":true,"href":"https:\/\/www.ocasionplus.com\/noticias\/wp-json\/wp\/v2\/media\/12427"}],"wp:attachment":[{"href":"https:\/\/www.ocasionplus.com\/noticias\/wp-json\/wp\/v2\/media?parent=12426"}],"wp:term":[{"taxonomy":"category","embeddable":true,"href":"https:\/\/www.ocasionplus.com\/noticias\/wp-json\/wp\/v2\/categories?post=12426"},{"taxonomy":"post_tag","embeddable":true,"href":"https:\/\/www.ocasionplus.com\/noticias\/wp-json\/wp\/v2\/tags?post=12426"}],"curies":[{"name":"wp","href":"https:\/\/api.w.org\/{rel}","templated":true}]}}