{"id":12436,"date":"2024-07-10T12:55:52","date_gmt":"2024-07-10T10:55:52","guid":{"rendered":"https:\/\/blog.ocasionplus.com\/?p=12436"},"modified":"2025-03-27T10:47:50","modified_gmt":"2025-03-27T09:47:50","slug":"se-puede-tasar-un-coche-por-matricula","status":"publish","type":"post","link":"https:\/\/www.ocasionplus.com\/noticias\/se-puede-tasar-un-coche-por-matricula\/","title":{"rendered":"\u00bfSe puede tasar un coche por matr\u00edcula?"},"content":{"rendered":"\n<p>Si quieres <strong>tasar un coche por matr\u00edcula<\/strong> lo puedes hacer acerc\u00e1ndote a los diferentes centros de OcasionPlus. Sin embargo, si tienes prisa, hay m\u00e1s opciones que te ofrece esta empresa l\u00edder en compra-venta de coches, desde tasarlo mediante la p\u00e1gina web hasta hacerlo mediante WhatsApp.&nbsp;<\/p>\n\n\n\n<p>Es decir, respondiendo a la pregunta, si se puede <a href=\"https:\/\/www.ocasionplus.com\/vender-mi-coche\/tasar-coche\"><span style=\"text-decoration: underline;\"><mark style=\"background-color:rgba(0, 0, 0, 0);color:#189bd7\" class=\"has-inline-color\">tasar un coche<\/mark><\/span><\/a> por matr\u00edcula; sin embargo, esto <strong>es un m\u00e9todo que solo utilizan los profesionales<\/strong>, entre particulares, solo se puede comprobar mediante diferentes sitios web que brinden un precio aproximado de venta del coche.\u00a0<\/p>\n\n\n\n<h2 class=\"wp-block-heading\">\u00bfC\u00f3mo tasar un coche por matr\u00edcula?<\/h2>\n\n\n\n<p>La tasaci\u00f3n de coches por matr\u00edcula es un m\u00e9todo com\u00fan entre los diferentes profesionales de la automoci\u00f3n y OcasionPlus es uno de ellos. Este m\u00e9todo <strong>permite averiguar directamente el precio<\/strong> que alcanzar\u00eda un veh\u00edculo en el mercado.&nbsp;<\/p>\n\n\n\n<p>Sin embargo, hay algunos factores a tener en cuenta a la hora de tasar un coche por matr\u00edcula, que hacen que este no sea el m\u00e9todo m\u00e1s preciso para saber el precio de vender un coche, entre ellos se encuentran:<\/p>\n\n\n\n<ul class=\"wp-block-list\">\n<li>Este c\u00e1lculo no considera aspectos importantes como el estado del motor, equipamiento extra o tipo de combustible.&nbsp;<\/li>\n\n\n\n<li>La tasaci\u00f3n online es superficial, para conocer el precio real, lo ideal, es que lo examine un profesional.&nbsp;<\/li>\n\n\n\n<li>La forma de valorar un coche var\u00eda en funci\u00f3n de los a\u00f1os del coche. Un veh\u00edculo empieza a perder valor en cuanto sale del concesionario y se matricula por primera vez, devalu\u00e1ndose un 10% el valor cada a\u00f1o que pasa.&nbsp;<\/li>\n<\/ul>\n\n\n\n<p>Es decir, la tasaci\u00f3n online de un coche, es un precio orientativo, si lo que buscas es conocer el precio aproximado del valor de tu coche.&nbsp;<\/p>\n\n\n\n<h2 class=\"wp-block-heading\">\u00bfCu\u00e1nto vale mi coche?<\/h2>\n\n\n\n<p>Si quieres <a href=\"https:\/\/www.ocasionplus.com\/vender-mi-coche\"><span style=\"text-decoration: underline;\"><mark style=\"background-color:rgba(0, 0, 0, 0);color:#189bd7\" class=\"has-inline-color\">vender tu coche<\/mark><\/span><\/a>, en OcasionPlus tienes diferentes formas de hacerlo. Como te mencionaba al principio, existen tres formas para realizarlo:\u00a0<\/p>\n\n\n\n<ol class=\"wp-block-list\">\n<li><strong>Mediante el sitio web:<\/strong> con el tasador online de OcasionPlus podr\u00e1s conocer el precio aproximado de tu coche.&nbsp;<\/li>\n\n\n\n<li><strong>Mediante WhatsApp:<\/strong> este servicio te permite tener una valoraci\u00f3n gratuita, en donde te atender\u00e1 un equipo de expertos.&nbsp;<\/li>\n\n\n\n<li><strong>Acerc\u00e1ndose a un centro:<\/strong> actualmente OcasionPlus tiene m\u00e1s de 90 centros distribuidos por toda Espa\u00f1a, en donde podr\u00e1s vender tu coche en menos de 30 minutos, con el mejor precio de todo el mercado.<\/li>\n<\/ol>\n","protected":false},"excerpt":{"rendered":"<p>Si quieres tasar un coche por matr\u00edcula lo puedes hacer acerc\u00e1ndote a los diferentes centros de OcasionPlus. Sin embargo, si tienes prisa, hay m\u00e1s opciones que te ofrece esta empresa l\u00edder en compra-venta de coches, desde tasarlo mediante la p\u00e1gina web hasta hacerlo mediante WhatsApp.&nbsp; Es decir, respondiendo a la pregunta, si se puede tasar&#8230;<\/p>\n","protected":false},"author":3,"featured_media":12438,"comment_status":"closed","ping_status":"closed","sticky":false,"template":"","format":"standard","meta":{"footnotes":""},"categories":[13],"tags":[475],"class_list":["post-12436","post","type-post","status-publish","format-standard","has-post-thumbnail","hentry","category-interesa-saber","tag-vender-coche"],"yoast_head":"<!-- This site is optimized with the Yoast SEO Premium plugin v24.8 (Yoast SEO v24.8.1) - https:\/\/yoast.com\/wordpress\/plugins\/seo\/ -->\n<title>\u00bfSe puede tasar un coche por matr\u00edcula? - OcasionPlus Blog<\/title>\n<meta name=\"robots\" content=\"index, follow, max-snippet:-1, max-image-preview:large, max-video-preview:-1\" \/>\n<link rel=\"canonical\" href=\"https:\/\/www.ocasionplus.com\/noticias\/se-puede-tasar-un-coche-por-matricula\/\" \/>\n<meta property=\"og:locale\" content=\"es_ES\" \/>\n<meta property=\"og:type\" content=\"article\" \/>\n<meta property=\"og:title\" content=\"\u00bfSe puede tasar un coche por matr\u00edcula?\" \/>\n<meta property=\"og:description\" content=\"Si quieres tasar un coche por matr\u00edcula lo puedes hacer acerc\u00e1ndote a los diferentes centros de OcasionPlus. Sin embargo, si tienes prisa, hay m\u00e1s opciones que te ofrece esta empresa l\u00edder en compra-venta de coches, desde tasarlo mediante la p\u00e1gina web hasta hacerlo mediante WhatsApp.&nbsp; Es decir, respondiendo a la pregunta, si se puede tasar...\" \/>\n<meta property=\"og:url\" content=\"https:\/\/www.ocasionplus.com\/noticias\/se-puede-tasar-un-coche-por-matricula\/\" \/>\n<meta property=\"og:site_name\" content=\"OcasionPlus Blog\" \/>\n<meta property=\"article:publisher\" content=\"https:\/\/www.facebook.com\/ocasionplus\" \/>\n<meta property=\"article:published_time\" content=\"2024-07-10T10:55:52+00:00\" \/>\n<meta property=\"article:modified_time\" content=\"2025-03-27T09:47:50+00:00\" \/>\n<meta property=\"og:image\" content=\"https:\/\/www.ocasionplus.com\/wp-content\/uploads\/2024\/07\/vender-coche.jpg\" \/>\n\t<meta property=\"og:image:width\" content=\"1280\" \/>\n\t<meta property=\"og:image:height\" content=\"853\" \/>\n\t<meta property=\"og:image:type\" content=\"image\/jpeg\" \/>\n<meta name=\"author\" content=\"Cristhian Gonz\u00e1lez\" \/>\n<meta name=\"twitter:card\" content=\"summary_large_image\" \/>\n<meta name=\"twitter:creator\" content=\"@ocasionplus\" \/>\n<meta name=\"twitter:site\" content=\"@ocasionplus\" \/>\n<meta name=\"twitter:label1\" content=\"Escrito por\" \/>\n\t<meta name=\"twitter:data1\" content=\"Cristhian Gonz\u00e1lez\" \/>\n\t<meta name=\"twitter:label2\" content=\"Tiempo de lectura\" \/>\n\t<meta name=\"twitter:data2\" content=\"2 minutos\" \/>\n<script type=\"application\/ld+json\" class=\"yoast-schema-graph\">{\"@context\":\"https:\/\/schema.org\",\"@graph\":[{\"@type\":\"Article\",\"@id\":\"https:\/\/www.ocasionplus.com\/noticias\/se-puede-tasar-un-coche-por-matricula\/#article\",\"isPartOf\":{\"@id\":\"https:\/\/www.ocasionplus.com\/noticias\/se-puede-tasar-un-coche-por-matricula\/\"},\"author\":{\"name\":\"Cristhian Gonz\u00e1lez\",\"@id\":\"https:\/\/www.ocasionplus.com\/noticias\/#\/schema\/person\/db1203be564cc3ded97ad1dbd8aadc5b\"},\"headline\":\"\u00bfSe puede tasar un coche por matr\u00edcula?\",\"datePublished\":\"2024-07-10T10:55:52+00:00\",\"dateModified\":\"2025-03-27T09:47:50+00:00\",\"mainEntityOfPage\":{\"@id\":\"https:\/\/www.ocasionplus.com\/noticias\/se-puede-tasar-un-coche-por-matricula\/\"},\"wordCount\":418,\"publisher\":{\"@id\":\"https:\/\/www.ocasionplus.com\/noticias\/#organization\"},\"image\":{\"@id\":\"https:\/\/www.ocasionplus.com\/noticias\/se-puede-tasar-un-coche-por-matricula\/#primaryimage\"},\"thumbnailUrl\":\"https:\/\/www.ocasionplus.com\/wp-content\/uploads\/2024\/07\/vender-coche.jpg\",\"keywords\":[\"vender coche\"],\"articleSection\":[\"Te interesa saber...\"],\"inLanguage\":\"es\",\"copyrightYear\":\"2024\",\"copyrightHolder\":{\"@id\":\"https:\/\/www.ocasionplus.com\/noticias\/#organization\"}},{\"@type\":\"WebPage\",\"@id\":\"https:\/\/www.ocasionplus.com\/noticias\/se-puede-tasar-un-coche-por-matricula\/\",\"url\":\"https:\/\/www.ocasionplus.com\/noticias\/se-puede-tasar-un-coche-por-matricula\/\",\"name\":\"\u00bfSe puede tasar un coche por matr\u00edcula? - OcasionPlus Blog\",\"isPartOf\":{\"@id\":\"https:\/\/www.ocasionplus.com\/noticias\/#website\"},\"primaryImageOfPage\":{\"@id\":\"https:\/\/www.ocasionplus.com\/noticias\/se-puede-tasar-un-coche-por-matricula\/#primaryimage\"},\"image\":{\"@id\":\"https:\/\/www.ocasionplus.com\/noticias\/se-puede-tasar-un-coche-por-matricula\/#primaryimage\"},\"thumbnailUrl\":\"https:\/\/www.ocasionplus.com\/wp-content\/uploads\/2024\/07\/vender-coche.jpg\",\"datePublished\":\"2024-07-10T10:55:52+00:00\",\"dateModified\":\"2025-03-27T09:47:50+00:00\",\"breadcrumb\":{\"@id\":\"https:\/\/www.ocasionplus.com\/noticias\/se-puede-tasar-un-coche-por-matricula\/#breadcrumb\"},\"inLanguage\":\"es\",\"potentialAction\":[{\"@type\":\"ReadAction\",\"target\":[\"https:\/\/www.ocasionplus.com\/noticias\/se-puede-tasar-un-coche-por-matricula\/\"]}]},{\"@type\":\"ImageObject\",\"inLanguage\":\"es\",\"@id\":\"https:\/\/www.ocasionplus.com\/noticias\/se-puede-tasar-un-coche-por-matricula\/#primaryimage\",\"url\":\"https:\/\/www.ocasionplus.com\/wp-content\/uploads\/2024\/07\/vender-coche.jpg\",\"contentUrl\":\"https:\/\/www.ocasionplus.com\/wp-content\/uploads\/2024\/07\/vender-coche.jpg\",\"width\":1280,\"height\":853,\"caption\":\"En OcasionPlus existen tres formas diferentes de conocer el precio de tu coche: online, en un centro o por WhatsApp\"},{\"@type\":\"BreadcrumbList\",\"@id\":\"https:\/\/www.ocasionplus.com\/noticias\/se-puede-tasar-un-coche-por-matricula\/#breadcrumb\",\"itemListElement\":[{\"@type\":\"ListItem\",\"position\":1,\"name\":\"Portada\",\"item\":\"https:\/\/www.ocasionplus.com\/noticias\/\"},{\"@type\":\"ListItem\",\"position\":2,\"name\":\"\u00bfSe puede tasar un coche por matr\u00edcula?\"}]},{\"@type\":\"WebSite\",\"@id\":\"https:\/\/www.ocasionplus.com\/noticias\/#website\",\"url\":\"https:\/\/www.ocasionplus.com\/noticias\/\",\"name\":\"OcasionPlus Blog\",\"description\":\"Veh\u00edculos de ocasi\u00f3n\",\"publisher\":{\"@id\":\"https:\/\/www.ocasionplus.com\/noticias\/#organization\"},\"potentialAction\":[{\"@type\":\"SearchAction\",\"target\":{\"@type\":\"EntryPoint\",\"urlTemplate\":\"https:\/\/www.ocasionplus.com\/noticias\/?s={search_term_string}\"},\"query-input\":{\"@type\":\"PropertyValueSpecification\",\"valueRequired\":true,\"valueName\":\"search_term_string\"}}],\"inLanguage\":\"es\"},{\"@type\":\"Organization\",\"@id\":\"https:\/\/www.ocasionplus.com\/noticias\/#organization\",\"name\":\"OcasionPlus\",\"url\":\"https:\/\/www.ocasionplus.com\/noticias\/\",\"logo\":{\"@type\":\"ImageObject\",\"inLanguage\":\"es\",\"@id\":\"https:\/\/www.ocasionplus.com\/noticias\/#\/schema\/logo\/image\/\",\"url\":\"https:\/\/www.ocasionplus.com\/wp-content\/uploads\/2024\/05\/cropped-cropped-oplus-logo-blog.png\",\"contentUrl\":\"https:\/\/www.ocasionplus.com\/wp-content\/uploads\/2024\/05\/cropped-cropped-oplus-logo-blog.png\",\"width\":360,\"height\":71,\"caption\":\"OcasionPlus\"},\"image\":{\"@id\":\"https:\/\/www.ocasionplus.com\/noticias\/#\/schema\/logo\/image\/\"},\"sameAs\":[\"https:\/\/www.facebook.com\/ocasionplus\",\"https:\/\/x.com\/ocasionplus\",\"https:\/\/www.instagram.com\/ocasion_plus\",\"https:\/\/www.youtube.com\/channel\/UCBiCAto61Lyu27CgI95wrYQ\",\"https:\/\/www.tiktok.com\/@ocasionplus.com\",\"https:\/\/es.linkedin.com\/company\/ocasionplus\"]},{\"@type\":\"Person\",\"@id\":\"https:\/\/www.ocasionplus.com\/noticias\/#\/schema\/person\/db1203be564cc3ded97ad1dbd8aadc5b\",\"name\":\"Cristhian Gonz\u00e1lez\",\"image\":{\"@type\":\"ImageObject\",\"inLanguage\":\"es\",\"@id\":\"https:\/\/www.ocasionplus.com\/noticias\/#\/schema\/person\/image\/\",\"url\":\"https:\/\/secure.gravatar.com\/avatar\/30c0388f0815fd0ab8fb4cfad29866ac?s=96&d=mm&r=g\",\"contentUrl\":\"https:\/\/secure.gravatar.com\/avatar\/30c0388f0815fd0ab8fb4cfad29866ac?s=96&d=mm&r=g\",\"caption\":\"Cristhian Gonz\u00e1lez\"},\"description\":\"Periodista formado en Colombia. Siempre vinculado al deporte y con pasi\u00f3n por los coches. He asistido y cubierto diferentes eventos deportivos para diferentes medios de comunicaci\u00f3n.\"}]}<\/script>\n<!-- \/ Yoast SEO Premium plugin. -->","yoast_head_json":{"title":"\u00bfSe puede tasar un coche por matr\u00edcula? - OcasionPlus Blog","robots":{"index":"index","follow":"follow","max-snippet":"max-snippet:-1","max-image-preview":"max-image-preview:large","max-video-preview":"max-video-preview:-1"},"canonical":"https:\/\/www.ocasionplus.com\/noticias\/se-puede-tasar-un-coche-por-matricula\/","og_locale":"es_ES","og_type":"article","og_title":"\u00bfSe puede tasar un coche por matr\u00edcula?","og_description":"Si quieres tasar un coche por matr\u00edcula lo puedes hacer acerc\u00e1ndote a los diferentes centros de OcasionPlus. Sin embargo, si tienes prisa, hay m\u00e1s opciones que te ofrece esta empresa l\u00edder en compra-venta de coches, desde tasarlo mediante la p\u00e1gina web hasta hacerlo mediante WhatsApp.&nbsp; Es decir, respondiendo a la pregunta, si se puede tasar...","og_url":"https:\/\/www.ocasionplus.com\/noticias\/se-puede-tasar-un-coche-por-matricula\/","og_site_name":"OcasionPlus Blog","article_publisher":"https:\/\/www.facebook.com\/ocasionplus","article_published_time":"2024-07-10T10:55:52+00:00","article_modified_time":"2025-03-27T09:47:50+00:00","og_image":[{"width":1280,"height":853,"url":"https:\/\/www.ocasionplus.com\/wp-content\/uploads\/2024\/07\/vender-coche.jpg","type":"image\/jpeg"}],"author":"Cristhian Gonz\u00e1lez","twitter_card":"summary_large_image","twitter_creator":"@ocasionplus","twitter_site":"@ocasionplus","twitter_misc":{"Escrito por":"Cristhian Gonz\u00e1lez","Tiempo de lectura":"2 minutos"},"schema":{"@context":"https:\/\/schema.org","@graph":[{"@type":"Article","@id":"https:\/\/www.ocasionplus.com\/noticias\/se-puede-tasar-un-coche-por-matricula\/#article","isPartOf":{"@id":"https:\/\/www.ocasionplus.com\/noticias\/se-puede-tasar-un-coche-por-matricula\/"},"author":{"name":"Cristhian Gonz\u00e1lez","@id":"https:\/\/www.ocasionplus.com\/noticias\/#\/schema\/person\/db1203be564cc3ded97ad1dbd8aadc5b"},"headline":"\u00bfSe puede tasar un coche por matr\u00edcula?","datePublished":"2024-07-10T10:55:52+00:00","dateModified":"2025-03-27T09:47:50+00:00","mainEntityOfPage":{"@id":"https:\/\/www.ocasionplus.com\/noticias\/se-puede-tasar-un-coche-por-matricula\/"},"wordCount":418,"publisher":{"@id":"https:\/\/www.ocasionplus.com\/noticias\/#organization"},"image":{"@id":"https:\/\/www.ocasionplus.com\/noticias\/se-puede-tasar-un-coche-por-matricula\/#primaryimage"},"thumbnailUrl":"https:\/\/www.ocasionplus.com\/wp-content\/uploads\/2024\/07\/vender-coche.jpg","keywords":["vender coche"],"articleSection":["Te interesa saber..."],"inLanguage":"es","copyrightYear":"2024","copyrightHolder":{"@id":"https:\/\/www.ocasionplus.com\/noticias\/#organization"}},{"@type":"WebPage","@id":"https:\/\/www.ocasionplus.com\/noticias\/se-puede-tasar-un-coche-por-matricula\/","url":"https:\/\/www.ocasionplus.com\/noticias\/se-puede-tasar-un-coche-por-matricula\/","name":"\u00bfSe puede tasar un coche por matr\u00edcula? - OcasionPlus Blog","isPartOf":{"@id":"https:\/\/www.ocasionplus.com\/noticias\/#website"},"primaryImageOfPage":{"@id":"https:\/\/www.ocasionplus.com\/noticias\/se-puede-tasar-un-coche-por-matricula\/#primaryimage"},"image":{"@id":"https:\/\/www.ocasionplus.com\/noticias\/se-puede-tasar-un-coche-por-matricula\/#primaryimage"},"thumbnailUrl":"https:\/\/www.ocasionplus.com\/wp-content\/uploads\/2024\/07\/vender-coche.jpg","datePublished":"2024-07-10T10:55:52+00:00","dateModified":"2025-03-27T09:47:50+00:00","breadcrumb":{"@id":"https:\/\/www.ocasionplus.com\/noticias\/se-puede-tasar-un-coche-por-matricula\/#breadcrumb"},"inLanguage":"es","potentialAction":[{"@type":"ReadAction","target":["https:\/\/www.ocasionplus.com\/noticias\/se-puede-tasar-un-coche-por-matricula\/"]}]},{"@type":"ImageObject","inLanguage":"es","@id":"https:\/\/www.ocasionplus.com\/noticias\/se-puede-tasar-un-coche-por-matricula\/#primaryimage","url":"https:\/\/www.ocasionplus.com\/wp-content\/uploads\/2024\/07\/vender-coche.jpg","contentUrl":"https:\/\/www.ocasionplus.com\/wp-content\/uploads\/2024\/07\/vender-coche.jpg","width":1280,"height":853,"caption":"En OcasionPlus existen tres formas diferentes de conocer el precio de tu coche: online, en un centro o por WhatsApp"},{"@type":"BreadcrumbList","@id":"https:\/\/www.ocasionplus.com\/noticias\/se-puede-tasar-un-coche-por-matricula\/#breadcrumb","itemListElement":[{"@type":"ListItem","position":1,"name":"Portada","item":"https:\/\/www.ocasionplus.com\/noticias\/"},{"@type":"ListItem","position":2,"name":"\u00bfSe puede tasar un coche por matr\u00edcula?"}]},{"@type":"WebSite","@id":"https:\/\/www.ocasionplus.com\/noticias\/#website","url":"https:\/\/www.ocasionplus.com\/noticias\/","name":"OcasionPlus Blog","description":"Veh\u00edculos de ocasi\u00f3n","publisher":{"@id":"https:\/\/www.ocasionplus.com\/noticias\/#organization"},"potentialAction":[{"@type":"SearchAction","target":{"@type":"EntryPoint","urlTemplate":"https:\/\/www.ocasionplus.com\/noticias\/?s={search_term_string}"},"query-input":{"@type":"PropertyValueSpecification","valueRequired":true,"valueName":"search_term_string"}}],"inLanguage":"es"},{"@type":"Organization","@id":"https:\/\/www.ocasionplus.com\/noticias\/#organization","name":"OcasionPlus","url":"https:\/\/www.ocasionplus.com\/noticias\/","logo":{"@type":"ImageObject","inLanguage":"es","@id":"https:\/\/www.ocasionplus.com\/noticias\/#\/schema\/logo\/image\/","url":"https:\/\/www.ocasionplus.com\/wp-content\/uploads\/2024\/05\/cropped-cropped-oplus-logo-blog.png","contentUrl":"https:\/\/www.ocasionplus.com\/wp-content\/uploads\/2024\/05\/cropped-cropped-oplus-logo-blog.png","width":360,"height":71,"caption":"OcasionPlus"},"image":{"@id":"https:\/\/www.ocasionplus.com\/noticias\/#\/schema\/logo\/image\/"},"sameAs":["https:\/\/www.facebook.com\/ocasionplus","https:\/\/x.com\/ocasionplus","https:\/\/www.instagram.com\/ocasion_plus","https:\/\/www.youtube.com\/channel\/UCBiCAto61Lyu27CgI95wrYQ","https:\/\/www.tiktok.com\/@ocasionplus.com","https:\/\/es.linkedin.com\/company\/ocasionplus"]},{"@type":"Person","@id":"https:\/\/www.ocasionplus.com\/noticias\/#\/schema\/person\/db1203be564cc3ded97ad1dbd8aadc5b","name":"Cristhian Gonz\u00e1lez","image":{"@type":"ImageObject","inLanguage":"es","@id":"https:\/\/www.ocasionplus.com\/noticias\/#\/schema\/person\/image\/","url":"https:\/\/secure.gravatar.com\/avatar\/30c0388f0815fd0ab8fb4cfad29866ac?s=96&d=mm&r=g","contentUrl":"https:\/\/secure.gravatar.com\/avatar\/30c0388f0815fd0ab8fb4cfad29866ac?s=96&d=mm&r=g","caption":"Cristhian Gonz\u00e1lez"},"description":"Periodista formado en Colombia. Siempre vinculado al deporte y con pasi\u00f3n por los coches. He asistido y cubierto diferentes eventos deportivos para diferentes medios de comunicaci\u00f3n."}]}},"jetpack_featured_media_url":"https:\/\/www.ocasionplus.com\/wp-content\/uploads\/2024\/07\/vender-coche.jpg","_links":{"self":[{"href":"https:\/\/www.ocasionplus.com\/noticias\/wp-json\/wp\/v2\/posts\/12436","targetHints":{"allow":["GET"]}}],"collection":[{"href":"https:\/\/www.ocasionplus.com\/noticias\/wp-json\/wp\/v2\/posts"}],"about":[{"href":"https:\/\/www.ocasionplus.com\/noticias\/wp-json\/wp\/v2\/types\/post"}],"author":[{"embeddable":true,"href":"https:\/\/www.ocasionplus.com\/noticias\/wp-json\/wp\/v2\/users\/3"}],"replies":[{"embeddable":true,"href":"https:\/\/www.ocasionplus.com\/noticias\/wp-json\/wp\/v2\/comments?post=12436"}],"version-history":[{"count":1,"href":"https:\/\/www.ocasionplus.com\/noticias\/wp-json\/wp\/v2\/posts\/12436\/revisions"}],"predecessor-version":[{"id":15141,"href":"https:\/\/www.ocasionplus.com\/noticias\/wp-json\/wp\/v2\/posts\/12436\/revisions\/15141"}],"wp:featuredmedia":[{"embeddable":true,"href":"https:\/\/www.ocasionplus.com\/noticias\/wp-json\/wp\/v2\/media\/12438"}],"wp:attachment":[{"href":"https:\/\/www.ocasionplus.com\/noticias\/wp-json\/wp\/v2\/media?parent=12436"}],"wp:term":[{"taxonomy":"category","embeddable":true,"href":"https:\/\/www.ocasionplus.com\/noticias\/wp-json\/wp\/v2\/categories?post=12436"},{"taxonomy":"post_tag","embeddable":true,"href":"https:\/\/www.ocasionplus.com\/noticias\/wp-json\/wp\/v2\/tags?post=12436"}],"curies":[{"name":"wp","href":"https:\/\/api.w.org\/{rel}","templated":true}]}}