{"id":12992,"date":"2024-07-12T11:23:02","date_gmt":"2024-07-12T11:23:02","guid":{"rendered":"https:\/\/www.ocasionplus.com\/noticias\/?p=12992"},"modified":"2025-03-27T10:47:48","modified_gmt":"2025-03-27T09:47:48","slug":"skoda-superb-2024-mas-tecnologia-espacio-y-confort","status":"publish","type":"post","link":"https:\/\/www.ocasionplus.com\/noticias\/skoda-superb-2024-mas-tecnologia-espacio-y-confort\/","title":{"rendered":"Skoda Superb 2024: m\u00e1s tecnolog\u00eda, espacio y confort"},"content":{"rendered":"<p>Se present\u00f3 el Skoda Superb 2024, la cuarta generaci\u00f3n, que estar\u00e1 disponible en carrocer\u00edas familiar y berlina. Adem\u00e1s, este modelo utiliza la misma plataforma que el <a href=\"https:\/\/www.ocasionplus.com\/noticias\/volkswagen-passat-2024-en-version-avant\/\">Volkswagen Passat<\/a>, un veh\u00edculo que ya explicamos en otro art\u00edculo.<\/p>\n<h2>Skoda Superb 2024<\/h2>\n<div>\n<dl id=\"attachment_12997\">\n<dt><img loading=\"lazy\" decoding=\"async\" src=\"https:\/\/www.ocasionplus.com\/wp-content\/uploads\/2024\/07\/nuevo-superb-combi-1024x683.jpg\" alt=\"Nuevo skoda Superb Combi\" width=\"1024\" height=\"683\" \/><\/dt>\n<dd>Skoda Superb berlina tiene llantas de 17 pulgadas de serie<\/dd>\n<\/dl>\n<\/div>\n<p>Es la cuarta generaci\u00f3n del Skoda Superb 2024. La carrocer\u00eda berlina se presenta con una longitud de 4.912 metros y una distancia entre ejes de 2,85 metros, lo que le permite ofrece un amplio espacio en las plazas traseras y un enorme maletero con 645 litros, ampliables a 1.795 al abatir los asientos traseros, para la carrocer\u00eda combi o familiar, es de 690 litros, ampliable a 1.920 litros.<\/p>\n<p>Adem\u00e1s, cuenta con soluciones innovadoras, como un limpiador de pantalla que se encuentra en el interior del reposabrazos, un soporte para tablet ajustable en el reposabrazos trasero abatible, bolsillos para m\u00f3viles en los respaldos de los asientos delanteros, una bolsa con una manta acoplada y bolsillos para m\u00f3viles en los respaldos de los asientos delanteros.<\/p>\n<h2>Dise\u00f1o del Skoda Superb 2024<\/h2>\n<p>El nuevo Skoda Superb tiene un nuevo dise\u00f1o, m\u00e1s atractivo, aerodin\u00e1mico y elegante. Presenta unos faros Matrix de segunda generaci\u00f3n con dise\u00f1o Crystallinium, llantas de 17 pulgadas de serie o de 18 pulgadas para la versi\u00f3n Sportline y en Laurin &amp; Klement.<\/p>\n<div>\n<dl id=\"attachment_12996\">\n<dt><img loading=\"lazy\" decoding=\"async\" src=\"https:\/\/www.ocasionplus.com\/wp-content\/uploads\/2024\/07\/Skoda-Superb-1024x683.jpg\" alt=\"Skoda Superb 2024\" width=\"1024\" height=\"683\" \/><\/dt>\n<dd>El Skoda Superb combi ofrece un maletero de 690 litros<\/dd>\n<\/dl>\n<\/div>\n<p>En el interior, se encuentra una pantalla de 13 pulgadas para el sistema de infoentretenimiento y una de 10 pulgadas para el cuadro de instrumentos, con Visual Cockpit. Adem\u00e1s, est\u00e1 dise\u00f1ado para ser m\u00e1s limpio, con un selector de marchas detr\u00e1s del volante, un cargador inal\u00e1mbrico y m\u00e1s espacio de almacenamiento.<\/p>\n<p>Adem\u00e1s, hay tres botones circulares debajo de la parte central, llamados Smart Dials, que permiten controlar el climatizador, el modo de conducci\u00f3n, la calefacci\u00f3n, la ventilaci\u00f3n de los asientos y el volumen de la radio. Al igual, hay que recordar que los \u00faltimos modelos de la marca checa est\u00e1n <a href=\"https:\/\/www.ocasionplus.com\/noticias\/coches-con-chat-gpt\/\">equipados con ChatGPT<\/a>, que responden al nombre Laura.<\/p>\n<h2>Motorizaci\u00f3n del nuevo Superb<\/h2>\n<div>\n<dl id=\"attachment_12994\">\n<dt><img loading=\"lazy\" decoding=\"async\" src=\"https:\/\/www.ocasionplus.com\/wp-content\/uploads\/2024\/07\/Skoda-Superb-interior-1024x683.jpg\" alt=\"Skoda Superb interior\" width=\"1024\" height=\"683\" \/><\/dt>\n<dd>El Skoda Superb es m\u00e1s limpio pero con bastante tecnolog\u00eda<\/dd>\n<\/dl>\n<\/div>\n<p>La gama de motores del Skoda Superb es amplia, pudiendo seleccionar entre motores de gasolina, di\u00e9sel e h\u00edbrida enchufable. Entre los de gasolina se encuentra disponible el 1.5 TSI de 150 CV, 2.0 TSI de 204 CV o el 2.0 TSI 265 CV, todos asociados a una caja de cambios autom\u00e1tica DSG.<\/p>\n<p>Las variantes di\u00e9sel son: 2.0 TDI 150 CV y 2.0 TDI 193 CV, todos con cambios autom\u00e1ticos DSG y con tracci\u00f3n 4&#215;4. En la versi\u00f3n h\u00edbrida enchufable se encuentra un motor de gasolina 1.5 TSI, que combinado con su motor el\u00e9ctrico genera una potencia combinada de 204 CV y con una bater\u00eda que ofrece una autonom\u00eda de 133 kil\u00f3metros.<\/p>\n<h2>Seguridad del Superb<\/h2>\n<p>Los asientos delanteros del nuevo Superb cuentan con la certificaci\u00f3n AGR, que previene dolores de espalda. Adem\u00e1s, de que puedan ser calefactados, ventilados y con funci\u00f3n de masaje.<\/p>\n<p>Cuenta con diferentes sistemas de seguridad, como los 10 airbags que se encuentran en el habit\u00e1culo, nuevos sistemas de ayudas a la conducci\u00f3n, como el aparcamiento a distancia, asistente de salida 2.0, frenado de emergencia con detecci\u00f3n de peat\u00f3n trasero y asistente de carretera.<\/p>\n<h2>Encuentra tu pr\u00f3ximo Skoda Superb de segunda mano<\/h2>\n<p>Si est\u00e1s interesado en comprar el <a href=\"https:\/\/www.ocasionplus.com\/coches-ocasion\/skoda\/superb\">Skoda Superb de segunda mano<\/a>, en OcasionPlus encontrar\u00e1s una amplia gama de este veh\u00edculo con el mejor precio y la m\u00e1xima calidad del mercado, tambi\u00e9n podr\u00e1s disfrutar de m\u00e1s modelos de la marca <a href=\"https:\/\/www.ocasionplus.com\/coches-ocasion\/skoda\">Skoda de segunda mano<\/a>.<\/p>\n<p>Adem\u00e1s, en los m\u00e1s de 90 centros de OcasionPlus encuentras m\u00e1s de 8.000 <a href=\"https:\/\/www.ocasionplus.com\/coches-ocasion\">coches de segunda mano<\/a>, todos inspeccionados en m\u00e1s de 200 puntos de control, que garantizan tener un veh\u00edculo de calidad.<\/p>\n","protected":false},"excerpt":{"rendered":"<p>Se present\u00f3 el Skoda Superb 2024, la cuarta generaci\u00f3n, que estar\u00e1 disponible en carrocer\u00edas familiar y berlina. Adem\u00e1s, este modelo utiliza la misma plataforma que el Volkswagen Passat, un veh\u00edculo que ya explicamos en otro art\u00edculo. Skoda Superb 2024 Skoda Superb berlina tiene llantas de 17 pulgadas de serie Es la cuarta generaci\u00f3n del Skoda&#8230;<\/p>\n","protected":false},"author":3,"featured_media":12995,"comment_status":"closed","ping_status":"open","sticky":false,"template":"","format":"standard","meta":{"footnotes":""},"categories":[2],"tags":[463,481],"class_list":["post-12992","post","type-post","status-publish","format-standard","has-post-thumbnail","hentry","category-ultimas-noticias","tag-skoda","tag-superb"],"yoast_head":"<!-- This site is optimized with the Yoast SEO Premium plugin v24.8 (Yoast SEO v24.8.1) - https:\/\/yoast.com\/wordpress\/plugins\/seo\/ -->\n<title>Skoda Superb 2024: m\u00e1s tecnolog\u00eda, espacio y confort - OcasionPlus Blog<\/title>\n<meta name=\"description\" content=\"El Skoda Superb 2024 estar\u00e1 disponible en dos carrocer\u00edas: la berlina y la combi o familiar. Adem\u00e1s, de un nuevo aspecto y tecnolog\u00eda.\" \/>\n<meta name=\"robots\" content=\"index, follow, max-snippet:-1, max-image-preview:large, max-video-preview:-1\" \/>\n<link rel=\"canonical\" href=\"https:\/\/www.ocasionplus.com\/noticias\/skoda-superb-2024-mas-tecnologia-espacio-y-confort\/\" \/>\n<meta property=\"og:locale\" content=\"es_ES\" \/>\n<meta property=\"og:type\" content=\"article\" \/>\n<meta property=\"og:title\" content=\"Skoda Superb 2024: m\u00e1s tecnolog\u00eda, espacio y confort\" \/>\n<meta property=\"og:description\" content=\"El Skoda Superb 2024 estar\u00e1 disponible en dos carrocer\u00edas: la berlina y la combi o familiar. Adem\u00e1s, de un nuevo aspecto y tecnolog\u00eda.\" \/>\n<meta property=\"og:url\" content=\"https:\/\/www.ocasionplus.com\/noticias\/skoda-superb-2024-mas-tecnologia-espacio-y-confort\/\" \/>\n<meta property=\"og:site_name\" content=\"OcasionPlus Blog\" \/>\n<meta property=\"article:publisher\" content=\"https:\/\/www.facebook.com\/ocasionplus\" \/>\n<meta property=\"article:published_time\" content=\"2024-07-12T11:23:02+00:00\" \/>\n<meta property=\"article:modified_time\" content=\"2025-03-27T09:47:48+00:00\" \/>\n<meta property=\"og:image\" content=\"https:\/\/www.ocasionplus.com\/wp-content\/uploads\/2024\/07\/nuevo-superb.jpg\" \/>\n\t<meta property=\"og:image:width\" content=\"1247\" \/>\n\t<meta property=\"og:image:height\" content=\"800\" \/>\n\t<meta property=\"og:image:type\" content=\"image\/jpeg\" \/>\n<meta name=\"author\" content=\"Cristhian Gonz\u00e1lez\" \/>\n<meta name=\"twitter:card\" content=\"summary_large_image\" \/>\n<meta name=\"twitter:creator\" content=\"@ocasionplus\" \/>\n<meta name=\"twitter:site\" content=\"@ocasionplus\" \/>\n<meta name=\"twitter:label1\" content=\"Escrito por\" \/>\n\t<meta name=\"twitter:data1\" content=\"Cristhian Gonz\u00e1lez\" \/>\n\t<meta name=\"twitter:label2\" content=\"Tiempo de lectura\" \/>\n\t<meta name=\"twitter:data2\" content=\"4 minutos\" \/>\n<script type=\"application\/ld+json\" class=\"yoast-schema-graph\">{\"@context\":\"https:\/\/schema.org\",\"@graph\":[{\"@type\":\"Article\",\"@id\":\"https:\/\/www.ocasionplus.com\/noticias\/skoda-superb-2024-mas-tecnologia-espacio-y-confort\/#article\",\"isPartOf\":{\"@id\":\"https:\/\/www.ocasionplus.com\/noticias\/skoda-superb-2024-mas-tecnologia-espacio-y-confort\/\"},\"author\":{\"name\":\"Cristhian Gonz\u00e1lez\",\"@id\":\"https:\/\/www.ocasionplus.com\/noticias\/#\/schema\/person\/db1203be564cc3ded97ad1dbd8aadc5b\"},\"headline\":\"Skoda Superb 2024: m\u00e1s tecnolog\u00eda, espacio y confort\",\"datePublished\":\"2024-07-12T11:23:02+00:00\",\"dateModified\":\"2025-03-27T09:47:48+00:00\",\"mainEntityOfPage\":{\"@id\":\"https:\/\/www.ocasionplus.com\/noticias\/skoda-superb-2024-mas-tecnologia-espacio-y-confort\/\"},\"wordCount\":660,\"publisher\":{\"@id\":\"https:\/\/www.ocasionplus.com\/noticias\/#organization\"},\"image\":{\"@id\":\"https:\/\/www.ocasionplus.com\/noticias\/skoda-superb-2024-mas-tecnologia-espacio-y-confort\/#primaryimage\"},\"thumbnailUrl\":\"https:\/\/www.ocasionplus.com\/wp-content\/uploads\/2024\/07\/nuevo-superb.jpg\",\"keywords\":[\"skoda\",\"superb\"],\"articleSection\":[\"\u00daltimas Noticias\"],\"inLanguage\":\"es\",\"copyrightYear\":\"2024\",\"copyrightHolder\":{\"@id\":\"https:\/\/www.ocasionplus.com\/noticias\/#organization\"}},{\"@type\":\"WebPage\",\"@id\":\"https:\/\/www.ocasionplus.com\/noticias\/skoda-superb-2024-mas-tecnologia-espacio-y-confort\/\",\"url\":\"https:\/\/www.ocasionplus.com\/noticias\/skoda-superb-2024-mas-tecnologia-espacio-y-confort\/\",\"name\":\"Skoda Superb 2024: m\u00e1s tecnolog\u00eda, espacio y confort - OcasionPlus Blog\",\"isPartOf\":{\"@id\":\"https:\/\/www.ocasionplus.com\/noticias\/#website\"},\"primaryImageOfPage\":{\"@id\":\"https:\/\/www.ocasionplus.com\/noticias\/skoda-superb-2024-mas-tecnologia-espacio-y-confort\/#primaryimage\"},\"image\":{\"@id\":\"https:\/\/www.ocasionplus.com\/noticias\/skoda-superb-2024-mas-tecnologia-espacio-y-confort\/#primaryimage\"},\"thumbnailUrl\":\"https:\/\/www.ocasionplus.com\/wp-content\/uploads\/2024\/07\/nuevo-superb.jpg\",\"datePublished\":\"2024-07-12T11:23:02+00:00\",\"dateModified\":\"2025-03-27T09:47:48+00:00\",\"description\":\"El Skoda Superb 2024 estar\u00e1 disponible en dos carrocer\u00edas: la berlina y la combi o familiar. Adem\u00e1s, de un nuevo aspecto y tecnolog\u00eda.\",\"breadcrumb\":{\"@id\":\"https:\/\/www.ocasionplus.com\/noticias\/skoda-superb-2024-mas-tecnologia-espacio-y-confort\/#breadcrumb\"},\"inLanguage\":\"es\",\"potentialAction\":[{\"@type\":\"ReadAction\",\"target\":[\"https:\/\/www.ocasionplus.com\/noticias\/skoda-superb-2024-mas-tecnologia-espacio-y-confort\/\"]}]},{\"@type\":\"ImageObject\",\"inLanguage\":\"es\",\"@id\":\"https:\/\/www.ocasionplus.com\/noticias\/skoda-superb-2024-mas-tecnologia-espacio-y-confort\/#primaryimage\",\"url\":\"https:\/\/www.ocasionplus.com\/wp-content\/uploads\/2024\/07\/nuevo-superb.jpg\",\"contentUrl\":\"https:\/\/www.ocasionplus.com\/wp-content\/uploads\/2024\/07\/nuevo-superb.jpg\",\"width\":1247,\"height\":800,\"caption\":\"El Skoda Superb se encuentra disponible en dos carrocer\u00edas\"},{\"@type\":\"BreadcrumbList\",\"@id\":\"https:\/\/www.ocasionplus.com\/noticias\/skoda-superb-2024-mas-tecnologia-espacio-y-confort\/#breadcrumb\",\"itemListElement\":[{\"@type\":\"ListItem\",\"position\":1,\"name\":\"Portada\",\"item\":\"https:\/\/www.ocasionplus.com\/noticias\/\"},{\"@type\":\"ListItem\",\"position\":2,\"name\":\"Skoda Superb 2024: m\u00e1s tecnolog\u00eda, espacio y confort\"}]},{\"@type\":\"WebSite\",\"@id\":\"https:\/\/www.ocasionplus.com\/noticias\/#website\",\"url\":\"https:\/\/www.ocasionplus.com\/noticias\/\",\"name\":\"OcasionPlus Blog\",\"description\":\"Veh\u00edculos de ocasi\u00f3n\",\"publisher\":{\"@id\":\"https:\/\/www.ocasionplus.com\/noticias\/#organization\"},\"potentialAction\":[{\"@type\":\"SearchAction\",\"target\":{\"@type\":\"EntryPoint\",\"urlTemplate\":\"https:\/\/www.ocasionplus.com\/noticias\/?s={search_term_string}\"},\"query-input\":{\"@type\":\"PropertyValueSpecification\",\"valueRequired\":true,\"valueName\":\"search_term_string\"}}],\"inLanguage\":\"es\"},{\"@type\":\"Organization\",\"@id\":\"https:\/\/www.ocasionplus.com\/noticias\/#organization\",\"name\":\"OcasionPlus\",\"url\":\"https:\/\/www.ocasionplus.com\/noticias\/\",\"logo\":{\"@type\":\"ImageObject\",\"inLanguage\":\"es\",\"@id\":\"https:\/\/www.ocasionplus.com\/noticias\/#\/schema\/logo\/image\/\",\"url\":\"https:\/\/www.ocasionplus.com\/wp-content\/uploads\/2024\/05\/cropped-cropped-oplus-logo-blog.png\",\"contentUrl\":\"https:\/\/www.ocasionplus.com\/wp-content\/uploads\/2024\/05\/cropped-cropped-oplus-logo-blog.png\",\"width\":360,\"height\":71,\"caption\":\"OcasionPlus\"},\"image\":{\"@id\":\"https:\/\/www.ocasionplus.com\/noticias\/#\/schema\/logo\/image\/\"},\"sameAs\":[\"https:\/\/www.facebook.com\/ocasionplus\",\"https:\/\/x.com\/ocasionplus\",\"https:\/\/www.instagram.com\/ocasion_plus\",\"https:\/\/www.youtube.com\/channel\/UCBiCAto61Lyu27CgI95wrYQ\",\"https:\/\/www.tiktok.com\/@ocasionplus.com\",\"https:\/\/es.linkedin.com\/company\/ocasionplus\"]},{\"@type\":\"Person\",\"@id\":\"https:\/\/www.ocasionplus.com\/noticias\/#\/schema\/person\/db1203be564cc3ded97ad1dbd8aadc5b\",\"name\":\"Cristhian Gonz\u00e1lez\",\"image\":{\"@type\":\"ImageObject\",\"inLanguage\":\"es\",\"@id\":\"https:\/\/www.ocasionplus.com\/noticias\/#\/schema\/person\/image\/\",\"url\":\"https:\/\/secure.gravatar.com\/avatar\/30c0388f0815fd0ab8fb4cfad29866ac?s=96&d=mm&r=g\",\"contentUrl\":\"https:\/\/secure.gravatar.com\/avatar\/30c0388f0815fd0ab8fb4cfad29866ac?s=96&d=mm&r=g\",\"caption\":\"Cristhian Gonz\u00e1lez\"},\"description\":\"Periodista formado en Colombia. Siempre vinculado al deporte y con pasi\u00f3n por los coches. He asistido y cubierto diferentes eventos deportivos para diferentes medios de comunicaci\u00f3n.\"}]}<\/script>\n<!-- \/ Yoast SEO Premium plugin. -->","yoast_head_json":{"title":"Skoda Superb 2024: m\u00e1s tecnolog\u00eda, espacio y confort - OcasionPlus Blog","description":"El Skoda Superb 2024 estar\u00e1 disponible en dos carrocer\u00edas: la berlina y la combi o familiar. Adem\u00e1s, de un nuevo aspecto y tecnolog\u00eda.","robots":{"index":"index","follow":"follow","max-snippet":"max-snippet:-1","max-image-preview":"max-image-preview:large","max-video-preview":"max-video-preview:-1"},"canonical":"https:\/\/www.ocasionplus.com\/noticias\/skoda-superb-2024-mas-tecnologia-espacio-y-confort\/","og_locale":"es_ES","og_type":"article","og_title":"Skoda Superb 2024: m\u00e1s tecnolog\u00eda, espacio y confort","og_description":"El Skoda Superb 2024 estar\u00e1 disponible en dos carrocer\u00edas: la berlina y la combi o familiar. Adem\u00e1s, de un nuevo aspecto y tecnolog\u00eda.","og_url":"https:\/\/www.ocasionplus.com\/noticias\/skoda-superb-2024-mas-tecnologia-espacio-y-confort\/","og_site_name":"OcasionPlus Blog","article_publisher":"https:\/\/www.facebook.com\/ocasionplus","article_published_time":"2024-07-12T11:23:02+00:00","article_modified_time":"2025-03-27T09:47:48+00:00","og_image":[{"width":1247,"height":800,"url":"https:\/\/www.ocasionplus.com\/wp-content\/uploads\/2024\/07\/nuevo-superb.jpg","type":"image\/jpeg"}],"author":"Cristhian Gonz\u00e1lez","twitter_card":"summary_large_image","twitter_creator":"@ocasionplus","twitter_site":"@ocasionplus","twitter_misc":{"Escrito por":"Cristhian Gonz\u00e1lez","Tiempo de lectura":"4 minutos"},"schema":{"@context":"https:\/\/schema.org","@graph":[{"@type":"Article","@id":"https:\/\/www.ocasionplus.com\/noticias\/skoda-superb-2024-mas-tecnologia-espacio-y-confort\/#article","isPartOf":{"@id":"https:\/\/www.ocasionplus.com\/noticias\/skoda-superb-2024-mas-tecnologia-espacio-y-confort\/"},"author":{"name":"Cristhian Gonz\u00e1lez","@id":"https:\/\/www.ocasionplus.com\/noticias\/#\/schema\/person\/db1203be564cc3ded97ad1dbd8aadc5b"},"headline":"Skoda Superb 2024: m\u00e1s tecnolog\u00eda, espacio y confort","datePublished":"2024-07-12T11:23:02+00:00","dateModified":"2025-03-27T09:47:48+00:00","mainEntityOfPage":{"@id":"https:\/\/www.ocasionplus.com\/noticias\/skoda-superb-2024-mas-tecnologia-espacio-y-confort\/"},"wordCount":660,"publisher":{"@id":"https:\/\/www.ocasionplus.com\/noticias\/#organization"},"image":{"@id":"https:\/\/www.ocasionplus.com\/noticias\/skoda-superb-2024-mas-tecnologia-espacio-y-confort\/#primaryimage"},"thumbnailUrl":"https:\/\/www.ocasionplus.com\/wp-content\/uploads\/2024\/07\/nuevo-superb.jpg","keywords":["skoda","superb"],"articleSection":["\u00daltimas Noticias"],"inLanguage":"es","copyrightYear":"2024","copyrightHolder":{"@id":"https:\/\/www.ocasionplus.com\/noticias\/#organization"}},{"@type":"WebPage","@id":"https:\/\/www.ocasionplus.com\/noticias\/skoda-superb-2024-mas-tecnologia-espacio-y-confort\/","url":"https:\/\/www.ocasionplus.com\/noticias\/skoda-superb-2024-mas-tecnologia-espacio-y-confort\/","name":"Skoda Superb 2024: m\u00e1s tecnolog\u00eda, espacio y confort - OcasionPlus Blog","isPartOf":{"@id":"https:\/\/www.ocasionplus.com\/noticias\/#website"},"primaryImageOfPage":{"@id":"https:\/\/www.ocasionplus.com\/noticias\/skoda-superb-2024-mas-tecnologia-espacio-y-confort\/#primaryimage"},"image":{"@id":"https:\/\/www.ocasionplus.com\/noticias\/skoda-superb-2024-mas-tecnologia-espacio-y-confort\/#primaryimage"},"thumbnailUrl":"https:\/\/www.ocasionplus.com\/wp-content\/uploads\/2024\/07\/nuevo-superb.jpg","datePublished":"2024-07-12T11:23:02+00:00","dateModified":"2025-03-27T09:47:48+00:00","description":"El Skoda Superb 2024 estar\u00e1 disponible en dos carrocer\u00edas: la berlina y la combi o familiar. Adem\u00e1s, de un nuevo aspecto y tecnolog\u00eda.","breadcrumb":{"@id":"https:\/\/www.ocasionplus.com\/noticias\/skoda-superb-2024-mas-tecnologia-espacio-y-confort\/#breadcrumb"},"inLanguage":"es","potentialAction":[{"@type":"ReadAction","target":["https:\/\/www.ocasionplus.com\/noticias\/skoda-superb-2024-mas-tecnologia-espacio-y-confort\/"]}]},{"@type":"ImageObject","inLanguage":"es","@id":"https:\/\/www.ocasionplus.com\/noticias\/skoda-superb-2024-mas-tecnologia-espacio-y-confort\/#primaryimage","url":"https:\/\/www.ocasionplus.com\/wp-content\/uploads\/2024\/07\/nuevo-superb.jpg","contentUrl":"https:\/\/www.ocasionplus.com\/wp-content\/uploads\/2024\/07\/nuevo-superb.jpg","width":1247,"height":800,"caption":"El Skoda Superb se encuentra disponible en dos carrocer\u00edas"},{"@type":"BreadcrumbList","@id":"https:\/\/www.ocasionplus.com\/noticias\/skoda-superb-2024-mas-tecnologia-espacio-y-confort\/#breadcrumb","itemListElement":[{"@type":"ListItem","position":1,"name":"Portada","item":"https:\/\/www.ocasionplus.com\/noticias\/"},{"@type":"ListItem","position":2,"name":"Skoda Superb 2024: m\u00e1s tecnolog\u00eda, espacio y confort"}]},{"@type":"WebSite","@id":"https:\/\/www.ocasionplus.com\/noticias\/#website","url":"https:\/\/www.ocasionplus.com\/noticias\/","name":"OcasionPlus Blog","description":"Veh\u00edculos de ocasi\u00f3n","publisher":{"@id":"https:\/\/www.ocasionplus.com\/noticias\/#organization"},"potentialAction":[{"@type":"SearchAction","target":{"@type":"EntryPoint","urlTemplate":"https:\/\/www.ocasionplus.com\/noticias\/?s={search_term_string}"},"query-input":{"@type":"PropertyValueSpecification","valueRequired":true,"valueName":"search_term_string"}}],"inLanguage":"es"},{"@type":"Organization","@id":"https:\/\/www.ocasionplus.com\/noticias\/#organization","name":"OcasionPlus","url":"https:\/\/www.ocasionplus.com\/noticias\/","logo":{"@type":"ImageObject","inLanguage":"es","@id":"https:\/\/www.ocasionplus.com\/noticias\/#\/schema\/logo\/image\/","url":"https:\/\/www.ocasionplus.com\/wp-content\/uploads\/2024\/05\/cropped-cropped-oplus-logo-blog.png","contentUrl":"https:\/\/www.ocasionplus.com\/wp-content\/uploads\/2024\/05\/cropped-cropped-oplus-logo-blog.png","width":360,"height":71,"caption":"OcasionPlus"},"image":{"@id":"https:\/\/www.ocasionplus.com\/noticias\/#\/schema\/logo\/image\/"},"sameAs":["https:\/\/www.facebook.com\/ocasionplus","https:\/\/x.com\/ocasionplus","https:\/\/www.instagram.com\/ocasion_plus","https:\/\/www.youtube.com\/channel\/UCBiCAto61Lyu27CgI95wrYQ","https:\/\/www.tiktok.com\/@ocasionplus.com","https:\/\/es.linkedin.com\/company\/ocasionplus"]},{"@type":"Person","@id":"https:\/\/www.ocasionplus.com\/noticias\/#\/schema\/person\/db1203be564cc3ded97ad1dbd8aadc5b","name":"Cristhian Gonz\u00e1lez","image":{"@type":"ImageObject","inLanguage":"es","@id":"https:\/\/www.ocasionplus.com\/noticias\/#\/schema\/person\/image\/","url":"https:\/\/secure.gravatar.com\/avatar\/30c0388f0815fd0ab8fb4cfad29866ac?s=96&d=mm&r=g","contentUrl":"https:\/\/secure.gravatar.com\/avatar\/30c0388f0815fd0ab8fb4cfad29866ac?s=96&d=mm&r=g","caption":"Cristhian Gonz\u00e1lez"},"description":"Periodista formado en Colombia. Siempre vinculado al deporte y con pasi\u00f3n por los coches. He asistido y cubierto diferentes eventos deportivos para diferentes medios de comunicaci\u00f3n."}]}},"jetpack_featured_media_url":"https:\/\/www.ocasionplus.com\/wp-content\/uploads\/2024\/07\/nuevo-superb.jpg","_links":{"self":[{"href":"https:\/\/www.ocasionplus.com\/noticias\/wp-json\/wp\/v2\/posts\/12992","targetHints":{"allow":["GET"]}}],"collection":[{"href":"https:\/\/www.ocasionplus.com\/noticias\/wp-json\/wp\/v2\/posts"}],"about":[{"href":"https:\/\/www.ocasionplus.com\/noticias\/wp-json\/wp\/v2\/types\/post"}],"author":[{"embeddable":true,"href":"https:\/\/www.ocasionplus.com\/noticias\/wp-json\/wp\/v2\/users\/3"}],"replies":[{"embeddable":true,"href":"https:\/\/www.ocasionplus.com\/noticias\/wp-json\/wp\/v2\/comments?post=12992"}],"version-history":[{"count":3,"href":"https:\/\/www.ocasionplus.com\/noticias\/wp-json\/wp\/v2\/posts\/12992\/revisions"}],"predecessor-version":[{"id":13309,"href":"https:\/\/www.ocasionplus.com\/noticias\/wp-json\/wp\/v2\/posts\/12992\/revisions\/13309"}],"wp:featuredmedia":[{"embeddable":true,"href":"https:\/\/www.ocasionplus.com\/noticias\/wp-json\/wp\/v2\/media\/12995"}],"wp:attachment":[{"href":"https:\/\/www.ocasionplus.com\/noticias\/wp-json\/wp\/v2\/media?parent=12992"}],"wp:term":[{"taxonomy":"category","embeddable":true,"href":"https:\/\/www.ocasionplus.com\/noticias\/wp-json\/wp\/v2\/categories?post=12992"},{"taxonomy":"post_tag","embeddable":true,"href":"https:\/\/www.ocasionplus.com\/noticias\/wp-json\/wp\/v2\/tags?post=12992"}],"curies":[{"name":"wp","href":"https:\/\/api.w.org\/{rel}","templated":true}]}}