{"id":13310,"date":"2024-07-16T10:27:52","date_gmt":"2024-07-16T10:27:52","guid":{"rendered":"https:\/\/www.ocasionplus.com\/noticias\/?p=13310"},"modified":"2025-03-27T10:47:47","modified_gmt":"2025-03-27T09:47:47","slug":"la-edad-media-del-parque-de-coches-en-espana-alcanza-los-14-anos","status":"publish","type":"post","link":"https:\/\/www.ocasionplus.com\/noticias\/la-edad-media-del-parque-de-coches-en-espana-alcanza-los-14-anos\/","title":{"rendered":"La edad media del parque de coches en Espa\u00f1a alcanza los 14 a\u00f1os"},"content":{"rendered":"<p>Seg\u00fan un estudio elaborado por RACE, <strong>la edad media del parque de coches en Espa\u00f1a es de 14 a\u00f1os<\/strong>. Se debe principalmente a que solo el 18,3% de los conductores tiene pensado cambiar de veh\u00edculo en los pr\u00f3ximos 12 meses.<\/p>\n<p>Algunas de las causas para realizar el cambio de veh\u00edculo son las Zonas de Bajas Emisiones, como la<a href=\"https:\/\/www.ocasionplus.com\/noticias\/que-coches-podran-circular-en-las-zonas-de-bajas-emisiones-de-madrid-en-2024\/\"> ZBE de Madrid <\/a>o la ZBE de Valencia (ORA). En la que no pueden circular coches sin etiqueta o con etiqueta B, si no tienen el permiso necesario para poder transitar en zonas, principalmente el centro de la ciudad.<\/p>\n<h2>\u00bfQu\u00e9 es parque de coches?<\/h2>\n<p>El parque de coches o parque de veh\u00edculos es el conjunto de veh\u00edculos que se encuentran matriculados en un territorio. En Espa\u00f1a, la edad media del parque de coches es de 14 a\u00f1os.<\/p>\n<p>Aunque la tendencia del cambio se est\u00e1 viendo influenciada <strong>por las zonas de bajas emisiones y el consumo de combustible<\/strong>, que en algunos casos es muy elevado seg\u00fan el modelo y versi\u00f3n que se tenga.<\/p>\n<p>Seg\u00fan el mismo estudio, el 18,3% de los conductores en Espa\u00f1a tiene pensado cambiar de veh\u00edculo en los pr\u00f3ximos 12 meses, de estos <strong>solo el 6,6% tiene pensado cambiar un veh\u00edculo el\u00e9ctrico<\/strong> como su primera opci\u00f3n.<\/p>\n<p>De las razones que mencionan los conductores para cambiar de veh\u00edculo son: que el coche actual no puede circular por las ZBE (34,7%), por gusto de renovar cada cierto tiempo (32%) y porque tiene que cambiarlo o porque est\u00e1 averiado o es inseguro (el 22,7%). Al igual, un 68% de los encuestados se\u00f1alan que cambiar\u00e1n el veh\u00edculo en 2024.<\/p>\n<h2>La tendencia del coche de segunda mano<\/h2>\n<p>Adem\u00e1s, el total de los conductores encuestados afirma que lo har\u00e1 por uno nuevo (42,1%) y solo <strong>el 30,9% por un coche de segunda mano<\/strong>. En cuanto a motorizaci\u00f3n, el estudio refleja que los conductores se deciden m\u00e1s por un h\u00edbrido, seguidos por un di\u00e9sel y un coche de gasolina completa el top 3.<\/p>\n<p>Mientras que los coches el\u00e9ctricos son la \u00faltima opci\u00f3n, debido a que los conductores entre 25 y 50 a\u00f1os son los que tienen en su pensamiento cambiar a un veh\u00edculo el\u00e9ctrico.<\/p>\n<p>En <a href=\"https:\/\/www.ocasionplus.com\/\">OcasionPlus<\/a> encontrar\u00e1s una amplia oferta de <a href=\"https:\/\/www.ocasionplus.com\/coches-ocasion\">coches de segunda mano<\/a>, con m\u00e1s de 8.000 veh\u00edculos en los m\u00e1s de 90 centros de OcasionPlus que se encuentran distribuidos por toda Espa\u00f1a.<\/p>\n<p>En la amplia oferta de veh\u00edculos encontrar\u00e1s <a href=\"https:\/\/www.ocasionplus.com\/coches-ocasion\/compacto\">compactos de segunda mano<\/a>, <a href=\"https:\/\/www.ocasionplus.com\/coches-ocasion\/todoterreno\">SUV de ocasi\u00f3n<\/a> y <a href=\"https:\/\/www.ocasionplus.com\/coches-ocasion\/familiar\">coches familiares de segunda mano<\/a>, todos son inspeccionados en m\u00e1s de 200 puntos de control.<\/p>\n","protected":false},"excerpt":{"rendered":"<p>Seg\u00fan un estudio elaborado por RACE, la edad media del parque de coches en Espa\u00f1a es de 14 a\u00f1os. Se debe principalmente a que solo el 18,3% de los conductores tiene pensado cambiar de veh\u00edculo en los pr\u00f3ximos 12 meses. Algunas de las causas para realizar el cambio de veh\u00edculo son las Zonas de Bajas&#8230;<\/p>\n","protected":false},"author":3,"featured_media":13311,"comment_status":"closed","ping_status":"open","sticky":false,"template":"","format":"standard","meta":{"footnotes":""},"categories":[2],"tags":[380],"class_list":["post-13310","post","type-post","status-publish","format-standard","has-post-thumbnail","hentry","category-ultimas-noticias","tag-coches-ocasion"],"yoast_head":"<!-- This site is optimized with the Yoast SEO Premium plugin v24.8 (Yoast SEO v24.8.1) - https:\/\/yoast.com\/wordpress\/plugins\/seo\/ -->\n<title>El parque de coches en Espa\u00f1a alcanza los 14 a\u00f1os<\/title>\n<meta name=\"description\" content=\"Seg\u00fan RACE, la edad media del parque de coches alcanza los 14 a\u00f1os y menos del 20% de los conductores tiene pensado cambiar de veh\u00edculo.\" \/>\n<meta name=\"robots\" content=\"index, follow, max-snippet:-1, max-image-preview:large, max-video-preview:-1\" \/>\n<link rel=\"canonical\" href=\"https:\/\/www.ocasionplus.com\/noticias\/la-edad-media-del-parque-de-coches-en-espana-alcanza-los-14-anos\/\" \/>\n<meta property=\"og:locale\" content=\"es_ES\" \/>\n<meta property=\"og:type\" content=\"article\" \/>\n<meta property=\"og:title\" content=\"La edad media del parque de coches en Espa\u00f1a alcanza los 14 a\u00f1os\" \/>\n<meta property=\"og:description\" content=\"Seg\u00fan RACE, la edad media del parque de coches alcanza los 14 a\u00f1os y menos del 20% de los conductores tiene pensado cambiar de veh\u00edculo.\" \/>\n<meta property=\"og:url\" content=\"https:\/\/www.ocasionplus.com\/noticias\/la-edad-media-del-parque-de-coches-en-espana-alcanza-los-14-anos\/\" \/>\n<meta property=\"og:site_name\" content=\"OcasionPlus Blog\" \/>\n<meta property=\"article:publisher\" content=\"https:\/\/www.facebook.com\/ocasionplus\" \/>\n<meta property=\"article:published_time\" content=\"2024-07-16T10:27:52+00:00\" \/>\n<meta property=\"article:modified_time\" content=\"2025-03-27T09:47:47+00:00\" \/>\n<meta property=\"og:image\" content=\"https:\/\/www.ocasionplus.com\/wp-content\/uploads\/2024\/07\/Parque-de-coches-de-Espana.jpg\" \/>\n\t<meta property=\"og:image:width\" content=\"1280\" \/>\n\t<meta property=\"og:image:height\" content=\"853\" \/>\n\t<meta property=\"og:image:type\" content=\"image\/jpeg\" \/>\n<meta name=\"author\" content=\"Cristhian Gonz\u00e1lez\" \/>\n<meta name=\"twitter:card\" content=\"summary_large_image\" \/>\n<meta name=\"twitter:creator\" content=\"@ocasionplus\" \/>\n<meta name=\"twitter:site\" content=\"@ocasionplus\" \/>\n<meta name=\"twitter:label1\" content=\"Escrito por\" \/>\n\t<meta name=\"twitter:data1\" content=\"Cristhian Gonz\u00e1lez\" \/>\n\t<meta name=\"twitter:label2\" content=\"Tiempo de lectura\" \/>\n\t<meta name=\"twitter:data2\" content=\"3 minutos\" \/>\n<script type=\"application\/ld+json\" class=\"yoast-schema-graph\">{\"@context\":\"https:\/\/schema.org\",\"@graph\":[{\"@type\":\"Article\",\"@id\":\"https:\/\/www.ocasionplus.com\/noticias\/la-edad-media-del-parque-de-coches-en-espana-alcanza-los-14-anos\/#article\",\"isPartOf\":{\"@id\":\"https:\/\/www.ocasionplus.com\/noticias\/la-edad-media-del-parque-de-coches-en-espana-alcanza-los-14-anos\/\"},\"author\":{\"name\":\"Cristhian Gonz\u00e1lez\",\"@id\":\"https:\/\/www.ocasionplus.com\/noticias\/#\/schema\/person\/db1203be564cc3ded97ad1dbd8aadc5b\"},\"headline\":\"La edad media del parque de coches en Espa\u00f1a alcanza los 14 a\u00f1os\",\"datePublished\":\"2024-07-16T10:27:52+00:00\",\"dateModified\":\"2025-03-27T09:47:47+00:00\",\"mainEntityOfPage\":{\"@id\":\"https:\/\/www.ocasionplus.com\/noticias\/la-edad-media-del-parque-de-coches-en-espana-alcanza-los-14-anos\/\"},\"wordCount\":454,\"publisher\":{\"@id\":\"https:\/\/www.ocasionplus.com\/noticias\/#organization\"},\"image\":{\"@id\":\"https:\/\/www.ocasionplus.com\/noticias\/la-edad-media-del-parque-de-coches-en-espana-alcanza-los-14-anos\/#primaryimage\"},\"thumbnailUrl\":\"https:\/\/www.ocasionplus.com\/wp-content\/uploads\/2024\/07\/Parque-de-coches-de-Espana.jpg\",\"keywords\":[\"coches ocasion\"],\"articleSection\":[\"\u00daltimas Noticias\"],\"inLanguage\":\"es\",\"copyrightYear\":\"2024\",\"copyrightHolder\":{\"@id\":\"https:\/\/www.ocasionplus.com\/noticias\/#organization\"}},{\"@type\":\"WebPage\",\"@id\":\"https:\/\/www.ocasionplus.com\/noticias\/la-edad-media-del-parque-de-coches-en-espana-alcanza-los-14-anos\/\",\"url\":\"https:\/\/www.ocasionplus.com\/noticias\/la-edad-media-del-parque-de-coches-en-espana-alcanza-los-14-anos\/\",\"name\":\"El parque de coches en Espa\u00f1a alcanza los 14 a\u00f1os\",\"isPartOf\":{\"@id\":\"https:\/\/www.ocasionplus.com\/noticias\/#website\"},\"primaryImageOfPage\":{\"@id\":\"https:\/\/www.ocasionplus.com\/noticias\/la-edad-media-del-parque-de-coches-en-espana-alcanza-los-14-anos\/#primaryimage\"},\"image\":{\"@id\":\"https:\/\/www.ocasionplus.com\/noticias\/la-edad-media-del-parque-de-coches-en-espana-alcanza-los-14-anos\/#primaryimage\"},\"thumbnailUrl\":\"https:\/\/www.ocasionplus.com\/wp-content\/uploads\/2024\/07\/Parque-de-coches-de-Espana.jpg\",\"datePublished\":\"2024-07-16T10:27:52+00:00\",\"dateModified\":\"2025-03-27T09:47:47+00:00\",\"description\":\"Seg\u00fan RACE, la edad media del parque de coches alcanza los 14 a\u00f1os y menos del 20% de los conductores tiene pensado cambiar de veh\u00edculo.\",\"breadcrumb\":{\"@id\":\"https:\/\/www.ocasionplus.com\/noticias\/la-edad-media-del-parque-de-coches-en-espana-alcanza-los-14-anos\/#breadcrumb\"},\"inLanguage\":\"es\",\"potentialAction\":[{\"@type\":\"ReadAction\",\"target\":[\"https:\/\/www.ocasionplus.com\/noticias\/la-edad-media-del-parque-de-coches-en-espana-alcanza-los-14-anos\/\"]}]},{\"@type\":\"ImageObject\",\"inLanguage\":\"es\",\"@id\":\"https:\/\/www.ocasionplus.com\/noticias\/la-edad-media-del-parque-de-coches-en-espana-alcanza-los-14-anos\/#primaryimage\",\"url\":\"https:\/\/www.ocasionplus.com\/wp-content\/uploads\/2024\/07\/Parque-de-coches-de-Espana.jpg\",\"contentUrl\":\"https:\/\/www.ocasionplus.com\/wp-content\/uploads\/2024\/07\/Parque-de-coches-de-Espana.jpg\",\"width\":1280,\"height\":853,\"caption\":\"El parque de coches en Espa\u00f1a tiene una edad media de 14 a\u00f1os.\"},{\"@type\":\"BreadcrumbList\",\"@id\":\"https:\/\/www.ocasionplus.com\/noticias\/la-edad-media-del-parque-de-coches-en-espana-alcanza-los-14-anos\/#breadcrumb\",\"itemListElement\":[{\"@type\":\"ListItem\",\"position\":1,\"name\":\"Portada\",\"item\":\"https:\/\/www.ocasionplus.com\/noticias\/\"},{\"@type\":\"ListItem\",\"position\":2,\"name\":\"La edad media del parque de coches en Espa\u00f1a alcanza los 14 a\u00f1os\"}]},{\"@type\":\"WebSite\",\"@id\":\"https:\/\/www.ocasionplus.com\/noticias\/#website\",\"url\":\"https:\/\/www.ocasionplus.com\/noticias\/\",\"name\":\"OcasionPlus Blog\",\"description\":\"Veh\u00edculos de ocasi\u00f3n\",\"publisher\":{\"@id\":\"https:\/\/www.ocasionplus.com\/noticias\/#organization\"},\"potentialAction\":[{\"@type\":\"SearchAction\",\"target\":{\"@type\":\"EntryPoint\",\"urlTemplate\":\"https:\/\/www.ocasionplus.com\/noticias\/?s={search_term_string}\"},\"query-input\":{\"@type\":\"PropertyValueSpecification\",\"valueRequired\":true,\"valueName\":\"search_term_string\"}}],\"inLanguage\":\"es\"},{\"@type\":\"Organization\",\"@id\":\"https:\/\/www.ocasionplus.com\/noticias\/#organization\",\"name\":\"OcasionPlus\",\"url\":\"https:\/\/www.ocasionplus.com\/noticias\/\",\"logo\":{\"@type\":\"ImageObject\",\"inLanguage\":\"es\",\"@id\":\"https:\/\/www.ocasionplus.com\/noticias\/#\/schema\/logo\/image\/\",\"url\":\"https:\/\/www.ocasionplus.com\/wp-content\/uploads\/2024\/05\/cropped-cropped-oplus-logo-blog.png\",\"contentUrl\":\"https:\/\/www.ocasionplus.com\/wp-content\/uploads\/2024\/05\/cropped-cropped-oplus-logo-blog.png\",\"width\":360,\"height\":71,\"caption\":\"OcasionPlus\"},\"image\":{\"@id\":\"https:\/\/www.ocasionplus.com\/noticias\/#\/schema\/logo\/image\/\"},\"sameAs\":[\"https:\/\/www.facebook.com\/ocasionplus\",\"https:\/\/x.com\/ocasionplus\",\"https:\/\/www.instagram.com\/ocasion_plus\",\"https:\/\/www.youtube.com\/channel\/UCBiCAto61Lyu27CgI95wrYQ\",\"https:\/\/www.tiktok.com\/@ocasionplus.com\",\"https:\/\/es.linkedin.com\/company\/ocasionplus\"]},{\"@type\":\"Person\",\"@id\":\"https:\/\/www.ocasionplus.com\/noticias\/#\/schema\/person\/db1203be564cc3ded97ad1dbd8aadc5b\",\"name\":\"Cristhian Gonz\u00e1lez\",\"image\":{\"@type\":\"ImageObject\",\"inLanguage\":\"es\",\"@id\":\"https:\/\/www.ocasionplus.com\/noticias\/#\/schema\/person\/image\/\",\"url\":\"https:\/\/secure.gravatar.com\/avatar\/30c0388f0815fd0ab8fb4cfad29866ac?s=96&d=mm&r=g\",\"contentUrl\":\"https:\/\/secure.gravatar.com\/avatar\/30c0388f0815fd0ab8fb4cfad29866ac?s=96&d=mm&r=g\",\"caption\":\"Cristhian Gonz\u00e1lez\"},\"description\":\"Periodista formado en Colombia. Siempre vinculado al deporte y con pasi\u00f3n por los coches. He asistido y cubierto diferentes eventos deportivos para diferentes medios de comunicaci\u00f3n.\"}]}<\/script>\n<!-- \/ Yoast SEO Premium plugin. -->","yoast_head_json":{"title":"El parque de coches en Espa\u00f1a alcanza los 14 a\u00f1os","description":"Seg\u00fan RACE, la edad media del parque de coches alcanza los 14 a\u00f1os y menos del 20% de los conductores tiene pensado cambiar de veh\u00edculo.","robots":{"index":"index","follow":"follow","max-snippet":"max-snippet:-1","max-image-preview":"max-image-preview:large","max-video-preview":"max-video-preview:-1"},"canonical":"https:\/\/www.ocasionplus.com\/noticias\/la-edad-media-del-parque-de-coches-en-espana-alcanza-los-14-anos\/","og_locale":"es_ES","og_type":"article","og_title":"La edad media del parque de coches en Espa\u00f1a alcanza los 14 a\u00f1os","og_description":"Seg\u00fan RACE, la edad media del parque de coches alcanza los 14 a\u00f1os y menos del 20% de los conductores tiene pensado cambiar de veh\u00edculo.","og_url":"https:\/\/www.ocasionplus.com\/noticias\/la-edad-media-del-parque-de-coches-en-espana-alcanza-los-14-anos\/","og_site_name":"OcasionPlus Blog","article_publisher":"https:\/\/www.facebook.com\/ocasionplus","article_published_time":"2024-07-16T10:27:52+00:00","article_modified_time":"2025-03-27T09:47:47+00:00","og_image":[{"width":1280,"height":853,"url":"https:\/\/www.ocasionplus.com\/wp-content\/uploads\/2024\/07\/Parque-de-coches-de-Espana.jpg","type":"image\/jpeg"}],"author":"Cristhian Gonz\u00e1lez","twitter_card":"summary_large_image","twitter_creator":"@ocasionplus","twitter_site":"@ocasionplus","twitter_misc":{"Escrito por":"Cristhian Gonz\u00e1lez","Tiempo de lectura":"3 minutos"},"schema":{"@context":"https:\/\/schema.org","@graph":[{"@type":"Article","@id":"https:\/\/www.ocasionplus.com\/noticias\/la-edad-media-del-parque-de-coches-en-espana-alcanza-los-14-anos\/#article","isPartOf":{"@id":"https:\/\/www.ocasionplus.com\/noticias\/la-edad-media-del-parque-de-coches-en-espana-alcanza-los-14-anos\/"},"author":{"name":"Cristhian Gonz\u00e1lez","@id":"https:\/\/www.ocasionplus.com\/noticias\/#\/schema\/person\/db1203be564cc3ded97ad1dbd8aadc5b"},"headline":"La edad media del parque de coches en Espa\u00f1a alcanza los 14 a\u00f1os","datePublished":"2024-07-16T10:27:52+00:00","dateModified":"2025-03-27T09:47:47+00:00","mainEntityOfPage":{"@id":"https:\/\/www.ocasionplus.com\/noticias\/la-edad-media-del-parque-de-coches-en-espana-alcanza-los-14-anos\/"},"wordCount":454,"publisher":{"@id":"https:\/\/www.ocasionplus.com\/noticias\/#organization"},"image":{"@id":"https:\/\/www.ocasionplus.com\/noticias\/la-edad-media-del-parque-de-coches-en-espana-alcanza-los-14-anos\/#primaryimage"},"thumbnailUrl":"https:\/\/www.ocasionplus.com\/wp-content\/uploads\/2024\/07\/Parque-de-coches-de-Espana.jpg","keywords":["coches ocasion"],"articleSection":["\u00daltimas Noticias"],"inLanguage":"es","copyrightYear":"2024","copyrightHolder":{"@id":"https:\/\/www.ocasionplus.com\/noticias\/#organization"}},{"@type":"WebPage","@id":"https:\/\/www.ocasionplus.com\/noticias\/la-edad-media-del-parque-de-coches-en-espana-alcanza-los-14-anos\/","url":"https:\/\/www.ocasionplus.com\/noticias\/la-edad-media-del-parque-de-coches-en-espana-alcanza-los-14-anos\/","name":"El parque de coches en Espa\u00f1a alcanza los 14 a\u00f1os","isPartOf":{"@id":"https:\/\/www.ocasionplus.com\/noticias\/#website"},"primaryImageOfPage":{"@id":"https:\/\/www.ocasionplus.com\/noticias\/la-edad-media-del-parque-de-coches-en-espana-alcanza-los-14-anos\/#primaryimage"},"image":{"@id":"https:\/\/www.ocasionplus.com\/noticias\/la-edad-media-del-parque-de-coches-en-espana-alcanza-los-14-anos\/#primaryimage"},"thumbnailUrl":"https:\/\/www.ocasionplus.com\/wp-content\/uploads\/2024\/07\/Parque-de-coches-de-Espana.jpg","datePublished":"2024-07-16T10:27:52+00:00","dateModified":"2025-03-27T09:47:47+00:00","description":"Seg\u00fan RACE, la edad media del parque de coches alcanza los 14 a\u00f1os y menos del 20% de los conductores tiene pensado cambiar de veh\u00edculo.","breadcrumb":{"@id":"https:\/\/www.ocasionplus.com\/noticias\/la-edad-media-del-parque-de-coches-en-espana-alcanza-los-14-anos\/#breadcrumb"},"inLanguage":"es","potentialAction":[{"@type":"ReadAction","target":["https:\/\/www.ocasionplus.com\/noticias\/la-edad-media-del-parque-de-coches-en-espana-alcanza-los-14-anos\/"]}]},{"@type":"ImageObject","inLanguage":"es","@id":"https:\/\/www.ocasionplus.com\/noticias\/la-edad-media-del-parque-de-coches-en-espana-alcanza-los-14-anos\/#primaryimage","url":"https:\/\/www.ocasionplus.com\/wp-content\/uploads\/2024\/07\/Parque-de-coches-de-Espana.jpg","contentUrl":"https:\/\/www.ocasionplus.com\/wp-content\/uploads\/2024\/07\/Parque-de-coches-de-Espana.jpg","width":1280,"height":853,"caption":"El parque de coches en Espa\u00f1a tiene una edad media de 14 a\u00f1os."},{"@type":"BreadcrumbList","@id":"https:\/\/www.ocasionplus.com\/noticias\/la-edad-media-del-parque-de-coches-en-espana-alcanza-los-14-anos\/#breadcrumb","itemListElement":[{"@type":"ListItem","position":1,"name":"Portada","item":"https:\/\/www.ocasionplus.com\/noticias\/"},{"@type":"ListItem","position":2,"name":"La edad media del parque de coches en Espa\u00f1a alcanza los 14 a\u00f1os"}]},{"@type":"WebSite","@id":"https:\/\/www.ocasionplus.com\/noticias\/#website","url":"https:\/\/www.ocasionplus.com\/noticias\/","name":"OcasionPlus Blog","description":"Veh\u00edculos de ocasi\u00f3n","publisher":{"@id":"https:\/\/www.ocasionplus.com\/noticias\/#organization"},"potentialAction":[{"@type":"SearchAction","target":{"@type":"EntryPoint","urlTemplate":"https:\/\/www.ocasionplus.com\/noticias\/?s={search_term_string}"},"query-input":{"@type":"PropertyValueSpecification","valueRequired":true,"valueName":"search_term_string"}}],"inLanguage":"es"},{"@type":"Organization","@id":"https:\/\/www.ocasionplus.com\/noticias\/#organization","name":"OcasionPlus","url":"https:\/\/www.ocasionplus.com\/noticias\/","logo":{"@type":"ImageObject","inLanguage":"es","@id":"https:\/\/www.ocasionplus.com\/noticias\/#\/schema\/logo\/image\/","url":"https:\/\/www.ocasionplus.com\/wp-content\/uploads\/2024\/05\/cropped-cropped-oplus-logo-blog.png","contentUrl":"https:\/\/www.ocasionplus.com\/wp-content\/uploads\/2024\/05\/cropped-cropped-oplus-logo-blog.png","width":360,"height":71,"caption":"OcasionPlus"},"image":{"@id":"https:\/\/www.ocasionplus.com\/noticias\/#\/schema\/logo\/image\/"},"sameAs":["https:\/\/www.facebook.com\/ocasionplus","https:\/\/x.com\/ocasionplus","https:\/\/www.instagram.com\/ocasion_plus","https:\/\/www.youtube.com\/channel\/UCBiCAto61Lyu27CgI95wrYQ","https:\/\/www.tiktok.com\/@ocasionplus.com","https:\/\/es.linkedin.com\/company\/ocasionplus"]},{"@type":"Person","@id":"https:\/\/www.ocasionplus.com\/noticias\/#\/schema\/person\/db1203be564cc3ded97ad1dbd8aadc5b","name":"Cristhian Gonz\u00e1lez","image":{"@type":"ImageObject","inLanguage":"es","@id":"https:\/\/www.ocasionplus.com\/noticias\/#\/schema\/person\/image\/","url":"https:\/\/secure.gravatar.com\/avatar\/30c0388f0815fd0ab8fb4cfad29866ac?s=96&d=mm&r=g","contentUrl":"https:\/\/secure.gravatar.com\/avatar\/30c0388f0815fd0ab8fb4cfad29866ac?s=96&d=mm&r=g","caption":"Cristhian Gonz\u00e1lez"},"description":"Periodista formado en Colombia. Siempre vinculado al deporte y con pasi\u00f3n por los coches. He asistido y cubierto diferentes eventos deportivos para diferentes medios de comunicaci\u00f3n."}]}},"jetpack_featured_media_url":"https:\/\/www.ocasionplus.com\/wp-content\/uploads\/2024\/07\/Parque-de-coches-de-Espana.jpg","_links":{"self":[{"href":"https:\/\/www.ocasionplus.com\/noticias\/wp-json\/wp\/v2\/posts\/13310","targetHints":{"allow":["GET"]}}],"collection":[{"href":"https:\/\/www.ocasionplus.com\/noticias\/wp-json\/wp\/v2\/posts"}],"about":[{"href":"https:\/\/www.ocasionplus.com\/noticias\/wp-json\/wp\/v2\/types\/post"}],"author":[{"embeddable":true,"href":"https:\/\/www.ocasionplus.com\/noticias\/wp-json\/wp\/v2\/users\/3"}],"replies":[{"embeddable":true,"href":"https:\/\/www.ocasionplus.com\/noticias\/wp-json\/wp\/v2\/comments?post=13310"}],"version-history":[{"count":2,"href":"https:\/\/www.ocasionplus.com\/noticias\/wp-json\/wp\/v2\/posts\/13310\/revisions"}],"predecessor-version":[{"id":13320,"href":"https:\/\/www.ocasionplus.com\/noticias\/wp-json\/wp\/v2\/posts\/13310\/revisions\/13320"}],"wp:featuredmedia":[{"embeddable":true,"href":"https:\/\/www.ocasionplus.com\/noticias\/wp-json\/wp\/v2\/media\/13311"}],"wp:attachment":[{"href":"https:\/\/www.ocasionplus.com\/noticias\/wp-json\/wp\/v2\/media?parent=13310"}],"wp:term":[{"taxonomy":"category","embeddable":true,"href":"https:\/\/www.ocasionplus.com\/noticias\/wp-json\/wp\/v2\/categories?post=13310"},{"taxonomy":"post_tag","embeddable":true,"href":"https:\/\/www.ocasionplus.com\/noticias\/wp-json\/wp\/v2\/tags?post=13310"}],"curies":[{"name":"wp","href":"https:\/\/api.w.org\/{rel}","templated":true}]}}