{"id":13313,"date":"2024-07-16T13:42:33","date_gmt":"2024-07-16T13:42:33","guid":{"rendered":"https:\/\/www.ocasionplus.com\/noticias\/?p=13313"},"modified":"2025-03-27T10:47:47","modified_gmt":"2025-03-27T09:47:47","slug":"nuevo-audi-a5-innovacion-y-elegancia-en-el-segmento-premium","status":"publish","type":"post","link":"https:\/\/www.ocasionplus.com\/noticias\/nuevo-audi-a5-innovacion-y-elegancia-en-el-segmento-premium\/","title":{"rendered":"Nuevo Audi A5: innovaci\u00f3n y elegancia en el segmento premium"},"content":{"rendered":"<p><span style=\"font-weight: 400;\">El<\/span><b> Audi A5<\/b><span style=\"font-weight: 400;\"> reemplaza al Audi A4 con una versi\u00f3n mejorada y renovada de la gama premium del modelo. La casa de los cuatro aros ha reestructurado sus modelos y ahora los que tengan n\u00famero par tendr\u00e1n un motor el\u00e9ctrico, y los impares de combusti\u00f3n.\u00a0<\/span><\/p>\n<p><span style=\"font-weight: 400;\">El Audi A5, su pr\u00f3ximo modelo, estar\u00e1 disponible en cuatro variantes: <\/span><b>A5 Sedan<\/b><span style=\"font-weight: 400;\">, <\/span><b>A5 Avant<\/b><span style=\"font-weight: 400;\">, <\/span><b>S5 Sedan<\/b><span style=\"font-weight: 400;\"> y <\/span><b>S5 Avant<\/b><span style=\"font-weight: 400;\">. Destaca por su dise\u00f1o renovado y sus avanzadas caracter\u00edsticas tecnol\u00f3gicas que lo sit\u00faan a la vanguardia del <\/span><b>segmento premium<\/b><span style=\"font-weight: 400;\">.<\/span><\/p>\n<p><span style=\"font-weight: 400;\">El Audi A5 ha sido un referente en el segmento premium desde su debut en <\/span><b>2007<\/b><span style=\"font-weight: 400;\">. Originalmente <\/span><b>lanzado como un coup\u00e9 que combinaba elegancia y deportividad<\/b><span style=\"font-weight: 400;\">, el Audi A5 ha evolucionado a lo largo de los a\u00f1os para mantenerse a la vanguardia en dise\u00f1o, tecnolog\u00eda y rendimiento.\u00a0<\/span><\/p>\n<p><span style=\"font-weight: 400;\">La primera generaci\u00f3n del A5 sent\u00f3 las bases con su dise\u00f1o estilizado y su excelente manejo, mientras que la segunda generaci\u00f3n, lanzada en 2016, introdujo mejoras significativas en tecnolog\u00eda y eficiencia.<\/span><\/p>\n<p><span style=\"font-weight: 400;\">Con la llegada de la <\/span><b>tercera generaci\u00f3n del Audi A5<\/b><span style=\"font-weight: 400;\">, que se presenta en 2024, el modelo no solo mantiene su estatus de l\u00edder en el segmento premium, sino que tambi\u00e9n <\/span><b>marca un hito en innovaci\u00f3n<\/b><span style=\"font-weight: 400;\">. Esta nueva versi\u00f3n ha sido completamente renovada, ofreciendo una <\/span><b>combinaci\u00f3n sin precedentes de dise\u00f1o sofisticado y tecnolog\u00eda de punta<\/b><span style=\"font-weight: 400;\">. La evoluci\u00f3n en esta nueva entrega es notable: desde una actualizaci\u00f3n integral de su <\/span><b>dise\u00f1o exterior e interior<\/b><span style=\"font-weight: 400;\"> hasta la incorporaci\u00f3n de nuevas motorizaciones y tecnolog\u00edas avanzadas.<\/span><\/p>\n<p><span style=\"font-weight: 400;\">La llegada de este modelo representa un <\/span><b>nuevo cap\u00edtulo en la historia del A5<\/b><span style=\"font-weight: 400;\">, <\/span><b>reafirmando su posici\u00f3n<\/b><span style=\"font-weight: 400;\"> como un l\u00edder en el segmento premium y ofreciendo a los compradores<\/span><b> una experiencia de conducci\u00f3n inigualable<\/b><span style=\"font-weight: 400;\">.<\/span><\/p>\n<h2><b>Dise\u00f1o y renovaci\u00f3n<\/b><\/h2>\n<p><span style=\"font-weight: 400;\"><img loading=\"lazy\" decoding=\"async\" class=\"alignnone wp-image-13316 size-full\" src=\"https:\/\/www.ocasionplus.com\/wp-content\/uploads\/2024\/07\/nuevo_audi_A5_interior.jpg\" alt=\"Interior del Audi A5\" width=\"960\" height=\"720\" srcset=\"https:\/\/www.ocasionplus.com\/wp-content\/uploads\/2024\/07\/nuevo_audi_A5_interior.jpg 960w, https:\/\/www.ocasionplus.com\/wp-content\/uploads\/2024\/07\/nuevo_audi_A5_interior-300x225.jpg 300w, https:\/\/www.ocasionplus.com\/wp-content\/uploads\/2024\/07\/nuevo_audi_A5_interior-255x191.jpg 255w, https:\/\/www.ocasionplus.com\/wp-content\/uploads\/2024\/07\/nuevo_audi_A5_interior-510x383.jpg 510w, https:\/\/www.ocasionplus.com\/wp-content\/uploads\/2024\/07\/nuevo_audi_A5_interior-280x210.jpg 280w, https:\/\/www.ocasionplus.com\/wp-content\/uploads\/2024\/07\/nuevo_audi_A5_interior-560x420.jpg 560w, https:\/\/www.ocasionplus.com\/wp-content\/uploads\/2024\/07\/nuevo_audi_A5_interior-350x263.jpg 350w, https:\/\/www.ocasionplus.com\/wp-content\/uploads\/2024\/07\/nuevo_audi_A5_interior-700x525.jpg 700w, https:\/\/www.ocasionplus.com\/wp-content\/uploads\/2024\/07\/nuevo_audi_A5_interior-398x299.jpg 398w, https:\/\/www.ocasionplus.com\/wp-content\/uploads\/2024\/07\/nuevo_audi_A5_interior-796x597.jpg 796w\" sizes=\"auto, (max-width: 960px) 100vw, 960px\" \/>El nuevo Audi A5 ha sido completamente renovado para ofrecer un dise\u00f1o exterior e interior sofisticado y moderno.<\/span><\/p>\n<ul>\n<li style=\"font-weight: 400;\" aria-level=\"1\"><span style=\"font-weight: 400;\">Tecnolog\u00eda OLED con pantallas Audi MMI.<\/span><\/li>\n<li style=\"font-weight: 400;\" aria-level=\"1\"><span style=\"font-weight: 400;\">El cuadro de mandos tiene 11,9 pulgadas y la de infoentretenimiento de 14,5 pulgadas.<\/span><\/li>\n<li style=\"font-weight: 400;\" aria-level=\"1\"><span style=\"font-weight: 400;\">El pasajero tambi\u00e9n puede contar con una pantalla de 10,9 pulgadas.<\/span><\/li>\n<li style=\"font-weight: 400;\" aria-level=\"1\"><span style=\"font-weight: 400;\">Interior digital con pantallas de alta resoluci\u00f3n.<\/span><\/li>\n<li style=\"font-weight: 400;\" aria-level=\"1\"><span style=\"font-weight: 400;\">Head-Up Display para una conducci\u00f3n m\u00e1s segura y c\u00f3moda, tambi\u00e9n disponible para los pasajeros, que podr\u00e1n visualizar las funci\u00f3n del veh\u00edculo.<\/span><\/li>\n<li style=\"font-weight: 400;\" aria-level=\"1\"><span style=\"font-weight: 400;\">Materiales de alta calidad y sostenibles, y acabados de lujo.<\/span><\/li>\n<\/ul>\n<h3><b>Exterior del Audi A5<\/b><\/h3>\n<p><span style=\"font-weight: 400;\"><img loading=\"lazy\" decoding=\"async\" class=\"alignnone wp-image-13317 size-full\" src=\"https:\/\/www.ocasionplus.com\/wp-content\/uploads\/2024\/07\/nuevo_audi_A5_exterior.jpg\" alt=\"Exterior del Audi A5 2024\" width=\"960\" height=\"720\" srcset=\"https:\/\/www.ocasionplus.com\/wp-content\/uploads\/2024\/07\/nuevo_audi_A5_exterior.jpg 960w, https:\/\/www.ocasionplus.com\/wp-content\/uploads\/2024\/07\/nuevo_audi_A5_exterior-300x225.jpg 300w, https:\/\/www.ocasionplus.com\/wp-content\/uploads\/2024\/07\/nuevo_audi_A5_exterior-255x191.jpg 255w, https:\/\/www.ocasionplus.com\/wp-content\/uploads\/2024\/07\/nuevo_audi_A5_exterior-510x383.jpg 510w, https:\/\/www.ocasionplus.com\/wp-content\/uploads\/2024\/07\/nuevo_audi_A5_exterior-280x210.jpg 280w, https:\/\/www.ocasionplus.com\/wp-content\/uploads\/2024\/07\/nuevo_audi_A5_exterior-560x420.jpg 560w, https:\/\/www.ocasionplus.com\/wp-content\/uploads\/2024\/07\/nuevo_audi_A5_exterior-350x263.jpg 350w, https:\/\/www.ocasionplus.com\/wp-content\/uploads\/2024\/07\/nuevo_audi_A5_exterior-700x525.jpg 700w, https:\/\/www.ocasionplus.com\/wp-content\/uploads\/2024\/07\/nuevo_audi_A5_exterior-398x299.jpg 398w, https:\/\/www.ocasionplus.com\/wp-content\/uploads\/2024\/07\/nuevo_audi_A5_exterior-796x597.jpg 796w, https:\/\/www.ocasionplus.com\/wp-content\/uploads\/2024\/07\/nuevo_audi_A5_exterior-266x200.jpg 266w, https:\/\/www.ocasionplus.com\/wp-content\/uploads\/2024\/07\/nuevo_audi_A5_exterior-600x450.jpg 600w\" sizes=\"auto, (max-width: 960px) 100vw, 960px\" \/>Adem\u00e1s de un interior sin igual, en su exterior presenta l\u00edneas aerodin\u00e1micas y elegantes que mejoran su presencia en la carretera.\u00a0<\/span><\/p>\n<ul>\n<li style=\"font-weight: 400;\" aria-level=\"1\"><span style=\"font-weight: 400;\">4,82 metros de largo.<\/span><\/li>\n<li style=\"font-weight: 400;\" aria-level=\"1\"><span style=\"font-weight: 400;\">1,86 m de ancho.<\/span><\/li>\n<li style=\"font-weight: 400;\" aria-level=\"1\"><span style=\"font-weight: 400;\">Su versi\u00f3n Sed\u00e1n tendr\u00e1 1,44 de alto.<\/span><\/li>\n<li style=\"font-weight: 400;\" aria-level=\"1\"><span style=\"font-weight: 400;\">La versi\u00f3n Avant 1,46 de alto.<\/span><\/li>\n<\/ul>\n<p><span style=\"font-weight: 400;\">Tiene un maletero bastante amplio, de <\/span><b>445 litros<\/b><span style=\"font-weight: 400;\">, en la versi\u00f3n <\/span><b>Sed\u00e1n<\/b><span style=\"font-weight: 400;\">, y de <\/span><b>476<\/b><span style=\"font-weight: 400;\"> para el <\/span><b>Avant<\/b><span style=\"font-weight: 400;\">.<\/span><\/p>\n<h2><b>Motorizaci\u00f3n y Rendimiento<\/b><\/h2>\n<p><span style=\"font-weight: 400;\">El Audi A5 se ofrece con varias opciones de motorizaci\u00f3n, todas dise\u00f1adas para proporcionar un rendimiento excepcional.<\/span><\/p>\n<ul>\n<li style=\"font-weight: 400;\" aria-level=\"1\"><span style=\"font-weight: 400;\">Motores de gasolina y motores di\u00e9sel con sistema MHEV plus de 48 voltios que ayuda al motor de combusti\u00f3n.<\/span><\/li>\n<li style=\"font-weight: 400;\" aria-level=\"1\"><span style=\"font-weight: 400;\">Opciones h\u00edbridas y h\u00edbrido enchufable para una mayor eficiencia energ\u00e9tica.<\/span><\/li>\n<li style=\"font-weight: 400;\" aria-level=\"1\"><span style=\"font-weight: 400;\">Potente motor V6 turbocomprimido de 367 CV.<\/span><\/li>\n<li style=\"font-weight: 400;\" aria-level=\"1\"><span style=\"font-weight: 400;\">Tracci\u00f3n quattro para una mejor estabilidad y control.<\/span><\/li>\n<li style=\"font-weight: 400;\" aria-level=\"1\"><span style=\"font-weight: 400;\">Potencias de 150 y 204 CV.<\/span><\/li>\n<\/ul>\n<h2><b>\u00bfCu\u00e1nto costar\u00e1 el nuevo Audi A5?<\/b><\/h2>\n<p><span style=\"font-weight: 400;\">El precio del nuevo <\/span><b>Audi A5<\/b><span style=\"font-weight: 400;\"> var\u00eda seg\u00fan la motorizaci\u00f3n y el equipamiento seleccionado. En Espa\u00f1a saldr\u00e1 con un precio inicial de<\/span><b> 51.000 euros<\/b><span style=\"font-weight: 400;\"> para la versi\u00f3n <\/span><b>Sed\u00e1n<\/b><span style=\"font-weight: 400;\">. Mientras que el <\/span><b>Avant <\/b><span style=\"font-weight: 400;\">ser\u00e1 algo m\u00e1s: <\/span><b>53.250 \u20ac<\/b><span style=\"font-weight: 400;\">.<\/span><\/p>\n<h2><b>\u00bfCu\u00e1ndo estar\u00e1 disponible el Audi A5?<\/b><\/h2>\n<p><span style=\"font-weight: 400;\">El nuevo Audi A5 tiene previsto su <\/span><b>lanzamiento para noviembre<\/b><span style=\"font-weight: 400;\">, momento en el cual estar\u00e1 disponible en concesionarios autorizados y plataformas de venta en l\u00ednea. Este lanzamiento incluir\u00e1 tanto la versi\u00f3n berlina como la familiar, ofreciendo opciones que se adaptan a diferentes necesidades y preferencias de los conductores.<\/span><\/p>\n<h2><b><img loading=\"lazy\" decoding=\"async\" class=\"alignnone wp-image-13314 size-full\" src=\"https:\/\/www.ocasionplus.com\/wp-content\/uploads\/2024\/07\/nuevo_audi_A5_volante.jpg\" alt=\"Asientos delanteros del Audi A5 2024\" width=\"960\" height=\"720\" srcset=\"https:\/\/www.ocasionplus.com\/wp-content\/uploads\/2024\/07\/nuevo_audi_A5_volante.jpg 960w, https:\/\/www.ocasionplus.com\/wp-content\/uploads\/2024\/07\/nuevo_audi_A5_volante-300x225.jpg 300w, https:\/\/www.ocasionplus.com\/wp-content\/uploads\/2024\/07\/nuevo_audi_A5_volante-255x191.jpg 255w, https:\/\/www.ocasionplus.com\/wp-content\/uploads\/2024\/07\/nuevo_audi_A5_volante-510x383.jpg 510w, https:\/\/www.ocasionplus.com\/wp-content\/uploads\/2024\/07\/nuevo_audi_A5_volante-280x210.jpg 280w, https:\/\/www.ocasionplus.com\/wp-content\/uploads\/2024\/07\/nuevo_audi_A5_volante-560x420.jpg 560w, https:\/\/www.ocasionplus.com\/wp-content\/uploads\/2024\/07\/nuevo_audi_A5_volante-350x263.jpg 350w, https:\/\/www.ocasionplus.com\/wp-content\/uploads\/2024\/07\/nuevo_audi_A5_volante-700x525.jpg 700w, https:\/\/www.ocasionplus.com\/wp-content\/uploads\/2024\/07\/nuevo_audi_A5_volante-398x299.jpg 398w, https:\/\/www.ocasionplus.com\/wp-content\/uploads\/2024\/07\/nuevo_audi_A5_volante-796x597.jpg 796w\" sizes=\"auto, (max-width: 960px) 100vw, 960px\" \/>Audi A5 de segunda mano<\/b><\/h2>\n<p><span style=\"font-weight: 400;\">El <a href=\"https:\/\/www.ocasionplus.com\/coches-ocasion\/audi\/a5\">Audi A5 de segunda mano<\/a> es una opci\u00f3n excelente para aquellos que buscan la calidad y el prestigio de este modelo a un precio m\u00e1s accesible.\u00a0<\/span><\/p>\n<p><span style=\"font-weight: 400;\">En <a href=\"https:\/\/www.ocasionplus.com\/\">OcasionPlus<\/a> podr\u00e1s encontrar con diferentes versiones del Audi A5 desde 12.000 euros. Disponible en varias <\/span><b>configuraciones y motorizaciones<\/b><span style=\"font-weight: 400;\">, incluyendo versiones con tracci\u00f3n quattro y amortiguadores adaptativos, permitiendo a los compradores encontrar la opci\u00f3n que mejor se adapte a sus necesidades y presupuesto. Tambi\u00e9n disponemos de otros <a href=\"https:\/\/www.ocasionplus.com\/coches-ocasion\/audi\">modelos de Audi de ocasi\u00f3n<\/a> en nuestra web.<\/span><\/p>\n","protected":false},"excerpt":{"rendered":"<p>El Audi A5 reemplaza al Audi A4 con una versi\u00f3n mejorada y renovada de la gama premium del modelo. La casa de los cuatro aros ha reestructurado sus modelos y ahora los que tengan n\u00famero par tendr\u00e1n un motor el\u00e9ctrico, y los impares de combusti\u00f3n.\u00a0 El Audi A5, su pr\u00f3ximo modelo, estar\u00e1 disponible en cuatro&#8230;<\/p>\n","protected":false},"author":6,"featured_media":13315,"comment_status":"closed","ping_status":"open","sticky":false,"template":"","format":"standard","meta":{"footnotes":""},"categories":[2],"tags":[487,376],"class_list":["post-13313","post","type-post","status-publish","format-standard","has-post-thumbnail","hentry","category-ultimas-noticias","tag-a5","tag-audi"],"yoast_head":"<!-- This site is optimized with the Yoast SEO Premium plugin v24.8 (Yoast SEO v24.8.1) - https:\/\/yoast.com\/wordpress\/plugins\/seo\/ -->\n<title>Nuevo Audi A5: La renovaci\u00f3n total en el segmento premium<\/title>\n<meta name=\"description\" content=\"Descubre todo sobre el nuevo Audi A5, su innovador dise\u00f1o, tecnolog\u00eda avanzada y motores de combusti\u00f3n.\" \/>\n<meta name=\"robots\" content=\"index, follow, max-snippet:-1, max-image-preview:large, max-video-preview:-1\" \/>\n<link rel=\"canonical\" href=\"https:\/\/www.ocasionplus.com\/noticias\/nuevo-audi-a5-innovacion-y-elegancia-en-el-segmento-premium\/\" \/>\n<meta property=\"og:locale\" content=\"es_ES\" \/>\n<meta property=\"og:type\" content=\"article\" \/>\n<meta property=\"og:title\" content=\"Nuevo Audi A5: innovaci\u00f3n y elegancia en el segmento premium\" \/>\n<meta property=\"og:description\" content=\"Descubre todo sobre el nuevo Audi A5, su innovador dise\u00f1o, tecnolog\u00eda avanzada y motores de combusti\u00f3n.\" \/>\n<meta property=\"og:url\" content=\"https:\/\/www.ocasionplus.com\/noticias\/nuevo-audi-a5-innovacion-y-elegancia-en-el-segmento-premium\/\" \/>\n<meta property=\"og:site_name\" content=\"OcasionPlus Blog\" \/>\n<meta property=\"article:publisher\" content=\"https:\/\/www.facebook.com\/ocasionplus\" \/>\n<meta property=\"article:published_time\" content=\"2024-07-16T13:42:33+00:00\" \/>\n<meta property=\"article:modified_time\" content=\"2025-03-27T09:47:47+00:00\" \/>\n<meta property=\"og:image\" content=\"https:\/\/www.ocasionplus.com\/wp-content\/uploads\/2024\/07\/nuevo_audi_A5.jpg\" \/>\n\t<meta property=\"og:image:width\" content=\"960\" \/>\n\t<meta property=\"og:image:height\" content=\"720\" \/>\n\t<meta property=\"og:image:type\" content=\"image\/jpeg\" \/>\n<meta name=\"author\" content=\"Maite Mesones Rojas\" \/>\n<meta name=\"twitter:card\" content=\"summary_large_image\" \/>\n<meta name=\"twitter:creator\" content=\"@ocasionplus\" \/>\n<meta name=\"twitter:site\" content=\"@ocasionplus\" \/>\n<meta name=\"twitter:label1\" content=\"Escrito por\" \/>\n\t<meta name=\"twitter:data1\" content=\"Maite Mesones Rojas\" \/>\n\t<meta name=\"twitter:label2\" content=\"Tiempo de lectura\" \/>\n\t<meta name=\"twitter:data2\" content=\"4 minutos\" \/>\n<script type=\"application\/ld+json\" class=\"yoast-schema-graph\">{\"@context\":\"https:\/\/schema.org\",\"@graph\":[{\"@type\":\"Article\",\"@id\":\"https:\/\/www.ocasionplus.com\/noticias\/nuevo-audi-a5-innovacion-y-elegancia-en-el-segmento-premium\/#article\",\"isPartOf\":{\"@id\":\"https:\/\/www.ocasionplus.com\/noticias\/nuevo-audi-a5-innovacion-y-elegancia-en-el-segmento-premium\/\"},\"author\":{\"name\":\"Maite Mesones Rojas\",\"@id\":\"https:\/\/www.ocasionplus.com\/noticias\/#\/schema\/person\/f7cd35dbbed23ca6c4ab2c5f7a2faf69\"},\"headline\":\"Nuevo Audi A5: innovaci\u00f3n y elegancia en el segmento premium\",\"datePublished\":\"2024-07-16T13:42:33+00:00\",\"dateModified\":\"2025-03-27T09:47:47+00:00\",\"mainEntityOfPage\":{\"@id\":\"https:\/\/www.ocasionplus.com\/noticias\/nuevo-audi-a5-innovacion-y-elegancia-en-el-segmento-premium\/\"},\"wordCount\":759,\"publisher\":{\"@id\":\"https:\/\/www.ocasionplus.com\/noticias\/#organization\"},\"image\":{\"@id\":\"https:\/\/www.ocasionplus.com\/noticias\/nuevo-audi-a5-innovacion-y-elegancia-en-el-segmento-premium\/#primaryimage\"},\"thumbnailUrl\":\"https:\/\/www.ocasionplus.com\/wp-content\/uploads\/2024\/07\/nuevo_audi_A5.jpg\",\"keywords\":[\"a5\",\"audi\"],\"articleSection\":[\"\u00daltimas Noticias\"],\"inLanguage\":\"es\",\"copyrightYear\":\"2024\",\"copyrightHolder\":{\"@id\":\"https:\/\/www.ocasionplus.com\/noticias\/#organization\"}},{\"@type\":\"WebPage\",\"@id\":\"https:\/\/www.ocasionplus.com\/noticias\/nuevo-audi-a5-innovacion-y-elegancia-en-el-segmento-premium\/\",\"url\":\"https:\/\/www.ocasionplus.com\/noticias\/nuevo-audi-a5-innovacion-y-elegancia-en-el-segmento-premium\/\",\"name\":\"Nuevo Audi A5: La renovaci\u00f3n total en el segmento premium\",\"isPartOf\":{\"@id\":\"https:\/\/www.ocasionplus.com\/noticias\/#website\"},\"primaryImageOfPage\":{\"@id\":\"https:\/\/www.ocasionplus.com\/noticias\/nuevo-audi-a5-innovacion-y-elegancia-en-el-segmento-premium\/#primaryimage\"},\"image\":{\"@id\":\"https:\/\/www.ocasionplus.com\/noticias\/nuevo-audi-a5-innovacion-y-elegancia-en-el-segmento-premium\/#primaryimage\"},\"thumbnailUrl\":\"https:\/\/www.ocasionplus.com\/wp-content\/uploads\/2024\/07\/nuevo_audi_A5.jpg\",\"datePublished\":\"2024-07-16T13:42:33+00:00\",\"dateModified\":\"2025-03-27T09:47:47+00:00\",\"description\":\"Descubre todo sobre el nuevo Audi A5, su innovador dise\u00f1o, tecnolog\u00eda avanzada y motores de combusti\u00f3n.\",\"breadcrumb\":{\"@id\":\"https:\/\/www.ocasionplus.com\/noticias\/nuevo-audi-a5-innovacion-y-elegancia-en-el-segmento-premium\/#breadcrumb\"},\"inLanguage\":\"es\",\"potentialAction\":[{\"@type\":\"ReadAction\",\"target\":[\"https:\/\/www.ocasionplus.com\/noticias\/nuevo-audi-a5-innovacion-y-elegancia-en-el-segmento-premium\/\"]}]},{\"@type\":\"ImageObject\",\"inLanguage\":\"es\",\"@id\":\"https:\/\/www.ocasionplus.com\/noticias\/nuevo-audi-a5-innovacion-y-elegancia-en-el-segmento-premium\/#primaryimage\",\"url\":\"https:\/\/www.ocasionplus.com\/wp-content\/uploads\/2024\/07\/nuevo_audi_A5.jpg\",\"contentUrl\":\"https:\/\/www.ocasionplus.com\/wp-content\/uploads\/2024\/07\/nuevo_audi_A5.jpg\",\"width\":960,\"height\":720,\"caption\":\"Nuevo Audi A5 2024\"},{\"@type\":\"BreadcrumbList\",\"@id\":\"https:\/\/www.ocasionplus.com\/noticias\/nuevo-audi-a5-innovacion-y-elegancia-en-el-segmento-premium\/#breadcrumb\",\"itemListElement\":[{\"@type\":\"ListItem\",\"position\":1,\"name\":\"Portada\",\"item\":\"https:\/\/www.ocasionplus.com\/noticias\/\"},{\"@type\":\"ListItem\",\"position\":2,\"name\":\"Nuevo Audi A5: innovaci\u00f3n y elegancia en el segmento premium\"}]},{\"@type\":\"WebSite\",\"@id\":\"https:\/\/www.ocasionplus.com\/noticias\/#website\",\"url\":\"https:\/\/www.ocasionplus.com\/noticias\/\",\"name\":\"OcasionPlus Blog\",\"description\":\"Veh\u00edculos de ocasi\u00f3n\",\"publisher\":{\"@id\":\"https:\/\/www.ocasionplus.com\/noticias\/#organization\"},\"potentialAction\":[{\"@type\":\"SearchAction\",\"target\":{\"@type\":\"EntryPoint\",\"urlTemplate\":\"https:\/\/www.ocasionplus.com\/noticias\/?s={search_term_string}\"},\"query-input\":{\"@type\":\"PropertyValueSpecification\",\"valueRequired\":true,\"valueName\":\"search_term_string\"}}],\"inLanguage\":\"es\"},{\"@type\":\"Organization\",\"@id\":\"https:\/\/www.ocasionplus.com\/noticias\/#organization\",\"name\":\"OcasionPlus\",\"url\":\"https:\/\/www.ocasionplus.com\/noticias\/\",\"logo\":{\"@type\":\"ImageObject\",\"inLanguage\":\"es\",\"@id\":\"https:\/\/www.ocasionplus.com\/noticias\/#\/schema\/logo\/image\/\",\"url\":\"https:\/\/www.ocasionplus.com\/wp-content\/uploads\/2024\/05\/cropped-cropped-oplus-logo-blog.png\",\"contentUrl\":\"https:\/\/www.ocasionplus.com\/wp-content\/uploads\/2024\/05\/cropped-cropped-oplus-logo-blog.png\",\"width\":360,\"height\":71,\"caption\":\"OcasionPlus\"},\"image\":{\"@id\":\"https:\/\/www.ocasionplus.com\/noticias\/#\/schema\/logo\/image\/\"},\"sameAs\":[\"https:\/\/www.facebook.com\/ocasionplus\",\"https:\/\/x.com\/ocasionplus\",\"https:\/\/www.instagram.com\/ocasion_plus\",\"https:\/\/www.youtube.com\/channel\/UCBiCAto61Lyu27CgI95wrYQ\",\"https:\/\/www.tiktok.com\/@ocasionplus.com\",\"https:\/\/es.linkedin.com\/company\/ocasionplus\"]},{\"@type\":\"Person\",\"@id\":\"https:\/\/www.ocasionplus.com\/noticias\/#\/schema\/person\/f7cd35dbbed23ca6c4ab2c5f7a2faf69\",\"name\":\"Maite Mesones Rojas\",\"image\":{\"@type\":\"ImageObject\",\"inLanguage\":\"es\",\"@id\":\"https:\/\/www.ocasionplus.com\/noticias\/#\/schema\/person\/image\/\",\"url\":\"https:\/\/ocasionplus-dev.grupoocasionplus.com\/wp-content\/uploads\/2024\/06\/maite-mesones-rojas_avatar_1-96x96.jpg\",\"contentUrl\":\"https:\/\/ocasionplus-dev.grupoocasionplus.com\/wp-content\/uploads\/2024\/06\/maite-mesones-rojas_avatar_1-96x96.jpg\",\"caption\":\"Maite Mesones Rojas\"},\"description\":\"Soy Maite Mesones, una apasionada de la comunicaci\u00f3n y las redes sociales. En este blog, compartir\u00e9 mis conocimientos, ofreciendo consejos pr\u00e1cticos y an\u00e1lisis profundos para ayudaros a tomar decisiones a la hora de adquirir o vender un veh\u00edculo de segunda mano. \u00a1Acomp\u00e1\u00f1ame en esta emocionante traves\u00eda y descubre el apasionante mundo de los coches desde una perspectiva \u00fanica y global!\",\"gender\":\"mujer\",\"worksFor\":\"OcasionPlus\"}]}<\/script>\n<!-- \/ Yoast SEO Premium plugin. -->","yoast_head_json":{"title":"Nuevo Audi A5: La renovaci\u00f3n total en el segmento premium","description":"Descubre todo sobre el nuevo Audi A5, su innovador dise\u00f1o, tecnolog\u00eda avanzada y motores de combusti\u00f3n.","robots":{"index":"index","follow":"follow","max-snippet":"max-snippet:-1","max-image-preview":"max-image-preview:large","max-video-preview":"max-video-preview:-1"},"canonical":"https:\/\/www.ocasionplus.com\/noticias\/nuevo-audi-a5-innovacion-y-elegancia-en-el-segmento-premium\/","og_locale":"es_ES","og_type":"article","og_title":"Nuevo Audi A5: innovaci\u00f3n y elegancia en el segmento premium","og_description":"Descubre todo sobre el nuevo Audi A5, su innovador dise\u00f1o, tecnolog\u00eda avanzada y motores de combusti\u00f3n.","og_url":"https:\/\/www.ocasionplus.com\/noticias\/nuevo-audi-a5-innovacion-y-elegancia-en-el-segmento-premium\/","og_site_name":"OcasionPlus Blog","article_publisher":"https:\/\/www.facebook.com\/ocasionplus","article_published_time":"2024-07-16T13:42:33+00:00","article_modified_time":"2025-03-27T09:47:47+00:00","og_image":[{"width":960,"height":720,"url":"https:\/\/www.ocasionplus.com\/wp-content\/uploads\/2024\/07\/nuevo_audi_A5.jpg","type":"image\/jpeg"}],"author":"Maite Mesones Rojas","twitter_card":"summary_large_image","twitter_creator":"@ocasionplus","twitter_site":"@ocasionplus","twitter_misc":{"Escrito por":"Maite Mesones Rojas","Tiempo de lectura":"4 minutos"},"schema":{"@context":"https:\/\/schema.org","@graph":[{"@type":"Article","@id":"https:\/\/www.ocasionplus.com\/noticias\/nuevo-audi-a5-innovacion-y-elegancia-en-el-segmento-premium\/#article","isPartOf":{"@id":"https:\/\/www.ocasionplus.com\/noticias\/nuevo-audi-a5-innovacion-y-elegancia-en-el-segmento-premium\/"},"author":{"name":"Maite Mesones Rojas","@id":"https:\/\/www.ocasionplus.com\/noticias\/#\/schema\/person\/f7cd35dbbed23ca6c4ab2c5f7a2faf69"},"headline":"Nuevo Audi A5: innovaci\u00f3n y elegancia en el segmento premium","datePublished":"2024-07-16T13:42:33+00:00","dateModified":"2025-03-27T09:47:47+00:00","mainEntityOfPage":{"@id":"https:\/\/www.ocasionplus.com\/noticias\/nuevo-audi-a5-innovacion-y-elegancia-en-el-segmento-premium\/"},"wordCount":759,"publisher":{"@id":"https:\/\/www.ocasionplus.com\/noticias\/#organization"},"image":{"@id":"https:\/\/www.ocasionplus.com\/noticias\/nuevo-audi-a5-innovacion-y-elegancia-en-el-segmento-premium\/#primaryimage"},"thumbnailUrl":"https:\/\/www.ocasionplus.com\/wp-content\/uploads\/2024\/07\/nuevo_audi_A5.jpg","keywords":["a5","audi"],"articleSection":["\u00daltimas Noticias"],"inLanguage":"es","copyrightYear":"2024","copyrightHolder":{"@id":"https:\/\/www.ocasionplus.com\/noticias\/#organization"}},{"@type":"WebPage","@id":"https:\/\/www.ocasionplus.com\/noticias\/nuevo-audi-a5-innovacion-y-elegancia-en-el-segmento-premium\/","url":"https:\/\/www.ocasionplus.com\/noticias\/nuevo-audi-a5-innovacion-y-elegancia-en-el-segmento-premium\/","name":"Nuevo Audi A5: La renovaci\u00f3n total en el segmento premium","isPartOf":{"@id":"https:\/\/www.ocasionplus.com\/noticias\/#website"},"primaryImageOfPage":{"@id":"https:\/\/www.ocasionplus.com\/noticias\/nuevo-audi-a5-innovacion-y-elegancia-en-el-segmento-premium\/#primaryimage"},"image":{"@id":"https:\/\/www.ocasionplus.com\/noticias\/nuevo-audi-a5-innovacion-y-elegancia-en-el-segmento-premium\/#primaryimage"},"thumbnailUrl":"https:\/\/www.ocasionplus.com\/wp-content\/uploads\/2024\/07\/nuevo_audi_A5.jpg","datePublished":"2024-07-16T13:42:33+00:00","dateModified":"2025-03-27T09:47:47+00:00","description":"Descubre todo sobre el nuevo Audi A5, su innovador dise\u00f1o, tecnolog\u00eda avanzada y motores de combusti\u00f3n.","breadcrumb":{"@id":"https:\/\/www.ocasionplus.com\/noticias\/nuevo-audi-a5-innovacion-y-elegancia-en-el-segmento-premium\/#breadcrumb"},"inLanguage":"es","potentialAction":[{"@type":"ReadAction","target":["https:\/\/www.ocasionplus.com\/noticias\/nuevo-audi-a5-innovacion-y-elegancia-en-el-segmento-premium\/"]}]},{"@type":"ImageObject","inLanguage":"es","@id":"https:\/\/www.ocasionplus.com\/noticias\/nuevo-audi-a5-innovacion-y-elegancia-en-el-segmento-premium\/#primaryimage","url":"https:\/\/www.ocasionplus.com\/wp-content\/uploads\/2024\/07\/nuevo_audi_A5.jpg","contentUrl":"https:\/\/www.ocasionplus.com\/wp-content\/uploads\/2024\/07\/nuevo_audi_A5.jpg","width":960,"height":720,"caption":"Nuevo Audi A5 2024"},{"@type":"BreadcrumbList","@id":"https:\/\/www.ocasionplus.com\/noticias\/nuevo-audi-a5-innovacion-y-elegancia-en-el-segmento-premium\/#breadcrumb","itemListElement":[{"@type":"ListItem","position":1,"name":"Portada","item":"https:\/\/www.ocasionplus.com\/noticias\/"},{"@type":"ListItem","position":2,"name":"Nuevo Audi A5: innovaci\u00f3n y elegancia en el segmento premium"}]},{"@type":"WebSite","@id":"https:\/\/www.ocasionplus.com\/noticias\/#website","url":"https:\/\/www.ocasionplus.com\/noticias\/","name":"OcasionPlus Blog","description":"Veh\u00edculos de ocasi\u00f3n","publisher":{"@id":"https:\/\/www.ocasionplus.com\/noticias\/#organization"},"potentialAction":[{"@type":"SearchAction","target":{"@type":"EntryPoint","urlTemplate":"https:\/\/www.ocasionplus.com\/noticias\/?s={search_term_string}"},"query-input":{"@type":"PropertyValueSpecification","valueRequired":true,"valueName":"search_term_string"}}],"inLanguage":"es"},{"@type":"Organization","@id":"https:\/\/www.ocasionplus.com\/noticias\/#organization","name":"OcasionPlus","url":"https:\/\/www.ocasionplus.com\/noticias\/","logo":{"@type":"ImageObject","inLanguage":"es","@id":"https:\/\/www.ocasionplus.com\/noticias\/#\/schema\/logo\/image\/","url":"https:\/\/www.ocasionplus.com\/wp-content\/uploads\/2024\/05\/cropped-cropped-oplus-logo-blog.png","contentUrl":"https:\/\/www.ocasionplus.com\/wp-content\/uploads\/2024\/05\/cropped-cropped-oplus-logo-blog.png","width":360,"height":71,"caption":"OcasionPlus"},"image":{"@id":"https:\/\/www.ocasionplus.com\/noticias\/#\/schema\/logo\/image\/"},"sameAs":["https:\/\/www.facebook.com\/ocasionplus","https:\/\/x.com\/ocasionplus","https:\/\/www.instagram.com\/ocasion_plus","https:\/\/www.youtube.com\/channel\/UCBiCAto61Lyu27CgI95wrYQ","https:\/\/www.tiktok.com\/@ocasionplus.com","https:\/\/es.linkedin.com\/company\/ocasionplus"]},{"@type":"Person","@id":"https:\/\/www.ocasionplus.com\/noticias\/#\/schema\/person\/f7cd35dbbed23ca6c4ab2c5f7a2faf69","name":"Maite Mesones Rojas","image":{"@type":"ImageObject","inLanguage":"es","@id":"https:\/\/www.ocasionplus.com\/noticias\/#\/schema\/person\/image\/","url":"https:\/\/ocasionplus-dev.grupoocasionplus.com\/wp-content\/uploads\/2024\/06\/maite-mesones-rojas_avatar_1-96x96.jpg","contentUrl":"https:\/\/ocasionplus-dev.grupoocasionplus.com\/wp-content\/uploads\/2024\/06\/maite-mesones-rojas_avatar_1-96x96.jpg","caption":"Maite Mesones Rojas"},"description":"Soy Maite Mesones, una apasionada de la comunicaci\u00f3n y las redes sociales. En este blog, compartir\u00e9 mis conocimientos, ofreciendo consejos pr\u00e1cticos y an\u00e1lisis profundos para ayudaros a tomar decisiones a la hora de adquirir o vender un veh\u00edculo de segunda mano. \u00a1Acomp\u00e1\u00f1ame en esta emocionante traves\u00eda y descubre el apasionante mundo de los coches desde una perspectiva \u00fanica y global!","gender":"mujer","worksFor":"OcasionPlus"}]}},"jetpack_featured_media_url":"https:\/\/www.ocasionplus.com\/wp-content\/uploads\/2024\/07\/nuevo_audi_A5.jpg","_links":{"self":[{"href":"https:\/\/www.ocasionplus.com\/noticias\/wp-json\/wp\/v2\/posts\/13313","targetHints":{"allow":["GET"]}}],"collection":[{"href":"https:\/\/www.ocasionplus.com\/noticias\/wp-json\/wp\/v2\/posts"}],"about":[{"href":"https:\/\/www.ocasionplus.com\/noticias\/wp-json\/wp\/v2\/types\/post"}],"author":[{"embeddable":true,"href":"https:\/\/www.ocasionplus.com\/noticias\/wp-json\/wp\/v2\/users\/6"}],"replies":[{"embeddable":true,"href":"https:\/\/www.ocasionplus.com\/noticias\/wp-json\/wp\/v2\/comments?post=13313"}],"version-history":[{"count":2,"href":"https:\/\/www.ocasionplus.com\/noticias\/wp-json\/wp\/v2\/posts\/13313\/revisions"}],"predecessor-version":[{"id":13319,"href":"https:\/\/www.ocasionplus.com\/noticias\/wp-json\/wp\/v2\/posts\/13313\/revisions\/13319"}],"wp:featuredmedia":[{"embeddable":true,"href":"https:\/\/www.ocasionplus.com\/noticias\/wp-json\/wp\/v2\/media\/13315"}],"wp:attachment":[{"href":"https:\/\/www.ocasionplus.com\/noticias\/wp-json\/wp\/v2\/media?parent=13313"}],"wp:term":[{"taxonomy":"category","embeddable":true,"href":"https:\/\/www.ocasionplus.com\/noticias\/wp-json\/wp\/v2\/categories?post=13313"},{"taxonomy":"post_tag","embeddable":true,"href":"https:\/\/www.ocasionplus.com\/noticias\/wp-json\/wp\/v2\/tags?post=13313"}],"curies":[{"name":"wp","href":"https:\/\/api.w.org\/{rel}","templated":true}]}}