{"id":13351,"date":"2024-07-17T18:00:43","date_gmt":"2024-07-17T16:00:43","guid":{"rendered":"https:\/\/www.ocasionplus.com\/noticias\/?p=13351"},"modified":"2025-03-27T10:47:46","modified_gmt":"2025-03-27T09:47:46","slug":"la-venta-de-volkswagen-industrial-aumenta-un-54-en-el-primer-semestre-de-2024","status":"publish","type":"post","link":"https:\/\/www.ocasionplus.com\/noticias\/la-venta-de-volkswagen-industrial-aumenta-un-54-en-el-primer-semestre-de-2024\/","title":{"rendered":"La venta de Volkswagen industrial aumenta un 54% en el primer semestre de 2024"},"content":{"rendered":"<p>La red de veh\u00edculos de Volkswagen industrial en Espa\u00f1a cierra el primer semestre de 2024 con un aumento en sus ventas del 54% con respecto al mismo periodo del 2023, con m\u00e1s de 10.076 unidades vendidas.<\/p>\n<p>\u201cEste a\u00f1o ha ido bien, tanto a nivel marca como a nivel red. Batiendo el r\u00e9cord de \u2018market share\u2019 este primer semestre\u201d, ha afirmado Alberto Teichman, director de Volkswagen Veh\u00edculos Comerciales.<\/p>\n<p>La marca alemana recuerda que en Espa\u00f1a se matricularon entre enero y julio <strong>m\u00e1s de 85.242 veh\u00edculos industriales ligeros<\/strong>, un 18,4% m\u00e1s, seg\u00fan los datos ofrecidos por la Asociaci\u00f3n Nacional de Fabricantes de Autom\u00f3viles y Camiones (Anfac).<\/p>\n<p>Adem\u00e1s, la marca se\u00f1al\u00f3 que junio fue uno de los mejores meses de la historia de Volkswagen Veh\u00edculos comerciales en Espa\u00f1a, entregando m\u00e1s de 2.430 unidades, el\u00a0 director general de la secci\u00f3n mencion\u00f3 que: \u201cNos ha venido bien con nuestra estrategia de especializaci\u00f3n, de tratar de vender m\u00e1s coches profesionales y a empresas, y hemos podido aprovechar ese crecimiento de mercado, de hecho el peso de las empresas en el mercado este primer semestre se sit\u00faa en torno al 70%\u201d.<\/p>\n<h2>Los modelos m\u00e1s vendidos de Volkswagen industriales<\/h2>\n<p>Seg\u00fan el segmento de veh\u00edculos comerciales de la marca alemana, hay algunos modelos m\u00e1s populares que otros, el modelo clave es el Volkswagen Caddy con un volumen de matriculaciones alto, con ventas que superan las 3.600 unidades y <strong>un crecimiento interanual del 46%.<\/strong><\/p>\n<p>Seguido del Transporter, Caravelle, Multivan y California, que han evolucionado de forma positiva, con un incremento interanual del 65% en los primeros seis meses, con m\u00e1s de 4.432 unidades vendidas, que lo posiciona como l\u00edder del segmento. Adem\u00e1s, destaca el Volkswagen Crafter, con un crecimiento de ventas del 38% comparado con el 2023, con hasta 1.373 unidades matriculadas.<\/p>\n<p>Asimismo, se aumenta la entrega del Volkswagen Grand California, con 67 unidades (m\u00e1s de un 300% comparado con 2023), mientras que las ventas el Volkswagen ID.Buzz caen un 9% con 355 unidades entregadas.<\/p>\n<p><strong>Para el 2024, se prev\u00e9 un mercado de unas 165.000 unidades<\/strong>, lo que supone un incremento del 12,8% con respecto al 2023. En cuanto a rentabilidad media de los concesionarios Volkswagen comerciales, ha se\u00f1alado que espera que sea superior que la conseguida en 2023, con un aumento del 3,3%.<\/p>\n<p>Si est\u00e1s interesado en comprar un <a href=\"https:\/\/www.ocasionplus.com\/coches-ocasion\/industrial\">veh\u00edculo industrial de segunda mano<\/a>, en OcasionPlus encuentras una amplia oferta de coches de segunda mano con la mejor calidad y el mejor del mercado. En donde encontrar\u00e1s modelos como el <a href=\"https:\/\/www.ocasionplus.com\/coches-ocasion\/volkswagen\/crafter\">Volkswagen Crafter de segunda mano<\/a> o el <a href=\"https:\/\/www.ocasionplus.com\/coches-ocasion\/volkswagen\/caddy\">Volkswagen Caddy de ocasi\u00f3n<\/a>.<\/p>\n","protected":false},"excerpt":{"rendered":"<p>La red de veh\u00edculos de Volkswagen industrial en Espa\u00f1a cierra el primer semestre de 2024 con un aumento en sus ventas del 54% con respecto al mismo periodo del 2023, con m\u00e1s de 10.076 unidades vendidas. \u201cEste a\u00f1o ha ido bien, tanto a nivel marca como a nivel red. Batiendo el r\u00e9cord de \u2018market share\u2019&#8230;<\/p>\n","protected":false},"author":3,"featured_media":13352,"comment_status":"closed","ping_status":"open","sticky":false,"template":"","format":"standard","meta":{"footnotes":""},"categories":[2],"tags":[382,460],"class_list":["post-13351","post","type-post","status-publish","format-standard","has-post-thumbnail","hentry","category-ultimas-noticias","tag-industrial","tag-volkswagen"],"yoast_head":"<!-- This site is optimized with the Yoast SEO Premium plugin v24.8 (Yoast SEO v24.8.1) - https:\/\/yoast.com\/wordpress\/plugins\/seo\/ -->\n<title>Volkswagen industrial aumenta sus ventas en el primer semestre<\/title>\n<meta name=\"description\" content=\"La venta de la gama de Volkswagen industrial aumenta sus ventas en 2024, un 54% comparado con 2023. El modelo m\u00e1s famoso, el Caddy.\" \/>\n<meta name=\"robots\" content=\"index, follow, max-snippet:-1, max-image-preview:large, max-video-preview:-1\" \/>\n<link rel=\"canonical\" href=\"https:\/\/www.ocasionplus.com\/noticias\/la-venta-de-volkswagen-industrial-aumenta-un-54-en-el-primer-semestre-de-2024\/\" \/>\n<meta property=\"og:locale\" content=\"es_ES\" \/>\n<meta property=\"og:type\" content=\"article\" \/>\n<meta property=\"og:title\" content=\"La venta de Volkswagen industrial aumenta un 54% en el primer semestre de 2024\" \/>\n<meta property=\"og:description\" content=\"La venta de la gama de Volkswagen industrial aumenta sus ventas en 2024, un 54% comparado con 2023. El modelo m\u00e1s famoso, el Caddy.\" \/>\n<meta property=\"og:url\" content=\"https:\/\/www.ocasionplus.com\/noticias\/la-venta-de-volkswagen-industrial-aumenta-un-54-en-el-primer-semestre-de-2024\/\" \/>\n<meta property=\"og:site_name\" content=\"OcasionPlus Blog\" \/>\n<meta property=\"article:publisher\" content=\"https:\/\/www.facebook.com\/ocasionplus\" \/>\n<meta property=\"article:published_time\" content=\"2024-07-17T16:00:43+00:00\" \/>\n<meta property=\"article:modified_time\" content=\"2025-03-27T09:47:46+00:00\" \/>\n<meta property=\"og:image\" content=\"https:\/\/www.ocasionplus.com\/wp-content\/uploads\/2024\/07\/Volkswagen-industrial-1.jpg\" \/>\n\t<meta property=\"og:image:width\" content=\"1280\" \/>\n\t<meta property=\"og:image:height\" content=\"720\" \/>\n\t<meta property=\"og:image:type\" content=\"image\/jpeg\" \/>\n<meta name=\"author\" content=\"Cristhian Gonz\u00e1lez\" \/>\n<meta name=\"twitter:card\" content=\"summary_large_image\" \/>\n<meta name=\"twitter:creator\" content=\"@ocasionplus\" \/>\n<meta name=\"twitter:site\" content=\"@ocasionplus\" \/>\n<meta name=\"twitter:label1\" content=\"Escrito por\" \/>\n\t<meta name=\"twitter:data1\" content=\"Cristhian Gonz\u00e1lez\" \/>\n\t<meta name=\"twitter:label2\" content=\"Tiempo de lectura\" \/>\n\t<meta name=\"twitter:data2\" content=\"3 minutos\" \/>\n<script type=\"application\/ld+json\" class=\"yoast-schema-graph\">{\"@context\":\"https:\/\/schema.org\",\"@graph\":[{\"@type\":\"Article\",\"@id\":\"https:\/\/www.ocasionplus.com\/noticias\/la-venta-de-volkswagen-industrial-aumenta-un-54-en-el-primer-semestre-de-2024\/#article\",\"isPartOf\":{\"@id\":\"https:\/\/www.ocasionplus.com\/noticias\/la-venta-de-volkswagen-industrial-aumenta-un-54-en-el-primer-semestre-de-2024\/\"},\"author\":{\"name\":\"Cristhian Gonz\u00e1lez\",\"@id\":\"https:\/\/www.ocasionplus.com\/noticias\/#\/schema\/person\/db1203be564cc3ded97ad1dbd8aadc5b\"},\"headline\":\"La venta de Volkswagen industrial aumenta un 54% en el primer semestre de 2024\",\"datePublished\":\"2024-07-17T16:00:43+00:00\",\"dateModified\":\"2025-03-27T09:47:46+00:00\",\"mainEntityOfPage\":{\"@id\":\"https:\/\/www.ocasionplus.com\/noticias\/la-venta-de-volkswagen-industrial-aumenta-un-54-en-el-primer-semestre-de-2024\/\"},\"wordCount\":444,\"publisher\":{\"@id\":\"https:\/\/www.ocasionplus.com\/noticias\/#organization\"},\"image\":{\"@id\":\"https:\/\/www.ocasionplus.com\/noticias\/la-venta-de-volkswagen-industrial-aumenta-un-54-en-el-primer-semestre-de-2024\/#primaryimage\"},\"thumbnailUrl\":\"https:\/\/www.ocasionplus.com\/wp-content\/uploads\/2024\/07\/Volkswagen-industrial-1.jpg\",\"keywords\":[\"industrial\",\"volkswagen\"],\"articleSection\":[\"\u00daltimas Noticias\"],\"inLanguage\":\"es\",\"copyrightYear\":\"2024\",\"copyrightHolder\":{\"@id\":\"https:\/\/www.ocasionplus.com\/noticias\/#organization\"}},{\"@type\":\"WebPage\",\"@id\":\"https:\/\/www.ocasionplus.com\/noticias\/la-venta-de-volkswagen-industrial-aumenta-un-54-en-el-primer-semestre-de-2024\/\",\"url\":\"https:\/\/www.ocasionplus.com\/noticias\/la-venta-de-volkswagen-industrial-aumenta-un-54-en-el-primer-semestre-de-2024\/\",\"name\":\"Volkswagen industrial aumenta sus ventas en el primer semestre\",\"isPartOf\":{\"@id\":\"https:\/\/www.ocasionplus.com\/noticias\/#website\"},\"primaryImageOfPage\":{\"@id\":\"https:\/\/www.ocasionplus.com\/noticias\/la-venta-de-volkswagen-industrial-aumenta-un-54-en-el-primer-semestre-de-2024\/#primaryimage\"},\"image\":{\"@id\":\"https:\/\/www.ocasionplus.com\/noticias\/la-venta-de-volkswagen-industrial-aumenta-un-54-en-el-primer-semestre-de-2024\/#primaryimage\"},\"thumbnailUrl\":\"https:\/\/www.ocasionplus.com\/wp-content\/uploads\/2024\/07\/Volkswagen-industrial-1.jpg\",\"datePublished\":\"2024-07-17T16:00:43+00:00\",\"dateModified\":\"2025-03-27T09:47:46+00:00\",\"description\":\"La venta de la gama de Volkswagen industrial aumenta sus ventas en 2024, un 54% comparado con 2023. El modelo m\u00e1s famoso, el Caddy.\",\"breadcrumb\":{\"@id\":\"https:\/\/www.ocasionplus.com\/noticias\/la-venta-de-volkswagen-industrial-aumenta-un-54-en-el-primer-semestre-de-2024\/#breadcrumb\"},\"inLanguage\":\"es\",\"potentialAction\":[{\"@type\":\"ReadAction\",\"target\":[\"https:\/\/www.ocasionplus.com\/noticias\/la-venta-de-volkswagen-industrial-aumenta-un-54-en-el-primer-semestre-de-2024\/\"]}]},{\"@type\":\"ImageObject\",\"inLanguage\":\"es\",\"@id\":\"https:\/\/www.ocasionplus.com\/noticias\/la-venta-de-volkswagen-industrial-aumenta-un-54-en-el-primer-semestre-de-2024\/#primaryimage\",\"url\":\"https:\/\/www.ocasionplus.com\/wp-content\/uploads\/2024\/07\/Volkswagen-industrial-1.jpg\",\"contentUrl\":\"https:\/\/www.ocasionplus.com\/wp-content\/uploads\/2024\/07\/Volkswagen-industrial-1.jpg\",\"width\":1280,\"height\":720,\"caption\":\"El modelo m\u00e1s vendido de la gama de Volkswagen industrial en el Volkswagen Caddy\"},{\"@type\":\"BreadcrumbList\",\"@id\":\"https:\/\/www.ocasionplus.com\/noticias\/la-venta-de-volkswagen-industrial-aumenta-un-54-en-el-primer-semestre-de-2024\/#breadcrumb\",\"itemListElement\":[{\"@type\":\"ListItem\",\"position\":1,\"name\":\"Portada\",\"item\":\"https:\/\/www.ocasionplus.com\/noticias\/\"},{\"@type\":\"ListItem\",\"position\":2,\"name\":\"La venta de Volkswagen industrial aumenta un 54% en el primer semestre de 2024\"}]},{\"@type\":\"WebSite\",\"@id\":\"https:\/\/www.ocasionplus.com\/noticias\/#website\",\"url\":\"https:\/\/www.ocasionplus.com\/noticias\/\",\"name\":\"OcasionPlus Blog\",\"description\":\"Veh\u00edculos de ocasi\u00f3n\",\"publisher\":{\"@id\":\"https:\/\/www.ocasionplus.com\/noticias\/#organization\"},\"potentialAction\":[{\"@type\":\"SearchAction\",\"target\":{\"@type\":\"EntryPoint\",\"urlTemplate\":\"https:\/\/www.ocasionplus.com\/noticias\/?s={search_term_string}\"},\"query-input\":{\"@type\":\"PropertyValueSpecification\",\"valueRequired\":true,\"valueName\":\"search_term_string\"}}],\"inLanguage\":\"es\"},{\"@type\":\"Organization\",\"@id\":\"https:\/\/www.ocasionplus.com\/noticias\/#organization\",\"name\":\"OcasionPlus\",\"url\":\"https:\/\/www.ocasionplus.com\/noticias\/\",\"logo\":{\"@type\":\"ImageObject\",\"inLanguage\":\"es\",\"@id\":\"https:\/\/www.ocasionplus.com\/noticias\/#\/schema\/logo\/image\/\",\"url\":\"https:\/\/www.ocasionplus.com\/wp-content\/uploads\/2024\/05\/cropped-cropped-oplus-logo-blog.png\",\"contentUrl\":\"https:\/\/www.ocasionplus.com\/wp-content\/uploads\/2024\/05\/cropped-cropped-oplus-logo-blog.png\",\"width\":360,\"height\":71,\"caption\":\"OcasionPlus\"},\"image\":{\"@id\":\"https:\/\/www.ocasionplus.com\/noticias\/#\/schema\/logo\/image\/\"},\"sameAs\":[\"https:\/\/www.facebook.com\/ocasionplus\",\"https:\/\/x.com\/ocasionplus\",\"https:\/\/www.instagram.com\/ocasion_plus\",\"https:\/\/www.youtube.com\/channel\/UCBiCAto61Lyu27CgI95wrYQ\",\"https:\/\/www.tiktok.com\/@ocasionplus.com\",\"https:\/\/es.linkedin.com\/company\/ocasionplus\"]},{\"@type\":\"Person\",\"@id\":\"https:\/\/www.ocasionplus.com\/noticias\/#\/schema\/person\/db1203be564cc3ded97ad1dbd8aadc5b\",\"name\":\"Cristhian Gonz\u00e1lez\",\"image\":{\"@type\":\"ImageObject\",\"inLanguage\":\"es\",\"@id\":\"https:\/\/www.ocasionplus.com\/noticias\/#\/schema\/person\/image\/\",\"url\":\"https:\/\/secure.gravatar.com\/avatar\/30c0388f0815fd0ab8fb4cfad29866ac?s=96&d=mm&r=g\",\"contentUrl\":\"https:\/\/secure.gravatar.com\/avatar\/30c0388f0815fd0ab8fb4cfad29866ac?s=96&d=mm&r=g\",\"caption\":\"Cristhian Gonz\u00e1lez\"},\"description\":\"Periodista formado en Colombia. Siempre vinculado al deporte y con pasi\u00f3n por los coches. He asistido y cubierto diferentes eventos deportivos para diferentes medios de comunicaci\u00f3n.\"}]}<\/script>\n<!-- \/ Yoast SEO Premium plugin. -->","yoast_head_json":{"title":"Volkswagen industrial aumenta sus ventas en el primer semestre","description":"La venta de la gama de Volkswagen industrial aumenta sus ventas en 2024, un 54% comparado con 2023. El modelo m\u00e1s famoso, el Caddy.","robots":{"index":"index","follow":"follow","max-snippet":"max-snippet:-1","max-image-preview":"max-image-preview:large","max-video-preview":"max-video-preview:-1"},"canonical":"https:\/\/www.ocasionplus.com\/noticias\/la-venta-de-volkswagen-industrial-aumenta-un-54-en-el-primer-semestre-de-2024\/","og_locale":"es_ES","og_type":"article","og_title":"La venta de Volkswagen industrial aumenta un 54% en el primer semestre de 2024","og_description":"La venta de la gama de Volkswagen industrial aumenta sus ventas en 2024, un 54% comparado con 2023. El modelo m\u00e1s famoso, el Caddy.","og_url":"https:\/\/www.ocasionplus.com\/noticias\/la-venta-de-volkswagen-industrial-aumenta-un-54-en-el-primer-semestre-de-2024\/","og_site_name":"OcasionPlus Blog","article_publisher":"https:\/\/www.facebook.com\/ocasionplus","article_published_time":"2024-07-17T16:00:43+00:00","article_modified_time":"2025-03-27T09:47:46+00:00","og_image":[{"width":1280,"height":720,"url":"https:\/\/www.ocasionplus.com\/wp-content\/uploads\/2024\/07\/Volkswagen-industrial-1.jpg","type":"image\/jpeg"}],"author":"Cristhian Gonz\u00e1lez","twitter_card":"summary_large_image","twitter_creator":"@ocasionplus","twitter_site":"@ocasionplus","twitter_misc":{"Escrito por":"Cristhian Gonz\u00e1lez","Tiempo de lectura":"3 minutos"},"schema":{"@context":"https:\/\/schema.org","@graph":[{"@type":"Article","@id":"https:\/\/www.ocasionplus.com\/noticias\/la-venta-de-volkswagen-industrial-aumenta-un-54-en-el-primer-semestre-de-2024\/#article","isPartOf":{"@id":"https:\/\/www.ocasionplus.com\/noticias\/la-venta-de-volkswagen-industrial-aumenta-un-54-en-el-primer-semestre-de-2024\/"},"author":{"name":"Cristhian Gonz\u00e1lez","@id":"https:\/\/www.ocasionplus.com\/noticias\/#\/schema\/person\/db1203be564cc3ded97ad1dbd8aadc5b"},"headline":"La venta de Volkswagen industrial aumenta un 54% en el primer semestre de 2024","datePublished":"2024-07-17T16:00:43+00:00","dateModified":"2025-03-27T09:47:46+00:00","mainEntityOfPage":{"@id":"https:\/\/www.ocasionplus.com\/noticias\/la-venta-de-volkswagen-industrial-aumenta-un-54-en-el-primer-semestre-de-2024\/"},"wordCount":444,"publisher":{"@id":"https:\/\/www.ocasionplus.com\/noticias\/#organization"},"image":{"@id":"https:\/\/www.ocasionplus.com\/noticias\/la-venta-de-volkswagen-industrial-aumenta-un-54-en-el-primer-semestre-de-2024\/#primaryimage"},"thumbnailUrl":"https:\/\/www.ocasionplus.com\/wp-content\/uploads\/2024\/07\/Volkswagen-industrial-1.jpg","keywords":["industrial","volkswagen"],"articleSection":["\u00daltimas Noticias"],"inLanguage":"es","copyrightYear":"2024","copyrightHolder":{"@id":"https:\/\/www.ocasionplus.com\/noticias\/#organization"}},{"@type":"WebPage","@id":"https:\/\/www.ocasionplus.com\/noticias\/la-venta-de-volkswagen-industrial-aumenta-un-54-en-el-primer-semestre-de-2024\/","url":"https:\/\/www.ocasionplus.com\/noticias\/la-venta-de-volkswagen-industrial-aumenta-un-54-en-el-primer-semestre-de-2024\/","name":"Volkswagen industrial aumenta sus ventas en el primer semestre","isPartOf":{"@id":"https:\/\/www.ocasionplus.com\/noticias\/#website"},"primaryImageOfPage":{"@id":"https:\/\/www.ocasionplus.com\/noticias\/la-venta-de-volkswagen-industrial-aumenta-un-54-en-el-primer-semestre-de-2024\/#primaryimage"},"image":{"@id":"https:\/\/www.ocasionplus.com\/noticias\/la-venta-de-volkswagen-industrial-aumenta-un-54-en-el-primer-semestre-de-2024\/#primaryimage"},"thumbnailUrl":"https:\/\/www.ocasionplus.com\/wp-content\/uploads\/2024\/07\/Volkswagen-industrial-1.jpg","datePublished":"2024-07-17T16:00:43+00:00","dateModified":"2025-03-27T09:47:46+00:00","description":"La venta de la gama de Volkswagen industrial aumenta sus ventas en 2024, un 54% comparado con 2023. El modelo m\u00e1s famoso, el Caddy.","breadcrumb":{"@id":"https:\/\/www.ocasionplus.com\/noticias\/la-venta-de-volkswagen-industrial-aumenta-un-54-en-el-primer-semestre-de-2024\/#breadcrumb"},"inLanguage":"es","potentialAction":[{"@type":"ReadAction","target":["https:\/\/www.ocasionplus.com\/noticias\/la-venta-de-volkswagen-industrial-aumenta-un-54-en-el-primer-semestre-de-2024\/"]}]},{"@type":"ImageObject","inLanguage":"es","@id":"https:\/\/www.ocasionplus.com\/noticias\/la-venta-de-volkswagen-industrial-aumenta-un-54-en-el-primer-semestre-de-2024\/#primaryimage","url":"https:\/\/www.ocasionplus.com\/wp-content\/uploads\/2024\/07\/Volkswagen-industrial-1.jpg","contentUrl":"https:\/\/www.ocasionplus.com\/wp-content\/uploads\/2024\/07\/Volkswagen-industrial-1.jpg","width":1280,"height":720,"caption":"El modelo m\u00e1s vendido de la gama de Volkswagen industrial en el Volkswagen Caddy"},{"@type":"BreadcrumbList","@id":"https:\/\/www.ocasionplus.com\/noticias\/la-venta-de-volkswagen-industrial-aumenta-un-54-en-el-primer-semestre-de-2024\/#breadcrumb","itemListElement":[{"@type":"ListItem","position":1,"name":"Portada","item":"https:\/\/www.ocasionplus.com\/noticias\/"},{"@type":"ListItem","position":2,"name":"La venta de Volkswagen industrial aumenta un 54% en el primer semestre de 2024"}]},{"@type":"WebSite","@id":"https:\/\/www.ocasionplus.com\/noticias\/#website","url":"https:\/\/www.ocasionplus.com\/noticias\/","name":"OcasionPlus Blog","description":"Veh\u00edculos de ocasi\u00f3n","publisher":{"@id":"https:\/\/www.ocasionplus.com\/noticias\/#organization"},"potentialAction":[{"@type":"SearchAction","target":{"@type":"EntryPoint","urlTemplate":"https:\/\/www.ocasionplus.com\/noticias\/?s={search_term_string}"},"query-input":{"@type":"PropertyValueSpecification","valueRequired":true,"valueName":"search_term_string"}}],"inLanguage":"es"},{"@type":"Organization","@id":"https:\/\/www.ocasionplus.com\/noticias\/#organization","name":"OcasionPlus","url":"https:\/\/www.ocasionplus.com\/noticias\/","logo":{"@type":"ImageObject","inLanguage":"es","@id":"https:\/\/www.ocasionplus.com\/noticias\/#\/schema\/logo\/image\/","url":"https:\/\/www.ocasionplus.com\/wp-content\/uploads\/2024\/05\/cropped-cropped-oplus-logo-blog.png","contentUrl":"https:\/\/www.ocasionplus.com\/wp-content\/uploads\/2024\/05\/cropped-cropped-oplus-logo-blog.png","width":360,"height":71,"caption":"OcasionPlus"},"image":{"@id":"https:\/\/www.ocasionplus.com\/noticias\/#\/schema\/logo\/image\/"},"sameAs":["https:\/\/www.facebook.com\/ocasionplus","https:\/\/x.com\/ocasionplus","https:\/\/www.instagram.com\/ocasion_plus","https:\/\/www.youtube.com\/channel\/UCBiCAto61Lyu27CgI95wrYQ","https:\/\/www.tiktok.com\/@ocasionplus.com","https:\/\/es.linkedin.com\/company\/ocasionplus"]},{"@type":"Person","@id":"https:\/\/www.ocasionplus.com\/noticias\/#\/schema\/person\/db1203be564cc3ded97ad1dbd8aadc5b","name":"Cristhian Gonz\u00e1lez","image":{"@type":"ImageObject","inLanguage":"es","@id":"https:\/\/www.ocasionplus.com\/noticias\/#\/schema\/person\/image\/","url":"https:\/\/secure.gravatar.com\/avatar\/30c0388f0815fd0ab8fb4cfad29866ac?s=96&d=mm&r=g","contentUrl":"https:\/\/secure.gravatar.com\/avatar\/30c0388f0815fd0ab8fb4cfad29866ac?s=96&d=mm&r=g","caption":"Cristhian Gonz\u00e1lez"},"description":"Periodista formado en Colombia. Siempre vinculado al deporte y con pasi\u00f3n por los coches. He asistido y cubierto diferentes eventos deportivos para diferentes medios de comunicaci\u00f3n."}]}},"jetpack_featured_media_url":"https:\/\/www.ocasionplus.com\/wp-content\/uploads\/2024\/07\/Volkswagen-industrial-1.jpg","_links":{"self":[{"href":"https:\/\/www.ocasionplus.com\/noticias\/wp-json\/wp\/v2\/posts\/13351","targetHints":{"allow":["GET"]}}],"collection":[{"href":"https:\/\/www.ocasionplus.com\/noticias\/wp-json\/wp\/v2\/posts"}],"about":[{"href":"https:\/\/www.ocasionplus.com\/noticias\/wp-json\/wp\/v2\/types\/post"}],"author":[{"embeddable":true,"href":"https:\/\/www.ocasionplus.com\/noticias\/wp-json\/wp\/v2\/users\/3"}],"replies":[{"embeddable":true,"href":"https:\/\/www.ocasionplus.com\/noticias\/wp-json\/wp\/v2\/comments?post=13351"}],"version-history":[{"count":1,"href":"https:\/\/www.ocasionplus.com\/noticias\/wp-json\/wp\/v2\/posts\/13351\/revisions"}],"predecessor-version":[{"id":13353,"href":"https:\/\/www.ocasionplus.com\/noticias\/wp-json\/wp\/v2\/posts\/13351\/revisions\/13353"}],"wp:featuredmedia":[{"embeddable":true,"href":"https:\/\/www.ocasionplus.com\/noticias\/wp-json\/wp\/v2\/media\/13352"}],"wp:attachment":[{"href":"https:\/\/www.ocasionplus.com\/noticias\/wp-json\/wp\/v2\/media?parent=13351"}],"wp:term":[{"taxonomy":"category","embeddable":true,"href":"https:\/\/www.ocasionplus.com\/noticias\/wp-json\/wp\/v2\/categories?post=13351"},{"taxonomy":"post_tag","embeddable":true,"href":"https:\/\/www.ocasionplus.com\/noticias\/wp-json\/wp\/v2\/tags?post=13351"}],"curies":[{"name":"wp","href":"https:\/\/api.w.org\/{rel}","templated":true}]}}