{"id":13368,"date":"2024-07-18T18:00:07","date_gmt":"2024-07-18T16:00:07","guid":{"rendered":"https:\/\/www.ocasionplus.com\/noticias\/?p=13368"},"modified":"2025-03-27T10:47:46","modified_gmt":"2025-03-27T09:47:46","slug":"cuidado-con-la-ola-de-calor-cuida-tu-coche-de-segunda-mano-para-evitar-averias","status":"publish","type":"post","link":"https:\/\/www.ocasionplus.com\/noticias\/cuidado-con-la-ola-de-calor-cuida-tu-coche-de-segunda-mano-para-evitar-averias\/","title":{"rendered":"\u00a1Cuidado con la ola de calor! Cuida tu coche de segunda mano para evitar aver\u00edas"},"content":{"rendered":"<p><span style=\"font-weight: 400;\">Las olas de calor pueden ser extremadamente perjudiciales para los coches. Las <\/span><b>altas temperaturas<\/b><span style=\"font-weight: 400;\"> no solo <\/span><b>afectan el rendimiento del motor<\/b><span style=\"font-weight: 400;\">, sino que tambi\u00e9n pueden <\/span><b>da\u00f1ar componentes cruciales como la bater\u00eda<\/b><span style=\"font-weight: 400;\">, los neum\u00e1ticos y los sistemas electr\u00f3nicos. Adem\u00e1s, el interior del coche, incluyendo la <\/span><b>tapicer\u00eda y el salpicadero<\/b><span style=\"font-weight: 400;\">, puede sufrir da\u00f1os significativos debido a la exposici\u00f3n prolongada al sol.\u00a0<\/span><\/p>\n<p><span style=\"font-weight: 400;\">Para <\/span><b>evitar aver\u00edas y mantener tu coche en \u00f3ptimas condiciones<\/b><span style=\"font-weight: 400;\">, es esencial seguir una serie de cuidados y revisiones durante los periodos de calor extremo. En este art\u00edculo, te proporcionamos una <\/span><b>gu\u00eda completa sobre c\u00f3mo proteger tu coche de segunda mano<\/b><span style=\"font-weight: 400;\"> durante una ola de calor, asegurando su buen funcionamiento y prolongando su vida \u00fatil.<\/span><\/p>\n<h2><b>C\u00f3mo cuidar un coche de segunda mano durante una ola de calor<\/b><\/h2>\n<p><span style=\"font-weight: 400;\">Durante una ola de calor, <strong>cuidar tu <\/strong><\/span><a href=\"https:\/\/www.ocasionplus.com\/coches-ocasion\"><strong>coche de segunda mano<\/strong><\/a><span style=\"font-weight: 400;\"> es crucial para evitar aver\u00edas. Aqu\u00ed te presentamos algunos consejos esenciales:<\/span><\/p>\n<ul>\n<li style=\"font-weight: 400;\" aria-level=\"1\"><b>Revisa la bater\u00eda<\/b><span style=\"font-weight: 400;\">: la bater\u00eda es una de las partes m\u00e1s sensibles al calor. Aseg\u00farate de que est\u00e9 en buen estado y sin corrosi\u00f3n. Si es necesario, limpia los terminales y verifica la carga.<\/span><\/li>\n<li style=\"font-weight: 400;\" aria-level=\"1\"><b>Controla los l\u00edquidos<\/b><span style=\"font-weight: 400;\">: verifica los niveles de todos los l\u00edquidos del coche, incluyendo el aceite, el l\u00edquido de frenos, el anticongelante y el l\u00edquido de la direcci\u00f3n asistida. El calor puede hacer que estos se evaporen m\u00e1s r\u00e1pido.<\/span><\/li>\n<li style=\"font-weight: 400;\" aria-level=\"1\"><b>Cuida los neum\u00e1ticos<\/b><span style=\"font-weight: 400;\">: aseg\u00farate de que los neum\u00e1ticos est\u00e9n inflados correctamente. El calor puede aumentar la presi\u00f3n del aire, lo que puede provocar reventones.<\/span><\/li>\n<li style=\"font-weight: 400;\" aria-level=\"1\"><b>Sistema de frenado<\/b><span style=\"font-weight: 400;\">: verifica que el sistema de frenado funcione correctamente. El calor puede afectar el rendimiento de los frenos y causar fallos.<\/span><\/li>\n<li style=\"font-weight: 400;\" aria-level=\"1\"><b>Revisa el alternador y los sistemas electr\u00f3nicos<\/b><span style=\"font-weight: 400;\">: el calor extremo puede afectar el funcionamiento del alternador y los sistemas electr\u00f3nicos del coche. Aseg\u00farate de que todo est\u00e9 en orden.<\/span><\/li>\n<li style=\"font-weight: 400;\" aria-level=\"1\"><b>Protege el interior del coche<\/b><span style=\"font-weight: 400;\">: utiliza parasoles y fundas para proteger la tapicer\u00eda, el salpicadero y las \u00f3pticas de los da\u00f1os causados por el sol. Esto tambi\u00e9n ayudar\u00e1 a mantener la temperatura interior m\u00e1s baja.<\/span><\/li>\n<li style=\"font-weight: 400;\" aria-level=\"1\"><b>Aire acondicionado y climatizador<\/b><span style=\"font-weight: 400;\">: aseg\u00farate de que el aire acondicionado y el climatizador funcionen correctamente. Estos sistemas son esenciales para mantener el confort y evitar el sobrecalentamiento del coche.<\/span><\/li>\n<\/ul>\n<h2><b>\u00bfC\u00f3mo impacta la ola de calor en los coches?<\/b><\/h2>\n<p><span style=\"font-weight: 400;\">La ola de calor puede tener varios impactos negativos en los coches:<\/span><\/p>\n<ul>\n<li style=\"font-weight: 400;\" aria-level=\"1\"><b>Aver\u00edas en la bater\u00eda<\/b><span style=\"font-weight: 400;\">: el calor extremo puede acortar la vida \u00fatil de la bater\u00eda y causar fallos inesperados.<\/span><\/li>\n<li style=\"font-weight: 400;\" aria-level=\"1\"><b>P\u00e9rdida de l\u00edquidos esenciales<\/b><span style=\"font-weight: 400;\">: el calor puede acelerar la evaporaci\u00f3n de l\u00edquidos esenciales, lo que puede llevar a sobrecalentamientos y fallos en el motor.<\/span><\/li>\n<li style=\"font-weight: 400;\" aria-level=\"1\"><b>Desgaste de neum\u00e1ticos<\/b><span style=\"font-weight: 400;\">: las altas temperaturas pueden aumentar la presi\u00f3n en los neum\u00e1ticos, provocando un desgaste desigual y aumentando el riesgo de reventones.<\/span><\/li>\n<li style=\"font-weight: 400;\" aria-level=\"1\"><b>Frenos menos efectivos<\/b><span style=\"font-weight: 400;\">: el calor puede reducir la eficacia del sistema de frenado, aumentando el riesgo de accidentes.<\/span><\/li>\n<li style=\"font-weight: 400;\" aria-level=\"1\"><b>Da\u00f1os en el interior<\/b><span style=\"font-weight: 400;\">: la exposici\u00f3n prolongada al sol puede da\u00f1ar la tapicer\u00eda, el salpicadero y otros componentes internos del coche.<\/span><\/li>\n<\/ul>\n<p><span style=\"font-weight: 400;\">Para combatir la ola de calor y cuidar tu <a href=\"https:\/\/www.ocasionplus.com\/coches-ocasion\">coche de segunda mano<\/a>, es fundamental <\/span><b>realizar un mantenimiento regular <\/b><span style=\"font-weight: 400;\">y seguir estos consejos. No olvides revisar frecuentemente los componentes m\u00e1s vulnerables y mantener tu coche en las mejores condiciones posibles para evitar aver\u00edas y problemas mayores.<\/span><\/p>\n<h2><b>Consejos para combatir la ola de calor en tu coche<\/b><\/h2>\n<p><span style=\"font-weight: 400;\">Combatir la ola de calor en tu coche requiere atenci\u00f3n y mantenimiento adecuado. Aqu\u00ed algunos consejos pr\u00e1cticos:<\/span><\/p>\n<ul>\n<li style=\"font-weight: 400;\" aria-level=\"1\"><b>Estaciona a la sombra<\/b><span style=\"font-weight: 400;\">: siempre que sea posible, estaciona tu coche en lugares sombreados para reducir la exposici\u00f3n directa al sol y mantener el interior m\u00e1s fresco.<\/span><\/li>\n<li style=\"font-weight: 400;\" aria-level=\"1\"><b>Utiliza parasoles<\/b><span style=\"font-weight: 400;\">: coloca parasoles en el parabrisas y las ventanas laterales para bloquear los rayos del sol y proteger el interior del coche.<\/span><\/li>\n<li style=\"font-weight: 400;\" aria-level=\"1\"><b>Ventilaci\u00f3n adecuada<\/b><span style=\"font-weight: 400;\">: abre ligeramente las ventanas para permitir la circulaci\u00f3n del aire y reducir la acumulaci\u00f3n de calor en el interior del coche.<\/span><\/li>\n<li style=\"font-weight: 400;\" aria-level=\"1\"><b>Mantenimiento del aire acondicionado<\/b><span style=\"font-weight: 400;\">: revisa y mant\u00e9n el sistema de aire acondicionado en buen estado. Un aire acondicionado eficiente es crucial para combatir el calor extremo.<\/span><\/li>\n<li style=\"font-weight: 400;\" aria-level=\"1\"><b>Lava y encera tu coche<\/b><span style=\"font-weight: 400;\">: lavar y encerar tu coche regularmente puede proteger la pintura y reducir la absorci\u00f3n de calor.<\/span><\/li>\n<\/ul>\n<h2><b>Aver\u00edas comunes causadas por el calor extremo en el coche<\/b><\/h2>\n<p><span style=\"font-weight: 400;\">El calor extremo puede causar diversas aver\u00edas en tu coche. Aqu\u00ed algunas de las m\u00e1s comunes:<\/span><\/p>\n<ul>\n<li style=\"font-weight: 400;\" aria-level=\"1\"><b>Sobrecalentamiento del motor<\/b><span style=\"font-weight: 400;\">: las altas temperaturas pueden causar que el motor se sobrecaliente, lo que puede llevar a da\u00f1os graves si no se maneja adecuadamente.<\/span><\/li>\n<li style=\"font-weight: 400;\" aria-level=\"1\"><b>Fallas en la bater\u00eda<\/b><span style=\"font-weight: 400;\">: el calor puede reducir la vida \u00fatil de la bater\u00eda y provocar fallos inesperados.<\/span><\/li>\n<li style=\"font-weight: 400;\" aria-level=\"1\"><b>Problemas con los neum\u00e1ticos<\/b><span style=\"font-weight: 400;\">: el aumento de la presi\u00f3n del aire en los neum\u00e1ticos debido al calor puede causar reventones y desgaste desigual.<\/span><\/li>\n<li style=\"font-weight: 400;\" aria-level=\"1\"><b>Desgaste del sistema de frenos<\/b><span style=\"font-weight: 400;\">: las temperaturas elevadas pueden afectar el rendimiento del sistema de frenos, haci\u00e9ndolos menos efectivos.<\/span><\/li>\n<li style=\"font-weight: 400;\" aria-level=\"1\"><b>Da\u00f1os en el interior<\/b><span style=\"font-weight: 400;\">: la exposici\u00f3n prolongada al sol puede da\u00f1ar la tapicer\u00eda, el salpicadero y otros componentes internos del coche, causando decoloraci\u00f3n y desgaste.<\/span><\/li>\n<\/ul>\n<h2><b>Productos y h\u00e1bitos recomendados para mantener tu coche fresco<\/b><\/h2>\n<p><span style=\"font-weight: 400;\">Para mantener tu coche fresco y en buen estado durante una ola de calor, considera los siguientes productos y h\u00e1bitos:<\/span><\/p>\n<ul>\n<li style=\"font-weight: 400;\" aria-level=\"1\"><b>Fundas protectoras<\/b><span style=\"font-weight: 400;\">: utiliza fundas protectoras para los asientos y el volante para evitar que se calienten demasiado y se deterioren.<\/span><\/li>\n<li style=\"font-weight: 400;\" aria-level=\"1\"><b>Parasol plegable<\/b><span style=\"font-weight: 400;\">: un parasol plegable es una herramienta esencial para bloquear los rayos del sol y mantener el interior del coche m\u00e1s fresco.<\/span><\/li>\n<li style=\"font-weight: 400;\" aria-level=\"1\"><b>Mantenimiento regular<\/b><span style=\"font-weight: 400;\">: realiza un mantenimiento regular del coche, incluyendo la revisi\u00f3n de los niveles de l\u00edquidos, la bater\u00eda y el sistema de aire acondicionado.<\/span><\/li>\n<li style=\"font-weight: 400;\" aria-level=\"1\"><b>Uso de ventiladores port\u00e1tiles<\/b><span style=\"font-weight: 400;\">: los ventiladores port\u00e1tiles pueden ayudar a mantener el aire en circulaci\u00f3n dentro del coche, reduciendo la acumulaci\u00f3n de calor.<\/span><\/li>\n<li style=\"font-weight: 400;\" aria-level=\"1\"><b>Productos de limpieza UV<\/b><span style=\"font-weight: 400;\">: Utiliza productos de limpieza y protecci\u00f3n UV para cuidar la pintura y los componentes de pl\u00e1stico del coche, evitando da\u00f1os por la exposici\u00f3n al sol.<\/span><\/li>\n<\/ul>\n<h2><b>\u00bfQu\u00e9 no debes dejar en el coche en plena ola de calor?<\/b><\/h2>\n<p><span style=\"font-weight: 400;\">Durante una ola de calor, hay varios objetos que no se deben dejar dentro de un coche estacionado debido al riesgo que representan las altas temperaturas. Algunos de los m\u00e1s importantes son:<\/span><\/p>\n<ol>\n<li style=\"font-weight: 400;\" aria-level=\"1\"><b>Mascotas:<\/b><span style=\"font-weight: 400;\"> nunca dejes a una mascota dentro de un coche estacionado durante una ola de calor. Las temperaturas dentro del veh\u00edculo pueden subir r\u00e1pidamente a niveles peligrosos, causando sufrimiento e incluso la muerte del animal.<\/span><\/li>\n<li style=\"font-weight: 400;\" aria-level=\"1\"><b>Ni\u00f1os:<\/b><span style=\"font-weight: 400;\"> es extremadamente peligroso dejar a ni\u00f1os dentro de un coche durante una ola de calor, incluso por per\u00edodos cortos de tiempo. Las altas temperaturas pueden provocar golpes de calor en cuesti\u00f3n de minutos.<\/span><\/li>\n<li style=\"font-weight: 400;\" aria-level=\"1\"><b>Alimentos perecederos:<\/b><span style=\"font-weight: 400;\"> alimentos como l\u00e1cteos, carnes, y productos frescos pueden echarse a perder r\u00e1pidamente debido al calor extremo dentro del coche.<\/span><\/li>\n<li style=\"font-weight: 400;\" aria-level=\"1\"><b>Medicamentos:<\/b><span style=\"font-weight: 400;\"> algunos medicamentos pueden volverse ineficaces o incluso da\u00f1inos si se exponen a temperaturas demasiado altas durante un per\u00edodo prolongado.<\/span><\/li>\n<li style=\"font-weight: 400;\" aria-level=\"1\"><b>Objetos electr\u00f3nicos sensibles:<\/b> dispositivos electr\u00f3nicos como tel\u00e9fonos m\u00f3viles, computadoras port\u00e1tiles, y c\u00e1maras pueden sufrir da\u00f1os permanentes si se exponen a altas temperaturas por mucho tiempo.<\/li>\n<\/ol>\n","protected":false},"excerpt":{"rendered":"<p>Las olas de calor pueden ser extremadamente perjudiciales para los coches. Las altas temperaturas no solo afectan el rendimiento del motor, sino que tambi\u00e9n pueden da\u00f1ar componentes cruciales como la bater\u00eda, los neum\u00e1ticos y los sistemas electr\u00f3nicos. Adem\u00e1s, el interior del coche, incluyendo la tapicer\u00eda y el salpicadero, puede sufrir da\u00f1os significativos debido a la&#8230;<\/p>\n","protected":false},"author":6,"featured_media":13369,"comment_status":"closed","ping_status":"open","sticky":false,"template":"","format":"standard","meta":{"footnotes":""},"categories":[13],"tags":[380],"class_list":["post-13368","post","type-post","status-publish","format-standard","has-post-thumbnail","hentry","category-interesa-saber","tag-coches-ocasion"],"yoast_head":"<!-- This site is optimized with the Yoast SEO Premium plugin v24.8 (Yoast SEO v24.8.1) - https:\/\/yoast.com\/wordpress\/plugins\/seo\/ -->\n<title>C\u00f3mo la ola de calor afecta a tu coche y c\u00f3mo prevenir aver\u00edas<\/title>\n<meta name=\"description\" content=\"Descubre c\u00f3mo proteger tu coche de segunda mano durante una ola de calor. Aprende a evitar aver\u00edas y mantener tu veh\u00edculo en \u00f3ptimas condiciones con estos consejos pr\u00e1cticos.\" \/>\n<meta name=\"robots\" content=\"index, follow, max-snippet:-1, max-image-preview:large, max-video-preview:-1\" \/>\n<link rel=\"canonical\" href=\"https:\/\/www.ocasionplus.com\/noticias\/cuidado-con-la-ola-de-calor-cuida-tu-coche-de-segunda-mano-para-evitar-averias\/\" \/>\n<meta property=\"og:locale\" content=\"es_ES\" \/>\n<meta property=\"og:type\" content=\"article\" \/>\n<meta property=\"og:title\" content=\"\u00a1Cuidado con la ola de calor! Cuida tu coche de segunda mano para evitar aver\u00edas\" \/>\n<meta property=\"og:description\" content=\"Descubre c\u00f3mo proteger tu coche de segunda mano durante una ola de calor. Aprende a evitar aver\u00edas y mantener tu veh\u00edculo en \u00f3ptimas condiciones con estos consejos pr\u00e1cticos.\" \/>\n<meta property=\"og:url\" content=\"https:\/\/www.ocasionplus.com\/noticias\/cuidado-con-la-ola-de-calor-cuida-tu-coche-de-segunda-mano-para-evitar-averias\/\" \/>\n<meta property=\"og:site_name\" content=\"OcasionPlus Blog\" \/>\n<meta property=\"article:publisher\" content=\"https:\/\/www.facebook.com\/ocasionplus\" \/>\n<meta property=\"article:published_time\" content=\"2024-07-18T16:00:07+00:00\" \/>\n<meta property=\"article:modified_time\" content=\"2025-03-27T09:47:46+00:00\" \/>\n<meta property=\"og:image\" content=\"https:\/\/www.ocasionplus.com\/wp-content\/uploads\/2024\/07\/coche_ola_calor.jpg\" \/>\n\t<meta property=\"og:image:width\" content=\"1500\" \/>\n\t<meta property=\"og:image:height\" content=\"1001\" \/>\n\t<meta property=\"og:image:type\" content=\"image\/jpeg\" \/>\n<meta name=\"author\" content=\"Maite Mesones Rojas\" \/>\n<meta name=\"twitter:card\" content=\"summary_large_image\" \/>\n<meta name=\"twitter:creator\" content=\"@ocasionplus\" \/>\n<meta name=\"twitter:site\" content=\"@ocasionplus\" \/>\n<meta name=\"twitter:label1\" content=\"Escrito por\" \/>\n\t<meta name=\"twitter:data1\" content=\"Maite Mesones Rojas\" \/>\n\t<meta name=\"twitter:label2\" content=\"Tiempo de lectura\" \/>\n\t<meta name=\"twitter:data2\" content=\"6 minutos\" \/>\n<script type=\"application\/ld+json\" class=\"yoast-schema-graph\">{\"@context\":\"https:\/\/schema.org\",\"@graph\":[{\"@type\":\"Article\",\"@id\":\"https:\/\/www.ocasionplus.com\/noticias\/cuidado-con-la-ola-de-calor-cuida-tu-coche-de-segunda-mano-para-evitar-averias\/#article\",\"isPartOf\":{\"@id\":\"https:\/\/www.ocasionplus.com\/noticias\/cuidado-con-la-ola-de-calor-cuida-tu-coche-de-segunda-mano-para-evitar-averias\/\"},\"author\":{\"name\":\"Maite Mesones Rojas\",\"@id\":\"https:\/\/www.ocasionplus.com\/noticias\/#\/schema\/person\/f7cd35dbbed23ca6c4ab2c5f7a2faf69\"},\"headline\":\"\u00a1Cuidado con la ola de calor! Cuida tu coche de segunda mano para evitar aver\u00edas\",\"datePublished\":\"2024-07-18T16:00:07+00:00\",\"dateModified\":\"2025-03-27T09:47:46+00:00\",\"mainEntityOfPage\":{\"@id\":\"https:\/\/www.ocasionplus.com\/noticias\/cuidado-con-la-ola-de-calor-cuida-tu-coche-de-segunda-mano-para-evitar-averias\/\"},\"wordCount\":1271,\"publisher\":{\"@id\":\"https:\/\/www.ocasionplus.com\/noticias\/#organization\"},\"image\":{\"@id\":\"https:\/\/www.ocasionplus.com\/noticias\/cuidado-con-la-ola-de-calor-cuida-tu-coche-de-segunda-mano-para-evitar-averias\/#primaryimage\"},\"thumbnailUrl\":\"https:\/\/www.ocasionplus.com\/wp-content\/uploads\/2024\/07\/coche_ola_calor.jpg\",\"keywords\":[\"coches ocasion\"],\"articleSection\":[\"Te interesa saber...\"],\"inLanguage\":\"es\",\"copyrightYear\":\"2024\",\"copyrightHolder\":{\"@id\":\"https:\/\/www.ocasionplus.com\/noticias\/#organization\"}},{\"@type\":\"WebPage\",\"@id\":\"https:\/\/www.ocasionplus.com\/noticias\/cuidado-con-la-ola-de-calor-cuida-tu-coche-de-segunda-mano-para-evitar-averias\/\",\"url\":\"https:\/\/www.ocasionplus.com\/noticias\/cuidado-con-la-ola-de-calor-cuida-tu-coche-de-segunda-mano-para-evitar-averias\/\",\"name\":\"C\u00f3mo la ola de calor afecta a tu coche y c\u00f3mo prevenir aver\u00edas\",\"isPartOf\":{\"@id\":\"https:\/\/www.ocasionplus.com\/noticias\/#website\"},\"primaryImageOfPage\":{\"@id\":\"https:\/\/www.ocasionplus.com\/noticias\/cuidado-con-la-ola-de-calor-cuida-tu-coche-de-segunda-mano-para-evitar-averias\/#primaryimage\"},\"image\":{\"@id\":\"https:\/\/www.ocasionplus.com\/noticias\/cuidado-con-la-ola-de-calor-cuida-tu-coche-de-segunda-mano-para-evitar-averias\/#primaryimage\"},\"thumbnailUrl\":\"https:\/\/www.ocasionplus.com\/wp-content\/uploads\/2024\/07\/coche_ola_calor.jpg\",\"datePublished\":\"2024-07-18T16:00:07+00:00\",\"dateModified\":\"2025-03-27T09:47:46+00:00\",\"description\":\"Descubre c\u00f3mo proteger tu coche de segunda mano durante una ola de calor. Aprende a evitar aver\u00edas y mantener tu veh\u00edculo en \u00f3ptimas condiciones con estos consejos pr\u00e1cticos.\",\"breadcrumb\":{\"@id\":\"https:\/\/www.ocasionplus.com\/noticias\/cuidado-con-la-ola-de-calor-cuida-tu-coche-de-segunda-mano-para-evitar-averias\/#breadcrumb\"},\"inLanguage\":\"es\",\"potentialAction\":[{\"@type\":\"ReadAction\",\"target\":[\"https:\/\/www.ocasionplus.com\/noticias\/cuidado-con-la-ola-de-calor-cuida-tu-coche-de-segunda-mano-para-evitar-averias\/\"]}]},{\"@type\":\"ImageObject\",\"inLanguage\":\"es\",\"@id\":\"https:\/\/www.ocasionplus.com\/noticias\/cuidado-con-la-ola-de-calor-cuida-tu-coche-de-segunda-mano-para-evitar-averias\/#primaryimage\",\"url\":\"https:\/\/www.ocasionplus.com\/wp-content\/uploads\/2024\/07\/coche_ola_calor.jpg\",\"contentUrl\":\"https:\/\/www.ocasionplus.com\/wp-content\/uploads\/2024\/07\/coche_ola_calor.jpg\",\"width\":1500,\"height\":1001,\"caption\":\"Objetos al sol dentro de un coche\"},{\"@type\":\"BreadcrumbList\",\"@id\":\"https:\/\/www.ocasionplus.com\/noticias\/cuidado-con-la-ola-de-calor-cuida-tu-coche-de-segunda-mano-para-evitar-averias\/#breadcrumb\",\"itemListElement\":[{\"@type\":\"ListItem\",\"position\":1,\"name\":\"Portada\",\"item\":\"https:\/\/www.ocasionplus.com\/noticias\/\"},{\"@type\":\"ListItem\",\"position\":2,\"name\":\"\u00a1Cuidado con la ola de calor! Cuida tu coche de segunda mano para evitar aver\u00edas\"}]},{\"@type\":\"WebSite\",\"@id\":\"https:\/\/www.ocasionplus.com\/noticias\/#website\",\"url\":\"https:\/\/www.ocasionplus.com\/noticias\/\",\"name\":\"OcasionPlus Blog\",\"description\":\"Veh\u00edculos de ocasi\u00f3n\",\"publisher\":{\"@id\":\"https:\/\/www.ocasionplus.com\/noticias\/#organization\"},\"potentialAction\":[{\"@type\":\"SearchAction\",\"target\":{\"@type\":\"EntryPoint\",\"urlTemplate\":\"https:\/\/www.ocasionplus.com\/noticias\/?s={search_term_string}\"},\"query-input\":{\"@type\":\"PropertyValueSpecification\",\"valueRequired\":true,\"valueName\":\"search_term_string\"}}],\"inLanguage\":\"es\"},{\"@type\":\"Organization\",\"@id\":\"https:\/\/www.ocasionplus.com\/noticias\/#organization\",\"name\":\"OcasionPlus\",\"url\":\"https:\/\/www.ocasionplus.com\/noticias\/\",\"logo\":{\"@type\":\"ImageObject\",\"inLanguage\":\"es\",\"@id\":\"https:\/\/www.ocasionplus.com\/noticias\/#\/schema\/logo\/image\/\",\"url\":\"https:\/\/www.ocasionplus.com\/wp-content\/uploads\/2024\/05\/cropped-cropped-oplus-logo-blog.png\",\"contentUrl\":\"https:\/\/www.ocasionplus.com\/wp-content\/uploads\/2024\/05\/cropped-cropped-oplus-logo-blog.png\",\"width\":360,\"height\":71,\"caption\":\"OcasionPlus\"},\"image\":{\"@id\":\"https:\/\/www.ocasionplus.com\/noticias\/#\/schema\/logo\/image\/\"},\"sameAs\":[\"https:\/\/www.facebook.com\/ocasionplus\",\"https:\/\/x.com\/ocasionplus\",\"https:\/\/www.instagram.com\/ocasion_plus\",\"https:\/\/www.youtube.com\/channel\/UCBiCAto61Lyu27CgI95wrYQ\",\"https:\/\/www.tiktok.com\/@ocasionplus.com\",\"https:\/\/es.linkedin.com\/company\/ocasionplus\"]},{\"@type\":\"Person\",\"@id\":\"https:\/\/www.ocasionplus.com\/noticias\/#\/schema\/person\/f7cd35dbbed23ca6c4ab2c5f7a2faf69\",\"name\":\"Maite Mesones Rojas\",\"image\":{\"@type\":\"ImageObject\",\"inLanguage\":\"es\",\"@id\":\"https:\/\/www.ocasionplus.com\/noticias\/#\/schema\/person\/image\/\",\"url\":\"https:\/\/ocasionplus-dev.grupoocasionplus.com\/wp-content\/uploads\/2024\/06\/maite-mesones-rojas_avatar_1-96x96.jpg\",\"contentUrl\":\"https:\/\/ocasionplus-dev.grupoocasionplus.com\/wp-content\/uploads\/2024\/06\/maite-mesones-rojas_avatar_1-96x96.jpg\",\"caption\":\"Maite Mesones Rojas\"},\"description\":\"Soy Maite Mesones, una apasionada de la comunicaci\u00f3n y las redes sociales. En este blog, compartir\u00e9 mis conocimientos, ofreciendo consejos pr\u00e1cticos y an\u00e1lisis profundos para ayudaros a tomar decisiones a la hora de adquirir o vender un veh\u00edculo de segunda mano. \u00a1Acomp\u00e1\u00f1ame en esta emocionante traves\u00eda y descubre el apasionante mundo de los coches desde una perspectiva \u00fanica y global!\",\"gender\":\"mujer\",\"worksFor\":\"OcasionPlus\"}]}<\/script>\n<!-- \/ Yoast SEO Premium plugin. -->","yoast_head_json":{"title":"C\u00f3mo la ola de calor afecta a tu coche y c\u00f3mo prevenir aver\u00edas","description":"Descubre c\u00f3mo proteger tu coche de segunda mano durante una ola de calor. Aprende a evitar aver\u00edas y mantener tu veh\u00edculo en \u00f3ptimas condiciones con estos consejos pr\u00e1cticos.","robots":{"index":"index","follow":"follow","max-snippet":"max-snippet:-1","max-image-preview":"max-image-preview:large","max-video-preview":"max-video-preview:-1"},"canonical":"https:\/\/www.ocasionplus.com\/noticias\/cuidado-con-la-ola-de-calor-cuida-tu-coche-de-segunda-mano-para-evitar-averias\/","og_locale":"es_ES","og_type":"article","og_title":"\u00a1Cuidado con la ola de calor! Cuida tu coche de segunda mano para evitar aver\u00edas","og_description":"Descubre c\u00f3mo proteger tu coche de segunda mano durante una ola de calor. Aprende a evitar aver\u00edas y mantener tu veh\u00edculo en \u00f3ptimas condiciones con estos consejos pr\u00e1cticos.","og_url":"https:\/\/www.ocasionplus.com\/noticias\/cuidado-con-la-ola-de-calor-cuida-tu-coche-de-segunda-mano-para-evitar-averias\/","og_site_name":"OcasionPlus Blog","article_publisher":"https:\/\/www.facebook.com\/ocasionplus","article_published_time":"2024-07-18T16:00:07+00:00","article_modified_time":"2025-03-27T09:47:46+00:00","og_image":[{"width":1500,"height":1001,"url":"https:\/\/www.ocasionplus.com\/wp-content\/uploads\/2024\/07\/coche_ola_calor.jpg","type":"image\/jpeg"}],"author":"Maite Mesones Rojas","twitter_card":"summary_large_image","twitter_creator":"@ocasionplus","twitter_site":"@ocasionplus","twitter_misc":{"Escrito por":"Maite Mesones Rojas","Tiempo de lectura":"6 minutos"},"schema":{"@context":"https:\/\/schema.org","@graph":[{"@type":"Article","@id":"https:\/\/www.ocasionplus.com\/noticias\/cuidado-con-la-ola-de-calor-cuida-tu-coche-de-segunda-mano-para-evitar-averias\/#article","isPartOf":{"@id":"https:\/\/www.ocasionplus.com\/noticias\/cuidado-con-la-ola-de-calor-cuida-tu-coche-de-segunda-mano-para-evitar-averias\/"},"author":{"name":"Maite Mesones Rojas","@id":"https:\/\/www.ocasionplus.com\/noticias\/#\/schema\/person\/f7cd35dbbed23ca6c4ab2c5f7a2faf69"},"headline":"\u00a1Cuidado con la ola de calor! Cuida tu coche de segunda mano para evitar aver\u00edas","datePublished":"2024-07-18T16:00:07+00:00","dateModified":"2025-03-27T09:47:46+00:00","mainEntityOfPage":{"@id":"https:\/\/www.ocasionplus.com\/noticias\/cuidado-con-la-ola-de-calor-cuida-tu-coche-de-segunda-mano-para-evitar-averias\/"},"wordCount":1271,"publisher":{"@id":"https:\/\/www.ocasionplus.com\/noticias\/#organization"},"image":{"@id":"https:\/\/www.ocasionplus.com\/noticias\/cuidado-con-la-ola-de-calor-cuida-tu-coche-de-segunda-mano-para-evitar-averias\/#primaryimage"},"thumbnailUrl":"https:\/\/www.ocasionplus.com\/wp-content\/uploads\/2024\/07\/coche_ola_calor.jpg","keywords":["coches ocasion"],"articleSection":["Te interesa saber..."],"inLanguage":"es","copyrightYear":"2024","copyrightHolder":{"@id":"https:\/\/www.ocasionplus.com\/noticias\/#organization"}},{"@type":"WebPage","@id":"https:\/\/www.ocasionplus.com\/noticias\/cuidado-con-la-ola-de-calor-cuida-tu-coche-de-segunda-mano-para-evitar-averias\/","url":"https:\/\/www.ocasionplus.com\/noticias\/cuidado-con-la-ola-de-calor-cuida-tu-coche-de-segunda-mano-para-evitar-averias\/","name":"C\u00f3mo la ola de calor afecta a tu coche y c\u00f3mo prevenir aver\u00edas","isPartOf":{"@id":"https:\/\/www.ocasionplus.com\/noticias\/#website"},"primaryImageOfPage":{"@id":"https:\/\/www.ocasionplus.com\/noticias\/cuidado-con-la-ola-de-calor-cuida-tu-coche-de-segunda-mano-para-evitar-averias\/#primaryimage"},"image":{"@id":"https:\/\/www.ocasionplus.com\/noticias\/cuidado-con-la-ola-de-calor-cuida-tu-coche-de-segunda-mano-para-evitar-averias\/#primaryimage"},"thumbnailUrl":"https:\/\/www.ocasionplus.com\/wp-content\/uploads\/2024\/07\/coche_ola_calor.jpg","datePublished":"2024-07-18T16:00:07+00:00","dateModified":"2025-03-27T09:47:46+00:00","description":"Descubre c\u00f3mo proteger tu coche de segunda mano durante una ola de calor. Aprende a evitar aver\u00edas y mantener tu veh\u00edculo en \u00f3ptimas condiciones con estos consejos pr\u00e1cticos.","breadcrumb":{"@id":"https:\/\/www.ocasionplus.com\/noticias\/cuidado-con-la-ola-de-calor-cuida-tu-coche-de-segunda-mano-para-evitar-averias\/#breadcrumb"},"inLanguage":"es","potentialAction":[{"@type":"ReadAction","target":["https:\/\/www.ocasionplus.com\/noticias\/cuidado-con-la-ola-de-calor-cuida-tu-coche-de-segunda-mano-para-evitar-averias\/"]}]},{"@type":"ImageObject","inLanguage":"es","@id":"https:\/\/www.ocasionplus.com\/noticias\/cuidado-con-la-ola-de-calor-cuida-tu-coche-de-segunda-mano-para-evitar-averias\/#primaryimage","url":"https:\/\/www.ocasionplus.com\/wp-content\/uploads\/2024\/07\/coche_ola_calor.jpg","contentUrl":"https:\/\/www.ocasionplus.com\/wp-content\/uploads\/2024\/07\/coche_ola_calor.jpg","width":1500,"height":1001,"caption":"Objetos al sol dentro de un coche"},{"@type":"BreadcrumbList","@id":"https:\/\/www.ocasionplus.com\/noticias\/cuidado-con-la-ola-de-calor-cuida-tu-coche-de-segunda-mano-para-evitar-averias\/#breadcrumb","itemListElement":[{"@type":"ListItem","position":1,"name":"Portada","item":"https:\/\/www.ocasionplus.com\/noticias\/"},{"@type":"ListItem","position":2,"name":"\u00a1Cuidado con la ola de calor! Cuida tu coche de segunda mano para evitar aver\u00edas"}]},{"@type":"WebSite","@id":"https:\/\/www.ocasionplus.com\/noticias\/#website","url":"https:\/\/www.ocasionplus.com\/noticias\/","name":"OcasionPlus Blog","description":"Veh\u00edculos de ocasi\u00f3n","publisher":{"@id":"https:\/\/www.ocasionplus.com\/noticias\/#organization"},"potentialAction":[{"@type":"SearchAction","target":{"@type":"EntryPoint","urlTemplate":"https:\/\/www.ocasionplus.com\/noticias\/?s={search_term_string}"},"query-input":{"@type":"PropertyValueSpecification","valueRequired":true,"valueName":"search_term_string"}}],"inLanguage":"es"},{"@type":"Organization","@id":"https:\/\/www.ocasionplus.com\/noticias\/#organization","name":"OcasionPlus","url":"https:\/\/www.ocasionplus.com\/noticias\/","logo":{"@type":"ImageObject","inLanguage":"es","@id":"https:\/\/www.ocasionplus.com\/noticias\/#\/schema\/logo\/image\/","url":"https:\/\/www.ocasionplus.com\/wp-content\/uploads\/2024\/05\/cropped-cropped-oplus-logo-blog.png","contentUrl":"https:\/\/www.ocasionplus.com\/wp-content\/uploads\/2024\/05\/cropped-cropped-oplus-logo-blog.png","width":360,"height":71,"caption":"OcasionPlus"},"image":{"@id":"https:\/\/www.ocasionplus.com\/noticias\/#\/schema\/logo\/image\/"},"sameAs":["https:\/\/www.facebook.com\/ocasionplus","https:\/\/x.com\/ocasionplus","https:\/\/www.instagram.com\/ocasion_plus","https:\/\/www.youtube.com\/channel\/UCBiCAto61Lyu27CgI95wrYQ","https:\/\/www.tiktok.com\/@ocasionplus.com","https:\/\/es.linkedin.com\/company\/ocasionplus"]},{"@type":"Person","@id":"https:\/\/www.ocasionplus.com\/noticias\/#\/schema\/person\/f7cd35dbbed23ca6c4ab2c5f7a2faf69","name":"Maite Mesones Rojas","image":{"@type":"ImageObject","inLanguage":"es","@id":"https:\/\/www.ocasionplus.com\/noticias\/#\/schema\/person\/image\/","url":"https:\/\/ocasionplus-dev.grupoocasionplus.com\/wp-content\/uploads\/2024\/06\/maite-mesones-rojas_avatar_1-96x96.jpg","contentUrl":"https:\/\/ocasionplus-dev.grupoocasionplus.com\/wp-content\/uploads\/2024\/06\/maite-mesones-rojas_avatar_1-96x96.jpg","caption":"Maite Mesones Rojas"},"description":"Soy Maite Mesones, una apasionada de la comunicaci\u00f3n y las redes sociales. En este blog, compartir\u00e9 mis conocimientos, ofreciendo consejos pr\u00e1cticos y an\u00e1lisis profundos para ayudaros a tomar decisiones a la hora de adquirir o vender un veh\u00edculo de segunda mano. \u00a1Acomp\u00e1\u00f1ame en esta emocionante traves\u00eda y descubre el apasionante mundo de los coches desde una perspectiva \u00fanica y global!","gender":"mujer","worksFor":"OcasionPlus"}]}},"jetpack_featured_media_url":"https:\/\/www.ocasionplus.com\/wp-content\/uploads\/2024\/07\/coche_ola_calor.jpg","_links":{"self":[{"href":"https:\/\/www.ocasionplus.com\/noticias\/wp-json\/wp\/v2\/posts\/13368","targetHints":{"allow":["GET"]}}],"collection":[{"href":"https:\/\/www.ocasionplus.com\/noticias\/wp-json\/wp\/v2\/posts"}],"about":[{"href":"https:\/\/www.ocasionplus.com\/noticias\/wp-json\/wp\/v2\/types\/post"}],"author":[{"embeddable":true,"href":"https:\/\/www.ocasionplus.com\/noticias\/wp-json\/wp\/v2\/users\/6"}],"replies":[{"embeddable":true,"href":"https:\/\/www.ocasionplus.com\/noticias\/wp-json\/wp\/v2\/comments?post=13368"}],"version-history":[{"count":4,"href":"https:\/\/www.ocasionplus.com\/noticias\/wp-json\/wp\/v2\/posts\/13368\/revisions"}],"predecessor-version":[{"id":13386,"href":"https:\/\/www.ocasionplus.com\/noticias\/wp-json\/wp\/v2\/posts\/13368\/revisions\/13386"}],"wp:featuredmedia":[{"embeddable":true,"href":"https:\/\/www.ocasionplus.com\/noticias\/wp-json\/wp\/v2\/media\/13369"}],"wp:attachment":[{"href":"https:\/\/www.ocasionplus.com\/noticias\/wp-json\/wp\/v2\/media?parent=13368"}],"wp:term":[{"taxonomy":"category","embeddable":true,"href":"https:\/\/www.ocasionplus.com\/noticias\/wp-json\/wp\/v2\/categories?post=13368"},{"taxonomy":"post_tag","embeddable":true,"href":"https:\/\/www.ocasionplus.com\/noticias\/wp-json\/wp\/v2\/tags?post=13368"}],"curies":[{"name":"wp","href":"https:\/\/api.w.org\/{rel}","templated":true}]}}