{"id":13394,"date":"2024-07-19T17:29:04","date_gmt":"2024-07-19T15:29:04","guid":{"rendered":"https:\/\/www.ocasionplus.com\/noticias\/?p=13394"},"modified":"2025-03-27T10:47:45","modified_gmt":"2025-03-27T09:47:45","slug":"audi-q4-35-e-tron-el-futuro-de-la-movilidad-electrica","status":"publish","type":"post","link":"https:\/\/www.ocasionplus.com\/noticias\/audi-q4-35-e-tron-el-futuro-de-la-movilidad-electrica\/","title":{"rendered":"Nuevo Audi Q4 35 e-tron: el futuro de la movilidad el\u00e9ctrica"},"content":{"rendered":"<div class=\"wpb-content-wrapper\"><p>[vc_row][vc_column][vc_column_text css=&#8221;&#8221;]<span style=\"font-weight: 400;\">El nuevo <\/span><b>Audi Q4 35 e-tron<\/b><span style=\"font-weight: 400;\"> representa un hito significativo en la evoluci\u00f3n de los veh\u00edculos el\u00e9ctricos. La marca de los cuatro aros ha ampliado la gama Q4 y estar\u00e1 disponible por menos de 50.000 euros. Con su dise\u00f1o innovador y sus prestaciones avanzadas, este SUV compacto se posiciona como una opci\u00f3n destacada para quienes buscan eficiencia y tecnolog\u00eda en el mundo de los coches el\u00e9ctricos.<\/span><\/p>\n<h2><b>M\u00e1s autonom\u00eda y mejor velocidad de carga<\/b><\/h2>\n<p><span style=\"font-weight: 400;\">El <\/span><b>Audi Q4 35<\/b> <b>e-tron<\/b><span style=\"font-weight: 400;\"> ofrece una autonom\u00eda de hasta <\/span><b>365 kil\u00f3metros<\/b><span style=\"font-weight: 400;\">, lo que lo convierte en una opci\u00f3n ideal tanto para desplazamientos urbanos como para viajes largos. Equipado con una <\/span><b>bater\u00eda de 145 kW<\/b><span style=\"font-weight: 400;\">, este modelo permite una <\/span><b>carga r\u00e1pida<\/b><span style=\"font-weight: 400;\">, garantizando que puedas reanudar tu viaje en poco tiempo.<\/span><\/p>\n<p><span style=\"font-weight: 400;\">La capacidad de carga del veh\u00edculo es notable, permitiendo alcanzar <\/span><b>una velocidad m\u00e1xima de 160 km\/h<\/b><span style=\"font-weight: 400;\">. Con una <\/span><b>aceleraci\u00f3n de 0 a 100 km\/h<\/b><span style=\"font-weight: 400;\"> en solo unos segundos, este coche combina eficiencia energ\u00e9tica con un rendimiento impresionante.<\/span><\/p>\n<figure id=\"attachment_13397\" aria-describedby=\"caption-attachment-13397\" style=\"width: 960px\" class=\"wp-caption alignnone\"><img loading=\"lazy\" decoding=\"async\" class=\"wp-image-13397 size-full\" src=\"https:\/\/www.ocasionplus.com\/wp-content\/uploads\/2024\/07\/audi_Q4_tron_nuevo_interior.jpg\" alt=\"Interior del Audi Q4 35 e-tron\" width=\"960\" height=\"678\" srcset=\"https:\/\/www.ocasionplus.com\/wp-content\/uploads\/2024\/07\/audi_Q4_tron_nuevo_interior.jpg 960w, https:\/\/www.ocasionplus.com\/wp-content\/uploads\/2024\/07\/audi_Q4_tron_nuevo_interior-300x212.jpg 300w, https:\/\/www.ocasionplus.com\/wp-content\/uploads\/2024\/07\/audi_Q4_tron_nuevo_interior-255x180.jpg 255w, https:\/\/www.ocasionplus.com\/wp-content\/uploads\/2024\/07\/audi_Q4_tron_nuevo_interior-510x360.jpg 510w, https:\/\/www.ocasionplus.com\/wp-content\/uploads\/2024\/07\/audi_Q4_tron_nuevo_interior-280x198.jpg 280w, https:\/\/www.ocasionplus.com\/wp-content\/uploads\/2024\/07\/audi_Q4_tron_nuevo_interior-560x396.jpg 560w, https:\/\/www.ocasionplus.com\/wp-content\/uploads\/2024\/07\/audi_Q4_tron_nuevo_interior-350x247.jpg 350w, https:\/\/www.ocasionplus.com\/wp-content\/uploads\/2024\/07\/audi_Q4_tron_nuevo_interior-700x494.jpg 700w, https:\/\/www.ocasionplus.com\/wp-content\/uploads\/2024\/07\/audi_Q4_tron_nuevo_interior-398x281.jpg 398w, https:\/\/www.ocasionplus.com\/wp-content\/uploads\/2024\/07\/audi_Q4_tron_nuevo_interior-796x562.jpg 796w\" sizes=\"auto, (max-width: 960px) 100vw, 960px\" \/><figcaption id=\"caption-attachment-13397\" class=\"wp-caption-text\">El Audi Q4 35 e-tron ofrece una autonom\u00eda de hasta 365 kil\u00f3metros<\/figcaption><\/figure>\n<h3><b>Equipamiento<\/b><\/h3>\n<p><span style=\"font-weight: 400;\">El <\/span><b>Audi Q4 35 e-tron<\/b><span style=\"font-weight: 400;\"> no solo destaca por su rendimiento, sino tambi\u00e9n por su equipamiento de serie. Entre sus caracter\u00edsticas m\u00e1s notables se encuentran:<\/span><\/p>\n<ul>\n<li style=\"font-weight: 400;\" aria-level=\"1\"><b>Audi MMI navigation plus<\/b><span style=\"font-weight: 400;\">: Este avanzado sistema de navegaci\u00f3n asegura que siempre llegues a tu destino de la manera m\u00e1s eficiente.<\/span><\/li>\n<li style=\"font-weight: 400;\" aria-level=\"1\"><b>Audi Connect<\/b><span style=\"font-weight: 400;\"> y <\/span><b>Audi virtual cockpit<\/b><span style=\"font-weight: 400;\">: Estas tecnolog\u00edas de infoentretenimiento y control por voz facilitan una experiencia de conducci\u00f3n intuitiva y conectada.<\/span><\/li>\n<li style=\"font-weight: 400;\" aria-level=\"1\"><b>Pantalla de 10,25 pulgadas<\/b><span style=\"font-weight: 400;\">: Un centro de control que permite gestionar todas las funciones del veh\u00edculo de manera sencilla.<\/span><\/li>\n<li style=\"font-weight: 400;\" aria-level=\"1\"><b>Aire acondicionado y sistemas de control clim\u00e1tico avanzados<\/b><span style=\"font-weight: 400;\">: Garantizan un confort \u00f3ptimo en el habit\u00e1culo.<\/span><\/li>\n<\/ul>\n<h3><b>Inteligencia artificial<\/b><\/h3>\n<p><span style=\"font-weight: 400;\">El <\/span><b>Audi Q4 35 e-tron<\/b><span style=\"font-weight: 400;\"> incorpora inteligencia artificial avanzada, mejorando la experiencia de conducci\u00f3n y la seguridad del usuario. Entre sus capacidades, se destacan los sistemas de asistencia al conductor, como <\/span><b>el control por voz y la navegaci\u00f3n inteligente<\/b><span style=\"font-weight: 400;\">. Estas tecnolog\u00edas permiten una interacci\u00f3n m\u00e1s intuitiva con el veh\u00edculo, facilitando tareas como la planificaci\u00f3n de rutas y la gesti\u00f3n del tr\u00e1fico en tiempo real.\u00a0<\/span><\/p>\n<p><span style=\"font-weight: 400;\">Adem\u00e1s, dispondr\u00e1 de <\/span><b>la inteligencia artificial del ChatGPT<\/b><span style=\"font-weight: 400;\"> optimiza el rendimiento del coche, ajustando par\u00e1metros para maximizar la eficiencia energ\u00e9tica y la autonom\u00eda. Sus funciones van m\u00e1s all\u00e1 del infoentretenimiento, se aplica a la navegaci\u00f3n y uso del aire acondicionado.<\/span><\/p>\n<h3><b>Caracter\u00edsticas t\u00e9cnicas del Audi Q4 35 e-tron<\/b><\/h3>\n<p><span style=\"font-weight: 400;\">El nuevo Audi Q4 35 e-tron est\u00e1 equipado con un <\/span><b>motor el\u00e9ctrico en el eje trasero<\/b><span style=\"font-weight: 400;\"> que proporciona una potencia m\u00e1xima de <\/span><b>125 kW (170 CV)<\/b><span style=\"font-weight: 400;\">. Este motor cuenta con un sistema de refrigeraci\u00f3n por aceite para mantener \u00f3ptima la temperatura del motor y la caja de cambios autom\u00e1tica de una sola velocidad.\u00a0<\/span><\/p>\n<p><span style=\"font-weight: 400;\">La versi\u00f3n b\u00e1sica viene con una <\/span><b>bater\u00eda de iones de litio<\/b><span style=\"font-weight: 400;\"> de 5<\/span><b>5 kWh de capacidad bruta y 52 kWh utilizable<\/b><span style=\"font-weight: 400;\">, ofreciendo una autonom\u00eda de hasta 355 km (Q4 35 e-tron) y 365 km (Q4 35 Sportback e-tron) seg\u00fan el ciclo WLTP.<\/span><\/p>\n<table>\n<tbody>\n<tr>\n<td><strong>Especificaciones<\/strong><\/td>\n<td><strong>Q4 35 e-tron<\/strong><\/td>\n<td><strong>Q4 35 Sportback e-tron<\/strong><\/td>\n<\/tr>\n<tr>\n<td><strong>Potencia m\u00e1xima<\/strong><\/td>\n<td><span style=\"font-weight: 400;\">125 kW \/ 170 CV<\/span><\/td>\n<td><span style=\"font-weight: 400;\">125 kW \/ 170 CV<\/span><\/td>\n<\/tr>\n<tr>\n<td><strong>0-100 Km\/h<\/strong><\/td>\n<td><span style=\"font-weight: 400;\">9,0 s<\/span><\/td>\n<td><span style=\"font-weight: 400;\">9,0 s<\/span><\/td>\n<\/tr>\n<tr>\n<td><strong>Velocidad M\u00e1xima<\/strong><\/td>\n<td><span style=\"font-weight: 400;\">160 km\/h<\/span><\/td>\n<td><span style=\"font-weight: 400;\">160 km\/h<\/span><\/td>\n<\/tr>\n<tr>\n<td><strong>Consumo<\/strong><\/td>\n<td><span style=\"font-weight: 400;\">19,2 &#8211; 17 kWh<\/span><\/td>\n<td><span style=\"font-weight: 400;\">19,2 &#8211; 16,4 kWh<\/span><\/td>\n<\/tr>\n<tr>\n<td><strong>Autonom\u00eda<\/strong><\/td>\n<td><span style=\"font-weight: 400;\">355 km<\/span><\/td>\n<td><span style=\"font-weight: 400;\">365 km<\/span><\/td>\n<\/tr>\n<\/tbody>\n<\/table>\n<p><span style=\"font-weight: 400;\">Para mejorar la autonom\u00eda, Audi ha implementado un cargador r\u00e1pido de hasta <\/span><b>145 kW<\/b><span style=\"font-weight: 400;\">, permitiendo c<\/span><b>argar del 10 % al 80 % en solo 25 minutos<\/b><span style=\"font-weight: 400;\">, recuperando <\/span><b>125 km en 10 minutos en el Q4 e-tron <\/b><span style=\"font-weight: 400;\">y <\/span><b>15 minutos en el Sportback<\/b><span style=\"font-weight: 400;\">. Los pedidos para esta nueva versi\u00f3n se abrir\u00e1n a finales de julio, con precios estimados en <\/span><b>45.000 euros para el Q4 <\/b><span style=\"font-weight: 400;\">y <\/span><b>47.000 euros para el Sportback<\/b><span style=\"font-weight: 400;\">.\u00a0\u00a0\u00a0\u00a0\u00a0\u00a0\u00a0\u00a0\u00a0<\/span><\/p>\n<h2><b>Alternativa: los Audi de segunda mano<\/b><\/h2>\n<p><span style=\"font-weight: 400;\">Adquirir <\/span><a href=\"https:\/\/www.ocasionplus.com\/coches-ocasion\/audi\"><strong>un<\/strong> <strong>Audi de segunda mano<\/strong><\/a><span style=\"font-weight: 400;\"> es una excelente opci\u00f3n para quienes desean disfrutar de la calidad y tecnolog\u00eda de la marca a un precio m\u00e1s accesible. Los modelos de la casa alemana conservan su valor gracias a <\/span><b>su durabilidad y prestaciones avanzadas<\/b><span style=\"font-weight: 400;\">. Descubre en <\/span><a href=\"https:\/\/www.ocasionplus.com\/\"><b>OcasionPlus <\/b><\/a><span style=\"font-weight: 400;\">todos <a href=\"https:\/\/www.ocasionplus.com\/coches-ocasion\">los veh\u00edculos de ocasi\u00f3n<\/a> disponibles de la marca y empieza a disfrutar tu Audi de ocasi\u00f3n al mejor precio.<\/span>[\/vc_column_text][\/vc_column][\/vc_row][vc_row el_class=&#8221;comprar-coche-CTA&#8221;][vc_column][vc_custom_heading text=&#8221;\u00a1Encuentra tu Audi de ocasi\u00f3n al mejor precio!&#8221; use_theme_fonts=&#8221;yes&#8221; css=&#8221;&#8221;][vc_row_inner][vc_column_inner width=&#8221;8\/12&#8243;][vc_column_text css=&#8221;&#8221;]<\/p>\n<p>Ofrecemos la mejor relaci\u00f3n calidad-precio en todos nuestros m\u00e1s de 8.000 coches de segunda mano.<\/p>\n<p>[\/vc_column_text][\/vc_column_inner][vc_column_inner width=&#8221;4\/12&#8243;][vc_btn title=&#8221;Busca Ahora&#8221; style=&#8221;custom&#8221; custom_background=&#8221;#009fe3&#8243; custom_text=&#8221;#ffffff&#8221; align=&#8221;center&#8221; css=&#8221;&#8221; link=&#8221;url:%2Fcoches-ocasion%2Faudi|title:Audis%20de%20segunda%20mano&#8221;][\/vc_column_inner][\/vc_row_inner][vc_row_inner el_id=&#8221;logo-placement&#8221; css=&#8221;.vc_custom_1719615816721{margin-top: 2px !important;margin-bottom: 12px !important;}&#8221;][vc_column_inner][vc_single_image image=&#8221;11299&#8243; img_size=&#8221;277&#215;43&#8243; alignment=&#8221;center&#8221; style=&#8221;vc_box_rounded&#8221; css=&#8221;&#8221; el_class=&#8221;logo-component-comprar&#8221;][\/vc_column_inner][\/vc_row_inner][\/vc_column][\/vc_row]<\/p>\n<\/div>","protected":false},"excerpt":{"rendered":"<p>[vc_row][vc_column][vc_column_text css=&#8221;&#8221;]El nuevo Audi Q4 35 e-tron representa un hito significativo en la evoluci\u00f3n de los veh\u00edculos el\u00e9ctricos. La marca de los cuatro aros ha ampliado la gama Q4 y estar\u00e1 disponible por menos de 50.000 euros. Con su dise\u00f1o innovador y sus prestaciones avanzadas, este SUV compacto se posiciona como una opci\u00f3n destacada para&#8230;<\/p>\n","protected":false},"author":6,"featured_media":13395,"comment_status":"closed","ping_status":"open","sticky":false,"template":"","format":"standard","meta":{"footnotes":""},"categories":[2],"tags":[376,380,490],"class_list":["post-13394","post","type-post","status-publish","format-standard","has-post-thumbnail","hentry","category-ultimas-noticias","tag-audi","tag-coches-ocasion","tag-q4"],"yoast_head":"<!-- This site is optimized with the Yoast SEO Premium plugin v24.8 (Yoast SEO v24.8.1) - https:\/\/yoast.com\/wordpress\/plugins\/seo\/ -->\n<title>El Audi Q4 35 e-tron tendr\u00e1 una autonom\u00eda de hasta 365 kil\u00f3metros<\/title>\n<meta name=\"description\" content=\"El nuevo Audi Q4 35 e-tron tendr\u00e1 un motor de 125 kW y una autonom\u00eda de hasta 365 km con carga r\u00e1pida de 145 kW.\" \/>\n<meta name=\"robots\" content=\"index, follow, max-snippet:-1, max-image-preview:large, max-video-preview:-1\" \/>\n<link rel=\"canonical\" href=\"https:\/\/www.ocasionplus.com\/noticias\/audi-q4-35-e-tron-el-futuro-de-la-movilidad-electrica\/\" \/>\n<meta property=\"og:locale\" content=\"es_ES\" \/>\n<meta property=\"og:type\" content=\"article\" \/>\n<meta property=\"og:title\" content=\"Nuevo Audi Q4 35 e-tron: el futuro de la movilidad el\u00e9ctrica\" \/>\n<meta property=\"og:description\" content=\"El nuevo Audi Q4 35 e-tron tendr\u00e1 un motor de 125 kW y una autonom\u00eda de hasta 365 km con carga r\u00e1pida de 145 kW.\" \/>\n<meta property=\"og:url\" content=\"https:\/\/www.ocasionplus.com\/noticias\/audi-q4-35-e-tron-el-futuro-de-la-movilidad-electrica\/\" \/>\n<meta property=\"og:site_name\" content=\"OcasionPlus Blog\" \/>\n<meta property=\"article:publisher\" content=\"https:\/\/www.facebook.com\/ocasionplus\" \/>\n<meta property=\"article:published_time\" content=\"2024-07-19T15:29:04+00:00\" \/>\n<meta property=\"article:modified_time\" content=\"2025-03-27T09:47:45+00:00\" \/>\n<meta property=\"og:image\" content=\"https:\/\/www.ocasionplus.com\/wp-content\/uploads\/2024\/07\/audi_Q4_tron_nuevo.jpg\" \/>\n\t<meta property=\"og:image:width\" content=\"960\" \/>\n\t<meta property=\"og:image:height\" content=\"678\" \/>\n\t<meta property=\"og:image:type\" content=\"image\/jpeg\" \/>\n<meta name=\"author\" content=\"Maite Mesones Rojas\" \/>\n<meta name=\"twitter:card\" content=\"summary_large_image\" \/>\n<meta name=\"twitter:creator\" content=\"@ocasionplus\" \/>\n<meta name=\"twitter:site\" content=\"@ocasionplus\" \/>\n<meta name=\"twitter:label1\" content=\"Escrito por\" \/>\n\t<meta name=\"twitter:data1\" content=\"Maite Mesones Rojas\" \/>\n\t<meta name=\"twitter:label2\" content=\"Tiempo de lectura\" \/>\n\t<meta name=\"twitter:data2\" content=\"4 minutos\" \/>\n<script type=\"application\/ld+json\" class=\"yoast-schema-graph\">{\"@context\":\"https:\/\/schema.org\",\"@graph\":[{\"@type\":\"Article\",\"@id\":\"https:\/\/www.ocasionplus.com\/noticias\/audi-q4-35-e-tron-el-futuro-de-la-movilidad-electrica\/#article\",\"isPartOf\":{\"@id\":\"https:\/\/www.ocasionplus.com\/noticias\/audi-q4-35-e-tron-el-futuro-de-la-movilidad-electrica\/\"},\"author\":{\"name\":\"Maite Mesones Rojas\",\"@id\":\"https:\/\/www.ocasionplus.com\/noticias\/#\/schema\/person\/f7cd35dbbed23ca6c4ab2c5f7a2faf69\"},\"headline\":\"Nuevo Audi Q4 35 e-tron: el futuro de la movilidad el\u00e9ctrica\",\"datePublished\":\"2024-07-19T15:29:04+00:00\",\"dateModified\":\"2025-03-27T09:47:45+00:00\",\"mainEntityOfPage\":{\"@id\":\"https:\/\/www.ocasionplus.com\/noticias\/audi-q4-35-e-tron-el-futuro-de-la-movilidad-electrica\/\"},\"wordCount\":864,\"publisher\":{\"@id\":\"https:\/\/www.ocasionplus.com\/noticias\/#organization\"},\"image\":{\"@id\":\"https:\/\/www.ocasionplus.com\/noticias\/audi-q4-35-e-tron-el-futuro-de-la-movilidad-electrica\/#primaryimage\"},\"thumbnailUrl\":\"https:\/\/www.ocasionplus.com\/wp-content\/uploads\/2024\/07\/audi_Q4_tron_nuevo.jpg\",\"keywords\":[\"audi\",\"coches ocasion\",\"Q4\"],\"articleSection\":[\"\u00daltimas Noticias\"],\"inLanguage\":\"es\",\"copyrightYear\":\"2024\",\"copyrightHolder\":{\"@id\":\"https:\/\/www.ocasionplus.com\/noticias\/#organization\"}},{\"@type\":\"WebPage\",\"@id\":\"https:\/\/www.ocasionplus.com\/noticias\/audi-q4-35-e-tron-el-futuro-de-la-movilidad-electrica\/\",\"url\":\"https:\/\/www.ocasionplus.com\/noticias\/audi-q4-35-e-tron-el-futuro-de-la-movilidad-electrica\/\",\"name\":\"El Audi Q4 35 e-tron tendr\u00e1 una autonom\u00eda de hasta 365 kil\u00f3metros\",\"isPartOf\":{\"@id\":\"https:\/\/www.ocasionplus.com\/noticias\/#website\"},\"primaryImageOfPage\":{\"@id\":\"https:\/\/www.ocasionplus.com\/noticias\/audi-q4-35-e-tron-el-futuro-de-la-movilidad-electrica\/#primaryimage\"},\"image\":{\"@id\":\"https:\/\/www.ocasionplus.com\/noticias\/audi-q4-35-e-tron-el-futuro-de-la-movilidad-electrica\/#primaryimage\"},\"thumbnailUrl\":\"https:\/\/www.ocasionplus.com\/wp-content\/uploads\/2024\/07\/audi_Q4_tron_nuevo.jpg\",\"datePublished\":\"2024-07-19T15:29:04+00:00\",\"dateModified\":\"2025-03-27T09:47:45+00:00\",\"description\":\"El nuevo Audi Q4 35 e-tron tendr\u00e1 un motor de 125 kW y una autonom\u00eda de hasta 365 km con carga r\u00e1pida de 145 kW.\",\"breadcrumb\":{\"@id\":\"https:\/\/www.ocasionplus.com\/noticias\/audi-q4-35-e-tron-el-futuro-de-la-movilidad-electrica\/#breadcrumb\"},\"inLanguage\":\"es\",\"potentialAction\":[{\"@type\":\"ReadAction\",\"target\":[\"https:\/\/www.ocasionplus.com\/noticias\/audi-q4-35-e-tron-el-futuro-de-la-movilidad-electrica\/\"]}]},{\"@type\":\"ImageObject\",\"inLanguage\":\"es\",\"@id\":\"https:\/\/www.ocasionplus.com\/noticias\/audi-q4-35-e-tron-el-futuro-de-la-movilidad-electrica\/#primaryimage\",\"url\":\"https:\/\/www.ocasionplus.com\/wp-content\/uploads\/2024\/07\/audi_Q4_tron_nuevo.jpg\",\"contentUrl\":\"https:\/\/www.ocasionplus.com\/wp-content\/uploads\/2024\/07\/audi_Q4_tron_nuevo.jpg\",\"width\":960,\"height\":678,\"caption\":\"Audi Q4 35 e-tron\"},{\"@type\":\"BreadcrumbList\",\"@id\":\"https:\/\/www.ocasionplus.com\/noticias\/audi-q4-35-e-tron-el-futuro-de-la-movilidad-electrica\/#breadcrumb\",\"itemListElement\":[{\"@type\":\"ListItem\",\"position\":1,\"name\":\"Portada\",\"item\":\"https:\/\/www.ocasionplus.com\/noticias\/\"},{\"@type\":\"ListItem\",\"position\":2,\"name\":\"Nuevo Audi Q4 35 e-tron: el futuro de la movilidad el\u00e9ctrica\"}]},{\"@type\":\"WebSite\",\"@id\":\"https:\/\/www.ocasionplus.com\/noticias\/#website\",\"url\":\"https:\/\/www.ocasionplus.com\/noticias\/\",\"name\":\"OcasionPlus Blog\",\"description\":\"Veh\u00edculos de ocasi\u00f3n\",\"publisher\":{\"@id\":\"https:\/\/www.ocasionplus.com\/noticias\/#organization\"},\"potentialAction\":[{\"@type\":\"SearchAction\",\"target\":{\"@type\":\"EntryPoint\",\"urlTemplate\":\"https:\/\/www.ocasionplus.com\/noticias\/?s={search_term_string}\"},\"query-input\":{\"@type\":\"PropertyValueSpecification\",\"valueRequired\":true,\"valueName\":\"search_term_string\"}}],\"inLanguage\":\"es\"},{\"@type\":\"Organization\",\"@id\":\"https:\/\/www.ocasionplus.com\/noticias\/#organization\",\"name\":\"OcasionPlus\",\"url\":\"https:\/\/www.ocasionplus.com\/noticias\/\",\"logo\":{\"@type\":\"ImageObject\",\"inLanguage\":\"es\",\"@id\":\"https:\/\/www.ocasionplus.com\/noticias\/#\/schema\/logo\/image\/\",\"url\":\"https:\/\/www.ocasionplus.com\/wp-content\/uploads\/2024\/05\/cropped-cropped-oplus-logo-blog.png\",\"contentUrl\":\"https:\/\/www.ocasionplus.com\/wp-content\/uploads\/2024\/05\/cropped-cropped-oplus-logo-blog.png\",\"width\":360,\"height\":71,\"caption\":\"OcasionPlus\"},\"image\":{\"@id\":\"https:\/\/www.ocasionplus.com\/noticias\/#\/schema\/logo\/image\/\"},\"sameAs\":[\"https:\/\/www.facebook.com\/ocasionplus\",\"https:\/\/x.com\/ocasionplus\",\"https:\/\/www.instagram.com\/ocasion_plus\",\"https:\/\/www.youtube.com\/channel\/UCBiCAto61Lyu27CgI95wrYQ\",\"https:\/\/www.tiktok.com\/@ocasionplus.com\",\"https:\/\/es.linkedin.com\/company\/ocasionplus\"]},{\"@type\":\"Person\",\"@id\":\"https:\/\/www.ocasionplus.com\/noticias\/#\/schema\/person\/f7cd35dbbed23ca6c4ab2c5f7a2faf69\",\"name\":\"Maite Mesones Rojas\",\"image\":{\"@type\":\"ImageObject\",\"inLanguage\":\"es\",\"@id\":\"https:\/\/www.ocasionplus.com\/noticias\/#\/schema\/person\/image\/\",\"url\":\"https:\/\/ocasionplus-dev.grupoocasionplus.com\/wp-content\/uploads\/2024\/06\/maite-mesones-rojas_avatar_1-96x96.jpg\",\"contentUrl\":\"https:\/\/ocasionplus-dev.grupoocasionplus.com\/wp-content\/uploads\/2024\/06\/maite-mesones-rojas_avatar_1-96x96.jpg\",\"caption\":\"Maite Mesones Rojas\"},\"description\":\"Soy Maite Mesones, una apasionada de la comunicaci\u00f3n y las redes sociales. En este blog, compartir\u00e9 mis conocimientos, ofreciendo consejos pr\u00e1cticos y an\u00e1lisis profundos para ayudaros a tomar decisiones a la hora de adquirir o vender un veh\u00edculo de segunda mano. \u00a1Acomp\u00e1\u00f1ame en esta emocionante traves\u00eda y descubre el apasionante mundo de los coches desde una perspectiva \u00fanica y global!\",\"gender\":\"mujer\",\"worksFor\":\"OcasionPlus\"}]}<\/script>\n<!-- \/ Yoast SEO Premium plugin. -->","yoast_head_json":{"title":"El Audi Q4 35 e-tron tendr\u00e1 una autonom\u00eda de hasta 365 kil\u00f3metros","description":"El nuevo Audi Q4 35 e-tron tendr\u00e1 un motor de 125 kW y una autonom\u00eda de hasta 365 km con carga r\u00e1pida de 145 kW.","robots":{"index":"index","follow":"follow","max-snippet":"max-snippet:-1","max-image-preview":"max-image-preview:large","max-video-preview":"max-video-preview:-1"},"canonical":"https:\/\/www.ocasionplus.com\/noticias\/audi-q4-35-e-tron-el-futuro-de-la-movilidad-electrica\/","og_locale":"es_ES","og_type":"article","og_title":"Nuevo Audi Q4 35 e-tron: el futuro de la movilidad el\u00e9ctrica","og_description":"El nuevo Audi Q4 35 e-tron tendr\u00e1 un motor de 125 kW y una autonom\u00eda de hasta 365 km con carga r\u00e1pida de 145 kW.","og_url":"https:\/\/www.ocasionplus.com\/noticias\/audi-q4-35-e-tron-el-futuro-de-la-movilidad-electrica\/","og_site_name":"OcasionPlus Blog","article_publisher":"https:\/\/www.facebook.com\/ocasionplus","article_published_time":"2024-07-19T15:29:04+00:00","article_modified_time":"2025-03-27T09:47:45+00:00","og_image":[{"width":960,"height":678,"url":"https:\/\/www.ocasionplus.com\/wp-content\/uploads\/2024\/07\/audi_Q4_tron_nuevo.jpg","type":"image\/jpeg"}],"author":"Maite Mesones Rojas","twitter_card":"summary_large_image","twitter_creator":"@ocasionplus","twitter_site":"@ocasionplus","twitter_misc":{"Escrito por":"Maite Mesones Rojas","Tiempo de lectura":"4 minutos"},"schema":{"@context":"https:\/\/schema.org","@graph":[{"@type":"Article","@id":"https:\/\/www.ocasionplus.com\/noticias\/audi-q4-35-e-tron-el-futuro-de-la-movilidad-electrica\/#article","isPartOf":{"@id":"https:\/\/www.ocasionplus.com\/noticias\/audi-q4-35-e-tron-el-futuro-de-la-movilidad-electrica\/"},"author":{"name":"Maite Mesones Rojas","@id":"https:\/\/www.ocasionplus.com\/noticias\/#\/schema\/person\/f7cd35dbbed23ca6c4ab2c5f7a2faf69"},"headline":"Nuevo Audi Q4 35 e-tron: el futuro de la movilidad el\u00e9ctrica","datePublished":"2024-07-19T15:29:04+00:00","dateModified":"2025-03-27T09:47:45+00:00","mainEntityOfPage":{"@id":"https:\/\/www.ocasionplus.com\/noticias\/audi-q4-35-e-tron-el-futuro-de-la-movilidad-electrica\/"},"wordCount":864,"publisher":{"@id":"https:\/\/www.ocasionplus.com\/noticias\/#organization"},"image":{"@id":"https:\/\/www.ocasionplus.com\/noticias\/audi-q4-35-e-tron-el-futuro-de-la-movilidad-electrica\/#primaryimage"},"thumbnailUrl":"https:\/\/www.ocasionplus.com\/wp-content\/uploads\/2024\/07\/audi_Q4_tron_nuevo.jpg","keywords":["audi","coches ocasion","Q4"],"articleSection":["\u00daltimas Noticias"],"inLanguage":"es","copyrightYear":"2024","copyrightHolder":{"@id":"https:\/\/www.ocasionplus.com\/noticias\/#organization"}},{"@type":"WebPage","@id":"https:\/\/www.ocasionplus.com\/noticias\/audi-q4-35-e-tron-el-futuro-de-la-movilidad-electrica\/","url":"https:\/\/www.ocasionplus.com\/noticias\/audi-q4-35-e-tron-el-futuro-de-la-movilidad-electrica\/","name":"El Audi Q4 35 e-tron tendr\u00e1 una autonom\u00eda de hasta 365 kil\u00f3metros","isPartOf":{"@id":"https:\/\/www.ocasionplus.com\/noticias\/#website"},"primaryImageOfPage":{"@id":"https:\/\/www.ocasionplus.com\/noticias\/audi-q4-35-e-tron-el-futuro-de-la-movilidad-electrica\/#primaryimage"},"image":{"@id":"https:\/\/www.ocasionplus.com\/noticias\/audi-q4-35-e-tron-el-futuro-de-la-movilidad-electrica\/#primaryimage"},"thumbnailUrl":"https:\/\/www.ocasionplus.com\/wp-content\/uploads\/2024\/07\/audi_Q4_tron_nuevo.jpg","datePublished":"2024-07-19T15:29:04+00:00","dateModified":"2025-03-27T09:47:45+00:00","description":"El nuevo Audi Q4 35 e-tron tendr\u00e1 un motor de 125 kW y una autonom\u00eda de hasta 365 km con carga r\u00e1pida de 145 kW.","breadcrumb":{"@id":"https:\/\/www.ocasionplus.com\/noticias\/audi-q4-35-e-tron-el-futuro-de-la-movilidad-electrica\/#breadcrumb"},"inLanguage":"es","potentialAction":[{"@type":"ReadAction","target":["https:\/\/www.ocasionplus.com\/noticias\/audi-q4-35-e-tron-el-futuro-de-la-movilidad-electrica\/"]}]},{"@type":"ImageObject","inLanguage":"es","@id":"https:\/\/www.ocasionplus.com\/noticias\/audi-q4-35-e-tron-el-futuro-de-la-movilidad-electrica\/#primaryimage","url":"https:\/\/www.ocasionplus.com\/wp-content\/uploads\/2024\/07\/audi_Q4_tron_nuevo.jpg","contentUrl":"https:\/\/www.ocasionplus.com\/wp-content\/uploads\/2024\/07\/audi_Q4_tron_nuevo.jpg","width":960,"height":678,"caption":"Audi Q4 35 e-tron"},{"@type":"BreadcrumbList","@id":"https:\/\/www.ocasionplus.com\/noticias\/audi-q4-35-e-tron-el-futuro-de-la-movilidad-electrica\/#breadcrumb","itemListElement":[{"@type":"ListItem","position":1,"name":"Portada","item":"https:\/\/www.ocasionplus.com\/noticias\/"},{"@type":"ListItem","position":2,"name":"Nuevo Audi Q4 35 e-tron: el futuro de la movilidad el\u00e9ctrica"}]},{"@type":"WebSite","@id":"https:\/\/www.ocasionplus.com\/noticias\/#website","url":"https:\/\/www.ocasionplus.com\/noticias\/","name":"OcasionPlus Blog","description":"Veh\u00edculos de ocasi\u00f3n","publisher":{"@id":"https:\/\/www.ocasionplus.com\/noticias\/#organization"},"potentialAction":[{"@type":"SearchAction","target":{"@type":"EntryPoint","urlTemplate":"https:\/\/www.ocasionplus.com\/noticias\/?s={search_term_string}"},"query-input":{"@type":"PropertyValueSpecification","valueRequired":true,"valueName":"search_term_string"}}],"inLanguage":"es"},{"@type":"Organization","@id":"https:\/\/www.ocasionplus.com\/noticias\/#organization","name":"OcasionPlus","url":"https:\/\/www.ocasionplus.com\/noticias\/","logo":{"@type":"ImageObject","inLanguage":"es","@id":"https:\/\/www.ocasionplus.com\/noticias\/#\/schema\/logo\/image\/","url":"https:\/\/www.ocasionplus.com\/wp-content\/uploads\/2024\/05\/cropped-cropped-oplus-logo-blog.png","contentUrl":"https:\/\/www.ocasionplus.com\/wp-content\/uploads\/2024\/05\/cropped-cropped-oplus-logo-blog.png","width":360,"height":71,"caption":"OcasionPlus"},"image":{"@id":"https:\/\/www.ocasionplus.com\/noticias\/#\/schema\/logo\/image\/"},"sameAs":["https:\/\/www.facebook.com\/ocasionplus","https:\/\/x.com\/ocasionplus","https:\/\/www.instagram.com\/ocasion_plus","https:\/\/www.youtube.com\/channel\/UCBiCAto61Lyu27CgI95wrYQ","https:\/\/www.tiktok.com\/@ocasionplus.com","https:\/\/es.linkedin.com\/company\/ocasionplus"]},{"@type":"Person","@id":"https:\/\/www.ocasionplus.com\/noticias\/#\/schema\/person\/f7cd35dbbed23ca6c4ab2c5f7a2faf69","name":"Maite Mesones Rojas","image":{"@type":"ImageObject","inLanguage":"es","@id":"https:\/\/www.ocasionplus.com\/noticias\/#\/schema\/person\/image\/","url":"https:\/\/ocasionplus-dev.grupoocasionplus.com\/wp-content\/uploads\/2024\/06\/maite-mesones-rojas_avatar_1-96x96.jpg","contentUrl":"https:\/\/ocasionplus-dev.grupoocasionplus.com\/wp-content\/uploads\/2024\/06\/maite-mesones-rojas_avatar_1-96x96.jpg","caption":"Maite Mesones Rojas"},"description":"Soy Maite Mesones, una apasionada de la comunicaci\u00f3n y las redes sociales. En este blog, compartir\u00e9 mis conocimientos, ofreciendo consejos pr\u00e1cticos y an\u00e1lisis profundos para ayudaros a tomar decisiones a la hora de adquirir o vender un veh\u00edculo de segunda mano. \u00a1Acomp\u00e1\u00f1ame en esta emocionante traves\u00eda y descubre el apasionante mundo de los coches desde una perspectiva \u00fanica y global!","gender":"mujer","worksFor":"OcasionPlus"}]}},"jetpack_featured_media_url":"https:\/\/www.ocasionplus.com\/wp-content\/uploads\/2024\/07\/audi_Q4_tron_nuevo.jpg","_links":{"self":[{"href":"https:\/\/www.ocasionplus.com\/noticias\/wp-json\/wp\/v2\/posts\/13394","targetHints":{"allow":["GET"]}}],"collection":[{"href":"https:\/\/www.ocasionplus.com\/noticias\/wp-json\/wp\/v2\/posts"}],"about":[{"href":"https:\/\/www.ocasionplus.com\/noticias\/wp-json\/wp\/v2\/types\/post"}],"author":[{"embeddable":true,"href":"https:\/\/www.ocasionplus.com\/noticias\/wp-json\/wp\/v2\/users\/6"}],"replies":[{"embeddable":true,"href":"https:\/\/www.ocasionplus.com\/noticias\/wp-json\/wp\/v2\/comments?post=13394"}],"version-history":[{"count":8,"href":"https:\/\/www.ocasionplus.com\/noticias\/wp-json\/wp\/v2\/posts\/13394\/revisions"}],"predecessor-version":[{"id":13401,"href":"https:\/\/www.ocasionplus.com\/noticias\/wp-json\/wp\/v2\/posts\/13394\/revisions\/13401"}],"wp:featuredmedia":[{"embeddable":true,"href":"https:\/\/www.ocasionplus.com\/noticias\/wp-json\/wp\/v2\/media\/13395"}],"wp:attachment":[{"href":"https:\/\/www.ocasionplus.com\/noticias\/wp-json\/wp\/v2\/media?parent=13394"}],"wp:term":[{"taxonomy":"category","embeddable":true,"href":"https:\/\/www.ocasionplus.com\/noticias\/wp-json\/wp\/v2\/categories?post=13394"},{"taxonomy":"post_tag","embeddable":true,"href":"https:\/\/www.ocasionplus.com\/noticias\/wp-json\/wp\/v2\/tags?post=13394"}],"curies":[{"name":"wp","href":"https:\/\/api.w.org\/{rel}","templated":true}]}}