{"id":13490,"date":"2024-07-24T16:19:18","date_gmt":"2024-07-24T14:19:18","guid":{"rendered":"https:\/\/www.ocasionplus.com\/noticias\/?p=13490"},"modified":"2025-03-27T10:47:44","modified_gmt":"2025-03-27T09:47:44","slug":"coches-con-el-maletero-mas-grande","status":"publish","type":"post","link":"https:\/\/www.ocasionplus.com\/noticias\/coches-con-el-maletero-mas-grande\/","title":{"rendered":"\u00bfCu\u00e1les son los coches con el maletero m\u00e1s grande del mercado?"},"content":{"rendered":"<div class=\"wpb-content-wrapper\"><p>[vc_row][vc_column][vc_column_text]Existen diferentes modelos de coches con el maletero m\u00e1s grande del mercado, no importa si son <a href=\"https:\/\/www.ocasionplus.com\/coches-ocasion\/todoterreno\">SUV de segunda mano<\/a> o <a href=\"https:\/\/www.ocasionplus.com\/coches-ocasion\/familiar\">familiares de ocasi\u00f3n<\/a>. En este art\u00edculo te vamos a indicar los 10 coches con mejor capacidad de maletero, siendo uno de los motivos que se fijan los conductores a la hora de buscar un <a href=\"https:\/\/www.ocasionplus.com\/coches-ocasion\">coche de segunda mano<\/a>.<\/p>\n<p>Muchos de los conductores se fijan en el maletero por la capacidad de carga que necesitan para transportarse, por ejemplo, una familia con varios ni\u00f1os o alguna mascota, que le permita transportar diferentes objetos.<\/p>\n<h2>Top 10 de coches con el maletero m\u00e1s grande del 2024<\/h2>\n<p>Los coches que vamos a indicar en el listado, son veh\u00edculos que tienen una carrocer\u00eda familiar o monovolumen, ya que de mayor longitud les permite tener la capacidad de un gran maletero, que van desde los 400 litros hasta los 690 litros. Estos son los coches con el maletero m\u00e1s grande de 2024:<\/p>\n<h2>Skoda Super Combi<\/h2>\n<figure id=\"attachment_13491\" aria-describedby=\"caption-attachment-13491\" style=\"width: 1024px\" class=\"wp-caption alignnone\"><img loading=\"lazy\" decoding=\"async\" class=\"wp-image-13491 size-large\" src=\"https:\/\/www.ocasionplus.com\/wp-content\/uploads\/2024\/07\/Skoda-super-Combi-1024x576.jpg\" alt=\"Skoda super Combi\" width=\"1024\" height=\"576\" srcset=\"https:\/\/www.ocasionplus.com\/wp-content\/uploads\/2024\/07\/Skoda-super-Combi-1024x576.jpg 1024w, https:\/\/www.ocasionplus.com\/wp-content\/uploads\/2024\/07\/Skoda-super-Combi-300x169.jpg 300w, https:\/\/www.ocasionplus.com\/wp-content\/uploads\/2024\/07\/Skoda-super-Combi-512x288.jpg 512w, https:\/\/www.ocasionplus.com\/wp-content\/uploads\/2024\/07\/Skoda-super-Combi-255x143.jpg 255w, https:\/\/www.ocasionplus.com\/wp-content\/uploads\/2024\/07\/Skoda-super-Combi-510x287.jpg 510w, https:\/\/www.ocasionplus.com\/wp-content\/uploads\/2024\/07\/Skoda-super-Combi-280x158.jpg 280w, https:\/\/www.ocasionplus.com\/wp-content\/uploads\/2024\/07\/Skoda-super-Combi-560x315.jpg 560w, https:\/\/www.ocasionplus.com\/wp-content\/uploads\/2024\/07\/Skoda-super-Combi-350x197.jpg 350w, https:\/\/www.ocasionplus.com\/wp-content\/uploads\/2024\/07\/Skoda-super-Combi-700x394.jpg 700w, https:\/\/www.ocasionplus.com\/wp-content\/uploads\/2024\/07\/Skoda-super-Combi-398x224.jpg 398w, https:\/\/www.ocasionplus.com\/wp-content\/uploads\/2024\/07\/Skoda-super-Combi-796x448.jpg 796w, https:\/\/www.ocasionplus.com\/wp-content\/uploads\/2024\/07\/Skoda-super-Combi-472x265.jpg 472w, https:\/\/www.ocasionplus.com\/wp-content\/uploads\/2024\/07\/Skoda-super-Combi.jpg 1280w\" sizes=\"auto, (max-width: 1024px) 100vw, 1024px\" \/><figcaption id=\"caption-attachment-13491\" class=\"wp-caption-text\">El Skoda Super Combi es la versi\u00f3n familiar del superb<\/figcaption><\/figure>\n<p>El Skoda Super Combi es una berlina con dise\u00f1o elegante y eficiencia de consumo de combustible. Es un modelo h\u00edbrido que brinda una autonom\u00eda de hasta 133 kil\u00f3metros. Su dise\u00f1o exterior presenta faros Matrix LED y una parrilla octogonal del radiador. Adem\u00e1s, de una l\u00ednea de techo optimizada con un spoiler prolongado.<\/p>\n<p>En su interior cuenta con un gran maletero de 690 litros de capacidad. Adem\u00e1s, combina la \u00faltima tecnolog\u00eda y una amplia gama de opciones de conectividad. Su dise\u00f1o interior se centr\u00f3 en el confort, con asientos de masaje calefactados y ventilados, y aire acondicionado tri-zona.<\/p>\n<p><a href=\"https:\/\/www.ocasionplus.com\/coches-ocasion\/skoda\/superb\">Encuentra el Skoda Superb de segunda mano en OcasionPlus<\/a><\/p>\n<h2>Volkswagen Passat Variant<\/h2>\n<figure id=\"attachment_12853\" aria-describedby=\"caption-attachment-12853\" style=\"width: 1024px\" class=\"wp-caption alignnone\"><img loading=\"lazy\" decoding=\"async\" class=\"wp-image-12853 size-large\" src=\"https:\/\/www.ocasionplus.com\/wp-content\/uploads\/2024\/07\/Volkswagen-Passat-2024-1024x683.jpg\" alt=\"Volkswagen Passat 2024\" width=\"1024\" height=\"683\" srcset=\"https:\/\/www.ocasionplus.com\/wp-content\/uploads\/2024\/07\/Volkswagen-Passat-2024-1024x683.jpg 1024w, https:\/\/www.ocasionplus.com\/wp-content\/uploads\/2024\/07\/Volkswagen-Passat-2024-300x200.jpg 300w, https:\/\/www.ocasionplus.com\/wp-content\/uploads\/2024\/07\/Volkswagen-Passat-2024-255x170.jpg 255w, https:\/\/www.ocasionplus.com\/wp-content\/uploads\/2024\/07\/Volkswagen-Passat-2024-510x340.jpg 510w, https:\/\/www.ocasionplus.com\/wp-content\/uploads\/2024\/07\/Volkswagen-Passat-2024-280x187.jpg 280w, https:\/\/www.ocasionplus.com\/wp-content\/uploads\/2024\/07\/Volkswagen-Passat-2024-560x374.jpg 560w, https:\/\/www.ocasionplus.com\/wp-content\/uploads\/2024\/07\/Volkswagen-Passat-2024-350x234.jpg 350w, https:\/\/www.ocasionplus.com\/wp-content\/uploads\/2024\/07\/Volkswagen-Passat-2024-700x467.jpg 700w, https:\/\/www.ocasionplus.com\/wp-content\/uploads\/2024\/07\/Volkswagen-Passat-2024-398x266.jpg 398w, https:\/\/www.ocasionplus.com\/wp-content\/uploads\/2024\/07\/Volkswagen-Passat-2024-796x531.jpg 796w, https:\/\/www.ocasionplus.com\/wp-content\/uploads\/2024\/07\/Volkswagen-Passat-2024-266x177.jpg 266w, https:\/\/www.ocasionplus.com\/wp-content\/uploads\/2024\/07\/Volkswagen-Passat-2024-600x400.jpg 600w, https:\/\/www.ocasionplus.com\/wp-content\/uploads\/2024\/07\/Volkswagen-Passat-2024.jpg 1199w\" sizes=\"auto, (max-width: 1024px) 100vw, 1024px\" \/><figcaption id=\"caption-attachment-12853\" class=\"wp-caption-text\">El nuevo Volkswagen Passat 2024 solo estar\u00e1 disponible en carrocer\u00eda familiar<\/figcaption><\/figure>\n<p>El Volkswagen Passat Variant es una berlina familiar. Se encuentra disponible con motores di\u00e9sel, de gasolina y variantes h\u00edbridas enchufables. Este modelo mide 4,92 metros de longitud, que lo convierte en uno de los modelos familiares con m\u00e1s espacio para las piernas en las plazas posteriores.<\/p>\n<p>Ofrece un maletero con una capacidad de 690 litros; adem\u00e1s, de un interior con alta tecnolog\u00eda y m\u00faltiples ayudas a la conducci\u00f3n. Su versi\u00f3n h\u00edbrida enchufable es 1.5 TSI de 272 CV, que le permite alcanzar una velocidad m\u00e1xima de 225 km\/h y una autonom\u00eda de hasta 100 kil\u00f3metros.<\/p>\n<p><a href=\"https:\/\/www.ocasionplus.com\/coches-ocasion\/volkswagen\/passat\">Descubre el Volkswagen Passat de segunda mano en OcasionPlus<\/a><\/p>\n<h2>Skoda Octavia Combi<\/h2>\n<figure id=\"attachment_9612\" aria-describedby=\"caption-attachment-9612\" style=\"width: 1024px\" class=\"wp-caption alignnone\"><img loading=\"lazy\" decoding=\"async\" class=\"wp-image-9612 size-large\" src=\"https:\/\/www.ocasionplus.com\/wp-content\/uploads\/2023\/05\/Skoda-Octavia-Combi-1024x576.jpg\" alt=\"Skoda Octavia Combi\" width=\"1024\" height=\"576\" srcset=\"https:\/\/www.ocasionplus.com\/wp-content\/uploads\/2023\/05\/Skoda-Octavia-Combi-1024x576.jpg 1024w, https:\/\/www.ocasionplus.com\/wp-content\/uploads\/2023\/05\/Skoda-Octavia-Combi-300x169.jpg 300w, https:\/\/www.ocasionplus.com\/wp-content\/uploads\/2023\/05\/Skoda-Octavia-Combi-768x432.jpg 768w, https:\/\/www.ocasionplus.com\/wp-content\/uploads\/2023\/05\/Skoda-Octavia-Combi.jpg 1280w\" sizes=\"auto, (max-width: 1024px) 100vw, 1024px\" \/><figcaption id=\"caption-attachment-9612\" class=\"wp-caption-text\">El Skoda Octavia Combi es la versi\u00f3n familiar de la berlina Skoda Octavia<\/figcaption><\/figure>\n<p>El Skoda Octavia Combi es un modelo familiar con un dise\u00f1o exterior que presenta un frontal con el logotipo en formato bidimensional y las letras del modelo en el port\u00f3n trasero. Adem\u00e1s, de unos faros Matrix LED de segunda generaci\u00f3n.<\/p>\n<p>El interior ofrece un equipamiento avanzado, con una pantalla de infoentretenimiento central de 10 pulgadas en combinaci\u00f3n con un cuadro de instrumentos digital, disponible en todas las versiones. Su capacidad de maletero es de 640 litros.<\/p>\n<p><a href=\"https:\/\/www.ocasionplus.com\/coches-ocasion\/skoda\/octavia\">Busca tu pr\u00f3ximo Skoda Octavia de segunda mano en OcasionPlus<\/a><\/p>\n<h2>Ford Focus Sportbreak<\/h2>\n<figure id=\"attachment_13492\" aria-describedby=\"caption-attachment-13492\" style=\"width: 1024px\" class=\"wp-caption alignnone\"><img loading=\"lazy\" decoding=\"async\" class=\"wp-image-13492 size-large\" src=\"https:\/\/www.ocasionplus.com\/wp-content\/uploads\/2024\/07\/Ford-focus-Sportsbreak-1024x576.jpg\" alt=\"Ford focus Sportsbreak\" width=\"1024\" height=\"576\" srcset=\"https:\/\/www.ocasionplus.com\/wp-content\/uploads\/2024\/07\/Ford-focus-Sportsbreak-1024x576.jpg 1024w, https:\/\/www.ocasionplus.com\/wp-content\/uploads\/2024\/07\/Ford-focus-Sportsbreak-300x169.jpg 300w, https:\/\/www.ocasionplus.com\/wp-content\/uploads\/2024\/07\/Ford-focus-Sportsbreak-512x288.jpg 512w, https:\/\/www.ocasionplus.com\/wp-content\/uploads\/2024\/07\/Ford-focus-Sportsbreak-255x143.jpg 255w, https:\/\/www.ocasionplus.com\/wp-content\/uploads\/2024\/07\/Ford-focus-Sportsbreak-510x287.jpg 510w, https:\/\/www.ocasionplus.com\/wp-content\/uploads\/2024\/07\/Ford-focus-Sportsbreak-280x158.jpg 280w, https:\/\/www.ocasionplus.com\/wp-content\/uploads\/2024\/07\/Ford-focus-Sportsbreak-560x315.jpg 560w, https:\/\/www.ocasionplus.com\/wp-content\/uploads\/2024\/07\/Ford-focus-Sportsbreak-350x197.jpg 350w, https:\/\/www.ocasionplus.com\/wp-content\/uploads\/2024\/07\/Ford-focus-Sportsbreak-700x394.jpg 700w, https:\/\/www.ocasionplus.com\/wp-content\/uploads\/2024\/07\/Ford-focus-Sportsbreak-398x224.jpg 398w, https:\/\/www.ocasionplus.com\/wp-content\/uploads\/2024\/07\/Ford-focus-Sportsbreak-796x448.jpg 796w, https:\/\/www.ocasionplus.com\/wp-content\/uploads\/2024\/07\/Ford-focus-Sportsbreak-472x265.jpg 472w, https:\/\/www.ocasionplus.com\/wp-content\/uploads\/2024\/07\/Ford-focus-Sportsbreak-266x150.jpg 266w, https:\/\/www.ocasionplus.com\/wp-content\/uploads\/2024\/07\/Ford-focus-Sportsbreak-600x338.jpg 600w, https:\/\/www.ocasionplus.com\/wp-content\/uploads\/2024\/07\/Ford-focus-Sportsbreak.jpg 1280w\" sizes=\"auto, (max-width: 1024px) 100vw, 1024px\" \/><figcaption id=\"caption-attachment-13492\" class=\"wp-caption-text\">El Ford focus Sportsbreak es la versi\u00f3n familiar del compacto<\/figcaption><\/figure>\n<p>El Ford Focus Sportbreak es la versi\u00f3n familiar del modelo compacto, presenta un paragolpes llamativo, con el logotipo en el centro, grandes tomas de aire y unos grupos \u00f3pticos alargados que llegan a la altura del paso de rueda.<\/p>\n<p>El interior se encuentra equipado con diferente tecnolog\u00eda, en este caso una gran pantalla para controlar el sistema de infoentretenimiento y un gran confort. Su maletero tiene una capacidad de 635 litros.<\/p>\n<p><a href=\"https:\/\/www.ocasionplus.com\/coches-ocasion\/ford\/focus\">Encuentra tu Ford Focus de segunda mano en OcasionPlus<\/a><\/p>\n<h2>Cupra Le\u00f3n Sportstourer<\/h2>\n<figure id=\"attachment_11025\" aria-describedby=\"caption-attachment-11025\" style=\"width: 1024px\" class=\"wp-caption alignnone\"><img loading=\"lazy\" decoding=\"async\" class=\"wp-image-11025 size-large\" src=\"https:\/\/www.ocasionplus.com\/wp-content\/uploads\/2024\/04\/seat-cupra.media-center-4-min-scaled-1-1024x601.jpg\" alt=\"CUPRA Formentor y CUPRA Le\u00f3n\" width=\"1024\" height=\"601\" srcset=\"https:\/\/www.ocasionplus.com\/wp-content\/uploads\/2024\/04\/seat-cupra.media-center-4-min-scaled-1-1024x601.jpg 1024w, https:\/\/www.ocasionplus.com\/wp-content\/uploads\/2024\/04\/seat-cupra.media-center-4-min-scaled-1-300x176.jpg 300w, https:\/\/www.ocasionplus.com\/wp-content\/uploads\/2024\/04\/seat-cupra.media-center-4-min-scaled-1-768x451.jpg 768w, https:\/\/www.ocasionplus.com\/wp-content\/uploads\/2024\/04\/seat-cupra.media-center-4-min-scaled-1-1536x901.jpg 1536w, https:\/\/www.ocasionplus.com\/wp-content\/uploads\/2024\/04\/seat-cupra.media-center-4-min-scaled-1-2048x1202.jpg 2048w\" sizes=\"auto, (max-width: 1024px) 100vw, 1024px\" \/><figcaption id=\"caption-attachment-11025\" class=\"wp-caption-text\">El Cupra Le\u00f3n Sportstourer es la versi\u00f3n familiar el Cupra Le\u00f3n<\/figcaption><\/figure>\n<p>El Cupra Le\u00f3n Sportstourer es la versi\u00f3n familiar del compacto Cupra Le\u00f3n. Es un modelo que combina dise\u00f1o con tecnolog\u00eda y motores eficientes. Presenta un dise\u00f1o exterior atractivo y deportivo, con l\u00edneas semimarcadas que recorren gran parte de la carrocer\u00eda y unos grupos \u00f3pticos de alta tecnolog\u00eda con tubos de escape de alto rendimiento.<\/p>\n<p>El interior viene con un equipamiento completo, con una pantalla de infoentretenimiento central de 12.9 pulgadas y asientos de competici\u00f3n con curvatura y sujeci\u00f3n lateral. Este modelo presenta un maletero de 620 litros, que al abatir los asientos llega hasta los 1450 litros de capacidad.<\/p>\n<p><a href=\"https:\/\/www.ocasionplus.com\/coches-ocasion\/cupra\">Descubre tu pr\u00f3ximo Cupra de segunda mano en OcasionPlus<\/a><\/p>\n<h2>Dacia Jogger<\/h2>\n<figure id=\"attachment_10034\" aria-describedby=\"caption-attachment-10034\" style=\"width: 1024px\" class=\"wp-caption alignnone\"><img loading=\"lazy\" decoding=\"async\" class=\"wp-image-10034 size-large\" src=\"https:\/\/www.ocasionplus.com\/wp-content\/uploads\/2023\/12\/Dacia-Jogger-1024x768.jpg\" alt=\"Dacia Jogger en las monta\u00f1as\" width=\"1024\" height=\"768\" srcset=\"https:\/\/www.ocasionplus.com\/wp-content\/uploads\/2023\/12\/Dacia-Jogger-1024x768.jpg 1024w, https:\/\/www.ocasionplus.com\/wp-content\/uploads\/2023\/12\/Dacia-Jogger-300x225.jpg 300w, https:\/\/www.ocasionplus.com\/wp-content\/uploads\/2023\/12\/Dacia-Jogger-768x576.jpg 768w, https:\/\/www.ocasionplus.com\/wp-content\/uploads\/2023\/12\/Dacia-Jogger-1536x1152.jpg 1536w, https:\/\/www.ocasionplus.com\/wp-content\/uploads\/2023\/12\/Dacia-Jogger-398x299.jpg 398w, https:\/\/www.ocasionplus.com\/wp-content\/uploads\/2023\/12\/Dacia-Jogger-600x450.jpg 600w, https:\/\/www.ocasionplus.com\/wp-content\/uploads\/2023\/12\/Dacia-Jogger.jpg 1920w\" sizes=\"auto, (max-width: 1024px) 100vw, 1024px\" \/><figcaption id=\"caption-attachment-10034\" class=\"wp-caption-text\">El Dacia Jogger es un veh\u00edculo familiar que hereda el dise\u00f1o del Dacia Sandero<\/figcaption><\/figure>\n<p>El Dacia Jogger es un veh\u00edculo familiar que ofrece una gran relaci\u00f3n calidad precio. Su dise\u00f1o es sencillo, pero llamativo, su paragolpes frontal presenta una parrilla de grandes dimensiones con unos grupos \u00f3pticos alargados y unas tomas de aire que tienen detalles en pl\u00e1stico. Al igual que los pasos de rueda y los guardabarros, tienen detalles en pl\u00e1stico.<\/p>\n<p>En el interior se presenta un habit\u00e1culo sencillo y pr\u00e1ctico, con una pantalla t\u00e1ctil de 7 pulgadas para el sistema de infoentretenimiento y una capacidad del maletero de 607 litros. Adem\u00e1s, de estar disponible en motores di\u00e9sel y de gasolina con una potencia que va desde los 109 CV.<\/p>\n<p><a href=\"https:\/\/www.ocasionplus.com\/coches-ocasion\/dacia\/jogger\">Busca tu pr\u00f3ximo Dacia Jogger de segunda mano en OcasionPlus<\/a><\/p>\n<h2>Citro\u00ebn C5 X<\/h2>\n<figure id=\"attachment_13493\" aria-describedby=\"caption-attachment-13493\" style=\"width: 1024px\" class=\"wp-caption alignnone\"><img loading=\"lazy\" decoding=\"async\" class=\"wp-image-13493 size-large\" src=\"https:\/\/www.ocasionplus.com\/wp-content\/uploads\/2024\/07\/Citroen-C5-X-1024x576.jpg\" alt=\"Citro\u00ebn C5 X\" width=\"1024\" height=\"576\" srcset=\"https:\/\/www.ocasionplus.com\/wp-content\/uploads\/2024\/07\/Citroen-C5-X-1024x576.jpg 1024w, https:\/\/www.ocasionplus.com\/wp-content\/uploads\/2024\/07\/Citroen-C5-X-300x169.jpg 300w, https:\/\/www.ocasionplus.com\/wp-content\/uploads\/2024\/07\/Citroen-C5-X-512x288.jpg 512w, https:\/\/www.ocasionplus.com\/wp-content\/uploads\/2024\/07\/Citroen-C5-X-255x143.jpg 255w, https:\/\/www.ocasionplus.com\/wp-content\/uploads\/2024\/07\/Citroen-C5-X-510x287.jpg 510w, https:\/\/www.ocasionplus.com\/wp-content\/uploads\/2024\/07\/Citroen-C5-X-280x158.jpg 280w, https:\/\/www.ocasionplus.com\/wp-content\/uploads\/2024\/07\/Citroen-C5-X-560x315.jpg 560w, https:\/\/www.ocasionplus.com\/wp-content\/uploads\/2024\/07\/Citroen-C5-X-350x197.jpg 350w, https:\/\/www.ocasionplus.com\/wp-content\/uploads\/2024\/07\/Citroen-C5-X-700x394.jpg 700w, https:\/\/www.ocasionplus.com\/wp-content\/uploads\/2024\/07\/Citroen-C5-X-398x224.jpg 398w, https:\/\/www.ocasionplus.com\/wp-content\/uploads\/2024\/07\/Citroen-C5-X-796x448.jpg 796w, https:\/\/www.ocasionplus.com\/wp-content\/uploads\/2024\/07\/Citroen-C5-X-472x265.jpg 472w, https:\/\/www.ocasionplus.com\/wp-content\/uploads\/2024\/07\/Citroen-C5-X.jpg 1280w\" sizes=\"auto, (max-width: 1024px) 100vw, 1024px\" \/><figcaption id=\"caption-attachment-13493\" class=\"wp-caption-text\">Es la \u00faltima generaci\u00f3n del Citro\u00ebn C5, una versi\u00f3n crossover familiar<\/figcaption><\/figure>\n<p>El Citro\u00ebn C5 X es un coche familiar crossover, con nuevas dimensiones y una mayor altura, en comparaci\u00f3n con las generaciones anteriores. En la \u00faltima generaci\u00f3n, presenta l\u00edneas marcadas que van desde el frontal del veh\u00edculo hasta la cintura y terminan en la zaga. Adem\u00e1s, de unos grupos \u00f3pticos con una firma lum\u00ednica de tira con tecnolog\u00eda LED.<\/p>\n<p>El interior es mucho m\u00e1s tecnol\u00f3gico que las versiones anteriores, con una pantalla t\u00e1ctil para el sistema de infoentretenimiento, que est\u00e1 ubicada en el centro del salpicadero, y un cuadro digital para la instrumentaci\u00f3n. Ofrece un maletero de 545 litros.<\/p>\n<p><a href=\"https:\/\/www.ocasionplus.com\/coches-ocasion\/citroen\/c5-x\">Descubre tu pr\u00f3ximo Citro\u00ebn C5 X de segunda mano en OcasionPlus<\/a><\/p>\n<h2>Citro\u00ebn C4 X<\/h2>\n<figure id=\"attachment_13494\" aria-describedby=\"caption-attachment-13494\" style=\"width: 1024px\" class=\"wp-caption alignnone\"><img loading=\"lazy\" decoding=\"async\" class=\"wp-image-13494 size-large\" src=\"https:\/\/www.ocasionplus.com\/wp-content\/uploads\/2024\/07\/Citroen-C4-X-1024x768.jpg\" alt=\"Citro\u00ebn C4 X\" width=\"1024\" height=\"768\" srcset=\"https:\/\/www.ocasionplus.com\/wp-content\/uploads\/2024\/07\/Citroen-C4-X-1024x768.jpg 1024w, https:\/\/www.ocasionplus.com\/wp-content\/uploads\/2024\/07\/Citroen-C4-X-300x225.jpg 300w, https:\/\/www.ocasionplus.com\/wp-content\/uploads\/2024\/07\/Citroen-C4-X-255x191.jpg 255w, https:\/\/www.ocasionplus.com\/wp-content\/uploads\/2024\/07\/Citroen-C4-X-510x383.jpg 510w, https:\/\/www.ocasionplus.com\/wp-content\/uploads\/2024\/07\/Citroen-C4-X-280x210.jpg 280w, https:\/\/www.ocasionplus.com\/wp-content\/uploads\/2024\/07\/Citroen-C4-X-560x420.jpg 560w, https:\/\/www.ocasionplus.com\/wp-content\/uploads\/2024\/07\/Citroen-C4-X-350x263.jpg 350w, https:\/\/www.ocasionplus.com\/wp-content\/uploads\/2024\/07\/Citroen-C4-X-700x525.jpg 700w, https:\/\/www.ocasionplus.com\/wp-content\/uploads\/2024\/07\/Citroen-C4-X-398x299.jpg 398w, https:\/\/www.ocasionplus.com\/wp-content\/uploads\/2024\/07\/Citroen-C4-X-796x597.jpg 796w, https:\/\/www.ocasionplus.com\/wp-content\/uploads\/2024\/07\/Citroen-C4-X.jpg 1280w\" sizes=\"auto, (max-width: 1024px) 100vw, 1024px\" \/><figcaption id=\"caption-attachment-13494\" class=\"wp-caption-text\">El Citro\u00ebn C4 X es la versi\u00f3n familiar y con mayor maletero de la berlina francesa<\/figcaption><\/figure>\n<p>El Citro\u00ebn C4 X es un crossover familiar, con una mayor altura. Su principal caracter\u00edstica es la accesibilidad al maletero, que es de 510 litros, gracias a su port\u00f3n con apertura en altura de gran dimensi\u00f3n.<\/p>\n<p>Adem\u00e1s, su dise\u00f1o presenta un aspecto moderno, con un frontal con una calandra reducida y un grupo \u00f3ptico de tira con tecnolog\u00eda LED. En el interior ofrece un gran confort, pero no tanta tecnolog\u00eda, solo una gran pantalla para el sistema de infoentretenimiento de 12 pulgadas y una suspensi\u00f3n confortable.<\/p>\n<p><a href=\"https:\/\/www.ocasionplus.com\/coches-ocasion\/citroen\/c4\">Encuentra Citro\u00ebn C4 de segunda mano en OcasionPlus<\/a><\/p>\n<h2>BMW Serie 2 Active Tourer<\/h2>\n<figure id=\"attachment_9949\" aria-describedby=\"caption-attachment-9949\" style=\"width: 1024px\" class=\"wp-caption alignnone\"><img loading=\"lazy\" decoding=\"async\" class=\"wp-image-9949 size-large\" src=\"https:\/\/www.ocasionplus.com\/wp-content\/uploads\/2023\/10\/BMW-Serie-2-Active-Tourer-1024x682.jpg\" alt=\"BMW Serie 2 Active Tourer de color azul en la carretera\" width=\"1024\" height=\"682\" srcset=\"https:\/\/www.ocasionplus.com\/wp-content\/uploads\/2023\/10\/BMW-Serie-2-Active-Tourer-1024x682.jpg 1024w, https:\/\/www.ocasionplus.com\/wp-content\/uploads\/2023\/10\/BMW-Serie-2-Active-Tourer-300x200.jpg 300w, https:\/\/www.ocasionplus.com\/wp-content\/uploads\/2023\/10\/BMW-Serie-2-Active-Tourer-768x511.jpg 768w, https:\/\/www.ocasionplus.com\/wp-content\/uploads\/2023\/10\/BMW-Serie-2-Active-Tourer-255x170.jpg 255w, https:\/\/www.ocasionplus.com\/wp-content\/uploads\/2023\/10\/BMW-Serie-2-Active-Tourer-398x265.jpg 398w, https:\/\/www.ocasionplus.com\/wp-content\/uploads\/2023\/10\/BMW-Serie-2-Active-Tourer-600x399.jpg 600w, https:\/\/www.ocasionplus.com\/wp-content\/uploads\/2023\/10\/BMW-Serie-2-Active-Tourer.jpg 1280w\" sizes=\"auto, (max-width: 1024px) 100vw, 1024px\" \/><figcaption id=\"caption-attachment-9949\" class=\"wp-caption-text\">El BMW Serie 2 Active Tourer es la versi\u00f3n familiar de la gama de la marca alemana<\/figcaption><\/figure>\n<p>El BMW Serie 2 Active Tourer es la versi\u00f3n familiar de la gama de la marca alemana. Presenta un dise\u00f1o atractivo y moderno, con un frontal en la que resaltan sus dos ri\u00f1ones que est\u00e1n divididos por un marco cromado. Adem\u00e1s, de un grupo \u00f3ptico de gran tama\u00f1o que llega a la altura de los pasos de rueda, con tecnolog\u00eda LED.<\/p>\n<p>En el interior se encuentra un equipamiento de serie, con una pantalla para el sistema de infoentretenimiento de 10 pulgadas, que est\u00e1 ubicada en la zona central del salpicadero, su dise\u00f1o interior se centra en el confort del pasajero. Su maletero es de 470 litros.<\/p>\n<p><a href=\"https:\/\/www.ocasionplus.com\/coches-ocasion\/bmw\/serie-2-active-tourer\">Busca tu pr\u00f3ximo BMW Serie 2 Active Tourer de segunda mano en OcasionPlus<\/a><\/p>\n<h2>Skoda Scala<\/h2>\n<figure id=\"attachment_13496\" aria-describedby=\"caption-attachment-13496\" style=\"width: 1024px\" class=\"wp-caption alignnone\"><img loading=\"lazy\" decoding=\"async\" class=\"wp-image-13496 size-large\" src=\"https:\/\/www.ocasionplus.com\/wp-content\/uploads\/2024\/07\/Skoda-Scala-1024x577.jpg\" alt=\"Skoda Scala\" width=\"1024\" height=\"577\" srcset=\"https:\/\/www.ocasionplus.com\/wp-content\/uploads\/2024\/07\/Skoda-Scala-1024x577.jpg 1024w, https:\/\/www.ocasionplus.com\/wp-content\/uploads\/2024\/07\/Skoda-Scala-300x169.jpg 300w, https:\/\/www.ocasionplus.com\/wp-content\/uploads\/2024\/07\/Skoda-Scala-512x288.jpg 512w, https:\/\/www.ocasionplus.com\/wp-content\/uploads\/2024\/07\/Skoda-Scala-255x144.jpg 255w, https:\/\/www.ocasionplus.com\/wp-content\/uploads\/2024\/07\/Skoda-Scala-510x287.jpg 510w, https:\/\/www.ocasionplus.com\/wp-content\/uploads\/2024\/07\/Skoda-Scala-280x158.jpg 280w, https:\/\/www.ocasionplus.com\/wp-content\/uploads\/2024\/07\/Skoda-Scala-560x315.jpg 560w, https:\/\/www.ocasionplus.com\/wp-content\/uploads\/2024\/07\/Skoda-Scala-350x197.jpg 350w, https:\/\/www.ocasionplus.com\/wp-content\/uploads\/2024\/07\/Skoda-Scala-700x394.jpg 700w, https:\/\/www.ocasionplus.com\/wp-content\/uploads\/2024\/07\/Skoda-Scala-398x224.jpg 398w, https:\/\/www.ocasionplus.com\/wp-content\/uploads\/2024\/07\/Skoda-Scala-796x448.jpg 796w, https:\/\/www.ocasionplus.com\/wp-content\/uploads\/2024\/07\/Skoda-Scala-472x265.jpg 472w, https:\/\/www.ocasionplus.com\/wp-content\/uploads\/2024\/07\/Skoda-Scala.jpg 1280w\" sizes=\"auto, (max-width: 1024px) 100vw, 1024px\" \/><figcaption id=\"caption-attachment-13496\" class=\"wp-caption-text\">El Skoda Scala tiene una capacidad de maletero de 467 litros<\/figcaption><\/figure>\n<p>El Skoda Scala es un veh\u00edculo familiar, hereda partes de dise\u00f1o del Skoda Fabia, solo que tiene una mayor dimensi\u00f3n, principalmente en longitud. Su dise\u00f1o exterior presenta una calandra de peque\u00f1as dimensiones y un grupo \u00f3ptico con tecnolog\u00eda LED.<\/p>\n<p>El interior est\u00e1 centrado en el conductor, con una mayor accesibilidad y facilidad para poder controlar los diferentes sistemas del veh\u00edculo, gracias a sus pantallas, una para el cuadro de instrumentos y la otra para el sistema de infoentretenimiento. Su maletero ofrece una capacidad de carga de 467 litros.<\/p>\n<p><a href=\"https:\/\/www.ocasionplus.com\/coches-ocasion\/skoda\/scala\">Descubre tu pr\u00f3ximo Skoda Scala de segunda mano en OcasionPlus<\/a><\/p>\n<p>Esperemos que este listado de coches con el maletero m\u00e1s grande te haya servido como orientaci\u00f3n para la pr\u00f3xima compra de tu veh\u00edculo de ocasi\u00f3n, ya que son coches que est\u00e1n centrados para aquellos que buscan mayor espacio a la hora de cargar m\u00e1s objetos.[\/vc_column_text][\/vc_column][\/vc_row][vc_row el_class=&#8221;comprar-coche-CTA&#8221;][vc_column][vc_custom_heading text=&#8221;Encuentra tu familiar de ocasi\u00f3n al mejor precio&#8221; use_theme_fonts=&#8221;yes&#8221; css=&#8221;&#8221;][vc_row_inner][vc_column_inner width=&#8221;8\/12&#8243;][vc_column_text css=&#8221;&#8221;]<\/p>\n<p>Ofrecemos la mejor relaci\u00f3n calidad-precio en todos nuestros m\u00e1s de 8.000 coches de segunda mano.<\/p>\n<p>[\/vc_column_text][\/vc_column_inner][vc_column_inner width=&#8221;4\/12&#8243;][vc_btn title=&#8221;Busca tu familiar de segunda mano&#8221; style=&#8221;custom&#8221; custom_background=&#8221;#009fe3&#8243; custom_text=&#8221;#ffffff&#8221; align=&#8221;center&#8221; css=&#8221;&#8221; link=&#8221;url:https%3A%2F%2Fwww.ocasionplus.com%2Fcoches-ocasion%2Ffamiliar|title:Busca%20tu%20Coche%20Ahora&#8221;][\/vc_column_inner][\/vc_row_inner][vc_row_inner el_id=&#8221;logo-placement&#8221; css=&#8221;.vc_custom_1719615816721{margin-top: 2px !important;margin-bottom: 12px !important;}&#8221;][vc_column_inner][vc_single_image image=&#8221;11299&#8243; img_size=&#8221;277&#215;43&#8243; alignment=&#8221;center&#8221; style=&#8221;vc_box_rounded&#8221; css=&#8221;&#8221; el_class=&#8221;logo-component-comprar&#8221;][\/vc_column_inner][\/vc_row_inner][\/vc_column][\/vc_row]<\/p>\n<\/div>","protected":false},"excerpt":{"rendered":"<p>[vc_row][vc_column][vc_column_text]Existen diferentes modelos de coches con el maletero m\u00e1s grande del mercado, no importa si son SUV de segunda mano o familiares de ocasi\u00f3n. En este art\u00edculo te vamos a indicar los 10 coches con mejor capacidad de maletero, siendo uno de los motivos que se fijan los conductores a la hora de buscar un&#8230;<\/p>\n","protected":false},"author":3,"featured_media":12853,"comment_status":"closed","ping_status":"open","sticky":false,"template":"","format":"standard","meta":{"footnotes":""},"categories":[11],"tags":[371,520,581,398,380,439,467,413,579,542,580,522,576,477,583,582,463,481,460],"class_list":["post-13490","post","type-post","status-publish","format-standard","has-post-thumbnail","hentry","category-rankings","tag-bmw","tag-c4","tag-c5","tag-citroen","tag-coches-ocasion","tag-cupra","tag-dacia","tag-familiar","tag-focus","tag-ford","tag-jogger","tag-leon","tag-octavia","tag-passat","tag-scala","tag-serie-2-active-tourer","tag-skoda","tag-superb","tag-volkswagen"],"yoast_head":"<!-- This site is optimized with the Yoast SEO Premium plugin v24.8 (Yoast SEO v24.8.1) - https:\/\/yoast.com\/wordpress\/plugins\/seo\/ -->\n<title>\u00bfCu\u00e1les son los coches con el maletero m\u00e1s grande del mercado? - OcasionPlus Blog<\/title>\n<meta name=\"description\" content=\"Existen diferentes modelos de coches con el maletero m\u00e1s grande del mercado; sin embargo, hay carrocer\u00edas que sobre salen m\u00e1s que otras.\" \/>\n<meta name=\"robots\" content=\"index, follow, max-snippet:-1, max-image-preview:large, max-video-preview:-1\" \/>\n<link rel=\"canonical\" href=\"https:\/\/www.ocasionplus.com\/noticias\/coches-con-el-maletero-mas-grande\/\" \/>\n<meta property=\"og:locale\" content=\"es_ES\" \/>\n<meta property=\"og:type\" content=\"article\" \/>\n<meta property=\"og:title\" content=\"\u00bfCu\u00e1les son los coches con el maletero m\u00e1s grande del mercado?\" \/>\n<meta property=\"og:description\" content=\"Existen diferentes modelos de coches con el maletero m\u00e1s grande del mercado; sin embargo, hay carrocer\u00edas que sobre salen m\u00e1s que otras.\" \/>\n<meta property=\"og:url\" content=\"https:\/\/www.ocasionplus.com\/noticias\/coches-con-el-maletero-mas-grande\/\" \/>\n<meta property=\"og:site_name\" content=\"OcasionPlus Blog\" \/>\n<meta property=\"article:publisher\" content=\"https:\/\/www.facebook.com\/ocasionplus\" \/>\n<meta property=\"article:published_time\" content=\"2024-07-24T14:19:18+00:00\" \/>\n<meta property=\"article:modified_time\" content=\"2025-03-27T09:47:44+00:00\" \/>\n<meta property=\"og:image\" content=\"https:\/\/www.ocasionplus.com\/wp-content\/uploads\/2024\/07\/Volkswagen-Passat-2024.jpg\" \/>\n\t<meta property=\"og:image:width\" content=\"1199\" \/>\n\t<meta property=\"og:image:height\" content=\"800\" \/>\n\t<meta property=\"og:image:type\" content=\"image\/jpeg\" \/>\n<meta name=\"author\" content=\"Cristhian Gonz\u00e1lez\" \/>\n<meta name=\"twitter:card\" content=\"summary_large_image\" \/>\n<meta name=\"twitter:creator\" content=\"@ocasionplus\" \/>\n<meta name=\"twitter:site\" content=\"@ocasionplus\" \/>\n<meta name=\"twitter:label1\" content=\"Escrito por\" \/>\n\t<meta name=\"twitter:data1\" content=\"Cristhian Gonz\u00e1lez\" \/>\n\t<meta name=\"twitter:label2\" content=\"Tiempo de lectura\" \/>\n\t<meta name=\"twitter:data2\" content=\"10 minutos\" \/>\n<script type=\"application\/ld+json\" class=\"yoast-schema-graph\">{\"@context\":\"https:\/\/schema.org\",\"@graph\":[{\"@type\":\"Article\",\"@id\":\"https:\/\/www.ocasionplus.com\/noticias\/coches-con-el-maletero-mas-grande\/#article\",\"isPartOf\":{\"@id\":\"https:\/\/www.ocasionplus.com\/noticias\/coches-con-el-maletero-mas-grande\/\"},\"author\":{\"name\":\"Cristhian Gonz\u00e1lez\",\"@id\":\"https:\/\/www.ocasionplus.com\/noticias\/#\/schema\/person\/db1203be564cc3ded97ad1dbd8aadc5b\"},\"headline\":\"\u00bfCu\u00e1les son los coches con el maletero m\u00e1s grande del mercado?\",\"datePublished\":\"2024-07-24T14:19:18+00:00\",\"dateModified\":\"2025-03-27T09:47:44+00:00\",\"mainEntityOfPage\":{\"@id\":\"https:\/\/www.ocasionplus.com\/noticias\/coches-con-el-maletero-mas-grande\/\"},\"wordCount\":1715,\"publisher\":{\"@id\":\"https:\/\/www.ocasionplus.com\/noticias\/#organization\"},\"image\":{\"@id\":\"https:\/\/www.ocasionplus.com\/noticias\/coches-con-el-maletero-mas-grande\/#primaryimage\"},\"thumbnailUrl\":\"https:\/\/www.ocasionplus.com\/wp-content\/uploads\/2024\/07\/Volkswagen-Passat-2024.jpg\",\"keywords\":[\"bmw\",\"c4\",\"c5\",\"citroen\",\"coches ocasion\",\"cupra\",\"Dacia\",\"familiar\",\"focus\",\"ford\",\"jogger\",\"leon\",\"octavia\",\"passat\",\"scala\",\"serie 2 active tourer\",\"skoda\",\"superb\",\"volkswagen\"],\"articleSection\":[\"Rankings\"],\"inLanguage\":\"es\",\"copyrightYear\":\"2024\",\"copyrightHolder\":{\"@id\":\"https:\/\/www.ocasionplus.com\/noticias\/#organization\"}},{\"@type\":\"WebPage\",\"@id\":\"https:\/\/www.ocasionplus.com\/noticias\/coches-con-el-maletero-mas-grande\/\",\"url\":\"https:\/\/www.ocasionplus.com\/noticias\/coches-con-el-maletero-mas-grande\/\",\"name\":\"\u00bfCu\u00e1les son los coches con el maletero m\u00e1s grande del mercado? - OcasionPlus Blog\",\"isPartOf\":{\"@id\":\"https:\/\/www.ocasionplus.com\/noticias\/#website\"},\"primaryImageOfPage\":{\"@id\":\"https:\/\/www.ocasionplus.com\/noticias\/coches-con-el-maletero-mas-grande\/#primaryimage\"},\"image\":{\"@id\":\"https:\/\/www.ocasionplus.com\/noticias\/coches-con-el-maletero-mas-grande\/#primaryimage\"},\"thumbnailUrl\":\"https:\/\/www.ocasionplus.com\/wp-content\/uploads\/2024\/07\/Volkswagen-Passat-2024.jpg\",\"datePublished\":\"2024-07-24T14:19:18+00:00\",\"dateModified\":\"2025-03-27T09:47:44+00:00\",\"description\":\"Existen diferentes modelos de coches con el maletero m\u00e1s grande del mercado; sin embargo, hay carrocer\u00edas que sobre salen m\u00e1s que otras.\",\"breadcrumb\":{\"@id\":\"https:\/\/www.ocasionplus.com\/noticias\/coches-con-el-maletero-mas-grande\/#breadcrumb\"},\"inLanguage\":\"es\",\"potentialAction\":[{\"@type\":\"ReadAction\",\"target\":[\"https:\/\/www.ocasionplus.com\/noticias\/coches-con-el-maletero-mas-grande\/\"]}]},{\"@type\":\"ImageObject\",\"inLanguage\":\"es\",\"@id\":\"https:\/\/www.ocasionplus.com\/noticias\/coches-con-el-maletero-mas-grande\/#primaryimage\",\"url\":\"https:\/\/www.ocasionplus.com\/wp-content\/uploads\/2024\/07\/Volkswagen-Passat-2024.jpg\",\"contentUrl\":\"https:\/\/www.ocasionplus.com\/wp-content\/uploads\/2024\/07\/Volkswagen-Passat-2024.jpg\",\"width\":1199,\"height\":800,\"caption\":\"El nuevo Volkswagen Passat 2024 solo estar\u00e1 disponible en carrocer\u00eda familiar\"},{\"@type\":\"BreadcrumbList\",\"@id\":\"https:\/\/www.ocasionplus.com\/noticias\/coches-con-el-maletero-mas-grande\/#breadcrumb\",\"itemListElement\":[{\"@type\":\"ListItem\",\"position\":1,\"name\":\"Portada\",\"item\":\"https:\/\/www.ocasionplus.com\/noticias\/\"},{\"@type\":\"ListItem\",\"position\":2,\"name\":\"\u00bfCu\u00e1les son los coches con el maletero m\u00e1s grande del mercado?\"}]},{\"@type\":\"WebSite\",\"@id\":\"https:\/\/www.ocasionplus.com\/noticias\/#website\",\"url\":\"https:\/\/www.ocasionplus.com\/noticias\/\",\"name\":\"OcasionPlus Blog\",\"description\":\"Veh\u00edculos de ocasi\u00f3n\",\"publisher\":{\"@id\":\"https:\/\/www.ocasionplus.com\/noticias\/#organization\"},\"potentialAction\":[{\"@type\":\"SearchAction\",\"target\":{\"@type\":\"EntryPoint\",\"urlTemplate\":\"https:\/\/www.ocasionplus.com\/noticias\/?s={search_term_string}\"},\"query-input\":{\"@type\":\"PropertyValueSpecification\",\"valueRequired\":true,\"valueName\":\"search_term_string\"}}],\"inLanguage\":\"es\"},{\"@type\":\"Organization\",\"@id\":\"https:\/\/www.ocasionplus.com\/noticias\/#organization\",\"name\":\"OcasionPlus\",\"url\":\"https:\/\/www.ocasionplus.com\/noticias\/\",\"logo\":{\"@type\":\"ImageObject\",\"inLanguage\":\"es\",\"@id\":\"https:\/\/www.ocasionplus.com\/noticias\/#\/schema\/logo\/image\/\",\"url\":\"https:\/\/www.ocasionplus.com\/wp-content\/uploads\/2024\/05\/cropped-cropped-oplus-logo-blog.png\",\"contentUrl\":\"https:\/\/www.ocasionplus.com\/wp-content\/uploads\/2024\/05\/cropped-cropped-oplus-logo-blog.png\",\"width\":360,\"height\":71,\"caption\":\"OcasionPlus\"},\"image\":{\"@id\":\"https:\/\/www.ocasionplus.com\/noticias\/#\/schema\/logo\/image\/\"},\"sameAs\":[\"https:\/\/www.facebook.com\/ocasionplus\",\"https:\/\/x.com\/ocasionplus\",\"https:\/\/www.instagram.com\/ocasion_plus\",\"https:\/\/www.youtube.com\/channel\/UCBiCAto61Lyu27CgI95wrYQ\",\"https:\/\/www.tiktok.com\/@ocasionplus.com\",\"https:\/\/es.linkedin.com\/company\/ocasionplus\"]},{\"@type\":\"Person\",\"@id\":\"https:\/\/www.ocasionplus.com\/noticias\/#\/schema\/person\/db1203be564cc3ded97ad1dbd8aadc5b\",\"name\":\"Cristhian Gonz\u00e1lez\",\"image\":{\"@type\":\"ImageObject\",\"inLanguage\":\"es\",\"@id\":\"https:\/\/www.ocasionplus.com\/noticias\/#\/schema\/person\/image\/\",\"url\":\"https:\/\/secure.gravatar.com\/avatar\/30c0388f0815fd0ab8fb4cfad29866ac?s=96&d=mm&r=g\",\"contentUrl\":\"https:\/\/secure.gravatar.com\/avatar\/30c0388f0815fd0ab8fb4cfad29866ac?s=96&d=mm&r=g\",\"caption\":\"Cristhian Gonz\u00e1lez\"},\"description\":\"Periodista formado en Colombia. Siempre vinculado al deporte y con pasi\u00f3n por los coches. He asistido y cubierto diferentes eventos deportivos para diferentes medios de comunicaci\u00f3n.\"}]}<\/script>\n<!-- \/ Yoast SEO Premium plugin. -->","yoast_head_json":{"title":"\u00bfCu\u00e1les son los coches con el maletero m\u00e1s grande del mercado? - OcasionPlus Blog","description":"Existen diferentes modelos de coches con el maletero m\u00e1s grande del mercado; sin embargo, hay carrocer\u00edas que sobre salen m\u00e1s que otras.","robots":{"index":"index","follow":"follow","max-snippet":"max-snippet:-1","max-image-preview":"max-image-preview:large","max-video-preview":"max-video-preview:-1"},"canonical":"https:\/\/www.ocasionplus.com\/noticias\/coches-con-el-maletero-mas-grande\/","og_locale":"es_ES","og_type":"article","og_title":"\u00bfCu\u00e1les son los coches con el maletero m\u00e1s grande del mercado?","og_description":"Existen diferentes modelos de coches con el maletero m\u00e1s grande del mercado; sin embargo, hay carrocer\u00edas que sobre salen m\u00e1s que otras.","og_url":"https:\/\/www.ocasionplus.com\/noticias\/coches-con-el-maletero-mas-grande\/","og_site_name":"OcasionPlus Blog","article_publisher":"https:\/\/www.facebook.com\/ocasionplus","article_published_time":"2024-07-24T14:19:18+00:00","article_modified_time":"2025-03-27T09:47:44+00:00","og_image":[{"width":1199,"height":800,"url":"https:\/\/www.ocasionplus.com\/wp-content\/uploads\/2024\/07\/Volkswagen-Passat-2024.jpg","type":"image\/jpeg"}],"author":"Cristhian Gonz\u00e1lez","twitter_card":"summary_large_image","twitter_creator":"@ocasionplus","twitter_site":"@ocasionplus","twitter_misc":{"Escrito por":"Cristhian Gonz\u00e1lez","Tiempo de lectura":"10 minutos"},"schema":{"@context":"https:\/\/schema.org","@graph":[{"@type":"Article","@id":"https:\/\/www.ocasionplus.com\/noticias\/coches-con-el-maletero-mas-grande\/#article","isPartOf":{"@id":"https:\/\/www.ocasionplus.com\/noticias\/coches-con-el-maletero-mas-grande\/"},"author":{"name":"Cristhian Gonz\u00e1lez","@id":"https:\/\/www.ocasionplus.com\/noticias\/#\/schema\/person\/db1203be564cc3ded97ad1dbd8aadc5b"},"headline":"\u00bfCu\u00e1les son los coches con el maletero m\u00e1s grande del mercado?","datePublished":"2024-07-24T14:19:18+00:00","dateModified":"2025-03-27T09:47:44+00:00","mainEntityOfPage":{"@id":"https:\/\/www.ocasionplus.com\/noticias\/coches-con-el-maletero-mas-grande\/"},"wordCount":1715,"publisher":{"@id":"https:\/\/www.ocasionplus.com\/noticias\/#organization"},"image":{"@id":"https:\/\/www.ocasionplus.com\/noticias\/coches-con-el-maletero-mas-grande\/#primaryimage"},"thumbnailUrl":"https:\/\/www.ocasionplus.com\/wp-content\/uploads\/2024\/07\/Volkswagen-Passat-2024.jpg","keywords":["bmw","c4","c5","citroen","coches ocasion","cupra","Dacia","familiar","focus","ford","jogger","leon","octavia","passat","scala","serie 2 active tourer","skoda","superb","volkswagen"],"articleSection":["Rankings"],"inLanguage":"es","copyrightYear":"2024","copyrightHolder":{"@id":"https:\/\/www.ocasionplus.com\/noticias\/#organization"}},{"@type":"WebPage","@id":"https:\/\/www.ocasionplus.com\/noticias\/coches-con-el-maletero-mas-grande\/","url":"https:\/\/www.ocasionplus.com\/noticias\/coches-con-el-maletero-mas-grande\/","name":"\u00bfCu\u00e1les son los coches con el maletero m\u00e1s grande del mercado? - OcasionPlus Blog","isPartOf":{"@id":"https:\/\/www.ocasionplus.com\/noticias\/#website"},"primaryImageOfPage":{"@id":"https:\/\/www.ocasionplus.com\/noticias\/coches-con-el-maletero-mas-grande\/#primaryimage"},"image":{"@id":"https:\/\/www.ocasionplus.com\/noticias\/coches-con-el-maletero-mas-grande\/#primaryimage"},"thumbnailUrl":"https:\/\/www.ocasionplus.com\/wp-content\/uploads\/2024\/07\/Volkswagen-Passat-2024.jpg","datePublished":"2024-07-24T14:19:18+00:00","dateModified":"2025-03-27T09:47:44+00:00","description":"Existen diferentes modelos de coches con el maletero m\u00e1s grande del mercado; sin embargo, hay carrocer\u00edas que sobre salen m\u00e1s que otras.","breadcrumb":{"@id":"https:\/\/www.ocasionplus.com\/noticias\/coches-con-el-maletero-mas-grande\/#breadcrumb"},"inLanguage":"es","potentialAction":[{"@type":"ReadAction","target":["https:\/\/www.ocasionplus.com\/noticias\/coches-con-el-maletero-mas-grande\/"]}]},{"@type":"ImageObject","inLanguage":"es","@id":"https:\/\/www.ocasionplus.com\/noticias\/coches-con-el-maletero-mas-grande\/#primaryimage","url":"https:\/\/www.ocasionplus.com\/wp-content\/uploads\/2024\/07\/Volkswagen-Passat-2024.jpg","contentUrl":"https:\/\/www.ocasionplus.com\/wp-content\/uploads\/2024\/07\/Volkswagen-Passat-2024.jpg","width":1199,"height":800,"caption":"El nuevo Volkswagen Passat 2024 solo estar\u00e1 disponible en carrocer\u00eda familiar"},{"@type":"BreadcrumbList","@id":"https:\/\/www.ocasionplus.com\/noticias\/coches-con-el-maletero-mas-grande\/#breadcrumb","itemListElement":[{"@type":"ListItem","position":1,"name":"Portada","item":"https:\/\/www.ocasionplus.com\/noticias\/"},{"@type":"ListItem","position":2,"name":"\u00bfCu\u00e1les son los coches con el maletero m\u00e1s grande del mercado?"}]},{"@type":"WebSite","@id":"https:\/\/www.ocasionplus.com\/noticias\/#website","url":"https:\/\/www.ocasionplus.com\/noticias\/","name":"OcasionPlus Blog","description":"Veh\u00edculos de ocasi\u00f3n","publisher":{"@id":"https:\/\/www.ocasionplus.com\/noticias\/#organization"},"potentialAction":[{"@type":"SearchAction","target":{"@type":"EntryPoint","urlTemplate":"https:\/\/www.ocasionplus.com\/noticias\/?s={search_term_string}"},"query-input":{"@type":"PropertyValueSpecification","valueRequired":true,"valueName":"search_term_string"}}],"inLanguage":"es"},{"@type":"Organization","@id":"https:\/\/www.ocasionplus.com\/noticias\/#organization","name":"OcasionPlus","url":"https:\/\/www.ocasionplus.com\/noticias\/","logo":{"@type":"ImageObject","inLanguage":"es","@id":"https:\/\/www.ocasionplus.com\/noticias\/#\/schema\/logo\/image\/","url":"https:\/\/www.ocasionplus.com\/wp-content\/uploads\/2024\/05\/cropped-cropped-oplus-logo-blog.png","contentUrl":"https:\/\/www.ocasionplus.com\/wp-content\/uploads\/2024\/05\/cropped-cropped-oplus-logo-blog.png","width":360,"height":71,"caption":"OcasionPlus"},"image":{"@id":"https:\/\/www.ocasionplus.com\/noticias\/#\/schema\/logo\/image\/"},"sameAs":["https:\/\/www.facebook.com\/ocasionplus","https:\/\/x.com\/ocasionplus","https:\/\/www.instagram.com\/ocasion_plus","https:\/\/www.youtube.com\/channel\/UCBiCAto61Lyu27CgI95wrYQ","https:\/\/www.tiktok.com\/@ocasionplus.com","https:\/\/es.linkedin.com\/company\/ocasionplus"]},{"@type":"Person","@id":"https:\/\/www.ocasionplus.com\/noticias\/#\/schema\/person\/db1203be564cc3ded97ad1dbd8aadc5b","name":"Cristhian Gonz\u00e1lez","image":{"@type":"ImageObject","inLanguage":"es","@id":"https:\/\/www.ocasionplus.com\/noticias\/#\/schema\/person\/image\/","url":"https:\/\/secure.gravatar.com\/avatar\/30c0388f0815fd0ab8fb4cfad29866ac?s=96&d=mm&r=g","contentUrl":"https:\/\/secure.gravatar.com\/avatar\/30c0388f0815fd0ab8fb4cfad29866ac?s=96&d=mm&r=g","caption":"Cristhian Gonz\u00e1lez"},"description":"Periodista formado en Colombia. Siempre vinculado al deporte y con pasi\u00f3n por los coches. He asistido y cubierto diferentes eventos deportivos para diferentes medios de comunicaci\u00f3n."}]}},"jetpack_featured_media_url":"https:\/\/www.ocasionplus.com\/wp-content\/uploads\/2024\/07\/Volkswagen-Passat-2024.jpg","_links":{"self":[{"href":"https:\/\/www.ocasionplus.com\/noticias\/wp-json\/wp\/v2\/posts\/13490","targetHints":{"allow":["GET"]}}],"collection":[{"href":"https:\/\/www.ocasionplus.com\/noticias\/wp-json\/wp\/v2\/posts"}],"about":[{"href":"https:\/\/www.ocasionplus.com\/noticias\/wp-json\/wp\/v2\/types\/post"}],"author":[{"embeddable":true,"href":"https:\/\/www.ocasionplus.com\/noticias\/wp-json\/wp\/v2\/users\/3"}],"replies":[{"embeddable":true,"href":"https:\/\/www.ocasionplus.com\/noticias\/wp-json\/wp\/v2\/comments?post=13490"}],"version-history":[{"count":1,"href":"https:\/\/www.ocasionplus.com\/noticias\/wp-json\/wp\/v2\/posts\/13490\/revisions"}],"predecessor-version":[{"id":13497,"href":"https:\/\/www.ocasionplus.com\/noticias\/wp-json\/wp\/v2\/posts\/13490\/revisions\/13497"}],"wp:featuredmedia":[{"embeddable":true,"href":"https:\/\/www.ocasionplus.com\/noticias\/wp-json\/wp\/v2\/media\/12853"}],"wp:attachment":[{"href":"https:\/\/www.ocasionplus.com\/noticias\/wp-json\/wp\/v2\/media?parent=13490"}],"wp:term":[{"taxonomy":"category","embeddable":true,"href":"https:\/\/www.ocasionplus.com\/noticias\/wp-json\/wp\/v2\/categories?post=13490"},{"taxonomy":"post_tag","embeddable":true,"href":"https:\/\/www.ocasionplus.com\/noticias\/wp-json\/wp\/v2\/tags?post=13490"}],"curies":[{"name":"wp","href":"https:\/\/api.w.org\/{rel}","templated":true}]}}