{"id":13669,"date":"2024-10-04T10:00:44","date_gmt":"2024-10-04T08:00:44","guid":{"rendered":"https:\/\/www.ocasionplus.com\/noticias\/?p=13669"},"modified":"2025-06-05T13:29:24","modified_gmt":"2025-06-05T11:29:24","slug":"analisis-del-mercado-de-coches-de-segunda-mano","status":"publish","type":"post","link":"https:\/\/www.ocasionplus.com\/noticias\/analisis-del-mercado-de-coches-de-segunda-mano\/","title":{"rendered":"OcasionPlus analiza el mercado de los coches de segunda mano: Septiembre 2024"},"content":{"rendered":"<div class=\"wpb-content-wrapper\"><p>[vc_row][vc_column][vc_column_text]<span style=\"font-weight: 400;\">En el \u00faltimo estudio interno realizado por OcasionPlus, se han revelado datos interesantes sobre las tendencias de compra de coches de segunda mano en el \u00faltimo mes de septiembre de 2024. Este an\u00e1lisis aporta una visi\u00f3n clara sobre las preferencias de los compradores y las caracter\u00edsticas de los veh\u00edculos m\u00e1s demandados en este periodo.<\/span><\/p>\n<p>&nbsp;<\/p>\n<h2><b>Resultados del Estudio sobre coches de segunda mano<\/b><\/h2>\n<ol>\n<li><b> Fechas de Matriculaci\u00f3n:<\/b><span style=\"font-weight: 400;\"> La mayor\u00eda de los coches de segunda mano comprados tienen fechas de matriculaci\u00f3n que van desde 2015 hasta 2022. Este rango de a\u00f1os asegura que los veh\u00edculos a\u00fan sean relativamente modernos, con tecnolog\u00edas y caracter\u00edsticas actualizadas, lo que resulta atractivo para los compradores que buscan una buena relaci\u00f3n calidad-precio.<\/span><\/li>\n<li><b> Tipos de Combustible:<\/b><span style=\"font-weight: 400;\"> El estudio indica que el 80% de los veh\u00edculos de ocasi\u00f3n vendidos son de di\u00e9sel o gasolina, en proporciones pr\u00e1cticamente iguales. A pesar del creciente inter\u00e9s en veh\u00edculos el\u00e9ctricos e h\u00edbridos, la infraestructura y los costes asociados a estos modelos a\u00fan hacen que muchos consumidores opten por motores de combusti\u00f3n interna tradicionales\u200b\u200b.<\/span><\/li>\n<li><b> Rango de Precios:<\/b><span style=\"font-weight: 400;\"> La mayor\u00eda de las transacciones se realizaron en un rango de precios que oscila entre los 10,500 y 20,500 euros. Este intervalo parece ser el punto dulce para los compradores que buscan veh\u00edculos de calidad sin sobrepasar su presupuesto. Ofrece una amplia gama de opciones, desde coches m\u00e1s econ\u00f3micos hasta modelos ligeramente m\u00e1s premium\u200b\u200b.<\/span><\/li>\n<li><strong>Tipo de Carrocer\u00eda<\/strong>: Los coches compactos lideran las ventas en el mercado de segunda mano, seguidos de cerca por los todoterreno . Esta preferencia por los compactos refleja una tendencia hacia veh\u00edculos vers\u00e1tiles y pr\u00e1cticos, ideales tanto para la ciudad como para trayectos m\u00e1s largos. Los todoterreno, por su parte, se mantienen populares gracias a su robustez y capacidad de adaptaci\u00f3n a diferentes terrenos, mientras que los camper est\u00e1n en alza, probablemente impulsados por un creciente inter\u00e9s en el turismo y la vida al aire libre.<\/li>\n<li><strong>Centros OcasionPlus con m\u00e1s ventas<\/strong>: Las tiendas de Ocasi\u00f3nPlus en Getafe, Alicante y las Rozas son las que registran el mayor n\u00famero de ventas. Esto podr\u00eda estar relacionado con la gran oferta y variedad de veh\u00edculos disponibles en estas ubicaciones, as\u00ed como con la confianza que los consumidores depositan en estos centros, conocidos por su excelente servicio al cliente y garant\u00edas postventa.<\/li>\n<li><strong>G\u00e9nero<\/strong>: El estudio revela que los hombres compran coches de segunda mano en una proporci\u00f3n que duplica a la de las mujeres. Este dato sugiere que, aunque la brecha de g\u00e9nero en la compra de veh\u00edculos sigue siendo significativa, las mujeres representan una creciente parte del mercado, lo que podr\u00eda influir en futuras estrategias de marketing y venta.<\/li>\n<li><strong>Marcas M\u00e1s Vendidas<\/strong>: Las marcas que encabezan las ventas son <a href=\"https:\/\/www.ocasionplus.com\/coches-segunda-mano\/peugeot\">Peugeot<\/a>, <a href=\"https:\/\/www.ocasionplus.com\/coches-segunda-mano\/renault\">Renault<\/a> y<a href=\"https:\/\/www.ocasionplus.com\/coches-ocasion\/seat\"> Seat<\/a>. Estas marcas son reconocidas por ofrecer una buena relaci\u00f3n calidad-precio, fiabilidad y una amplia gama de modelos, lo que las convierte en las favoritas de los compradores de coches de ocasi\u00f3n.<\/li>\n<li><strong>Modelos M\u00e1s Vendidos<\/strong>: En cuanto a modelos espec\u00edficos, el<a href=\"https:\/\/www.ocasionplus.com\/coches-ocasion\/seat\/ibiza\"> SEAT Ibiza<\/a>, <a href=\"https:\/\/www.ocasionplus.com\/coches-ocasion\/seat\/leon\">SEAT Le\u00f3n<\/a>,\u00a0 <a href=\"https:\/\/www.ocasionplus.com\/coches-ocasion\/hyundai\/tucson\">Hyunday Tucson<\/a> y el <a href=\"https:\/\/www.ocasionplus.com\/coches-ocasion\/kia\/sportage\">Kia Sportage<\/a> son los m\u00e1s demandados. Estos modelos combinan estilo, rendimiento y valor de reventa, lo que los hace particularmente atractivos para los compradores que buscan una inversi\u00f3n segura y duradera.<\/li>\n<\/ol>\n<p>&nbsp;<\/p>\n<h2><b><img loading=\"lazy\" decoding=\"async\" class=\"alignnone wp-image-13671 size-large\" src=\"https:\/\/www.ocasionplus.com\/wp-content\/uploads\/2024\/08\/quentin-bounias-1xv2KzEeadY-unsplash-1024x768.jpg\" alt=\"\" width=\"1024\" height=\"768\" srcset=\"https:\/\/www.ocasionplus.com\/wp-content\/uploads\/2024\/08\/quentin-bounias-1xv2KzEeadY-unsplash-1024x768.jpg 1024w, https:\/\/www.ocasionplus.com\/wp-content\/uploads\/2024\/08\/quentin-bounias-1xv2KzEeadY-unsplash-300x225.jpg 300w, https:\/\/www.ocasionplus.com\/wp-content\/uploads\/2024\/08\/quentin-bounias-1xv2KzEeadY-unsplash-255x191.jpg 255w, https:\/\/www.ocasionplus.com\/wp-content\/uploads\/2024\/08\/quentin-bounias-1xv2KzEeadY-unsplash-510x383.jpg 510w, https:\/\/www.ocasionplus.com\/wp-content\/uploads\/2024\/08\/quentin-bounias-1xv2KzEeadY-unsplash-280x210.jpg 280w, https:\/\/www.ocasionplus.com\/wp-content\/uploads\/2024\/08\/quentin-bounias-1xv2KzEeadY-unsplash-560x420.jpg 560w, https:\/\/www.ocasionplus.com\/wp-content\/uploads\/2024\/08\/quentin-bounias-1xv2KzEeadY-unsplash-350x263.jpg 350w, https:\/\/www.ocasionplus.com\/wp-content\/uploads\/2024\/08\/quentin-bounias-1xv2KzEeadY-unsplash-700x525.jpg 700w, https:\/\/www.ocasionplus.com\/wp-content\/uploads\/2024\/08\/quentin-bounias-1xv2KzEeadY-unsplash-398x299.jpg 398w, https:\/\/www.ocasionplus.com\/wp-content\/uploads\/2024\/08\/quentin-bounias-1xv2KzEeadY-unsplash-796x597.jpg 796w\" sizes=\"auto, (max-width: 1024px) 100vw, 1024px\" \/><\/b><\/h2>\n<h2><b>Contexto Actual del Mercado de Veh\u00edculos de Ocasi\u00f3n<\/b><\/h2>\n<p><span style=\"font-weight: 400;\">El mercado de veh\u00edculos de ocasi\u00f3n ha mostrado una tendencia hacia la estabilizaci\u00f3n, con una ligera disminuci\u00f3n en los precios gracias a la recuperaci\u00f3n del mercado de veh\u00edculos nuevos y la mejora en los tiempos de producci\u00f3n. Esto ha permitido que m\u00e1s compradores consideren opciones de segunda mano como una alternativa viable y econ\u00f3mica\u200b\u200b.<\/span><\/p>\n<p><span style=\"font-weight: 400;\">Adem\u00e1s, a pesar de la creciente popularidad de los <a href=\"https:\/\/www.ocasionplus.com\/coches-ocasion\/todoterreno\">SUV de ocasi\u00f3n<\/a> y los coches el\u00e9ctricos en las b\u00fasquedas online, los compactos y utilitarios contin\u00faan siendo los m\u00e1s vendidos en el mercado de segunda mano. Marcas como <a href=\"https:\/\/www.ocasionplus.com\/coches-ocasion\/peugeot\">Peugeot<\/a>, <a href=\"https:\/\/www.ocasionplus.com\/coches-ocasion\/citroen\">Citro\u00ebn<\/a>,<a href=\"https:\/\/www.ocasionplus.com\/coches-ocasion\/seat\"> Seat<\/a> y <a href=\"https:\/\/www.ocasionplus.com\/coches-ocasion\/renault\">Renault<\/a> encabezan las listas de ventas debido a su equilibrio entre rendimiento, econom\u00eda y coste de mantenimiento\u200b\u200b.<\/span><\/p>\n<h2><b>Un mercado en movimiento<\/b><\/h2>\n<p><span style=\"font-weight: 400;\">Los datos de este estudio reflejan un mercado din\u00e1mico en el que los consumidores buscan equilibrar modernidad, fiabilidad y coste. En OcasionPlus, continuaremos monitorizando estas tendencias para ofrecer a nuestros clientes las mejores opciones disponibles, ajustadas a sus necesidades y presupuestos.<\/span><\/p>\n<p><span style=\"font-weight: 400;\">Para m\u00e1s detalles sobre nuestro cat\u00e1logo de m\u00e1s de 9000 coches y opciones de financiaci\u00f3n, visita<\/span> <a href=\"https:\/\/www.ocasionplus.com\/coches-ocasion\"><span style=\"font-weight: 400;\">OcasionPlus<\/span><\/a><span style=\"font-weight: 400;\">.<\/span><\/p>\n<p>[\/vc_column_text][\/vc_column][\/vc_row][vc_row el_class=&#8221;comprar-coche-CTA&#8221;][vc_column][vc_custom_heading text=&#8221;Encuentra tu coche de ocasi\u00f3n al mejor precio&#8221; use_theme_fonts=&#8221;yes&#8221; css=&#8221;&#8221;][vc_row_inner][vc_column_inner width=&#8221;8\/12&#8243;][vc_column_text css=&#8221;&#8221;]<\/p>\n<p>Ofrecemos la mejor relaci\u00f3n calidad-precio en todos nuestros m\u00e1s de 8.000 coches de segunda mano.<\/p>\n<p>[\/vc_column_text][\/vc_column_inner][vc_column_inner width=&#8221;4\/12&#8243;][vc_btn title=&#8221;Busca Ahora&#8221; style=&#8221;custom&#8221; custom_background=&#8221;#009fe3&#8243; custom_text=&#8221;#ffffff&#8221; align=&#8221;center&#8221; css=&#8221;&#8221; link=&#8221;url:https%3A%2F%2Fwww.ocasionplus.com%2Fcoches-ocasion|title:Busca%20tu%20Coche%20Ahora&#8221;][\/vc_column_inner][\/vc_row_inner][vc_row_inner el_id=&#8221;logo-placement&#8221; css=&#8221;.vc_custom_1719615816721{margin-top: 2px !important;margin-bottom: 12px !important;}&#8221;][vc_column_inner][vc_single_image image=&#8221;11299&#8243; img_size=&#8221;277&#215;43&#8243; alignment=&#8221;center&#8221; style=&#8221;vc_box_rounded&#8221; css=&#8221;&#8221; el_class=&#8221;logo-component-comprar&#8221;][\/vc_column_inner][\/vc_row_inner][\/vc_column][\/vc_row]<\/p>\n<\/div>","protected":false},"excerpt":{"rendered":"<p>[vc_row][vc_column][vc_column_text]En el \u00faltimo estudio interno realizado por OcasionPlus, se han revelado datos interesantes sobre las tendencias de compra de coches de segunda mano en el \u00faltimo mes de septiembre de 2024. Este an\u00e1lisis aporta una visi\u00f3n clara sobre las preferencias de los compradores y las caracter\u00edsticas de los veh\u00edculos m\u00e1s demandados en este periodo. &nbsp;&#8230;<\/p>\n","protected":false},"author":5,"featured_media":11805,"comment_status":"closed","ping_status":"open","sticky":true,"template":"","format":"standard","meta":{"footnotes":""},"categories":[2],"tags":[398,380,542,459,534,522,392,375,409,395,460],"class_list":["post-13669","post","type-post","status-publish","format-standard","has-post-thumbnail","hentry","category-ultimas-noticias","tag-citroen","tag-coches-ocasion","tag-ford","tag-golf","tag-ibiza","tag-leon","tag-peugeot","tag-renault","tag-seat","tag-todoterreno","tag-volkswagen"],"yoast_head":"<!-- This site is optimized with the Yoast SEO Premium plugin v24.8 (Yoast SEO v24.8.1) - https:\/\/yoast.com\/wordpress\/plugins\/seo\/ -->\n<title>OcasionPlus analiza ventas de coches de segunda mano<\/title>\n<meta name=\"description\" content=\"\u00bfConoces los datos sobre el \u00faltimo an\u00e1lisis de OcasionPlus sobre el mercaso de conches de segunda mano?. \u00a1Te lo contamos!\" \/>\n<meta name=\"robots\" content=\"index, follow, max-snippet:-1, max-image-preview:large, max-video-preview:-1\" \/>\n<link rel=\"canonical\" href=\"https:\/\/www.ocasionplus.com\/noticias\/analisis-del-mercado-de-coches-de-segunda-mano\/\" \/>\n<meta property=\"og:locale\" content=\"es_ES\" \/>\n<meta property=\"og:type\" content=\"article\" \/>\n<meta property=\"og:title\" content=\"OcasionPlus analiza el mercado de los coches de segunda mano: Septiembre 2024\" \/>\n<meta property=\"og:description\" content=\"\u00bfConoces los datos sobre el \u00faltimo an\u00e1lisis de OcasionPlus sobre el mercaso de conches de segunda mano?. \u00a1Te lo contamos!\" \/>\n<meta property=\"og:url\" content=\"https:\/\/www.ocasionplus.com\/noticias\/analisis-del-mercado-de-coches-de-segunda-mano\/\" \/>\n<meta property=\"og:site_name\" content=\"OcasionPlus Blog\" \/>\n<meta property=\"article:publisher\" content=\"https:\/\/www.facebook.com\/ocasionplus\" \/>\n<meta property=\"article:published_time\" content=\"2024-10-04T08:00:44+00:00\" \/>\n<meta property=\"article:modified_time\" content=\"2025-06-05T11:29:24+00:00\" \/>\n<meta property=\"og:image\" content=\"https:\/\/www.ocasionplus.com\/wp-content\/uploads\/2024\/06\/mejor_audiq3_segunda_mano.jpg\" \/>\n\t<meta property=\"og:image:width\" content=\"1920\" \/>\n\t<meta property=\"og:image:height\" content=\"1280\" \/>\n\t<meta property=\"og:image:type\" content=\"image\/jpeg\" \/>\n<meta name=\"author\" content=\"Virginia Mart\u00edn\" \/>\n<meta name=\"twitter:card\" content=\"summary_large_image\" \/>\n<meta name=\"twitter:creator\" content=\"@ocasionplus\" \/>\n<meta name=\"twitter:site\" content=\"@ocasionplus\" \/>\n<meta name=\"twitter:label1\" content=\"Escrito por\" \/>\n\t<meta name=\"twitter:data1\" content=\"Virginia Mart\u00edn\" \/>\n\t<meta name=\"twitter:label2\" content=\"Tiempo de lectura\" \/>\n\t<meta name=\"twitter:data2\" content=\"4 minutos\" \/>\n<script type=\"application\/ld+json\" class=\"yoast-schema-graph\">{\"@context\":\"https:\/\/schema.org\",\"@graph\":[{\"@type\":\"Article\",\"@id\":\"https:\/\/www.ocasionplus.com\/noticias\/analisis-del-mercado-de-coches-de-segunda-mano\/#article\",\"isPartOf\":{\"@id\":\"https:\/\/www.ocasionplus.com\/noticias\/analisis-del-mercado-de-coches-de-segunda-mano\/\"},\"author\":{\"name\":\"Virginia Mart\u00edn\",\"@id\":\"https:\/\/www.ocasionplus.com\/noticias\/#\/schema\/person\/a1075deecd7b6f7a6b47339c056c5ccb\"},\"headline\":\"OcasionPlus analiza el mercado de los coches de segunda mano: Septiembre 2024\",\"datePublished\":\"2024-10-04T08:00:44+00:00\",\"dateModified\":\"2025-06-05T11:29:24+00:00\",\"mainEntityOfPage\":{\"@id\":\"https:\/\/www.ocasionplus.com\/noticias\/analisis-del-mercado-de-coches-de-segunda-mano\/\"},\"wordCount\":949,\"publisher\":{\"@id\":\"https:\/\/www.ocasionplus.com\/noticias\/#organization\"},\"image\":{\"@id\":\"https:\/\/www.ocasionplus.com\/noticias\/analisis-del-mercado-de-coches-de-segunda-mano\/#primaryimage\"},\"thumbnailUrl\":\"https:\/\/www.ocasionplus.com\/wp-content\/uploads\/2024\/06\/mejor_audiq3_segunda_mano.jpg\",\"keywords\":[\"citroen\",\"coches ocasion\",\"ford\",\"golf\",\"ibiza\",\"leon\",\"peugeot\",\"renault\",\"seat\",\"todoterreno\",\"volkswagen\"],\"articleSection\":[\"\u00daltimas Noticias\"],\"inLanguage\":\"es\",\"copyrightYear\":\"2024\",\"copyrightHolder\":{\"@id\":\"https:\/\/www.ocasionplus.com\/noticias\/#organization\"}},{\"@type\":\"WebPage\",\"@id\":\"https:\/\/www.ocasionplus.com\/noticias\/analisis-del-mercado-de-coches-de-segunda-mano\/\",\"url\":\"https:\/\/www.ocasionplus.com\/noticias\/analisis-del-mercado-de-coches-de-segunda-mano\/\",\"name\":\"OcasionPlus analiza ventas de coches de segunda mano\",\"isPartOf\":{\"@id\":\"https:\/\/www.ocasionplus.com\/noticias\/#website\"},\"primaryImageOfPage\":{\"@id\":\"https:\/\/www.ocasionplus.com\/noticias\/analisis-del-mercado-de-coches-de-segunda-mano\/#primaryimage\"},\"image\":{\"@id\":\"https:\/\/www.ocasionplus.com\/noticias\/analisis-del-mercado-de-coches-de-segunda-mano\/#primaryimage\"},\"thumbnailUrl\":\"https:\/\/www.ocasionplus.com\/wp-content\/uploads\/2024\/06\/mejor_audiq3_segunda_mano.jpg\",\"datePublished\":\"2024-10-04T08:00:44+00:00\",\"dateModified\":\"2025-06-05T11:29:24+00:00\",\"description\":\"\u00bfConoces los datos sobre el \u00faltimo an\u00e1lisis de OcasionPlus sobre el mercaso de conches de segunda mano?. \u00a1Te lo contamos!\",\"breadcrumb\":{\"@id\":\"https:\/\/www.ocasionplus.com\/noticias\/analisis-del-mercado-de-coches-de-segunda-mano\/#breadcrumb\"},\"inLanguage\":\"es\",\"potentialAction\":[{\"@type\":\"ReadAction\",\"target\":[\"https:\/\/www.ocasionplus.com\/noticias\/analisis-del-mercado-de-coches-de-segunda-mano\/\"]}]},{\"@type\":\"ImageObject\",\"inLanguage\":\"es\",\"@id\":\"https:\/\/www.ocasionplus.com\/noticias\/analisis-del-mercado-de-coches-de-segunda-mano\/#primaryimage\",\"url\":\"https:\/\/www.ocasionplus.com\/wp-content\/uploads\/2024\/06\/mejor_audiq3_segunda_mano.jpg\",\"contentUrl\":\"https:\/\/www.ocasionplus.com\/wp-content\/uploads\/2024\/06\/mejor_audiq3_segunda_mano.jpg\",\"width\":1920,\"height\":1280,\"caption\":\"Detalle del volante de un Audi\"},{\"@type\":\"BreadcrumbList\",\"@id\":\"https:\/\/www.ocasionplus.com\/noticias\/analisis-del-mercado-de-coches-de-segunda-mano\/#breadcrumb\",\"itemListElement\":[{\"@type\":\"ListItem\",\"position\":1,\"name\":\"Portada\",\"item\":\"https:\/\/www.ocasionplus.com\/noticias\/\"},{\"@type\":\"ListItem\",\"position\":2,\"name\":\"OcasionPlus analiza el mercado de los coches de segunda mano: Septiembre 2024\"}]},{\"@type\":\"WebSite\",\"@id\":\"https:\/\/www.ocasionplus.com\/noticias\/#website\",\"url\":\"https:\/\/www.ocasionplus.com\/noticias\/\",\"name\":\"OcasionPlus Blog\",\"description\":\"Veh\u00edculos de ocasi\u00f3n\",\"publisher\":{\"@id\":\"https:\/\/www.ocasionplus.com\/noticias\/#organization\"},\"potentialAction\":[{\"@type\":\"SearchAction\",\"target\":{\"@type\":\"EntryPoint\",\"urlTemplate\":\"https:\/\/www.ocasionplus.com\/noticias\/?s={search_term_string}\"},\"query-input\":{\"@type\":\"PropertyValueSpecification\",\"valueRequired\":true,\"valueName\":\"search_term_string\"}}],\"inLanguage\":\"es\"},{\"@type\":\"Organization\",\"@id\":\"https:\/\/www.ocasionplus.com\/noticias\/#organization\",\"name\":\"OcasionPlus\",\"url\":\"https:\/\/www.ocasionplus.com\/noticias\/\",\"logo\":{\"@type\":\"ImageObject\",\"inLanguage\":\"es\",\"@id\":\"https:\/\/www.ocasionplus.com\/noticias\/#\/schema\/logo\/image\/\",\"url\":\"https:\/\/www.ocasionplus.com\/wp-content\/uploads\/2024\/05\/cropped-cropped-oplus-logo-blog.png\",\"contentUrl\":\"https:\/\/www.ocasionplus.com\/wp-content\/uploads\/2024\/05\/cropped-cropped-oplus-logo-blog.png\",\"width\":360,\"height\":71,\"caption\":\"OcasionPlus\"},\"image\":{\"@id\":\"https:\/\/www.ocasionplus.com\/noticias\/#\/schema\/logo\/image\/\"},\"sameAs\":[\"https:\/\/www.facebook.com\/ocasionplus\",\"https:\/\/x.com\/ocasionplus\",\"https:\/\/www.instagram.com\/ocasion_plus\",\"https:\/\/www.youtube.com\/channel\/UCBiCAto61Lyu27CgI95wrYQ\",\"https:\/\/www.tiktok.com\/@ocasionplus.com\",\"https:\/\/es.linkedin.com\/company\/ocasionplus\"]},{\"@type\":\"Person\",\"@id\":\"https:\/\/www.ocasionplus.com\/noticias\/#\/schema\/person\/a1075deecd7b6f7a6b47339c056c5ccb\",\"name\":\"Virginia Mart\u00edn\",\"image\":{\"@type\":\"ImageObject\",\"inLanguage\":\"es\",\"@id\":\"https:\/\/www.ocasionplus.com\/noticias\/#\/schema\/person\/image\/\",\"url\":\"https:\/\/secure.gravatar.com\/avatar\/d80007416602574d8db3ca288c3225e9?s=96&d=mm&r=g\",\"contentUrl\":\"https:\/\/secure.gravatar.com\/avatar\/d80007416602574d8db3ca288c3225e9?s=96&d=mm&r=g\",\"caption\":\"Virginia Mart\u00edn\"},\"description\":\"Soy Virginia Mart\u00edn, especialista en comunicaci\u00f3n y una entusiasta de las historias que conectan. En Ocasionplus, mi objetivo es hacerte sentir parte de cada noticia, con un toque de cercan\u00eda y profesionalidad.\"}]}<\/script>\n<!-- \/ Yoast SEO Premium plugin. -->","yoast_head_json":{"title":"OcasionPlus analiza ventas de coches de segunda mano","description":"\u00bfConoces los datos sobre el \u00faltimo an\u00e1lisis de OcasionPlus sobre el mercaso de conches de segunda mano?. \u00a1Te lo contamos!","robots":{"index":"index","follow":"follow","max-snippet":"max-snippet:-1","max-image-preview":"max-image-preview:large","max-video-preview":"max-video-preview:-1"},"canonical":"https:\/\/www.ocasionplus.com\/noticias\/analisis-del-mercado-de-coches-de-segunda-mano\/","og_locale":"es_ES","og_type":"article","og_title":"OcasionPlus analiza el mercado de los coches de segunda mano: Septiembre 2024","og_description":"\u00bfConoces los datos sobre el \u00faltimo an\u00e1lisis de OcasionPlus sobre el mercaso de conches de segunda mano?. \u00a1Te lo contamos!","og_url":"https:\/\/www.ocasionplus.com\/noticias\/analisis-del-mercado-de-coches-de-segunda-mano\/","og_site_name":"OcasionPlus Blog","article_publisher":"https:\/\/www.facebook.com\/ocasionplus","article_published_time":"2024-10-04T08:00:44+00:00","article_modified_time":"2025-06-05T11:29:24+00:00","og_image":[{"width":1920,"height":1280,"url":"https:\/\/www.ocasionplus.com\/wp-content\/uploads\/2024\/06\/mejor_audiq3_segunda_mano.jpg","type":"image\/jpeg"}],"author":"Virginia Mart\u00edn","twitter_card":"summary_large_image","twitter_creator":"@ocasionplus","twitter_site":"@ocasionplus","twitter_misc":{"Escrito por":"Virginia Mart\u00edn","Tiempo de lectura":"4 minutos"},"schema":{"@context":"https:\/\/schema.org","@graph":[{"@type":"Article","@id":"https:\/\/www.ocasionplus.com\/noticias\/analisis-del-mercado-de-coches-de-segunda-mano\/#article","isPartOf":{"@id":"https:\/\/www.ocasionplus.com\/noticias\/analisis-del-mercado-de-coches-de-segunda-mano\/"},"author":{"name":"Virginia Mart\u00edn","@id":"https:\/\/www.ocasionplus.com\/noticias\/#\/schema\/person\/a1075deecd7b6f7a6b47339c056c5ccb"},"headline":"OcasionPlus analiza el mercado de los coches de segunda mano: Septiembre 2024","datePublished":"2024-10-04T08:00:44+00:00","dateModified":"2025-06-05T11:29:24+00:00","mainEntityOfPage":{"@id":"https:\/\/www.ocasionplus.com\/noticias\/analisis-del-mercado-de-coches-de-segunda-mano\/"},"wordCount":949,"publisher":{"@id":"https:\/\/www.ocasionplus.com\/noticias\/#organization"},"image":{"@id":"https:\/\/www.ocasionplus.com\/noticias\/analisis-del-mercado-de-coches-de-segunda-mano\/#primaryimage"},"thumbnailUrl":"https:\/\/www.ocasionplus.com\/wp-content\/uploads\/2024\/06\/mejor_audiq3_segunda_mano.jpg","keywords":["citroen","coches ocasion","ford","golf","ibiza","leon","peugeot","renault","seat","todoterreno","volkswagen"],"articleSection":["\u00daltimas Noticias"],"inLanguage":"es","copyrightYear":"2024","copyrightHolder":{"@id":"https:\/\/www.ocasionplus.com\/noticias\/#organization"}},{"@type":"WebPage","@id":"https:\/\/www.ocasionplus.com\/noticias\/analisis-del-mercado-de-coches-de-segunda-mano\/","url":"https:\/\/www.ocasionplus.com\/noticias\/analisis-del-mercado-de-coches-de-segunda-mano\/","name":"OcasionPlus analiza ventas de coches de segunda mano","isPartOf":{"@id":"https:\/\/www.ocasionplus.com\/noticias\/#website"},"primaryImageOfPage":{"@id":"https:\/\/www.ocasionplus.com\/noticias\/analisis-del-mercado-de-coches-de-segunda-mano\/#primaryimage"},"image":{"@id":"https:\/\/www.ocasionplus.com\/noticias\/analisis-del-mercado-de-coches-de-segunda-mano\/#primaryimage"},"thumbnailUrl":"https:\/\/www.ocasionplus.com\/wp-content\/uploads\/2024\/06\/mejor_audiq3_segunda_mano.jpg","datePublished":"2024-10-04T08:00:44+00:00","dateModified":"2025-06-05T11:29:24+00:00","description":"\u00bfConoces los datos sobre el \u00faltimo an\u00e1lisis de OcasionPlus sobre el mercaso de conches de segunda mano?. \u00a1Te lo contamos!","breadcrumb":{"@id":"https:\/\/www.ocasionplus.com\/noticias\/analisis-del-mercado-de-coches-de-segunda-mano\/#breadcrumb"},"inLanguage":"es","potentialAction":[{"@type":"ReadAction","target":["https:\/\/www.ocasionplus.com\/noticias\/analisis-del-mercado-de-coches-de-segunda-mano\/"]}]},{"@type":"ImageObject","inLanguage":"es","@id":"https:\/\/www.ocasionplus.com\/noticias\/analisis-del-mercado-de-coches-de-segunda-mano\/#primaryimage","url":"https:\/\/www.ocasionplus.com\/wp-content\/uploads\/2024\/06\/mejor_audiq3_segunda_mano.jpg","contentUrl":"https:\/\/www.ocasionplus.com\/wp-content\/uploads\/2024\/06\/mejor_audiq3_segunda_mano.jpg","width":1920,"height":1280,"caption":"Detalle del volante de un Audi"},{"@type":"BreadcrumbList","@id":"https:\/\/www.ocasionplus.com\/noticias\/analisis-del-mercado-de-coches-de-segunda-mano\/#breadcrumb","itemListElement":[{"@type":"ListItem","position":1,"name":"Portada","item":"https:\/\/www.ocasionplus.com\/noticias\/"},{"@type":"ListItem","position":2,"name":"OcasionPlus analiza el mercado de los coches de segunda mano: Septiembre 2024"}]},{"@type":"WebSite","@id":"https:\/\/www.ocasionplus.com\/noticias\/#website","url":"https:\/\/www.ocasionplus.com\/noticias\/","name":"OcasionPlus Blog","description":"Veh\u00edculos de ocasi\u00f3n","publisher":{"@id":"https:\/\/www.ocasionplus.com\/noticias\/#organization"},"potentialAction":[{"@type":"SearchAction","target":{"@type":"EntryPoint","urlTemplate":"https:\/\/www.ocasionplus.com\/noticias\/?s={search_term_string}"},"query-input":{"@type":"PropertyValueSpecification","valueRequired":true,"valueName":"search_term_string"}}],"inLanguage":"es"},{"@type":"Organization","@id":"https:\/\/www.ocasionplus.com\/noticias\/#organization","name":"OcasionPlus","url":"https:\/\/www.ocasionplus.com\/noticias\/","logo":{"@type":"ImageObject","inLanguage":"es","@id":"https:\/\/www.ocasionplus.com\/noticias\/#\/schema\/logo\/image\/","url":"https:\/\/www.ocasionplus.com\/wp-content\/uploads\/2024\/05\/cropped-cropped-oplus-logo-blog.png","contentUrl":"https:\/\/www.ocasionplus.com\/wp-content\/uploads\/2024\/05\/cropped-cropped-oplus-logo-blog.png","width":360,"height":71,"caption":"OcasionPlus"},"image":{"@id":"https:\/\/www.ocasionplus.com\/noticias\/#\/schema\/logo\/image\/"},"sameAs":["https:\/\/www.facebook.com\/ocasionplus","https:\/\/x.com\/ocasionplus","https:\/\/www.instagram.com\/ocasion_plus","https:\/\/www.youtube.com\/channel\/UCBiCAto61Lyu27CgI95wrYQ","https:\/\/www.tiktok.com\/@ocasionplus.com","https:\/\/es.linkedin.com\/company\/ocasionplus"]},{"@type":"Person","@id":"https:\/\/www.ocasionplus.com\/noticias\/#\/schema\/person\/a1075deecd7b6f7a6b47339c056c5ccb","name":"Virginia Mart\u00edn","image":{"@type":"ImageObject","inLanguage":"es","@id":"https:\/\/www.ocasionplus.com\/noticias\/#\/schema\/person\/image\/","url":"https:\/\/secure.gravatar.com\/avatar\/d80007416602574d8db3ca288c3225e9?s=96&d=mm&r=g","contentUrl":"https:\/\/secure.gravatar.com\/avatar\/d80007416602574d8db3ca288c3225e9?s=96&d=mm&r=g","caption":"Virginia Mart\u00edn"},"description":"Soy Virginia Mart\u00edn, especialista en comunicaci\u00f3n y una entusiasta de las historias que conectan. En Ocasionplus, mi objetivo es hacerte sentir parte de cada noticia, con un toque de cercan\u00eda y profesionalidad."}]}},"jetpack_featured_media_url":"https:\/\/www.ocasionplus.com\/wp-content\/uploads\/2024\/06\/mejor_audiq3_segunda_mano.jpg","_links":{"self":[{"href":"https:\/\/www.ocasionplus.com\/noticias\/wp-json\/wp\/v2\/posts\/13669","targetHints":{"allow":["GET"]}}],"collection":[{"href":"https:\/\/www.ocasionplus.com\/noticias\/wp-json\/wp\/v2\/posts"}],"about":[{"href":"https:\/\/www.ocasionplus.com\/noticias\/wp-json\/wp\/v2\/types\/post"}],"author":[{"embeddable":true,"href":"https:\/\/www.ocasionplus.com\/noticias\/wp-json\/wp\/v2\/users\/5"}],"replies":[{"embeddable":true,"href":"https:\/\/www.ocasionplus.com\/noticias\/wp-json\/wp\/v2\/comments?post=13669"}],"version-history":[{"count":13,"href":"https:\/\/www.ocasionplus.com\/noticias\/wp-json\/wp\/v2\/posts\/13669\/revisions"}],"predecessor-version":[{"id":15726,"href":"https:\/\/www.ocasionplus.com\/noticias\/wp-json\/wp\/v2\/posts\/13669\/revisions\/15726"}],"wp:featuredmedia":[{"embeddable":true,"href":"https:\/\/www.ocasionplus.com\/noticias\/wp-json\/wp\/v2\/media\/11805"}],"wp:attachment":[{"href":"https:\/\/www.ocasionplus.com\/noticias\/wp-json\/wp\/v2\/media?parent=13669"}],"wp:term":[{"taxonomy":"category","embeddable":true,"href":"https:\/\/www.ocasionplus.com\/noticias\/wp-json\/wp\/v2\/categories?post=13669"},{"taxonomy":"post_tag","embeddable":true,"href":"https:\/\/www.ocasionplus.com\/noticias\/wp-json\/wp\/v2\/tags?post=13669"}],"curies":[{"name":"wp","href":"https:\/\/api.w.org\/{rel}","templated":true}]}}