{"id":13725,"date":"2024-08-05T12:58:29","date_gmt":"2024-08-05T10:58:29","guid":{"rendered":"https:\/\/www.ocasionplus.com\/noticias\/?p=13725"},"modified":"2025-03-27T10:41:59","modified_gmt":"2025-03-27T09:41:59","slug":"toyota-marca-mas-vendida-de-julio","status":"publish","type":"post","link":"https:\/\/www.ocasionplus.com\/noticias\/toyota-marca-mas-vendida-de-julio\/","title":{"rendered":"Toyota fue la marca m\u00e1s vendida de julio"},"content":{"rendered":"<div class=\"wpb-content-wrapper\"><p>[vc_row][vc_column][vc_column_text]<strong>Toyota fue la marca m\u00e1s vendida en julio<\/strong>. Gracias a los datos ofrecidos por Anfac, Faconauto y Ganvam. Entre las marcas m\u00e1s vendidas tambi\u00e9n se encuentran Hyundai y Volkswagen. Adem\u00e1s, de la aparici\u00f3n de una marca china, la firma MG, por las ventas de su modelo MG ZS.<\/p>\n<h2>Toyota marca m\u00e1s vendida de julio<\/h2>\n<figure id=\"attachment_12441\" aria-describedby=\"caption-attachment-12441\" style=\"width: 1024px\" class=\"wp-caption alignnone\"><img loading=\"lazy\" decoding=\"async\" class=\"wp-image-12441 size-large\" src=\"https:\/\/www.ocasionplus.com\/wp-content\/uploads\/2024\/07\/mejores_toyota_segunda_mano_corolla-scaled-1-1024x683.jpg\" alt=\"Toyota Corolla\" width=\"1024\" height=\"683\" srcset=\"https:\/\/www.ocasionplus.com\/wp-content\/uploads\/2024\/07\/mejores_toyota_segunda_mano_corolla-scaled-1-1024x683.jpg 1024w, https:\/\/www.ocasionplus.com\/wp-content\/uploads\/2024\/07\/mejores_toyota_segunda_mano_corolla-scaled-1-300x200.jpg 300w, https:\/\/www.ocasionplus.com\/wp-content\/uploads\/2024\/07\/mejores_toyota_segunda_mano_corolla-scaled-1-255x170.jpg 255w, https:\/\/www.ocasionplus.com\/wp-content\/uploads\/2024\/07\/mejores_toyota_segunda_mano_corolla-scaled-1-510x340.jpg 510w, https:\/\/www.ocasionplus.com\/wp-content\/uploads\/2024\/07\/mejores_toyota_segunda_mano_corolla-scaled-1-280x187.jpg 280w, https:\/\/www.ocasionplus.com\/wp-content\/uploads\/2024\/07\/mejores_toyota_segunda_mano_corolla-scaled-1-560x373.jpg 560w, https:\/\/www.ocasionplus.com\/wp-content\/uploads\/2024\/07\/mejores_toyota_segunda_mano_corolla-scaled-1-350x233.jpg 350w, https:\/\/www.ocasionplus.com\/wp-content\/uploads\/2024\/07\/mejores_toyota_segunda_mano_corolla-scaled-1-700x467.jpg 700w, https:\/\/www.ocasionplus.com\/wp-content\/uploads\/2024\/07\/mejores_toyota_segunda_mano_corolla-scaled-1-398x265.jpg 398w, https:\/\/www.ocasionplus.com\/wp-content\/uploads\/2024\/07\/mejores_toyota_segunda_mano_corolla-scaled-1-796x531.jpg 796w, https:\/\/www.ocasionplus.com\/wp-content\/uploads\/2024\/07\/mejores_toyota_segunda_mano_corolla-scaled-1-266x177.jpg 266w, https:\/\/www.ocasionplus.com\/wp-content\/uploads\/2024\/07\/mejores_toyota_segunda_mano_corolla-scaled-1-600x400.jpg 600w\" sizes=\"auto, (max-width: 1024px) 100vw, 1024px\" \/><figcaption id=\"caption-attachment-12441\" class=\"wp-caption-text\">El Toyota Corolla es el modelo m\u00e1s vendido de la marca y del mes de julio<\/figcaption><\/figure>\n<p>Durante el mes de julio, se matricularon m\u00e1s de 8.323 unidades de Toyota, posicionando la marca japonesa en la primera posici\u00f3n de marcas m\u00e1s vendidas de coches en julio. El top 3 lo completaron marcas como Hyundai, con 6.494 unidades, y Volkswagen, con 5.973 unidades vendidas.<\/p>\n<p>Las 10 marcas m\u00e1s vendidas del mes de julio fueron:<\/p>\n<ul>\n<li aria-level=\"1\"><strong>Toyota:<\/strong> 8.323 unidades matriculadas.<\/li>\n<li aria-level=\"1\"><strong>Hyundai:<\/strong> 6.494 unidades matriculadas.<\/li>\n<li aria-level=\"1\"><strong>Volkswagen:<\/strong> 5.973 unidades matriculadas.<\/li>\n<li aria-level=\"1\"><strong>Kia:<\/strong> 5.442 unidades matriculadas.<\/li>\n<li aria-level=\"1\"><strong>SEAT:<\/strong> 5.192 unidades.<\/li>\n<li aria-level=\"1\"><strong>Renault:<\/strong> 4.467 unidades.<\/li>\n<li aria-level=\"1\"><strong>Dacia:<\/strong> 4.436 unidades.<\/li>\n<li aria-level=\"1\"><strong>Mercedes Benz:<\/strong> 4.148 unidades.<\/li>\n<li aria-level=\"1\"><strong>MG:<\/strong> 3.944 unidades.<\/li>\n<li aria-level=\"1\"><strong>Audi:<\/strong> 3.835 unidades.<\/li>\n<\/ul>\n<p>La marca japonesa logr\u00f3 afianzarse como la marca m\u00e1s vendida en los primeros siete meses del a\u00f1o, con un total de 57.121 veh\u00edculos matriculados, seguida por SEAT con 41.194 unidades, Volkswagen 40.690, Hyundai 39.107 unidades y Kia con 36.517.<\/p>\n<h2>Coches de segunda mano<\/h2>\n<p>Si est\u00e1s interesado en comprar un <a href=\"https:\/\/www.ocasionplus.com\/coches-ocasion\/toyota\">Toyota de segunda mano<\/a> o el <a href=\"https:\/\/www.ocasionplus.com\/coches-ocasion\/toyota\/corolla\">Toyota Corolla de segunda mano<\/a>, en los m\u00e1s de 90 centros que tiene OcasionPlus distribuidos por toda Espa\u00f1a, encontrar\u00e1s una amplia oferta de <a href=\"https:\/\/www.ocasionplus.com\/coches-ocasion\">coches de segunda mano<\/a> con la mejor oferta y el mejor precio del mercado.<\/p>\n<p>Adem\u00e1s, encontrar\u00e1s en su cat\u00e1logo de m\u00e1s de 8.000 coches de segunda mano, veh\u00edculos como: los <a href=\"https:\/\/www.ocasionplus.com\/coches-ocasion\/compacto\">compacto de ocasi\u00f3n<\/a>, los <a href=\"https:\/\/www.ocasionplus.com\/coches-ocasion\/todoterreno\">SUV de segunda mano<\/a> o <a href=\"https:\/\/www.ocasionplus.com\/coches-ocasion\/berlina\">berlinas de ocasi\u00f3n<\/a>. No esperes m\u00e1s y visita alguna de las tiendas, y encuentra tu pr\u00f3ximo coche de segunda mano con la mejor calidad del mercado.<\/p>\n<p>[\/vc_column_text][\/vc_column][\/vc_row][vc_row el_class=&#8221;comprar-coche-CTA&#8221;][vc_column][vc_custom_heading text=&#8221;Encuentra tu Toyota de ocasi\u00f3n al mejor precio&#8221; use_theme_fonts=&#8221;yes&#8221; css=&#8221;&#8221;][vc_row_inner][vc_column_inner width=&#8221;8\/12&#8243;][vc_column_text css=&#8221;&#8221;]<\/p>\n<p>Ofrecemos la mejor relaci\u00f3n calidad-precio en todos nuestros m\u00e1s de 8.000 coches de segunda mano.<\/p>\n<p>[\/vc_column_text][\/vc_column_inner][vc_column_inner width=&#8221;4\/12&#8243;][vc_btn title=&#8221;Busca Ahora&#8221; style=&#8221;custom&#8221; custom_background=&#8221;#009fe3&#8243; custom_text=&#8221;#ffffff&#8221; align=&#8221;center&#8221; css=&#8221;&#8221; link=&#8221;url:https%3A%2F%2Fwww.ocasionplus.com%2Fcoches-ocasion%2Ftoyota|title:Busca%20tu%20Coche%20Ahora&#8221;][\/vc_column_inner][\/vc_row_inner][vc_row_inner el_id=&#8221;logo-placement&#8221; css=&#8221;.vc_custom_1719615816721{margin-top: 2px !important;margin-bottom: 12px !important;}&#8221;][vc_column_inner][vc_single_image image=&#8221;11299&#8243; img_size=&#8221;277&#215;43&#8243; alignment=&#8221;center&#8221; style=&#8221;vc_box_rounded&#8221; css=&#8221;&#8221; el_class=&#8221;logo-component-comprar&#8221;][\/vc_column_inner][\/vc_row_inner][\/vc_column][\/vc_row][vc_row][vc_column][vc_column_text]<\/p>\n<p>[\/vc_column_text][\/vc_column][\/vc_row]<\/p>\n<\/div>","protected":false},"excerpt":{"rendered":"<p>[vc_row][vc_column][vc_column_text]Toyota fue la marca m\u00e1s vendida en julio. Gracias a los datos ofrecidos por Anfac, Faconauto y Ganvam. Entre las marcas m\u00e1s vendidas tambi\u00e9n se encuentran Hyundai y Volkswagen. Adem\u00e1s, de la aparici\u00f3n de una marca china, la firma MG, por las ventas de su modelo MG ZS. Toyota marca m\u00e1s vendida de julio Durante&#8230;<\/p>\n","protected":false},"author":3,"featured_media":10943,"comment_status":"closed","ping_status":"open","sticky":false,"template":"","format":"standard","meta":{"footnotes":""},"categories":[2],"tags":[553,380,529,395,372],"class_list":["post-13725","post","type-post","status-publish","format-standard","has-post-thumbnail","hentry","category-ultimas-noticias","tag-berlina","tag-coches-ocasion","tag-compacto","tag-todoterreno","tag-toyota"],"yoast_head":"<!-- This site is optimized with the Yoast SEO Premium plugin v24.8 (Yoast SEO v24.8.1) - https:\/\/yoast.com\/wordpress\/plugins\/seo\/ -->\n<title>Toyota fue la marca m\u00e1s vendida de julio - OcasionPlus Blog<\/title>\n<meta name=\"description\" content=\"Toyota marca m\u00e1s vendida en julio y Dacia Sandero el modelo. Adem\u00e1s, marcas como MG se encuentran en el top 10.\" \/>\n<meta name=\"robots\" content=\"index, follow, max-snippet:-1, max-image-preview:large, max-video-preview:-1\" \/>\n<link rel=\"canonical\" href=\"https:\/\/www.ocasionplus.com\/noticias\/toyota-marca-mas-vendida-de-julio\/\" \/>\n<meta property=\"og:locale\" content=\"es_ES\" \/>\n<meta property=\"og:type\" content=\"article\" \/>\n<meta property=\"og:title\" content=\"Toyota fue la marca m\u00e1s vendida de julio\" \/>\n<meta property=\"og:description\" content=\"Toyota marca m\u00e1s vendida en julio y Dacia Sandero el modelo. Adem\u00e1s, marcas como MG se encuentran en el top 10.\" \/>\n<meta property=\"og:url\" content=\"https:\/\/www.ocasionplus.com\/noticias\/toyota-marca-mas-vendida-de-julio\/\" \/>\n<meta property=\"og:site_name\" content=\"OcasionPlus Blog\" \/>\n<meta property=\"article:publisher\" content=\"https:\/\/www.facebook.com\/ocasionplus\" \/>\n<meta property=\"article:published_time\" content=\"2024-08-05T10:58:29+00:00\" \/>\n<meta property=\"article:modified_time\" content=\"2025-03-27T09:41:59+00:00\" \/>\n<meta property=\"og:image\" content=\"https:\/\/www.ocasionplus.com\/wp-content\/uploads\/2024\/04\/Toyota-C-HR.jpg\" \/>\n\t<meta property=\"og:image:width\" content=\"1280\" \/>\n\t<meta property=\"og:image:height\" content=\"960\" \/>\n\t<meta property=\"og:image:type\" content=\"image\/jpeg\" \/>\n<meta name=\"author\" content=\"Cristhian Gonz\u00e1lez\" \/>\n<meta name=\"twitter:card\" content=\"summary_large_image\" \/>\n<meta name=\"twitter:creator\" content=\"@ocasionplus\" \/>\n<meta name=\"twitter:site\" content=\"@ocasionplus\" \/>\n<meta name=\"twitter:label1\" content=\"Escrito por\" \/>\n\t<meta name=\"twitter:data1\" content=\"Cristhian Gonz\u00e1lez\" \/>\n\t<meta name=\"twitter:label2\" content=\"Tiempo de lectura\" \/>\n\t<meta name=\"twitter:data2\" content=\"3 minutos\" \/>\n<script type=\"application\/ld+json\" class=\"yoast-schema-graph\">{\"@context\":\"https:\/\/schema.org\",\"@graph\":[{\"@type\":\"Article\",\"@id\":\"https:\/\/www.ocasionplus.com\/noticias\/toyota-marca-mas-vendida-de-julio\/#article\",\"isPartOf\":{\"@id\":\"https:\/\/www.ocasionplus.com\/noticias\/toyota-marca-mas-vendida-de-julio\/\"},\"author\":{\"name\":\"Cristhian Gonz\u00e1lez\",\"@id\":\"https:\/\/www.ocasionplus.com\/noticias\/#\/schema\/person\/db1203be564cc3ded97ad1dbd8aadc5b\"},\"headline\":\"Toyota fue la marca m\u00e1s vendida de julio\",\"datePublished\":\"2024-08-05T10:58:29+00:00\",\"dateModified\":\"2025-03-27T09:41:59+00:00\",\"mainEntityOfPage\":{\"@id\":\"https:\/\/www.ocasionplus.com\/noticias\/toyota-marca-mas-vendida-de-julio\/\"},\"wordCount\":497,\"publisher\":{\"@id\":\"https:\/\/www.ocasionplus.com\/noticias\/#organization\"},\"image\":{\"@id\":\"https:\/\/www.ocasionplus.com\/noticias\/toyota-marca-mas-vendida-de-julio\/#primaryimage\"},\"thumbnailUrl\":\"https:\/\/www.ocasionplus.com\/wp-content\/uploads\/2024\/04\/Toyota-C-HR.jpg\",\"keywords\":[\"berlina\",\"coches ocasion\",\"compacto\",\"todoterreno\",\"toyota\"],\"articleSection\":[\"\u00daltimas Noticias\"],\"inLanguage\":\"es\",\"copyrightYear\":\"2024\",\"copyrightHolder\":{\"@id\":\"https:\/\/www.ocasionplus.com\/noticias\/#organization\"}},{\"@type\":\"WebPage\",\"@id\":\"https:\/\/www.ocasionplus.com\/noticias\/toyota-marca-mas-vendida-de-julio\/\",\"url\":\"https:\/\/www.ocasionplus.com\/noticias\/toyota-marca-mas-vendida-de-julio\/\",\"name\":\"Toyota fue la marca m\u00e1s vendida de julio - OcasionPlus Blog\",\"isPartOf\":{\"@id\":\"https:\/\/www.ocasionplus.com\/noticias\/#website\"},\"primaryImageOfPage\":{\"@id\":\"https:\/\/www.ocasionplus.com\/noticias\/toyota-marca-mas-vendida-de-julio\/#primaryimage\"},\"image\":{\"@id\":\"https:\/\/www.ocasionplus.com\/noticias\/toyota-marca-mas-vendida-de-julio\/#primaryimage\"},\"thumbnailUrl\":\"https:\/\/www.ocasionplus.com\/wp-content\/uploads\/2024\/04\/Toyota-C-HR.jpg\",\"datePublished\":\"2024-08-05T10:58:29+00:00\",\"dateModified\":\"2025-03-27T09:41:59+00:00\",\"description\":\"Toyota marca m\u00e1s vendida en julio y Dacia Sandero el modelo. Adem\u00e1s, marcas como MG se encuentran en el top 10.\",\"breadcrumb\":{\"@id\":\"https:\/\/www.ocasionplus.com\/noticias\/toyota-marca-mas-vendida-de-julio\/#breadcrumb\"},\"inLanguage\":\"es\",\"potentialAction\":[{\"@type\":\"ReadAction\",\"target\":[\"https:\/\/www.ocasionplus.com\/noticias\/toyota-marca-mas-vendida-de-julio\/\"]}]},{\"@type\":\"ImageObject\",\"inLanguage\":\"es\",\"@id\":\"https:\/\/www.ocasionplus.com\/noticias\/toyota-marca-mas-vendida-de-julio\/#primaryimage\",\"url\":\"https:\/\/www.ocasionplus.com\/wp-content\/uploads\/2024\/04\/Toyota-C-HR.jpg\",\"contentUrl\":\"https:\/\/www.ocasionplus.com\/wp-content\/uploads\/2024\/04\/Toyota-C-HR.jpg\",\"width\":1280,\"height\":960,\"caption\":\"Es la primera versi\u00f3n h\u00edbrida enchufable del Toyota C-HR\"},{\"@type\":\"BreadcrumbList\",\"@id\":\"https:\/\/www.ocasionplus.com\/noticias\/toyota-marca-mas-vendida-de-julio\/#breadcrumb\",\"itemListElement\":[{\"@type\":\"ListItem\",\"position\":1,\"name\":\"Portada\",\"item\":\"https:\/\/www.ocasionplus.com\/noticias\/\"},{\"@type\":\"ListItem\",\"position\":2,\"name\":\"Toyota fue la marca m\u00e1s vendida de julio\"}]},{\"@type\":\"WebSite\",\"@id\":\"https:\/\/www.ocasionplus.com\/noticias\/#website\",\"url\":\"https:\/\/www.ocasionplus.com\/noticias\/\",\"name\":\"OcasionPlus Blog\",\"description\":\"Veh\u00edculos de ocasi\u00f3n\",\"publisher\":{\"@id\":\"https:\/\/www.ocasionplus.com\/noticias\/#organization\"},\"potentialAction\":[{\"@type\":\"SearchAction\",\"target\":{\"@type\":\"EntryPoint\",\"urlTemplate\":\"https:\/\/www.ocasionplus.com\/noticias\/?s={search_term_string}\"},\"query-input\":{\"@type\":\"PropertyValueSpecification\",\"valueRequired\":true,\"valueName\":\"search_term_string\"}}],\"inLanguage\":\"es\"},{\"@type\":\"Organization\",\"@id\":\"https:\/\/www.ocasionplus.com\/noticias\/#organization\",\"name\":\"OcasionPlus\",\"url\":\"https:\/\/www.ocasionplus.com\/noticias\/\",\"logo\":{\"@type\":\"ImageObject\",\"inLanguage\":\"es\",\"@id\":\"https:\/\/www.ocasionplus.com\/noticias\/#\/schema\/logo\/image\/\",\"url\":\"https:\/\/www.ocasionplus.com\/wp-content\/uploads\/2024\/05\/cropped-cropped-oplus-logo-blog.png\",\"contentUrl\":\"https:\/\/www.ocasionplus.com\/wp-content\/uploads\/2024\/05\/cropped-cropped-oplus-logo-blog.png\",\"width\":360,\"height\":71,\"caption\":\"OcasionPlus\"},\"image\":{\"@id\":\"https:\/\/www.ocasionplus.com\/noticias\/#\/schema\/logo\/image\/\"},\"sameAs\":[\"https:\/\/www.facebook.com\/ocasionplus\",\"https:\/\/x.com\/ocasionplus\",\"https:\/\/www.instagram.com\/ocasion_plus\",\"https:\/\/www.youtube.com\/channel\/UCBiCAto61Lyu27CgI95wrYQ\",\"https:\/\/www.tiktok.com\/@ocasionplus.com\",\"https:\/\/es.linkedin.com\/company\/ocasionplus\"]},{\"@type\":\"Person\",\"@id\":\"https:\/\/www.ocasionplus.com\/noticias\/#\/schema\/person\/db1203be564cc3ded97ad1dbd8aadc5b\",\"name\":\"Cristhian Gonz\u00e1lez\",\"image\":{\"@type\":\"ImageObject\",\"inLanguage\":\"es\",\"@id\":\"https:\/\/www.ocasionplus.com\/noticias\/#\/schema\/person\/image\/\",\"url\":\"https:\/\/secure.gravatar.com\/avatar\/30c0388f0815fd0ab8fb4cfad29866ac?s=96&d=mm&r=g\",\"contentUrl\":\"https:\/\/secure.gravatar.com\/avatar\/30c0388f0815fd0ab8fb4cfad29866ac?s=96&d=mm&r=g\",\"caption\":\"Cristhian Gonz\u00e1lez\"},\"description\":\"Periodista formado en Colombia. Siempre vinculado al deporte y con pasi\u00f3n por los coches. He asistido y cubierto diferentes eventos deportivos para diferentes medios de comunicaci\u00f3n.\"}]}<\/script>\n<!-- \/ Yoast SEO Premium plugin. -->","yoast_head_json":{"title":"Toyota fue la marca m\u00e1s vendida de julio - OcasionPlus Blog","description":"Toyota marca m\u00e1s vendida en julio y Dacia Sandero el modelo. Adem\u00e1s, marcas como MG se encuentran en el top 10.","robots":{"index":"index","follow":"follow","max-snippet":"max-snippet:-1","max-image-preview":"max-image-preview:large","max-video-preview":"max-video-preview:-1"},"canonical":"https:\/\/www.ocasionplus.com\/noticias\/toyota-marca-mas-vendida-de-julio\/","og_locale":"es_ES","og_type":"article","og_title":"Toyota fue la marca m\u00e1s vendida de julio","og_description":"Toyota marca m\u00e1s vendida en julio y Dacia Sandero el modelo. Adem\u00e1s, marcas como MG se encuentran en el top 10.","og_url":"https:\/\/www.ocasionplus.com\/noticias\/toyota-marca-mas-vendida-de-julio\/","og_site_name":"OcasionPlus Blog","article_publisher":"https:\/\/www.facebook.com\/ocasionplus","article_published_time":"2024-08-05T10:58:29+00:00","article_modified_time":"2025-03-27T09:41:59+00:00","og_image":[{"width":1280,"height":960,"url":"https:\/\/www.ocasionplus.com\/wp-content\/uploads\/2024\/04\/Toyota-C-HR.jpg","type":"image\/jpeg"}],"author":"Cristhian Gonz\u00e1lez","twitter_card":"summary_large_image","twitter_creator":"@ocasionplus","twitter_site":"@ocasionplus","twitter_misc":{"Escrito por":"Cristhian Gonz\u00e1lez","Tiempo de lectura":"3 minutos"},"schema":{"@context":"https:\/\/schema.org","@graph":[{"@type":"Article","@id":"https:\/\/www.ocasionplus.com\/noticias\/toyota-marca-mas-vendida-de-julio\/#article","isPartOf":{"@id":"https:\/\/www.ocasionplus.com\/noticias\/toyota-marca-mas-vendida-de-julio\/"},"author":{"name":"Cristhian Gonz\u00e1lez","@id":"https:\/\/www.ocasionplus.com\/noticias\/#\/schema\/person\/db1203be564cc3ded97ad1dbd8aadc5b"},"headline":"Toyota fue la marca m\u00e1s vendida de julio","datePublished":"2024-08-05T10:58:29+00:00","dateModified":"2025-03-27T09:41:59+00:00","mainEntityOfPage":{"@id":"https:\/\/www.ocasionplus.com\/noticias\/toyota-marca-mas-vendida-de-julio\/"},"wordCount":497,"publisher":{"@id":"https:\/\/www.ocasionplus.com\/noticias\/#organization"},"image":{"@id":"https:\/\/www.ocasionplus.com\/noticias\/toyota-marca-mas-vendida-de-julio\/#primaryimage"},"thumbnailUrl":"https:\/\/www.ocasionplus.com\/wp-content\/uploads\/2024\/04\/Toyota-C-HR.jpg","keywords":["berlina","coches ocasion","compacto","todoterreno","toyota"],"articleSection":["\u00daltimas Noticias"],"inLanguage":"es","copyrightYear":"2024","copyrightHolder":{"@id":"https:\/\/www.ocasionplus.com\/noticias\/#organization"}},{"@type":"WebPage","@id":"https:\/\/www.ocasionplus.com\/noticias\/toyota-marca-mas-vendida-de-julio\/","url":"https:\/\/www.ocasionplus.com\/noticias\/toyota-marca-mas-vendida-de-julio\/","name":"Toyota fue la marca m\u00e1s vendida de julio - OcasionPlus Blog","isPartOf":{"@id":"https:\/\/www.ocasionplus.com\/noticias\/#website"},"primaryImageOfPage":{"@id":"https:\/\/www.ocasionplus.com\/noticias\/toyota-marca-mas-vendida-de-julio\/#primaryimage"},"image":{"@id":"https:\/\/www.ocasionplus.com\/noticias\/toyota-marca-mas-vendida-de-julio\/#primaryimage"},"thumbnailUrl":"https:\/\/www.ocasionplus.com\/wp-content\/uploads\/2024\/04\/Toyota-C-HR.jpg","datePublished":"2024-08-05T10:58:29+00:00","dateModified":"2025-03-27T09:41:59+00:00","description":"Toyota marca m\u00e1s vendida en julio y Dacia Sandero el modelo. Adem\u00e1s, marcas como MG se encuentran en el top 10.","breadcrumb":{"@id":"https:\/\/www.ocasionplus.com\/noticias\/toyota-marca-mas-vendida-de-julio\/#breadcrumb"},"inLanguage":"es","potentialAction":[{"@type":"ReadAction","target":["https:\/\/www.ocasionplus.com\/noticias\/toyota-marca-mas-vendida-de-julio\/"]}]},{"@type":"ImageObject","inLanguage":"es","@id":"https:\/\/www.ocasionplus.com\/noticias\/toyota-marca-mas-vendida-de-julio\/#primaryimage","url":"https:\/\/www.ocasionplus.com\/wp-content\/uploads\/2024\/04\/Toyota-C-HR.jpg","contentUrl":"https:\/\/www.ocasionplus.com\/wp-content\/uploads\/2024\/04\/Toyota-C-HR.jpg","width":1280,"height":960,"caption":"Es la primera versi\u00f3n h\u00edbrida enchufable del Toyota C-HR"},{"@type":"BreadcrumbList","@id":"https:\/\/www.ocasionplus.com\/noticias\/toyota-marca-mas-vendida-de-julio\/#breadcrumb","itemListElement":[{"@type":"ListItem","position":1,"name":"Portada","item":"https:\/\/www.ocasionplus.com\/noticias\/"},{"@type":"ListItem","position":2,"name":"Toyota fue la marca m\u00e1s vendida de julio"}]},{"@type":"WebSite","@id":"https:\/\/www.ocasionplus.com\/noticias\/#website","url":"https:\/\/www.ocasionplus.com\/noticias\/","name":"OcasionPlus Blog","description":"Veh\u00edculos de ocasi\u00f3n","publisher":{"@id":"https:\/\/www.ocasionplus.com\/noticias\/#organization"},"potentialAction":[{"@type":"SearchAction","target":{"@type":"EntryPoint","urlTemplate":"https:\/\/www.ocasionplus.com\/noticias\/?s={search_term_string}"},"query-input":{"@type":"PropertyValueSpecification","valueRequired":true,"valueName":"search_term_string"}}],"inLanguage":"es"},{"@type":"Organization","@id":"https:\/\/www.ocasionplus.com\/noticias\/#organization","name":"OcasionPlus","url":"https:\/\/www.ocasionplus.com\/noticias\/","logo":{"@type":"ImageObject","inLanguage":"es","@id":"https:\/\/www.ocasionplus.com\/noticias\/#\/schema\/logo\/image\/","url":"https:\/\/www.ocasionplus.com\/wp-content\/uploads\/2024\/05\/cropped-cropped-oplus-logo-blog.png","contentUrl":"https:\/\/www.ocasionplus.com\/wp-content\/uploads\/2024\/05\/cropped-cropped-oplus-logo-blog.png","width":360,"height":71,"caption":"OcasionPlus"},"image":{"@id":"https:\/\/www.ocasionplus.com\/noticias\/#\/schema\/logo\/image\/"},"sameAs":["https:\/\/www.facebook.com\/ocasionplus","https:\/\/x.com\/ocasionplus","https:\/\/www.instagram.com\/ocasion_plus","https:\/\/www.youtube.com\/channel\/UCBiCAto61Lyu27CgI95wrYQ","https:\/\/www.tiktok.com\/@ocasionplus.com","https:\/\/es.linkedin.com\/company\/ocasionplus"]},{"@type":"Person","@id":"https:\/\/www.ocasionplus.com\/noticias\/#\/schema\/person\/db1203be564cc3ded97ad1dbd8aadc5b","name":"Cristhian Gonz\u00e1lez","image":{"@type":"ImageObject","inLanguage":"es","@id":"https:\/\/www.ocasionplus.com\/noticias\/#\/schema\/person\/image\/","url":"https:\/\/secure.gravatar.com\/avatar\/30c0388f0815fd0ab8fb4cfad29866ac?s=96&d=mm&r=g","contentUrl":"https:\/\/secure.gravatar.com\/avatar\/30c0388f0815fd0ab8fb4cfad29866ac?s=96&d=mm&r=g","caption":"Cristhian Gonz\u00e1lez"},"description":"Periodista formado en Colombia. Siempre vinculado al deporte y con pasi\u00f3n por los coches. He asistido y cubierto diferentes eventos deportivos para diferentes medios de comunicaci\u00f3n."}]}},"jetpack_featured_media_url":"https:\/\/www.ocasionplus.com\/wp-content\/uploads\/2024\/04\/Toyota-C-HR.jpg","_links":{"self":[{"href":"https:\/\/www.ocasionplus.com\/noticias\/wp-json\/wp\/v2\/posts\/13725","targetHints":{"allow":["GET"]}}],"collection":[{"href":"https:\/\/www.ocasionplus.com\/noticias\/wp-json\/wp\/v2\/posts"}],"about":[{"href":"https:\/\/www.ocasionplus.com\/noticias\/wp-json\/wp\/v2\/types\/post"}],"author":[{"embeddable":true,"href":"https:\/\/www.ocasionplus.com\/noticias\/wp-json\/wp\/v2\/users\/3"}],"replies":[{"embeddable":true,"href":"https:\/\/www.ocasionplus.com\/noticias\/wp-json\/wp\/v2\/comments?post=13725"}],"version-history":[{"count":7,"href":"https:\/\/www.ocasionplus.com\/noticias\/wp-json\/wp\/v2\/posts\/13725\/revisions"}],"predecessor-version":[{"id":13742,"href":"https:\/\/www.ocasionplus.com\/noticias\/wp-json\/wp\/v2\/posts\/13725\/revisions\/13742"}],"wp:featuredmedia":[{"embeddable":true,"href":"https:\/\/www.ocasionplus.com\/noticias\/wp-json\/wp\/v2\/media\/10943"}],"wp:attachment":[{"href":"https:\/\/www.ocasionplus.com\/noticias\/wp-json\/wp\/v2\/media?parent=13725"}],"wp:term":[{"taxonomy":"category","embeddable":true,"href":"https:\/\/www.ocasionplus.com\/noticias\/wp-json\/wp\/v2\/categories?post=13725"},{"taxonomy":"post_tag","embeddable":true,"href":"https:\/\/www.ocasionplus.com\/noticias\/wp-json\/wp\/v2\/tags?post=13725"}],"curies":[{"name":"wp","href":"https:\/\/api.w.org\/{rel}","templated":true}]}}