{"id":13781,"date":"2024-09-02T16:31:26","date_gmt":"2024-09-02T14:31:26","guid":{"rendered":"https:\/\/www.ocasionplus.com\/noticias\/?p=13781"},"modified":"2025-03-27T10:40:49","modified_gmt":"2025-03-27T09:40:49","slug":"marca-mas-vendida-en-ocasionplus","status":"publish","type":"post","link":"https:\/\/www.ocasionplus.com\/noticias\/marca-mas-vendida-en-ocasionplus\/","title":{"rendered":"La marca Peugeot es la m\u00e1s vendida en OcasionPlus durante agosto"},"content":{"rendered":"<div class=\"wpb-content-wrapper\"><p>[vc_row][vc_column][vc_column_text]En el mercado de <a href=\"https:\/\/www.ocasionplus.com\/coches-ocasion\">coches de segunda mano<\/a>, <strong>la marca Peugeot se convirti\u00f3 en la firma m\u00e1s vendida durante agosto<\/strong>, seg\u00fan los datos de OcasionPlus. La empresa francesa ha reflejado ser un sin\u00f3nimo de calidad y confianza, algo que los conductores notan con sus modelos de segunda mano.<\/p>\n<p>En este art\u00edculo, vamos a explicar cu\u00e1les son los modelos m\u00e1s vendidos durante agosto de Peugeot en los centros de OcasionPlus, la raz\u00f3n por la cual los conductores escogen esta marca y en d\u00f3nde encontrar los modelos de segunda mano m\u00e1s vendidos.<\/p>\n<h2>Modelos de la marca Peugeot m\u00e1s vendidos<\/h2>\n<p>En agosto, los compradores de OcasionPlus prefirieron la marca Peugeot, entre ellos los modelos m\u00e1s solicitados en las tiendas fueron:<\/p>\n<ul>\n<li aria-level=\"1\"><a href=\"https:\/\/www.ocasionplus.com\/coches-ocasion\/peugeot\/3008\">Peugeot 3008<\/a>: un SUV con dise\u00f1o robusto y tecnolog\u00eda avanzada.<\/li>\n<li aria-level=\"1\"><a href=\"https:\/\/www.ocasionplus.com\/coches-ocasion\/peugeot\/208\">Peugeot 208<\/a>: un compacto que ha sido el favorito durante muchos a\u00f1os y es el modelo insignia de la marca.<\/li>\n<li aria-level=\"1\"><a href=\"https:\/\/www.ocasionplus.com\/coches-ocasion\/peugeot\/308\">Peugeot 308<\/a>: un compacto que ofrece una experiencia de conducci\u00f3n segura y c\u00f3moda.<\/li>\n<li aria-level=\"1\"><a href=\"https:\/\/www.ocasionplus.com\/coches-ocasion\/peugeot\/rifter\">Peugeot Rifter:<\/a> un monovolumen que tiene una versi\u00f3n comercial de solo carga.<\/li>\n<\/ul>\n<h2>\u00bfPor qu\u00e9 han escogido Peugeot en OcasionPlus?<\/h2>\n<p><strong>La popularidad de Peugeot en el mercado de coches de segunda mano<\/strong> se debe a la calidad y comodidad que ofrecen sus modelos, la innovaci\u00f3n y tecnolog\u00eda, como la que presenta con la incorporaci\u00f3n del Peugeot i-cockpit, su dise\u00f1o atractivo y la historia que presenta la marca del le\u00f3n.<\/p>\n<p>En el mercado de coches de segunda mano, se encuentran una amplia oferta de <a href=\"https:\/\/www.ocasionplus.com\/coches-ocasion\/peugeot\">Peugeot de segunda mano<\/a>, como los mencionados anteriormente, el 208 o el 3008. Adem\u00e1s, en los centros de OcasionPlus son inspeccionados en m\u00e1s de 200 puntos de control que garantizan la m\u00e1xima calidad por un veh\u00edculo de ocasi\u00f3n.[\/vc_column_text][\/vc_column][\/vc_row][vc_row el_class=&#8221;comprar-coche-CTA&#8221;][vc_column][vc_custom_heading text=&#8221;Encuentra tu Peugeot de ocasi\u00f3n al mejor precio&#8221; use_theme_fonts=&#8221;yes&#8221; css=&#8221;&#8221;][vc_row_inner][vc_column_inner width=&#8221;8\/12&#8243;][vc_column_text css=&#8221;&#8221;]<\/p>\n<p>Ofrecemos la mejor relaci\u00f3n calidad-precio en todos nuestros m\u00e1s de 8.000 coches de segunda mano.<\/p>\n<p>[\/vc_column_text][\/vc_column_inner][vc_column_inner width=&#8221;4\/12&#8243;][vc_btn title=&#8221;Busca Ahora&#8221; style=&#8221;custom&#8221; custom_background=&#8221;#009fe3&#8243; custom_text=&#8221;#ffffff&#8221; align=&#8221;center&#8221; css=&#8221;&#8221; link=&#8221;url:https%3A%2F%2Fwww.ocasionplus.com%2Fcoches-ocasion%2Fpeugeot|title:Busca%20tu%20Coche%20Ahora&#8221;][\/vc_column_inner][\/vc_row_inner][vc_row_inner el_id=&#8221;logo-placement&#8221; css=&#8221;.vc_custom_1719615816721{margin-top: 2px !important;margin-bottom: 12px !important;}&#8221;][vc_column_inner][vc_single_image image=&#8221;11299&#8243; img_size=&#8221;277&#215;43&#8243; alignment=&#8221;center&#8221; style=&#8221;vc_box_rounded&#8221; css=&#8221;&#8221; el_class=&#8221;logo-component-comprar&#8221;][\/vc_column_inner][\/vc_row_inner][\/vc_column][\/vc_row]<\/p>\n<\/div>","protected":false},"excerpt":{"rendered":"<p>[vc_row][vc_column][vc_column_text]En el mercado de coches de segunda mano, la marca Peugeot se convirti\u00f3 en la firma m\u00e1s vendida durante agosto, seg\u00fan los datos de OcasionPlus. La empresa francesa ha reflejado ser un sin\u00f3nimo de calidad y confianza, algo que los conductores notan con sus modelos de segunda mano. En este art\u00edculo, vamos a explicar cu\u00e1les&#8230;<\/p>\n","protected":false},"author":3,"featured_media":14147,"comment_status":"closed","ping_status":"open","sticky":true,"template":"","format":"standard","meta":{"footnotes":""},"categories":[379],"tags":[380,392],"class_list":["post-13781","post","type-post","status-publish","format-standard","has-post-thumbnail","hentry","category-actualidad","tag-coches-ocasion","tag-peugeot"],"yoast_head":"<!-- This site is optimized with the Yoast SEO Premium plugin v24.8 (Yoast SEO v24.8.1) - https:\/\/yoast.com\/wordpress\/plugins\/seo\/ -->\n<title>La marca Peugeot, la m\u00e1s vendida de agosto en OcasionPlus<\/title>\n<meta name=\"description\" content=\"La marca Peugeot se convirti\u00f3 en la firma de coches m\u00e1s vendida en agosto, seg\u00fan los datos ofrecidos por OcasionPlus.\" \/>\n<meta name=\"robots\" content=\"index, follow, max-snippet:-1, max-image-preview:large, max-video-preview:-1\" \/>\n<link rel=\"canonical\" href=\"https:\/\/www.ocasionplus.com\/noticias\/marca-mas-vendida-en-ocasionplus\/\" \/>\n<meta property=\"og:locale\" content=\"es_ES\" \/>\n<meta property=\"og:type\" content=\"article\" \/>\n<meta property=\"og:title\" content=\"La marca Peugeot es la m\u00e1s vendida en OcasionPlus durante agosto\" \/>\n<meta property=\"og:description\" content=\"La marca Peugeot se convirti\u00f3 en la firma de coches m\u00e1s vendida en agosto, seg\u00fan los datos ofrecidos por OcasionPlus.\" \/>\n<meta property=\"og:url\" content=\"https:\/\/www.ocasionplus.com\/noticias\/marca-mas-vendida-en-ocasionplus\/\" \/>\n<meta property=\"og:site_name\" content=\"OcasionPlus Blog\" \/>\n<meta property=\"article:publisher\" content=\"https:\/\/www.facebook.com\/ocasionplus\" \/>\n<meta property=\"article:published_time\" content=\"2024-09-02T14:31:26+00:00\" \/>\n<meta property=\"article:modified_time\" content=\"2025-03-27T09:40:49+00:00\" \/>\n<meta property=\"og:image\" content=\"https:\/\/www.ocasionplus.com\/wp-content\/uploads\/2024\/08\/Peugeot-3008-2020.jpg\" \/>\n\t<meta property=\"og:image:width\" content=\"1280\" \/>\n\t<meta property=\"og:image:height\" content=\"853\" \/>\n\t<meta property=\"og:image:type\" content=\"image\/jpeg\" \/>\n<meta name=\"author\" content=\"Cristhian Gonz\u00e1lez\" \/>\n<meta name=\"twitter:card\" content=\"summary_large_image\" \/>\n<meta name=\"twitter:creator\" content=\"@ocasionplus\" \/>\n<meta name=\"twitter:site\" content=\"@ocasionplus\" \/>\n<meta name=\"twitter:label1\" content=\"Escrito por\" \/>\n\t<meta name=\"twitter:data1\" content=\"Cristhian Gonz\u00e1lez\" \/>\n\t<meta name=\"twitter:label2\" content=\"Tiempo de lectura\" \/>\n\t<meta name=\"twitter:data2\" content=\"2 minutos\" \/>\n<script type=\"application\/ld+json\" class=\"yoast-schema-graph\">{\"@context\":\"https:\/\/schema.org\",\"@graph\":[{\"@type\":\"Article\",\"@id\":\"https:\/\/www.ocasionplus.com\/noticias\/marca-mas-vendida-en-ocasionplus\/#article\",\"isPartOf\":{\"@id\":\"https:\/\/www.ocasionplus.com\/noticias\/marca-mas-vendida-en-ocasionplus\/\"},\"author\":{\"name\":\"Cristhian Gonz\u00e1lez\",\"@id\":\"https:\/\/www.ocasionplus.com\/noticias\/#\/schema\/person\/db1203be564cc3ded97ad1dbd8aadc5b\"},\"headline\":\"La marca Peugeot es la m\u00e1s vendida en OcasionPlus durante agosto\",\"datePublished\":\"2024-09-02T14:31:26+00:00\",\"dateModified\":\"2025-03-27T09:40:49+00:00\",\"mainEntityOfPage\":{\"@id\":\"https:\/\/www.ocasionplus.com\/noticias\/marca-mas-vendida-en-ocasionplus\/\"},\"wordCount\":471,\"publisher\":{\"@id\":\"https:\/\/www.ocasionplus.com\/noticias\/#organization\"},\"image\":{\"@id\":\"https:\/\/www.ocasionplus.com\/noticias\/marca-mas-vendida-en-ocasionplus\/#primaryimage\"},\"thumbnailUrl\":\"https:\/\/www.ocasionplus.com\/wp-content\/uploads\/2024\/08\/Peugeot-3008-2020.jpg\",\"keywords\":[\"coches ocasion\",\"peugeot\"],\"articleSection\":[\"Actualidad\"],\"inLanguage\":\"es\",\"copyrightYear\":\"2024\",\"copyrightHolder\":{\"@id\":\"https:\/\/www.ocasionplus.com\/noticias\/#organization\"}},{\"@type\":\"WebPage\",\"@id\":\"https:\/\/www.ocasionplus.com\/noticias\/marca-mas-vendida-en-ocasionplus\/\",\"url\":\"https:\/\/www.ocasionplus.com\/noticias\/marca-mas-vendida-en-ocasionplus\/\",\"name\":\"La marca Peugeot, la m\u00e1s vendida de agosto en OcasionPlus\",\"isPartOf\":{\"@id\":\"https:\/\/www.ocasionplus.com\/noticias\/#website\"},\"primaryImageOfPage\":{\"@id\":\"https:\/\/www.ocasionplus.com\/noticias\/marca-mas-vendida-en-ocasionplus\/#primaryimage\"},\"image\":{\"@id\":\"https:\/\/www.ocasionplus.com\/noticias\/marca-mas-vendida-en-ocasionplus\/#primaryimage\"},\"thumbnailUrl\":\"https:\/\/www.ocasionplus.com\/wp-content\/uploads\/2024\/08\/Peugeot-3008-2020.jpg\",\"datePublished\":\"2024-09-02T14:31:26+00:00\",\"dateModified\":\"2025-03-27T09:40:49+00:00\",\"description\":\"La marca Peugeot se convirti\u00f3 en la firma de coches m\u00e1s vendida en agosto, seg\u00fan los datos ofrecidos por OcasionPlus.\",\"breadcrumb\":{\"@id\":\"https:\/\/www.ocasionplus.com\/noticias\/marca-mas-vendida-en-ocasionplus\/#breadcrumb\"},\"inLanguage\":\"es\",\"potentialAction\":[{\"@type\":\"ReadAction\",\"target\":[\"https:\/\/www.ocasionplus.com\/noticias\/marca-mas-vendida-en-ocasionplus\/\"]}]},{\"@type\":\"ImageObject\",\"inLanguage\":\"es\",\"@id\":\"https:\/\/www.ocasionplus.com\/noticias\/marca-mas-vendida-en-ocasionplus\/#primaryimage\",\"url\":\"https:\/\/www.ocasionplus.com\/wp-content\/uploads\/2024\/08\/Peugeot-3008-2020.jpg\",\"contentUrl\":\"https:\/\/www.ocasionplus.com\/wp-content\/uploads\/2024\/08\/Peugeot-3008-2020.jpg\",\"width\":1280,\"height\":853,\"caption\":\"El Peugeot 3008 es un SUV de tama\u00f1o medio que tiene una versi\u00f3n 100% el\u00e9ctrica\"},{\"@type\":\"BreadcrumbList\",\"@id\":\"https:\/\/www.ocasionplus.com\/noticias\/marca-mas-vendida-en-ocasionplus\/#breadcrumb\",\"itemListElement\":[{\"@type\":\"ListItem\",\"position\":1,\"name\":\"Portada\",\"item\":\"https:\/\/www.ocasionplus.com\/noticias\/\"},{\"@type\":\"ListItem\",\"position\":2,\"name\":\"La marca Peugeot es la m\u00e1s vendida en OcasionPlus durante agosto\"}]},{\"@type\":\"WebSite\",\"@id\":\"https:\/\/www.ocasionplus.com\/noticias\/#website\",\"url\":\"https:\/\/www.ocasionplus.com\/noticias\/\",\"name\":\"OcasionPlus Blog\",\"description\":\"Veh\u00edculos de ocasi\u00f3n\",\"publisher\":{\"@id\":\"https:\/\/www.ocasionplus.com\/noticias\/#organization\"},\"potentialAction\":[{\"@type\":\"SearchAction\",\"target\":{\"@type\":\"EntryPoint\",\"urlTemplate\":\"https:\/\/www.ocasionplus.com\/noticias\/?s={search_term_string}\"},\"query-input\":{\"@type\":\"PropertyValueSpecification\",\"valueRequired\":true,\"valueName\":\"search_term_string\"}}],\"inLanguage\":\"es\"},{\"@type\":\"Organization\",\"@id\":\"https:\/\/www.ocasionplus.com\/noticias\/#organization\",\"name\":\"OcasionPlus\",\"url\":\"https:\/\/www.ocasionplus.com\/noticias\/\",\"logo\":{\"@type\":\"ImageObject\",\"inLanguage\":\"es\",\"@id\":\"https:\/\/www.ocasionplus.com\/noticias\/#\/schema\/logo\/image\/\",\"url\":\"https:\/\/www.ocasionplus.com\/wp-content\/uploads\/2024\/05\/cropped-cropped-oplus-logo-blog.png\",\"contentUrl\":\"https:\/\/www.ocasionplus.com\/wp-content\/uploads\/2024\/05\/cropped-cropped-oplus-logo-blog.png\",\"width\":360,\"height\":71,\"caption\":\"OcasionPlus\"},\"image\":{\"@id\":\"https:\/\/www.ocasionplus.com\/noticias\/#\/schema\/logo\/image\/\"},\"sameAs\":[\"https:\/\/www.facebook.com\/ocasionplus\",\"https:\/\/x.com\/ocasionplus\",\"https:\/\/www.instagram.com\/ocasion_plus\",\"https:\/\/www.youtube.com\/channel\/UCBiCAto61Lyu27CgI95wrYQ\",\"https:\/\/www.tiktok.com\/@ocasionplus.com\",\"https:\/\/es.linkedin.com\/company\/ocasionplus\"]},{\"@type\":\"Person\",\"@id\":\"https:\/\/www.ocasionplus.com\/noticias\/#\/schema\/person\/db1203be564cc3ded97ad1dbd8aadc5b\",\"name\":\"Cristhian Gonz\u00e1lez\",\"image\":{\"@type\":\"ImageObject\",\"inLanguage\":\"es\",\"@id\":\"https:\/\/www.ocasionplus.com\/noticias\/#\/schema\/person\/image\/\",\"url\":\"https:\/\/secure.gravatar.com\/avatar\/30c0388f0815fd0ab8fb4cfad29866ac?s=96&d=mm&r=g\",\"contentUrl\":\"https:\/\/secure.gravatar.com\/avatar\/30c0388f0815fd0ab8fb4cfad29866ac?s=96&d=mm&r=g\",\"caption\":\"Cristhian Gonz\u00e1lez\"},\"description\":\"Periodista formado en Colombia. Siempre vinculado al deporte y con pasi\u00f3n por los coches. He asistido y cubierto diferentes eventos deportivos para diferentes medios de comunicaci\u00f3n.\"}]}<\/script>\n<!-- \/ Yoast SEO Premium plugin. -->","yoast_head_json":{"title":"La marca Peugeot, la m\u00e1s vendida de agosto en OcasionPlus","description":"La marca Peugeot se convirti\u00f3 en la firma de coches m\u00e1s vendida en agosto, seg\u00fan los datos ofrecidos por OcasionPlus.","robots":{"index":"index","follow":"follow","max-snippet":"max-snippet:-1","max-image-preview":"max-image-preview:large","max-video-preview":"max-video-preview:-1"},"canonical":"https:\/\/www.ocasionplus.com\/noticias\/marca-mas-vendida-en-ocasionplus\/","og_locale":"es_ES","og_type":"article","og_title":"La marca Peugeot es la m\u00e1s vendida en OcasionPlus durante agosto","og_description":"La marca Peugeot se convirti\u00f3 en la firma de coches m\u00e1s vendida en agosto, seg\u00fan los datos ofrecidos por OcasionPlus.","og_url":"https:\/\/www.ocasionplus.com\/noticias\/marca-mas-vendida-en-ocasionplus\/","og_site_name":"OcasionPlus Blog","article_publisher":"https:\/\/www.facebook.com\/ocasionplus","article_published_time":"2024-09-02T14:31:26+00:00","article_modified_time":"2025-03-27T09:40:49+00:00","og_image":[{"width":1280,"height":853,"url":"https:\/\/www.ocasionplus.com\/wp-content\/uploads\/2024\/08\/Peugeot-3008-2020.jpg","type":"image\/jpeg"}],"author":"Cristhian Gonz\u00e1lez","twitter_card":"summary_large_image","twitter_creator":"@ocasionplus","twitter_site":"@ocasionplus","twitter_misc":{"Escrito por":"Cristhian Gonz\u00e1lez","Tiempo de lectura":"2 minutos"},"schema":{"@context":"https:\/\/schema.org","@graph":[{"@type":"Article","@id":"https:\/\/www.ocasionplus.com\/noticias\/marca-mas-vendida-en-ocasionplus\/#article","isPartOf":{"@id":"https:\/\/www.ocasionplus.com\/noticias\/marca-mas-vendida-en-ocasionplus\/"},"author":{"name":"Cristhian Gonz\u00e1lez","@id":"https:\/\/www.ocasionplus.com\/noticias\/#\/schema\/person\/db1203be564cc3ded97ad1dbd8aadc5b"},"headline":"La marca Peugeot es la m\u00e1s vendida en OcasionPlus durante agosto","datePublished":"2024-09-02T14:31:26+00:00","dateModified":"2025-03-27T09:40:49+00:00","mainEntityOfPage":{"@id":"https:\/\/www.ocasionplus.com\/noticias\/marca-mas-vendida-en-ocasionplus\/"},"wordCount":471,"publisher":{"@id":"https:\/\/www.ocasionplus.com\/noticias\/#organization"},"image":{"@id":"https:\/\/www.ocasionplus.com\/noticias\/marca-mas-vendida-en-ocasionplus\/#primaryimage"},"thumbnailUrl":"https:\/\/www.ocasionplus.com\/wp-content\/uploads\/2024\/08\/Peugeot-3008-2020.jpg","keywords":["coches ocasion","peugeot"],"articleSection":["Actualidad"],"inLanguage":"es","copyrightYear":"2024","copyrightHolder":{"@id":"https:\/\/www.ocasionplus.com\/noticias\/#organization"}},{"@type":"WebPage","@id":"https:\/\/www.ocasionplus.com\/noticias\/marca-mas-vendida-en-ocasionplus\/","url":"https:\/\/www.ocasionplus.com\/noticias\/marca-mas-vendida-en-ocasionplus\/","name":"La marca Peugeot, la m\u00e1s vendida de agosto en OcasionPlus","isPartOf":{"@id":"https:\/\/www.ocasionplus.com\/noticias\/#website"},"primaryImageOfPage":{"@id":"https:\/\/www.ocasionplus.com\/noticias\/marca-mas-vendida-en-ocasionplus\/#primaryimage"},"image":{"@id":"https:\/\/www.ocasionplus.com\/noticias\/marca-mas-vendida-en-ocasionplus\/#primaryimage"},"thumbnailUrl":"https:\/\/www.ocasionplus.com\/wp-content\/uploads\/2024\/08\/Peugeot-3008-2020.jpg","datePublished":"2024-09-02T14:31:26+00:00","dateModified":"2025-03-27T09:40:49+00:00","description":"La marca Peugeot se convirti\u00f3 en la firma de coches m\u00e1s vendida en agosto, seg\u00fan los datos ofrecidos por OcasionPlus.","breadcrumb":{"@id":"https:\/\/www.ocasionplus.com\/noticias\/marca-mas-vendida-en-ocasionplus\/#breadcrumb"},"inLanguage":"es","potentialAction":[{"@type":"ReadAction","target":["https:\/\/www.ocasionplus.com\/noticias\/marca-mas-vendida-en-ocasionplus\/"]}]},{"@type":"ImageObject","inLanguage":"es","@id":"https:\/\/www.ocasionplus.com\/noticias\/marca-mas-vendida-en-ocasionplus\/#primaryimage","url":"https:\/\/www.ocasionplus.com\/wp-content\/uploads\/2024\/08\/Peugeot-3008-2020.jpg","contentUrl":"https:\/\/www.ocasionplus.com\/wp-content\/uploads\/2024\/08\/Peugeot-3008-2020.jpg","width":1280,"height":853,"caption":"El Peugeot 3008 es un SUV de tama\u00f1o medio que tiene una versi\u00f3n 100% el\u00e9ctrica"},{"@type":"BreadcrumbList","@id":"https:\/\/www.ocasionplus.com\/noticias\/marca-mas-vendida-en-ocasionplus\/#breadcrumb","itemListElement":[{"@type":"ListItem","position":1,"name":"Portada","item":"https:\/\/www.ocasionplus.com\/noticias\/"},{"@type":"ListItem","position":2,"name":"La marca Peugeot es la m\u00e1s vendida en OcasionPlus durante agosto"}]},{"@type":"WebSite","@id":"https:\/\/www.ocasionplus.com\/noticias\/#website","url":"https:\/\/www.ocasionplus.com\/noticias\/","name":"OcasionPlus Blog","description":"Veh\u00edculos de ocasi\u00f3n","publisher":{"@id":"https:\/\/www.ocasionplus.com\/noticias\/#organization"},"potentialAction":[{"@type":"SearchAction","target":{"@type":"EntryPoint","urlTemplate":"https:\/\/www.ocasionplus.com\/noticias\/?s={search_term_string}"},"query-input":{"@type":"PropertyValueSpecification","valueRequired":true,"valueName":"search_term_string"}}],"inLanguage":"es"},{"@type":"Organization","@id":"https:\/\/www.ocasionplus.com\/noticias\/#organization","name":"OcasionPlus","url":"https:\/\/www.ocasionplus.com\/noticias\/","logo":{"@type":"ImageObject","inLanguage":"es","@id":"https:\/\/www.ocasionplus.com\/noticias\/#\/schema\/logo\/image\/","url":"https:\/\/www.ocasionplus.com\/wp-content\/uploads\/2024\/05\/cropped-cropped-oplus-logo-blog.png","contentUrl":"https:\/\/www.ocasionplus.com\/wp-content\/uploads\/2024\/05\/cropped-cropped-oplus-logo-blog.png","width":360,"height":71,"caption":"OcasionPlus"},"image":{"@id":"https:\/\/www.ocasionplus.com\/noticias\/#\/schema\/logo\/image\/"},"sameAs":["https:\/\/www.facebook.com\/ocasionplus","https:\/\/x.com\/ocasionplus","https:\/\/www.instagram.com\/ocasion_plus","https:\/\/www.youtube.com\/channel\/UCBiCAto61Lyu27CgI95wrYQ","https:\/\/www.tiktok.com\/@ocasionplus.com","https:\/\/es.linkedin.com\/company\/ocasionplus"]},{"@type":"Person","@id":"https:\/\/www.ocasionplus.com\/noticias\/#\/schema\/person\/db1203be564cc3ded97ad1dbd8aadc5b","name":"Cristhian Gonz\u00e1lez","image":{"@type":"ImageObject","inLanguage":"es","@id":"https:\/\/www.ocasionplus.com\/noticias\/#\/schema\/person\/image\/","url":"https:\/\/secure.gravatar.com\/avatar\/30c0388f0815fd0ab8fb4cfad29866ac?s=96&d=mm&r=g","contentUrl":"https:\/\/secure.gravatar.com\/avatar\/30c0388f0815fd0ab8fb4cfad29866ac?s=96&d=mm&r=g","caption":"Cristhian Gonz\u00e1lez"},"description":"Periodista formado en Colombia. Siempre vinculado al deporte y con pasi\u00f3n por los coches. He asistido y cubierto diferentes eventos deportivos para diferentes medios de comunicaci\u00f3n."}]}},"jetpack_featured_media_url":"https:\/\/www.ocasionplus.com\/wp-content\/uploads\/2024\/08\/Peugeot-3008-2020.jpg","_links":{"self":[{"href":"https:\/\/www.ocasionplus.com\/noticias\/wp-json\/wp\/v2\/posts\/13781","targetHints":{"allow":["GET"]}}],"collection":[{"href":"https:\/\/www.ocasionplus.com\/noticias\/wp-json\/wp\/v2\/posts"}],"about":[{"href":"https:\/\/www.ocasionplus.com\/noticias\/wp-json\/wp\/v2\/types\/post"}],"author":[{"embeddable":true,"href":"https:\/\/www.ocasionplus.com\/noticias\/wp-json\/wp\/v2\/users\/3"}],"replies":[{"embeddable":true,"href":"https:\/\/www.ocasionplus.com\/noticias\/wp-json\/wp\/v2\/comments?post=13781"}],"version-history":[{"count":3,"href":"https:\/\/www.ocasionplus.com\/noticias\/wp-json\/wp\/v2\/posts\/13781\/revisions"}],"predecessor-version":[{"id":14148,"href":"https:\/\/www.ocasionplus.com\/noticias\/wp-json\/wp\/v2\/posts\/13781\/revisions\/14148"}],"wp:featuredmedia":[{"embeddable":true,"href":"https:\/\/www.ocasionplus.com\/noticias\/wp-json\/wp\/v2\/media\/14147"}],"wp:attachment":[{"href":"https:\/\/www.ocasionplus.com\/noticias\/wp-json\/wp\/v2\/media?parent=13781"}],"wp:term":[{"taxonomy":"category","embeddable":true,"href":"https:\/\/www.ocasionplus.com\/noticias\/wp-json\/wp\/v2\/categories?post=13781"},{"taxonomy":"post_tag","embeddable":true,"href":"https:\/\/www.ocasionplus.com\/noticias\/wp-json\/wp\/v2\/tags?post=13781"}],"curies":[{"name":"wp","href":"https:\/\/api.w.org\/{rel}","templated":true}]}}