{"id":13834,"date":"2024-08-08T13:03:44","date_gmt":"2024-08-08T11:03:44","guid":{"rendered":"https:\/\/www.ocasionplus.com\/noticias\/?p=13834"},"modified":"2025-03-27T10:41:57","modified_gmt":"2025-03-27T09:41:57","slug":"provincia-que-mas-vende-en-ocasionplus","status":"publish","type":"post","link":"https:\/\/www.ocasionplus.com\/noticias\/provincia-que-mas-vende-en-ocasionplus\/","title":{"rendered":"Madrid lidera las ventas de coches de segunda mano de OcasionPlus en julio"},"content":{"rendered":"<div class=\"wpb-content-wrapper\"><p>[vc_row][vc_column][vc_column_text]En el mercado de <a href=\"https:\/\/www.ocasionplus.com\/coches-ocasion\">coches de segunda mano<\/a>, <strong>Madrid lidera las ventas de veh\u00edculos de ocasi\u00f3n durante el mes de julio<\/strong>, siendo la ciudad con mayor n\u00famero de ventas y\u00a0 consolidando su posici\u00f3n como el epicentro de las ventas de OcasionPlus.<\/p>\n<p>En este art\u00edculo, te contamos todos los detalles de la fortaleza de la capital tiene en el mercado de coches de segunda mano y te invitamos a descubrir por qu\u00e9 OcasionPlus es la mejor opci\u00f3n para comprar un <a href=\"https:\/\/www.ocasionplus.com\/coches-ocasion\/madrid\">coche de segunda mano en Madrid<\/a>.<\/p>\n<h2>Madrid lidera las ventas de julio<\/h2>\n<p>Durante el mes de julio, <strong>OcasionPlus ha registrado un total de 444 veh\u00edculos vendidos en la capital<\/strong>, una cifra que refleja la confianza de los madrile\u00f1os en nuestra empresa. Este n\u00famero demuestra la preferencia de los consumidores por nuestros servicios y la calidad de nuestros coches de segunda mano.<\/p>\n<p>En segunda posici\u00f3n, se ubica <strong>Barcelona, con 283 veh\u00edculos vendidos<\/strong>. Esta cifra es un indicativo de que la solicitud de <a href=\"https:\/\/www.ocasionplus.com\/coches-ocasion\/barcelona\">coches de segunda mano en Barcelona<\/a> ha ido en aumento, y que OcasionPlus es una referencia en el sector.<\/p>\n<p>El top 3 lo completa <strong>Valencia, con 145 coches vendidos<\/strong>. Esta ciudad es conocida por su dinamismo y crecimiento, ha encontrado en OcasionPlus el aliado perfecto para satisfacer las necesidades movilidad de los habitantes con sus <a href=\"https:\/\/www.ocasionplus.com\/coches-ocasion\/valencia\">coches de segunda mano en Valencia<\/a>.<\/p>\n<h2>Coches de segunda mano de OcasionPlus<\/h2>\n<p>Estos datos fueron recogidos por las ventas de OcasionPlus, que complet\u00f3 m\u00e1s de <a href=\"https:\/\/www.ocasionplus.com\/noticias\/analisis-del-mercado-de-coches-de-segunda-mano\/\">2.242 ventas en el mes de julio<\/a>. Si est\u00e1s pensando en comprar un coche de segunda mano, no dudes visitar OcasionPlus. En donde, en los m\u00e1s de 90 centros que tiene por toda Espa\u00f1a, te ofrecemos una amplia variedad de veh\u00edculos, precios competitivos y la garant\u00eda de una compra segura y satisfactoria.[\/vc_column_text][\/vc_column][\/vc_row][vc_row el_class=&#8221;comprar-coche-CTA&#8221;][vc_column][vc_custom_heading text=&#8221;Encuentra tu coche de ocasi\u00f3n en Madrid al mejor precio&#8221; use_theme_fonts=&#8221;yes&#8221; css=&#8221;&#8221;][vc_row_inner][vc_column_inner width=&#8221;8\/12&#8243;][vc_column_text css=&#8221;&#8221;]<\/p>\n<p>Ofrecemos la mejor relaci\u00f3n calidad-precio en todos nuestros m\u00e1s de 8.000 coches de segunda mano.<\/p>\n<p>[\/vc_column_text][\/vc_column_inner][vc_column_inner width=&#8221;4\/12&#8243;][vc_btn title=&#8221;Busca Ahora&#8221; style=&#8221;custom&#8221; custom_background=&#8221;#009fe3&#8243; custom_text=&#8221;#ffffff&#8221; align=&#8221;center&#8221; css=&#8221;&#8221; link=&#8221;url:https%3A%2F%2Fwww.ocasionplus.com%2Fcoches-ocasion%2Fmadrid|title:Busca%20tu%20Coche%20Ahora&#8221;][\/vc_column_inner][\/vc_row_inner][vc_row_inner el_id=&#8221;logo-placement&#8221; css=&#8221;.vc_custom_1719615816721{margin-top: 2px !important;margin-bottom: 12px !important;}&#8221;][vc_column_inner][vc_single_image image=&#8221;11299&#8243; img_size=&#8221;277&#215;43&#8243; alignment=&#8221;center&#8221; style=&#8221;vc_box_rounded&#8221; css=&#8221;&#8221; el_class=&#8221;logo-component-comprar&#8221;][\/vc_column_inner][\/vc_row_inner][\/vc_column][\/vc_row]<\/p>\n<\/div>","protected":false},"excerpt":{"rendered":"<p>[vc_row][vc_column][vc_column_text]En el mercado de coches de segunda mano, Madrid lidera las ventas de veh\u00edculos de ocasi\u00f3n durante el mes de julio, siendo la ciudad con mayor n\u00famero de ventas y\u00a0 consolidando su posici\u00f3n como el epicentro de las ventas de OcasionPlus. En este art\u00edculo, te contamos todos los detalles de la fortaleza de la capital&#8230;<\/p>\n","protected":false},"author":3,"featured_media":13835,"comment_status":"closed","ping_status":"open","sticky":false,"template":"","format":"standard","meta":{"footnotes":""},"categories":[2],"tags":[380,383],"class_list":["post-13834","post","type-post","status-publish","format-standard","has-post-thumbnail","hentry","category-ultimas-noticias","tag-coches-ocasion","tag-madrid"],"yoast_head":"<!-- This site is optimized with the Yoast SEO Premium plugin v24.8 (Yoast SEO v24.8.1) - https:\/\/yoast.com\/wordpress\/plugins\/seo\/ -->\n<title>Madrid lidera las ventas de coches de segunda mano de julio<\/title>\n<meta name=\"description\" content=\"En el mercado de coches de segunda mano, Madrid lidera las ventas de veh\u00edculos de ocasi\u00f3n durante el mes de julio.\" \/>\n<meta name=\"robots\" content=\"index, follow, max-snippet:-1, max-image-preview:large, max-video-preview:-1\" \/>\n<link rel=\"canonical\" href=\"https:\/\/www.ocasionplus.com\/noticias\/provincia-que-mas-vende-en-ocasionplus\/\" \/>\n<meta property=\"og:locale\" content=\"es_ES\" \/>\n<meta property=\"og:type\" content=\"article\" \/>\n<meta property=\"og:title\" content=\"Madrid lidera las ventas de coches de segunda mano de OcasionPlus en julio\" \/>\n<meta property=\"og:description\" content=\"En el mercado de coches de segunda mano, Madrid lidera las ventas de veh\u00edculos de ocasi\u00f3n durante el mes de julio.\" \/>\n<meta property=\"og:url\" content=\"https:\/\/www.ocasionplus.com\/noticias\/provincia-que-mas-vende-en-ocasionplus\/\" \/>\n<meta property=\"og:site_name\" content=\"OcasionPlus Blog\" \/>\n<meta property=\"article:publisher\" content=\"https:\/\/www.facebook.com\/ocasionplus\" \/>\n<meta property=\"article:published_time\" content=\"2024-08-08T11:03:44+00:00\" \/>\n<meta property=\"article:modified_time\" content=\"2025-03-27T09:41:57+00:00\" \/>\n<meta property=\"og:image\" content=\"https:\/\/www.ocasionplus.com\/wp-content\/uploads\/2024\/08\/Madrid-lidera-ventas-de-coches-de-segunda-mano-de-julip.jpg\" \/>\n\t<meta property=\"og:image:width\" content=\"1280\" \/>\n\t<meta property=\"og:image:height\" content=\"918\" \/>\n\t<meta property=\"og:image:type\" content=\"image\/jpeg\" \/>\n<meta name=\"author\" content=\"Cristhian Gonz\u00e1lez\" \/>\n<meta name=\"twitter:card\" content=\"summary_large_image\" \/>\n<meta name=\"twitter:creator\" content=\"@ocasionplus\" \/>\n<meta name=\"twitter:site\" content=\"@ocasionplus\" \/>\n<meta name=\"twitter:label1\" content=\"Escrito por\" \/>\n\t<meta name=\"twitter:data1\" content=\"Cristhian Gonz\u00e1lez\" \/>\n\t<meta name=\"twitter:label2\" content=\"Tiempo de lectura\" \/>\n\t<meta name=\"twitter:data2\" content=\"2 minutos\" \/>\n<script type=\"application\/ld+json\" class=\"yoast-schema-graph\">{\"@context\":\"https:\/\/schema.org\",\"@graph\":[{\"@type\":\"Article\",\"@id\":\"https:\/\/www.ocasionplus.com\/noticias\/provincia-que-mas-vende-en-ocasionplus\/#article\",\"isPartOf\":{\"@id\":\"https:\/\/www.ocasionplus.com\/noticias\/provincia-que-mas-vende-en-ocasionplus\/\"},\"author\":{\"name\":\"Cristhian Gonz\u00e1lez\",\"@id\":\"https:\/\/www.ocasionplus.com\/noticias\/#\/schema\/person\/db1203be564cc3ded97ad1dbd8aadc5b\"},\"headline\":\"Madrid lidera las ventas de coches de segunda mano de OcasionPlus en julio\",\"datePublished\":\"2024-08-08T11:03:44+00:00\",\"dateModified\":\"2025-03-27T09:41:57+00:00\",\"mainEntityOfPage\":{\"@id\":\"https:\/\/www.ocasionplus.com\/noticias\/provincia-que-mas-vende-en-ocasionplus\/\"},\"wordCount\":476,\"publisher\":{\"@id\":\"https:\/\/www.ocasionplus.com\/noticias\/#organization\"},\"image\":{\"@id\":\"https:\/\/www.ocasionplus.com\/noticias\/provincia-que-mas-vende-en-ocasionplus\/#primaryimage\"},\"thumbnailUrl\":\"https:\/\/www.ocasionplus.com\/wp-content\/uploads\/2024\/08\/Madrid-lidera-ventas-de-coches-de-segunda-mano-de-julip.jpg\",\"keywords\":[\"coches ocasion\",\"madrid\"],\"articleSection\":[\"\u00daltimas Noticias\"],\"inLanguage\":\"es\",\"copyrightYear\":\"2024\",\"copyrightHolder\":{\"@id\":\"https:\/\/www.ocasionplus.com\/noticias\/#organization\"}},{\"@type\":\"WebPage\",\"@id\":\"https:\/\/www.ocasionplus.com\/noticias\/provincia-que-mas-vende-en-ocasionplus\/\",\"url\":\"https:\/\/www.ocasionplus.com\/noticias\/provincia-que-mas-vende-en-ocasionplus\/\",\"name\":\"Madrid lidera las ventas de coches de segunda mano de julio\",\"isPartOf\":{\"@id\":\"https:\/\/www.ocasionplus.com\/noticias\/#website\"},\"primaryImageOfPage\":{\"@id\":\"https:\/\/www.ocasionplus.com\/noticias\/provincia-que-mas-vende-en-ocasionplus\/#primaryimage\"},\"image\":{\"@id\":\"https:\/\/www.ocasionplus.com\/noticias\/provincia-que-mas-vende-en-ocasionplus\/#primaryimage\"},\"thumbnailUrl\":\"https:\/\/www.ocasionplus.com\/wp-content\/uploads\/2024\/08\/Madrid-lidera-ventas-de-coches-de-segunda-mano-de-julip.jpg\",\"datePublished\":\"2024-08-08T11:03:44+00:00\",\"dateModified\":\"2025-03-27T09:41:57+00:00\",\"description\":\"En el mercado de coches de segunda mano, Madrid lidera las ventas de veh\u00edculos de ocasi\u00f3n durante el mes de julio.\",\"breadcrumb\":{\"@id\":\"https:\/\/www.ocasionplus.com\/noticias\/provincia-que-mas-vende-en-ocasionplus\/#breadcrumb\"},\"inLanguage\":\"es\",\"potentialAction\":[{\"@type\":\"ReadAction\",\"target\":[\"https:\/\/www.ocasionplus.com\/noticias\/provincia-que-mas-vende-en-ocasionplus\/\"]}]},{\"@type\":\"ImageObject\",\"inLanguage\":\"es\",\"@id\":\"https:\/\/www.ocasionplus.com\/noticias\/provincia-que-mas-vende-en-ocasionplus\/#primaryimage\",\"url\":\"https:\/\/www.ocasionplus.com\/wp-content\/uploads\/2024\/08\/Madrid-lidera-ventas-de-coches-de-segunda-mano-de-julip.jpg\",\"contentUrl\":\"https:\/\/www.ocasionplus.com\/wp-content\/uploads\/2024\/08\/Madrid-lidera-ventas-de-coches-de-segunda-mano-de-julip.jpg\",\"width\":1280,\"height\":918,\"caption\":\"Madrid es la provincia que m\u00e1s vende coches de segunda mano OcasionPlus\"},{\"@type\":\"BreadcrumbList\",\"@id\":\"https:\/\/www.ocasionplus.com\/noticias\/provincia-que-mas-vende-en-ocasionplus\/#breadcrumb\",\"itemListElement\":[{\"@type\":\"ListItem\",\"position\":1,\"name\":\"Portada\",\"item\":\"https:\/\/www.ocasionplus.com\/noticias\/\"},{\"@type\":\"ListItem\",\"position\":2,\"name\":\"Madrid lidera las ventas de coches de segunda mano de OcasionPlus en julio\"}]},{\"@type\":\"WebSite\",\"@id\":\"https:\/\/www.ocasionplus.com\/noticias\/#website\",\"url\":\"https:\/\/www.ocasionplus.com\/noticias\/\",\"name\":\"OcasionPlus Blog\",\"description\":\"Veh\u00edculos de ocasi\u00f3n\",\"publisher\":{\"@id\":\"https:\/\/www.ocasionplus.com\/noticias\/#organization\"},\"potentialAction\":[{\"@type\":\"SearchAction\",\"target\":{\"@type\":\"EntryPoint\",\"urlTemplate\":\"https:\/\/www.ocasionplus.com\/noticias\/?s={search_term_string}\"},\"query-input\":{\"@type\":\"PropertyValueSpecification\",\"valueRequired\":true,\"valueName\":\"search_term_string\"}}],\"inLanguage\":\"es\"},{\"@type\":\"Organization\",\"@id\":\"https:\/\/www.ocasionplus.com\/noticias\/#organization\",\"name\":\"OcasionPlus\",\"url\":\"https:\/\/www.ocasionplus.com\/noticias\/\",\"logo\":{\"@type\":\"ImageObject\",\"inLanguage\":\"es\",\"@id\":\"https:\/\/www.ocasionplus.com\/noticias\/#\/schema\/logo\/image\/\",\"url\":\"https:\/\/www.ocasionplus.com\/wp-content\/uploads\/2024\/05\/cropped-cropped-oplus-logo-blog.png\",\"contentUrl\":\"https:\/\/www.ocasionplus.com\/wp-content\/uploads\/2024\/05\/cropped-cropped-oplus-logo-blog.png\",\"width\":360,\"height\":71,\"caption\":\"OcasionPlus\"},\"image\":{\"@id\":\"https:\/\/www.ocasionplus.com\/noticias\/#\/schema\/logo\/image\/\"},\"sameAs\":[\"https:\/\/www.facebook.com\/ocasionplus\",\"https:\/\/x.com\/ocasionplus\",\"https:\/\/www.instagram.com\/ocasion_plus\",\"https:\/\/www.youtube.com\/channel\/UCBiCAto61Lyu27CgI95wrYQ\",\"https:\/\/www.tiktok.com\/@ocasionplus.com\",\"https:\/\/es.linkedin.com\/company\/ocasionplus\"]},{\"@type\":\"Person\",\"@id\":\"https:\/\/www.ocasionplus.com\/noticias\/#\/schema\/person\/db1203be564cc3ded97ad1dbd8aadc5b\",\"name\":\"Cristhian Gonz\u00e1lez\",\"image\":{\"@type\":\"ImageObject\",\"inLanguage\":\"es\",\"@id\":\"https:\/\/www.ocasionplus.com\/noticias\/#\/schema\/person\/image\/\",\"url\":\"https:\/\/secure.gravatar.com\/avatar\/30c0388f0815fd0ab8fb4cfad29866ac?s=96&d=mm&r=g\",\"contentUrl\":\"https:\/\/secure.gravatar.com\/avatar\/30c0388f0815fd0ab8fb4cfad29866ac?s=96&d=mm&r=g\",\"caption\":\"Cristhian Gonz\u00e1lez\"},\"description\":\"Periodista formado en Colombia. Siempre vinculado al deporte y con pasi\u00f3n por los coches. He asistido y cubierto diferentes eventos deportivos para diferentes medios de comunicaci\u00f3n.\"}]}<\/script>\n<!-- \/ Yoast SEO Premium plugin. -->","yoast_head_json":{"title":"Madrid lidera las ventas de coches de segunda mano de julio","description":"En el mercado de coches de segunda mano, Madrid lidera las ventas de veh\u00edculos de ocasi\u00f3n durante el mes de julio.","robots":{"index":"index","follow":"follow","max-snippet":"max-snippet:-1","max-image-preview":"max-image-preview:large","max-video-preview":"max-video-preview:-1"},"canonical":"https:\/\/www.ocasionplus.com\/noticias\/provincia-que-mas-vende-en-ocasionplus\/","og_locale":"es_ES","og_type":"article","og_title":"Madrid lidera las ventas de coches de segunda mano de OcasionPlus en julio","og_description":"En el mercado de coches de segunda mano, Madrid lidera las ventas de veh\u00edculos de ocasi\u00f3n durante el mes de julio.","og_url":"https:\/\/www.ocasionplus.com\/noticias\/provincia-que-mas-vende-en-ocasionplus\/","og_site_name":"OcasionPlus Blog","article_publisher":"https:\/\/www.facebook.com\/ocasionplus","article_published_time":"2024-08-08T11:03:44+00:00","article_modified_time":"2025-03-27T09:41:57+00:00","og_image":[{"width":1280,"height":918,"url":"https:\/\/www.ocasionplus.com\/wp-content\/uploads\/2024\/08\/Madrid-lidera-ventas-de-coches-de-segunda-mano-de-julip.jpg","type":"image\/jpeg"}],"author":"Cristhian Gonz\u00e1lez","twitter_card":"summary_large_image","twitter_creator":"@ocasionplus","twitter_site":"@ocasionplus","twitter_misc":{"Escrito por":"Cristhian Gonz\u00e1lez","Tiempo de lectura":"2 minutos"},"schema":{"@context":"https:\/\/schema.org","@graph":[{"@type":"Article","@id":"https:\/\/www.ocasionplus.com\/noticias\/provincia-que-mas-vende-en-ocasionplus\/#article","isPartOf":{"@id":"https:\/\/www.ocasionplus.com\/noticias\/provincia-que-mas-vende-en-ocasionplus\/"},"author":{"name":"Cristhian Gonz\u00e1lez","@id":"https:\/\/www.ocasionplus.com\/noticias\/#\/schema\/person\/db1203be564cc3ded97ad1dbd8aadc5b"},"headline":"Madrid lidera las ventas de coches de segunda mano de OcasionPlus en julio","datePublished":"2024-08-08T11:03:44+00:00","dateModified":"2025-03-27T09:41:57+00:00","mainEntityOfPage":{"@id":"https:\/\/www.ocasionplus.com\/noticias\/provincia-que-mas-vende-en-ocasionplus\/"},"wordCount":476,"publisher":{"@id":"https:\/\/www.ocasionplus.com\/noticias\/#organization"},"image":{"@id":"https:\/\/www.ocasionplus.com\/noticias\/provincia-que-mas-vende-en-ocasionplus\/#primaryimage"},"thumbnailUrl":"https:\/\/www.ocasionplus.com\/wp-content\/uploads\/2024\/08\/Madrid-lidera-ventas-de-coches-de-segunda-mano-de-julip.jpg","keywords":["coches ocasion","madrid"],"articleSection":["\u00daltimas Noticias"],"inLanguage":"es","copyrightYear":"2024","copyrightHolder":{"@id":"https:\/\/www.ocasionplus.com\/noticias\/#organization"}},{"@type":"WebPage","@id":"https:\/\/www.ocasionplus.com\/noticias\/provincia-que-mas-vende-en-ocasionplus\/","url":"https:\/\/www.ocasionplus.com\/noticias\/provincia-que-mas-vende-en-ocasionplus\/","name":"Madrid lidera las ventas de coches de segunda mano de julio","isPartOf":{"@id":"https:\/\/www.ocasionplus.com\/noticias\/#website"},"primaryImageOfPage":{"@id":"https:\/\/www.ocasionplus.com\/noticias\/provincia-que-mas-vende-en-ocasionplus\/#primaryimage"},"image":{"@id":"https:\/\/www.ocasionplus.com\/noticias\/provincia-que-mas-vende-en-ocasionplus\/#primaryimage"},"thumbnailUrl":"https:\/\/www.ocasionplus.com\/wp-content\/uploads\/2024\/08\/Madrid-lidera-ventas-de-coches-de-segunda-mano-de-julip.jpg","datePublished":"2024-08-08T11:03:44+00:00","dateModified":"2025-03-27T09:41:57+00:00","description":"En el mercado de coches de segunda mano, Madrid lidera las ventas de veh\u00edculos de ocasi\u00f3n durante el mes de julio.","breadcrumb":{"@id":"https:\/\/www.ocasionplus.com\/noticias\/provincia-que-mas-vende-en-ocasionplus\/#breadcrumb"},"inLanguage":"es","potentialAction":[{"@type":"ReadAction","target":["https:\/\/www.ocasionplus.com\/noticias\/provincia-que-mas-vende-en-ocasionplus\/"]}]},{"@type":"ImageObject","inLanguage":"es","@id":"https:\/\/www.ocasionplus.com\/noticias\/provincia-que-mas-vende-en-ocasionplus\/#primaryimage","url":"https:\/\/www.ocasionplus.com\/wp-content\/uploads\/2024\/08\/Madrid-lidera-ventas-de-coches-de-segunda-mano-de-julip.jpg","contentUrl":"https:\/\/www.ocasionplus.com\/wp-content\/uploads\/2024\/08\/Madrid-lidera-ventas-de-coches-de-segunda-mano-de-julip.jpg","width":1280,"height":918,"caption":"Madrid es la provincia que m\u00e1s vende coches de segunda mano OcasionPlus"},{"@type":"BreadcrumbList","@id":"https:\/\/www.ocasionplus.com\/noticias\/provincia-que-mas-vende-en-ocasionplus\/#breadcrumb","itemListElement":[{"@type":"ListItem","position":1,"name":"Portada","item":"https:\/\/www.ocasionplus.com\/noticias\/"},{"@type":"ListItem","position":2,"name":"Madrid lidera las ventas de coches de segunda mano de OcasionPlus en julio"}]},{"@type":"WebSite","@id":"https:\/\/www.ocasionplus.com\/noticias\/#website","url":"https:\/\/www.ocasionplus.com\/noticias\/","name":"OcasionPlus Blog","description":"Veh\u00edculos de ocasi\u00f3n","publisher":{"@id":"https:\/\/www.ocasionplus.com\/noticias\/#organization"},"potentialAction":[{"@type":"SearchAction","target":{"@type":"EntryPoint","urlTemplate":"https:\/\/www.ocasionplus.com\/noticias\/?s={search_term_string}"},"query-input":{"@type":"PropertyValueSpecification","valueRequired":true,"valueName":"search_term_string"}}],"inLanguage":"es"},{"@type":"Organization","@id":"https:\/\/www.ocasionplus.com\/noticias\/#organization","name":"OcasionPlus","url":"https:\/\/www.ocasionplus.com\/noticias\/","logo":{"@type":"ImageObject","inLanguage":"es","@id":"https:\/\/www.ocasionplus.com\/noticias\/#\/schema\/logo\/image\/","url":"https:\/\/www.ocasionplus.com\/wp-content\/uploads\/2024\/05\/cropped-cropped-oplus-logo-blog.png","contentUrl":"https:\/\/www.ocasionplus.com\/wp-content\/uploads\/2024\/05\/cropped-cropped-oplus-logo-blog.png","width":360,"height":71,"caption":"OcasionPlus"},"image":{"@id":"https:\/\/www.ocasionplus.com\/noticias\/#\/schema\/logo\/image\/"},"sameAs":["https:\/\/www.facebook.com\/ocasionplus","https:\/\/x.com\/ocasionplus","https:\/\/www.instagram.com\/ocasion_plus","https:\/\/www.youtube.com\/channel\/UCBiCAto61Lyu27CgI95wrYQ","https:\/\/www.tiktok.com\/@ocasionplus.com","https:\/\/es.linkedin.com\/company\/ocasionplus"]},{"@type":"Person","@id":"https:\/\/www.ocasionplus.com\/noticias\/#\/schema\/person\/db1203be564cc3ded97ad1dbd8aadc5b","name":"Cristhian Gonz\u00e1lez","image":{"@type":"ImageObject","inLanguage":"es","@id":"https:\/\/www.ocasionplus.com\/noticias\/#\/schema\/person\/image\/","url":"https:\/\/secure.gravatar.com\/avatar\/30c0388f0815fd0ab8fb4cfad29866ac?s=96&d=mm&r=g","contentUrl":"https:\/\/secure.gravatar.com\/avatar\/30c0388f0815fd0ab8fb4cfad29866ac?s=96&d=mm&r=g","caption":"Cristhian Gonz\u00e1lez"},"description":"Periodista formado en Colombia. Siempre vinculado al deporte y con pasi\u00f3n por los coches. He asistido y cubierto diferentes eventos deportivos para diferentes medios de comunicaci\u00f3n."}]}},"jetpack_featured_media_url":"https:\/\/www.ocasionplus.com\/wp-content\/uploads\/2024\/08\/Madrid-lidera-ventas-de-coches-de-segunda-mano-de-julip.jpg","_links":{"self":[{"href":"https:\/\/www.ocasionplus.com\/noticias\/wp-json\/wp\/v2\/posts\/13834","targetHints":{"allow":["GET"]}}],"collection":[{"href":"https:\/\/www.ocasionplus.com\/noticias\/wp-json\/wp\/v2\/posts"}],"about":[{"href":"https:\/\/www.ocasionplus.com\/noticias\/wp-json\/wp\/v2\/types\/post"}],"author":[{"embeddable":true,"href":"https:\/\/www.ocasionplus.com\/noticias\/wp-json\/wp\/v2\/users\/3"}],"replies":[{"embeddable":true,"href":"https:\/\/www.ocasionplus.com\/noticias\/wp-json\/wp\/v2\/comments?post=13834"}],"version-history":[{"count":2,"href":"https:\/\/www.ocasionplus.com\/noticias\/wp-json\/wp\/v2\/posts\/13834\/revisions"}],"predecessor-version":[{"id":13837,"href":"https:\/\/www.ocasionplus.com\/noticias\/wp-json\/wp\/v2\/posts\/13834\/revisions\/13837"}],"wp:featuredmedia":[{"embeddable":true,"href":"https:\/\/www.ocasionplus.com\/noticias\/wp-json\/wp\/v2\/media\/13835"}],"wp:attachment":[{"href":"https:\/\/www.ocasionplus.com\/noticias\/wp-json\/wp\/v2\/media?parent=13834"}],"wp:term":[{"taxonomy":"category","embeddable":true,"href":"https:\/\/www.ocasionplus.com\/noticias\/wp-json\/wp\/v2\/categories?post=13834"},{"taxonomy":"post_tag","embeddable":true,"href":"https:\/\/www.ocasionplus.com\/noticias\/wp-json\/wp\/v2\/tags?post=13834"}],"curies":[{"name":"wp","href":"https:\/\/api.w.org\/{rel}","templated":true}]}}