{"id":13892,"date":"2024-09-06T11:01:26","date_gmt":"2024-09-06T09:01:26","guid":{"rendered":"https:\/\/www.ocasionplus.com\/noticias\/?p=13892"},"modified":"2025-03-27T10:39:23","modified_gmt":"2025-03-27T09:39:23","slug":"marca-mas-vendida-en-sevilla","status":"publish","type":"post","link":"https:\/\/www.ocasionplus.com\/noticias\/marca-mas-vendida-en-sevilla\/","title":{"rendered":"Audi, Seat y Volkswagen de segunda mano en Sevilla, la marca favorita en agosto"},"content":{"rendered":"<div class=\"wpb-content-wrapper\"><p>[vc_row][vc_column][vc_column_text]<\/p>\n<p>El mercado de coches de segunda mano en Sevilla sigue mostrando una alta demanda, y seg\u00fan un reciente estudio de OcasionPlus, tres marcas se han destacado por encima del resto durante el mes de agosto de 2024: <strong>Audi, SEAT y Volkswagen<\/strong>. Estas tres firmas han liderado las ventas, consolidando su posici\u00f3n en el mercado gracias a su reputaci\u00f3n, fiabilidad y amplia oferta de modelos. Vamos a analizar qu\u00e9 hace que estas marcas sean tan populares entre los sevillanos.<\/p>\n<h2>Audi: Prestigio y tecnolog\u00eda en el mercado de ocasi\u00f3n<\/h2>\n<p><a href=\"https:\/\/www.ocasionplus.com\/coches-ocasion\/audi\">Audi de segunda mano<\/a> ha sido una de las marcas m\u00e1s demandadas en Sevilla durante el mes de agosto, y no es de extra\u00f1ar. Los conductores que buscan un coche de segunda mano valoran especialmente la <strong>calidad premium<\/strong> que Audi ofrece en todos sus modelos. Desde el <a href=\"https:\/\/www.ocasionplus.com\/coches-ocasion\/audi\/a3\">Audi A3<\/a> hasta el <a href=\"https:\/\/www.ocasionplus.com\/coches-ocasion\/audi\/q5\">Audi Q5<\/a>, los veh\u00edculos de esta marca se destacan por su <strong>tecnolog\u00eda avanzada<\/strong>, acabados de lujo y una conducci\u00f3n suave, lo que convierte a los coches de segunda mano de Audi en una opci\u00f3n atractiva para quienes buscan un equilibrio entre estilo y rendimiento.<\/p>\n<p>Adem\u00e1s, la durabilidad de sus motores y la robustez de sus acabados hacen que los veh\u00edculos Audi mantengan su valor con el tiempo, siendo una inversi\u00f3n segura en el mercado de ocasi\u00f3n.<\/p>\n<h2>SEAT: Fiabilidad y precios competitivos<\/h2>\n<p>Los <a href=\"https:\/\/www.ocasionplus.com\/coches-ocasion\/seat\">SEAT de segunda mano<\/a> tambi\u00e9n ha demostrado ser una de las preferidas entre los compradores de coches de segunda mano en Sevilla. Modelos como el<a href=\"https:\/\/www.ocasionplus.com\/coches-ocasion\/seat\/ibiza\"> <strong>SEAT Ibiza<\/strong><\/a> y el <a href=\"https:\/\/www.ocasionplus.com\/coches-ocasion\/seat\/leon\"><strong>SEAT Le\u00f3n<\/strong><\/a> contin\u00faan siendo populares gracias a su <strong>fiabilidad, consumo eficiente<\/strong> y un <strong>precio competitivo<\/strong> en comparaci\u00f3n con otras marcas del segmento.<\/p>\n<p>SEAT tiene una gran penetraci\u00f3n en el mercado espa\u00f1ol, y su oferta de veh\u00edculos econ\u00f3micos y pr\u00e1cticos lo convierte en una opci\u00f3n ideal para conductores urbanos o j\u00f3venes que buscan su primer coche. Adem\u00e1s, la disponibilidad de piezas y un coste de mantenimiento razonable son factores clave que influyen en la decisi\u00f3n de compra.<\/p>\n<h2>Volkswagen: Calidad alemana que perdura<\/h2>\n<p><a href=\"https:\/\/www.ocasionplus.com\/coches-ocasion\/volkswagen\">Volkswagen de segunda mano<\/a> es sin\u00f3nimo de fiabilidad y rendimiento a largo plazo, lo que ha hecho que la marca alemana ocupe un lugar destacado en las ventas de coches de segunda mano en Sevilla. Modelos como el <a href=\"https:\/\/www.ocasionplus.com\/coches-ocasion\/volkswagen\/golf\"><strong>Volkswagen Golf<\/strong> <\/a>y el <a href=\"https:\/\/www.ocasionplus.com\/coches-ocasion\/volkswagen\/passat\"><strong>Volkswagen Passat<\/strong> <\/a>son muy apreciados por su <strong>durabilidad<\/strong>, <strong>bajo consumo<\/strong> y una s\u00f3lida reputaci\u00f3n de seguridad. Estos coches ofrecen una experiencia de conducci\u00f3n confiable, lo que los convierte en una opci\u00f3n segura tanto para familias como para conductores exigentes.<\/p>\n<p>Otro aspecto que valoran los compradores es la posibilidad de encontrar coches Volkswagen en muy buen estado, gracias a su <strong>construcci\u00f3n robusta y su capacidad para resistir el paso del tiempo<\/strong> sin perder demasiada calidad.<\/p>\n<h2>\u00bfQu\u00e9 factores influyen en el \u00e9xito de estas marcas en el mercado de segunda mano?<\/h2>\n<p>Existen varias razones por las que Audi, SEAT y Volkswagen han sido las marcas m\u00e1s vendidas en Sevilla durante agosto:<\/p>\n<ol>\n<li><strong>Fiabilidad y durabilidad:<\/strong> Estas tres marcas tienen una reputaci\u00f3n bien establecida por la calidad de sus veh\u00edculos y su capacidad para mantenerse en buen estado incluso despu\u00e9s de varios a\u00f1os de uso.<\/li>\n<li><strong>Variedad de modelos:<\/strong> Desde coches compactos para el d\u00eda a d\u00eda, como el SEAT Ibiza, hasta SUV de lujo como el Audi Q5, estas marcas ofrecen opciones para todo tipo de necesidades y presupuestos.<\/li>\n<li><strong>Tecnolog\u00eda avanzada:<\/strong> Audi y Volkswagen, en particular, son conocidas por integrar tecnolog\u00eda de \u00faltima generaci\u00f3n en sus veh\u00edculos, lo que los convierte en opciones atractivas para aquellos que buscan un coche moderno en el mercado de segunda mano.<\/li>\n<li><strong>Valor de reventa:<\/strong> Los coches de estas marcas suelen mantener su valor mejor que otros competidores, lo que da confianza a los compradores de que est\u00e1n haciendo una inversi\u00f3n s\u00f3lida.<\/li>\n<\/ol>\n<h2>Coches de ocasi\u00f3n en Sevilla<\/h2>\n<p>Audi, SEAT y Volkswagen han logrado destacarse como <strong>las marca de coches de segunda mano m\u00e1s vendida en Sevilla<\/strong> durante el mes de agosto. . Si est\u00e1s pensando en adquirir un <a href=\"https:\/\/www.ocasionplus.com\/coches-ocasion\/sevilla\">coche de segunda mano en Sevilla<\/a>, no dudes en visitar <a href=\"https:\/\/www.ocasionplus.com\/\">OcasionPlus<\/a> y descubrir las excelentes opciones que tienen para ofrecerte.[\/vc_column_text][\/vc_column][\/vc_row][vc_row el_class=&#8221;comprar-coche-CTA&#8221;][vc_column][vc_custom_heading text=&#8221;Encuentra tu coche de ocasi\u00f3n en Sevilla al mejor precio&#8221; use_theme_fonts=&#8221;yes&#8221; css=&#8221;&#8221;][vc_row_inner][vc_column_inner width=&#8221;8\/12&#8243;][vc_column_text css=&#8221;&#8221;]<\/p>\n<p>Ofrecemos la mejor relaci\u00f3n calidad-precio en todos nuestros m\u00e1s de 8.000 coches de segunda mano.<\/p>\n<p>[\/vc_column_text][\/vc_column_inner][vc_column_inner width=&#8221;4\/12&#8243;][vc_btn title=&#8221;Busca Ahora&#8221; style=&#8221;custom&#8221; custom_background=&#8221;#009fe3&#8243; custom_text=&#8221;#ffffff&#8221; align=&#8221;center&#8221; css=&#8221;&#8221; link=&#8221;url:https%3A%2F%2Fwww.ocasionplus.com%2Fcoches-ocasion%2Fsevilla|title:Busca%20tu%20Coche%20Ahora&#8221;][\/vc_column_inner][\/vc_row_inner][vc_row_inner el_id=&#8221;logo-placement&#8221; css=&#8221;.vc_custom_1719615816721{margin-top: 2px !important;margin-bottom: 12px !important;}&#8221;][vc_column_inner][vc_single_image image=&#8221;11299&#8243; img_size=&#8221;277&#215;43&#8243; alignment=&#8221;center&#8221; style=&#8221;vc_box_rounded&#8221; css=&#8221;&#8221; el_class=&#8221;logo-component-comprar&#8221;][\/vc_column_inner][\/vc_row_inner][\/vc_column][\/vc_row]<\/p>\n<\/div>","protected":false},"excerpt":{"rendered":"<p>[vc_row][vc_column][vc_column_text] El mercado de coches de segunda mano en Sevilla sigue mostrando una alta demanda, y seg\u00fan un reciente estudio de OcasionPlus, tres marcas se han destacado por encima del resto durante el mes de agosto de 2024: Audi, SEAT y Volkswagen. Estas tres firmas han liderado las ventas, consolidando su posici\u00f3n en el mercado&#8230;<\/p>\n","protected":false},"author":5,"featured_media":13315,"comment_status":"closed","ping_status":"open","sticky":false,"template":"","format":"standard","meta":{"footnotes":""},"categories":[2],"tags":[376,380,409,405,460],"class_list":["post-13892","post","type-post","status-publish","format-standard","has-post-thumbnail","hentry","category-ultimas-noticias","tag-audi","tag-coches-ocasion","tag-seat","tag-sevilla","tag-volkswagen"],"yoast_head":"<!-- This site is optimized with the Yoast SEO Premium plugin v24.8 (Yoast SEO v24.8.1) - https:\/\/yoast.com\/wordpress\/plugins\/seo\/ -->\n<title>Audi, Seat y Volkswagen de segunda mano lideran en Sevilla<\/title>\n<meta name=\"description\" content=\"Audi, Seat y Volkswaven de segunda mano en Sevilla lideran como marcas m\u00e1s vendida en agosto, seg\u00fan datos proporcionados por OcasionPlus.\" \/>\n<meta name=\"robots\" content=\"index, follow, max-snippet:-1, max-image-preview:large, max-video-preview:-1\" \/>\n<link rel=\"canonical\" href=\"https:\/\/www.ocasionplus.com\/noticias\/marca-mas-vendida-en-sevilla\/\" \/>\n<meta property=\"og:locale\" content=\"es_ES\" \/>\n<meta property=\"og:type\" content=\"article\" \/>\n<meta property=\"og:title\" content=\"Audi, Seat y Volkswagen de segunda mano en Sevilla, la marca favorita en agosto\" \/>\n<meta property=\"og:description\" content=\"Audi, Seat y Volkswaven de segunda mano en Sevilla lideran como marcas m\u00e1s vendida en agosto, seg\u00fan datos proporcionados por OcasionPlus.\" \/>\n<meta property=\"og:url\" content=\"https:\/\/www.ocasionplus.com\/noticias\/marca-mas-vendida-en-sevilla\/\" \/>\n<meta property=\"og:site_name\" content=\"OcasionPlus Blog\" \/>\n<meta property=\"article:publisher\" content=\"https:\/\/www.facebook.com\/ocasionplus\" \/>\n<meta property=\"article:published_time\" content=\"2024-09-06T09:01:26+00:00\" \/>\n<meta property=\"article:modified_time\" content=\"2025-03-27T09:39:23+00:00\" \/>\n<meta property=\"og:image\" content=\"https:\/\/www.ocasionplus.com\/wp-content\/uploads\/2024\/07\/nuevo_audi_A5.jpg\" \/>\n\t<meta property=\"og:image:width\" content=\"960\" \/>\n\t<meta property=\"og:image:height\" content=\"720\" \/>\n\t<meta property=\"og:image:type\" content=\"image\/jpeg\" \/>\n<meta name=\"author\" content=\"Virginia Mart\u00edn\" \/>\n<meta name=\"twitter:card\" content=\"summary_large_image\" \/>\n<meta name=\"twitter:creator\" content=\"@ocasionplus\" \/>\n<meta name=\"twitter:site\" content=\"@ocasionplus\" \/>\n<meta name=\"twitter:label1\" content=\"Escrito por\" \/>\n\t<meta name=\"twitter:data1\" content=\"Virginia Mart\u00edn\" \/>\n\t<meta name=\"twitter:label2\" content=\"Tiempo de lectura\" \/>\n\t<meta name=\"twitter:data2\" content=\"4 minutos\" \/>\n<script type=\"application\/ld+json\" class=\"yoast-schema-graph\">{\"@context\":\"https:\/\/schema.org\",\"@graph\":[{\"@type\":\"Article\",\"@id\":\"https:\/\/www.ocasionplus.com\/noticias\/marca-mas-vendida-en-sevilla\/#article\",\"isPartOf\":{\"@id\":\"https:\/\/www.ocasionplus.com\/noticias\/marca-mas-vendida-en-sevilla\/\"},\"author\":{\"name\":\"Virginia Mart\u00edn\",\"@id\":\"https:\/\/www.ocasionplus.com\/noticias\/#\/schema\/person\/a1075deecd7b6f7a6b47339c056c5ccb\"},\"headline\":\"Audi, Seat y Volkswagen de segunda mano en Sevilla, la marca favorita en agosto\",\"datePublished\":\"2024-09-06T09:01:26+00:00\",\"dateModified\":\"2025-03-27T09:39:23+00:00\",\"mainEntityOfPage\":{\"@id\":\"https:\/\/www.ocasionplus.com\/noticias\/marca-mas-vendida-en-sevilla\/\"},\"wordCount\":894,\"publisher\":{\"@id\":\"https:\/\/www.ocasionplus.com\/noticias\/#organization\"},\"image\":{\"@id\":\"https:\/\/www.ocasionplus.com\/noticias\/marca-mas-vendida-en-sevilla\/#primaryimage\"},\"thumbnailUrl\":\"https:\/\/www.ocasionplus.com\/wp-content\/uploads\/2024\/07\/nuevo_audi_A5.jpg\",\"keywords\":[\"audi\",\"coches ocasion\",\"seat\",\"sevilla\",\"volkswagen\"],\"articleSection\":[\"\u00daltimas Noticias\"],\"inLanguage\":\"es\",\"copyrightYear\":\"2024\",\"copyrightHolder\":{\"@id\":\"https:\/\/www.ocasionplus.com\/noticias\/#organization\"}},{\"@type\":\"WebPage\",\"@id\":\"https:\/\/www.ocasionplus.com\/noticias\/marca-mas-vendida-en-sevilla\/\",\"url\":\"https:\/\/www.ocasionplus.com\/noticias\/marca-mas-vendida-en-sevilla\/\",\"name\":\"Audi, Seat y Volkswagen de segunda mano lideran en Sevilla\",\"isPartOf\":{\"@id\":\"https:\/\/www.ocasionplus.com\/noticias\/#website\"},\"primaryImageOfPage\":{\"@id\":\"https:\/\/www.ocasionplus.com\/noticias\/marca-mas-vendida-en-sevilla\/#primaryimage\"},\"image\":{\"@id\":\"https:\/\/www.ocasionplus.com\/noticias\/marca-mas-vendida-en-sevilla\/#primaryimage\"},\"thumbnailUrl\":\"https:\/\/www.ocasionplus.com\/wp-content\/uploads\/2024\/07\/nuevo_audi_A5.jpg\",\"datePublished\":\"2024-09-06T09:01:26+00:00\",\"dateModified\":\"2025-03-27T09:39:23+00:00\",\"description\":\"Audi, Seat y Volkswaven de segunda mano en Sevilla lideran como marcas m\u00e1s vendida en agosto, seg\u00fan datos proporcionados por OcasionPlus.\",\"breadcrumb\":{\"@id\":\"https:\/\/www.ocasionplus.com\/noticias\/marca-mas-vendida-en-sevilla\/#breadcrumb\"},\"inLanguage\":\"es\",\"potentialAction\":[{\"@type\":\"ReadAction\",\"target\":[\"https:\/\/www.ocasionplus.com\/noticias\/marca-mas-vendida-en-sevilla\/\"]}]},{\"@type\":\"ImageObject\",\"inLanguage\":\"es\",\"@id\":\"https:\/\/www.ocasionplus.com\/noticias\/marca-mas-vendida-en-sevilla\/#primaryimage\",\"url\":\"https:\/\/www.ocasionplus.com\/wp-content\/uploads\/2024\/07\/nuevo_audi_A5.jpg\",\"contentUrl\":\"https:\/\/www.ocasionplus.com\/wp-content\/uploads\/2024\/07\/nuevo_audi_A5.jpg\",\"width\":960,\"height\":720,\"caption\":\"Nuevo Audi A5 2024\"},{\"@type\":\"BreadcrumbList\",\"@id\":\"https:\/\/www.ocasionplus.com\/noticias\/marca-mas-vendida-en-sevilla\/#breadcrumb\",\"itemListElement\":[{\"@type\":\"ListItem\",\"position\":1,\"name\":\"Portada\",\"item\":\"https:\/\/www.ocasionplus.com\/noticias\/\"},{\"@type\":\"ListItem\",\"position\":2,\"name\":\"Audi, Seat y Volkswagen de segunda mano en Sevilla, la marca favorita en agosto\"}]},{\"@type\":\"WebSite\",\"@id\":\"https:\/\/www.ocasionplus.com\/noticias\/#website\",\"url\":\"https:\/\/www.ocasionplus.com\/noticias\/\",\"name\":\"OcasionPlus Blog\",\"description\":\"Veh\u00edculos de ocasi\u00f3n\",\"publisher\":{\"@id\":\"https:\/\/www.ocasionplus.com\/noticias\/#organization\"},\"potentialAction\":[{\"@type\":\"SearchAction\",\"target\":{\"@type\":\"EntryPoint\",\"urlTemplate\":\"https:\/\/www.ocasionplus.com\/noticias\/?s={search_term_string}\"},\"query-input\":{\"@type\":\"PropertyValueSpecification\",\"valueRequired\":true,\"valueName\":\"search_term_string\"}}],\"inLanguage\":\"es\"},{\"@type\":\"Organization\",\"@id\":\"https:\/\/www.ocasionplus.com\/noticias\/#organization\",\"name\":\"OcasionPlus\",\"url\":\"https:\/\/www.ocasionplus.com\/noticias\/\",\"logo\":{\"@type\":\"ImageObject\",\"inLanguage\":\"es\",\"@id\":\"https:\/\/www.ocasionplus.com\/noticias\/#\/schema\/logo\/image\/\",\"url\":\"https:\/\/www.ocasionplus.com\/wp-content\/uploads\/2024\/05\/cropped-cropped-oplus-logo-blog.png\",\"contentUrl\":\"https:\/\/www.ocasionplus.com\/wp-content\/uploads\/2024\/05\/cropped-cropped-oplus-logo-blog.png\",\"width\":360,\"height\":71,\"caption\":\"OcasionPlus\"},\"image\":{\"@id\":\"https:\/\/www.ocasionplus.com\/noticias\/#\/schema\/logo\/image\/\"},\"sameAs\":[\"https:\/\/www.facebook.com\/ocasionplus\",\"https:\/\/x.com\/ocasionplus\",\"https:\/\/www.instagram.com\/ocasion_plus\",\"https:\/\/www.youtube.com\/channel\/UCBiCAto61Lyu27CgI95wrYQ\",\"https:\/\/www.tiktok.com\/@ocasionplus.com\",\"https:\/\/es.linkedin.com\/company\/ocasionplus\"]},{\"@type\":\"Person\",\"@id\":\"https:\/\/www.ocasionplus.com\/noticias\/#\/schema\/person\/a1075deecd7b6f7a6b47339c056c5ccb\",\"name\":\"Virginia Mart\u00edn\",\"image\":{\"@type\":\"ImageObject\",\"inLanguage\":\"es\",\"@id\":\"https:\/\/www.ocasionplus.com\/noticias\/#\/schema\/person\/image\/\",\"url\":\"https:\/\/secure.gravatar.com\/avatar\/d80007416602574d8db3ca288c3225e9?s=96&d=mm&r=g\",\"contentUrl\":\"https:\/\/secure.gravatar.com\/avatar\/d80007416602574d8db3ca288c3225e9?s=96&d=mm&r=g\",\"caption\":\"Virginia Mart\u00edn\"},\"description\":\"Soy Virginia Mart\u00edn, especialista en comunicaci\u00f3n y una entusiasta de las historias que conectan. En Ocasionplus, mi objetivo es hacerte sentir parte de cada noticia, con un toque de cercan\u00eda y profesionalidad.\"}]}<\/script>\n<!-- \/ Yoast SEO Premium plugin. -->","yoast_head_json":{"title":"Audi, Seat y Volkswagen de segunda mano lideran en Sevilla","description":"Audi, Seat y Volkswaven de segunda mano en Sevilla lideran como marcas m\u00e1s vendida en agosto, seg\u00fan datos proporcionados por OcasionPlus.","robots":{"index":"index","follow":"follow","max-snippet":"max-snippet:-1","max-image-preview":"max-image-preview:large","max-video-preview":"max-video-preview:-1"},"canonical":"https:\/\/www.ocasionplus.com\/noticias\/marca-mas-vendida-en-sevilla\/","og_locale":"es_ES","og_type":"article","og_title":"Audi, Seat y Volkswagen de segunda mano en Sevilla, la marca favorita en agosto","og_description":"Audi, Seat y Volkswaven de segunda mano en Sevilla lideran como marcas m\u00e1s vendida en agosto, seg\u00fan datos proporcionados por OcasionPlus.","og_url":"https:\/\/www.ocasionplus.com\/noticias\/marca-mas-vendida-en-sevilla\/","og_site_name":"OcasionPlus Blog","article_publisher":"https:\/\/www.facebook.com\/ocasionplus","article_published_time":"2024-09-06T09:01:26+00:00","article_modified_time":"2025-03-27T09:39:23+00:00","og_image":[{"width":960,"height":720,"url":"https:\/\/www.ocasionplus.com\/wp-content\/uploads\/2024\/07\/nuevo_audi_A5.jpg","type":"image\/jpeg"}],"author":"Virginia Mart\u00edn","twitter_card":"summary_large_image","twitter_creator":"@ocasionplus","twitter_site":"@ocasionplus","twitter_misc":{"Escrito por":"Virginia Mart\u00edn","Tiempo de lectura":"4 minutos"},"schema":{"@context":"https:\/\/schema.org","@graph":[{"@type":"Article","@id":"https:\/\/www.ocasionplus.com\/noticias\/marca-mas-vendida-en-sevilla\/#article","isPartOf":{"@id":"https:\/\/www.ocasionplus.com\/noticias\/marca-mas-vendida-en-sevilla\/"},"author":{"name":"Virginia Mart\u00edn","@id":"https:\/\/www.ocasionplus.com\/noticias\/#\/schema\/person\/a1075deecd7b6f7a6b47339c056c5ccb"},"headline":"Audi, Seat y Volkswagen de segunda mano en Sevilla, la marca favorita en agosto","datePublished":"2024-09-06T09:01:26+00:00","dateModified":"2025-03-27T09:39:23+00:00","mainEntityOfPage":{"@id":"https:\/\/www.ocasionplus.com\/noticias\/marca-mas-vendida-en-sevilla\/"},"wordCount":894,"publisher":{"@id":"https:\/\/www.ocasionplus.com\/noticias\/#organization"},"image":{"@id":"https:\/\/www.ocasionplus.com\/noticias\/marca-mas-vendida-en-sevilla\/#primaryimage"},"thumbnailUrl":"https:\/\/www.ocasionplus.com\/wp-content\/uploads\/2024\/07\/nuevo_audi_A5.jpg","keywords":["audi","coches ocasion","seat","sevilla","volkswagen"],"articleSection":["\u00daltimas Noticias"],"inLanguage":"es","copyrightYear":"2024","copyrightHolder":{"@id":"https:\/\/www.ocasionplus.com\/noticias\/#organization"}},{"@type":"WebPage","@id":"https:\/\/www.ocasionplus.com\/noticias\/marca-mas-vendida-en-sevilla\/","url":"https:\/\/www.ocasionplus.com\/noticias\/marca-mas-vendida-en-sevilla\/","name":"Audi, Seat y Volkswagen de segunda mano lideran en Sevilla","isPartOf":{"@id":"https:\/\/www.ocasionplus.com\/noticias\/#website"},"primaryImageOfPage":{"@id":"https:\/\/www.ocasionplus.com\/noticias\/marca-mas-vendida-en-sevilla\/#primaryimage"},"image":{"@id":"https:\/\/www.ocasionplus.com\/noticias\/marca-mas-vendida-en-sevilla\/#primaryimage"},"thumbnailUrl":"https:\/\/www.ocasionplus.com\/wp-content\/uploads\/2024\/07\/nuevo_audi_A5.jpg","datePublished":"2024-09-06T09:01:26+00:00","dateModified":"2025-03-27T09:39:23+00:00","description":"Audi, Seat y Volkswaven de segunda mano en Sevilla lideran como marcas m\u00e1s vendida en agosto, seg\u00fan datos proporcionados por OcasionPlus.","breadcrumb":{"@id":"https:\/\/www.ocasionplus.com\/noticias\/marca-mas-vendida-en-sevilla\/#breadcrumb"},"inLanguage":"es","potentialAction":[{"@type":"ReadAction","target":["https:\/\/www.ocasionplus.com\/noticias\/marca-mas-vendida-en-sevilla\/"]}]},{"@type":"ImageObject","inLanguage":"es","@id":"https:\/\/www.ocasionplus.com\/noticias\/marca-mas-vendida-en-sevilla\/#primaryimage","url":"https:\/\/www.ocasionplus.com\/wp-content\/uploads\/2024\/07\/nuevo_audi_A5.jpg","contentUrl":"https:\/\/www.ocasionplus.com\/wp-content\/uploads\/2024\/07\/nuevo_audi_A5.jpg","width":960,"height":720,"caption":"Nuevo Audi A5 2024"},{"@type":"BreadcrumbList","@id":"https:\/\/www.ocasionplus.com\/noticias\/marca-mas-vendida-en-sevilla\/#breadcrumb","itemListElement":[{"@type":"ListItem","position":1,"name":"Portada","item":"https:\/\/www.ocasionplus.com\/noticias\/"},{"@type":"ListItem","position":2,"name":"Audi, Seat y Volkswagen de segunda mano en Sevilla, la marca favorita en agosto"}]},{"@type":"WebSite","@id":"https:\/\/www.ocasionplus.com\/noticias\/#website","url":"https:\/\/www.ocasionplus.com\/noticias\/","name":"OcasionPlus Blog","description":"Veh\u00edculos de ocasi\u00f3n","publisher":{"@id":"https:\/\/www.ocasionplus.com\/noticias\/#organization"},"potentialAction":[{"@type":"SearchAction","target":{"@type":"EntryPoint","urlTemplate":"https:\/\/www.ocasionplus.com\/noticias\/?s={search_term_string}"},"query-input":{"@type":"PropertyValueSpecification","valueRequired":true,"valueName":"search_term_string"}}],"inLanguage":"es"},{"@type":"Organization","@id":"https:\/\/www.ocasionplus.com\/noticias\/#organization","name":"OcasionPlus","url":"https:\/\/www.ocasionplus.com\/noticias\/","logo":{"@type":"ImageObject","inLanguage":"es","@id":"https:\/\/www.ocasionplus.com\/noticias\/#\/schema\/logo\/image\/","url":"https:\/\/www.ocasionplus.com\/wp-content\/uploads\/2024\/05\/cropped-cropped-oplus-logo-blog.png","contentUrl":"https:\/\/www.ocasionplus.com\/wp-content\/uploads\/2024\/05\/cropped-cropped-oplus-logo-blog.png","width":360,"height":71,"caption":"OcasionPlus"},"image":{"@id":"https:\/\/www.ocasionplus.com\/noticias\/#\/schema\/logo\/image\/"},"sameAs":["https:\/\/www.facebook.com\/ocasionplus","https:\/\/x.com\/ocasionplus","https:\/\/www.instagram.com\/ocasion_plus","https:\/\/www.youtube.com\/channel\/UCBiCAto61Lyu27CgI95wrYQ","https:\/\/www.tiktok.com\/@ocasionplus.com","https:\/\/es.linkedin.com\/company\/ocasionplus"]},{"@type":"Person","@id":"https:\/\/www.ocasionplus.com\/noticias\/#\/schema\/person\/a1075deecd7b6f7a6b47339c056c5ccb","name":"Virginia Mart\u00edn","image":{"@type":"ImageObject","inLanguage":"es","@id":"https:\/\/www.ocasionplus.com\/noticias\/#\/schema\/person\/image\/","url":"https:\/\/secure.gravatar.com\/avatar\/d80007416602574d8db3ca288c3225e9?s=96&d=mm&r=g","contentUrl":"https:\/\/secure.gravatar.com\/avatar\/d80007416602574d8db3ca288c3225e9?s=96&d=mm&r=g","caption":"Virginia Mart\u00edn"},"description":"Soy Virginia Mart\u00edn, especialista en comunicaci\u00f3n y una entusiasta de las historias que conectan. En Ocasionplus, mi objetivo es hacerte sentir parte de cada noticia, con un toque de cercan\u00eda y profesionalidad."}]}},"jetpack_featured_media_url":"https:\/\/www.ocasionplus.com\/wp-content\/uploads\/2024\/07\/nuevo_audi_A5.jpg","_links":{"self":[{"href":"https:\/\/www.ocasionplus.com\/noticias\/wp-json\/wp\/v2\/posts\/13892","targetHints":{"allow":["GET"]}}],"collection":[{"href":"https:\/\/www.ocasionplus.com\/noticias\/wp-json\/wp\/v2\/posts"}],"about":[{"href":"https:\/\/www.ocasionplus.com\/noticias\/wp-json\/wp\/v2\/types\/post"}],"author":[{"embeddable":true,"href":"https:\/\/www.ocasionplus.com\/noticias\/wp-json\/wp\/v2\/users\/5"}],"replies":[{"embeddable":true,"href":"https:\/\/www.ocasionplus.com\/noticias\/wp-json\/wp\/v2\/comments?post=13892"}],"version-history":[{"count":5,"href":"https:\/\/www.ocasionplus.com\/noticias\/wp-json\/wp\/v2\/posts\/13892\/revisions"}],"predecessor-version":[{"id":14239,"href":"https:\/\/www.ocasionplus.com\/noticias\/wp-json\/wp\/v2\/posts\/13892\/revisions\/14239"}],"wp:featuredmedia":[{"embeddable":true,"href":"https:\/\/www.ocasionplus.com\/noticias\/wp-json\/wp\/v2\/media\/13315"}],"wp:attachment":[{"href":"https:\/\/www.ocasionplus.com\/noticias\/wp-json\/wp\/v2\/media?parent=13892"}],"wp:term":[{"taxonomy":"category","embeddable":true,"href":"https:\/\/www.ocasionplus.com\/noticias\/wp-json\/wp\/v2\/categories?post=13892"},{"taxonomy":"post_tag","embeddable":true,"href":"https:\/\/www.ocasionplus.com\/noticias\/wp-json\/wp\/v2\/tags?post=13892"}],"curies":[{"name":"wp","href":"https:\/\/api.w.org\/{rel}","templated":true}]}}