{"id":13905,"date":"2024-08-14T11:19:24","date_gmt":"2024-08-14T09:19:24","guid":{"rendered":"https:\/\/www.ocasionplus.com\/noticias\/?p=13905"},"modified":"2025-03-27T10:41:55","modified_gmt":"2025-03-27T09:41:55","slug":"etiqueta-mas-vendida-en-madrid","status":"publish","type":"post","link":"https:\/\/www.ocasionplus.com\/noticias\/etiqueta-mas-vendida-en-madrid\/","title":{"rendered":"Auge de ventas de coches de segunda mano con etiqueta C en Madrid en julio"},"content":{"rendered":"<div class=\"wpb-content-wrapper\"><p>[vc_row][vc_column][vc_column_text]Durante el mes de julio, los <a href=\"https:\/\/www.ocasionplus.com\/coches-ocasion\/c\">coches de segunda mano con etiqueta C<\/a> se posicionaron como los m\u00e1s vendidos en Madrid. Seg\u00fan los <a href=\"https:\/\/www.ocasionplus.com\/noticias\/analisis-del-mercado-de-coches-de-segunda-mano\/\">datos proporcionados por OcasionPlus<\/a>, <strong>se vendieron m\u00e1s de 10 veh\u00edculos diarios<\/strong> con esta etiqueta.<\/p>\n<h2>Coches de segunda mano con etiqueta C en Madrid<\/h2>\n<p>La etiqueta medioambiental \u201cC\u201d, se otorga a los veh\u00edculos de gasolina matriculados a partir de enero de 2006 y di\u00e9sel a partir de septiembre de 2015. Estos coches han demostrado ser una opci\u00f3n popular entre los consumidores que buscan un <strong>equilibrio entre precio y eficiencia<\/strong>. Este aumento en las ventas subraya la confianza de los compradores en la fiabilidad y el rendimiento de estos coches.<\/p>\n<p>Adem\u00e1s, los datos de OcasionPlus tambi\u00e9n revelan un <strong>creciente inter\u00e9s por los <a href=\"https:\/\/www.ocasionplus.com\/coches-ocasion\/eco\">veh\u00edculos con etiqueta ECO<\/a><\/strong>. Aunque no alcanzaron las cifras de ventas de los coches con etiqueta C, el incremento en la demanda de estos veh\u00edculos m\u00e1s ecol\u00f3gicos indica una mayor conciencia ambiental entre los compradores capitalinos. Los coches con etiqueta ECO, que incluyen veh\u00edculos h\u00edbridos y de GLP o GNC, ofrecen una alternativa sostenible y econ\u00f3mica, lo que los convierte en una opci\u00f3n atractiva para aquellos que buscan reducir su huella de carbono.<\/p>\n<h2>Coches de ocasi\u00f3n<\/h2>\n<p>El mercado de <a href=\"https:\/\/www.ocasionplus.com\/coches-ocasion\/madrid\">coches de segunda mano en Madrid<\/a> est\u00e1 experimentando cambios significativos, con una clara preferencia por los veh\u00edculos con etiqueta C y un inter\u00e9s creciente en las opciones m\u00e1s ecol\u00f3gicas.<\/p>\n<p>Si est\u00e1s interesado en comprar un <a href=\"https:\/\/www.ocasionplus.com\/coches-ocasion\">coche de segunda mano<\/a> con etiqueta C en OcasionPlus encuentras una amplia variedad de modelos y marcas con el mejor precio del mercado y la m\u00e1xima calidad, porque todos los veh\u00edculos son inspeccionados en m\u00e1s de 200 puntos de control.[\/vc_column_text][\/vc_column][\/vc_row][vc_row el_class=&#8221;comprar-coche-CTA&#8221;][vc_column][vc_custom_heading text=&#8221;Encuentra tu coche de ocasi\u00f3n en Madrid al mejor precio&#8221; use_theme_fonts=&#8221;yes&#8221; css=&#8221;&#8221;][vc_row_inner][vc_column_inner width=&#8221;8\/12&#8243;][vc_column_text css=&#8221;&#8221;]<\/p>\n<p>Ofrecemos la mejor relaci\u00f3n calidad-precio en todos nuestros m\u00e1s de 8.000 coches de segunda mano.<\/p>\n<p>[\/vc_column_text][\/vc_column_inner][vc_column_inner width=&#8221;4\/12&#8243;][vc_btn title=&#8221;Busca Ahora&#8221; style=&#8221;custom&#8221; custom_background=&#8221;#009fe3&#8243; custom_text=&#8221;#ffffff&#8221; align=&#8221;center&#8221; css=&#8221;&#8221; link=&#8221;url:https%3A%2F%2Fwww.ocasionplus.com%2Fcoches-ocasion%2Fmadrid|title:Busca%20tu%20Coche%20Ahora&#8221;][\/vc_column_inner][\/vc_row_inner][vc_row_inner el_id=&#8221;logo-placement&#8221; css=&#8221;.vc_custom_1719615816721{margin-top: 2px !important;margin-bottom: 12px !important;}&#8221;][vc_column_inner][vc_single_image image=&#8221;11299&#8243; img_size=&#8221;277&#215;43&#8243; alignment=&#8221;center&#8221; style=&#8221;vc_box_rounded&#8221; css=&#8221;&#8221; el_class=&#8221;logo-component-comprar&#8221;][\/vc_column_inner][\/vc_row_inner][\/vc_column][\/vc_row]<\/p>\n<\/div>","protected":false},"excerpt":{"rendered":"<p>[vc_row][vc_column][vc_column_text]Durante el mes de julio, los coches de segunda mano con etiqueta C se posicionaron como los m\u00e1s vendidos en Madrid. Seg\u00fan los datos proporcionados por OcasionPlus, se vendieron m\u00e1s de 10 veh\u00edculos diarios con esta etiqueta. Coches de segunda mano con etiqueta C en Madrid La etiqueta medioambiental \u201cC\u201d, se otorga a los veh\u00edculos&#8230;<\/p>\n","protected":false},"author":3,"featured_media":9631,"comment_status":"closed","ping_status":"open","sticky":false,"template":"","format":"standard","meta":{"footnotes":""},"categories":[2],"tags":[593,380,383],"class_list":["post-13905","post","type-post","status-publish","format-standard","has-post-thumbnail","hentry","category-ultimas-noticias","tag-c","tag-coches-ocasion","tag-madrid"],"yoast_head":"<!-- This site is optimized with the Yoast SEO Premium plugin v24.8 (Yoast SEO v24.8.1) - https:\/\/yoast.com\/wordpress\/plugins\/seo\/ -->\n<title>Coches de segunda mano con etiqueta C, m\u00e1s vendidos en Madrid<\/title>\n<meta name=\"description\" content=\"Durante el mes de julio, los coches de segunda mano con etiqueta C se posicionaron como los m\u00e1s vendidos en Madrid.\" \/>\n<meta name=\"robots\" content=\"index, follow, max-snippet:-1, max-image-preview:large, max-video-preview:-1\" \/>\n<link rel=\"canonical\" href=\"https:\/\/www.ocasionplus.com\/noticias\/etiqueta-mas-vendida-en-madrid\/\" \/>\n<meta property=\"og:locale\" content=\"es_ES\" \/>\n<meta property=\"og:type\" content=\"article\" \/>\n<meta property=\"og:title\" content=\"Auge de ventas de coches de segunda mano con etiqueta C en Madrid en julio\" \/>\n<meta property=\"og:description\" content=\"Durante el mes de julio, los coches de segunda mano con etiqueta C se posicionaron como los m\u00e1s vendidos en Madrid.\" \/>\n<meta property=\"og:url\" content=\"https:\/\/www.ocasionplus.com\/noticias\/etiqueta-mas-vendida-en-madrid\/\" \/>\n<meta property=\"og:site_name\" content=\"OcasionPlus Blog\" \/>\n<meta property=\"article:publisher\" content=\"https:\/\/www.facebook.com\/ocasionplus\" \/>\n<meta property=\"article:published_time\" content=\"2024-08-14T09:19:24+00:00\" \/>\n<meta property=\"article:modified_time\" content=\"2025-03-27T09:41:55+00:00\" \/>\n<meta property=\"og:image\" content=\"https:\/\/www.ocasionplus.com\/wp-content\/uploads\/2023\/05\/Etiqueta-C.jpg\" \/>\n\t<meta property=\"og:image:width\" content=\"1280\" \/>\n\t<meta property=\"og:image:height\" content=\"960\" \/>\n\t<meta property=\"og:image:type\" content=\"image\/jpeg\" \/>\n<meta name=\"author\" content=\"Cristhian Gonz\u00e1lez\" \/>\n<meta name=\"twitter:card\" content=\"summary_large_image\" \/>\n<meta name=\"twitter:creator\" content=\"@ocasionplus\" \/>\n<meta name=\"twitter:site\" content=\"@ocasionplus\" \/>\n<meta name=\"twitter:label1\" content=\"Escrito por\" \/>\n\t<meta name=\"twitter:data1\" content=\"Cristhian Gonz\u00e1lez\" \/>\n\t<meta name=\"twitter:label2\" content=\"Tiempo de lectura\" \/>\n\t<meta name=\"twitter:data2\" content=\"2 minutos\" \/>\n<script type=\"application\/ld+json\" class=\"yoast-schema-graph\">{\"@context\":\"https:\/\/schema.org\",\"@graph\":[{\"@type\":\"Article\",\"@id\":\"https:\/\/www.ocasionplus.com\/noticias\/etiqueta-mas-vendida-en-madrid\/#article\",\"isPartOf\":{\"@id\":\"https:\/\/www.ocasionplus.com\/noticias\/etiqueta-mas-vendida-en-madrid\/\"},\"author\":{\"name\":\"Cristhian Gonz\u00e1lez\",\"@id\":\"https:\/\/www.ocasionplus.com\/noticias\/#\/schema\/person\/db1203be564cc3ded97ad1dbd8aadc5b\"},\"headline\":\"Auge de ventas de coches de segunda mano con etiqueta C en Madrid en julio\",\"datePublished\":\"2024-08-14T09:19:24+00:00\",\"dateModified\":\"2025-03-27T09:41:55+00:00\",\"mainEntityOfPage\":{\"@id\":\"https:\/\/www.ocasionplus.com\/noticias\/etiqueta-mas-vendida-en-madrid\/\"},\"wordCount\":475,\"publisher\":{\"@id\":\"https:\/\/www.ocasionplus.com\/noticias\/#organization\"},\"image\":{\"@id\":\"https:\/\/www.ocasionplus.com\/noticias\/etiqueta-mas-vendida-en-madrid\/#primaryimage\"},\"thumbnailUrl\":\"https:\/\/www.ocasionplus.com\/wp-content\/uploads\/2023\/05\/Etiqueta-C.jpg\",\"keywords\":[\"c\",\"coches ocasion\",\"madrid\"],\"articleSection\":[\"\u00daltimas Noticias\"],\"inLanguage\":\"es\",\"copyrightYear\":\"2024\",\"copyrightHolder\":{\"@id\":\"https:\/\/www.ocasionplus.com\/noticias\/#organization\"}},{\"@type\":\"WebPage\",\"@id\":\"https:\/\/www.ocasionplus.com\/noticias\/etiqueta-mas-vendida-en-madrid\/\",\"url\":\"https:\/\/www.ocasionplus.com\/noticias\/etiqueta-mas-vendida-en-madrid\/\",\"name\":\"Coches de segunda mano con etiqueta C, m\u00e1s vendidos en Madrid\",\"isPartOf\":{\"@id\":\"https:\/\/www.ocasionplus.com\/noticias\/#website\"},\"primaryImageOfPage\":{\"@id\":\"https:\/\/www.ocasionplus.com\/noticias\/etiqueta-mas-vendida-en-madrid\/#primaryimage\"},\"image\":{\"@id\":\"https:\/\/www.ocasionplus.com\/noticias\/etiqueta-mas-vendida-en-madrid\/#primaryimage\"},\"thumbnailUrl\":\"https:\/\/www.ocasionplus.com\/wp-content\/uploads\/2023\/05\/Etiqueta-C.jpg\",\"datePublished\":\"2024-08-14T09:19:24+00:00\",\"dateModified\":\"2025-03-27T09:41:55+00:00\",\"description\":\"Durante el mes de julio, los coches de segunda mano con etiqueta C se posicionaron como los m\u00e1s vendidos en Madrid.\",\"breadcrumb\":{\"@id\":\"https:\/\/www.ocasionplus.com\/noticias\/etiqueta-mas-vendida-en-madrid\/#breadcrumb\"},\"inLanguage\":\"es\",\"potentialAction\":[{\"@type\":\"ReadAction\",\"target\":[\"https:\/\/www.ocasionplus.com\/noticias\/etiqueta-mas-vendida-en-madrid\/\"]}]},{\"@type\":\"ImageObject\",\"inLanguage\":\"es\",\"@id\":\"https:\/\/www.ocasionplus.com\/noticias\/etiqueta-mas-vendida-en-madrid\/#primaryimage\",\"url\":\"https:\/\/www.ocasionplus.com\/wp-content\/uploads\/2023\/05\/Etiqueta-C.jpg\",\"contentUrl\":\"https:\/\/www.ocasionplus.com\/wp-content\/uploads\/2023\/05\/Etiqueta-C.jpg\",\"width\":1280,\"height\":960,\"caption\":\"La etiqueta C es una de las etiquetas m\u00e1s utilizadas por los veh\u00edculos\"},{\"@type\":\"BreadcrumbList\",\"@id\":\"https:\/\/www.ocasionplus.com\/noticias\/etiqueta-mas-vendida-en-madrid\/#breadcrumb\",\"itemListElement\":[{\"@type\":\"ListItem\",\"position\":1,\"name\":\"Portada\",\"item\":\"https:\/\/www.ocasionplus.com\/noticias\/\"},{\"@type\":\"ListItem\",\"position\":2,\"name\":\"Auge de ventas de coches de segunda mano con etiqueta C en Madrid en julio\"}]},{\"@type\":\"WebSite\",\"@id\":\"https:\/\/www.ocasionplus.com\/noticias\/#website\",\"url\":\"https:\/\/www.ocasionplus.com\/noticias\/\",\"name\":\"OcasionPlus Blog\",\"description\":\"Veh\u00edculos de ocasi\u00f3n\",\"publisher\":{\"@id\":\"https:\/\/www.ocasionplus.com\/noticias\/#organization\"},\"potentialAction\":[{\"@type\":\"SearchAction\",\"target\":{\"@type\":\"EntryPoint\",\"urlTemplate\":\"https:\/\/www.ocasionplus.com\/noticias\/?s={search_term_string}\"},\"query-input\":{\"@type\":\"PropertyValueSpecification\",\"valueRequired\":true,\"valueName\":\"search_term_string\"}}],\"inLanguage\":\"es\"},{\"@type\":\"Organization\",\"@id\":\"https:\/\/www.ocasionplus.com\/noticias\/#organization\",\"name\":\"OcasionPlus\",\"url\":\"https:\/\/www.ocasionplus.com\/noticias\/\",\"logo\":{\"@type\":\"ImageObject\",\"inLanguage\":\"es\",\"@id\":\"https:\/\/www.ocasionplus.com\/noticias\/#\/schema\/logo\/image\/\",\"url\":\"https:\/\/www.ocasionplus.com\/wp-content\/uploads\/2024\/05\/cropped-cropped-oplus-logo-blog.png\",\"contentUrl\":\"https:\/\/www.ocasionplus.com\/wp-content\/uploads\/2024\/05\/cropped-cropped-oplus-logo-blog.png\",\"width\":360,\"height\":71,\"caption\":\"OcasionPlus\"},\"image\":{\"@id\":\"https:\/\/www.ocasionplus.com\/noticias\/#\/schema\/logo\/image\/\"},\"sameAs\":[\"https:\/\/www.facebook.com\/ocasionplus\",\"https:\/\/x.com\/ocasionplus\",\"https:\/\/www.instagram.com\/ocasion_plus\",\"https:\/\/www.youtube.com\/channel\/UCBiCAto61Lyu27CgI95wrYQ\",\"https:\/\/www.tiktok.com\/@ocasionplus.com\",\"https:\/\/es.linkedin.com\/company\/ocasionplus\"]},{\"@type\":\"Person\",\"@id\":\"https:\/\/www.ocasionplus.com\/noticias\/#\/schema\/person\/db1203be564cc3ded97ad1dbd8aadc5b\",\"name\":\"Cristhian Gonz\u00e1lez\",\"image\":{\"@type\":\"ImageObject\",\"inLanguage\":\"es\",\"@id\":\"https:\/\/www.ocasionplus.com\/noticias\/#\/schema\/person\/image\/\",\"url\":\"https:\/\/secure.gravatar.com\/avatar\/30c0388f0815fd0ab8fb4cfad29866ac?s=96&d=mm&r=g\",\"contentUrl\":\"https:\/\/secure.gravatar.com\/avatar\/30c0388f0815fd0ab8fb4cfad29866ac?s=96&d=mm&r=g\",\"caption\":\"Cristhian Gonz\u00e1lez\"},\"description\":\"Periodista formado en Colombia. Siempre vinculado al deporte y con pasi\u00f3n por los coches. He asistido y cubierto diferentes eventos deportivos para diferentes medios de comunicaci\u00f3n.\"}]}<\/script>\n<!-- \/ Yoast SEO Premium plugin. -->","yoast_head_json":{"title":"Coches de segunda mano con etiqueta C, m\u00e1s vendidos en Madrid","description":"Durante el mes de julio, los coches de segunda mano con etiqueta C se posicionaron como los m\u00e1s vendidos en Madrid.","robots":{"index":"index","follow":"follow","max-snippet":"max-snippet:-1","max-image-preview":"max-image-preview:large","max-video-preview":"max-video-preview:-1"},"canonical":"https:\/\/www.ocasionplus.com\/noticias\/etiqueta-mas-vendida-en-madrid\/","og_locale":"es_ES","og_type":"article","og_title":"Auge de ventas de coches de segunda mano con etiqueta C en Madrid en julio","og_description":"Durante el mes de julio, los coches de segunda mano con etiqueta C se posicionaron como los m\u00e1s vendidos en Madrid.","og_url":"https:\/\/www.ocasionplus.com\/noticias\/etiqueta-mas-vendida-en-madrid\/","og_site_name":"OcasionPlus Blog","article_publisher":"https:\/\/www.facebook.com\/ocasionplus","article_published_time":"2024-08-14T09:19:24+00:00","article_modified_time":"2025-03-27T09:41:55+00:00","og_image":[{"width":1280,"height":960,"url":"https:\/\/www.ocasionplus.com\/wp-content\/uploads\/2023\/05\/Etiqueta-C.jpg","type":"image\/jpeg"}],"author":"Cristhian Gonz\u00e1lez","twitter_card":"summary_large_image","twitter_creator":"@ocasionplus","twitter_site":"@ocasionplus","twitter_misc":{"Escrito por":"Cristhian Gonz\u00e1lez","Tiempo de lectura":"2 minutos"},"schema":{"@context":"https:\/\/schema.org","@graph":[{"@type":"Article","@id":"https:\/\/www.ocasionplus.com\/noticias\/etiqueta-mas-vendida-en-madrid\/#article","isPartOf":{"@id":"https:\/\/www.ocasionplus.com\/noticias\/etiqueta-mas-vendida-en-madrid\/"},"author":{"name":"Cristhian Gonz\u00e1lez","@id":"https:\/\/www.ocasionplus.com\/noticias\/#\/schema\/person\/db1203be564cc3ded97ad1dbd8aadc5b"},"headline":"Auge de ventas de coches de segunda mano con etiqueta C en Madrid en julio","datePublished":"2024-08-14T09:19:24+00:00","dateModified":"2025-03-27T09:41:55+00:00","mainEntityOfPage":{"@id":"https:\/\/www.ocasionplus.com\/noticias\/etiqueta-mas-vendida-en-madrid\/"},"wordCount":475,"publisher":{"@id":"https:\/\/www.ocasionplus.com\/noticias\/#organization"},"image":{"@id":"https:\/\/www.ocasionplus.com\/noticias\/etiqueta-mas-vendida-en-madrid\/#primaryimage"},"thumbnailUrl":"https:\/\/www.ocasionplus.com\/wp-content\/uploads\/2023\/05\/Etiqueta-C.jpg","keywords":["c","coches ocasion","madrid"],"articleSection":["\u00daltimas Noticias"],"inLanguage":"es","copyrightYear":"2024","copyrightHolder":{"@id":"https:\/\/www.ocasionplus.com\/noticias\/#organization"}},{"@type":"WebPage","@id":"https:\/\/www.ocasionplus.com\/noticias\/etiqueta-mas-vendida-en-madrid\/","url":"https:\/\/www.ocasionplus.com\/noticias\/etiqueta-mas-vendida-en-madrid\/","name":"Coches de segunda mano con etiqueta C, m\u00e1s vendidos en Madrid","isPartOf":{"@id":"https:\/\/www.ocasionplus.com\/noticias\/#website"},"primaryImageOfPage":{"@id":"https:\/\/www.ocasionplus.com\/noticias\/etiqueta-mas-vendida-en-madrid\/#primaryimage"},"image":{"@id":"https:\/\/www.ocasionplus.com\/noticias\/etiqueta-mas-vendida-en-madrid\/#primaryimage"},"thumbnailUrl":"https:\/\/www.ocasionplus.com\/wp-content\/uploads\/2023\/05\/Etiqueta-C.jpg","datePublished":"2024-08-14T09:19:24+00:00","dateModified":"2025-03-27T09:41:55+00:00","description":"Durante el mes de julio, los coches de segunda mano con etiqueta C se posicionaron como los m\u00e1s vendidos en Madrid.","breadcrumb":{"@id":"https:\/\/www.ocasionplus.com\/noticias\/etiqueta-mas-vendida-en-madrid\/#breadcrumb"},"inLanguage":"es","potentialAction":[{"@type":"ReadAction","target":["https:\/\/www.ocasionplus.com\/noticias\/etiqueta-mas-vendida-en-madrid\/"]}]},{"@type":"ImageObject","inLanguage":"es","@id":"https:\/\/www.ocasionplus.com\/noticias\/etiqueta-mas-vendida-en-madrid\/#primaryimage","url":"https:\/\/www.ocasionplus.com\/wp-content\/uploads\/2023\/05\/Etiqueta-C.jpg","contentUrl":"https:\/\/www.ocasionplus.com\/wp-content\/uploads\/2023\/05\/Etiqueta-C.jpg","width":1280,"height":960,"caption":"La etiqueta C es una de las etiquetas m\u00e1s utilizadas por los veh\u00edculos"},{"@type":"BreadcrumbList","@id":"https:\/\/www.ocasionplus.com\/noticias\/etiqueta-mas-vendida-en-madrid\/#breadcrumb","itemListElement":[{"@type":"ListItem","position":1,"name":"Portada","item":"https:\/\/www.ocasionplus.com\/noticias\/"},{"@type":"ListItem","position":2,"name":"Auge de ventas de coches de segunda mano con etiqueta C en Madrid en julio"}]},{"@type":"WebSite","@id":"https:\/\/www.ocasionplus.com\/noticias\/#website","url":"https:\/\/www.ocasionplus.com\/noticias\/","name":"OcasionPlus Blog","description":"Veh\u00edculos de ocasi\u00f3n","publisher":{"@id":"https:\/\/www.ocasionplus.com\/noticias\/#organization"},"potentialAction":[{"@type":"SearchAction","target":{"@type":"EntryPoint","urlTemplate":"https:\/\/www.ocasionplus.com\/noticias\/?s={search_term_string}"},"query-input":{"@type":"PropertyValueSpecification","valueRequired":true,"valueName":"search_term_string"}}],"inLanguage":"es"},{"@type":"Organization","@id":"https:\/\/www.ocasionplus.com\/noticias\/#organization","name":"OcasionPlus","url":"https:\/\/www.ocasionplus.com\/noticias\/","logo":{"@type":"ImageObject","inLanguage":"es","@id":"https:\/\/www.ocasionplus.com\/noticias\/#\/schema\/logo\/image\/","url":"https:\/\/www.ocasionplus.com\/wp-content\/uploads\/2024\/05\/cropped-cropped-oplus-logo-blog.png","contentUrl":"https:\/\/www.ocasionplus.com\/wp-content\/uploads\/2024\/05\/cropped-cropped-oplus-logo-blog.png","width":360,"height":71,"caption":"OcasionPlus"},"image":{"@id":"https:\/\/www.ocasionplus.com\/noticias\/#\/schema\/logo\/image\/"},"sameAs":["https:\/\/www.facebook.com\/ocasionplus","https:\/\/x.com\/ocasionplus","https:\/\/www.instagram.com\/ocasion_plus","https:\/\/www.youtube.com\/channel\/UCBiCAto61Lyu27CgI95wrYQ","https:\/\/www.tiktok.com\/@ocasionplus.com","https:\/\/es.linkedin.com\/company\/ocasionplus"]},{"@type":"Person","@id":"https:\/\/www.ocasionplus.com\/noticias\/#\/schema\/person\/db1203be564cc3ded97ad1dbd8aadc5b","name":"Cristhian Gonz\u00e1lez","image":{"@type":"ImageObject","inLanguage":"es","@id":"https:\/\/www.ocasionplus.com\/noticias\/#\/schema\/person\/image\/","url":"https:\/\/secure.gravatar.com\/avatar\/30c0388f0815fd0ab8fb4cfad29866ac?s=96&d=mm&r=g","contentUrl":"https:\/\/secure.gravatar.com\/avatar\/30c0388f0815fd0ab8fb4cfad29866ac?s=96&d=mm&r=g","caption":"Cristhian Gonz\u00e1lez"},"description":"Periodista formado en Colombia. Siempre vinculado al deporte y con pasi\u00f3n por los coches. He asistido y cubierto diferentes eventos deportivos para diferentes medios de comunicaci\u00f3n."}]}},"jetpack_featured_media_url":"https:\/\/www.ocasionplus.com\/wp-content\/uploads\/2023\/05\/Etiqueta-C.jpg","_links":{"self":[{"href":"https:\/\/www.ocasionplus.com\/noticias\/wp-json\/wp\/v2\/posts\/13905","targetHints":{"allow":["GET"]}}],"collection":[{"href":"https:\/\/www.ocasionplus.com\/noticias\/wp-json\/wp\/v2\/posts"}],"about":[{"href":"https:\/\/www.ocasionplus.com\/noticias\/wp-json\/wp\/v2\/types\/post"}],"author":[{"embeddable":true,"href":"https:\/\/www.ocasionplus.com\/noticias\/wp-json\/wp\/v2\/users\/3"}],"replies":[{"embeddable":true,"href":"https:\/\/www.ocasionplus.com\/noticias\/wp-json\/wp\/v2\/comments?post=13905"}],"version-history":[{"count":1,"href":"https:\/\/www.ocasionplus.com\/noticias\/wp-json\/wp\/v2\/posts\/13905\/revisions"}],"predecessor-version":[{"id":13906,"href":"https:\/\/www.ocasionplus.com\/noticias\/wp-json\/wp\/v2\/posts\/13905\/revisions\/13906"}],"wp:featuredmedia":[{"embeddable":true,"href":"https:\/\/www.ocasionplus.com\/noticias\/wp-json\/wp\/v2\/media\/9631"}],"wp:attachment":[{"href":"https:\/\/www.ocasionplus.com\/noticias\/wp-json\/wp\/v2\/media?parent=13905"}],"wp:term":[{"taxonomy":"category","embeddable":true,"href":"https:\/\/www.ocasionplus.com\/noticias\/wp-json\/wp\/v2\/categories?post=13905"},{"taxonomy":"post_tag","embeddable":true,"href":"https:\/\/www.ocasionplus.com\/noticias\/wp-json\/wp\/v2\/tags?post=13905"}],"curies":[{"name":"wp","href":"https:\/\/api.w.org\/{rel}","templated":true}]}}