{"id":13915,"date":"2024-08-14T18:10:23","date_gmt":"2024-08-14T16:10:23","guid":{"rendered":"https:\/\/www.ocasionplus.com\/noticias\/?p=13915"},"modified":"2025-03-27T10:41:55","modified_gmt":"2025-03-27T09:41:55","slug":"campana-puente-de-agosto-dgt","status":"publish","type":"post","link":"https:\/\/www.ocasionplus.com\/noticias\/campana-puente-de-agosto-dgt\/","title":{"rendered":"Campa\u00f1a especial de tr\u00e1fico para el puente de agosto de la DGT"},"content":{"rendered":"<div class=\"wpb-content-wrapper\"><p>[vc_row][vc_column][vc_column_text]La direcci\u00f3n General de Tr\u00e1fico (DGT) anunci\u00f3 una campa\u00f1a especial de tr\u00e1fico para el puente del 15 de agosto. La operaci\u00f3n comenzar\u00e1 el 14 de agosto a las 15:00 horas y se prolongar\u00e1 hasta el domingo 18 de agosto a las 24:00 horas. La DGT informa que se esperan m\u00e1s de 8 millones de movimientos a lo largo de las principales v\u00edas del pa\u00eds.<\/p>\n<p>La campa\u00f1a especial de tr\u00e1fico se realizar\u00e1 en viajes de salida y retorno por el cambio de quincena, trayectos hacia localidades costeras y segundas residencias, incluyendo tambi\u00e9n a los viajes de corta distancia hacia localidades que celebran fiestas patronales durante este periodo.<\/p>\n<h2>Campa\u00f1a especial de tr\u00e1fico de la DGT<\/h2>\n<p>Para garantizar la seguridad vial y minimizar los riesgos durante el puente, la DGT ha desplegado un amplio dispositivo de regulaci\u00f3n y ordenaci\u00f3n del tr\u00e1fico. Este operativo incluye el uso de radares fijos y m\u00f3viles, helic\u00f3pteros Pegasus, drones, c\u00e1maras, furgonetas y motos camuflados para el control de uso del m\u00f3vil. En este punto hacemos especial hincapi\u00e9 en el recrudecimiento de la vigilancia por el uso de aplicaciones y servicios de mensajer\u00eda.<\/p>\n<p>Adicionalmente, se implementar\u00e1n carriles reversibles y adicionales en las zonas m\u00e1s conflictivas, se suspender\u00e1n las obras en las carreteras y se restringir\u00e1 la circulaci\u00f3n de camiones en ciertos tramos y horarios.<\/p>\n<h2>Campa\u00f1a de vigilancia de alcohol y drogas<\/h2>\n<p>Adem\u00e1s, con la campa\u00f1a especial de tr\u00e1fico se une el operativo de vigilancia de alcohol y drogas, que se llevar\u00e1 a cabo entre el 19 y el 25 de agosto. Esta iniciativa contar\u00e1 con la colaboraci\u00f3n de la Agrupaci\u00f3n de Tr\u00e1fico de la Guardia Civil y los polic\u00edas locales de municipios con m\u00e1s de 25.000 habitantes.<\/p>\n<p>La importancia de esta campa\u00f1a se debe a que en 2023, el 53,6% de los conductores fallecidos en accidentes de tr\u00e1fico hab\u00edan consumido alcohol, drogas o psicof\u00e1rmacos. A pesar de los m\u00faltiples avisos y campa\u00f1as que ha generado la DGT para evitar que los conductores conduzcan bajo estas sustancias.[\/vc_column_text][\/vc_column][\/vc_row][vc_row el_class=&#8221;comprar-coche-CTA&#8221;][vc_column][vc_custom_heading text=&#8221;Encuentra tu coche de ocasi\u00f3n al mejor precio&#8221; use_theme_fonts=&#8221;yes&#8221; css=&#8221;&#8221;][vc_row_inner][vc_column_inner width=&#8221;8\/12&#8243;][vc_column_text css=&#8221;&#8221;]<\/p>\n<p>Ofrecemos la mejor relaci\u00f3n calidad-precio en todos nuestros m\u00e1s de 8.000 coches de segunda mano.<\/p>\n<p>[\/vc_column_text][\/vc_column_inner][vc_column_inner width=&#8221;4\/12&#8243;][vc_btn title=&#8221;Busca Ahora&#8221; style=&#8221;custom&#8221; custom_background=&#8221;#009fe3&#8243; custom_text=&#8221;#ffffff&#8221; align=&#8221;center&#8221; css=&#8221;&#8221; link=&#8221;url:https%3A%2F%2Fwww.ocasionplus.com%2Fcoches-ocasion|title:Busca%20tu%20Coche%20Ahora&#8221;][\/vc_column_inner][\/vc_row_inner][vc_row_inner el_id=&#8221;logo-placement&#8221; css=&#8221;.vc_custom_1719615816721{margin-top: 2px !important;margin-bottom: 12px !important;}&#8221;][vc_column_inner][vc_single_image image=&#8221;11299&#8243; img_size=&#8221;277&#215;43&#8243; alignment=&#8221;center&#8221; style=&#8221;vc_box_rounded&#8221; css=&#8221;&#8221; el_class=&#8221;logo-component-comprar&#8221;][\/vc_column_inner][\/vc_row_inner][\/vc_column][\/vc_row]<\/p>\n<\/div>","protected":false},"excerpt":{"rendered":"<p>[vc_row][vc_column][vc_column_text]La direcci\u00f3n General de Tr\u00e1fico (DGT) anunci\u00f3 una campa\u00f1a especial de tr\u00e1fico para el puente del 15 de agosto. La operaci\u00f3n comenzar\u00e1 el 14 de agosto a las 15:00 horas y se prolongar\u00e1 hasta el domingo 18 de agosto a las 24:00 horas. La DGT informa que se esperan m\u00e1s de 8 millones de movimientos&#8230;<\/p>\n","protected":false},"author":3,"featured_media":13916,"comment_status":"closed","ping_status":"open","sticky":false,"template":"","format":"standard","meta":{"footnotes":""},"categories":[2],"tags":[380,455],"class_list":["post-13915","post","type-post","status-publish","format-standard","has-post-thumbnail","hentry","category-ultimas-noticias","tag-coches-ocasion","tag-dgt"],"yoast_head":"<!-- This site is optimized with the Yoast SEO Premium plugin v24.8 (Yoast SEO v24.8.1) - https:\/\/yoast.com\/wordpress\/plugins\/seo\/ -->\n<title>Campa\u00f1a especial de tr\u00e1fico para el puente de agosto de la DGT - OcasionPlus Blog<\/title>\n<meta name=\"description\" content=\"La direcci\u00f3n General de Tr\u00e1fico (DGT) anunci\u00f3 una campa\u00f1a especial de tr\u00e1fico para el puente del 15 de agosto.\" \/>\n<meta name=\"robots\" content=\"index, follow, max-snippet:-1, max-image-preview:large, max-video-preview:-1\" \/>\n<link rel=\"canonical\" href=\"https:\/\/www.ocasionplus.com\/noticias\/campana-puente-de-agosto-dgt\/\" \/>\n<meta property=\"og:locale\" content=\"es_ES\" \/>\n<meta property=\"og:type\" content=\"article\" \/>\n<meta property=\"og:title\" content=\"Campa\u00f1a especial de tr\u00e1fico para el puente de agosto de la DGT\" \/>\n<meta property=\"og:description\" content=\"La direcci\u00f3n General de Tr\u00e1fico (DGT) anunci\u00f3 una campa\u00f1a especial de tr\u00e1fico para el puente del 15 de agosto.\" \/>\n<meta property=\"og:url\" content=\"https:\/\/www.ocasionplus.com\/noticias\/campana-puente-de-agosto-dgt\/\" \/>\n<meta property=\"og:site_name\" content=\"OcasionPlus Blog\" \/>\n<meta property=\"article:publisher\" content=\"https:\/\/www.facebook.com\/ocasionplus\" \/>\n<meta property=\"article:published_time\" content=\"2024-08-14T16:10:23+00:00\" \/>\n<meta property=\"article:modified_time\" content=\"2025-03-27T09:41:55+00:00\" \/>\n<meta property=\"og:image\" content=\"https:\/\/www.ocasionplus.com\/wp-content\/uploads\/2024\/08\/Autovias-madrid.jpg\" \/>\n\t<meta property=\"og:image:width\" content=\"1280\" \/>\n\t<meta property=\"og:image:height\" content=\"854\" \/>\n\t<meta property=\"og:image:type\" content=\"image\/jpeg\" \/>\n<meta name=\"author\" content=\"Cristhian Gonz\u00e1lez\" \/>\n<meta name=\"twitter:card\" content=\"summary_large_image\" \/>\n<meta name=\"twitter:creator\" content=\"@ocasionplus\" \/>\n<meta name=\"twitter:site\" content=\"@ocasionplus\" \/>\n<meta name=\"twitter:label1\" content=\"Escrito por\" \/>\n\t<meta name=\"twitter:data1\" content=\"Cristhian Gonz\u00e1lez\" \/>\n\t<meta name=\"twitter:label2\" content=\"Tiempo de lectura\" \/>\n\t<meta name=\"twitter:data2\" content=\"3 minutos\" \/>\n<script type=\"application\/ld+json\" class=\"yoast-schema-graph\">{\"@context\":\"https:\/\/schema.org\",\"@graph\":[{\"@type\":\"Article\",\"@id\":\"https:\/\/www.ocasionplus.com\/noticias\/campana-puente-de-agosto-dgt\/#article\",\"isPartOf\":{\"@id\":\"https:\/\/www.ocasionplus.com\/noticias\/campana-puente-de-agosto-dgt\/\"},\"author\":{\"name\":\"Cristhian Gonz\u00e1lez\",\"@id\":\"https:\/\/www.ocasionplus.com\/noticias\/#\/schema\/person\/db1203be564cc3ded97ad1dbd8aadc5b\"},\"headline\":\"Campa\u00f1a especial de tr\u00e1fico para el puente de agosto de la DGT\",\"datePublished\":\"2024-08-14T16:10:23+00:00\",\"dateModified\":\"2025-03-27T09:41:55+00:00\",\"mainEntityOfPage\":{\"@id\":\"https:\/\/www.ocasionplus.com\/noticias\/campana-puente-de-agosto-dgt\/\"},\"wordCount\":527,\"publisher\":{\"@id\":\"https:\/\/www.ocasionplus.com\/noticias\/#organization\"},\"image\":{\"@id\":\"https:\/\/www.ocasionplus.com\/noticias\/campana-puente-de-agosto-dgt\/#primaryimage\"},\"thumbnailUrl\":\"https:\/\/www.ocasionplus.com\/wp-content\/uploads\/2024\/08\/Autovias-madrid.jpg\",\"keywords\":[\"coches ocasion\",\"dgt\"],\"articleSection\":[\"\u00daltimas Noticias\"],\"inLanguage\":\"es\",\"copyrightYear\":\"2024\",\"copyrightHolder\":{\"@id\":\"https:\/\/www.ocasionplus.com\/noticias\/#organization\"}},{\"@type\":\"WebPage\",\"@id\":\"https:\/\/www.ocasionplus.com\/noticias\/campana-puente-de-agosto-dgt\/\",\"url\":\"https:\/\/www.ocasionplus.com\/noticias\/campana-puente-de-agosto-dgt\/\",\"name\":\"Campa\u00f1a especial de tr\u00e1fico para el puente de agosto de la DGT - OcasionPlus Blog\",\"isPartOf\":{\"@id\":\"https:\/\/www.ocasionplus.com\/noticias\/#website\"},\"primaryImageOfPage\":{\"@id\":\"https:\/\/www.ocasionplus.com\/noticias\/campana-puente-de-agosto-dgt\/#primaryimage\"},\"image\":{\"@id\":\"https:\/\/www.ocasionplus.com\/noticias\/campana-puente-de-agosto-dgt\/#primaryimage\"},\"thumbnailUrl\":\"https:\/\/www.ocasionplus.com\/wp-content\/uploads\/2024\/08\/Autovias-madrid.jpg\",\"datePublished\":\"2024-08-14T16:10:23+00:00\",\"dateModified\":\"2025-03-27T09:41:55+00:00\",\"description\":\"La direcci\u00f3n General de Tr\u00e1fico (DGT) anunci\u00f3 una campa\u00f1a especial de tr\u00e1fico para el puente del 15 de agosto.\",\"breadcrumb\":{\"@id\":\"https:\/\/www.ocasionplus.com\/noticias\/campana-puente-de-agosto-dgt\/#breadcrumb\"},\"inLanguage\":\"es\",\"potentialAction\":[{\"@type\":\"ReadAction\",\"target\":[\"https:\/\/www.ocasionplus.com\/noticias\/campana-puente-de-agosto-dgt\/\"]}]},{\"@type\":\"ImageObject\",\"inLanguage\":\"es\",\"@id\":\"https:\/\/www.ocasionplus.com\/noticias\/campana-puente-de-agosto-dgt\/#primaryimage\",\"url\":\"https:\/\/www.ocasionplus.com\/wp-content\/uploads\/2024\/08\/Autovias-madrid.jpg\",\"contentUrl\":\"https:\/\/www.ocasionplus.com\/wp-content\/uploads\/2024\/08\/Autovias-madrid.jpg\",\"width\":1280,\"height\":854,\"caption\":\"Este puente de agosto se implementa una campa\u00f1a especial de tr\u00e1fico\"},{\"@type\":\"BreadcrumbList\",\"@id\":\"https:\/\/www.ocasionplus.com\/noticias\/campana-puente-de-agosto-dgt\/#breadcrumb\",\"itemListElement\":[{\"@type\":\"ListItem\",\"position\":1,\"name\":\"Portada\",\"item\":\"https:\/\/www.ocasionplus.com\/noticias\/\"},{\"@type\":\"ListItem\",\"position\":2,\"name\":\"Campa\u00f1a especial de tr\u00e1fico para el puente de agosto de la DGT\"}]},{\"@type\":\"WebSite\",\"@id\":\"https:\/\/www.ocasionplus.com\/noticias\/#website\",\"url\":\"https:\/\/www.ocasionplus.com\/noticias\/\",\"name\":\"OcasionPlus Blog\",\"description\":\"Veh\u00edculos de ocasi\u00f3n\",\"publisher\":{\"@id\":\"https:\/\/www.ocasionplus.com\/noticias\/#organization\"},\"potentialAction\":[{\"@type\":\"SearchAction\",\"target\":{\"@type\":\"EntryPoint\",\"urlTemplate\":\"https:\/\/www.ocasionplus.com\/noticias\/?s={search_term_string}\"},\"query-input\":{\"@type\":\"PropertyValueSpecification\",\"valueRequired\":true,\"valueName\":\"search_term_string\"}}],\"inLanguage\":\"es\"},{\"@type\":\"Organization\",\"@id\":\"https:\/\/www.ocasionplus.com\/noticias\/#organization\",\"name\":\"OcasionPlus\",\"url\":\"https:\/\/www.ocasionplus.com\/noticias\/\",\"logo\":{\"@type\":\"ImageObject\",\"inLanguage\":\"es\",\"@id\":\"https:\/\/www.ocasionplus.com\/noticias\/#\/schema\/logo\/image\/\",\"url\":\"https:\/\/www.ocasionplus.com\/wp-content\/uploads\/2024\/05\/cropped-cropped-oplus-logo-blog.png\",\"contentUrl\":\"https:\/\/www.ocasionplus.com\/wp-content\/uploads\/2024\/05\/cropped-cropped-oplus-logo-blog.png\",\"width\":360,\"height\":71,\"caption\":\"OcasionPlus\"},\"image\":{\"@id\":\"https:\/\/www.ocasionplus.com\/noticias\/#\/schema\/logo\/image\/\"},\"sameAs\":[\"https:\/\/www.facebook.com\/ocasionplus\",\"https:\/\/x.com\/ocasionplus\",\"https:\/\/www.instagram.com\/ocasion_plus\",\"https:\/\/www.youtube.com\/channel\/UCBiCAto61Lyu27CgI95wrYQ\",\"https:\/\/www.tiktok.com\/@ocasionplus.com\",\"https:\/\/es.linkedin.com\/company\/ocasionplus\"]},{\"@type\":\"Person\",\"@id\":\"https:\/\/www.ocasionplus.com\/noticias\/#\/schema\/person\/db1203be564cc3ded97ad1dbd8aadc5b\",\"name\":\"Cristhian Gonz\u00e1lez\",\"image\":{\"@type\":\"ImageObject\",\"inLanguage\":\"es\",\"@id\":\"https:\/\/www.ocasionplus.com\/noticias\/#\/schema\/person\/image\/\",\"url\":\"https:\/\/secure.gravatar.com\/avatar\/30c0388f0815fd0ab8fb4cfad29866ac?s=96&d=mm&r=g\",\"contentUrl\":\"https:\/\/secure.gravatar.com\/avatar\/30c0388f0815fd0ab8fb4cfad29866ac?s=96&d=mm&r=g\",\"caption\":\"Cristhian Gonz\u00e1lez\"},\"description\":\"Periodista formado en Colombia. Siempre vinculado al deporte y con pasi\u00f3n por los coches. He asistido y cubierto diferentes eventos deportivos para diferentes medios de comunicaci\u00f3n.\"}]}<\/script>\n<!-- \/ Yoast SEO Premium plugin. -->","yoast_head_json":{"title":"Campa\u00f1a especial de tr\u00e1fico para el puente de agosto de la DGT - OcasionPlus Blog","description":"La direcci\u00f3n General de Tr\u00e1fico (DGT) anunci\u00f3 una campa\u00f1a especial de tr\u00e1fico para el puente del 15 de agosto.","robots":{"index":"index","follow":"follow","max-snippet":"max-snippet:-1","max-image-preview":"max-image-preview:large","max-video-preview":"max-video-preview:-1"},"canonical":"https:\/\/www.ocasionplus.com\/noticias\/campana-puente-de-agosto-dgt\/","og_locale":"es_ES","og_type":"article","og_title":"Campa\u00f1a especial de tr\u00e1fico para el puente de agosto de la DGT","og_description":"La direcci\u00f3n General de Tr\u00e1fico (DGT) anunci\u00f3 una campa\u00f1a especial de tr\u00e1fico para el puente del 15 de agosto.","og_url":"https:\/\/www.ocasionplus.com\/noticias\/campana-puente-de-agosto-dgt\/","og_site_name":"OcasionPlus Blog","article_publisher":"https:\/\/www.facebook.com\/ocasionplus","article_published_time":"2024-08-14T16:10:23+00:00","article_modified_time":"2025-03-27T09:41:55+00:00","og_image":[{"width":1280,"height":854,"url":"https:\/\/www.ocasionplus.com\/wp-content\/uploads\/2024\/08\/Autovias-madrid.jpg","type":"image\/jpeg"}],"author":"Cristhian Gonz\u00e1lez","twitter_card":"summary_large_image","twitter_creator":"@ocasionplus","twitter_site":"@ocasionplus","twitter_misc":{"Escrito por":"Cristhian Gonz\u00e1lez","Tiempo de lectura":"3 minutos"},"schema":{"@context":"https:\/\/schema.org","@graph":[{"@type":"Article","@id":"https:\/\/www.ocasionplus.com\/noticias\/campana-puente-de-agosto-dgt\/#article","isPartOf":{"@id":"https:\/\/www.ocasionplus.com\/noticias\/campana-puente-de-agosto-dgt\/"},"author":{"name":"Cristhian Gonz\u00e1lez","@id":"https:\/\/www.ocasionplus.com\/noticias\/#\/schema\/person\/db1203be564cc3ded97ad1dbd8aadc5b"},"headline":"Campa\u00f1a especial de tr\u00e1fico para el puente de agosto de la DGT","datePublished":"2024-08-14T16:10:23+00:00","dateModified":"2025-03-27T09:41:55+00:00","mainEntityOfPage":{"@id":"https:\/\/www.ocasionplus.com\/noticias\/campana-puente-de-agosto-dgt\/"},"wordCount":527,"publisher":{"@id":"https:\/\/www.ocasionplus.com\/noticias\/#organization"},"image":{"@id":"https:\/\/www.ocasionplus.com\/noticias\/campana-puente-de-agosto-dgt\/#primaryimage"},"thumbnailUrl":"https:\/\/www.ocasionplus.com\/wp-content\/uploads\/2024\/08\/Autovias-madrid.jpg","keywords":["coches ocasion","dgt"],"articleSection":["\u00daltimas Noticias"],"inLanguage":"es","copyrightYear":"2024","copyrightHolder":{"@id":"https:\/\/www.ocasionplus.com\/noticias\/#organization"}},{"@type":"WebPage","@id":"https:\/\/www.ocasionplus.com\/noticias\/campana-puente-de-agosto-dgt\/","url":"https:\/\/www.ocasionplus.com\/noticias\/campana-puente-de-agosto-dgt\/","name":"Campa\u00f1a especial de tr\u00e1fico para el puente de agosto de la DGT - OcasionPlus Blog","isPartOf":{"@id":"https:\/\/www.ocasionplus.com\/noticias\/#website"},"primaryImageOfPage":{"@id":"https:\/\/www.ocasionplus.com\/noticias\/campana-puente-de-agosto-dgt\/#primaryimage"},"image":{"@id":"https:\/\/www.ocasionplus.com\/noticias\/campana-puente-de-agosto-dgt\/#primaryimage"},"thumbnailUrl":"https:\/\/www.ocasionplus.com\/wp-content\/uploads\/2024\/08\/Autovias-madrid.jpg","datePublished":"2024-08-14T16:10:23+00:00","dateModified":"2025-03-27T09:41:55+00:00","description":"La direcci\u00f3n General de Tr\u00e1fico (DGT) anunci\u00f3 una campa\u00f1a especial de tr\u00e1fico para el puente del 15 de agosto.","breadcrumb":{"@id":"https:\/\/www.ocasionplus.com\/noticias\/campana-puente-de-agosto-dgt\/#breadcrumb"},"inLanguage":"es","potentialAction":[{"@type":"ReadAction","target":["https:\/\/www.ocasionplus.com\/noticias\/campana-puente-de-agosto-dgt\/"]}]},{"@type":"ImageObject","inLanguage":"es","@id":"https:\/\/www.ocasionplus.com\/noticias\/campana-puente-de-agosto-dgt\/#primaryimage","url":"https:\/\/www.ocasionplus.com\/wp-content\/uploads\/2024\/08\/Autovias-madrid.jpg","contentUrl":"https:\/\/www.ocasionplus.com\/wp-content\/uploads\/2024\/08\/Autovias-madrid.jpg","width":1280,"height":854,"caption":"Este puente de agosto se implementa una campa\u00f1a especial de tr\u00e1fico"},{"@type":"BreadcrumbList","@id":"https:\/\/www.ocasionplus.com\/noticias\/campana-puente-de-agosto-dgt\/#breadcrumb","itemListElement":[{"@type":"ListItem","position":1,"name":"Portada","item":"https:\/\/www.ocasionplus.com\/noticias\/"},{"@type":"ListItem","position":2,"name":"Campa\u00f1a especial de tr\u00e1fico para el puente de agosto de la DGT"}]},{"@type":"WebSite","@id":"https:\/\/www.ocasionplus.com\/noticias\/#website","url":"https:\/\/www.ocasionplus.com\/noticias\/","name":"OcasionPlus Blog","description":"Veh\u00edculos de ocasi\u00f3n","publisher":{"@id":"https:\/\/www.ocasionplus.com\/noticias\/#organization"},"potentialAction":[{"@type":"SearchAction","target":{"@type":"EntryPoint","urlTemplate":"https:\/\/www.ocasionplus.com\/noticias\/?s={search_term_string}"},"query-input":{"@type":"PropertyValueSpecification","valueRequired":true,"valueName":"search_term_string"}}],"inLanguage":"es"},{"@type":"Organization","@id":"https:\/\/www.ocasionplus.com\/noticias\/#organization","name":"OcasionPlus","url":"https:\/\/www.ocasionplus.com\/noticias\/","logo":{"@type":"ImageObject","inLanguage":"es","@id":"https:\/\/www.ocasionplus.com\/noticias\/#\/schema\/logo\/image\/","url":"https:\/\/www.ocasionplus.com\/wp-content\/uploads\/2024\/05\/cropped-cropped-oplus-logo-blog.png","contentUrl":"https:\/\/www.ocasionplus.com\/wp-content\/uploads\/2024\/05\/cropped-cropped-oplus-logo-blog.png","width":360,"height":71,"caption":"OcasionPlus"},"image":{"@id":"https:\/\/www.ocasionplus.com\/noticias\/#\/schema\/logo\/image\/"},"sameAs":["https:\/\/www.facebook.com\/ocasionplus","https:\/\/x.com\/ocasionplus","https:\/\/www.instagram.com\/ocasion_plus","https:\/\/www.youtube.com\/channel\/UCBiCAto61Lyu27CgI95wrYQ","https:\/\/www.tiktok.com\/@ocasionplus.com","https:\/\/es.linkedin.com\/company\/ocasionplus"]},{"@type":"Person","@id":"https:\/\/www.ocasionplus.com\/noticias\/#\/schema\/person\/db1203be564cc3ded97ad1dbd8aadc5b","name":"Cristhian Gonz\u00e1lez","image":{"@type":"ImageObject","inLanguage":"es","@id":"https:\/\/www.ocasionplus.com\/noticias\/#\/schema\/person\/image\/","url":"https:\/\/secure.gravatar.com\/avatar\/30c0388f0815fd0ab8fb4cfad29866ac?s=96&d=mm&r=g","contentUrl":"https:\/\/secure.gravatar.com\/avatar\/30c0388f0815fd0ab8fb4cfad29866ac?s=96&d=mm&r=g","caption":"Cristhian Gonz\u00e1lez"},"description":"Periodista formado en Colombia. Siempre vinculado al deporte y con pasi\u00f3n por los coches. He asistido y cubierto diferentes eventos deportivos para diferentes medios de comunicaci\u00f3n."}]}},"jetpack_featured_media_url":"https:\/\/www.ocasionplus.com\/wp-content\/uploads\/2024\/08\/Autovias-madrid.jpg","_links":{"self":[{"href":"https:\/\/www.ocasionplus.com\/noticias\/wp-json\/wp\/v2\/posts\/13915","targetHints":{"allow":["GET"]}}],"collection":[{"href":"https:\/\/www.ocasionplus.com\/noticias\/wp-json\/wp\/v2\/posts"}],"about":[{"href":"https:\/\/www.ocasionplus.com\/noticias\/wp-json\/wp\/v2\/types\/post"}],"author":[{"embeddable":true,"href":"https:\/\/www.ocasionplus.com\/noticias\/wp-json\/wp\/v2\/users\/3"}],"replies":[{"embeddable":true,"href":"https:\/\/www.ocasionplus.com\/noticias\/wp-json\/wp\/v2\/comments?post=13915"}],"version-history":[{"count":1,"href":"https:\/\/www.ocasionplus.com\/noticias\/wp-json\/wp\/v2\/posts\/13915\/revisions"}],"predecessor-version":[{"id":13917,"href":"https:\/\/www.ocasionplus.com\/noticias\/wp-json\/wp\/v2\/posts\/13915\/revisions\/13917"}],"wp:featuredmedia":[{"embeddable":true,"href":"https:\/\/www.ocasionplus.com\/noticias\/wp-json\/wp\/v2\/media\/13916"}],"wp:attachment":[{"href":"https:\/\/www.ocasionplus.com\/noticias\/wp-json\/wp\/v2\/media?parent=13915"}],"wp:term":[{"taxonomy":"category","embeddable":true,"href":"https:\/\/www.ocasionplus.com\/noticias\/wp-json\/wp\/v2\/categories?post=13915"},{"taxonomy":"post_tag","embeddable":true,"href":"https:\/\/www.ocasionplus.com\/noticias\/wp-json\/wp\/v2\/tags?post=13915"}],"curies":[{"name":"wp","href":"https:\/\/api.w.org\/{rel}","templated":true}]}}