{"id":13923,"date":"2024-08-16T13:28:33","date_gmt":"2024-08-16T11:28:33","guid":{"rendered":"https:\/\/www.ocasionplus.com\/noticias\/?p=13923"},"modified":"2025-03-27T10:41:55","modified_gmt":"2025-03-27T09:41:55","slug":"etiqueta-mas-vendida-en-valencia","status":"publish","type":"post","link":"https:\/\/www.ocasionplus.com\/noticias\/etiqueta-mas-vendida-en-valencia\/","title":{"rendered":"Coches de segunda mano con distintivo C: la etiqueta m\u00e1s vendida en Valencia"},"content":{"rendered":"<div class=\"wpb-content-wrapper\"><p>[vc_row][vc_column][vc_column_text]Los <a href=\"https:\/\/www.ocasionplus.com\/coches-ocasion\">coches de segunda mano<\/a> con <strong>distintivo medioambiental C son los veh\u00edculos con la etiqueta m\u00e1s vendida en Valencia durante julio<\/strong>, seg\u00fan los datos proporcionados por OcasionPlus. Esta tendencia refleja un cambio significativo en las preferencias de los consumidores, quienes buscan veh\u00edculos que ofrezcan un equilibrio entre la econom\u00eda y la sostenibilidad.<\/p>\n<h2>Etiqueta m\u00e1s vendida en Valencia durante julio<\/h2>\n<p>La preferencia por los coches con etiqueta C en Valencia se debe a varios factores. Por ejemplo, estos veh\u00edculos de segunda mano son m\u00e1s asequibles que los nuevos, lo que los convierte en una opci\u00f3n atractiva para aquellos que buscan calidad a un precio razonable. Adem\u00e1s, <strong>el distintivo medioambiental C garantiza que el coche cumple con las normativas europeas<\/strong> de emisiones.<\/p>\n<p>Por otro lado, los <a href=\"https:\/\/www.ocasionplus.com\/coches-ocasion\/valencia\">coches de segunda mano en Valencia<\/a> con etiqueta ECO est\u00e1n ganando popularidad, ubic\u00e1ndose en la segunda posici\u00f3n de ventas en julio. Estos veh\u00edculos combinan motores de combusti\u00f3n con tecnolog\u00eda h\u00edbrida o el\u00e9ctrica, siendo una alternativa m\u00e1s ecol\u00f3gica.<\/p>\n<h2>Coches de ocasi\u00f3n en Valencia<\/h2>\n<p>Los <a href=\"https:\/\/www.ocasionplus.com\/coches-ocasion\/c\">coches de segunda mano con etiqueta C<\/a> lideran las ventas en OcasionPlus Valencia durante julio, seguidos por los veh\u00edculos ECO. Esta tendencia subraya la importancia de la econom\u00eda y la sostenibilidad en las decisiones de compra de los consumidores.<\/p>\n<p>Si est\u00e1s considerando comprar un coche de segunda mano, OcasionPlus te ofrece un amplio cat\u00e1logo de veh\u00edculos, con m\u00e1s de 8.000 coches con el mejor precio del mercado, capaz de adaptarse a las necesidades y presupuesto, y con la m\u00e1xima calidad, siendo inspeccionado en m\u00e1s de 200 puntos de control.[\/vc_column_text][\/vc_column][\/vc_row][vc_row el_class=&#8221;comprar-coche-CTA&#8221;][vc_column][vc_custom_heading text=&#8221;Encuentra tu coche de ocasi\u00f3n en Valencia al mejor precio&#8221; use_theme_fonts=&#8221;yes&#8221; css=&#8221;&#8221;][vc_row_inner][vc_column_inner width=&#8221;8\/12&#8243;][vc_column_text css=&#8221;&#8221;]<\/p>\n<p>Ofrecemos la mejor relaci\u00f3n calidad-precio en todos nuestros m\u00e1s de 8.000 coches de segunda mano.<\/p>\n<p>[\/vc_column_text][\/vc_column_inner][vc_column_inner width=&#8221;4\/12&#8243;][vc_btn title=&#8221;Busca Ahora&#8221; style=&#8221;custom&#8221; custom_background=&#8221;#009fe3&#8243; custom_text=&#8221;#ffffff&#8221; align=&#8221;center&#8221; css=&#8221;&#8221; link=&#8221;url:https%3A%2F%2Fwww.ocasionplus.com%2Fcoches-ocasion%2Fvalencia|title:Busca%20tu%20Coche%20Ahora&#8221;][\/vc_column_inner][\/vc_row_inner][vc_row_inner el_id=&#8221;logo-placement&#8221; css=&#8221;.vc_custom_1719615816721{margin-top: 2px !important;margin-bottom: 12px !important;}&#8221;][vc_column_inner][vc_single_image image=&#8221;11299&#8243; img_size=&#8221;277&#215;43&#8243; alignment=&#8221;center&#8221; style=&#8221;vc_box_rounded&#8221; css=&#8221;&#8221; el_class=&#8221;logo-component-comprar&#8221;][\/vc_column_inner][\/vc_row_inner][\/vc_column][\/vc_row]<\/p>\n<\/div>","protected":false},"excerpt":{"rendered":"<p>[vc_row][vc_column][vc_column_text]Los coches de segunda mano con distintivo medioambiental C son los veh\u00edculos con la etiqueta m\u00e1s vendida en Valencia durante julio, seg\u00fan los datos proporcionados por OcasionPlus. Esta tendencia refleja un cambio significativo en las preferencias de los consumidores, quienes buscan veh\u00edculos que ofrezcan un equilibrio entre la econom\u00eda y la sostenibilidad. Etiqueta m\u00e1s vendida&#8230;<\/p>\n","protected":false},"author":3,"featured_media":10783,"comment_status":"closed","ping_status":"open","sticky":false,"template":"","format":"standard","meta":{"footnotes":""},"categories":[2],"tags":[593,380,596,434],"class_list":["post-13923","post","type-post","status-publish","format-standard","has-post-thumbnail","hentry","category-ultimas-noticias","tag-c","tag-coches-ocasion","tag-distintivo-ambiental-dgt","tag-valencia"],"yoast_head":"<!-- This site is optimized with the Yoast SEO Premium plugin v24.8 (Yoast SEO v24.8.1) - https:\/\/yoast.com\/wordpress\/plugins\/seo\/ -->\n<title>Coches con etiqueta C: la etiqueta m\u00e1s vendida en Valencia<\/title>\n<meta name=\"description\" content=\"Los coches de segunda mano con distintivo medioambiental C son los veh\u00edculos con la etiqueta m\u00e1s vendida en Valencia durante julio.\" \/>\n<meta name=\"robots\" content=\"index, follow, max-snippet:-1, max-image-preview:large, max-video-preview:-1\" \/>\n<link rel=\"canonical\" href=\"https:\/\/www.ocasionplus.com\/noticias\/etiqueta-mas-vendida-en-valencia\/\" \/>\n<meta property=\"og:locale\" content=\"es_ES\" \/>\n<meta property=\"og:type\" content=\"article\" \/>\n<meta property=\"og:title\" content=\"Coches de segunda mano con distintivo C: la etiqueta m\u00e1s vendida en Valencia\" \/>\n<meta property=\"og:description\" content=\"Los coches de segunda mano con distintivo medioambiental C son los veh\u00edculos con la etiqueta m\u00e1s vendida en Valencia durante julio.\" \/>\n<meta property=\"og:url\" content=\"https:\/\/www.ocasionplus.com\/noticias\/etiqueta-mas-vendida-en-valencia\/\" \/>\n<meta property=\"og:site_name\" content=\"OcasionPlus Blog\" \/>\n<meta property=\"article:publisher\" content=\"https:\/\/www.facebook.com\/ocasionplus\" \/>\n<meta property=\"article:published_time\" content=\"2024-08-16T11:28:33+00:00\" \/>\n<meta property=\"article:modified_time\" content=\"2025-03-27T09:41:55+00:00\" \/>\n<meta property=\"og:image\" content=\"https:\/\/www.ocasionplus.com\/wp-content\/uploads\/2024\/04\/Siglas-GTI-del-Volkswagen-Golf.jpg\" \/>\n\t<meta property=\"og:image:width\" content=\"1280\" \/>\n\t<meta property=\"og:image:height\" content=\"853\" \/>\n\t<meta property=\"og:image:type\" content=\"image\/jpeg\" \/>\n<meta name=\"author\" content=\"Cristhian Gonz\u00e1lez\" \/>\n<meta name=\"twitter:card\" content=\"summary_large_image\" \/>\n<meta name=\"twitter:creator\" content=\"@ocasionplus\" \/>\n<meta name=\"twitter:site\" content=\"@ocasionplus\" \/>\n<meta name=\"twitter:label1\" content=\"Escrito por\" \/>\n\t<meta name=\"twitter:data1\" content=\"Cristhian Gonz\u00e1lez\" \/>\n\t<meta name=\"twitter:label2\" content=\"Tiempo de lectura\" \/>\n\t<meta name=\"twitter:data2\" content=\"2 minutos\" \/>\n<script type=\"application\/ld+json\" class=\"yoast-schema-graph\">{\"@context\":\"https:\/\/schema.org\",\"@graph\":[{\"@type\":\"Article\",\"@id\":\"https:\/\/www.ocasionplus.com\/noticias\/etiqueta-mas-vendida-en-valencia\/#article\",\"isPartOf\":{\"@id\":\"https:\/\/www.ocasionplus.com\/noticias\/etiqueta-mas-vendida-en-valencia\/\"},\"author\":{\"name\":\"Cristhian Gonz\u00e1lez\",\"@id\":\"https:\/\/www.ocasionplus.com\/noticias\/#\/schema\/person\/db1203be564cc3ded97ad1dbd8aadc5b\"},\"headline\":\"Coches de segunda mano con distintivo C: la etiqueta m\u00e1s vendida en Valencia\",\"datePublished\":\"2024-08-16T11:28:33+00:00\",\"dateModified\":\"2025-03-27T09:41:55+00:00\",\"mainEntityOfPage\":{\"@id\":\"https:\/\/www.ocasionplus.com\/noticias\/etiqueta-mas-vendida-en-valencia\/\"},\"wordCount\":457,\"publisher\":{\"@id\":\"https:\/\/www.ocasionplus.com\/noticias\/#organization\"},\"image\":{\"@id\":\"https:\/\/www.ocasionplus.com\/noticias\/etiqueta-mas-vendida-en-valencia\/#primaryimage\"},\"thumbnailUrl\":\"https:\/\/www.ocasionplus.com\/wp-content\/uploads\/2024\/04\/Siglas-GTI-del-Volkswagen-Golf.jpg\",\"keywords\":[\"c\",\"coches ocasion\",\"distintivo ambiental dgt\",\"valencia\"],\"articleSection\":[\"\u00daltimas Noticias\"],\"inLanguage\":\"es\",\"copyrightYear\":\"2024\",\"copyrightHolder\":{\"@id\":\"https:\/\/www.ocasionplus.com\/noticias\/#organization\"}},{\"@type\":\"WebPage\",\"@id\":\"https:\/\/www.ocasionplus.com\/noticias\/etiqueta-mas-vendida-en-valencia\/\",\"url\":\"https:\/\/www.ocasionplus.com\/noticias\/etiqueta-mas-vendida-en-valencia\/\",\"name\":\"Coches con etiqueta C: la etiqueta m\u00e1s vendida en Valencia\",\"isPartOf\":{\"@id\":\"https:\/\/www.ocasionplus.com\/noticias\/#website\"},\"primaryImageOfPage\":{\"@id\":\"https:\/\/www.ocasionplus.com\/noticias\/etiqueta-mas-vendida-en-valencia\/#primaryimage\"},\"image\":{\"@id\":\"https:\/\/www.ocasionplus.com\/noticias\/etiqueta-mas-vendida-en-valencia\/#primaryimage\"},\"thumbnailUrl\":\"https:\/\/www.ocasionplus.com\/wp-content\/uploads\/2024\/04\/Siglas-GTI-del-Volkswagen-Golf.jpg\",\"datePublished\":\"2024-08-16T11:28:33+00:00\",\"dateModified\":\"2025-03-27T09:41:55+00:00\",\"description\":\"Los coches de segunda mano con distintivo medioambiental C son los veh\u00edculos con la etiqueta m\u00e1s vendida en Valencia durante julio.\",\"breadcrumb\":{\"@id\":\"https:\/\/www.ocasionplus.com\/noticias\/etiqueta-mas-vendida-en-valencia\/#breadcrumb\"},\"inLanguage\":\"es\",\"potentialAction\":[{\"@type\":\"ReadAction\",\"target\":[\"https:\/\/www.ocasionplus.com\/noticias\/etiqueta-mas-vendida-en-valencia\/\"]}]},{\"@type\":\"ImageObject\",\"inLanguage\":\"es\",\"@id\":\"https:\/\/www.ocasionplus.com\/noticias\/etiqueta-mas-vendida-en-valencia\/#primaryimage\",\"url\":\"https:\/\/www.ocasionplus.com\/wp-content\/uploads\/2024\/04\/Siglas-GTI-del-Volkswagen-Golf.jpg\",\"contentUrl\":\"https:\/\/www.ocasionplus.com\/wp-content\/uploads\/2024\/04\/Siglas-GTI-del-Volkswagen-Golf.jpg\",\"width\":1280,\"height\":853,\"caption\":\"Volkswagen GTI blanco\"},{\"@type\":\"BreadcrumbList\",\"@id\":\"https:\/\/www.ocasionplus.com\/noticias\/etiqueta-mas-vendida-en-valencia\/#breadcrumb\",\"itemListElement\":[{\"@type\":\"ListItem\",\"position\":1,\"name\":\"Portada\",\"item\":\"https:\/\/www.ocasionplus.com\/noticias\/\"},{\"@type\":\"ListItem\",\"position\":2,\"name\":\"Coches de segunda mano con distintivo C: la etiqueta m\u00e1s vendida en Valencia\"}]},{\"@type\":\"WebSite\",\"@id\":\"https:\/\/www.ocasionplus.com\/noticias\/#website\",\"url\":\"https:\/\/www.ocasionplus.com\/noticias\/\",\"name\":\"OcasionPlus Blog\",\"description\":\"Veh\u00edculos de ocasi\u00f3n\",\"publisher\":{\"@id\":\"https:\/\/www.ocasionplus.com\/noticias\/#organization\"},\"potentialAction\":[{\"@type\":\"SearchAction\",\"target\":{\"@type\":\"EntryPoint\",\"urlTemplate\":\"https:\/\/www.ocasionplus.com\/noticias\/?s={search_term_string}\"},\"query-input\":{\"@type\":\"PropertyValueSpecification\",\"valueRequired\":true,\"valueName\":\"search_term_string\"}}],\"inLanguage\":\"es\"},{\"@type\":\"Organization\",\"@id\":\"https:\/\/www.ocasionplus.com\/noticias\/#organization\",\"name\":\"OcasionPlus\",\"url\":\"https:\/\/www.ocasionplus.com\/noticias\/\",\"logo\":{\"@type\":\"ImageObject\",\"inLanguage\":\"es\",\"@id\":\"https:\/\/www.ocasionplus.com\/noticias\/#\/schema\/logo\/image\/\",\"url\":\"https:\/\/www.ocasionplus.com\/wp-content\/uploads\/2024\/05\/cropped-cropped-oplus-logo-blog.png\",\"contentUrl\":\"https:\/\/www.ocasionplus.com\/wp-content\/uploads\/2024\/05\/cropped-cropped-oplus-logo-blog.png\",\"width\":360,\"height\":71,\"caption\":\"OcasionPlus\"},\"image\":{\"@id\":\"https:\/\/www.ocasionplus.com\/noticias\/#\/schema\/logo\/image\/\"},\"sameAs\":[\"https:\/\/www.facebook.com\/ocasionplus\",\"https:\/\/x.com\/ocasionplus\",\"https:\/\/www.instagram.com\/ocasion_plus\",\"https:\/\/www.youtube.com\/channel\/UCBiCAto61Lyu27CgI95wrYQ\",\"https:\/\/www.tiktok.com\/@ocasionplus.com\",\"https:\/\/es.linkedin.com\/company\/ocasionplus\"]},{\"@type\":\"Person\",\"@id\":\"https:\/\/www.ocasionplus.com\/noticias\/#\/schema\/person\/db1203be564cc3ded97ad1dbd8aadc5b\",\"name\":\"Cristhian Gonz\u00e1lez\",\"image\":{\"@type\":\"ImageObject\",\"inLanguage\":\"es\",\"@id\":\"https:\/\/www.ocasionplus.com\/noticias\/#\/schema\/person\/image\/\",\"url\":\"https:\/\/secure.gravatar.com\/avatar\/30c0388f0815fd0ab8fb4cfad29866ac?s=96&d=mm&r=g\",\"contentUrl\":\"https:\/\/secure.gravatar.com\/avatar\/30c0388f0815fd0ab8fb4cfad29866ac?s=96&d=mm&r=g\",\"caption\":\"Cristhian Gonz\u00e1lez\"},\"description\":\"Periodista formado en Colombia. Siempre vinculado al deporte y con pasi\u00f3n por los coches. He asistido y cubierto diferentes eventos deportivos para diferentes medios de comunicaci\u00f3n.\"}]}<\/script>\n<!-- \/ Yoast SEO Premium plugin. -->","yoast_head_json":{"title":"Coches con etiqueta C: la etiqueta m\u00e1s vendida en Valencia","description":"Los coches de segunda mano con distintivo medioambiental C son los veh\u00edculos con la etiqueta m\u00e1s vendida en Valencia durante julio.","robots":{"index":"index","follow":"follow","max-snippet":"max-snippet:-1","max-image-preview":"max-image-preview:large","max-video-preview":"max-video-preview:-1"},"canonical":"https:\/\/www.ocasionplus.com\/noticias\/etiqueta-mas-vendida-en-valencia\/","og_locale":"es_ES","og_type":"article","og_title":"Coches de segunda mano con distintivo C: la etiqueta m\u00e1s vendida en Valencia","og_description":"Los coches de segunda mano con distintivo medioambiental C son los veh\u00edculos con la etiqueta m\u00e1s vendida en Valencia durante julio.","og_url":"https:\/\/www.ocasionplus.com\/noticias\/etiqueta-mas-vendida-en-valencia\/","og_site_name":"OcasionPlus Blog","article_publisher":"https:\/\/www.facebook.com\/ocasionplus","article_published_time":"2024-08-16T11:28:33+00:00","article_modified_time":"2025-03-27T09:41:55+00:00","og_image":[{"width":1280,"height":853,"url":"https:\/\/www.ocasionplus.com\/wp-content\/uploads\/2024\/04\/Siglas-GTI-del-Volkswagen-Golf.jpg","type":"image\/jpeg"}],"author":"Cristhian Gonz\u00e1lez","twitter_card":"summary_large_image","twitter_creator":"@ocasionplus","twitter_site":"@ocasionplus","twitter_misc":{"Escrito por":"Cristhian Gonz\u00e1lez","Tiempo de lectura":"2 minutos"},"schema":{"@context":"https:\/\/schema.org","@graph":[{"@type":"Article","@id":"https:\/\/www.ocasionplus.com\/noticias\/etiqueta-mas-vendida-en-valencia\/#article","isPartOf":{"@id":"https:\/\/www.ocasionplus.com\/noticias\/etiqueta-mas-vendida-en-valencia\/"},"author":{"name":"Cristhian Gonz\u00e1lez","@id":"https:\/\/www.ocasionplus.com\/noticias\/#\/schema\/person\/db1203be564cc3ded97ad1dbd8aadc5b"},"headline":"Coches de segunda mano con distintivo C: la etiqueta m\u00e1s vendida en Valencia","datePublished":"2024-08-16T11:28:33+00:00","dateModified":"2025-03-27T09:41:55+00:00","mainEntityOfPage":{"@id":"https:\/\/www.ocasionplus.com\/noticias\/etiqueta-mas-vendida-en-valencia\/"},"wordCount":457,"publisher":{"@id":"https:\/\/www.ocasionplus.com\/noticias\/#organization"},"image":{"@id":"https:\/\/www.ocasionplus.com\/noticias\/etiqueta-mas-vendida-en-valencia\/#primaryimage"},"thumbnailUrl":"https:\/\/www.ocasionplus.com\/wp-content\/uploads\/2024\/04\/Siglas-GTI-del-Volkswagen-Golf.jpg","keywords":["c","coches ocasion","distintivo ambiental dgt","valencia"],"articleSection":["\u00daltimas Noticias"],"inLanguage":"es","copyrightYear":"2024","copyrightHolder":{"@id":"https:\/\/www.ocasionplus.com\/noticias\/#organization"}},{"@type":"WebPage","@id":"https:\/\/www.ocasionplus.com\/noticias\/etiqueta-mas-vendida-en-valencia\/","url":"https:\/\/www.ocasionplus.com\/noticias\/etiqueta-mas-vendida-en-valencia\/","name":"Coches con etiqueta C: la etiqueta m\u00e1s vendida en Valencia","isPartOf":{"@id":"https:\/\/www.ocasionplus.com\/noticias\/#website"},"primaryImageOfPage":{"@id":"https:\/\/www.ocasionplus.com\/noticias\/etiqueta-mas-vendida-en-valencia\/#primaryimage"},"image":{"@id":"https:\/\/www.ocasionplus.com\/noticias\/etiqueta-mas-vendida-en-valencia\/#primaryimage"},"thumbnailUrl":"https:\/\/www.ocasionplus.com\/wp-content\/uploads\/2024\/04\/Siglas-GTI-del-Volkswagen-Golf.jpg","datePublished":"2024-08-16T11:28:33+00:00","dateModified":"2025-03-27T09:41:55+00:00","description":"Los coches de segunda mano con distintivo medioambiental C son los veh\u00edculos con la etiqueta m\u00e1s vendida en Valencia durante julio.","breadcrumb":{"@id":"https:\/\/www.ocasionplus.com\/noticias\/etiqueta-mas-vendida-en-valencia\/#breadcrumb"},"inLanguage":"es","potentialAction":[{"@type":"ReadAction","target":["https:\/\/www.ocasionplus.com\/noticias\/etiqueta-mas-vendida-en-valencia\/"]}]},{"@type":"ImageObject","inLanguage":"es","@id":"https:\/\/www.ocasionplus.com\/noticias\/etiqueta-mas-vendida-en-valencia\/#primaryimage","url":"https:\/\/www.ocasionplus.com\/wp-content\/uploads\/2024\/04\/Siglas-GTI-del-Volkswagen-Golf.jpg","contentUrl":"https:\/\/www.ocasionplus.com\/wp-content\/uploads\/2024\/04\/Siglas-GTI-del-Volkswagen-Golf.jpg","width":1280,"height":853,"caption":"Volkswagen GTI blanco"},{"@type":"BreadcrumbList","@id":"https:\/\/www.ocasionplus.com\/noticias\/etiqueta-mas-vendida-en-valencia\/#breadcrumb","itemListElement":[{"@type":"ListItem","position":1,"name":"Portada","item":"https:\/\/www.ocasionplus.com\/noticias\/"},{"@type":"ListItem","position":2,"name":"Coches de segunda mano con distintivo C: la etiqueta m\u00e1s vendida en Valencia"}]},{"@type":"WebSite","@id":"https:\/\/www.ocasionplus.com\/noticias\/#website","url":"https:\/\/www.ocasionplus.com\/noticias\/","name":"OcasionPlus Blog","description":"Veh\u00edculos de ocasi\u00f3n","publisher":{"@id":"https:\/\/www.ocasionplus.com\/noticias\/#organization"},"potentialAction":[{"@type":"SearchAction","target":{"@type":"EntryPoint","urlTemplate":"https:\/\/www.ocasionplus.com\/noticias\/?s={search_term_string}"},"query-input":{"@type":"PropertyValueSpecification","valueRequired":true,"valueName":"search_term_string"}}],"inLanguage":"es"},{"@type":"Organization","@id":"https:\/\/www.ocasionplus.com\/noticias\/#organization","name":"OcasionPlus","url":"https:\/\/www.ocasionplus.com\/noticias\/","logo":{"@type":"ImageObject","inLanguage":"es","@id":"https:\/\/www.ocasionplus.com\/noticias\/#\/schema\/logo\/image\/","url":"https:\/\/www.ocasionplus.com\/wp-content\/uploads\/2024\/05\/cropped-cropped-oplus-logo-blog.png","contentUrl":"https:\/\/www.ocasionplus.com\/wp-content\/uploads\/2024\/05\/cropped-cropped-oplus-logo-blog.png","width":360,"height":71,"caption":"OcasionPlus"},"image":{"@id":"https:\/\/www.ocasionplus.com\/noticias\/#\/schema\/logo\/image\/"},"sameAs":["https:\/\/www.facebook.com\/ocasionplus","https:\/\/x.com\/ocasionplus","https:\/\/www.instagram.com\/ocasion_plus","https:\/\/www.youtube.com\/channel\/UCBiCAto61Lyu27CgI95wrYQ","https:\/\/www.tiktok.com\/@ocasionplus.com","https:\/\/es.linkedin.com\/company\/ocasionplus"]},{"@type":"Person","@id":"https:\/\/www.ocasionplus.com\/noticias\/#\/schema\/person\/db1203be564cc3ded97ad1dbd8aadc5b","name":"Cristhian Gonz\u00e1lez","image":{"@type":"ImageObject","inLanguage":"es","@id":"https:\/\/www.ocasionplus.com\/noticias\/#\/schema\/person\/image\/","url":"https:\/\/secure.gravatar.com\/avatar\/30c0388f0815fd0ab8fb4cfad29866ac?s=96&d=mm&r=g","contentUrl":"https:\/\/secure.gravatar.com\/avatar\/30c0388f0815fd0ab8fb4cfad29866ac?s=96&d=mm&r=g","caption":"Cristhian Gonz\u00e1lez"},"description":"Periodista formado en Colombia. Siempre vinculado al deporte y con pasi\u00f3n por los coches. He asistido y cubierto diferentes eventos deportivos para diferentes medios de comunicaci\u00f3n."}]}},"jetpack_featured_media_url":"https:\/\/www.ocasionplus.com\/wp-content\/uploads\/2024\/04\/Siglas-GTI-del-Volkswagen-Golf.jpg","_links":{"self":[{"href":"https:\/\/www.ocasionplus.com\/noticias\/wp-json\/wp\/v2\/posts\/13923","targetHints":{"allow":["GET"]}}],"collection":[{"href":"https:\/\/www.ocasionplus.com\/noticias\/wp-json\/wp\/v2\/posts"}],"about":[{"href":"https:\/\/www.ocasionplus.com\/noticias\/wp-json\/wp\/v2\/types\/post"}],"author":[{"embeddable":true,"href":"https:\/\/www.ocasionplus.com\/noticias\/wp-json\/wp\/v2\/users\/3"}],"replies":[{"embeddable":true,"href":"https:\/\/www.ocasionplus.com\/noticias\/wp-json\/wp\/v2\/comments?post=13923"}],"version-history":[{"count":1,"href":"https:\/\/www.ocasionplus.com\/noticias\/wp-json\/wp\/v2\/posts\/13923\/revisions"}],"predecessor-version":[{"id":13924,"href":"https:\/\/www.ocasionplus.com\/noticias\/wp-json\/wp\/v2\/posts\/13923\/revisions\/13924"}],"wp:featuredmedia":[{"embeddable":true,"href":"https:\/\/www.ocasionplus.com\/noticias\/wp-json\/wp\/v2\/media\/10783"}],"wp:attachment":[{"href":"https:\/\/www.ocasionplus.com\/noticias\/wp-json\/wp\/v2\/media?parent=13923"}],"wp:term":[{"taxonomy":"category","embeddable":true,"href":"https:\/\/www.ocasionplus.com\/noticias\/wp-json\/wp\/v2\/categories?post=13923"},{"taxonomy":"post_tag","embeddable":true,"href":"https:\/\/www.ocasionplus.com\/noticias\/wp-json\/wp\/v2\/tags?post=13923"}],"curies":[{"name":"wp","href":"https:\/\/api.w.org\/{rel}","templated":true}]}}