{"id":13945,"date":"2024-09-05T12:12:14","date_gmt":"2024-09-05T10:12:14","guid":{"rendered":"https:\/\/www.ocasionplus.com\/noticias\/?p=13945"},"modified":"2025-03-27T10:39:23","modified_gmt":"2025-03-27T09:39:23","slug":"marca-mas-vendida-en-alicante","status":"publish","type":"post","link":"https:\/\/www.ocasionplus.com\/noticias\/marca-mas-vendida-en-alicante\/","title":{"rendered":"Peugeot: lidera como la marca m\u00e1s vendida en Alicante en agosto"},"content":{"rendered":"<div class=\"wpb-content-wrapper\"><p>[vc_row][vc_column][vc_column_text css=&#8221;&#8221;] Seg\u00fan los <a href=\"https:\/\/www.ocasionplus.com\/noticias\/analisis-del-mercado-de-coches-de-segunda-mano\/\">datos proporcionados por OcasionPlus<\/a>, la firma de <strong>Peugeot se convirti\u00f3 en la marca m\u00e1s vendida en Alicante<\/strong> durante el mes de agosto, desplazando a Opel, que hab\u00eda liderado las ventas en julio. El top 3 de marcas m\u00e1s vendidas en agosto lo completan SEAT y Renault.<\/p>\n<h2>Marca m\u00e1s vendida en Alicante<\/h2>\n<p>La marca francesa Peugeot, principalmente los modelos de <a href=\"https:\/\/www.ocasionplus.com\/coches-ocasion\/peugeot\">Peugeot de segunda mano<\/a>, han ganado una gran popularidad entre los compradores de<a href=\"https:\/\/www.ocasionplus.com\/coches-ocasion\"> coches de segunda mano<\/a> en Alicante en agosto, gracias a la fiabilidad y el dise\u00f1o atractivo de sus modelos. Entre los modelos favoritos se encuentran:<\/p>\n<ul>\n<li aria-level=\"1\"><a href=\"https:\/\/www.ocasionplus.com\/coches-ocasion\/peugeot\/2008\">Peugeot 2008<\/a>: un SUV compacto que es apreciado por su espacio interior, tecnolog\u00eda avanzada y eficiencia en el consumo de combustible.<\/li>\n<li aria-level=\"1\"><a href=\"https:\/\/www.ocasionplus.com\/coches-ocasion\/peugeot\/208\">Peugeot 208<\/a>: un coche urbano que destaca por su maniobrabilidad, dise\u00f1o moderno y opciones de motorizaci\u00f3n eficientes.<\/li>\n<li aria-level=\"1\"><a href=\"https:\/\/www.ocasionplus.com\/coches-ocasion\/peugeot\/308\">Peugeot 308<\/a>: un compacto que es conocido por su confort, seguridad y rendimiento, ideal para aquellos que buscan un coche \u00e1gil y con el suficiente espacio.<\/li>\n<\/ul>\n<p>Por otra parte, <strong>Opel, hab\u00eda sido la marca m\u00e1s vendida en julio<\/strong>, fue desplazada al cuarto lugar en agosto. Aunque sigue siendo una opci\u00f3n popular, la preferencia de los compradores durante agosto se inclin\u00f3 hacia Peugeot, SEAT y Renault.<\/p>\n<h2>Coches de segunda mano en Alicante<\/h2>\n<p>Si est\u00e1s buscando un <a href=\"https:\/\/www.ocasionplus.com\/coches-ocasion\/alicante\">coche de segunda mano en Alicante<\/a>, no dudes en visitar OcasionPlus. Con una amplia variedad de marcas y modelos, seguro encontrar\u00e1s el coche perfecto que se ajuste a tus necesidades y presupuesto. \u00a1Ven y descubre las mejores ofertas en coches de segunda mano!<\/p>\n<p>[\/vc_column_text][\/vc_column][\/vc_row][vc_row el_class=&#8221;comprar-coche-CTA&#8221;][vc_column][vc_custom_heading text=&#8221;Encuentra tu coche de ocasi\u00f3n en Alicante al mejor precio&#8221; use_theme_fonts=&#8221;yes&#8221; css=&#8221;&#8221;][vc_row_inner][vc_column_inner width=&#8221;8\/12&#8243;][vc_column_text css=&#8221;&#8221;]<\/p>\n<p>Ofrecemos la mejor relaci\u00f3n calidad-precio en todos nuestros m\u00e1s de 8.000 coches de segunda mano.<\/p>\n<p>[\/vc_column_text][\/vc_column_inner][vc_column_inner width=&#8221;4\/12&#8243;][vc_btn title=&#8221;Busca Ahora&#8221; style=&#8221;custom&#8221; custom_background=&#8221;#009fe3&#8243; custom_text=&#8221;#ffffff&#8221; align=&#8221;center&#8221; css=&#8221;&#8221; link=&#8221;url:https%3A%2F%2Fwww.ocasionplus.com%2Fcoches-ocasion%2Falicante|title:Busca%20tu%20Coche%20Ahora&#8221;][\/vc_column_inner][\/vc_row_inner][vc_row_inner el_id=&#8221;logo-placement&#8221; css=&#8221;.vc_custom_1719615816721{margin-top: 2px !important;margin-bottom: 12px !important;}&#8221;][vc_column_inner][vc_single_image image=&#8221;11299&#8243; img_size=&#8221;277&#215;43&#8243; alignment=&#8221;center&#8221; style=&#8221;vc_box_rounded&#8221; css=&#8221;&#8221; el_class=&#8221;logo-component-comprar&#8221;][\/vc_column_inner][\/vc_row_inner][\/vc_column][\/vc_row]<\/p>\n<\/div>","protected":false},"excerpt":{"rendered":"<p>[vc_row][vc_column][vc_column_text css=&#8221;&#8221;] Seg\u00fan los datos proporcionados por OcasionPlus, la firma de Peugeot se convirti\u00f3 en la marca m\u00e1s vendida en Alicante durante el mes de agosto, desplazando a Opel, que hab\u00eda liderado las ventas en julio. El top 3 de marcas m\u00e1s vendidas en agosto lo completan SEAT y Renault. Marca m\u00e1s vendida en Alicante&#8230;<\/p>\n","protected":false},"author":3,"featured_media":9070,"comment_status":"closed","ping_status":"open","sticky":false,"template":"","format":"standard","meta":{"footnotes":""},"categories":[2],"tags":[599,380,392],"class_list":["post-13945","post","type-post","status-publish","format-standard","has-post-thumbnail","hentry","category-ultimas-noticias","tag-alicante","tag-coches-ocasion","tag-peugeot"],"yoast_head":"<!-- This site is optimized with the Yoast SEO Premium plugin v24.8 (Yoast SEO v24.8.1) - https:\/\/yoast.com\/wordpress\/plugins\/seo\/ -->\n<title>Peugeot: marca m\u00e1s vendida en Alicante en agosto<\/title>\n<meta name=\"description\" content=\"En el mercado de coches de segunda mano en Alicante, tres marcas se destacan por encima del resto: Peugeot, Renault y SEAT.\" \/>\n<meta name=\"robots\" content=\"index, follow, max-snippet:-1, max-image-preview:large, max-video-preview:-1\" \/>\n<link rel=\"canonical\" href=\"https:\/\/www.ocasionplus.com\/noticias\/marca-mas-vendida-en-alicante\/\" \/>\n<meta property=\"og:locale\" content=\"es_ES\" \/>\n<meta property=\"og:type\" content=\"article\" \/>\n<meta property=\"og:title\" content=\"Peugeot: lidera como la marca m\u00e1s vendida en Alicante en agosto\" \/>\n<meta property=\"og:description\" content=\"En el mercado de coches de segunda mano en Alicante, tres marcas se destacan por encima del resto: Peugeot, Renault y SEAT.\" \/>\n<meta property=\"og:url\" content=\"https:\/\/www.ocasionplus.com\/noticias\/marca-mas-vendida-en-alicante\/\" \/>\n<meta property=\"og:site_name\" content=\"OcasionPlus Blog\" \/>\n<meta property=\"article:publisher\" content=\"https:\/\/www.facebook.com\/ocasionplus\" \/>\n<meta property=\"article:published_time\" content=\"2024-09-05T10:12:14+00:00\" \/>\n<meta property=\"article:modified_time\" content=\"2025-03-27T09:39:23+00:00\" \/>\n<meta property=\"og:image\" content=\"https:\/\/www.ocasionplus.com\/wp-content\/uploads\/2023\/03\/Peugeot-e-208.jpg\" \/>\n\t<meta property=\"og:image:width\" content=\"1024\" \/>\n\t<meta property=\"og:image:height\" content=\"683\" \/>\n\t<meta property=\"og:image:type\" content=\"image\/jpeg\" \/>\n<meta name=\"author\" content=\"Cristhian Gonz\u00e1lez\" \/>\n<meta name=\"twitter:card\" content=\"summary_large_image\" \/>\n<meta name=\"twitter:creator\" content=\"@ocasionplus\" \/>\n<meta name=\"twitter:site\" content=\"@ocasionplus\" \/>\n<meta name=\"twitter:label1\" content=\"Escrito por\" \/>\n\t<meta name=\"twitter:data1\" content=\"Cristhian Gonz\u00e1lez\" \/>\n\t<meta name=\"twitter:label2\" content=\"Tiempo de lectura\" \/>\n\t<meta name=\"twitter:data2\" content=\"2 minutos\" \/>\n<script type=\"application\/ld+json\" class=\"yoast-schema-graph\">{\"@context\":\"https:\/\/schema.org\",\"@graph\":[{\"@type\":\"Article\",\"@id\":\"https:\/\/www.ocasionplus.com\/noticias\/marca-mas-vendida-en-alicante\/#article\",\"isPartOf\":{\"@id\":\"https:\/\/www.ocasionplus.com\/noticias\/marca-mas-vendida-en-alicante\/\"},\"author\":{\"name\":\"Cristhian Gonz\u00e1lez\",\"@id\":\"https:\/\/www.ocasionplus.com\/noticias\/#\/schema\/person\/db1203be564cc3ded97ad1dbd8aadc5b\"},\"headline\":\"Peugeot: lidera como la marca m\u00e1s vendida en Alicante en agosto\",\"datePublished\":\"2024-09-05T10:12:14+00:00\",\"dateModified\":\"2025-03-27T09:39:23+00:00\",\"mainEntityOfPage\":{\"@id\":\"https:\/\/www.ocasionplus.com\/noticias\/marca-mas-vendida-en-alicante\/\"},\"wordCount\":438,\"publisher\":{\"@id\":\"https:\/\/www.ocasionplus.com\/noticias\/#organization\"},\"image\":{\"@id\":\"https:\/\/www.ocasionplus.com\/noticias\/marca-mas-vendida-en-alicante\/#primaryimage\"},\"thumbnailUrl\":\"https:\/\/www.ocasionplus.com\/wp-content\/uploads\/2023\/03\/Peugeot-e-208.jpg\",\"keywords\":[\"alicante\",\"coches ocasion\",\"peugeot\"],\"articleSection\":[\"\u00daltimas Noticias\"],\"inLanguage\":\"es\",\"copyrightYear\":\"2024\",\"copyrightHolder\":{\"@id\":\"https:\/\/www.ocasionplus.com\/noticias\/#organization\"}},{\"@type\":\"WebPage\",\"@id\":\"https:\/\/www.ocasionplus.com\/noticias\/marca-mas-vendida-en-alicante\/\",\"url\":\"https:\/\/www.ocasionplus.com\/noticias\/marca-mas-vendida-en-alicante\/\",\"name\":\"Peugeot: marca m\u00e1s vendida en Alicante en agosto\",\"isPartOf\":{\"@id\":\"https:\/\/www.ocasionplus.com\/noticias\/#website\"},\"primaryImageOfPage\":{\"@id\":\"https:\/\/www.ocasionplus.com\/noticias\/marca-mas-vendida-en-alicante\/#primaryimage\"},\"image\":{\"@id\":\"https:\/\/www.ocasionplus.com\/noticias\/marca-mas-vendida-en-alicante\/#primaryimage\"},\"thumbnailUrl\":\"https:\/\/www.ocasionplus.com\/wp-content\/uploads\/2023\/03\/Peugeot-e-208.jpg\",\"datePublished\":\"2024-09-05T10:12:14+00:00\",\"dateModified\":\"2025-03-27T09:39:23+00:00\",\"description\":\"En el mercado de coches de segunda mano en Alicante, tres marcas se destacan por encima del resto: Peugeot, Renault y SEAT.\",\"breadcrumb\":{\"@id\":\"https:\/\/www.ocasionplus.com\/noticias\/marca-mas-vendida-en-alicante\/#breadcrumb\"},\"inLanguage\":\"es\",\"potentialAction\":[{\"@type\":\"ReadAction\",\"target\":[\"https:\/\/www.ocasionplus.com\/noticias\/marca-mas-vendida-en-alicante\/\"]}]},{\"@type\":\"ImageObject\",\"inLanguage\":\"es\",\"@id\":\"https:\/\/www.ocasionplus.com\/noticias\/marca-mas-vendida-en-alicante\/#primaryimage\",\"url\":\"https:\/\/www.ocasionplus.com\/wp-content\/uploads\/2023\/03\/Peugeot-e-208.jpg\",\"contentUrl\":\"https:\/\/www.ocasionplus.com\/wp-content\/uploads\/2023\/03\/Peugeot-e-208.jpg\",\"width\":1024,\"height\":683,\"caption\":\"El Peugeot 208 es un coche peque\u00f1o, elegante y bien dise\u00f1ado\"},{\"@type\":\"BreadcrumbList\",\"@id\":\"https:\/\/www.ocasionplus.com\/noticias\/marca-mas-vendida-en-alicante\/#breadcrumb\",\"itemListElement\":[{\"@type\":\"ListItem\",\"position\":1,\"name\":\"Portada\",\"item\":\"https:\/\/www.ocasionplus.com\/noticias\/\"},{\"@type\":\"ListItem\",\"position\":2,\"name\":\"Peugeot: lidera como la marca m\u00e1s vendida en Alicante en agosto\"}]},{\"@type\":\"WebSite\",\"@id\":\"https:\/\/www.ocasionplus.com\/noticias\/#website\",\"url\":\"https:\/\/www.ocasionplus.com\/noticias\/\",\"name\":\"OcasionPlus Blog\",\"description\":\"Veh\u00edculos de ocasi\u00f3n\",\"publisher\":{\"@id\":\"https:\/\/www.ocasionplus.com\/noticias\/#organization\"},\"potentialAction\":[{\"@type\":\"SearchAction\",\"target\":{\"@type\":\"EntryPoint\",\"urlTemplate\":\"https:\/\/www.ocasionplus.com\/noticias\/?s={search_term_string}\"},\"query-input\":{\"@type\":\"PropertyValueSpecification\",\"valueRequired\":true,\"valueName\":\"search_term_string\"}}],\"inLanguage\":\"es\"},{\"@type\":\"Organization\",\"@id\":\"https:\/\/www.ocasionplus.com\/noticias\/#organization\",\"name\":\"OcasionPlus\",\"url\":\"https:\/\/www.ocasionplus.com\/noticias\/\",\"logo\":{\"@type\":\"ImageObject\",\"inLanguage\":\"es\",\"@id\":\"https:\/\/www.ocasionplus.com\/noticias\/#\/schema\/logo\/image\/\",\"url\":\"https:\/\/www.ocasionplus.com\/wp-content\/uploads\/2024\/05\/cropped-cropped-oplus-logo-blog.png\",\"contentUrl\":\"https:\/\/www.ocasionplus.com\/wp-content\/uploads\/2024\/05\/cropped-cropped-oplus-logo-blog.png\",\"width\":360,\"height\":71,\"caption\":\"OcasionPlus\"},\"image\":{\"@id\":\"https:\/\/www.ocasionplus.com\/noticias\/#\/schema\/logo\/image\/\"},\"sameAs\":[\"https:\/\/www.facebook.com\/ocasionplus\",\"https:\/\/x.com\/ocasionplus\",\"https:\/\/www.instagram.com\/ocasion_plus\",\"https:\/\/www.youtube.com\/channel\/UCBiCAto61Lyu27CgI95wrYQ\",\"https:\/\/www.tiktok.com\/@ocasionplus.com\",\"https:\/\/es.linkedin.com\/company\/ocasionplus\"]},{\"@type\":\"Person\",\"@id\":\"https:\/\/www.ocasionplus.com\/noticias\/#\/schema\/person\/db1203be564cc3ded97ad1dbd8aadc5b\",\"name\":\"Cristhian Gonz\u00e1lez\",\"image\":{\"@type\":\"ImageObject\",\"inLanguage\":\"es\",\"@id\":\"https:\/\/www.ocasionplus.com\/noticias\/#\/schema\/person\/image\/\",\"url\":\"https:\/\/secure.gravatar.com\/avatar\/30c0388f0815fd0ab8fb4cfad29866ac?s=96&d=mm&r=g\",\"contentUrl\":\"https:\/\/secure.gravatar.com\/avatar\/30c0388f0815fd0ab8fb4cfad29866ac?s=96&d=mm&r=g\",\"caption\":\"Cristhian Gonz\u00e1lez\"},\"description\":\"Periodista formado en Colombia. Siempre vinculado al deporte y con pasi\u00f3n por los coches. He asistido y cubierto diferentes eventos deportivos para diferentes medios de comunicaci\u00f3n.\"}]}<\/script>\n<!-- \/ Yoast SEO Premium plugin. -->","yoast_head_json":{"title":"Peugeot: marca m\u00e1s vendida en Alicante en agosto","description":"En el mercado de coches de segunda mano en Alicante, tres marcas se destacan por encima del resto: Peugeot, Renault y SEAT.","robots":{"index":"index","follow":"follow","max-snippet":"max-snippet:-1","max-image-preview":"max-image-preview:large","max-video-preview":"max-video-preview:-1"},"canonical":"https:\/\/www.ocasionplus.com\/noticias\/marca-mas-vendida-en-alicante\/","og_locale":"es_ES","og_type":"article","og_title":"Peugeot: lidera como la marca m\u00e1s vendida en Alicante en agosto","og_description":"En el mercado de coches de segunda mano en Alicante, tres marcas se destacan por encima del resto: Peugeot, Renault y SEAT.","og_url":"https:\/\/www.ocasionplus.com\/noticias\/marca-mas-vendida-en-alicante\/","og_site_name":"OcasionPlus Blog","article_publisher":"https:\/\/www.facebook.com\/ocasionplus","article_published_time":"2024-09-05T10:12:14+00:00","article_modified_time":"2025-03-27T09:39:23+00:00","og_image":[{"width":1024,"height":683,"url":"https:\/\/www.ocasionplus.com\/wp-content\/uploads\/2023\/03\/Peugeot-e-208.jpg","type":"image\/jpeg"}],"author":"Cristhian Gonz\u00e1lez","twitter_card":"summary_large_image","twitter_creator":"@ocasionplus","twitter_site":"@ocasionplus","twitter_misc":{"Escrito por":"Cristhian Gonz\u00e1lez","Tiempo de lectura":"2 minutos"},"schema":{"@context":"https:\/\/schema.org","@graph":[{"@type":"Article","@id":"https:\/\/www.ocasionplus.com\/noticias\/marca-mas-vendida-en-alicante\/#article","isPartOf":{"@id":"https:\/\/www.ocasionplus.com\/noticias\/marca-mas-vendida-en-alicante\/"},"author":{"name":"Cristhian Gonz\u00e1lez","@id":"https:\/\/www.ocasionplus.com\/noticias\/#\/schema\/person\/db1203be564cc3ded97ad1dbd8aadc5b"},"headline":"Peugeot: lidera como la marca m\u00e1s vendida en Alicante en agosto","datePublished":"2024-09-05T10:12:14+00:00","dateModified":"2025-03-27T09:39:23+00:00","mainEntityOfPage":{"@id":"https:\/\/www.ocasionplus.com\/noticias\/marca-mas-vendida-en-alicante\/"},"wordCount":438,"publisher":{"@id":"https:\/\/www.ocasionplus.com\/noticias\/#organization"},"image":{"@id":"https:\/\/www.ocasionplus.com\/noticias\/marca-mas-vendida-en-alicante\/#primaryimage"},"thumbnailUrl":"https:\/\/www.ocasionplus.com\/wp-content\/uploads\/2023\/03\/Peugeot-e-208.jpg","keywords":["alicante","coches ocasion","peugeot"],"articleSection":["\u00daltimas Noticias"],"inLanguage":"es","copyrightYear":"2024","copyrightHolder":{"@id":"https:\/\/www.ocasionplus.com\/noticias\/#organization"}},{"@type":"WebPage","@id":"https:\/\/www.ocasionplus.com\/noticias\/marca-mas-vendida-en-alicante\/","url":"https:\/\/www.ocasionplus.com\/noticias\/marca-mas-vendida-en-alicante\/","name":"Peugeot: marca m\u00e1s vendida en Alicante en agosto","isPartOf":{"@id":"https:\/\/www.ocasionplus.com\/noticias\/#website"},"primaryImageOfPage":{"@id":"https:\/\/www.ocasionplus.com\/noticias\/marca-mas-vendida-en-alicante\/#primaryimage"},"image":{"@id":"https:\/\/www.ocasionplus.com\/noticias\/marca-mas-vendida-en-alicante\/#primaryimage"},"thumbnailUrl":"https:\/\/www.ocasionplus.com\/wp-content\/uploads\/2023\/03\/Peugeot-e-208.jpg","datePublished":"2024-09-05T10:12:14+00:00","dateModified":"2025-03-27T09:39:23+00:00","description":"En el mercado de coches de segunda mano en Alicante, tres marcas se destacan por encima del resto: Peugeot, Renault y SEAT.","breadcrumb":{"@id":"https:\/\/www.ocasionplus.com\/noticias\/marca-mas-vendida-en-alicante\/#breadcrumb"},"inLanguage":"es","potentialAction":[{"@type":"ReadAction","target":["https:\/\/www.ocasionplus.com\/noticias\/marca-mas-vendida-en-alicante\/"]}]},{"@type":"ImageObject","inLanguage":"es","@id":"https:\/\/www.ocasionplus.com\/noticias\/marca-mas-vendida-en-alicante\/#primaryimage","url":"https:\/\/www.ocasionplus.com\/wp-content\/uploads\/2023\/03\/Peugeot-e-208.jpg","contentUrl":"https:\/\/www.ocasionplus.com\/wp-content\/uploads\/2023\/03\/Peugeot-e-208.jpg","width":1024,"height":683,"caption":"El Peugeot 208 es un coche peque\u00f1o, elegante y bien dise\u00f1ado"},{"@type":"BreadcrumbList","@id":"https:\/\/www.ocasionplus.com\/noticias\/marca-mas-vendida-en-alicante\/#breadcrumb","itemListElement":[{"@type":"ListItem","position":1,"name":"Portada","item":"https:\/\/www.ocasionplus.com\/noticias\/"},{"@type":"ListItem","position":2,"name":"Peugeot: lidera como la marca m\u00e1s vendida en Alicante en agosto"}]},{"@type":"WebSite","@id":"https:\/\/www.ocasionplus.com\/noticias\/#website","url":"https:\/\/www.ocasionplus.com\/noticias\/","name":"OcasionPlus Blog","description":"Veh\u00edculos de ocasi\u00f3n","publisher":{"@id":"https:\/\/www.ocasionplus.com\/noticias\/#organization"},"potentialAction":[{"@type":"SearchAction","target":{"@type":"EntryPoint","urlTemplate":"https:\/\/www.ocasionplus.com\/noticias\/?s={search_term_string}"},"query-input":{"@type":"PropertyValueSpecification","valueRequired":true,"valueName":"search_term_string"}}],"inLanguage":"es"},{"@type":"Organization","@id":"https:\/\/www.ocasionplus.com\/noticias\/#organization","name":"OcasionPlus","url":"https:\/\/www.ocasionplus.com\/noticias\/","logo":{"@type":"ImageObject","inLanguage":"es","@id":"https:\/\/www.ocasionplus.com\/noticias\/#\/schema\/logo\/image\/","url":"https:\/\/www.ocasionplus.com\/wp-content\/uploads\/2024\/05\/cropped-cropped-oplus-logo-blog.png","contentUrl":"https:\/\/www.ocasionplus.com\/wp-content\/uploads\/2024\/05\/cropped-cropped-oplus-logo-blog.png","width":360,"height":71,"caption":"OcasionPlus"},"image":{"@id":"https:\/\/www.ocasionplus.com\/noticias\/#\/schema\/logo\/image\/"},"sameAs":["https:\/\/www.facebook.com\/ocasionplus","https:\/\/x.com\/ocasionplus","https:\/\/www.instagram.com\/ocasion_plus","https:\/\/www.youtube.com\/channel\/UCBiCAto61Lyu27CgI95wrYQ","https:\/\/www.tiktok.com\/@ocasionplus.com","https:\/\/es.linkedin.com\/company\/ocasionplus"]},{"@type":"Person","@id":"https:\/\/www.ocasionplus.com\/noticias\/#\/schema\/person\/db1203be564cc3ded97ad1dbd8aadc5b","name":"Cristhian Gonz\u00e1lez","image":{"@type":"ImageObject","inLanguage":"es","@id":"https:\/\/www.ocasionplus.com\/noticias\/#\/schema\/person\/image\/","url":"https:\/\/secure.gravatar.com\/avatar\/30c0388f0815fd0ab8fb4cfad29866ac?s=96&d=mm&r=g","contentUrl":"https:\/\/secure.gravatar.com\/avatar\/30c0388f0815fd0ab8fb4cfad29866ac?s=96&d=mm&r=g","caption":"Cristhian Gonz\u00e1lez"},"description":"Periodista formado en Colombia. Siempre vinculado al deporte y con pasi\u00f3n por los coches. He asistido y cubierto diferentes eventos deportivos para diferentes medios de comunicaci\u00f3n."}]}},"jetpack_featured_media_url":"https:\/\/www.ocasionplus.com\/wp-content\/uploads\/2023\/03\/Peugeot-e-208.jpg","_links":{"self":[{"href":"https:\/\/www.ocasionplus.com\/noticias\/wp-json\/wp\/v2\/posts\/13945","targetHints":{"allow":["GET"]}}],"collection":[{"href":"https:\/\/www.ocasionplus.com\/noticias\/wp-json\/wp\/v2\/posts"}],"about":[{"href":"https:\/\/www.ocasionplus.com\/noticias\/wp-json\/wp\/v2\/types\/post"}],"author":[{"embeddable":true,"href":"https:\/\/www.ocasionplus.com\/noticias\/wp-json\/wp\/v2\/users\/3"}],"replies":[{"embeddable":true,"href":"https:\/\/www.ocasionplus.com\/noticias\/wp-json\/wp\/v2\/comments?post=13945"}],"version-history":[{"count":4,"href":"https:\/\/www.ocasionplus.com\/noticias\/wp-json\/wp\/v2\/posts\/13945\/revisions"}],"predecessor-version":[{"id":14216,"href":"https:\/\/www.ocasionplus.com\/noticias\/wp-json\/wp\/v2\/posts\/13945\/revisions\/14216"}],"wp:featuredmedia":[{"embeddable":true,"href":"https:\/\/www.ocasionplus.com\/noticias\/wp-json\/wp\/v2\/media\/9070"}],"wp:attachment":[{"href":"https:\/\/www.ocasionplus.com\/noticias\/wp-json\/wp\/v2\/media?parent=13945"}],"wp:term":[{"taxonomy":"category","embeddable":true,"href":"https:\/\/www.ocasionplus.com\/noticias\/wp-json\/wp\/v2\/categories?post=13945"},{"taxonomy":"post_tag","embeddable":true,"href":"https:\/\/www.ocasionplus.com\/noticias\/wp-json\/wp\/v2\/tags?post=13945"}],"curies":[{"name":"wp","href":"https:\/\/api.w.org\/{rel}","templated":true}]}}