{"id":13961,"date":"2024-08-20T11:14:14","date_gmt":"2024-08-20T09:14:14","guid":{"rendered":"https:\/\/www.ocasionplus.com\/noticias\/?p=13961"},"modified":"2025-03-27T10:40:55","modified_gmt":"2025-03-27T09:40:55","slug":"carroceria-mas-vendida-en-barcelona","status":"publish","type":"post","link":"https:\/\/www.ocasionplus.com\/noticias\/carroceria-mas-vendida-en-barcelona\/","title":{"rendered":"Los coches compactos de segunda mano en Barcelona lideran las ventas de julio"},"content":{"rendered":"<div class=\"wpb-content-wrapper\"><p>[vc_row][vc_column][vc_column_text]Los <a href=\"https:\/\/www.ocasionplus.com\/coches-ocasion\/compacto\">coches compactos de segunda mano<\/a> en Barcelona son los favoritos de los compradores barceloneses durante julio. Seg\u00fan los datos recientes de OcasionPlus con respecto al mercado de <a href=\"https:\/\/www.ocasionplus.com\/coches-ocasion\/barcelona\">coches de segunda mano en Barcelona<\/a>, en el mes de julio <strong>se vendieron m\u00e1s de 109 coches compactos<\/strong>, superando ligeramente a los SUV, que alcanzaron las 108 unidades vendidas.<\/p>\n<h2>Los coches compacto de segunda mano en Barcelona<\/h2>\n<p>La popularidad de los <strong>coches compactos en Barcelona<\/strong> no es casualidad. Estos veh\u00edculos ofrecen una serie de ventajas, que los convierten en una gran opci\u00f3n para la ciudad. En primer lugar, su tama\u00f1o reducido facilita el aparcamiento en las estrechas calles de la ciudad y en los concurridos aparcamientos p\u00fablicos. Adem\u00e1s, de ser unos coches que ofrece un bajo consumo de combustible.<\/p>\n<p>Por otro lado, los <a href=\"https:\/\/www.ocasionplus.com\/coches-ocasion\/todoterreno\">SUV o todoterreno<\/a> tienen su atractivo particular. Su tama\u00f1o es un poco mayor, al compararlo con los compactos, pero ofrecen una mayor capacidad de carga y una posici\u00f3n de conducci\u00f3n elevada que proporciona una mejor visibilidad del tr\u00e1fico. Estos veh\u00edculos son perfectos para viajes en familia o actividades al aire libre.<\/p>\n<h2>Coches de ocasi\u00f3n<\/h2>\n<p>Tanto los coches compactos como los todoterreno tienen sus propias ventajas y han demostrado ser opciones populares entre los compradores de veh\u00edculos de segunda mano en Barcelona.<\/p>\n<p>Si est\u00e1s considerando adquirir un <a href=\"https:\/\/www.ocasionplus.com\/coches-ocasion\">coche de segunda mano<\/a>, OcasionPlus te ofrece una amplia variedad de opciones para que encuentres el veh\u00edculo que mejor se adapte a tus necesidades. \u00a1No esperes m\u00e1s y visita OcasionPlus para descubrir tu pr\u00f3ximo coche![\/vc_column_text][\/vc_column][\/vc_row][vc_row el_class=&#8221;comprar-coche-CTA&#8221;][vc_column][vc_custom_heading text=&#8221;Encuentra tu coche de ocasi\u00f3n en Barcelona al mejor precio&#8221; use_theme_fonts=&#8221;yes&#8221; css=&#8221;&#8221;][vc_row_inner][vc_column_inner width=&#8221;8\/12&#8243;][vc_column_text css=&#8221;&#8221;]<\/p>\n<p>Ofrecemos la mejor relaci\u00f3n calidad-precio en todos nuestros m\u00e1s de 8.000 coches de segunda mano.<\/p>\n<p>[\/vc_column_text][\/vc_column_inner][vc_column_inner width=&#8221;4\/12&#8243;][vc_btn title=&#8221;Busca Ahora&#8221; style=&#8221;custom&#8221; custom_background=&#8221;#009fe3&#8243; custom_text=&#8221;#ffffff&#8221; align=&#8221;center&#8221; css=&#8221;&#8221; link=&#8221;url:https%3A%2F%2Fwww.ocasionplus.com%2Fcoches-ocasion%2Fbarcelona|title:Busca%20tu%20Coche%20Ahora&#8221;][\/vc_column_inner][\/vc_row_inner][vc_row_inner el_id=&#8221;logo-placement&#8221; css=&#8221;.vc_custom_1719615816721{margin-top: 2px !important;margin-bottom: 12px !important;}&#8221;][vc_column_inner][vc_single_image image=&#8221;11299&#8243; img_size=&#8221;277&#215;43&#8243; alignment=&#8221;center&#8221; style=&#8221;vc_box_rounded&#8221; css=&#8221;&#8221; el_class=&#8221;logo-component-comprar&#8221;][\/vc_column_inner][\/vc_row_inner][\/vc_column][\/vc_row]<\/p>\n<\/div>","protected":false},"excerpt":{"rendered":"<p>[vc_row][vc_column][vc_column_text]Los coches compactos de segunda mano en Barcelona son los favoritos de los compradores barceloneses durante julio. Seg\u00fan los datos recientes de OcasionPlus con respecto al mercado de coches de segunda mano en Barcelona, en el mes de julio se vendieron m\u00e1s de 109 coches compactos, superando ligeramente a los SUV, que alcanzaron las 108&#8230;<\/p>\n","protected":false},"author":3,"featured_media":11925,"comment_status":"closed","ping_status":"open","sticky":false,"template":"","format":"standard","meta":{"footnotes":""},"categories":[2],"tags":[407,380,529],"class_list":["post-13961","post","type-post","status-publish","format-standard","has-post-thumbnail","hentry","category-ultimas-noticias","tag-barcelona","tag-coches-ocasion","tag-compacto"],"yoast_head":"<!-- This site is optimized with the Yoast SEO Premium plugin v24.8 (Yoast SEO v24.8.1) - https:\/\/yoast.com\/wordpress\/plugins\/seo\/ -->\n<title>Los coches compactos de segunda mano en Barcelona lideran ventas<\/title>\n<meta name=\"description\" content=\"Los coches compactos de segunda mano en Barcelona son los favoritos de los compradores barceloneses durante julio.\" \/>\n<meta name=\"robots\" content=\"index, follow, max-snippet:-1, max-image-preview:large, max-video-preview:-1\" \/>\n<link rel=\"canonical\" href=\"https:\/\/www.ocasionplus.com\/noticias\/carroceria-mas-vendida-en-barcelona\/\" \/>\n<meta property=\"og:locale\" content=\"es_ES\" \/>\n<meta property=\"og:type\" content=\"article\" \/>\n<meta property=\"og:title\" content=\"Los coches compactos de segunda mano en Barcelona lideran las ventas de julio\" \/>\n<meta property=\"og:description\" content=\"Los coches compactos de segunda mano en Barcelona son los favoritos de los compradores barceloneses durante julio.\" \/>\n<meta property=\"og:url\" content=\"https:\/\/www.ocasionplus.com\/noticias\/carroceria-mas-vendida-en-barcelona\/\" \/>\n<meta property=\"og:site_name\" content=\"OcasionPlus Blog\" \/>\n<meta property=\"article:publisher\" content=\"https:\/\/www.facebook.com\/ocasionplus\" \/>\n<meta property=\"article:published_time\" content=\"2024-08-20T09:14:14+00:00\" \/>\n<meta property=\"article:modified_time\" content=\"2025-03-27T09:40:55+00:00\" \/>\n<meta property=\"og:image\" content=\"https:\/\/www.ocasionplus.com\/wp-content\/uploads\/2024\/06\/top_10_volkswagen_segunda_mano_golf.jpg\" \/>\n\t<meta property=\"og:image:width\" content=\"1242\" \/>\n\t<meta property=\"og:image:height\" content=\"800\" \/>\n\t<meta property=\"og:image:type\" content=\"image\/jpeg\" \/>\n<meta name=\"author\" content=\"Cristhian Gonz\u00e1lez\" \/>\n<meta name=\"twitter:card\" content=\"summary_large_image\" \/>\n<meta name=\"twitter:creator\" content=\"@ocasionplus\" \/>\n<meta name=\"twitter:site\" content=\"@ocasionplus\" \/>\n<meta name=\"twitter:label1\" content=\"Escrito por\" \/>\n\t<meta name=\"twitter:data1\" content=\"Cristhian Gonz\u00e1lez\" \/>\n\t<meta name=\"twitter:label2\" content=\"Tiempo de lectura\" \/>\n\t<meta name=\"twitter:data2\" content=\"2 minutos\" \/>\n<script type=\"application\/ld+json\" class=\"yoast-schema-graph\">{\"@context\":\"https:\/\/schema.org\",\"@graph\":[{\"@type\":\"Article\",\"@id\":\"https:\/\/www.ocasionplus.com\/noticias\/carroceria-mas-vendida-en-barcelona\/#article\",\"isPartOf\":{\"@id\":\"https:\/\/www.ocasionplus.com\/noticias\/carroceria-mas-vendida-en-barcelona\/\"},\"author\":{\"name\":\"Cristhian Gonz\u00e1lez\",\"@id\":\"https:\/\/www.ocasionplus.com\/noticias\/#\/schema\/person\/db1203be564cc3ded97ad1dbd8aadc5b\"},\"headline\":\"Los coches compactos de segunda mano en Barcelona lideran las ventas de julio\",\"datePublished\":\"2024-08-20T09:14:14+00:00\",\"dateModified\":\"2025-03-27T09:40:55+00:00\",\"mainEntityOfPage\":{\"@id\":\"https:\/\/www.ocasionplus.com\/noticias\/carroceria-mas-vendida-en-barcelona\/\"},\"wordCount\":441,\"publisher\":{\"@id\":\"https:\/\/www.ocasionplus.com\/noticias\/#organization\"},\"image\":{\"@id\":\"https:\/\/www.ocasionplus.com\/noticias\/carroceria-mas-vendida-en-barcelona\/#primaryimage\"},\"thumbnailUrl\":\"https:\/\/www.ocasionplus.com\/wp-content\/uploads\/2024\/06\/top_10_volkswagen_segunda_mano_golf.jpg\",\"keywords\":[\"barcelona\",\"coches ocasion\",\"compacto\"],\"articleSection\":[\"\u00daltimas Noticias\"],\"inLanguage\":\"es\",\"copyrightYear\":\"2024\",\"copyrightHolder\":{\"@id\":\"https:\/\/www.ocasionplus.com\/noticias\/#organization\"}},{\"@type\":\"WebPage\",\"@id\":\"https:\/\/www.ocasionplus.com\/noticias\/carroceria-mas-vendida-en-barcelona\/\",\"url\":\"https:\/\/www.ocasionplus.com\/noticias\/carroceria-mas-vendida-en-barcelona\/\",\"name\":\"Los coches compactos de segunda mano en Barcelona lideran ventas\",\"isPartOf\":{\"@id\":\"https:\/\/www.ocasionplus.com\/noticias\/#website\"},\"primaryImageOfPage\":{\"@id\":\"https:\/\/www.ocasionplus.com\/noticias\/carroceria-mas-vendida-en-barcelona\/#primaryimage\"},\"image\":{\"@id\":\"https:\/\/www.ocasionplus.com\/noticias\/carroceria-mas-vendida-en-barcelona\/#primaryimage\"},\"thumbnailUrl\":\"https:\/\/www.ocasionplus.com\/wp-content\/uploads\/2024\/06\/top_10_volkswagen_segunda_mano_golf.jpg\",\"datePublished\":\"2024-08-20T09:14:14+00:00\",\"dateModified\":\"2025-03-27T09:40:55+00:00\",\"description\":\"Los coches compactos de segunda mano en Barcelona son los favoritos de los compradores barceloneses durante julio.\",\"breadcrumb\":{\"@id\":\"https:\/\/www.ocasionplus.com\/noticias\/carroceria-mas-vendida-en-barcelona\/#breadcrumb\"},\"inLanguage\":\"es\",\"potentialAction\":[{\"@type\":\"ReadAction\",\"target\":[\"https:\/\/www.ocasionplus.com\/noticias\/carroceria-mas-vendida-en-barcelona\/\"]}]},{\"@type\":\"ImageObject\",\"inLanguage\":\"es\",\"@id\":\"https:\/\/www.ocasionplus.com\/noticias\/carroceria-mas-vendida-en-barcelona\/#primaryimage\",\"url\":\"https:\/\/www.ocasionplus.com\/wp-content\/uploads\/2024\/06\/top_10_volkswagen_segunda_mano_golf.jpg\",\"contentUrl\":\"https:\/\/www.ocasionplus.com\/wp-content\/uploads\/2024\/06\/top_10_volkswagen_segunda_mano_golf.jpg\",\"width\":1242,\"height\":800,\"caption\":\"El Volkswagen Golf es uno de los veh\u00edculos m\u00e1s vendidos de la marca alemana\"},{\"@type\":\"BreadcrumbList\",\"@id\":\"https:\/\/www.ocasionplus.com\/noticias\/carroceria-mas-vendida-en-barcelona\/#breadcrumb\",\"itemListElement\":[{\"@type\":\"ListItem\",\"position\":1,\"name\":\"Portada\",\"item\":\"https:\/\/www.ocasionplus.com\/noticias\/\"},{\"@type\":\"ListItem\",\"position\":2,\"name\":\"Los coches compactos de segunda mano en Barcelona lideran las ventas de julio\"}]},{\"@type\":\"WebSite\",\"@id\":\"https:\/\/www.ocasionplus.com\/noticias\/#website\",\"url\":\"https:\/\/www.ocasionplus.com\/noticias\/\",\"name\":\"OcasionPlus Blog\",\"description\":\"Veh\u00edculos de ocasi\u00f3n\",\"publisher\":{\"@id\":\"https:\/\/www.ocasionplus.com\/noticias\/#organization\"},\"potentialAction\":[{\"@type\":\"SearchAction\",\"target\":{\"@type\":\"EntryPoint\",\"urlTemplate\":\"https:\/\/www.ocasionplus.com\/noticias\/?s={search_term_string}\"},\"query-input\":{\"@type\":\"PropertyValueSpecification\",\"valueRequired\":true,\"valueName\":\"search_term_string\"}}],\"inLanguage\":\"es\"},{\"@type\":\"Organization\",\"@id\":\"https:\/\/www.ocasionplus.com\/noticias\/#organization\",\"name\":\"OcasionPlus\",\"url\":\"https:\/\/www.ocasionplus.com\/noticias\/\",\"logo\":{\"@type\":\"ImageObject\",\"inLanguage\":\"es\",\"@id\":\"https:\/\/www.ocasionplus.com\/noticias\/#\/schema\/logo\/image\/\",\"url\":\"https:\/\/www.ocasionplus.com\/wp-content\/uploads\/2024\/05\/cropped-cropped-oplus-logo-blog.png\",\"contentUrl\":\"https:\/\/www.ocasionplus.com\/wp-content\/uploads\/2024\/05\/cropped-cropped-oplus-logo-blog.png\",\"width\":360,\"height\":71,\"caption\":\"OcasionPlus\"},\"image\":{\"@id\":\"https:\/\/www.ocasionplus.com\/noticias\/#\/schema\/logo\/image\/\"},\"sameAs\":[\"https:\/\/www.facebook.com\/ocasionplus\",\"https:\/\/x.com\/ocasionplus\",\"https:\/\/www.instagram.com\/ocasion_plus\",\"https:\/\/www.youtube.com\/channel\/UCBiCAto61Lyu27CgI95wrYQ\",\"https:\/\/www.tiktok.com\/@ocasionplus.com\",\"https:\/\/es.linkedin.com\/company\/ocasionplus\"]},{\"@type\":\"Person\",\"@id\":\"https:\/\/www.ocasionplus.com\/noticias\/#\/schema\/person\/db1203be564cc3ded97ad1dbd8aadc5b\",\"name\":\"Cristhian Gonz\u00e1lez\",\"image\":{\"@type\":\"ImageObject\",\"inLanguage\":\"es\",\"@id\":\"https:\/\/www.ocasionplus.com\/noticias\/#\/schema\/person\/image\/\",\"url\":\"https:\/\/secure.gravatar.com\/avatar\/30c0388f0815fd0ab8fb4cfad29866ac?s=96&d=mm&r=g\",\"contentUrl\":\"https:\/\/secure.gravatar.com\/avatar\/30c0388f0815fd0ab8fb4cfad29866ac?s=96&d=mm&r=g\",\"caption\":\"Cristhian Gonz\u00e1lez\"},\"description\":\"Periodista formado en Colombia. Siempre vinculado al deporte y con pasi\u00f3n por los coches. He asistido y cubierto diferentes eventos deportivos para diferentes medios de comunicaci\u00f3n.\"}]}<\/script>\n<!-- \/ Yoast SEO Premium plugin. -->","yoast_head_json":{"title":"Los coches compactos de segunda mano en Barcelona lideran ventas","description":"Los coches compactos de segunda mano en Barcelona son los favoritos de los compradores barceloneses durante julio.","robots":{"index":"index","follow":"follow","max-snippet":"max-snippet:-1","max-image-preview":"max-image-preview:large","max-video-preview":"max-video-preview:-1"},"canonical":"https:\/\/www.ocasionplus.com\/noticias\/carroceria-mas-vendida-en-barcelona\/","og_locale":"es_ES","og_type":"article","og_title":"Los coches compactos de segunda mano en Barcelona lideran las ventas de julio","og_description":"Los coches compactos de segunda mano en Barcelona son los favoritos de los compradores barceloneses durante julio.","og_url":"https:\/\/www.ocasionplus.com\/noticias\/carroceria-mas-vendida-en-barcelona\/","og_site_name":"OcasionPlus Blog","article_publisher":"https:\/\/www.facebook.com\/ocasionplus","article_published_time":"2024-08-20T09:14:14+00:00","article_modified_time":"2025-03-27T09:40:55+00:00","og_image":[{"width":1242,"height":800,"url":"https:\/\/www.ocasionplus.com\/wp-content\/uploads\/2024\/06\/top_10_volkswagen_segunda_mano_golf.jpg","type":"image\/jpeg"}],"author":"Cristhian Gonz\u00e1lez","twitter_card":"summary_large_image","twitter_creator":"@ocasionplus","twitter_site":"@ocasionplus","twitter_misc":{"Escrito por":"Cristhian Gonz\u00e1lez","Tiempo de lectura":"2 minutos"},"schema":{"@context":"https:\/\/schema.org","@graph":[{"@type":"Article","@id":"https:\/\/www.ocasionplus.com\/noticias\/carroceria-mas-vendida-en-barcelona\/#article","isPartOf":{"@id":"https:\/\/www.ocasionplus.com\/noticias\/carroceria-mas-vendida-en-barcelona\/"},"author":{"name":"Cristhian Gonz\u00e1lez","@id":"https:\/\/www.ocasionplus.com\/noticias\/#\/schema\/person\/db1203be564cc3ded97ad1dbd8aadc5b"},"headline":"Los coches compactos de segunda mano en Barcelona lideran las ventas de julio","datePublished":"2024-08-20T09:14:14+00:00","dateModified":"2025-03-27T09:40:55+00:00","mainEntityOfPage":{"@id":"https:\/\/www.ocasionplus.com\/noticias\/carroceria-mas-vendida-en-barcelona\/"},"wordCount":441,"publisher":{"@id":"https:\/\/www.ocasionplus.com\/noticias\/#organization"},"image":{"@id":"https:\/\/www.ocasionplus.com\/noticias\/carroceria-mas-vendida-en-barcelona\/#primaryimage"},"thumbnailUrl":"https:\/\/www.ocasionplus.com\/wp-content\/uploads\/2024\/06\/top_10_volkswagen_segunda_mano_golf.jpg","keywords":["barcelona","coches ocasion","compacto"],"articleSection":["\u00daltimas Noticias"],"inLanguage":"es","copyrightYear":"2024","copyrightHolder":{"@id":"https:\/\/www.ocasionplus.com\/noticias\/#organization"}},{"@type":"WebPage","@id":"https:\/\/www.ocasionplus.com\/noticias\/carroceria-mas-vendida-en-barcelona\/","url":"https:\/\/www.ocasionplus.com\/noticias\/carroceria-mas-vendida-en-barcelona\/","name":"Los coches compactos de segunda mano en Barcelona lideran ventas","isPartOf":{"@id":"https:\/\/www.ocasionplus.com\/noticias\/#website"},"primaryImageOfPage":{"@id":"https:\/\/www.ocasionplus.com\/noticias\/carroceria-mas-vendida-en-barcelona\/#primaryimage"},"image":{"@id":"https:\/\/www.ocasionplus.com\/noticias\/carroceria-mas-vendida-en-barcelona\/#primaryimage"},"thumbnailUrl":"https:\/\/www.ocasionplus.com\/wp-content\/uploads\/2024\/06\/top_10_volkswagen_segunda_mano_golf.jpg","datePublished":"2024-08-20T09:14:14+00:00","dateModified":"2025-03-27T09:40:55+00:00","description":"Los coches compactos de segunda mano en Barcelona son los favoritos de los compradores barceloneses durante julio.","breadcrumb":{"@id":"https:\/\/www.ocasionplus.com\/noticias\/carroceria-mas-vendida-en-barcelona\/#breadcrumb"},"inLanguage":"es","potentialAction":[{"@type":"ReadAction","target":["https:\/\/www.ocasionplus.com\/noticias\/carroceria-mas-vendida-en-barcelona\/"]}]},{"@type":"ImageObject","inLanguage":"es","@id":"https:\/\/www.ocasionplus.com\/noticias\/carroceria-mas-vendida-en-barcelona\/#primaryimage","url":"https:\/\/www.ocasionplus.com\/wp-content\/uploads\/2024\/06\/top_10_volkswagen_segunda_mano_golf.jpg","contentUrl":"https:\/\/www.ocasionplus.com\/wp-content\/uploads\/2024\/06\/top_10_volkswagen_segunda_mano_golf.jpg","width":1242,"height":800,"caption":"El Volkswagen Golf es uno de los veh\u00edculos m\u00e1s vendidos de la marca alemana"},{"@type":"BreadcrumbList","@id":"https:\/\/www.ocasionplus.com\/noticias\/carroceria-mas-vendida-en-barcelona\/#breadcrumb","itemListElement":[{"@type":"ListItem","position":1,"name":"Portada","item":"https:\/\/www.ocasionplus.com\/noticias\/"},{"@type":"ListItem","position":2,"name":"Los coches compactos de segunda mano en Barcelona lideran las ventas de julio"}]},{"@type":"WebSite","@id":"https:\/\/www.ocasionplus.com\/noticias\/#website","url":"https:\/\/www.ocasionplus.com\/noticias\/","name":"OcasionPlus Blog","description":"Veh\u00edculos de ocasi\u00f3n","publisher":{"@id":"https:\/\/www.ocasionplus.com\/noticias\/#organization"},"potentialAction":[{"@type":"SearchAction","target":{"@type":"EntryPoint","urlTemplate":"https:\/\/www.ocasionplus.com\/noticias\/?s={search_term_string}"},"query-input":{"@type":"PropertyValueSpecification","valueRequired":true,"valueName":"search_term_string"}}],"inLanguage":"es"},{"@type":"Organization","@id":"https:\/\/www.ocasionplus.com\/noticias\/#organization","name":"OcasionPlus","url":"https:\/\/www.ocasionplus.com\/noticias\/","logo":{"@type":"ImageObject","inLanguage":"es","@id":"https:\/\/www.ocasionplus.com\/noticias\/#\/schema\/logo\/image\/","url":"https:\/\/www.ocasionplus.com\/wp-content\/uploads\/2024\/05\/cropped-cropped-oplus-logo-blog.png","contentUrl":"https:\/\/www.ocasionplus.com\/wp-content\/uploads\/2024\/05\/cropped-cropped-oplus-logo-blog.png","width":360,"height":71,"caption":"OcasionPlus"},"image":{"@id":"https:\/\/www.ocasionplus.com\/noticias\/#\/schema\/logo\/image\/"},"sameAs":["https:\/\/www.facebook.com\/ocasionplus","https:\/\/x.com\/ocasionplus","https:\/\/www.instagram.com\/ocasion_plus","https:\/\/www.youtube.com\/channel\/UCBiCAto61Lyu27CgI95wrYQ","https:\/\/www.tiktok.com\/@ocasionplus.com","https:\/\/es.linkedin.com\/company\/ocasionplus"]},{"@type":"Person","@id":"https:\/\/www.ocasionplus.com\/noticias\/#\/schema\/person\/db1203be564cc3ded97ad1dbd8aadc5b","name":"Cristhian Gonz\u00e1lez","image":{"@type":"ImageObject","inLanguage":"es","@id":"https:\/\/www.ocasionplus.com\/noticias\/#\/schema\/person\/image\/","url":"https:\/\/secure.gravatar.com\/avatar\/30c0388f0815fd0ab8fb4cfad29866ac?s=96&d=mm&r=g","contentUrl":"https:\/\/secure.gravatar.com\/avatar\/30c0388f0815fd0ab8fb4cfad29866ac?s=96&d=mm&r=g","caption":"Cristhian Gonz\u00e1lez"},"description":"Periodista formado en Colombia. Siempre vinculado al deporte y con pasi\u00f3n por los coches. He asistido y cubierto diferentes eventos deportivos para diferentes medios de comunicaci\u00f3n."}]}},"jetpack_featured_media_url":"https:\/\/www.ocasionplus.com\/wp-content\/uploads\/2024\/06\/top_10_volkswagen_segunda_mano_golf.jpg","_links":{"self":[{"href":"https:\/\/www.ocasionplus.com\/noticias\/wp-json\/wp\/v2\/posts\/13961","targetHints":{"allow":["GET"]}}],"collection":[{"href":"https:\/\/www.ocasionplus.com\/noticias\/wp-json\/wp\/v2\/posts"}],"about":[{"href":"https:\/\/www.ocasionplus.com\/noticias\/wp-json\/wp\/v2\/types\/post"}],"author":[{"embeddable":true,"href":"https:\/\/www.ocasionplus.com\/noticias\/wp-json\/wp\/v2\/users\/3"}],"replies":[{"embeddable":true,"href":"https:\/\/www.ocasionplus.com\/noticias\/wp-json\/wp\/v2\/comments?post=13961"}],"version-history":[{"count":1,"href":"https:\/\/www.ocasionplus.com\/noticias\/wp-json\/wp\/v2\/posts\/13961\/revisions"}],"predecessor-version":[{"id":13962,"href":"https:\/\/www.ocasionplus.com\/noticias\/wp-json\/wp\/v2\/posts\/13961\/revisions\/13962"}],"wp:featuredmedia":[{"embeddable":true,"href":"https:\/\/www.ocasionplus.com\/noticias\/wp-json\/wp\/v2\/media\/11925"}],"wp:attachment":[{"href":"https:\/\/www.ocasionplus.com\/noticias\/wp-json\/wp\/v2\/media?parent=13961"}],"wp:term":[{"taxonomy":"category","embeddable":true,"href":"https:\/\/www.ocasionplus.com\/noticias\/wp-json\/wp\/v2\/categories?post=13961"},{"taxonomy":"post_tag","embeddable":true,"href":"https:\/\/www.ocasionplus.com\/noticias\/wp-json\/wp\/v2\/tags?post=13961"}],"curies":[{"name":"wp","href":"https:\/\/api.w.org\/{rel}","templated":true}]}}