{"id":13982,"date":"2024-08-21T12:35:45","date_gmt":"2024-08-21T10:35:45","guid":{"rendered":"https:\/\/www.ocasionplus.com\/noticias\/?p=13982"},"modified":"2025-03-27T10:40:54","modified_gmt":"2025-03-27T09:40:54","slug":"carroceria-mas-vendida-en-valencia","status":"publish","type":"post","link":"https:\/\/www.ocasionplus.com\/noticias\/carroceria-mas-vendida-en-valencia\/","title":{"rendered":"Los coches todoterreno son la carrocer\u00eda m\u00e1s vendida en Valencia"},"content":{"rendered":"<div class=\"wpb-content-wrapper\"><p>[vc_row][vc_column][vc_column_text]En julio, el mercado de <a href=\"https:\/\/www.ocasionplus.com\/coches-ocasion\">coches de segunda mano<\/a>, ubicaron a <strong>los todoterreno como la carrocer\u00eda m\u00e1s vendida en Valencia<\/strong>, seg\u00fan los \u00faltimos <a href=\"https:\/\/www.ocasionplus.com\/noticias\/analisis-del-mercado-de-coches-de-segunda-mano\/\">datos de OcasionPlus<\/a>. Con una media de casi dos coches todoterreno vendidos diariamente, estos veh\u00edculos robustos y vers\u00e1tiles han capturado la preferencia de los valencianos. Les siguen de cerca los coches compactos, con m\u00e1s de 1,7 unidades vendidas al d\u00eda.<\/p>\n<h2>Carrocer\u00eda m\u00e1s vendida en Valencia<\/h2>\n<p>El auge de los <a href=\"https:\/\/www.ocasionplus.com\/coches-ocasion\/todoterreno\">todoterreno <\/a>en Valencia no es casualidad. Estos veh\u00edculos ofrecen una combinaci\u00f3n \u00fanica de espacio, comodidad y capacidad para enfrentar diversos tipos de terreno, lo que los convierte en una opci\u00f3n ideal tanto para la ciudad como para escapadas rurales. Adem\u00e1s, su dise\u00f1o robusto y elevado proporciona una sensaci\u00f3n de seguridad y dominio en la carretera que muchos conductores valoran.<\/p>\n<p>En una ciudad como Valencia, donde la proximidad a la monta\u00f1a y la costa permite una variedad de actividades al aire libre, <strong>los todoterreno se presentan como la opci\u00f3n perfecta<\/strong> para aquellos que buscan un veh\u00edculo vers\u00e1til. Ya sea para un viaje a la playa, una excursi\u00f3n a la monta\u00f1a o simplemente para moverse por la ciudad con comodidad, los todoterreno cumplen con todas las expectativas.<\/p>\n<p>Aunque los todoterreno lideran las ventas, los <a href=\"https:\/\/www.ocasionplus.com\/coches-ocasion\/compacto\">coches compactos<\/a> tambi\u00e9n mantienen una fuerte presencia en el mercado de <a href=\"https:\/\/www.ocasionplus.com\/coches-ocasion\/valencia\">coches de segunda mano en Valencia<\/a>. Con m\u00e1s de 1,7 unidades vendidas diariamente, estos veh\u00edculos son apreciados por su eficiencia, maniobrabilidad y econom\u00eda de combustible. <strong>Los compactos son especialmente populares entre los conductores urbanos<\/strong> que buscan un coche pr\u00e1ctico y f\u00e1cil de estacionar.<\/p>\n<h2>Coches de ocasi\u00f3n<\/h2>\n<p>Si est\u00e1s considerando la compra de un coche de segunda mano, OcasionPlus es tu mejor opci\u00f3n. Con una amplia variedad de veh\u00edculos disponibles, incluyendo los populares todoterreno y compactos, encontrar\u00e1s el coche perfecto que se adapte a tus necesidades y estilo de vida. No esperes m\u00e1s y visita OcasionPlus para descubrir las mejores ofertas en coches de segunda mano en Valencia.[\/vc_column_text][\/vc_column][\/vc_row][vc_row el_class=&#8221;comprar-coche-CTA&#8221;][vc_column][vc_custom_heading text=&#8221;Encuentra tu coche de ocasi\u00f3n en Valencia al mejor precio&#8221; use_theme_fonts=&#8221;yes&#8221; css=&#8221;&#8221;][vc_row_inner][vc_column_inner width=&#8221;8\/12&#8243;][vc_column_text css=&#8221;&#8221;]<\/p>\n<p>Ofrecemos la mejor relaci\u00f3n calidad-precio en todos nuestros m\u00e1s de 8.000 coches de segunda mano.<\/p>\n<p>[\/vc_column_text][\/vc_column_inner][vc_column_inner width=&#8221;4\/12&#8243;][vc_btn title=&#8221;Busca Ahora&#8221; style=&#8221;custom&#8221; custom_background=&#8221;#009fe3&#8243; custom_text=&#8221;#ffffff&#8221; align=&#8221;center&#8221; css=&#8221;&#8221; link=&#8221;url:https%3A%2F%2Fwww.ocasionplus.com%2Fcoches-ocasion%2Fvalencia|title:Busca%20tu%20Coche%20Ahora&#8221;][\/vc_column_inner][\/vc_row_inner][vc_row_inner el_id=&#8221;logo-placement&#8221; css=&#8221;.vc_custom_1719615816721{margin-top: 2px !important;margin-bottom: 12px !important;}&#8221;][vc_column_inner][vc_single_image image=&#8221;11299&#8243; img_size=&#8221;277&#215;43&#8243; alignment=&#8221;center&#8221; style=&#8221;vc_box_rounded&#8221; css=&#8221;&#8221; el_class=&#8221;logo-component-comprar&#8221;][\/vc_column_inner][\/vc_row_inner][\/vc_column][\/vc_row]<\/p>\n<\/div>","protected":false},"excerpt":{"rendered":"<p>[vc_row][vc_column][vc_column_text]En julio, el mercado de coches de segunda mano, ubicaron a los todoterreno como la carrocer\u00eda m\u00e1s vendida en Valencia, seg\u00fan los \u00faltimos datos de OcasionPlus. Con una media de casi dos coches todoterreno vendidos diariamente, estos veh\u00edculos robustos y vers\u00e1tiles han capturado la preferencia de los valencianos. Les siguen de cerca los coches compactos,&#8230;<\/p>\n","protected":false},"author":3,"featured_media":4176,"comment_status":"closed","ping_status":"open","sticky":false,"template":"","format":"standard","meta":{"footnotes":""},"categories":[2],"tags":[380,395,434],"class_list":["post-13982","post","type-post","status-publish","format-standard","has-post-thumbnail","hentry","category-ultimas-noticias","tag-coches-ocasion","tag-todoterreno","tag-valencia"],"yoast_head":"<!-- This site is optimized with the Yoast SEO Premium plugin v24.8 (Yoast SEO v24.8.1) - https:\/\/yoast.com\/wordpress\/plugins\/seo\/ -->\n<title>Carrocer\u00eda m\u00e1s vendida en Valencia en julio: los todoterreno<\/title>\n<meta name=\"description\" content=\"En julio, el mercado de coches de segunda mano, ubic\u00f3 los todoterreno como la carrocer\u00eda m\u00e1s vendida en Valencia, seg\u00fan datos de OcasionPlus.\" \/>\n<meta name=\"robots\" content=\"index, follow, max-snippet:-1, max-image-preview:large, max-video-preview:-1\" \/>\n<link rel=\"canonical\" href=\"https:\/\/www.ocasionplus.com\/noticias\/carroceria-mas-vendida-en-valencia\/\" \/>\n<meta property=\"og:locale\" content=\"es_ES\" \/>\n<meta property=\"og:type\" content=\"article\" \/>\n<meta property=\"og:title\" content=\"Los coches todoterreno son la carrocer\u00eda m\u00e1s vendida en Valencia\" \/>\n<meta property=\"og:description\" content=\"En julio, el mercado de coches de segunda mano, ubic\u00f3 los todoterreno como la carrocer\u00eda m\u00e1s vendida en Valencia, seg\u00fan datos de OcasionPlus.\" \/>\n<meta property=\"og:url\" content=\"https:\/\/www.ocasionplus.com\/noticias\/carroceria-mas-vendida-en-valencia\/\" \/>\n<meta property=\"og:site_name\" content=\"OcasionPlus Blog\" \/>\n<meta property=\"article:publisher\" content=\"https:\/\/www.facebook.com\/ocasionplus\" \/>\n<meta property=\"article:published_time\" content=\"2024-08-21T10:35:45+00:00\" \/>\n<meta property=\"article:modified_time\" content=\"2025-03-27T09:40:54+00:00\" \/>\n<meta property=\"og:image\" content=\"https:\/\/www.ocasionplus.com\/wp-content\/uploads\/2017\/11\/ocasion-plus-tienda-paterna-valencia-5.jpg\" \/>\n\t<meta property=\"og:image:width\" content=\"1200\" \/>\n\t<meta property=\"og:image:height\" content=\"800\" \/>\n\t<meta property=\"og:image:type\" content=\"image\/jpeg\" \/>\n<meta name=\"author\" content=\"Cristhian Gonz\u00e1lez\" \/>\n<meta name=\"twitter:card\" content=\"summary_large_image\" \/>\n<meta name=\"twitter:creator\" content=\"@ocasionplus\" \/>\n<meta name=\"twitter:site\" content=\"@ocasionplus\" \/>\n<meta name=\"twitter:label1\" content=\"Escrito por\" \/>\n\t<meta name=\"twitter:data1\" content=\"Cristhian Gonz\u00e1lez\" \/>\n\t<meta name=\"twitter:label2\" content=\"Tiempo de lectura\" \/>\n\t<meta name=\"twitter:data2\" content=\"3 minutos\" \/>\n<script type=\"application\/ld+json\" class=\"yoast-schema-graph\">{\"@context\":\"https:\/\/schema.org\",\"@graph\":[{\"@type\":\"Article\",\"@id\":\"https:\/\/www.ocasionplus.com\/noticias\/carroceria-mas-vendida-en-valencia\/#article\",\"isPartOf\":{\"@id\":\"https:\/\/www.ocasionplus.com\/noticias\/carroceria-mas-vendida-en-valencia\/\"},\"author\":{\"name\":\"Cristhian Gonz\u00e1lez\",\"@id\":\"https:\/\/www.ocasionplus.com\/noticias\/#\/schema\/person\/db1203be564cc3ded97ad1dbd8aadc5b\"},\"headline\":\"Los coches todoterreno son la carrocer\u00eda m\u00e1s vendida en Valencia\",\"datePublished\":\"2024-08-21T10:35:45+00:00\",\"dateModified\":\"2025-03-27T09:40:54+00:00\",\"mainEntityOfPage\":{\"@id\":\"https:\/\/www.ocasionplus.com\/noticias\/carroceria-mas-vendida-en-valencia\/\"},\"wordCount\":525,\"publisher\":{\"@id\":\"https:\/\/www.ocasionplus.com\/noticias\/#organization\"},\"image\":{\"@id\":\"https:\/\/www.ocasionplus.com\/noticias\/carroceria-mas-vendida-en-valencia\/#primaryimage\"},\"thumbnailUrl\":\"https:\/\/www.ocasionplus.com\/wp-content\/uploads\/2017\/11\/ocasion-plus-tienda-paterna-valencia-5.jpg\",\"keywords\":[\"coches ocasion\",\"todoterreno\",\"valencia\"],\"articleSection\":[\"\u00daltimas Noticias\"],\"inLanguage\":\"es\",\"copyrightYear\":\"2024\",\"copyrightHolder\":{\"@id\":\"https:\/\/www.ocasionplus.com\/noticias\/#organization\"}},{\"@type\":\"WebPage\",\"@id\":\"https:\/\/www.ocasionplus.com\/noticias\/carroceria-mas-vendida-en-valencia\/\",\"url\":\"https:\/\/www.ocasionplus.com\/noticias\/carroceria-mas-vendida-en-valencia\/\",\"name\":\"Carrocer\u00eda m\u00e1s vendida en Valencia en julio: los todoterreno\",\"isPartOf\":{\"@id\":\"https:\/\/www.ocasionplus.com\/noticias\/#website\"},\"primaryImageOfPage\":{\"@id\":\"https:\/\/www.ocasionplus.com\/noticias\/carroceria-mas-vendida-en-valencia\/#primaryimage\"},\"image\":{\"@id\":\"https:\/\/www.ocasionplus.com\/noticias\/carroceria-mas-vendida-en-valencia\/#primaryimage\"},\"thumbnailUrl\":\"https:\/\/www.ocasionplus.com\/wp-content\/uploads\/2017\/11\/ocasion-plus-tienda-paterna-valencia-5.jpg\",\"datePublished\":\"2024-08-21T10:35:45+00:00\",\"dateModified\":\"2025-03-27T09:40:54+00:00\",\"description\":\"En julio, el mercado de coches de segunda mano, ubic\u00f3 los todoterreno como la carrocer\u00eda m\u00e1s vendida en Valencia, seg\u00fan datos de OcasionPlus.\",\"breadcrumb\":{\"@id\":\"https:\/\/www.ocasionplus.com\/noticias\/carroceria-mas-vendida-en-valencia\/#breadcrumb\"},\"inLanguage\":\"es\",\"potentialAction\":[{\"@type\":\"ReadAction\",\"target\":[\"https:\/\/www.ocasionplus.com\/noticias\/carroceria-mas-vendida-en-valencia\/\"]}]},{\"@type\":\"ImageObject\",\"inLanguage\":\"es\",\"@id\":\"https:\/\/www.ocasionplus.com\/noticias\/carroceria-mas-vendida-en-valencia\/#primaryimage\",\"url\":\"https:\/\/www.ocasionplus.com\/wp-content\/uploads\/2017\/11\/ocasion-plus-tienda-paterna-valencia-5.jpg\",\"contentUrl\":\"https:\/\/www.ocasionplus.com\/wp-content\/uploads\/2017\/11\/ocasion-plus-tienda-paterna-valencia-5.jpg\",\"width\":1200,\"height\":800,\"caption\":\"Los coches SUV y todoterreno son los m\u00e1s vendidos en julio en OcasionPlus Valencia\"},{\"@type\":\"BreadcrumbList\",\"@id\":\"https:\/\/www.ocasionplus.com\/noticias\/carroceria-mas-vendida-en-valencia\/#breadcrumb\",\"itemListElement\":[{\"@type\":\"ListItem\",\"position\":1,\"name\":\"Portada\",\"item\":\"https:\/\/www.ocasionplus.com\/noticias\/\"},{\"@type\":\"ListItem\",\"position\":2,\"name\":\"Los coches todoterreno son la carrocer\u00eda m\u00e1s vendida en Valencia\"}]},{\"@type\":\"WebSite\",\"@id\":\"https:\/\/www.ocasionplus.com\/noticias\/#website\",\"url\":\"https:\/\/www.ocasionplus.com\/noticias\/\",\"name\":\"OcasionPlus Blog\",\"description\":\"Veh\u00edculos de ocasi\u00f3n\",\"publisher\":{\"@id\":\"https:\/\/www.ocasionplus.com\/noticias\/#organization\"},\"potentialAction\":[{\"@type\":\"SearchAction\",\"target\":{\"@type\":\"EntryPoint\",\"urlTemplate\":\"https:\/\/www.ocasionplus.com\/noticias\/?s={search_term_string}\"},\"query-input\":{\"@type\":\"PropertyValueSpecification\",\"valueRequired\":true,\"valueName\":\"search_term_string\"}}],\"inLanguage\":\"es\"},{\"@type\":\"Organization\",\"@id\":\"https:\/\/www.ocasionplus.com\/noticias\/#organization\",\"name\":\"OcasionPlus\",\"url\":\"https:\/\/www.ocasionplus.com\/noticias\/\",\"logo\":{\"@type\":\"ImageObject\",\"inLanguage\":\"es\",\"@id\":\"https:\/\/www.ocasionplus.com\/noticias\/#\/schema\/logo\/image\/\",\"url\":\"https:\/\/www.ocasionplus.com\/wp-content\/uploads\/2024\/05\/cropped-cropped-oplus-logo-blog.png\",\"contentUrl\":\"https:\/\/www.ocasionplus.com\/wp-content\/uploads\/2024\/05\/cropped-cropped-oplus-logo-blog.png\",\"width\":360,\"height\":71,\"caption\":\"OcasionPlus\"},\"image\":{\"@id\":\"https:\/\/www.ocasionplus.com\/noticias\/#\/schema\/logo\/image\/\"},\"sameAs\":[\"https:\/\/www.facebook.com\/ocasionplus\",\"https:\/\/x.com\/ocasionplus\",\"https:\/\/www.instagram.com\/ocasion_plus\",\"https:\/\/www.youtube.com\/channel\/UCBiCAto61Lyu27CgI95wrYQ\",\"https:\/\/www.tiktok.com\/@ocasionplus.com\",\"https:\/\/es.linkedin.com\/company\/ocasionplus\"]},{\"@type\":\"Person\",\"@id\":\"https:\/\/www.ocasionplus.com\/noticias\/#\/schema\/person\/db1203be564cc3ded97ad1dbd8aadc5b\",\"name\":\"Cristhian Gonz\u00e1lez\",\"image\":{\"@type\":\"ImageObject\",\"inLanguage\":\"es\",\"@id\":\"https:\/\/www.ocasionplus.com\/noticias\/#\/schema\/person\/image\/\",\"url\":\"https:\/\/secure.gravatar.com\/avatar\/30c0388f0815fd0ab8fb4cfad29866ac?s=96&d=mm&r=g\",\"contentUrl\":\"https:\/\/secure.gravatar.com\/avatar\/30c0388f0815fd0ab8fb4cfad29866ac?s=96&d=mm&r=g\",\"caption\":\"Cristhian Gonz\u00e1lez\"},\"description\":\"Periodista formado en Colombia. Siempre vinculado al deporte y con pasi\u00f3n por los coches. He asistido y cubierto diferentes eventos deportivos para diferentes medios de comunicaci\u00f3n.\"}]}<\/script>\n<!-- \/ Yoast SEO Premium plugin. -->","yoast_head_json":{"title":"Carrocer\u00eda m\u00e1s vendida en Valencia en julio: los todoterreno","description":"En julio, el mercado de coches de segunda mano, ubic\u00f3 los todoterreno como la carrocer\u00eda m\u00e1s vendida en Valencia, seg\u00fan datos de OcasionPlus.","robots":{"index":"index","follow":"follow","max-snippet":"max-snippet:-1","max-image-preview":"max-image-preview:large","max-video-preview":"max-video-preview:-1"},"canonical":"https:\/\/www.ocasionplus.com\/noticias\/carroceria-mas-vendida-en-valencia\/","og_locale":"es_ES","og_type":"article","og_title":"Los coches todoterreno son la carrocer\u00eda m\u00e1s vendida en Valencia","og_description":"En julio, el mercado de coches de segunda mano, ubic\u00f3 los todoterreno como la carrocer\u00eda m\u00e1s vendida en Valencia, seg\u00fan datos de OcasionPlus.","og_url":"https:\/\/www.ocasionplus.com\/noticias\/carroceria-mas-vendida-en-valencia\/","og_site_name":"OcasionPlus Blog","article_publisher":"https:\/\/www.facebook.com\/ocasionplus","article_published_time":"2024-08-21T10:35:45+00:00","article_modified_time":"2025-03-27T09:40:54+00:00","og_image":[{"width":1200,"height":800,"url":"https:\/\/www.ocasionplus.com\/wp-content\/uploads\/2017\/11\/ocasion-plus-tienda-paterna-valencia-5.jpg","type":"image\/jpeg"}],"author":"Cristhian Gonz\u00e1lez","twitter_card":"summary_large_image","twitter_creator":"@ocasionplus","twitter_site":"@ocasionplus","twitter_misc":{"Escrito por":"Cristhian Gonz\u00e1lez","Tiempo de lectura":"3 minutos"},"schema":{"@context":"https:\/\/schema.org","@graph":[{"@type":"Article","@id":"https:\/\/www.ocasionplus.com\/noticias\/carroceria-mas-vendida-en-valencia\/#article","isPartOf":{"@id":"https:\/\/www.ocasionplus.com\/noticias\/carroceria-mas-vendida-en-valencia\/"},"author":{"name":"Cristhian Gonz\u00e1lez","@id":"https:\/\/www.ocasionplus.com\/noticias\/#\/schema\/person\/db1203be564cc3ded97ad1dbd8aadc5b"},"headline":"Los coches todoterreno son la carrocer\u00eda m\u00e1s vendida en Valencia","datePublished":"2024-08-21T10:35:45+00:00","dateModified":"2025-03-27T09:40:54+00:00","mainEntityOfPage":{"@id":"https:\/\/www.ocasionplus.com\/noticias\/carroceria-mas-vendida-en-valencia\/"},"wordCount":525,"publisher":{"@id":"https:\/\/www.ocasionplus.com\/noticias\/#organization"},"image":{"@id":"https:\/\/www.ocasionplus.com\/noticias\/carroceria-mas-vendida-en-valencia\/#primaryimage"},"thumbnailUrl":"https:\/\/www.ocasionplus.com\/wp-content\/uploads\/2017\/11\/ocasion-plus-tienda-paterna-valencia-5.jpg","keywords":["coches ocasion","todoterreno","valencia"],"articleSection":["\u00daltimas Noticias"],"inLanguage":"es","copyrightYear":"2024","copyrightHolder":{"@id":"https:\/\/www.ocasionplus.com\/noticias\/#organization"}},{"@type":"WebPage","@id":"https:\/\/www.ocasionplus.com\/noticias\/carroceria-mas-vendida-en-valencia\/","url":"https:\/\/www.ocasionplus.com\/noticias\/carroceria-mas-vendida-en-valencia\/","name":"Carrocer\u00eda m\u00e1s vendida en Valencia en julio: los todoterreno","isPartOf":{"@id":"https:\/\/www.ocasionplus.com\/noticias\/#website"},"primaryImageOfPage":{"@id":"https:\/\/www.ocasionplus.com\/noticias\/carroceria-mas-vendida-en-valencia\/#primaryimage"},"image":{"@id":"https:\/\/www.ocasionplus.com\/noticias\/carroceria-mas-vendida-en-valencia\/#primaryimage"},"thumbnailUrl":"https:\/\/www.ocasionplus.com\/wp-content\/uploads\/2017\/11\/ocasion-plus-tienda-paterna-valencia-5.jpg","datePublished":"2024-08-21T10:35:45+00:00","dateModified":"2025-03-27T09:40:54+00:00","description":"En julio, el mercado de coches de segunda mano, ubic\u00f3 los todoterreno como la carrocer\u00eda m\u00e1s vendida en Valencia, seg\u00fan datos de OcasionPlus.","breadcrumb":{"@id":"https:\/\/www.ocasionplus.com\/noticias\/carroceria-mas-vendida-en-valencia\/#breadcrumb"},"inLanguage":"es","potentialAction":[{"@type":"ReadAction","target":["https:\/\/www.ocasionplus.com\/noticias\/carroceria-mas-vendida-en-valencia\/"]}]},{"@type":"ImageObject","inLanguage":"es","@id":"https:\/\/www.ocasionplus.com\/noticias\/carroceria-mas-vendida-en-valencia\/#primaryimage","url":"https:\/\/www.ocasionplus.com\/wp-content\/uploads\/2017\/11\/ocasion-plus-tienda-paterna-valencia-5.jpg","contentUrl":"https:\/\/www.ocasionplus.com\/wp-content\/uploads\/2017\/11\/ocasion-plus-tienda-paterna-valencia-5.jpg","width":1200,"height":800,"caption":"Los coches SUV y todoterreno son los m\u00e1s vendidos en julio en OcasionPlus Valencia"},{"@type":"BreadcrumbList","@id":"https:\/\/www.ocasionplus.com\/noticias\/carroceria-mas-vendida-en-valencia\/#breadcrumb","itemListElement":[{"@type":"ListItem","position":1,"name":"Portada","item":"https:\/\/www.ocasionplus.com\/noticias\/"},{"@type":"ListItem","position":2,"name":"Los coches todoterreno son la carrocer\u00eda m\u00e1s vendida en Valencia"}]},{"@type":"WebSite","@id":"https:\/\/www.ocasionplus.com\/noticias\/#website","url":"https:\/\/www.ocasionplus.com\/noticias\/","name":"OcasionPlus Blog","description":"Veh\u00edculos de ocasi\u00f3n","publisher":{"@id":"https:\/\/www.ocasionplus.com\/noticias\/#organization"},"potentialAction":[{"@type":"SearchAction","target":{"@type":"EntryPoint","urlTemplate":"https:\/\/www.ocasionplus.com\/noticias\/?s={search_term_string}"},"query-input":{"@type":"PropertyValueSpecification","valueRequired":true,"valueName":"search_term_string"}}],"inLanguage":"es"},{"@type":"Organization","@id":"https:\/\/www.ocasionplus.com\/noticias\/#organization","name":"OcasionPlus","url":"https:\/\/www.ocasionplus.com\/noticias\/","logo":{"@type":"ImageObject","inLanguage":"es","@id":"https:\/\/www.ocasionplus.com\/noticias\/#\/schema\/logo\/image\/","url":"https:\/\/www.ocasionplus.com\/wp-content\/uploads\/2024\/05\/cropped-cropped-oplus-logo-blog.png","contentUrl":"https:\/\/www.ocasionplus.com\/wp-content\/uploads\/2024\/05\/cropped-cropped-oplus-logo-blog.png","width":360,"height":71,"caption":"OcasionPlus"},"image":{"@id":"https:\/\/www.ocasionplus.com\/noticias\/#\/schema\/logo\/image\/"},"sameAs":["https:\/\/www.facebook.com\/ocasionplus","https:\/\/x.com\/ocasionplus","https:\/\/www.instagram.com\/ocasion_plus","https:\/\/www.youtube.com\/channel\/UCBiCAto61Lyu27CgI95wrYQ","https:\/\/www.tiktok.com\/@ocasionplus.com","https:\/\/es.linkedin.com\/company\/ocasionplus"]},{"@type":"Person","@id":"https:\/\/www.ocasionplus.com\/noticias\/#\/schema\/person\/db1203be564cc3ded97ad1dbd8aadc5b","name":"Cristhian Gonz\u00e1lez","image":{"@type":"ImageObject","inLanguage":"es","@id":"https:\/\/www.ocasionplus.com\/noticias\/#\/schema\/person\/image\/","url":"https:\/\/secure.gravatar.com\/avatar\/30c0388f0815fd0ab8fb4cfad29866ac?s=96&d=mm&r=g","contentUrl":"https:\/\/secure.gravatar.com\/avatar\/30c0388f0815fd0ab8fb4cfad29866ac?s=96&d=mm&r=g","caption":"Cristhian Gonz\u00e1lez"},"description":"Periodista formado en Colombia. Siempre vinculado al deporte y con pasi\u00f3n por los coches. He asistido y cubierto diferentes eventos deportivos para diferentes medios de comunicaci\u00f3n."}]}},"jetpack_featured_media_url":"https:\/\/www.ocasionplus.com\/wp-content\/uploads\/2017\/11\/ocasion-plus-tienda-paterna-valencia-5.jpg","_links":{"self":[{"href":"https:\/\/www.ocasionplus.com\/noticias\/wp-json\/wp\/v2\/posts\/13982","targetHints":{"allow":["GET"]}}],"collection":[{"href":"https:\/\/www.ocasionplus.com\/noticias\/wp-json\/wp\/v2\/posts"}],"about":[{"href":"https:\/\/www.ocasionplus.com\/noticias\/wp-json\/wp\/v2\/types\/post"}],"author":[{"embeddable":true,"href":"https:\/\/www.ocasionplus.com\/noticias\/wp-json\/wp\/v2\/users\/3"}],"replies":[{"embeddable":true,"href":"https:\/\/www.ocasionplus.com\/noticias\/wp-json\/wp\/v2\/comments?post=13982"}],"version-history":[{"count":4,"href":"https:\/\/www.ocasionplus.com\/noticias\/wp-json\/wp\/v2\/posts\/13982\/revisions"}],"predecessor-version":[{"id":13986,"href":"https:\/\/www.ocasionplus.com\/noticias\/wp-json\/wp\/v2\/posts\/13982\/revisions\/13986"}],"wp:featuredmedia":[{"embeddable":true,"href":"https:\/\/www.ocasionplus.com\/noticias\/wp-json\/wp\/v2\/media\/4176"}],"wp:attachment":[{"href":"https:\/\/www.ocasionplus.com\/noticias\/wp-json\/wp\/v2\/media?parent=13982"}],"wp:term":[{"taxonomy":"category","embeddable":true,"href":"https:\/\/www.ocasionplus.com\/noticias\/wp-json\/wp\/v2\/categories?post=13982"},{"taxonomy":"post_tag","embeddable":true,"href":"https:\/\/www.ocasionplus.com\/noticias\/wp-json\/wp\/v2\/tags?post=13982"}],"curies":[{"name":"wp","href":"https:\/\/api.w.org\/{rel}","templated":true}]}}