{"id":14003,"date":"2024-08-22T11:55:06","date_gmt":"2024-08-22T09:55:06","guid":{"rendered":"https:\/\/www.ocasionplus.com\/noticias\/?p=14003"},"modified":"2025-03-27T10:40:54","modified_gmt":"2025-03-27T09:40:54","slug":"carroceria-mas-vendida-en-malaga","status":"publish","type":"post","link":"https:\/\/www.ocasionplus.com\/noticias\/carroceria-mas-vendida-en-malaga\/","title":{"rendered":"Los coches compactos son la carrocer\u00eda m\u00e1s vendida en M\u00e1laga"},"content":{"rendered":"<div class=\"wpb-content-wrapper\"><p>[vc_row][vc_column][vc_column_text]En el mercado de <a href=\"https:\/\/www.ocasionplus.com\/coches-ocasion\">coches de segunda mano<\/a>, <strong>los veh\u00edculos compacto se han consolidado como la carrocer\u00eda m\u00e1s vendida en M\u00e1laga<\/strong>, seg\u00fan los <a href=\"https:\/\/www.ocasionplus.com\/noticias\/analisis-del-mercado-de-coches-de-segunda-mano\/\">datos proporcionados por OcasionPlus<\/a>. Con una media de dos coches compactos vendidos diariamente, esta categor\u00eda lidera en la regi\u00f3n, seguida de cerca por los todoterreno, con 1,6 unidades vendidas al d\u00eda.<\/p>\n<h2>Carrocer\u00eda m\u00e1s vendida en M\u00e1laga<\/h2>\n<p>La preferencia por los <a href=\"https:\/\/www.ocasionplus.com\/coches-ocasion\/compacto\">coches compactos<\/a> en M\u00e1laga no es casualidad. Estos veh\u00edculos ofrecen una combinaci\u00f3n ideal de eficiencia, maniobrabilidad y econom\u00eda, caracter\u00edsticas bien valoradas por los conductores urbanos. Adem\u00e1s, su tama\u00f1o reducido facilita el aparcamiento en las estrechas calles de la ciudad, siendo una opci\u00f3n pr\u00e1ctica y conveniente.<\/p>\n<p>En comparaci\u00f3n, los <a href=\"https:\/\/www.ocasionplus.com\/coches-ocasion\/todoterreno\">veh\u00edculos todoterreno<\/a>, aunque tambi\u00e9n populares en la regi\u00f3n, se venden a un ritmo ligeramente inferior, con una media de 1,6 unidades diarias. Estos coches son conocidos por su robustez y capacidad para enfrentar diferentes terrenos, son preferidos por aquellos que buscan una mayor versatilidad y espacio. Sin embargo, su mayor tama\u00f1o y consumo de combustible son la principal desventaja que tienen frente los coches compacto.<\/p>\n<h2>Coches de ocasi\u00f3n<\/h2>\n<p>Si est\u00e1s buscando un <a href=\"https:\/\/www.ocasionplus.com\/coches-ocasion\/malaga\">coche de segunda mano en M\u00e1laga<\/a>, OcasionPlus es tu mejor opci\u00f3n. Con una amplia variedad de coches compactos y todoterreno, y un compromiso con la calidad y el servicio al cliente, OcasionPlus te ayudar\u00e1 a encontrar el veh\u00edculo perfecto para tus necesidades. Vis\u00edtanos y descubre por qu\u00e9 somos l\u00edderes en el mercado de coches de segunda mano.[\/vc_column_text][\/vc_column][\/vc_row][vc_row el_class=&#8221;comprar-coche-CTA&#8221;][vc_column][vc_custom_heading text=&#8221;Encuentra tu coche de ocasi\u00f3n en M\u00e1laga al mejor precio&#8221; use_theme_fonts=&#8221;yes&#8221; css=&#8221;&#8221;][vc_row_inner][vc_column_inner width=&#8221;8\/12&#8243;][vc_column_text css=&#8221;&#8221;]<\/p>\n<p>Ofrecemos la mejor relaci\u00f3n calidad-precio en todos nuestros m\u00e1s de 8.000 coches de segunda mano.<\/p>\n<p>[\/vc_column_text][\/vc_column_inner][vc_column_inner width=&#8221;4\/12&#8243;][vc_btn title=&#8221;Busca Ahora&#8221; style=&#8221;custom&#8221; custom_background=&#8221;#009fe3&#8243; custom_text=&#8221;#ffffff&#8221; align=&#8221;center&#8221; css=&#8221;&#8221; link=&#8221;url:https%3A%2F%2Fwww.ocasionplus.com%2Fcoches-ocasion%2Fmalaga|title:Busca%20tu%20Coche%20Ahora&#8221;][\/vc_column_inner][\/vc_row_inner][vc_row_inner el_id=&#8221;logo-placement&#8221; css=&#8221;.vc_custom_1719615816721{margin-top: 2px !important;margin-bottom: 12px !important;}&#8221;][vc_column_inner][vc_single_image image=&#8221;11299&#8243; img_size=&#8221;277&#215;43&#8243; alignment=&#8221;center&#8221; style=&#8221;vc_box_rounded&#8221; css=&#8221;&#8221; el_class=&#8221;logo-component-comprar&#8221;][\/vc_column_inner][\/vc_row_inner][\/vc_column][\/vc_row]<\/p>\n<\/div>","protected":false},"excerpt":{"rendered":"<p>[vc_row][vc_column][vc_column_text]En el mercado de coches de segunda mano, los veh\u00edculos compacto se han consolidado como la carrocer\u00eda m\u00e1s vendida en M\u00e1laga, seg\u00fan los datos proporcionados por OcasionPlus. Con una media de dos coches compactos vendidos diariamente, esta categor\u00eda lidera en la regi\u00f3n, seguida de cerca por los todoterreno, con 1,6 unidades vendidas al d\u00eda. Carrocer\u00eda&#8230;<\/p>\n","protected":false},"author":3,"featured_media":14004,"comment_status":"closed","ping_status":"open","sticky":false,"template":"","format":"standard","meta":{"footnotes":""},"categories":[2],"tags":[380,529,389],"class_list":["post-14003","post","type-post","status-publish","format-standard","has-post-thumbnail","hentry","category-ultimas-noticias","tag-coches-ocasion","tag-compacto","tag-malaga"],"yoast_head":"<!-- This site is optimized with the Yoast SEO Premium plugin v24.8 (Yoast SEO v24.8.1) - https:\/\/yoast.com\/wordpress\/plugins\/seo\/ -->\n<title>Los coches compactos son la carrocer\u00eda m\u00e1s vendida en M\u00e1laga - OcasionPlus Blog<\/title>\n<meta name=\"description\" content=\"En el mercado de coches de segunda mano, los veh\u00edculos compacto se han consolidado como la carrocer\u00eda m\u00e1s vendida en M\u00e1laga.\" \/>\n<meta name=\"robots\" content=\"index, follow, max-snippet:-1, max-image-preview:large, max-video-preview:-1\" \/>\n<link rel=\"canonical\" href=\"https:\/\/www.ocasionplus.com\/noticias\/carroceria-mas-vendida-en-malaga\/\" \/>\n<meta property=\"og:locale\" content=\"es_ES\" \/>\n<meta property=\"og:type\" content=\"article\" \/>\n<meta property=\"og:title\" content=\"Los coches compactos son la carrocer\u00eda m\u00e1s vendida en M\u00e1laga\" \/>\n<meta property=\"og:description\" content=\"En el mercado de coches de segunda mano, los veh\u00edculos compacto se han consolidado como la carrocer\u00eda m\u00e1s vendida en M\u00e1laga.\" \/>\n<meta property=\"og:url\" content=\"https:\/\/www.ocasionplus.com\/noticias\/carroceria-mas-vendida-en-malaga\/\" \/>\n<meta property=\"og:site_name\" content=\"OcasionPlus Blog\" \/>\n<meta property=\"article:publisher\" content=\"https:\/\/www.facebook.com\/ocasionplus\" \/>\n<meta property=\"article:published_time\" content=\"2024-08-22T09:55:06+00:00\" \/>\n<meta property=\"article:modified_time\" content=\"2025-03-27T09:40:54+00:00\" \/>\n<meta property=\"og:image\" content=\"https:\/\/www.ocasionplus.com\/wp-content\/uploads\/2024\/08\/Nissan-Micra-1.jpg\" \/>\n\t<meta property=\"og:image:width\" content=\"1200\" \/>\n\t<meta property=\"og:image:height\" content=\"675\" \/>\n\t<meta property=\"og:image:type\" content=\"image\/jpeg\" \/>\n<meta name=\"author\" content=\"Cristhian Gonz\u00e1lez\" \/>\n<meta name=\"twitter:card\" content=\"summary_large_image\" \/>\n<meta name=\"twitter:creator\" content=\"@ocasionplus\" \/>\n<meta name=\"twitter:site\" content=\"@ocasionplus\" \/>\n<meta name=\"twitter:label1\" content=\"Escrito por\" \/>\n\t<meta name=\"twitter:data1\" content=\"Cristhian Gonz\u00e1lez\" \/>\n\t<meta name=\"twitter:label2\" content=\"Tiempo de lectura\" \/>\n\t<meta name=\"twitter:data2\" content=\"2 minutos\" \/>\n<script type=\"application\/ld+json\" class=\"yoast-schema-graph\">{\"@context\":\"https:\/\/schema.org\",\"@graph\":[{\"@type\":\"Article\",\"@id\":\"https:\/\/www.ocasionplus.com\/noticias\/carroceria-mas-vendida-en-malaga\/#article\",\"isPartOf\":{\"@id\":\"https:\/\/www.ocasionplus.com\/noticias\/carroceria-mas-vendida-en-malaga\/\"},\"author\":{\"name\":\"Cristhian Gonz\u00e1lez\",\"@id\":\"https:\/\/www.ocasionplus.com\/noticias\/#\/schema\/person\/db1203be564cc3ded97ad1dbd8aadc5b\"},\"headline\":\"Los coches compactos son la carrocer\u00eda m\u00e1s vendida en M\u00e1laga\",\"datePublished\":\"2024-08-22T09:55:06+00:00\",\"dateModified\":\"2025-03-27T09:40:54+00:00\",\"mainEntityOfPage\":{\"@id\":\"https:\/\/www.ocasionplus.com\/noticias\/carroceria-mas-vendida-en-malaga\/\"},\"wordCount\":444,\"publisher\":{\"@id\":\"https:\/\/www.ocasionplus.com\/noticias\/#organization\"},\"image\":{\"@id\":\"https:\/\/www.ocasionplus.com\/noticias\/carroceria-mas-vendida-en-malaga\/#primaryimage\"},\"thumbnailUrl\":\"https:\/\/www.ocasionplus.com\/wp-content\/uploads\/2024\/08\/Nissan-Micra-1.jpg\",\"keywords\":[\"coches ocasion\",\"compacto\",\"m\u00e1laga\"],\"articleSection\":[\"\u00daltimas Noticias\"],\"inLanguage\":\"es\",\"copyrightYear\":\"2024\",\"copyrightHolder\":{\"@id\":\"https:\/\/www.ocasionplus.com\/noticias\/#organization\"}},{\"@type\":\"WebPage\",\"@id\":\"https:\/\/www.ocasionplus.com\/noticias\/carroceria-mas-vendida-en-malaga\/\",\"url\":\"https:\/\/www.ocasionplus.com\/noticias\/carroceria-mas-vendida-en-malaga\/\",\"name\":\"Los coches compactos son la carrocer\u00eda m\u00e1s vendida en M\u00e1laga - OcasionPlus Blog\",\"isPartOf\":{\"@id\":\"https:\/\/www.ocasionplus.com\/noticias\/#website\"},\"primaryImageOfPage\":{\"@id\":\"https:\/\/www.ocasionplus.com\/noticias\/carroceria-mas-vendida-en-malaga\/#primaryimage\"},\"image\":{\"@id\":\"https:\/\/www.ocasionplus.com\/noticias\/carroceria-mas-vendida-en-malaga\/#primaryimage\"},\"thumbnailUrl\":\"https:\/\/www.ocasionplus.com\/wp-content\/uploads\/2024\/08\/Nissan-Micra-1.jpg\",\"datePublished\":\"2024-08-22T09:55:06+00:00\",\"dateModified\":\"2025-03-27T09:40:54+00:00\",\"description\":\"En el mercado de coches de segunda mano, los veh\u00edculos compacto se han consolidado como la carrocer\u00eda m\u00e1s vendida en M\u00e1laga.\",\"breadcrumb\":{\"@id\":\"https:\/\/www.ocasionplus.com\/noticias\/carroceria-mas-vendida-en-malaga\/#breadcrumb\"},\"inLanguage\":\"es\",\"potentialAction\":[{\"@type\":\"ReadAction\",\"target\":[\"https:\/\/www.ocasionplus.com\/noticias\/carroceria-mas-vendida-en-malaga\/\"]}]},{\"@type\":\"ImageObject\",\"inLanguage\":\"es\",\"@id\":\"https:\/\/www.ocasionplus.com\/noticias\/carroceria-mas-vendida-en-malaga\/#primaryimage\",\"url\":\"https:\/\/www.ocasionplus.com\/wp-content\/uploads\/2024\/08\/Nissan-Micra-1.jpg\",\"contentUrl\":\"https:\/\/www.ocasionplus.com\/wp-content\/uploads\/2024\/08\/Nissan-Micra-1.jpg\",\"width\":1200,\"height\":675,\"caption\":\"El Nissan Micra es uno de los modelos favoritos por los primeros conductores en el mercado de coches de segunda mano\"},{\"@type\":\"BreadcrumbList\",\"@id\":\"https:\/\/www.ocasionplus.com\/noticias\/carroceria-mas-vendida-en-malaga\/#breadcrumb\",\"itemListElement\":[{\"@type\":\"ListItem\",\"position\":1,\"name\":\"Portada\",\"item\":\"https:\/\/www.ocasionplus.com\/noticias\/\"},{\"@type\":\"ListItem\",\"position\":2,\"name\":\"Los coches compactos son la carrocer\u00eda m\u00e1s vendida en M\u00e1laga\"}]},{\"@type\":\"WebSite\",\"@id\":\"https:\/\/www.ocasionplus.com\/noticias\/#website\",\"url\":\"https:\/\/www.ocasionplus.com\/noticias\/\",\"name\":\"OcasionPlus Blog\",\"description\":\"Veh\u00edculos de ocasi\u00f3n\",\"publisher\":{\"@id\":\"https:\/\/www.ocasionplus.com\/noticias\/#organization\"},\"potentialAction\":[{\"@type\":\"SearchAction\",\"target\":{\"@type\":\"EntryPoint\",\"urlTemplate\":\"https:\/\/www.ocasionplus.com\/noticias\/?s={search_term_string}\"},\"query-input\":{\"@type\":\"PropertyValueSpecification\",\"valueRequired\":true,\"valueName\":\"search_term_string\"}}],\"inLanguage\":\"es\"},{\"@type\":\"Organization\",\"@id\":\"https:\/\/www.ocasionplus.com\/noticias\/#organization\",\"name\":\"OcasionPlus\",\"url\":\"https:\/\/www.ocasionplus.com\/noticias\/\",\"logo\":{\"@type\":\"ImageObject\",\"inLanguage\":\"es\",\"@id\":\"https:\/\/www.ocasionplus.com\/noticias\/#\/schema\/logo\/image\/\",\"url\":\"https:\/\/www.ocasionplus.com\/wp-content\/uploads\/2024\/05\/cropped-cropped-oplus-logo-blog.png\",\"contentUrl\":\"https:\/\/www.ocasionplus.com\/wp-content\/uploads\/2024\/05\/cropped-cropped-oplus-logo-blog.png\",\"width\":360,\"height\":71,\"caption\":\"OcasionPlus\"},\"image\":{\"@id\":\"https:\/\/www.ocasionplus.com\/noticias\/#\/schema\/logo\/image\/\"},\"sameAs\":[\"https:\/\/www.facebook.com\/ocasionplus\",\"https:\/\/x.com\/ocasionplus\",\"https:\/\/www.instagram.com\/ocasion_plus\",\"https:\/\/www.youtube.com\/channel\/UCBiCAto61Lyu27CgI95wrYQ\",\"https:\/\/www.tiktok.com\/@ocasionplus.com\",\"https:\/\/es.linkedin.com\/company\/ocasionplus\"]},{\"@type\":\"Person\",\"@id\":\"https:\/\/www.ocasionplus.com\/noticias\/#\/schema\/person\/db1203be564cc3ded97ad1dbd8aadc5b\",\"name\":\"Cristhian Gonz\u00e1lez\",\"image\":{\"@type\":\"ImageObject\",\"inLanguage\":\"es\",\"@id\":\"https:\/\/www.ocasionplus.com\/noticias\/#\/schema\/person\/image\/\",\"url\":\"https:\/\/secure.gravatar.com\/avatar\/30c0388f0815fd0ab8fb4cfad29866ac?s=96&d=mm&r=g\",\"contentUrl\":\"https:\/\/secure.gravatar.com\/avatar\/30c0388f0815fd0ab8fb4cfad29866ac?s=96&d=mm&r=g\",\"caption\":\"Cristhian Gonz\u00e1lez\"},\"description\":\"Periodista formado en Colombia. Siempre vinculado al deporte y con pasi\u00f3n por los coches. He asistido y cubierto diferentes eventos deportivos para diferentes medios de comunicaci\u00f3n.\"}]}<\/script>\n<!-- \/ Yoast SEO Premium plugin. -->","yoast_head_json":{"title":"Los coches compactos son la carrocer\u00eda m\u00e1s vendida en M\u00e1laga - OcasionPlus Blog","description":"En el mercado de coches de segunda mano, los veh\u00edculos compacto se han consolidado como la carrocer\u00eda m\u00e1s vendida en M\u00e1laga.","robots":{"index":"index","follow":"follow","max-snippet":"max-snippet:-1","max-image-preview":"max-image-preview:large","max-video-preview":"max-video-preview:-1"},"canonical":"https:\/\/www.ocasionplus.com\/noticias\/carroceria-mas-vendida-en-malaga\/","og_locale":"es_ES","og_type":"article","og_title":"Los coches compactos son la carrocer\u00eda m\u00e1s vendida en M\u00e1laga","og_description":"En el mercado de coches de segunda mano, los veh\u00edculos compacto se han consolidado como la carrocer\u00eda m\u00e1s vendida en M\u00e1laga.","og_url":"https:\/\/www.ocasionplus.com\/noticias\/carroceria-mas-vendida-en-malaga\/","og_site_name":"OcasionPlus Blog","article_publisher":"https:\/\/www.facebook.com\/ocasionplus","article_published_time":"2024-08-22T09:55:06+00:00","article_modified_time":"2025-03-27T09:40:54+00:00","og_image":[{"width":1200,"height":675,"url":"https:\/\/www.ocasionplus.com\/wp-content\/uploads\/2024\/08\/Nissan-Micra-1.jpg","type":"image\/jpeg"}],"author":"Cristhian Gonz\u00e1lez","twitter_card":"summary_large_image","twitter_creator":"@ocasionplus","twitter_site":"@ocasionplus","twitter_misc":{"Escrito por":"Cristhian Gonz\u00e1lez","Tiempo de lectura":"2 minutos"},"schema":{"@context":"https:\/\/schema.org","@graph":[{"@type":"Article","@id":"https:\/\/www.ocasionplus.com\/noticias\/carroceria-mas-vendida-en-malaga\/#article","isPartOf":{"@id":"https:\/\/www.ocasionplus.com\/noticias\/carroceria-mas-vendida-en-malaga\/"},"author":{"name":"Cristhian Gonz\u00e1lez","@id":"https:\/\/www.ocasionplus.com\/noticias\/#\/schema\/person\/db1203be564cc3ded97ad1dbd8aadc5b"},"headline":"Los coches compactos son la carrocer\u00eda m\u00e1s vendida en M\u00e1laga","datePublished":"2024-08-22T09:55:06+00:00","dateModified":"2025-03-27T09:40:54+00:00","mainEntityOfPage":{"@id":"https:\/\/www.ocasionplus.com\/noticias\/carroceria-mas-vendida-en-malaga\/"},"wordCount":444,"publisher":{"@id":"https:\/\/www.ocasionplus.com\/noticias\/#organization"},"image":{"@id":"https:\/\/www.ocasionplus.com\/noticias\/carroceria-mas-vendida-en-malaga\/#primaryimage"},"thumbnailUrl":"https:\/\/www.ocasionplus.com\/wp-content\/uploads\/2024\/08\/Nissan-Micra-1.jpg","keywords":["coches ocasion","compacto","m\u00e1laga"],"articleSection":["\u00daltimas Noticias"],"inLanguage":"es","copyrightYear":"2024","copyrightHolder":{"@id":"https:\/\/www.ocasionplus.com\/noticias\/#organization"}},{"@type":"WebPage","@id":"https:\/\/www.ocasionplus.com\/noticias\/carroceria-mas-vendida-en-malaga\/","url":"https:\/\/www.ocasionplus.com\/noticias\/carroceria-mas-vendida-en-malaga\/","name":"Los coches compactos son la carrocer\u00eda m\u00e1s vendida en M\u00e1laga - OcasionPlus Blog","isPartOf":{"@id":"https:\/\/www.ocasionplus.com\/noticias\/#website"},"primaryImageOfPage":{"@id":"https:\/\/www.ocasionplus.com\/noticias\/carroceria-mas-vendida-en-malaga\/#primaryimage"},"image":{"@id":"https:\/\/www.ocasionplus.com\/noticias\/carroceria-mas-vendida-en-malaga\/#primaryimage"},"thumbnailUrl":"https:\/\/www.ocasionplus.com\/wp-content\/uploads\/2024\/08\/Nissan-Micra-1.jpg","datePublished":"2024-08-22T09:55:06+00:00","dateModified":"2025-03-27T09:40:54+00:00","description":"En el mercado de coches de segunda mano, los veh\u00edculos compacto se han consolidado como la carrocer\u00eda m\u00e1s vendida en M\u00e1laga.","breadcrumb":{"@id":"https:\/\/www.ocasionplus.com\/noticias\/carroceria-mas-vendida-en-malaga\/#breadcrumb"},"inLanguage":"es","potentialAction":[{"@type":"ReadAction","target":["https:\/\/www.ocasionplus.com\/noticias\/carroceria-mas-vendida-en-malaga\/"]}]},{"@type":"ImageObject","inLanguage":"es","@id":"https:\/\/www.ocasionplus.com\/noticias\/carroceria-mas-vendida-en-malaga\/#primaryimage","url":"https:\/\/www.ocasionplus.com\/wp-content\/uploads\/2024\/08\/Nissan-Micra-1.jpg","contentUrl":"https:\/\/www.ocasionplus.com\/wp-content\/uploads\/2024\/08\/Nissan-Micra-1.jpg","width":1200,"height":675,"caption":"El Nissan Micra es uno de los modelos favoritos por los primeros conductores en el mercado de coches de segunda mano"},{"@type":"BreadcrumbList","@id":"https:\/\/www.ocasionplus.com\/noticias\/carroceria-mas-vendida-en-malaga\/#breadcrumb","itemListElement":[{"@type":"ListItem","position":1,"name":"Portada","item":"https:\/\/www.ocasionplus.com\/noticias\/"},{"@type":"ListItem","position":2,"name":"Los coches compactos son la carrocer\u00eda m\u00e1s vendida en M\u00e1laga"}]},{"@type":"WebSite","@id":"https:\/\/www.ocasionplus.com\/noticias\/#website","url":"https:\/\/www.ocasionplus.com\/noticias\/","name":"OcasionPlus Blog","description":"Veh\u00edculos de ocasi\u00f3n","publisher":{"@id":"https:\/\/www.ocasionplus.com\/noticias\/#organization"},"potentialAction":[{"@type":"SearchAction","target":{"@type":"EntryPoint","urlTemplate":"https:\/\/www.ocasionplus.com\/noticias\/?s={search_term_string}"},"query-input":{"@type":"PropertyValueSpecification","valueRequired":true,"valueName":"search_term_string"}}],"inLanguage":"es"},{"@type":"Organization","@id":"https:\/\/www.ocasionplus.com\/noticias\/#organization","name":"OcasionPlus","url":"https:\/\/www.ocasionplus.com\/noticias\/","logo":{"@type":"ImageObject","inLanguage":"es","@id":"https:\/\/www.ocasionplus.com\/noticias\/#\/schema\/logo\/image\/","url":"https:\/\/www.ocasionplus.com\/wp-content\/uploads\/2024\/05\/cropped-cropped-oplus-logo-blog.png","contentUrl":"https:\/\/www.ocasionplus.com\/wp-content\/uploads\/2024\/05\/cropped-cropped-oplus-logo-blog.png","width":360,"height":71,"caption":"OcasionPlus"},"image":{"@id":"https:\/\/www.ocasionplus.com\/noticias\/#\/schema\/logo\/image\/"},"sameAs":["https:\/\/www.facebook.com\/ocasionplus","https:\/\/x.com\/ocasionplus","https:\/\/www.instagram.com\/ocasion_plus","https:\/\/www.youtube.com\/channel\/UCBiCAto61Lyu27CgI95wrYQ","https:\/\/www.tiktok.com\/@ocasionplus.com","https:\/\/es.linkedin.com\/company\/ocasionplus"]},{"@type":"Person","@id":"https:\/\/www.ocasionplus.com\/noticias\/#\/schema\/person\/db1203be564cc3ded97ad1dbd8aadc5b","name":"Cristhian Gonz\u00e1lez","image":{"@type":"ImageObject","inLanguage":"es","@id":"https:\/\/www.ocasionplus.com\/noticias\/#\/schema\/person\/image\/","url":"https:\/\/secure.gravatar.com\/avatar\/30c0388f0815fd0ab8fb4cfad29866ac?s=96&d=mm&r=g","contentUrl":"https:\/\/secure.gravatar.com\/avatar\/30c0388f0815fd0ab8fb4cfad29866ac?s=96&d=mm&r=g","caption":"Cristhian Gonz\u00e1lez"},"description":"Periodista formado en Colombia. Siempre vinculado al deporte y con pasi\u00f3n por los coches. He asistido y cubierto diferentes eventos deportivos para diferentes medios de comunicaci\u00f3n."}]}},"jetpack_featured_media_url":"https:\/\/www.ocasionplus.com\/wp-content\/uploads\/2024\/08\/Nissan-Micra-1.jpg","_links":{"self":[{"href":"https:\/\/www.ocasionplus.com\/noticias\/wp-json\/wp\/v2\/posts\/14003","targetHints":{"allow":["GET"]}}],"collection":[{"href":"https:\/\/www.ocasionplus.com\/noticias\/wp-json\/wp\/v2\/posts"}],"about":[{"href":"https:\/\/www.ocasionplus.com\/noticias\/wp-json\/wp\/v2\/types\/post"}],"author":[{"embeddable":true,"href":"https:\/\/www.ocasionplus.com\/noticias\/wp-json\/wp\/v2\/users\/3"}],"replies":[{"embeddable":true,"href":"https:\/\/www.ocasionplus.com\/noticias\/wp-json\/wp\/v2\/comments?post=14003"}],"version-history":[{"count":1,"href":"https:\/\/www.ocasionplus.com\/noticias\/wp-json\/wp\/v2\/posts\/14003\/revisions"}],"predecessor-version":[{"id":14005,"href":"https:\/\/www.ocasionplus.com\/noticias\/wp-json\/wp\/v2\/posts\/14003\/revisions\/14005"}],"wp:featuredmedia":[{"embeddable":true,"href":"https:\/\/www.ocasionplus.com\/noticias\/wp-json\/wp\/v2\/media\/14004"}],"wp:attachment":[{"href":"https:\/\/www.ocasionplus.com\/noticias\/wp-json\/wp\/v2\/media?parent=14003"}],"wp:term":[{"taxonomy":"category","embeddable":true,"href":"https:\/\/www.ocasionplus.com\/noticias\/wp-json\/wp\/v2\/categories?post=14003"},{"taxonomy":"post_tag","embeddable":true,"href":"https:\/\/www.ocasionplus.com\/noticias\/wp-json\/wp\/v2\/tags?post=14003"}],"curies":[{"name":"wp","href":"https:\/\/api.w.org\/{rel}","templated":true}]}}