{"id":14006,"date":"2024-09-06T13:11:06","date_gmt":"2024-09-06T11:11:06","guid":{"rendered":"https:\/\/www.ocasionplus.com\/noticias\/?p=14006"},"modified":"2025-03-27T10:39:22","modified_gmt":"2025-03-27T09:39:22","slug":"marca-mas-vendida-en-castellon","status":"publish","type":"post","link":"https:\/\/www.ocasionplus.com\/noticias\/marca-mas-vendida-en-castellon\/","title":{"rendered":"Renault: la marca m\u00e1s vendida en Castell\u00f3n durante el mes de agosto"},"content":{"rendered":"<div class=\"wpb-content-wrapper\"><p>[vc_row][vc_column][vc_column_text] El mercado de <a href=\"https:\/\/www.ocasionplus.com\/coches-ocasion\/castellon\">coches de segunda mano en Castell\u00f3n<\/a> ha experimentado un cambio en el mes de agosto. Seg\u00fan los datos proporcionados por OcasionPlus, <strong>la marca m\u00e1s vendida en Castell\u00f3n fue Renault<\/strong>, seguida de cerca por Peugeot y SEAT. En julio, fue Volkswagen y Peugeot. Este cambio en el podio de ventas refleja las preferencias cambiantes de los consumidores en la regi\u00f3n.<\/p>\n<h2>Marca m\u00e1s vendida en Castell\u00f3n<\/h2>\n<p>En julio, las marcas m\u00e1s vendidas en Castell\u00f3n fueron Volkswagen y Peugeot, siendo la marca del le\u00f3n la \u00fanica que repiti\u00f3 su posici\u00f3n en el podio en agosto. Sin embargo, <a href=\"https:\/\/www.ocasionplus.com\/coches-ocasion\/renault\">Renault <\/a>logr\u00f3 desbancar a Volkswagen y ocupar el primer lugar en ventas de coches de segunda mano. Este cambio en el top 3 puede atribuirse a varios factores.<\/p>\n<p>En primer lugar, Renault es una marca que ofrece diferentes modelos, desde coches compactos hasta todoterrenos y veh\u00edculos comerciales. Adem\u00e1s, en OcasionPlus se encuentran <a href=\"https:\/\/www.ocasionplus.com\/coches-ocasion\">coches de segunda mano<\/a> en <strong>excelentes condiciones y a precios competitivos<\/strong>. Entre los modelos m\u00e1s populares se encuentran el <a href=\"https:\/\/www.ocasionplus.com\/coches-ocasion\/renault\/clio\">Renault Clio de segunda mano<\/a> o el <a href=\"https:\/\/www.ocasionplus.com\/coches-ocasion\/renault\/megane\">Renault M\u00e9gane de ocasi\u00f3n<\/a>, solicitados especialmente por su fiabilidad y eficiencia.<\/p>\n<p>Por otro lado, la preferencia por Renault en Castell\u00f3n se puede ver influenciada por la percepci\u00f3n de la marca, como una fabricante segura y confiable. Los consumidores valoran la durabilidad y el bajo costo de mantenimiento de los veh\u00edculos Renault, lo que los convierte en una elecci\u00f3n popular para aquellos que buscan un coche de segunda mano.<\/p>\n<h2>Coches de ocasi\u00f3n en Castell\u00f3n<\/h2>\n<p>Si est\u00e1s pensando en comprar un coche de segunda mano en Castell\u00f3n, OcasionPlus es tu mejor opci\u00f3n. Con una amplia selecci\u00f3n de veh\u00edculos de las marcas m\u00e1s vendidas, incluyendo Renault, Peugeot y SEAT, seguro encontrar\u00e1s el coche perfecto para ti. Visita nuestras tiendas o consulta nuestro cat\u00e1logo en l\u00ednea para descubrir las mejores ofertas y promociones.<\/p>\n<p>[\/vc_column_text][\/vc_column][\/vc_row][vc_row el_class=&#8221;comprar-coche-CTA&#8221;][vc_column][vc_custom_heading text=&#8221;Encuentra tu coche de ocasi\u00f3n en Castell\u00f3n al mejor precio&#8221; use_theme_fonts=&#8221;yes&#8221; css=&#8221;&#8221;][vc_row_inner][vc_column_inner width=&#8221;8\/12&#8243;][vc_column_text css=&#8221;&#8221;]<\/p>\n<p>Ofrecemos la mejor relaci\u00f3n calidad-precio en todos nuestros m\u00e1s de 8.000 coches de segunda mano.<\/p>\n<p>[\/vc_column_text][\/vc_column_inner][vc_column_inner width=&#8221;4\/12&#8243;][vc_btn title=&#8221;Busca Ahora&#8221; style=&#8221;custom&#8221; custom_background=&#8221;#009fe3&#8243; custom_text=&#8221;#ffffff&#8221; align=&#8221;center&#8221; css=&#8221;&#8221; link=&#8221;url:https%3A%2F%2Fwww.ocasionplus.com%2Fcoches-ocasion%2Fcastellon|title:Busca%20tu%20Coche%20Ahora&#8221;][\/vc_column_inner][\/vc_row_inner][vc_row_inner el_id=&#8221;logo-placement&#8221; css=&#8221;.vc_custom_1719615816721{margin-top: 2px !important;margin-bottom: 12px !important;}&#8221;][vc_column_inner][vc_single_image image=&#8221;11299&#8243; img_size=&#8221;277&#215;43&#8243; alignment=&#8221;center&#8221; style=&#8221;vc_box_rounded&#8221; css=&#8221;&#8221; el_class=&#8221;logo-component-comprar&#8221;][\/vc_column_inner][\/vc_row_inner][\/vc_column][\/vc_row]<\/p>\n<\/div>","protected":false},"excerpt":{"rendered":"<p>[vc_row][vc_column][vc_column_text] El mercado de coches de segunda mano en Castell\u00f3n ha experimentado un cambio en el mes de agosto. Seg\u00fan los datos proporcionados por OcasionPlus, la marca m\u00e1s vendida en Castell\u00f3n fue Renault, seguida de cerca por Peugeot y SEAT. En julio, fue Volkswagen y Peugeot. Este cambio en el podio de ventas refleja las&#8230;<\/p>\n","protected":false},"author":3,"featured_media":10623,"comment_status":"closed","ping_status":"open","sticky":false,"template":"","format":"standard","meta":{"footnotes":""},"categories":[2],"tags":[601,380,375],"class_list":["post-14006","post","type-post","status-publish","format-standard","has-post-thumbnail","hentry","category-ultimas-noticias","tag-castellon","tag-coches-ocasion","tag-renault"],"yoast_head":"<!-- This site is optimized with the Yoast SEO Premium plugin v24.8 (Yoast SEO v24.8.1) - https:\/\/yoast.com\/wordpress\/plugins\/seo\/ -->\n<title>Renault: la marca m\u00e1s vendida en Castell\u00f3n en agosto<\/title>\n<meta name=\"description\" content=\"La marca m\u00e1s vendida en Castell\u00f3n durante agosto fue Renault. El podio lo complet\u00f3 marcas como Peugeot y SEAT.\" \/>\n<meta name=\"robots\" content=\"index, follow, max-snippet:-1, max-image-preview:large, max-video-preview:-1\" \/>\n<link rel=\"canonical\" href=\"https:\/\/www.ocasionplus.com\/noticias\/marca-mas-vendida-en-castellon\/\" \/>\n<meta property=\"og:locale\" content=\"es_ES\" \/>\n<meta property=\"og:type\" content=\"article\" \/>\n<meta property=\"og:title\" content=\"Renault: la marca m\u00e1s vendida en Castell\u00f3n durante el mes de agosto\" \/>\n<meta property=\"og:description\" content=\"La marca m\u00e1s vendida en Castell\u00f3n durante agosto fue Renault. El podio lo complet\u00f3 marcas como Peugeot y SEAT.\" \/>\n<meta property=\"og:url\" content=\"https:\/\/www.ocasionplus.com\/noticias\/marca-mas-vendida-en-castellon\/\" \/>\n<meta property=\"og:site_name\" content=\"OcasionPlus Blog\" \/>\n<meta property=\"article:publisher\" content=\"https:\/\/www.facebook.com\/ocasionplus\" \/>\n<meta property=\"article:published_time\" content=\"2024-09-06T11:11:06+00:00\" \/>\n<meta property=\"article:modified_time\" content=\"2025-03-27T09:39:22+00:00\" \/>\n<meta property=\"og:image\" content=\"https:\/\/www.ocasionplus.com\/wp-content\/uploads\/2024\/04\/R-DAM_1549856.jpg\" \/>\n\t<meta property=\"og:image:width\" content=\"2000\" \/>\n\t<meta property=\"og:image:height\" content=\"1331\" \/>\n\t<meta property=\"og:image:type\" content=\"image\/jpeg\" \/>\n<meta name=\"author\" content=\"Cristhian Gonz\u00e1lez\" \/>\n<meta name=\"twitter:card\" content=\"summary_large_image\" \/>\n<meta name=\"twitter:creator\" content=\"@ocasionplus\" \/>\n<meta name=\"twitter:site\" content=\"@ocasionplus\" \/>\n<meta name=\"twitter:label1\" content=\"Escrito por\" \/>\n\t<meta name=\"twitter:data1\" content=\"Cristhian Gonz\u00e1lez\" \/>\n\t<meta name=\"twitter:label2\" content=\"Tiempo de lectura\" \/>\n\t<meta name=\"twitter:data2\" content=\"3 minutos\" \/>\n<script type=\"application\/ld+json\" class=\"yoast-schema-graph\">{\"@context\":\"https:\/\/schema.org\",\"@graph\":[{\"@type\":\"Article\",\"@id\":\"https:\/\/www.ocasionplus.com\/noticias\/marca-mas-vendida-en-castellon\/#article\",\"isPartOf\":{\"@id\":\"https:\/\/www.ocasionplus.com\/noticias\/marca-mas-vendida-en-castellon\/\"},\"author\":{\"name\":\"Cristhian Gonz\u00e1lez\",\"@id\":\"https:\/\/www.ocasionplus.com\/noticias\/#\/schema\/person\/db1203be564cc3ded97ad1dbd8aadc5b\"},\"headline\":\"Renault: la marca m\u00e1s vendida en Castell\u00f3n durante el mes de agosto\",\"datePublished\":\"2024-09-06T11:11:06+00:00\",\"dateModified\":\"2025-03-27T09:39:22+00:00\",\"mainEntityOfPage\":{\"@id\":\"https:\/\/www.ocasionplus.com\/noticias\/marca-mas-vendida-en-castellon\/\"},\"wordCount\":509,\"publisher\":{\"@id\":\"https:\/\/www.ocasionplus.com\/noticias\/#organization\"},\"image\":{\"@id\":\"https:\/\/www.ocasionplus.com\/noticias\/marca-mas-vendida-en-castellon\/#primaryimage\"},\"thumbnailUrl\":\"https:\/\/www.ocasionplus.com\/wp-content\/uploads\/2024\/04\/R-DAM_1549856.jpg\",\"keywords\":[\"castellon\",\"coches ocasion\",\"renault\"],\"articleSection\":[\"\u00daltimas Noticias\"],\"inLanguage\":\"es\",\"copyrightYear\":\"2024\",\"copyrightHolder\":{\"@id\":\"https:\/\/www.ocasionplus.com\/noticias\/#organization\"}},{\"@type\":\"WebPage\",\"@id\":\"https:\/\/www.ocasionplus.com\/noticias\/marca-mas-vendida-en-castellon\/\",\"url\":\"https:\/\/www.ocasionplus.com\/noticias\/marca-mas-vendida-en-castellon\/\",\"name\":\"Renault: la marca m\u00e1s vendida en Castell\u00f3n en agosto\",\"isPartOf\":{\"@id\":\"https:\/\/www.ocasionplus.com\/noticias\/#website\"},\"primaryImageOfPage\":{\"@id\":\"https:\/\/www.ocasionplus.com\/noticias\/marca-mas-vendida-en-castellon\/#primaryimage\"},\"image\":{\"@id\":\"https:\/\/www.ocasionplus.com\/noticias\/marca-mas-vendida-en-castellon\/#primaryimage\"},\"thumbnailUrl\":\"https:\/\/www.ocasionplus.com\/wp-content\/uploads\/2024\/04\/R-DAM_1549856.jpg\",\"datePublished\":\"2024-09-06T11:11:06+00:00\",\"dateModified\":\"2025-03-27T09:39:22+00:00\",\"description\":\"La marca m\u00e1s vendida en Castell\u00f3n durante agosto fue Renault. El podio lo complet\u00f3 marcas como Peugeot y SEAT.\",\"breadcrumb\":{\"@id\":\"https:\/\/www.ocasionplus.com\/noticias\/marca-mas-vendida-en-castellon\/#breadcrumb\"},\"inLanguage\":\"es\",\"potentialAction\":[{\"@type\":\"ReadAction\",\"target\":[\"https:\/\/www.ocasionplus.com\/noticias\/marca-mas-vendida-en-castellon\/\"]}]},{\"@type\":\"ImageObject\",\"inLanguage\":\"es\",\"@id\":\"https:\/\/www.ocasionplus.com\/noticias\/marca-mas-vendida-en-castellon\/#primaryimage\",\"url\":\"https:\/\/www.ocasionplus.com\/wp-content\/uploads\/2024\/04\/R-DAM_1549856.jpg\",\"contentUrl\":\"https:\/\/www.ocasionplus.com\/wp-content\/uploads\/2024\/04\/R-DAM_1549856.jpg\",\"width\":2000,\"height\":1331,\"caption\":\"Interior del nuevo Renault Captur\"},{\"@type\":\"BreadcrumbList\",\"@id\":\"https:\/\/www.ocasionplus.com\/noticias\/marca-mas-vendida-en-castellon\/#breadcrumb\",\"itemListElement\":[{\"@type\":\"ListItem\",\"position\":1,\"name\":\"Portada\",\"item\":\"https:\/\/www.ocasionplus.com\/noticias\/\"},{\"@type\":\"ListItem\",\"position\":2,\"name\":\"Renault: la marca m\u00e1s vendida en Castell\u00f3n durante el mes de agosto\"}]},{\"@type\":\"WebSite\",\"@id\":\"https:\/\/www.ocasionplus.com\/noticias\/#website\",\"url\":\"https:\/\/www.ocasionplus.com\/noticias\/\",\"name\":\"OcasionPlus Blog\",\"description\":\"Veh\u00edculos de ocasi\u00f3n\",\"publisher\":{\"@id\":\"https:\/\/www.ocasionplus.com\/noticias\/#organization\"},\"potentialAction\":[{\"@type\":\"SearchAction\",\"target\":{\"@type\":\"EntryPoint\",\"urlTemplate\":\"https:\/\/www.ocasionplus.com\/noticias\/?s={search_term_string}\"},\"query-input\":{\"@type\":\"PropertyValueSpecification\",\"valueRequired\":true,\"valueName\":\"search_term_string\"}}],\"inLanguage\":\"es\"},{\"@type\":\"Organization\",\"@id\":\"https:\/\/www.ocasionplus.com\/noticias\/#organization\",\"name\":\"OcasionPlus\",\"url\":\"https:\/\/www.ocasionplus.com\/noticias\/\",\"logo\":{\"@type\":\"ImageObject\",\"inLanguage\":\"es\",\"@id\":\"https:\/\/www.ocasionplus.com\/noticias\/#\/schema\/logo\/image\/\",\"url\":\"https:\/\/www.ocasionplus.com\/wp-content\/uploads\/2024\/05\/cropped-cropped-oplus-logo-blog.png\",\"contentUrl\":\"https:\/\/www.ocasionplus.com\/wp-content\/uploads\/2024\/05\/cropped-cropped-oplus-logo-blog.png\",\"width\":360,\"height\":71,\"caption\":\"OcasionPlus\"},\"image\":{\"@id\":\"https:\/\/www.ocasionplus.com\/noticias\/#\/schema\/logo\/image\/\"},\"sameAs\":[\"https:\/\/www.facebook.com\/ocasionplus\",\"https:\/\/x.com\/ocasionplus\",\"https:\/\/www.instagram.com\/ocasion_plus\",\"https:\/\/www.youtube.com\/channel\/UCBiCAto61Lyu27CgI95wrYQ\",\"https:\/\/www.tiktok.com\/@ocasionplus.com\",\"https:\/\/es.linkedin.com\/company\/ocasionplus\"]},{\"@type\":\"Person\",\"@id\":\"https:\/\/www.ocasionplus.com\/noticias\/#\/schema\/person\/db1203be564cc3ded97ad1dbd8aadc5b\",\"name\":\"Cristhian Gonz\u00e1lez\",\"image\":{\"@type\":\"ImageObject\",\"inLanguage\":\"es\",\"@id\":\"https:\/\/www.ocasionplus.com\/noticias\/#\/schema\/person\/image\/\",\"url\":\"https:\/\/secure.gravatar.com\/avatar\/30c0388f0815fd0ab8fb4cfad29866ac?s=96&d=mm&r=g\",\"contentUrl\":\"https:\/\/secure.gravatar.com\/avatar\/30c0388f0815fd0ab8fb4cfad29866ac?s=96&d=mm&r=g\",\"caption\":\"Cristhian Gonz\u00e1lez\"},\"description\":\"Periodista formado en Colombia. Siempre vinculado al deporte y con pasi\u00f3n por los coches. He asistido y cubierto diferentes eventos deportivos para diferentes medios de comunicaci\u00f3n.\"}]}<\/script>\n<!-- \/ Yoast SEO Premium plugin. -->","yoast_head_json":{"title":"Renault: la marca m\u00e1s vendida en Castell\u00f3n en agosto","description":"La marca m\u00e1s vendida en Castell\u00f3n durante agosto fue Renault. El podio lo complet\u00f3 marcas como Peugeot y SEAT.","robots":{"index":"index","follow":"follow","max-snippet":"max-snippet:-1","max-image-preview":"max-image-preview:large","max-video-preview":"max-video-preview:-1"},"canonical":"https:\/\/www.ocasionplus.com\/noticias\/marca-mas-vendida-en-castellon\/","og_locale":"es_ES","og_type":"article","og_title":"Renault: la marca m\u00e1s vendida en Castell\u00f3n durante el mes de agosto","og_description":"La marca m\u00e1s vendida en Castell\u00f3n durante agosto fue Renault. El podio lo complet\u00f3 marcas como Peugeot y SEAT.","og_url":"https:\/\/www.ocasionplus.com\/noticias\/marca-mas-vendida-en-castellon\/","og_site_name":"OcasionPlus Blog","article_publisher":"https:\/\/www.facebook.com\/ocasionplus","article_published_time":"2024-09-06T11:11:06+00:00","article_modified_time":"2025-03-27T09:39:22+00:00","og_image":[{"width":2000,"height":1331,"url":"https:\/\/www.ocasionplus.com\/wp-content\/uploads\/2024\/04\/R-DAM_1549856.jpg","type":"image\/jpeg"}],"author":"Cristhian Gonz\u00e1lez","twitter_card":"summary_large_image","twitter_creator":"@ocasionplus","twitter_site":"@ocasionplus","twitter_misc":{"Escrito por":"Cristhian Gonz\u00e1lez","Tiempo de lectura":"3 minutos"},"schema":{"@context":"https:\/\/schema.org","@graph":[{"@type":"Article","@id":"https:\/\/www.ocasionplus.com\/noticias\/marca-mas-vendida-en-castellon\/#article","isPartOf":{"@id":"https:\/\/www.ocasionplus.com\/noticias\/marca-mas-vendida-en-castellon\/"},"author":{"name":"Cristhian Gonz\u00e1lez","@id":"https:\/\/www.ocasionplus.com\/noticias\/#\/schema\/person\/db1203be564cc3ded97ad1dbd8aadc5b"},"headline":"Renault: la marca m\u00e1s vendida en Castell\u00f3n durante el mes de agosto","datePublished":"2024-09-06T11:11:06+00:00","dateModified":"2025-03-27T09:39:22+00:00","mainEntityOfPage":{"@id":"https:\/\/www.ocasionplus.com\/noticias\/marca-mas-vendida-en-castellon\/"},"wordCount":509,"publisher":{"@id":"https:\/\/www.ocasionplus.com\/noticias\/#organization"},"image":{"@id":"https:\/\/www.ocasionplus.com\/noticias\/marca-mas-vendida-en-castellon\/#primaryimage"},"thumbnailUrl":"https:\/\/www.ocasionplus.com\/wp-content\/uploads\/2024\/04\/R-DAM_1549856.jpg","keywords":["castellon","coches ocasion","renault"],"articleSection":["\u00daltimas Noticias"],"inLanguage":"es","copyrightYear":"2024","copyrightHolder":{"@id":"https:\/\/www.ocasionplus.com\/noticias\/#organization"}},{"@type":"WebPage","@id":"https:\/\/www.ocasionplus.com\/noticias\/marca-mas-vendida-en-castellon\/","url":"https:\/\/www.ocasionplus.com\/noticias\/marca-mas-vendida-en-castellon\/","name":"Renault: la marca m\u00e1s vendida en Castell\u00f3n en agosto","isPartOf":{"@id":"https:\/\/www.ocasionplus.com\/noticias\/#website"},"primaryImageOfPage":{"@id":"https:\/\/www.ocasionplus.com\/noticias\/marca-mas-vendida-en-castellon\/#primaryimage"},"image":{"@id":"https:\/\/www.ocasionplus.com\/noticias\/marca-mas-vendida-en-castellon\/#primaryimage"},"thumbnailUrl":"https:\/\/www.ocasionplus.com\/wp-content\/uploads\/2024\/04\/R-DAM_1549856.jpg","datePublished":"2024-09-06T11:11:06+00:00","dateModified":"2025-03-27T09:39:22+00:00","description":"La marca m\u00e1s vendida en Castell\u00f3n durante agosto fue Renault. El podio lo complet\u00f3 marcas como Peugeot y SEAT.","breadcrumb":{"@id":"https:\/\/www.ocasionplus.com\/noticias\/marca-mas-vendida-en-castellon\/#breadcrumb"},"inLanguage":"es","potentialAction":[{"@type":"ReadAction","target":["https:\/\/www.ocasionplus.com\/noticias\/marca-mas-vendida-en-castellon\/"]}]},{"@type":"ImageObject","inLanguage":"es","@id":"https:\/\/www.ocasionplus.com\/noticias\/marca-mas-vendida-en-castellon\/#primaryimage","url":"https:\/\/www.ocasionplus.com\/wp-content\/uploads\/2024\/04\/R-DAM_1549856.jpg","contentUrl":"https:\/\/www.ocasionplus.com\/wp-content\/uploads\/2024\/04\/R-DAM_1549856.jpg","width":2000,"height":1331,"caption":"Interior del nuevo Renault Captur"},{"@type":"BreadcrumbList","@id":"https:\/\/www.ocasionplus.com\/noticias\/marca-mas-vendida-en-castellon\/#breadcrumb","itemListElement":[{"@type":"ListItem","position":1,"name":"Portada","item":"https:\/\/www.ocasionplus.com\/noticias\/"},{"@type":"ListItem","position":2,"name":"Renault: la marca m\u00e1s vendida en Castell\u00f3n durante el mes de agosto"}]},{"@type":"WebSite","@id":"https:\/\/www.ocasionplus.com\/noticias\/#website","url":"https:\/\/www.ocasionplus.com\/noticias\/","name":"OcasionPlus Blog","description":"Veh\u00edculos de ocasi\u00f3n","publisher":{"@id":"https:\/\/www.ocasionplus.com\/noticias\/#organization"},"potentialAction":[{"@type":"SearchAction","target":{"@type":"EntryPoint","urlTemplate":"https:\/\/www.ocasionplus.com\/noticias\/?s={search_term_string}"},"query-input":{"@type":"PropertyValueSpecification","valueRequired":true,"valueName":"search_term_string"}}],"inLanguage":"es"},{"@type":"Organization","@id":"https:\/\/www.ocasionplus.com\/noticias\/#organization","name":"OcasionPlus","url":"https:\/\/www.ocasionplus.com\/noticias\/","logo":{"@type":"ImageObject","inLanguage":"es","@id":"https:\/\/www.ocasionplus.com\/noticias\/#\/schema\/logo\/image\/","url":"https:\/\/www.ocasionplus.com\/wp-content\/uploads\/2024\/05\/cropped-cropped-oplus-logo-blog.png","contentUrl":"https:\/\/www.ocasionplus.com\/wp-content\/uploads\/2024\/05\/cropped-cropped-oplus-logo-blog.png","width":360,"height":71,"caption":"OcasionPlus"},"image":{"@id":"https:\/\/www.ocasionplus.com\/noticias\/#\/schema\/logo\/image\/"},"sameAs":["https:\/\/www.facebook.com\/ocasionplus","https:\/\/x.com\/ocasionplus","https:\/\/www.instagram.com\/ocasion_plus","https:\/\/www.youtube.com\/channel\/UCBiCAto61Lyu27CgI95wrYQ","https:\/\/www.tiktok.com\/@ocasionplus.com","https:\/\/es.linkedin.com\/company\/ocasionplus"]},{"@type":"Person","@id":"https:\/\/www.ocasionplus.com\/noticias\/#\/schema\/person\/db1203be564cc3ded97ad1dbd8aadc5b","name":"Cristhian Gonz\u00e1lez","image":{"@type":"ImageObject","inLanguage":"es","@id":"https:\/\/www.ocasionplus.com\/noticias\/#\/schema\/person\/image\/","url":"https:\/\/secure.gravatar.com\/avatar\/30c0388f0815fd0ab8fb4cfad29866ac?s=96&d=mm&r=g","contentUrl":"https:\/\/secure.gravatar.com\/avatar\/30c0388f0815fd0ab8fb4cfad29866ac?s=96&d=mm&r=g","caption":"Cristhian Gonz\u00e1lez"},"description":"Periodista formado en Colombia. Siempre vinculado al deporte y con pasi\u00f3n por los coches. He asistido y cubierto diferentes eventos deportivos para diferentes medios de comunicaci\u00f3n."}]}},"jetpack_featured_media_url":"https:\/\/www.ocasionplus.com\/wp-content\/uploads\/2024\/04\/R-DAM_1549856.jpg","_links":{"self":[{"href":"https:\/\/www.ocasionplus.com\/noticias\/wp-json\/wp\/v2\/posts\/14006","targetHints":{"allow":["GET"]}}],"collection":[{"href":"https:\/\/www.ocasionplus.com\/noticias\/wp-json\/wp\/v2\/posts"}],"about":[{"href":"https:\/\/www.ocasionplus.com\/noticias\/wp-json\/wp\/v2\/types\/post"}],"author":[{"embeddable":true,"href":"https:\/\/www.ocasionplus.com\/noticias\/wp-json\/wp\/v2\/users\/3"}],"replies":[{"embeddable":true,"href":"https:\/\/www.ocasionplus.com\/noticias\/wp-json\/wp\/v2\/comments?post=14006"}],"version-history":[{"count":3,"href":"https:\/\/www.ocasionplus.com\/noticias\/wp-json\/wp\/v2\/posts\/14006\/revisions"}],"predecessor-version":[{"id":14231,"href":"https:\/\/www.ocasionplus.com\/noticias\/wp-json\/wp\/v2\/posts\/14006\/revisions\/14231"}],"wp:featuredmedia":[{"embeddable":true,"href":"https:\/\/www.ocasionplus.com\/noticias\/wp-json\/wp\/v2\/media\/10623"}],"wp:attachment":[{"href":"https:\/\/www.ocasionplus.com\/noticias\/wp-json\/wp\/v2\/media?parent=14006"}],"wp:term":[{"taxonomy":"category","embeddable":true,"href":"https:\/\/www.ocasionplus.com\/noticias\/wp-json\/wp\/v2\/categories?post=14006"},{"taxonomy":"post_tag","embeddable":true,"href":"https:\/\/www.ocasionplus.com\/noticias\/wp-json\/wp\/v2\/tags?post=14006"}],"curies":[{"name":"wp","href":"https:\/\/api.w.org\/{rel}","templated":true}]}}